{"id":3396,"date":"2025-11-25T09:18:37","date_gmt":"2025-11-25T09:18:37","guid":{"rendered":"https:\/\/carpathiacenter.ro\/?p=3396"},"modified":"2025-11-25T09:18:37","modified_gmt":"2025-11-25T09:18:37","slug":"ministerul-sanatatii-a-pus-in-transparenta-un-proiect-care-actualizeaza-regulamentul-de-organizare-si-functionare-a-sectiilor-si-compartimentelor-ati","status":"publish","type":"post","link":"https:\/\/carpathiacenter.ro\/en\/ministerul-sanatatii-a-pus-in-transparenta-un-proiect-care-actualizeaza-regulamentul-de-organizare-si-functionare-a-sectiilor-si-compartimentelor-ati\/","title":{"rendered":"Ministerul S\u0103n\u0103t\u0103\u021bii a pus \u00een transparen\u021b\u0103 un proiect care actualizeaz\u0103 Regulamentul de organizare \u0219i func\u021bionare a sec\u021biilor \u0219i compartimentelor ATI"},"content":{"rendered":"<p><strong>Ministerul S\u0103n\u0103t\u0103\u021bii a pus luni \u00een transparen\u021b\u0103 decizional\u0103 un proiect de ordin care actualizeaz\u0103 Regulamentul de organizare \u0219i func\u021bionare a sec\u021biilor \u0219i compartimentelor ATI, proiect care prevede un mecanism &#8216;clar&#8217; de clasificare a sec\u021biilor ATI \u00een trei categorii, a anun\u021bat ministrul Alexandru Rogobete.<\/strong><\/p>\n<p>Potrivit acestuia, proiectul prevede introducerea unui mecanism de clasificare a sec\u021biilor ATI \u00een trei categorii &#8211; Categoria 1, Categoria 2, Categoria 3, \u00een func\u021bie de complexitatea cazurilor tratate \u0219i de infrastructura disponibil\u0103.<\/p>\n<p>&#8216;\u00cen acest fel, realiz\u0103m un traseu clar al pacien\u021bilor critici \u00een unit\u0103\u021bile din Rom\u00e2nia \u0219i ne asigur\u0103m c\u0103 oamenii ajung acolo unde pot beneficia de cele mai bune tratamente&#8217;, a scris Alexandru Rogobete pe pagina sa de <a href=\"https:\/\/www.facebook.com\/rogobete.alex\/posts\/pfbid0r6tTDLmnhgxrjWUQpRGXaqfiRXyAjeaJWHHk2Kt4iwHzLH8BhkGp9xdETbTZ72Vol\" target=\"_blank\">Facebook<\/a>.<\/p>\n<p>Totodat\u0103, proiectul stabile\u0219te \u0219i obligativitatea ca orice unitate public\u0103 sau privat\u0103 care realizeaz\u0103 anestezie s\u0103 de\u021bin\u0103 minimum un pat de supraveghere post-anestezie corect dotat.<\/p>\n<p>&#8216;Solicit\u0103m tuturor unit\u0103\u021bilor publice sau private s\u0103 fac\u0103 dovada c\u0103 de\u021bin \u00een proprietate echipamentele medicale pe care le utilizeaz\u0103 \u0219i c\u0103 au contracte de service \u0219i mentenan\u021b\u0103 valabile. Impunem ca toate unit\u0103\u021bile sanitare \u00een care se desf\u0103\u0219oar\u0103 anestezie\/terapie intensiv\u0103 pentru copii s\u0103 fie dotate cu echipamente medicale dedicate profilului pediatric. Definim mai clar atribu\u021biile medicilor confirma\u021bi \u00een specialitatea ATI \u0219i ale medicilor din alte specialit\u0103\u021bi care de\u021bin atestat \u00een terapie intensiv\u0103 \u0219i activeaz\u0103 \u00een sec\u021biile sau compartimentele ATI. Clarific\u0103m criteriile privind normativul de personal \u0219i definim structura echipei multidisciplinare. Medicina nu este despre un om sau doi, ci despre echip\u0103, iar \u00een ATI echipa face diferen\u021ba&#8217;, a sus\u021binut ministrul S\u0103n\u0103t\u0103\u021bii.<\/p>\n<p>El a subliniat c\u0103 prin modific\u0103rile propuse se introduc categorii noi de personal: medici confirma\u021bi \u00een specialitatea epidemiologie, medici confirma\u021bi \u00een specialitatea farmacologie clinic\u0103, farmacist confirmat \u00een farmacie clinic\u0103, psihologi, fizioterapeu\u021bi etc.<\/p>\n<p>&#8216;Pentru a putea controla r\u0103sp\u00e2ndirea infec\u021biilor nosocomiale \u00een sec\u021biile ATI, venim cu modific\u0103ri concrete: complet\u0103m echipa ATI cu medic infec\u021bionist sau epidemiolog \u0219i oferim posibilitatea angaj\u0103rii unui asistent dedicat monitoriz\u0103rii infec\u021biilor asociate asisten\u021bei medicale. Aceste schimb\u0103ri sunt despre siguran\u021b\u0103 real\u0103, nu despre birocra\u021bie. Sunt m\u0103suri concrete care elimin\u0103 improviza\u021biile, reglementeaz\u0103 ferm activit\u0103\u021bile de anestezie \u0219i consolideaz\u0103 protec\u021bia pacien\u021bilor&#8217;, a ar\u0103tat Alexandru Rogobete.<\/p>\n<p>Acesta a subliniat c\u0103 va continua controlul \u00een toate unit\u0103\u021bile, publice \u0219i private, care efectueaz\u0103 proceduri de anestezie \u0219i vor fi verificate toate structurile, procedurile \u0219i avizele. AGERPRES\/(AS &#8211; redactor: Roberto Stan, editor: Andreea Rotaru, editor online: Simona Aru\u015ftei)<br \/>\n<br \/>\nSursa articolului:  <a href=\"https:\/\/agerpres.ro\/sanatate\/2025\/11\/24\/ministerul-sanatatii-a-pus-in-transparenta-un-proiect-care-actualizeaza-regulamentul-de-organizare-s--1505735\" target=\"_blank\" rel=\"noopener\" title=\"\">AGERPRES<\/a><\/p>","protected":false},"excerpt":{"rendered":"<p>Ministerul S\u0103n\u0103t\u0103\u021bii a pus luni \u00een transparen\u021b\u0103 decizional\u0103 un proiect de ordin care actualizeaz\u0103 Regulamentul de organizare \u0219i func\u021bionare a sec\u021biilor \u0219i compartimentelor ATI, proiect care prevede un mecanism &#8216;clar&#8217; de clasificare a sec\u021biilor ATI \u00een trei categorii, a anun\u021bat ministrul Alexandru Rogobete. Potrivit acestuia, proiectul prevede introducerea unui mecanism de clasificare a sec\u021biilor ATI&#8230;<\/p>","protected":false},"author":4,"featured_media":2833,"comment_status":"open","ping_status":"open","sticky":false,"template":"","format":"standard","meta":{"footnotes":""},"categories":[1],"tags":[],"class_list":["post-3396","post","type-post","status-publish","format-standard","has-post-thumbnail","hentry","category-uncategorized"],"yoast_head":"<!-- This site is optimized with the Yoast SEO plugin v26.1.1 - https:\/\/yoast.com\/wordpress\/plugins\/seo\/ -->\n<title>Ministerul S\u0103n\u0103t\u0103\u021bii a pus \u00een transparen\u021b\u0103 un proiect care actualizeaz\u0103 Regulamentul de organizare \u0219i func\u021bionare a sec\u021biilor \u0219i compartimentelor ATI - Carpathia Center Romania<\/title>\n<meta name=\"robots\" content=\"index, follow, max-snippet:-1, max-image-preview:large, max-video-preview:-1\" \/>\n<link rel=\"canonical\" href=\"https:\/\/carpathiacenter.ro\/en\/ministerul-sanatatii-a-pus-in-transparenta-un-proiect-care-actualizeaza-regulamentul-de-organizare-si-functionare-a-sectiilor-si-compartimentelor-ati\/\" \/>\n<meta property=\"og:locale\" content=\"en_GB\" \/>\n<meta property=\"og:type\" content=\"article\" \/>\n<meta property=\"og:title\" content=\"Ministerul S\u0103n\u0103t\u0103\u021bii a pus \u00een transparen\u021b\u0103 un proiect care actualizeaz\u0103 Regulamentul de organizare \u0219i func\u021bionare a sec\u021biilor \u0219i compartimentelor ATI - Carpathia Center Romania\" \/>\n<meta property=\"og:description\" content=\"Ministerul S\u0103n\u0103t\u0103\u021bii a pus luni \u00een transparen\u021b\u0103 decizional\u0103 un proiect de ordin care actualizeaz\u0103 Regulamentul de organizare \u0219i func\u021bionare a sec\u021biilor \u0219i compartimentelor ATI, proiect care prevede un mecanism &#8216;clar&#8217; de clasificare a sec\u021biilor ATI \u00een trei categorii, a anun\u021bat ministrul Alexandru Rogobete. Potrivit acestuia, proiectul prevede introducerea unui mecanism de clasificare a sec\u021biilor ATI...\" \/>\n<meta property=\"og:url\" content=\"https:\/\/carpathiacenter.ro\/en\/ministerul-sanatatii-a-pus-in-transparenta-un-proiect-care-actualizeaza-regulamentul-de-organizare-si-functionare-a-sectiilor-si-compartimentelor-ati\/\" \/>\n<meta property=\"og:site_name\" content=\"Carpathia Center Romania\" \/>\n<meta property=\"article:publisher\" content=\"https:\/\/www.facebook.com\/fdpscarpathia\/\" \/>\n<meta property=\"article:published_time\" content=\"2025-11-25T09:18:37+00:00\" \/>\n<meta property=\"og:image\" content=\"https:\/\/carpathiacenter.ro\/wp-content\/uploads\/2025\/08\/Ministerul-Sanatatii.jpg\" \/>\n\t<meta property=\"og:image:width\" content=\"1024\" \/>\n\t<meta property=\"og:image:height\" content=\"683\" \/>\n\t<meta property=\"og:image:type\" content=\"image\/jpeg\" \/>\n<meta name=\"author\" content=\"creativebitsolutions\" \/>\n<meta name=\"twitter:card\" content=\"summary_large_image\" \/>\n<meta name=\"twitter:label1\" content=\"Written by\" \/>\n\t<meta name=\"twitter:data1\" content=\"creativebitsolutions\" \/>\n\t<meta name=\"twitter:label2\" content=\"Estimated reading time\" \/>\n\t<meta name=\"twitter:data2\" content=\"1 minute\" \/>\n<script type=\"application\/ld+json\" class=\"yoast-schema-graph\">{\"@context\":\"https:\/\/schema.org\",\"@graph\":[{\"@type\":\"Article\",\"@id\":\"https:\/\/carpathiacenter.ro\/ministerul-sanatatii-a-pus-in-transparenta-un-proiect-care-actualizeaza-regulamentul-de-organizare-si-functionare-a-sectiilor-si-compartimentelor-ati\/#article\",\"isPartOf\":{\"@id\":\"https:\/\/carpathiacenter.ro\/ministerul-sanatatii-a-pus-in-transparenta-un-proiect-care-actualizeaza-regulamentul-de-organizare-si-functionare-a-sectiilor-si-compartimentelor-ati\/\"},\"author\":{\"name\":\"creativebitsolutions\",\"@id\":\"https:\/\/carpathiacenter.ro\/#\/schema\/person\/03d9f58202fee8379268f34afa195006\"},\"headline\":\"Ministerul S\u0103n\u0103t\u0103\u021bii a pus \u00een transparen\u021b\u0103 un proiect care actualizeaz\u0103 Regulamentul de organizare \u0219i func\u021bionare a sec\u021biilor \u0219i compartimentelor ATI\",\"datePublished\":\"2025-11-25T09:18:37+00:00\",\"mainEntityOfPage\":{\"@id\":\"https:\/\/carpathiacenter.ro\/ministerul-sanatatii-a-pus-in-transparenta-un-proiect-care-actualizeaza-regulamentul-de-organizare-si-functionare-a-sectiilor-si-compartimentelor-ati\/\"},\"wordCount\":464,\"commentCount\":0,\"publisher\":{\"@id\":\"https:\/\/carpathiacenter.ro\/#organization\"},\"image\":{\"@id\":\"https:\/\/carpathiacenter.ro\/ministerul-sanatatii-a-pus-in-transparenta-un-proiect-care-actualizeaza-regulamentul-de-organizare-si-functionare-a-sectiilor-si-compartimentelor-ati\/#primaryimage\"},\"thumbnailUrl\":\"https:\/\/carpathiacenter.ro\/wp-content\/uploads\/2025\/08\/Ministerul-Sanatatii.jpg\",\"articleSection\":[\"Uncategorized\"],\"inLanguage\":\"en-GB\",\"potentialAction\":[{\"@type\":\"CommentAction\",\"name\":\"Comment\",\"target\":[\"https:\/\/carpathiacenter.ro\/ministerul-sanatatii-a-pus-in-transparenta-un-proiect-care-actualizeaza-regulamentul-de-organizare-si-functionare-a-sectiilor-si-compartimentelor-ati\/#respond\"]}]},{\"@type\":\"WebPage\",\"@id\":\"https:\/\/carpathiacenter.ro\/ministerul-sanatatii-a-pus-in-transparenta-un-proiect-care-actualizeaza-regulamentul-de-organizare-si-functionare-a-sectiilor-si-compartimentelor-ati\/\",\"url\":\"https:\/\/carpathiacenter.ro\/ministerul-sanatatii-a-pus-in-transparenta-un-proiect-care-actualizeaza-regulamentul-de-organizare-si-functionare-a-sectiilor-si-compartimentelor-ati\/\",\"name\":\"Ministerul S\u0103n\u0103t\u0103\u021bii a pus \u00een transparen\u021b\u0103 un proiect care actualizeaz\u0103 Regulamentul de organizare \u0219i func\u021bionare a sec\u021biilor \u0219i compartimentelor ATI - Carpathia Center Romania\",\"isPartOf\":{\"@id\":\"https:\/\/carpathiacenter.ro\/#website\"},\"primaryImageOfPage\":{\"@id\":\"https:\/\/carpathiacenter.ro\/ministerul-sanatatii-a-pus-in-transparenta-un-proiect-care-actualizeaza-regulamentul-de-organizare-si-functionare-a-sectiilor-si-compartimentelor-ati\/#primaryimage\"},\"image\":{\"@id\":\"https:\/\/carpathiacenter.ro\/ministerul-sanatatii-a-pus-in-transparenta-un-proiect-care-actualizeaza-regulamentul-de-organizare-si-functionare-a-sectiilor-si-compartimentelor-ati\/#primaryimage\"},\"thumbnailUrl\":\"https:\/\/carpathiacenter.ro\/wp-content\/uploads\/2025\/08\/Ministerul-Sanatatii.jpg\",\"datePublished\":\"2025-11-25T09:18:37+00:00\",\"breadcrumb\":{\"@id\":\"https:\/\/carpathiacenter.ro\/ministerul-sanatatii-a-pus-in-transparenta-un-proiect-care-actualizeaza-regulamentul-de-organizare-si-functionare-a-sectiilor-si-compartimentelor-ati\/#breadcrumb\"},\"inLanguage\":\"en-GB\",\"potentialAction\":[{\"@type\":\"ReadAction\",\"target\":[\"https:\/\/carpathiacenter.ro\/ministerul-sanatatii-a-pus-in-transparenta-un-proiect-care-actualizeaza-regulamentul-de-organizare-si-functionare-a-sectiilor-si-compartimentelor-ati\/\"]}]},{\"@type\":\"ImageObject\",\"inLanguage\":\"en-GB\",\"@id\":\"https:\/\/carpathiacenter.ro\/ministerul-sanatatii-a-pus-in-transparenta-un-proiect-care-actualizeaza-regulamentul-de-organizare-si-functionare-a-sectiilor-si-compartimentelor-ati\/#primaryimage\",\"url\":\"https:\/\/carpathiacenter.ro\/wp-content\/uploads\/2025\/08\/Ministerul-Sanatatii.jpg\",\"contentUrl\":\"https:\/\/carpathiacenter.ro\/wp-content\/uploads\/2025\/08\/Ministerul-Sanatatii.jpg\",\"width\":1024,\"height\":683},{\"@type\":\"BreadcrumbList\",\"@id\":\"https:\/\/carpathiacenter.ro\/ministerul-sanatatii-a-pus-in-transparenta-un-proiect-care-actualizeaza-regulamentul-de-organizare-si-functionare-a-sectiilor-si-compartimentelor-ati\/#breadcrumb\",\"itemListElement\":[{\"@type\":\"ListItem\",\"position\":1,\"name\":\"Prima pagin\u0103\",\"item\":\"https:\/\/carpathiacenter.ro\/\"},{\"@type\":\"ListItem\",\"position\":2,\"name\":\"Ministerul S\u0103n\u0103t\u0103\u021bii a pus \u00een transparen\u021b\u0103 un proiect care actualizeaz\u0103 Regulamentul de organizare \u0219i func\u021bionare a sec\u021biilor \u0219i compartimentelor ATI\"}]},{\"@type\":\"WebSite\",\"@id\":\"https:\/\/carpathiacenter.ro\/#website\",\"url\":\"https:\/\/carpathiacenter.ro\/\",\"name\":\"Carpathia Center Romania\",\"description\":\"Impossible made possible!\",\"publisher\":{\"@id\":\"https:\/\/carpathiacenter.ro\/#organization\"},\"potentialAction\":[{\"@type\":\"SearchAction\",\"target\":{\"@type\":\"EntryPoint\",\"urlTemplate\":\"https:\/\/carpathiacenter.ro\/?s={search_term_string}\"},\"query-input\":{\"@type\":\"PropertyValueSpecification\",\"valueRequired\":true,\"valueName\":\"search_term_string\"}}],\"inLanguage\":\"en-GB\"},{\"@type\":\"Organization\",\"@id\":\"https:\/\/carpathiacenter.ro\/#organization\",\"name\":\"Carpathia Center Romania\",\"url\":\"https:\/\/carpathiacenter.ro\/\",\"logo\":{\"@type\":\"ImageObject\",\"inLanguage\":\"en-GB\",\"@id\":\"https:\/\/carpathiacenter.ro\/#\/schema\/logo\/image\/\",\"url\":\"https:\/\/carpathiacenter.ro\/wp-content\/uploads\/2024\/07\/logo-carpathia_bg_white-1024x941.png\",\"contentUrl\":\"https:\/\/carpathiacenter.ro\/wp-content\/uploads\/2024\/07\/logo-carpathia_bg_white-1024x941.png\",\"width\":1024,\"height\":941,\"caption\":\"Carpathia Center Romania\"},\"image\":{\"@id\":\"https:\/\/carpathiacenter.ro\/#\/schema\/logo\/image\/\"},\"sameAs\":[\"https:\/\/www.facebook.com\/fdpscarpathia\/\"]},{\"@type\":\"Person\",\"@id\":\"https:\/\/carpathiacenter.ro\/#\/schema\/person\/03d9f58202fee8379268f34afa195006\",\"name\":\"creativebitsolutions\",\"image\":{\"@type\":\"ImageObject\",\"inLanguage\":\"en-GB\",\"@id\":\"https:\/\/carpathiacenter.ro\/#\/schema\/person\/image\/\",\"url\":\"https:\/\/secure.gravatar.com\/avatar\/1b1a13e37f847c635dab78348f1dff2f07651ee2a3d77a5c355a4b8c75f9165a?s=96&d=mm&r=g\",\"contentUrl\":\"https:\/\/secure.gravatar.com\/avatar\/1b1a13e37f847c635dab78348f1dff2f07651ee2a3d77a5c355a4b8c75f9165a?s=96&d=mm&r=g\",\"caption\":\"creativebitsolutions\"},\"url\":\"https:\/\/carpathiacenter.ro\/en\/author\/creativebitsolutions\/\"}]}<\/script>\n<!-- \/ Yoast SEO plugin. -->","yoast_head_json":{"title":"Ministerul S\u0103n\u0103t\u0103\u021bii a pus \u00een transparen\u021b\u0103 un proiect care actualizeaz\u0103 Regulamentul de organizare \u0219i func\u021bionare a sec\u021biilor \u0219i compartimentelor ATI - Carpathia Center Romania","robots":{"index":"index","follow":"follow","max-snippet":"max-snippet:-1","max-image-preview":"max-image-preview:large","max-video-preview":"max-video-preview:-1"},"canonical":"https:\/\/carpathiacenter.ro\/en\/ministerul-sanatatii-a-pus-in-transparenta-un-proiect-care-actualizeaza-regulamentul-de-organizare-si-functionare-a-sectiilor-si-compartimentelor-ati\/","og_locale":"en_GB","og_type":"article","og_title":"Ministerul S\u0103n\u0103t\u0103\u021bii a pus \u00een transparen\u021b\u0103 un proiect care actualizeaz\u0103 Regulamentul de organizare \u0219i func\u021bionare a sec\u021biilor \u0219i compartimentelor ATI - Carpathia Center Romania","og_description":"Ministerul S\u0103n\u0103t\u0103\u021bii a pus luni \u00een transparen\u021b\u0103 decizional\u0103 un proiect de ordin care actualizeaz\u0103 Regulamentul de organizare \u0219i func\u021bionare a sec\u021biilor \u0219i compartimentelor ATI, proiect care prevede un mecanism &#8216;clar&#8217; de clasificare a sec\u021biilor ATI \u00een trei categorii, a anun\u021bat ministrul Alexandru Rogobete. Potrivit acestuia, proiectul prevede introducerea unui mecanism de clasificare a sec\u021biilor ATI...","og_url":"https:\/\/carpathiacenter.ro\/en\/ministerul-sanatatii-a-pus-in-transparenta-un-proiect-care-actualizeaza-regulamentul-de-organizare-si-functionare-a-sectiilor-si-compartimentelor-ati\/","og_site_name":"Carpathia Center Romania","article_publisher":"https:\/\/www.facebook.com\/fdpscarpathia\/","article_published_time":"2025-11-25T09:18:37+00:00","og_image":[{"width":1024,"height":683,"url":"https:\/\/carpathiacenter.ro\/wp-content\/uploads\/2025\/08\/Ministerul-Sanatatii.jpg","type":"image\/jpeg"}],"author":"creativebitsolutions","twitter_card":"summary_large_image","twitter_misc":{"Written by":"creativebitsolutions","Estimated reading time":"1 minute"},"schema":{"@context":"https:\/\/schema.org","@graph":[{"@type":"Article","@id":"https:\/\/carpathiacenter.ro\/ministerul-sanatatii-a-pus-in-transparenta-un-proiect-care-actualizeaza-regulamentul-de-organizare-si-functionare-a-sectiilor-si-compartimentelor-ati\/#article","isPartOf":{"@id":"https:\/\/carpathiacenter.ro\/ministerul-sanatatii-a-pus-in-transparenta-un-proiect-care-actualizeaza-regulamentul-de-organizare-si-functionare-a-sectiilor-si-compartimentelor-ati\/"},"author":{"name":"creativebitsolutions","@id":"https:\/\/carpathiacenter.ro\/#\/schema\/person\/03d9f58202fee8379268f34afa195006"},"headline":"Ministerul S\u0103n\u0103t\u0103\u021bii a pus \u00een transparen\u021b\u0103 un proiect care actualizeaz\u0103 Regulamentul de organizare \u0219i func\u021bionare a sec\u021biilor \u0219i compartimentelor ATI","datePublished":"2025-11-25T09:18:37+00:00","mainEntityOfPage":{"@id":"https:\/\/carpathiacenter.ro\/ministerul-sanatatii-a-pus-in-transparenta-un-proiect-care-actualizeaza-regulamentul-de-organizare-si-functionare-a-sectiilor-si-compartimentelor-ati\/"},"wordCount":464,"commentCount":0,"publisher":{"@id":"https:\/\/carpathiacenter.ro\/#organization"},"image":{"@id":"https:\/\/carpathiacenter.ro\/ministerul-sanatatii-a-pus-in-transparenta-un-proiect-care-actualizeaza-regulamentul-de-organizare-si-functionare-a-sectiilor-si-compartimentelor-ati\/#primaryimage"},"thumbnailUrl":"https:\/\/carpathiacenter.ro\/wp-content\/uploads\/2025\/08\/Ministerul-Sanatatii.jpg","articleSection":["Uncategorized"],"inLanguage":"en-GB","potentialAction":[{"@type":"CommentAction","name":"Comment","target":["https:\/\/carpathiacenter.ro\/ministerul-sanatatii-a-pus-in-transparenta-un-proiect-care-actualizeaza-regulamentul-de-organizare-si-functionare-a-sectiilor-si-compartimentelor-ati\/#respond"]}]},{"@type":"WebPage","@id":"https:\/\/carpathiacenter.ro\/ministerul-sanatatii-a-pus-in-transparenta-un-proiect-care-actualizeaza-regulamentul-de-organizare-si-functionare-a-sectiilor-si-compartimentelor-ati\/","url":"https:\/\/carpathiacenter.ro\/ministerul-sanatatii-a-pus-in-transparenta-un-proiect-care-actualizeaza-regulamentul-de-organizare-si-functionare-a-sectiilor-si-compartimentelor-ati\/","name":"Ministerul S\u0103n\u0103t\u0103\u021bii a pus \u00een transparen\u021b\u0103 un proiect care actualizeaz\u0103 Regulamentul de organizare \u0219i func\u021bionare a sec\u021biilor \u0219i compartimentelor ATI - Carpathia Center Romania","isPartOf":{"@id":"https:\/\/carpathiacenter.ro\/#website"},"primaryImageOfPage":{"@id":"https:\/\/carpathiacenter.ro\/ministerul-sanatatii-a-pus-in-transparenta-un-proiect-care-actualizeaza-regulamentul-de-organizare-si-functionare-a-sectiilor-si-compartimentelor-ati\/#primaryimage"},"image":{"@id":"https:\/\/carpathiacenter.ro\/ministerul-sanatatii-a-pus-in-transparenta-un-proiect-care-actualizeaza-regulamentul-de-organizare-si-functionare-a-sectiilor-si-compartimentelor-ati\/#primaryimage"},"thumbnailUrl":"https:\/\/carpathiacenter.ro\/wp-content\/uploads\/2025\/08\/Ministerul-Sanatatii.jpg","datePublished":"2025-11-25T09:18:37+00:00","breadcrumb":{"@id":"https:\/\/carpathiacenter.ro\/ministerul-sanatatii-a-pus-in-transparenta-un-proiect-care-actualizeaza-regulamentul-de-organizare-si-functionare-a-sectiilor-si-compartimentelor-ati\/#breadcrumb"},"inLanguage":"en-GB","potentialAction":[{"@type":"ReadAction","target":["https:\/\/carpathiacenter.ro\/ministerul-sanatatii-a-pus-in-transparenta-un-proiect-care-actualizeaza-regulamentul-de-organizare-si-functionare-a-sectiilor-si-compartimentelor-ati\/"]}]},{"@type":"ImageObject","inLanguage":"en-GB","@id":"https:\/\/carpathiacenter.ro\/ministerul-sanatatii-a-pus-in-transparenta-un-proiect-care-actualizeaza-regulamentul-de-organizare-si-functionare-a-sectiilor-si-compartimentelor-ati\/#primaryimage","url":"https:\/\/carpathiacenter.ro\/wp-content\/uploads\/2025\/08\/Ministerul-Sanatatii.jpg","contentUrl":"https:\/\/carpathiacenter.ro\/wp-content\/uploads\/2025\/08\/Ministerul-Sanatatii.jpg","width":1024,"height":683},{"@type":"BreadcrumbList","@id":"https:\/\/carpathiacenter.ro\/ministerul-sanatatii-a-pus-in-transparenta-un-proiect-care-actualizeaza-regulamentul-de-organizare-si-functionare-a-sectiilor-si-compartimentelor-ati\/#breadcrumb","itemListElement":[{"@type":"ListItem","position":1,"name":"Prima pagin\u0103","item":"https:\/\/carpathiacenter.ro\/"},{"@type":"ListItem","position":2,"name":"Ministerul S\u0103n\u0103t\u0103\u021bii a pus \u00een transparen\u021b\u0103 un proiect care actualizeaz\u0103 Regulamentul de organizare \u0219i func\u021bionare a sec\u021biilor \u0219i compartimentelor ATI"}]},{"@type":"WebSite","@id":"https:\/\/carpathiacenter.ro\/#website","url":"https:\/\/carpathiacenter.ro\/","name":"Carpathia Center Romania","description":"Impossible made possible!","publisher":{"@id":"https:\/\/carpathiacenter.ro\/#organization"},"potentialAction":[{"@type":"SearchAction","target":{"@type":"EntryPoint","urlTemplate":"https:\/\/carpathiacenter.ro\/?s={search_term_string}"},"query-input":{"@type":"PropertyValueSpecification","valueRequired":true,"valueName":"search_term_string"}}],"inLanguage":"en-GB"},{"@type":"Organization","@id":"https:\/\/carpathiacenter.ro\/#organization","name":"Carpathia Center Romania","url":"https:\/\/carpathiacenter.ro\/","logo":{"@type":"ImageObject","inLanguage":"en-GB","@id":"https:\/\/carpathiacenter.ro\/#\/schema\/logo\/image\/","url":"https:\/\/carpathiacenter.ro\/wp-content\/uploads\/2024\/07\/logo-carpathia_bg_white-1024x941.png","contentUrl":"https:\/\/carpathiacenter.ro\/wp-content\/uploads\/2024\/07\/logo-carpathia_bg_white-1024x941.png","width":1024,"height":941,"caption":"Carpathia Center Romania"},"image":{"@id":"https:\/\/carpathiacenter.ro\/#\/schema\/logo\/image\/"},"sameAs":["https:\/\/www.facebook.com\/fdpscarpathia\/"]},{"@type":"Person","@id":"https:\/\/carpathiacenter.ro\/#\/schema\/person\/03d9f58202fee8379268f34afa195006","name":"creativebitsolutions","image":{"@type":"ImageObject","inLanguage":"en-GB","@id":"https:\/\/carpathiacenter.ro\/#\/schema\/person\/image\/","url":"https:\/\/secure.gravatar.com\/avatar\/1b1a13e37f847c635dab78348f1dff2f07651ee2a3d77a5c355a4b8c75f9165a?s=96&d=mm&r=g","contentUrl":"https:\/\/secure.gravatar.com\/avatar\/1b1a13e37f847c635dab78348f1dff2f07651ee2a3d77a5c355a4b8c75f9165a?s=96&d=mm&r=g","caption":"creativebitsolutions"},"url":"https:\/\/carpathiacenter.ro\/en\/author\/creativebitsolutions\/"}]}},"_links":{"self":[{"href":"https:\/\/carpathiacenter.ro\/en\/wp-json\/wp\/v2\/posts\/3396","targetHints":{"allow":["GET"]}}],"collection":[{"href":"https:\/\/carpathiacenter.ro\/en\/wp-json\/wp\/v2\/posts"}],"about":[{"href":"https:\/\/carpathiacenter.ro\/en\/wp-json\/wp\/v2\/types\/post"}],"author":[{"embeddable":true,"href":"https:\/\/carpathiacenter.ro\/en\/wp-json\/wp\/v2\/users\/4"}],"replies":[{"embeddable":true,"href":"https:\/\/carpathiacenter.ro\/en\/wp-json\/wp\/v2\/comments?post=3396"}],"version-history":[{"count":1,"href":"https:\/\/carpathiacenter.ro\/en\/wp-json\/wp\/v2\/posts\/3396\/revisions"}],"predecessor-version":[{"id":3397,"href":"https:\/\/carpathiacenter.ro\/en\/wp-json\/wp\/v2\/posts\/3396\/revisions\/3397"}],"wp:featuredmedia":[{"embeddable":true,"href":"https:\/\/carpathiacenter.ro\/en\/wp-json\/wp\/v2\/media\/2833"}],"wp:attachment":[{"href":"https:\/\/carpathiacenter.ro\/en\/wp-json\/wp\/v2\/media?parent=3396"}],"wp:term":[{"taxonomy":"category","embeddable":true,"href":"https:\/\/carpathiacenter.ro\/en\/wp-json\/wp\/v2\/categories?post=3396"},{"taxonomy":"post_tag","embeddable":true,"href":"https:\/\/carpathiacenter.ro\/en\/wp-json\/wp\/v2\/tags?post=3396"}],"curies":[{"name":"wp","href":"https:\/\/api.w.org\/{rel}","templated":true}]}}