{"id":3389,"date":"2025-11-24T09:23:29","date_gmt":"2025-11-24T09:23:29","guid":{"rendered":"https:\/\/carpathiacenter.ro\/?p=3389"},"modified":"2025-11-24T09:24:40","modified_gmt":"2025-11-24T09:24:40","slug":"mircea-abrudean-o-ucraina-europeana-presupune-si-respectarea-deplina-a-drepturilor-minoritatii-romane-din-ucraina","status":"publish","type":"post","link":"https:\/\/carpathiacenter.ro\/en\/mircea-abrudean-o-ucraina-europeana-presupune-si-respectarea-deplina-a-drepturilor-minoritatii-romane-din-ucraina\/","title":{"rendered":"Mircea Abrudean: O Ucrain\u0103 european\u0103 presupune \u0219i respectarea deplin\u0103 a drepturilor minorit\u0103\u021bii rom\u00e2ne din Ucraina"},"content":{"rendered":"<p><strong>Pre\u0219edintele Senatului, Mircea Abrudean, a avut, duminic\u0103, o \u00eent\u00e2lnire bilateral\u0103 cu omologul s\u0103u ucrainean, pre\u0219edintele Radei Supreme, Ruslan Stefanchuk, \u00een cadrul c\u0103reia i-a transmis acestuia c\u0103 o Ucrain\u0103 european\u0103 presupune \u0219i respectarea deplin\u0103 a drepturilor persoanelor apar\u021bin\u00e2nd minorit\u0103\u021bii rom\u00e2ne din aceast\u0103 \u021bar\u0103.<\/strong><\/p>\n<p>Abrudean particip\u0103 la cel de-al patrulea Summit Parlamentar al Platformei Crimeea, care este organizat la Stockholm.<\/p>\n<p><img fetchpriority=\"high\" decoding=\"async\" alt=\"\" height=\"1366\" src=\"https:\/\/agerpres.ro\/data\/202511\/20251123205740_945481.jpg\" width=\"2048\"><\/p>\n<p>&#8216;\u00cen aceast\u0103 sear\u0103, am avut o \u00eent\u00e2lnire bilateral\u0103 cu omologul meu ucrainean, pre\u0219edintele Radei Supreme, Ruslan Stefanchuk. Discu\u021biile au vizat sprijinul pe care Rom\u00e2nia \u00eel acord\u0103 autorit\u0103\u021bilor de la Kiev, at\u00e2t \u00een contextul r\u0103zboiului de agresiune al Federa\u021biei Ruse, c\u00e2t \u0219i din perspectiva sus\u021binerii ferme a parcursului european al Ucrainei. I-am transmis omologului meu c\u0103 o Ucrain\u0103 european\u0103, puternic\u0103 \u0219i incluziv\u0103 presupune \u0219i respectarea deplin\u0103 a drepturilor persoanelor apar\u021bin\u00e2nd minorit\u0103\u021bii rom\u00e2ne din Ucraina, inclusiv a dreptului de a \u00eenv\u0103\u021ba \u00een limba rom\u00e2n\u0103&#8217;, <a href=\"https:\/\/www.facebook.com\/m.abrudean\/posts\/pfbid0zGe8PHB28QnPRYnzN6ExFDApBy1TLTZsoYUpomJt5zFvsgXxN9ZsdyqKskNLcKv8l?locale=ro_RO\" target=\"_blank\">a scris Abrudean pe Facebook<\/a>.<\/p>\n<p><img decoding=\"async\" alt=\"\" height=\"900\" src=\"https:\/\/agerpres.ro\/data\/202511\/20251123205745_284095.jpg\" width=\"1600\"><\/p>\n<p>De asemenea, oficialul rom\u00e2n a men\u021bionat &#8216;clar&#8217; faptul c\u0103 Rom\u00e2nia asigur\u0103 protec\u021bie deplin\u0103 minorit\u0103\u021bii ucrainene \u0219i tuturor minorit\u0103\u021bilor, inclusiv prin reprezentare parlamentar\u0103. AGERPRES\/(AS &#8211; editor: Anamaria Constantin, editor online: Andreea Preda)<\/p>\n<p>Sursa fotografiilor:&nbsp;<a href=\"https:\/\/www.facebook.com\/m.abrudean\/posts\/pfbid0zGe8PHB28QnPRYnzN6ExFDApBy1TLTZsoYUpomJt5zFvsgXxN9ZsdyqKskNLcKv8l?locale=ro_RO\" target=\"_blank\">Mircea Abrudean<\/a>\/Facebook &nbsp;<br \/>\n<br \/>\nSursa articolului:  <a href=\"https:\/\/agerpres.ro\/politic\/2025\/11\/23\/mircea-abrudean-o-ucraina-europeana-presupune-si-respectarea-deplina-a-drepturilor-minoritatii-roman--1505413\" target=\"_blank\" rel=\"noopener\" title=\"\">AGERPRES<\/a><\/p>","protected":false},"excerpt":{"rendered":"<p>Pre\u0219edintele Senatului, Mircea Abrudean, a avut, duminic\u0103, o \u00eent\u00e2lnire bilateral\u0103 cu omologul s\u0103u ucrainean, pre\u0219edintele Radei Supreme, Ruslan Stefanchuk, \u00een cadrul c\u0103reia i-a transmis acestuia c\u0103 o Ucrain\u0103 european\u0103 presupune \u0219i respectarea deplin\u0103 a drepturilor persoanelor apar\u021bin\u00e2nd minorit\u0103\u021bii rom\u00e2ne din aceast\u0103 \u021bar\u0103. Abrudean particip\u0103 la cel de-al patrulea Summit Parlamentar al Platformei Crimeea, care este&#8230;<\/p>","protected":false},"author":4,"featured_media":3391,"comment_status":"open","ping_status":"open","sticky":false,"template":"","format":"standard","meta":{"footnotes":""},"categories":[1],"tags":[],"class_list":["post-3389","post","type-post","status-publish","format-standard","has-post-thumbnail","hentry","category-uncategorized"],"yoast_head":"<!-- This site is optimized with the Yoast SEO plugin v26.1.1 - https:\/\/yoast.com\/wordpress\/plugins\/seo\/ -->\n<title>Mircea Abrudean: O Ucrain\u0103 european\u0103 presupune \u0219i respectarea deplin\u0103 a drepturilor minorit\u0103\u021bii rom\u00e2ne din Ucraina - Carpathia Center Romania<\/title>\n<meta name=\"robots\" content=\"index, follow, max-snippet:-1, max-image-preview:large, max-video-preview:-1\" \/>\n<link rel=\"canonical\" href=\"https:\/\/carpathiacenter.ro\/en\/mircea-abrudean-o-ucraina-europeana-presupune-si-respectarea-deplina-a-drepturilor-minoritatii-romane-din-ucraina\/\" \/>\n<meta property=\"og:locale\" content=\"en_GB\" \/>\n<meta property=\"og:type\" content=\"article\" \/>\n<meta property=\"og:title\" content=\"Mircea Abrudean: O Ucrain\u0103 european\u0103 presupune \u0219i respectarea deplin\u0103 a drepturilor minorit\u0103\u021bii rom\u00e2ne din Ucraina - Carpathia Center Romania\" \/>\n<meta property=\"og:description\" content=\"Pre\u0219edintele Senatului, Mircea Abrudean, a avut, duminic\u0103, o \u00eent\u00e2lnire bilateral\u0103 cu omologul s\u0103u ucrainean, pre\u0219edintele Radei Supreme, Ruslan Stefanchuk, \u00een cadrul c\u0103reia i-a transmis acestuia c\u0103 o Ucrain\u0103 european\u0103 presupune \u0219i respectarea deplin\u0103 a drepturilor persoanelor apar\u021bin\u00e2nd minorit\u0103\u021bii rom\u00e2ne din aceast\u0103 \u021bar\u0103. Abrudean particip\u0103 la cel de-al patrulea Summit Parlamentar al Platformei Crimeea, care este...\" \/>\n<meta property=\"og:url\" content=\"https:\/\/carpathiacenter.ro\/en\/mircea-abrudean-o-ucraina-europeana-presupune-si-respectarea-deplina-a-drepturilor-minoritatii-romane-din-ucraina\/\" \/>\n<meta property=\"og:site_name\" content=\"Carpathia Center Romania\" \/>\n<meta property=\"article:publisher\" content=\"https:\/\/www.facebook.com\/fdpscarpathia\/\" \/>\n<meta property=\"article:published_time\" content=\"2025-11-24T09:23:29+00:00\" \/>\n<meta property=\"article:modified_time\" content=\"2025-11-24T09:24:40+00:00\" \/>\n<meta property=\"og:image\" content=\"https:\/\/carpathiacenter.ro\/wp-content\/uploads\/2025\/11\/Mircea_Abrundean1.jpg\" \/>\n\t<meta property=\"og:image:width\" content=\"590\" \/>\n\t<meta property=\"og:image:height\" content=\"375\" \/>\n\t<meta property=\"og:image:type\" content=\"image\/jpeg\" \/>\n<meta name=\"author\" content=\"creativebitsolutions\" \/>\n<meta name=\"twitter:card\" content=\"summary_large_image\" \/>\n<meta name=\"twitter:label1\" content=\"Written by\" \/>\n\t<meta name=\"twitter:data1\" content=\"creativebitsolutions\" \/>\n\t<meta name=\"twitter:label2\" content=\"Estimated reading time\" \/>\n\t<meta name=\"twitter:data2\" content=\"2 minutes\" \/>\n<script type=\"application\/ld+json\" class=\"yoast-schema-graph\">{\"@context\":\"https:\/\/schema.org\",\"@graph\":[{\"@type\":\"Article\",\"@id\":\"https:\/\/carpathiacenter.ro\/mircea-abrudean-o-ucraina-europeana-presupune-si-respectarea-deplina-a-drepturilor-minoritatii-romane-din-ucraina\/#article\",\"isPartOf\":{\"@id\":\"https:\/\/carpathiacenter.ro\/mircea-abrudean-o-ucraina-europeana-presupune-si-respectarea-deplina-a-drepturilor-minoritatii-romane-din-ucraina\/\"},\"author\":{\"name\":\"creativebitsolutions\",\"@id\":\"https:\/\/carpathiacenter.ro\/#\/schema\/person\/03d9f58202fee8379268f34afa195006\"},\"headline\":\"Mircea Abrudean: O Ucrain\u0103 european\u0103 presupune \u0219i respectarea deplin\u0103 a drepturilor minorit\u0103\u021bii rom\u00e2ne din Ucraina\",\"datePublished\":\"2025-11-24T09:23:29+00:00\",\"dateModified\":\"2025-11-24T09:24:40+00:00\",\"mainEntityOfPage\":{\"@id\":\"https:\/\/carpathiacenter.ro\/mircea-abrudean-o-ucraina-europeana-presupune-si-respectarea-deplina-a-drepturilor-minoritatii-romane-din-ucraina\/\"},\"wordCount\":235,\"commentCount\":0,\"publisher\":{\"@id\":\"https:\/\/carpathiacenter.ro\/#organization\"},\"image\":{\"@id\":\"https:\/\/carpathiacenter.ro\/mircea-abrudean-o-ucraina-europeana-presupune-si-respectarea-deplina-a-drepturilor-minoritatii-romane-din-ucraina\/#primaryimage\"},\"thumbnailUrl\":\"https:\/\/carpathiacenter.ro\/wp-content\/uploads\/2025\/11\/Mircea_Abrundean1.jpg\",\"articleSection\":[\"Uncategorized\"],\"inLanguage\":\"en-GB\",\"potentialAction\":[{\"@type\":\"CommentAction\",\"name\":\"Comment\",\"target\":[\"https:\/\/carpathiacenter.ro\/mircea-abrudean-o-ucraina-europeana-presupune-si-respectarea-deplina-a-drepturilor-minoritatii-romane-din-ucraina\/#respond\"]}]},{\"@type\":\"WebPage\",\"@id\":\"https:\/\/carpathiacenter.ro\/mircea-abrudean-o-ucraina-europeana-presupune-si-respectarea-deplina-a-drepturilor-minoritatii-romane-din-ucraina\/\",\"url\":\"https:\/\/carpathiacenter.ro\/mircea-abrudean-o-ucraina-europeana-presupune-si-respectarea-deplina-a-drepturilor-minoritatii-romane-din-ucraina\/\",\"name\":\"Mircea Abrudean: O Ucrain\u0103 european\u0103 presupune \u0219i respectarea deplin\u0103 a drepturilor minorit\u0103\u021bii rom\u00e2ne din Ucraina - Carpathia Center Romania\",\"isPartOf\":{\"@id\":\"https:\/\/carpathiacenter.ro\/#website\"},\"primaryImageOfPage\":{\"@id\":\"https:\/\/carpathiacenter.ro\/mircea-abrudean-o-ucraina-europeana-presupune-si-respectarea-deplina-a-drepturilor-minoritatii-romane-din-ucraina\/#primaryimage\"},\"image\":{\"@id\":\"https:\/\/carpathiacenter.ro\/mircea-abrudean-o-ucraina-europeana-presupune-si-respectarea-deplina-a-drepturilor-minoritatii-romane-din-ucraina\/#primaryimage\"},\"thumbnailUrl\":\"https:\/\/carpathiacenter.ro\/wp-content\/uploads\/2025\/11\/Mircea_Abrundean1.jpg\",\"datePublished\":\"2025-11-24T09:23:29+00:00\",\"dateModified\":\"2025-11-24T09:24:40+00:00\",\"breadcrumb\":{\"@id\":\"https:\/\/carpathiacenter.ro\/mircea-abrudean-o-ucraina-europeana-presupune-si-respectarea-deplina-a-drepturilor-minoritatii-romane-din-ucraina\/#breadcrumb\"},\"inLanguage\":\"en-GB\",\"potentialAction\":[{\"@type\":\"ReadAction\",\"target\":[\"https:\/\/carpathiacenter.ro\/mircea-abrudean-o-ucraina-europeana-presupune-si-respectarea-deplina-a-drepturilor-minoritatii-romane-din-ucraina\/\"]}]},{\"@type\":\"ImageObject\",\"inLanguage\":\"en-GB\",\"@id\":\"https:\/\/carpathiacenter.ro\/mircea-abrudean-o-ucraina-europeana-presupune-si-respectarea-deplina-a-drepturilor-minoritatii-romane-din-ucraina\/#primaryimage\",\"url\":\"https:\/\/carpathiacenter.ro\/wp-content\/uploads\/2025\/11\/Mircea_Abrundean1.jpg\",\"contentUrl\":\"https:\/\/carpathiacenter.ro\/wp-content\/uploads\/2025\/11\/Mircea_Abrundean1.jpg\",\"width\":590,\"height\":375},{\"@type\":\"BreadcrumbList\",\"@id\":\"https:\/\/carpathiacenter.ro\/mircea-abrudean-o-ucraina-europeana-presupune-si-respectarea-deplina-a-drepturilor-minoritatii-romane-din-ucraina\/#breadcrumb\",\"itemListElement\":[{\"@type\":\"ListItem\",\"position\":1,\"name\":\"Prima pagin\u0103\",\"item\":\"https:\/\/carpathiacenter.ro\/\"},{\"@type\":\"ListItem\",\"position\":2,\"name\":\"Mircea Abrudean: O Ucrain\u0103 european\u0103 presupune \u0219i respectarea deplin\u0103 a drepturilor minorit\u0103\u021bii rom\u00e2ne din Ucraina\"}]},{\"@type\":\"WebSite\",\"@id\":\"https:\/\/carpathiacenter.ro\/#website\",\"url\":\"https:\/\/carpathiacenter.ro\/\",\"name\":\"Carpathia Center Romania\",\"description\":\"Impossible made possible!\",\"publisher\":{\"@id\":\"https:\/\/carpathiacenter.ro\/#organization\"},\"potentialAction\":[{\"@type\":\"SearchAction\",\"target\":{\"@type\":\"EntryPoint\",\"urlTemplate\":\"https:\/\/carpathiacenter.ro\/?s={search_term_string}\"},\"query-input\":{\"@type\":\"PropertyValueSpecification\",\"valueRequired\":true,\"valueName\":\"search_term_string\"}}],\"inLanguage\":\"en-GB\"},{\"@type\":\"Organization\",\"@id\":\"https:\/\/carpathiacenter.ro\/#organization\",\"name\":\"Carpathia Center Romania\",\"url\":\"https:\/\/carpathiacenter.ro\/\",\"logo\":{\"@type\":\"ImageObject\",\"inLanguage\":\"en-GB\",\"@id\":\"https:\/\/carpathiacenter.ro\/#\/schema\/logo\/image\/\",\"url\":\"https:\/\/carpathiacenter.ro\/wp-content\/uploads\/2024\/07\/logo-carpathia_bg_white-1024x941.png\",\"contentUrl\":\"https:\/\/carpathiacenter.ro\/wp-content\/uploads\/2024\/07\/logo-carpathia_bg_white-1024x941.png\",\"width\":1024,\"height\":941,\"caption\":\"Carpathia Center Romania\"},\"image\":{\"@id\":\"https:\/\/carpathiacenter.ro\/#\/schema\/logo\/image\/\"},\"sameAs\":[\"https:\/\/www.facebook.com\/fdpscarpathia\/\"]},{\"@type\":\"Person\",\"@id\":\"https:\/\/carpathiacenter.ro\/#\/schema\/person\/03d9f58202fee8379268f34afa195006\",\"name\":\"creativebitsolutions\",\"image\":{\"@type\":\"ImageObject\",\"inLanguage\":\"en-GB\",\"@id\":\"https:\/\/carpathiacenter.ro\/#\/schema\/person\/image\/\",\"url\":\"https:\/\/secure.gravatar.com\/avatar\/1b1a13e37f847c635dab78348f1dff2f07651ee2a3d77a5c355a4b8c75f9165a?s=96&d=mm&r=g\",\"contentUrl\":\"https:\/\/secure.gravatar.com\/avatar\/1b1a13e37f847c635dab78348f1dff2f07651ee2a3d77a5c355a4b8c75f9165a?s=96&d=mm&r=g\",\"caption\":\"creativebitsolutions\"},\"url\":\"https:\/\/carpathiacenter.ro\/en\/author\/creativebitsolutions\/\"}]}<\/script>\n<!-- \/ Yoast SEO plugin. -->","yoast_head_json":{"title":"Mircea Abrudean: O Ucrain\u0103 european\u0103 presupune \u0219i respectarea deplin\u0103 a drepturilor minorit\u0103\u021bii rom\u00e2ne din Ucraina - Carpathia Center Romania","robots":{"index":"index","follow":"follow","max-snippet":"max-snippet:-1","max-image-preview":"max-image-preview:large","max-video-preview":"max-video-preview:-1"},"canonical":"https:\/\/carpathiacenter.ro\/en\/mircea-abrudean-o-ucraina-europeana-presupune-si-respectarea-deplina-a-drepturilor-minoritatii-romane-din-ucraina\/","og_locale":"en_GB","og_type":"article","og_title":"Mircea Abrudean: O Ucrain\u0103 european\u0103 presupune \u0219i respectarea deplin\u0103 a drepturilor minorit\u0103\u021bii rom\u00e2ne din Ucraina - Carpathia Center Romania","og_description":"Pre\u0219edintele Senatului, Mircea Abrudean, a avut, duminic\u0103, o \u00eent\u00e2lnire bilateral\u0103 cu omologul s\u0103u ucrainean, pre\u0219edintele Radei Supreme, Ruslan Stefanchuk, \u00een cadrul c\u0103reia i-a transmis acestuia c\u0103 o Ucrain\u0103 european\u0103 presupune \u0219i respectarea deplin\u0103 a drepturilor persoanelor apar\u021bin\u00e2nd minorit\u0103\u021bii rom\u00e2ne din aceast\u0103 \u021bar\u0103. Abrudean particip\u0103 la cel de-al patrulea Summit Parlamentar al Platformei Crimeea, care este...","og_url":"https:\/\/carpathiacenter.ro\/en\/mircea-abrudean-o-ucraina-europeana-presupune-si-respectarea-deplina-a-drepturilor-minoritatii-romane-din-ucraina\/","og_site_name":"Carpathia Center Romania","article_publisher":"https:\/\/www.facebook.com\/fdpscarpathia\/","article_published_time":"2025-11-24T09:23:29+00:00","article_modified_time":"2025-11-24T09:24:40+00:00","og_image":[{"width":590,"height":375,"url":"https:\/\/carpathiacenter.ro\/wp-content\/uploads\/2025\/11\/Mircea_Abrundean1.jpg","type":"image\/jpeg"}],"author":"creativebitsolutions","twitter_card":"summary_large_image","twitter_misc":{"Written by":"creativebitsolutions","Estimated reading time":"2 minutes"},"schema":{"@context":"https:\/\/schema.org","@graph":[{"@type":"Article","@id":"https:\/\/carpathiacenter.ro\/mircea-abrudean-o-ucraina-europeana-presupune-si-respectarea-deplina-a-drepturilor-minoritatii-romane-din-ucraina\/#article","isPartOf":{"@id":"https:\/\/carpathiacenter.ro\/mircea-abrudean-o-ucraina-europeana-presupune-si-respectarea-deplina-a-drepturilor-minoritatii-romane-din-ucraina\/"},"author":{"name":"creativebitsolutions","@id":"https:\/\/carpathiacenter.ro\/#\/schema\/person\/03d9f58202fee8379268f34afa195006"},"headline":"Mircea Abrudean: O Ucrain\u0103 european\u0103 presupune \u0219i respectarea deplin\u0103 a drepturilor minorit\u0103\u021bii rom\u00e2ne din Ucraina","datePublished":"2025-11-24T09:23:29+00:00","dateModified":"2025-11-24T09:24:40+00:00","mainEntityOfPage":{"@id":"https:\/\/carpathiacenter.ro\/mircea-abrudean-o-ucraina-europeana-presupune-si-respectarea-deplina-a-drepturilor-minoritatii-romane-din-ucraina\/"},"wordCount":235,"commentCount":0,"publisher":{"@id":"https:\/\/carpathiacenter.ro\/#organization"},"image":{"@id":"https:\/\/carpathiacenter.ro\/mircea-abrudean-o-ucraina-europeana-presupune-si-respectarea-deplina-a-drepturilor-minoritatii-romane-din-ucraina\/#primaryimage"},"thumbnailUrl":"https:\/\/carpathiacenter.ro\/wp-content\/uploads\/2025\/11\/Mircea_Abrundean1.jpg","articleSection":["Uncategorized"],"inLanguage":"en-GB","potentialAction":[{"@type":"CommentAction","name":"Comment","target":["https:\/\/carpathiacenter.ro\/mircea-abrudean-o-ucraina-europeana-presupune-si-respectarea-deplina-a-drepturilor-minoritatii-romane-din-ucraina\/#respond"]}]},{"@type":"WebPage","@id":"https:\/\/carpathiacenter.ro\/mircea-abrudean-o-ucraina-europeana-presupune-si-respectarea-deplina-a-drepturilor-minoritatii-romane-din-ucraina\/","url":"https:\/\/carpathiacenter.ro\/mircea-abrudean-o-ucraina-europeana-presupune-si-respectarea-deplina-a-drepturilor-minoritatii-romane-din-ucraina\/","name":"Mircea Abrudean: O Ucrain\u0103 european\u0103 presupune \u0219i respectarea deplin\u0103 a drepturilor minorit\u0103\u021bii rom\u00e2ne din Ucraina - Carpathia Center Romania","isPartOf":{"@id":"https:\/\/carpathiacenter.ro\/#website"},"primaryImageOfPage":{"@id":"https:\/\/carpathiacenter.ro\/mircea-abrudean-o-ucraina-europeana-presupune-si-respectarea-deplina-a-drepturilor-minoritatii-romane-din-ucraina\/#primaryimage"},"image":{"@id":"https:\/\/carpathiacenter.ro\/mircea-abrudean-o-ucraina-europeana-presupune-si-respectarea-deplina-a-drepturilor-minoritatii-romane-din-ucraina\/#primaryimage"},"thumbnailUrl":"https:\/\/carpathiacenter.ro\/wp-content\/uploads\/2025\/11\/Mircea_Abrundean1.jpg","datePublished":"2025-11-24T09:23:29+00:00","dateModified":"2025-11-24T09:24:40+00:00","breadcrumb":{"@id":"https:\/\/carpathiacenter.ro\/mircea-abrudean-o-ucraina-europeana-presupune-si-respectarea-deplina-a-drepturilor-minoritatii-romane-din-ucraina\/#breadcrumb"},"inLanguage":"en-GB","potentialAction":[{"@type":"ReadAction","target":["https:\/\/carpathiacenter.ro\/mircea-abrudean-o-ucraina-europeana-presupune-si-respectarea-deplina-a-drepturilor-minoritatii-romane-din-ucraina\/"]}]},{"@type":"ImageObject","inLanguage":"en-GB","@id":"https:\/\/carpathiacenter.ro\/mircea-abrudean-o-ucraina-europeana-presupune-si-respectarea-deplina-a-drepturilor-minoritatii-romane-din-ucraina\/#primaryimage","url":"https:\/\/carpathiacenter.ro\/wp-content\/uploads\/2025\/11\/Mircea_Abrundean1.jpg","contentUrl":"https:\/\/carpathiacenter.ro\/wp-content\/uploads\/2025\/11\/Mircea_Abrundean1.jpg","width":590,"height":375},{"@type":"BreadcrumbList","@id":"https:\/\/carpathiacenter.ro\/mircea-abrudean-o-ucraina-europeana-presupune-si-respectarea-deplina-a-drepturilor-minoritatii-romane-din-ucraina\/#breadcrumb","itemListElement":[{"@type":"ListItem","position":1,"name":"Prima pagin\u0103","item":"https:\/\/carpathiacenter.ro\/"},{"@type":"ListItem","position":2,"name":"Mircea Abrudean: O Ucrain\u0103 european\u0103 presupune \u0219i respectarea deplin\u0103 a drepturilor minorit\u0103\u021bii rom\u00e2ne din Ucraina"}]},{"@type":"WebSite","@id":"https:\/\/carpathiacenter.ro\/#website","url":"https:\/\/carpathiacenter.ro\/","name":"Carpathia Center Romania","description":"Impossible made possible!","publisher":{"@id":"https:\/\/carpathiacenter.ro\/#organization"},"potentialAction":[{"@type":"SearchAction","target":{"@type":"EntryPoint","urlTemplate":"https:\/\/carpathiacenter.ro\/?s={search_term_string}"},"query-input":{"@type":"PropertyValueSpecification","valueRequired":true,"valueName":"search_term_string"}}],"inLanguage":"en-GB"},{"@type":"Organization","@id":"https:\/\/carpathiacenter.ro\/#organization","name":"Carpathia Center Romania","url":"https:\/\/carpathiacenter.ro\/","logo":{"@type":"ImageObject","inLanguage":"en-GB","@id":"https:\/\/carpathiacenter.ro\/#\/schema\/logo\/image\/","url":"https:\/\/carpathiacenter.ro\/wp-content\/uploads\/2024\/07\/logo-carpathia_bg_white-1024x941.png","contentUrl":"https:\/\/carpathiacenter.ro\/wp-content\/uploads\/2024\/07\/logo-carpathia_bg_white-1024x941.png","width":1024,"height":941,"caption":"Carpathia Center Romania"},"image":{"@id":"https:\/\/carpathiacenter.ro\/#\/schema\/logo\/image\/"},"sameAs":["https:\/\/www.facebook.com\/fdpscarpathia\/"]},{"@type":"Person","@id":"https:\/\/carpathiacenter.ro\/#\/schema\/person\/03d9f58202fee8379268f34afa195006","name":"creativebitsolutions","image":{"@type":"ImageObject","inLanguage":"en-GB","@id":"https:\/\/carpathiacenter.ro\/#\/schema\/person\/image\/","url":"https:\/\/secure.gravatar.com\/avatar\/1b1a13e37f847c635dab78348f1dff2f07651ee2a3d77a5c355a4b8c75f9165a?s=96&d=mm&r=g","contentUrl":"https:\/\/secure.gravatar.com\/avatar\/1b1a13e37f847c635dab78348f1dff2f07651ee2a3d77a5c355a4b8c75f9165a?s=96&d=mm&r=g","caption":"creativebitsolutions"},"url":"https:\/\/carpathiacenter.ro\/en\/author\/creativebitsolutions\/"}]}},"_links":{"self":[{"href":"https:\/\/carpathiacenter.ro\/en\/wp-json\/wp\/v2\/posts\/3389","targetHints":{"allow":["GET"]}}],"collection":[{"href":"https:\/\/carpathiacenter.ro\/en\/wp-json\/wp\/v2\/posts"}],"about":[{"href":"https:\/\/carpathiacenter.ro\/en\/wp-json\/wp\/v2\/types\/post"}],"author":[{"embeddable":true,"href":"https:\/\/carpathiacenter.ro\/en\/wp-json\/wp\/v2\/users\/4"}],"replies":[{"embeddable":true,"href":"https:\/\/carpathiacenter.ro\/en\/wp-json\/wp\/v2\/comments?post=3389"}],"version-history":[{"count":2,"href":"https:\/\/carpathiacenter.ro\/en\/wp-json\/wp\/v2\/posts\/3389\/revisions"}],"predecessor-version":[{"id":3392,"href":"https:\/\/carpathiacenter.ro\/en\/wp-json\/wp\/v2\/posts\/3389\/revisions\/3392"}],"wp:featuredmedia":[{"embeddable":true,"href":"https:\/\/carpathiacenter.ro\/en\/wp-json\/wp\/v2\/media\/3391"}],"wp:attachment":[{"href":"https:\/\/carpathiacenter.ro\/en\/wp-json\/wp\/v2\/media?parent=3389"}],"wp:term":[{"taxonomy":"category","embeddable":true,"href":"https:\/\/carpathiacenter.ro\/en\/wp-json\/wp\/v2\/categories?post=3389"},{"taxonomy":"post_tag","embeddable":true,"href":"https:\/\/carpathiacenter.ro\/en\/wp-json\/wp\/v2\/tags?post=3389"}],"curies":[{"name":"wp","href":"https:\/\/api.w.org\/{rel}","templated":true}]}}