{"id":3380,"date":"2025-11-21T06:28:15","date_gmt":"2025-11-21T06:28:15","guid":{"rendered":"https:\/\/carpathiacenter.ro\/?p=3380"},"modified":"2025-11-22T06:28:25","modified_gmt":"2025-11-22T06:28:25","slug":"expozitia-romania-deschisa-la-mnar-erwin-kessler-este-despre-binele-si-raul-din-noi","status":"publish","type":"post","link":"https:\/\/carpathiacenter.ro\/en\/expozitia-romania-deschisa-la-mnar-erwin-kessler-este-despre-binele-si-raul-din-noi\/","title":{"rendered":"Expozi\u021bia &#8216;Rom\u00e2nIA&#8217; &#8211; deschis\u0103 la MNAR; Erwin Kessler: Este despre binele \u0219i r\u0103ul din noi"},"content":{"rendered":"<p>Expozi\u021bia &#8216;Rom\u00e2nIA &#8211; reprezentarea identitar\u0103 a portului popular \u00een art\u0103&#8217;, eveniment desf\u0103\u0219urat sub \u00cenaltul Patronaj al Pre\u0219edintelui Rom\u00e2niei, av\u00e2ndu-l drept curator pe managerul interimar al institu\u021biei muzeale, Erwin Kessler, a fost vernisat\u0103, joi sear\u0103, la Parterul Galeriei Na\u021bionale a Muzeului Na\u021bional de Art\u0103 al Rom\u00e2niei.<\/p>\n<p>&#8216;A\u0219a cum ve\u021bi vedea, expozi\u021bia aceasta este despre binele \u0219i r\u0103ul din noi \u0219i despre frumuse\u021bea pe care cei din afara noastr\u0103 au v\u0103zut-o c\u0103 se afl\u0103 \u00een aceast\u0103 lupt\u0103 \u00eentre binele \u0219i r\u0103ul din noi. E adev\u0103rat, e o bijuterie. Nu avem cum s\u0103 trecem peste asta. Ne vom bucura \u0219i voi v\u0103 ve\u021bi bucura cu to\u021bii de faptul c\u0103 avem lucruri extraordinare de Grigorescu, c\u0103 avem Aman, c\u0103 avem Lucian, c\u0103 sunt toate bijuteriile artei noastre. Dar, p\u00e2n\u0103 la urm\u0103, ve\u021bi vedea c\u0103 Gioconda contemporanit\u0103\u021bii se nume\u0219te &#8216;La Blouse Roumaine&#8217;, a lui Matisse. \u0218i c\u0103tre ea v\u0103 invit\u0103m \u00een acest moment&#8217;, a afirmat, la vernisaj, directorul interimar al MNAR, criticul de art\u0103 Erwin Kessler.<\/p>\n<p>El a precizat c\u0103 expozi\u021bia este una &#8216;normal\u0103&#8217;, realizat\u0103 cu fonduri &#8216;integral private&#8217;, \u0219i a mul\u021bumit pentru sus\u021binere Funda\u021biei Amzei, ca \u0219i &#8216;pleiadei&#8217; celorlal\u021bi sponsori, precum \u0219i Asocia\u021biei Prietenilor MNAR.<\/p>\n<p>&#8216;Sunt intens recunosc\u0103tor Funda\u021biei Amzei pentru posibilitatea de a aduce la \u00eemplinire, \u00eentr-un timp extraordinar de scurt, mai pu\u021bin de cinci luni, un proiect de o amploare ame\u021bitoare, care a implicat 25 de muzee din \u021bar\u0103 \u0219i 5 muzee din str\u0103in\u0103tate, dou\u0103 din Fran\u021ba, Centre Pompidou \u0219i Fondation Louis Vuitton, una din Bulgaria, Galeria Na\u021bional\u0103 din Sofia \u0219i, cel mai dificil lucru care s-a materializat azi diminea\u021ba la ora 4:33, din Ucraina, de la Muzeul din Cernigov. Faptul c\u0103 am putut s\u0103 mai fac o expozi\u021bie \u00een care avem o lucrare din Ucraina, cred c\u0103 spune totul despre lupta pentru normalitate. Aceast\u0103 expozi\u021bie este o expozi\u021bie normal\u0103, sigur c\u0103 \u00een contextul istoric actual, adic\u0103 al priva\u021biunilor economice ale Rom\u00e2niei \u0219i a situa\u021biei geopolitice, este complet anormal\u0103&#8217;, a men\u021bionat Erwin Kessler.<\/p>\n<p>Totodat\u0103, Kessler a ar\u0103tat c\u0103 expozi\u021bia reune\u0219te \u0219i &#8216;p\u0103r\u021bi ur\u00e2te&#8217;. &#8216;Avem p\u0103r\u021bi ur\u00e2te, pentru c\u0103 avem p\u0103r\u021bi ur\u00e2te \u00een istoria noastr\u0103&#8217;, a subliniat criticul.<\/p>\n<p>Consilierul preziden\u021bial Diana Iancu a \u00eenm\u00e2nat Diploma de \u00cenalt Patronaj al Pre\u0219edintelui Rom\u00e2niei, Nicu\u0219or Dan, pentru expozi\u021bia vernisat\u0103.<\/p>\n<p>&#8216;\u00cen numele Pre\u0219edintelui Rom\u00e2niei, doresc s\u0103 salut aceast\u0103 admirabil\u0103 celebrare a iei rom\u00e2ne\u0219ti, un ve\u0219m\u00e2nt simbol \u00een care s-au \u021besut identitatea, sensibilitatea \u0219i creativitatea acestui popor. Ea a trecut prin vreme asemenea unei m\u0103rturii vii, ar\u0103t\u00e2nd c\u0103 o societate a\u0219ezat\u0103 pe valori solide \u00ee\u0219i poate purta continuitatea ca o lumin\u0103 peste genera\u021bii. Tradi\u021bia, cea care leag\u0103 v\u00e2rstele \u0219i culturile, r\u0103m\u00e2ne, chiar \u0219i \u00een vremuri de nelini\u0219te, un reper comun ce ne ofer\u0103 stabilitate \u0219i sens. Expozi\u021bia &#8216;Rom\u00e2nIA&#8217; reune\u0219te patrimoniu, art\u0103 \u0219i dialog interna\u021bional, dovedind c\u0103 trecutul nu este o povar\u0103, ci o surs\u0103 nesf\u00e2r\u0219it\u0103 de inspira\u021bie pentru crea\u021bia de ast\u0103zi. Este o bucurie s\u0103 vedem cum institu\u021biile culturale, arti\u0219tii \u0219i publicul \u00ee\u0219i unesc energiile pentru a celebra valorile care ne definesc ca na\u021biune. V\u0103 felicit, a\u0219adar, domnule director, pentru aceast\u0103 expozi\u021bie \u0219i m\u0103 bucur s\u0103 v\u0103 \u00eenm\u00e2nez Diploma de \u00cenalt Patronaj al pre\u0219edintelui Rom\u00e2niei ca gest de sus\u021binere pentru institu\u021biile culturale \u0219i pentru arti\u0219tii rom\u00e2ni&#8217;, a transmis consilierul preziden\u021bial.<\/p>\n<p>***<br \/>\nExpozi\u021bia &#8216;Rom\u00e2nIA &#8211; reprezentarea identitar\u0103 a portului popular \u00een art\u0103&#8217; reprezint\u0103 o fresc\u0103 vie a aventurilor artistice ale iei, \u00een diverse tehnici, de la pictur\u0103 \u0219i sculptur\u0103 la grafic\u0103, fotografie, obiect, instala\u021bie, film, muzic\u0103, afi\u0219e, mod\u0103, timbre, c\u0103r\u021bi de joc, vaze, bancnote, c\u0103r\u021bi, albume, desene animate \u0219i manuale \u0219colare.<\/p>\n<p>Potrivit MNAR, selec\u021bia eviden\u021biaz\u0103 felul \u00een care s-a articulat de-a lungul secolelor un limbaj formal, simbolic, decorativ \u0219i totodat\u0103 ideologic \u00een care ia \u0219i costumul folcloric au jucat rolul pivotal de agregare, de promovare politic\u0103 \u0219i uneori de impunere vizual\u0103 a rom\u00e2nit\u0103\u021bii.<\/p>\n<p>Peste 320 de piese, provenind din patrimoniul MNAR \u0219i din diverse muzee na\u021bionale \u0219i interna\u021bionale, din colec\u021bii private \u0219i de la arti\u0219ti contemporani, ofer\u0103 publicului cel mai bogat material de reflec\u021bie \u0219i bucurie vizual\u0103 pe acest subiect prezentat vreodat\u0103 \u00eentr-un muzeu.<\/p>\n<p><strong>Acestor crea\u021bii li se adaug\u0103 lucr\u0103ri de Henri Matisse, inclusiv celebra pictur\u0103 &#8216;La Blouse Roumaine&#8217;, capodoper\u0103 iconic\u0103 a modernit\u0103\u021bii universale, parte a colec\u021biei permanente a Centre Pompidou din Paris &#8211; lucrare care p\u0103r\u0103se\u0219te Fran\u021ba pentru prima oar\u0103 \u0219i care este \u00eemprumutat\u0103 \u00een mod excep\u021bional pentru expozi\u021bia de fa\u021b\u0103.<\/strong><\/p>\n<p>Echipa curatorial\u0103 a fost format\u0103 din Judit Balint, M\u0103lina Con\u021bu, Alina Petrescu, Emanuela Cernea, Costina Anghel.<\/p>\n<p>Realizat\u0103 \u00een parteneriat cu Funda\u021bia Amzei, expozi\u021bia &#8216;Rom\u00e2nIA &#8211; reprezentarea identitar\u0103 a portului popular \u00een art\u0103&#8217; va fi deschis\u0103 p\u00e2n\u0103 \u00een 8 februarie 2026. AGERPRES \/ (A, AS &#8211; redactor: Daniel Popescu, editor: Marius Fr\u0103\u021bil\u0103, editor online: Andreea L\u00e3z\u00e3roiu)<\/p>\n<div class=\"mx-auto pt-3\">\n<p>Sursa foto:\u00a0<a tabindex=\"0\" role=\"link\" href=\"https:\/\/www.facebook.com\/MuzeulNationalDeArtaAlRomaniei?__tn__=-UC*F\">Muzeul Na\u021bional de Art\u0103 al Rom\u00e2niei<\/a>\/Facebook.com<\/p>\n<p>https:\/\/agerpres.ro\/cultura-media\/2025\/11\/20\/expozitia-romania&#8212;deschisa-la-mnar-erwin-kessler-este-despre-binele-si-raul-din-noi&#8211;1504848<\/p>\n<\/div>","protected":false},"excerpt":{"rendered":"<p>Expozi\u021bia &#8216;Rom\u00e2nIA &#8211; reprezentarea identitar\u0103 a portului popular \u00een art\u0103&#8217;, eveniment desf\u0103\u0219urat sub \u00cenaltul Patronaj al Pre\u0219edintelui Rom\u00e2niei, av\u00e2ndu-l drept curator pe managerul interimar al institu\u021biei muzeale, Erwin Kessler, a fost vernisat\u0103, joi sear\u0103, la Parterul Galeriei Na\u021bionale a Muzeului Na\u021bional de Art\u0103 al Rom\u00e2niei. &#8216;A\u0219a cum ve\u021bi vedea, expozi\u021bia aceasta este despre binele \u0219i&#8230;<\/p>","protected":false},"author":4,"featured_media":3381,"comment_status":"open","ping_status":"open","sticky":false,"template":"","format":"standard","meta":{"footnotes":""},"categories":[1],"tags":[],"class_list":["post-3380","post","type-post","status-publish","format-standard","has-post-thumbnail","hentry","category-uncategorized"],"yoast_head":"<!-- This site is optimized with the Yoast SEO plugin v26.1.1 - https:\/\/yoast.com\/wordpress\/plugins\/seo\/ -->\n<title>Expozi\u021bia &#039;Rom\u00e2nIA&#039; - deschis\u0103 la MNAR; Erwin Kessler: Este despre binele \u0219i r\u0103ul din noi - Carpathia Center Romania<\/title>\n<meta name=\"robots\" content=\"index, follow, max-snippet:-1, max-image-preview:large, max-video-preview:-1\" \/>\n<link rel=\"canonical\" href=\"https:\/\/carpathiacenter.ro\/en\/expozitia-romania-deschisa-la-mnar-erwin-kessler-este-despre-binele-si-raul-din-noi\/\" \/>\n<meta property=\"og:locale\" content=\"en_GB\" \/>\n<meta property=\"og:type\" content=\"article\" \/>\n<meta property=\"og:title\" content=\"Expozi\u021bia &#039;Rom\u00e2nIA&#039; - deschis\u0103 la MNAR; Erwin Kessler: Este despre binele \u0219i r\u0103ul din noi - Carpathia Center Romania\" \/>\n<meta property=\"og:description\" content=\"Expozi\u021bia &#8216;Rom\u00e2nIA &#8211; reprezentarea identitar\u0103 a portului popular \u00een art\u0103&#8217;, eveniment desf\u0103\u0219urat sub \u00cenaltul Patronaj al Pre\u0219edintelui Rom\u00e2niei, av\u00e2ndu-l drept curator pe managerul interimar al institu\u021biei muzeale, Erwin Kessler, a fost vernisat\u0103, joi sear\u0103, la Parterul Galeriei Na\u021bionale a Muzeului Na\u021bional de Art\u0103 al Rom\u00e2niei. &#8216;A\u0219a cum ve\u021bi vedea, expozi\u021bia aceasta este despre binele \u0219i...\" \/>\n<meta property=\"og:url\" content=\"https:\/\/carpathiacenter.ro\/en\/expozitia-romania-deschisa-la-mnar-erwin-kessler-este-despre-binele-si-raul-din-noi\/\" \/>\n<meta property=\"og:site_name\" content=\"Carpathia Center Romania\" \/>\n<meta property=\"article:publisher\" content=\"https:\/\/www.facebook.com\/fdpscarpathia\/\" \/>\n<meta property=\"article:published_time\" content=\"2025-11-21T06:28:15+00:00\" \/>\n<meta property=\"article:modified_time\" content=\"2025-11-22T06:28:25+00:00\" \/>\n<meta property=\"og:image\" content=\"https:\/\/carpathiacenter.ro\/wp-content\/uploads\/2025\/11\/20251120213611_757345.jpg\" \/>\n\t<meta property=\"og:image:width\" content=\"800\" \/>\n\t<meta property=\"og:image:height\" content=\"419\" \/>\n\t<meta property=\"og:image:type\" content=\"image\/jpeg\" \/>\n<meta name=\"author\" content=\"creativebitsolutions\" \/>\n<meta name=\"twitter:card\" content=\"summary_large_image\" \/>\n<meta name=\"twitter:label1\" content=\"Written by\" \/>\n\t<meta name=\"twitter:data1\" content=\"creativebitsolutions\" \/>\n\t<meta name=\"twitter:label2\" content=\"Estimated reading time\" \/>\n\t<meta name=\"twitter:data2\" content=\"5 minutes\" \/>\n<script type=\"application\/ld+json\" class=\"yoast-schema-graph\">{\"@context\":\"https:\/\/schema.org\",\"@graph\":[{\"@type\":\"Article\",\"@id\":\"https:\/\/carpathiacenter.ro\/expozitia-romania-deschisa-la-mnar-erwin-kessler-este-despre-binele-si-raul-din-noi\/#article\",\"isPartOf\":{\"@id\":\"https:\/\/carpathiacenter.ro\/expozitia-romania-deschisa-la-mnar-erwin-kessler-este-despre-binele-si-raul-din-noi\/\"},\"author\":{\"name\":\"creativebitsolutions\",\"@id\":\"https:\/\/carpathiacenter.ro\/#\/schema\/person\/03d9f58202fee8379268f34afa195006\"},\"headline\":\"Expozi\u021bia &#8216;Rom\u00e2nIA&#8217; &#8211; deschis\u0103 la MNAR; Erwin Kessler: Este despre binele \u0219i r\u0103ul din noi\",\"datePublished\":\"2025-11-21T06:28:15+00:00\",\"dateModified\":\"2025-11-22T06:28:25+00:00\",\"mainEntityOfPage\":{\"@id\":\"https:\/\/carpathiacenter.ro\/expozitia-romania-deschisa-la-mnar-erwin-kessler-este-despre-binele-si-raul-din-noi\/\"},\"wordCount\":925,\"commentCount\":0,\"publisher\":{\"@id\":\"https:\/\/carpathiacenter.ro\/#organization\"},\"image\":{\"@id\":\"https:\/\/carpathiacenter.ro\/expozitia-romania-deschisa-la-mnar-erwin-kessler-este-despre-binele-si-raul-din-noi\/#primaryimage\"},\"thumbnailUrl\":\"https:\/\/carpathiacenter.ro\/wp-content\/uploads\/2025\/11\/20251120213611_757345.jpg\",\"articleSection\":[\"Uncategorized\"],\"inLanguage\":\"en-GB\",\"potentialAction\":[{\"@type\":\"CommentAction\",\"name\":\"Comment\",\"target\":[\"https:\/\/carpathiacenter.ro\/expozitia-romania-deschisa-la-mnar-erwin-kessler-este-despre-binele-si-raul-din-noi\/#respond\"]}]},{\"@type\":\"WebPage\",\"@id\":\"https:\/\/carpathiacenter.ro\/expozitia-romania-deschisa-la-mnar-erwin-kessler-este-despre-binele-si-raul-din-noi\/\",\"url\":\"https:\/\/carpathiacenter.ro\/expozitia-romania-deschisa-la-mnar-erwin-kessler-este-despre-binele-si-raul-din-noi\/\",\"name\":\"Expozi\u021bia 'Rom\u00e2nIA' - deschis\u0103 la MNAR; Erwin Kessler: Este despre binele \u0219i r\u0103ul din noi - Carpathia Center Romania\",\"isPartOf\":{\"@id\":\"https:\/\/carpathiacenter.ro\/#website\"},\"primaryImageOfPage\":{\"@id\":\"https:\/\/carpathiacenter.ro\/expozitia-romania-deschisa-la-mnar-erwin-kessler-este-despre-binele-si-raul-din-noi\/#primaryimage\"},\"image\":{\"@id\":\"https:\/\/carpathiacenter.ro\/expozitia-romania-deschisa-la-mnar-erwin-kessler-este-despre-binele-si-raul-din-noi\/#primaryimage\"},\"thumbnailUrl\":\"https:\/\/carpathiacenter.ro\/wp-content\/uploads\/2025\/11\/20251120213611_757345.jpg\",\"datePublished\":\"2025-11-21T06:28:15+00:00\",\"dateModified\":\"2025-11-22T06:28:25+00:00\",\"breadcrumb\":{\"@id\":\"https:\/\/carpathiacenter.ro\/expozitia-romania-deschisa-la-mnar-erwin-kessler-este-despre-binele-si-raul-din-noi\/#breadcrumb\"},\"inLanguage\":\"en-GB\",\"potentialAction\":[{\"@type\":\"ReadAction\",\"target\":[\"https:\/\/carpathiacenter.ro\/expozitia-romania-deschisa-la-mnar-erwin-kessler-este-despre-binele-si-raul-din-noi\/\"]}]},{\"@type\":\"ImageObject\",\"inLanguage\":\"en-GB\",\"@id\":\"https:\/\/carpathiacenter.ro\/expozitia-romania-deschisa-la-mnar-erwin-kessler-este-despre-binele-si-raul-din-noi\/#primaryimage\",\"url\":\"https:\/\/carpathiacenter.ro\/wp-content\/uploads\/2025\/11\/20251120213611_757345.jpg\",\"contentUrl\":\"https:\/\/carpathiacenter.ro\/wp-content\/uploads\/2025\/11\/20251120213611_757345.jpg\",\"width\":800,\"height\":419},{\"@type\":\"BreadcrumbList\",\"@id\":\"https:\/\/carpathiacenter.ro\/expozitia-romania-deschisa-la-mnar-erwin-kessler-este-despre-binele-si-raul-din-noi\/#breadcrumb\",\"itemListElement\":[{\"@type\":\"ListItem\",\"position\":1,\"name\":\"Prima pagin\u0103\",\"item\":\"https:\/\/carpathiacenter.ro\/\"},{\"@type\":\"ListItem\",\"position\":2,\"name\":\"Expozi\u021bia &#8216;Rom\u00e2nIA&#8217; &#8211; deschis\u0103 la MNAR; Erwin Kessler: Este despre binele \u0219i r\u0103ul din noi\"}]},{\"@type\":\"WebSite\",\"@id\":\"https:\/\/carpathiacenter.ro\/#website\",\"url\":\"https:\/\/carpathiacenter.ro\/\",\"name\":\"Carpathia Center Romania\",\"description\":\"Impossible made possible!\",\"publisher\":{\"@id\":\"https:\/\/carpathiacenter.ro\/#organization\"},\"potentialAction\":[{\"@type\":\"SearchAction\",\"target\":{\"@type\":\"EntryPoint\",\"urlTemplate\":\"https:\/\/carpathiacenter.ro\/?s={search_term_string}\"},\"query-input\":{\"@type\":\"PropertyValueSpecification\",\"valueRequired\":true,\"valueName\":\"search_term_string\"}}],\"inLanguage\":\"en-GB\"},{\"@type\":\"Organization\",\"@id\":\"https:\/\/carpathiacenter.ro\/#organization\",\"name\":\"Carpathia Center Romania\",\"url\":\"https:\/\/carpathiacenter.ro\/\",\"logo\":{\"@type\":\"ImageObject\",\"inLanguage\":\"en-GB\",\"@id\":\"https:\/\/carpathiacenter.ro\/#\/schema\/logo\/image\/\",\"url\":\"https:\/\/carpathiacenter.ro\/wp-content\/uploads\/2024\/07\/logo-carpathia_bg_white-1024x941.png\",\"contentUrl\":\"https:\/\/carpathiacenter.ro\/wp-content\/uploads\/2024\/07\/logo-carpathia_bg_white-1024x941.png\",\"width\":1024,\"height\":941,\"caption\":\"Carpathia Center Romania\"},\"image\":{\"@id\":\"https:\/\/carpathiacenter.ro\/#\/schema\/logo\/image\/\"},\"sameAs\":[\"https:\/\/www.facebook.com\/fdpscarpathia\/\"]},{\"@type\":\"Person\",\"@id\":\"https:\/\/carpathiacenter.ro\/#\/schema\/person\/03d9f58202fee8379268f34afa195006\",\"name\":\"creativebitsolutions\",\"image\":{\"@type\":\"ImageObject\",\"inLanguage\":\"en-GB\",\"@id\":\"https:\/\/carpathiacenter.ro\/#\/schema\/person\/image\/\",\"url\":\"https:\/\/secure.gravatar.com\/avatar\/1b1a13e37f847c635dab78348f1dff2f07651ee2a3d77a5c355a4b8c75f9165a?s=96&d=mm&r=g\",\"contentUrl\":\"https:\/\/secure.gravatar.com\/avatar\/1b1a13e37f847c635dab78348f1dff2f07651ee2a3d77a5c355a4b8c75f9165a?s=96&d=mm&r=g\",\"caption\":\"creativebitsolutions\"},\"url\":\"https:\/\/carpathiacenter.ro\/en\/author\/creativebitsolutions\/\"}]}<\/script>\n<!-- \/ Yoast SEO plugin. -->","yoast_head_json":{"title":"Expozi\u021bia 'Rom\u00e2nIA' - deschis\u0103 la MNAR; Erwin Kessler: Este despre binele \u0219i r\u0103ul din noi - Carpathia Center Romania","robots":{"index":"index","follow":"follow","max-snippet":"max-snippet:-1","max-image-preview":"max-image-preview:large","max-video-preview":"max-video-preview:-1"},"canonical":"https:\/\/carpathiacenter.ro\/en\/expozitia-romania-deschisa-la-mnar-erwin-kessler-este-despre-binele-si-raul-din-noi\/","og_locale":"en_GB","og_type":"article","og_title":"Expozi\u021bia 'Rom\u00e2nIA' - deschis\u0103 la MNAR; Erwin Kessler: Este despre binele \u0219i r\u0103ul din noi - Carpathia Center Romania","og_description":"Expozi\u021bia &#8216;Rom\u00e2nIA &#8211; reprezentarea identitar\u0103 a portului popular \u00een art\u0103&#8217;, eveniment desf\u0103\u0219urat sub \u00cenaltul Patronaj al Pre\u0219edintelui Rom\u00e2niei, av\u00e2ndu-l drept curator pe managerul interimar al institu\u021biei muzeale, Erwin Kessler, a fost vernisat\u0103, joi sear\u0103, la Parterul Galeriei Na\u021bionale a Muzeului Na\u021bional de Art\u0103 al Rom\u00e2niei. &#8216;A\u0219a cum ve\u021bi vedea, expozi\u021bia aceasta este despre binele \u0219i...","og_url":"https:\/\/carpathiacenter.ro\/en\/expozitia-romania-deschisa-la-mnar-erwin-kessler-este-despre-binele-si-raul-din-noi\/","og_site_name":"Carpathia Center Romania","article_publisher":"https:\/\/www.facebook.com\/fdpscarpathia\/","article_published_time":"2025-11-21T06:28:15+00:00","article_modified_time":"2025-11-22T06:28:25+00:00","og_image":[{"width":800,"height":419,"url":"https:\/\/carpathiacenter.ro\/wp-content\/uploads\/2025\/11\/20251120213611_757345.jpg","type":"image\/jpeg"}],"author":"creativebitsolutions","twitter_card":"summary_large_image","twitter_misc":{"Written by":"creativebitsolutions","Estimated reading time":"5 minutes"},"schema":{"@context":"https:\/\/schema.org","@graph":[{"@type":"Article","@id":"https:\/\/carpathiacenter.ro\/expozitia-romania-deschisa-la-mnar-erwin-kessler-este-despre-binele-si-raul-din-noi\/#article","isPartOf":{"@id":"https:\/\/carpathiacenter.ro\/expozitia-romania-deschisa-la-mnar-erwin-kessler-este-despre-binele-si-raul-din-noi\/"},"author":{"name":"creativebitsolutions","@id":"https:\/\/carpathiacenter.ro\/#\/schema\/person\/03d9f58202fee8379268f34afa195006"},"headline":"Expozi\u021bia &#8216;Rom\u00e2nIA&#8217; &#8211; deschis\u0103 la MNAR; Erwin Kessler: Este despre binele \u0219i r\u0103ul din noi","datePublished":"2025-11-21T06:28:15+00:00","dateModified":"2025-11-22T06:28:25+00:00","mainEntityOfPage":{"@id":"https:\/\/carpathiacenter.ro\/expozitia-romania-deschisa-la-mnar-erwin-kessler-este-despre-binele-si-raul-din-noi\/"},"wordCount":925,"commentCount":0,"publisher":{"@id":"https:\/\/carpathiacenter.ro\/#organization"},"image":{"@id":"https:\/\/carpathiacenter.ro\/expozitia-romania-deschisa-la-mnar-erwin-kessler-este-despre-binele-si-raul-din-noi\/#primaryimage"},"thumbnailUrl":"https:\/\/carpathiacenter.ro\/wp-content\/uploads\/2025\/11\/20251120213611_757345.jpg","articleSection":["Uncategorized"],"inLanguage":"en-GB","potentialAction":[{"@type":"CommentAction","name":"Comment","target":["https:\/\/carpathiacenter.ro\/expozitia-romania-deschisa-la-mnar-erwin-kessler-este-despre-binele-si-raul-din-noi\/#respond"]}]},{"@type":"WebPage","@id":"https:\/\/carpathiacenter.ro\/expozitia-romania-deschisa-la-mnar-erwin-kessler-este-despre-binele-si-raul-din-noi\/","url":"https:\/\/carpathiacenter.ro\/expozitia-romania-deschisa-la-mnar-erwin-kessler-este-despre-binele-si-raul-din-noi\/","name":"Expozi\u021bia 'Rom\u00e2nIA' - deschis\u0103 la MNAR; Erwin Kessler: Este despre binele \u0219i r\u0103ul din noi - Carpathia Center Romania","isPartOf":{"@id":"https:\/\/carpathiacenter.ro\/#website"},"primaryImageOfPage":{"@id":"https:\/\/carpathiacenter.ro\/expozitia-romania-deschisa-la-mnar-erwin-kessler-este-despre-binele-si-raul-din-noi\/#primaryimage"},"image":{"@id":"https:\/\/carpathiacenter.ro\/expozitia-romania-deschisa-la-mnar-erwin-kessler-este-despre-binele-si-raul-din-noi\/#primaryimage"},"thumbnailUrl":"https:\/\/carpathiacenter.ro\/wp-content\/uploads\/2025\/11\/20251120213611_757345.jpg","datePublished":"2025-11-21T06:28:15+00:00","dateModified":"2025-11-22T06:28:25+00:00","breadcrumb":{"@id":"https:\/\/carpathiacenter.ro\/expozitia-romania-deschisa-la-mnar-erwin-kessler-este-despre-binele-si-raul-din-noi\/#breadcrumb"},"inLanguage":"en-GB","potentialAction":[{"@type":"ReadAction","target":["https:\/\/carpathiacenter.ro\/expozitia-romania-deschisa-la-mnar-erwin-kessler-este-despre-binele-si-raul-din-noi\/"]}]},{"@type":"ImageObject","inLanguage":"en-GB","@id":"https:\/\/carpathiacenter.ro\/expozitia-romania-deschisa-la-mnar-erwin-kessler-este-despre-binele-si-raul-din-noi\/#primaryimage","url":"https:\/\/carpathiacenter.ro\/wp-content\/uploads\/2025\/11\/20251120213611_757345.jpg","contentUrl":"https:\/\/carpathiacenter.ro\/wp-content\/uploads\/2025\/11\/20251120213611_757345.jpg","width":800,"height":419},{"@type":"BreadcrumbList","@id":"https:\/\/carpathiacenter.ro\/expozitia-romania-deschisa-la-mnar-erwin-kessler-este-despre-binele-si-raul-din-noi\/#breadcrumb","itemListElement":[{"@type":"ListItem","position":1,"name":"Prima pagin\u0103","item":"https:\/\/carpathiacenter.ro\/"},{"@type":"ListItem","position":2,"name":"Expozi\u021bia &#8216;Rom\u00e2nIA&#8217; &#8211; deschis\u0103 la MNAR; Erwin Kessler: Este despre binele \u0219i r\u0103ul din noi"}]},{"@type":"WebSite","@id":"https:\/\/carpathiacenter.ro\/#website","url":"https:\/\/carpathiacenter.ro\/","name":"Carpathia Center Romania","description":"Impossible made possible!","publisher":{"@id":"https:\/\/carpathiacenter.ro\/#organization"},"potentialAction":[{"@type":"SearchAction","target":{"@type":"EntryPoint","urlTemplate":"https:\/\/carpathiacenter.ro\/?s={search_term_string}"},"query-input":{"@type":"PropertyValueSpecification","valueRequired":true,"valueName":"search_term_string"}}],"inLanguage":"en-GB"},{"@type":"Organization","@id":"https:\/\/carpathiacenter.ro\/#organization","name":"Carpathia Center Romania","url":"https:\/\/carpathiacenter.ro\/","logo":{"@type":"ImageObject","inLanguage":"en-GB","@id":"https:\/\/carpathiacenter.ro\/#\/schema\/logo\/image\/","url":"https:\/\/carpathiacenter.ro\/wp-content\/uploads\/2024\/07\/logo-carpathia_bg_white-1024x941.png","contentUrl":"https:\/\/carpathiacenter.ro\/wp-content\/uploads\/2024\/07\/logo-carpathia_bg_white-1024x941.png","width":1024,"height":941,"caption":"Carpathia Center Romania"},"image":{"@id":"https:\/\/carpathiacenter.ro\/#\/schema\/logo\/image\/"},"sameAs":["https:\/\/www.facebook.com\/fdpscarpathia\/"]},{"@type":"Person","@id":"https:\/\/carpathiacenter.ro\/#\/schema\/person\/03d9f58202fee8379268f34afa195006","name":"creativebitsolutions","image":{"@type":"ImageObject","inLanguage":"en-GB","@id":"https:\/\/carpathiacenter.ro\/#\/schema\/person\/image\/","url":"https:\/\/secure.gravatar.com\/avatar\/1b1a13e37f847c635dab78348f1dff2f07651ee2a3d77a5c355a4b8c75f9165a?s=96&d=mm&r=g","contentUrl":"https:\/\/secure.gravatar.com\/avatar\/1b1a13e37f847c635dab78348f1dff2f07651ee2a3d77a5c355a4b8c75f9165a?s=96&d=mm&r=g","caption":"creativebitsolutions"},"url":"https:\/\/carpathiacenter.ro\/en\/author\/creativebitsolutions\/"}]}},"_links":{"self":[{"href":"https:\/\/carpathiacenter.ro\/en\/wp-json\/wp\/v2\/posts\/3380","targetHints":{"allow":["GET"]}}],"collection":[{"href":"https:\/\/carpathiacenter.ro\/en\/wp-json\/wp\/v2\/posts"}],"about":[{"href":"https:\/\/carpathiacenter.ro\/en\/wp-json\/wp\/v2\/types\/post"}],"author":[{"embeddable":true,"href":"https:\/\/carpathiacenter.ro\/en\/wp-json\/wp\/v2\/users\/4"}],"replies":[{"embeddable":true,"href":"https:\/\/carpathiacenter.ro\/en\/wp-json\/wp\/v2\/comments?post=3380"}],"version-history":[{"count":1,"href":"https:\/\/carpathiacenter.ro\/en\/wp-json\/wp\/v2\/posts\/3380\/revisions"}],"predecessor-version":[{"id":3384,"href":"https:\/\/carpathiacenter.ro\/en\/wp-json\/wp\/v2\/posts\/3380\/revisions\/3384"}],"wp:featuredmedia":[{"embeddable":true,"href":"https:\/\/carpathiacenter.ro\/en\/wp-json\/wp\/v2\/media\/3381"}],"wp:attachment":[{"href":"https:\/\/carpathiacenter.ro\/en\/wp-json\/wp\/v2\/media?parent=3380"}],"wp:term":[{"taxonomy":"category","embeddable":true,"href":"https:\/\/carpathiacenter.ro\/en\/wp-json\/wp\/v2\/categories?post=3380"},{"taxonomy":"post_tag","embeddable":true,"href":"https:\/\/carpathiacenter.ro\/en\/wp-json\/wp\/v2\/tags?post=3380"}],"curies":[{"name":"wp","href":"https:\/\/api.w.org\/{rel}","templated":true}]}}