{"id":3368,"date":"2025-11-20T08:47:37","date_gmt":"2025-11-20T08:47:37","guid":{"rendered":"https:\/\/carpathiacenter.ro\/?p=3368"},"modified":"2025-11-20T08:47:37","modified_gmt":"2025-11-20T08:47:37","slug":"bolojan-masurile-de-redresare-pe-care-le-am-luat-pana-acum-functioneaza-romania-e-pe-calea-cea-buna","status":"publish","type":"post","link":"https:\/\/carpathiacenter.ro\/en\/bolojan-masurile-de-redresare-pe-care-le-am-luat-pana-acum-functioneaza-romania-e-pe-calea-cea-buna\/","title":{"rendered":"Bolojan: M\u0103surile de redresare pe care le-am luat p\u00e2n\u0103 acum func\u021bioneaz\u0103; Rom\u00e2nia e pe calea cea bun\u0103"},"content":{"rendered":"<p>Premierul Ilie Bolojan afirm\u0103 c\u0103 m\u0103surile de redresare luate p\u00e2n\u0103 acum func\u021bioneaz\u0103, veniturile bugetare cresc \u0219i cheltuielile scad, Rom\u00e2nia fiind pe calea cea bun\u0103.<\/p>\n<p>Acesta arat\u0103 miercuri \u00eentr-o postare pe pagina sa de facebook c\u0103 \u00een trimestrul al III-lea, fa\u021b\u0103 de aceea\u0219i perioad\u0103 a anului trecut, &#8216;veniturile bugetului de stat au crescut cu 12,5%&#8217;.<\/p>\n<p>&#8216;De la 79,2 miliarde lei am ajuns la 89,1 miliarde lei. O cre\u0219tere de 9,9 miliarde lei&#8217;, a precizat premierul.<\/p>\n<p>Bolojan prezint\u0103 \u0219i evolu\u021bia altor indicatori: impozitul pe venit &#8211; cre\u0219tere cu 16,5%; \u00eencas\u0103rile din TVA &#8211; cre\u0219tere cu 14,8%; veniturile din accize &#8211; cre\u0219tere cu 11%.<\/p>\n<p>Potrivit acestuia, contribu\u021biile sociale \u00eencasate \u00een trimestrul III au crescut cu 8,5%, adic\u0103 4 miliarde lei \u00een plus, iar cheltuielile de personal au sc\u0103zut \u00een perioada iulie-septembrie cu 630 de milioane de lei.<\/p>\n<p>&#8216;\u00cen luna octombrie, cheltuielile de personal au sc\u0103zut cu 562 de milioane de lei fa\u021b\u0103 de aceea\u0219i lun\u0103 din 2024, de la 14,231 miliarde de lei la 13,6 miliarde de lei. Comparativ, \u00een primul semestru, cheltuielile de personal au crescut cu aproximativ 10% fa\u021b\u0103 de acela\u0219i semestru din 2024&#8217;, explic\u0103 Bolojan.<\/p>\n<p>\u0218eful Executivului se refer\u0103 \u0219i la progresul \u00eenregistrat \u00een implementarea PNRR.<\/p>\n<p>&#8216;Cu toate greut\u0103\u021bile, am deblocat \u0219i renegociat fondurile europene prin programul PNRR, acceler\u00e2nd pl\u0103\u021bile \u00een a doua jum\u0103tate a anului. Astfel, \u00een perioada ianuarie-iunie s-au f\u0103cut pl\u0103\u021bi de 2,62 miliarde euro, iar \u00een perioada iulie-septembrie s-au pl\u0103tit 1,45 miliarde euro&#8217;, a men\u021bionat Bolojan.<\/p>\n<p>Fa\u021b\u0103 de momentul instal\u0103rii guvernului, ROBOR la o lun\u0103 a sc\u0103zut de la 6,82% (23 iunie) la 5,81% ast\u0103zi, a ad\u0103ugat acesta.<\/p>\n<p>&#8216;Fa\u021b\u0103 de 1 iulie, Rom\u00e2nia se \u00eemprumut\u0103 mai ieftin pe toate maturit\u0103\u021bile \u0219i \u00een toate monedele, ceea ce reflect\u0103 \u00eencrederea crescut\u0103 a pie\u021belor \u00een m\u0103surile luate \u0219i \u00een stabilitatea economiei. Titlurile \u00een lei &#8211; sc\u0103dere cu aproximativ 53 de puncte de baz\u0103 pentru maturitatea de 5 ani \u0219i cu 51 de puncte de baz\u0103 pentru cea de 10 ani. Titlurile \u00een euro &#8211; sc\u0103dere cu 78 de puncte de baz\u0103 la 5 ani \u0219i 49 de puncte de baz\u0103 la 10 ani. Reducerea dob\u00e2nzilor se traduce \u00een economii importante ce sunt folosite pentru investi\u021bii, educa\u021bie sau s\u0103n\u0103tate. Investi\u021biile au crescut \u0219i devin principalul motor al economiei, conform ultimului raport al Comisiei Europene. Investi\u021biile vor accelera \u00een 2026-2027, sprijinite de fondurile europene \u0219i proiectele aflate \u00een derulare&#8217;, sus\u021bine Bolojan.<\/p>\n<p>Premierul previzioneaz\u0103 c\u0103 deficitul bugetar va sc\u0103dea la 6,2% \u00een 2026.<\/p>\n<p>&#8216;Mul\u021bumesc tuturor colegilor care au lucrat pentru aceste rezultate. Mul\u021bumesc rom\u00e2nilor care au \u00een\u021beles c\u0103 aceste eforturi sunt necesare pentru a dep\u0103\u0219i un moment dificil! Am toat\u0103 \u00eencrederea c\u0103, dac\u0103 vom men\u021bine acest curs, Rom\u00e2nia va reu\u0219i s\u0103-\u0219i ating\u0103 poten\u021bialul, iar via\u021ba rom\u00e2nilor va fi predictibil\u0103 \u0219i prosper\u0103&#8217;, a transmis \u0219eful Guvernului. AGERPRES\/ (AS &#8211; redactor: Daniel Florea, editor: Antonia Ni\u021b\u0103, editor online: Andreea L\u00e3z\u00e3roiu)<br \/>\n<br \/>\nSursa articolului:  <a href=\"https:\/\/agerpres.ro\/politic\/2025\/11\/19\/bolojan-masurile-de-redresare-pe-care-le-am-luat-pana-acum-functioneaza-romania-e-pe-calea-cea-buna--1504479\" target=\"_blank\" rel=\"noopener\" title=\"\">AGERPRES<\/a><\/p>","protected":false},"excerpt":{"rendered":"<p>Premierul Ilie Bolojan afirm\u0103 c\u0103 m\u0103surile de redresare luate p\u00e2n\u0103 acum func\u021bioneaz\u0103, veniturile bugetare cresc \u0219i cheltuielile scad, Rom\u00e2nia fiind pe calea cea bun\u0103. Acesta arat\u0103 miercuri \u00eentr-o postare pe pagina sa de facebook c\u0103 \u00een trimestrul al III-lea, fa\u021b\u0103 de aceea\u0219i perioad\u0103 a anului trecut, &#8216;veniturile bugetului de stat au crescut cu 12,5%&#8217;. &#8216;De&#8230;<\/p>","protected":false},"author":4,"featured_media":2679,"comment_status":"open","ping_status":"open","sticky":false,"template":"","format":"standard","meta":{"footnotes":""},"categories":[1],"tags":[],"class_list":["post-3368","post","type-post","status-publish","format-standard","has-post-thumbnail","hentry","category-uncategorized"],"yoast_head":"<!-- This site is optimized with the Yoast SEO plugin v26.1.1 - https:\/\/yoast.com\/wordpress\/plugins\/seo\/ -->\n<title>Bolojan: M\u0103surile de redresare pe care le-am luat p\u00e2n\u0103 acum func\u021bioneaz\u0103; Rom\u00e2nia e pe calea cea bun\u0103 - Carpathia Center Romania<\/title>\n<meta name=\"robots\" content=\"index, follow, max-snippet:-1, max-image-preview:large, max-video-preview:-1\" \/>\n<link rel=\"canonical\" href=\"https:\/\/carpathiacenter.ro\/en\/bolojan-masurile-de-redresare-pe-care-le-am-luat-pana-acum-functioneaza-romania-e-pe-calea-cea-buna\/\" \/>\n<meta property=\"og:locale\" content=\"en_GB\" \/>\n<meta property=\"og:type\" content=\"article\" \/>\n<meta property=\"og:title\" content=\"Bolojan: M\u0103surile de redresare pe care le-am luat p\u00e2n\u0103 acum func\u021bioneaz\u0103; Rom\u00e2nia e pe calea cea bun\u0103 - Carpathia Center Romania\" \/>\n<meta property=\"og:description\" content=\"Premierul Ilie Bolojan afirm\u0103 c\u0103 m\u0103surile de redresare luate p\u00e2n\u0103 acum func\u021bioneaz\u0103, veniturile bugetare cresc \u0219i cheltuielile scad, Rom\u00e2nia fiind pe calea cea bun\u0103. Acesta arat\u0103 miercuri \u00eentr-o postare pe pagina sa de facebook c\u0103 \u00een trimestrul al III-lea, fa\u021b\u0103 de aceea\u0219i perioad\u0103 a anului trecut, &#8216;veniturile bugetului de stat au crescut cu 12,5%&#8217;. &#8216;De...\" \/>\n<meta property=\"og:url\" content=\"https:\/\/carpathiacenter.ro\/en\/bolojan-masurile-de-redresare-pe-care-le-am-luat-pana-acum-functioneaza-romania-e-pe-calea-cea-buna\/\" \/>\n<meta property=\"og:site_name\" content=\"Carpathia Center Romania\" \/>\n<meta property=\"article:publisher\" content=\"https:\/\/www.facebook.com\/fdpscarpathia\/\" \/>\n<meta property=\"article:published_time\" content=\"2025-11-20T08:47:37+00:00\" \/>\n<meta property=\"og:image\" content=\"https:\/\/carpathiacenter.ro\/wp-content\/uploads\/2025\/07\/Ilie-Bolojan-Guvern.webp\" \/>\n\t<meta property=\"og:image:width\" content=\"1620\" \/>\n\t<meta property=\"og:image:height\" content=\"1080\" \/>\n\t<meta property=\"og:image:type\" content=\"image\/webp\" \/>\n<meta name=\"author\" content=\"creativebitsolutions\" \/>\n<meta name=\"twitter:card\" content=\"summary_large_image\" \/>\n<meta name=\"twitter:label1\" content=\"Written by\" \/>\n\t<meta name=\"twitter:data1\" content=\"creativebitsolutions\" \/>\n\t<meta name=\"twitter:label2\" content=\"Estimated reading time\" \/>\n\t<meta name=\"twitter:data2\" content=\"1 minute\" \/>\n<script type=\"application\/ld+json\" class=\"yoast-schema-graph\">{\"@context\":\"https:\/\/schema.org\",\"@graph\":[{\"@type\":\"Article\",\"@id\":\"https:\/\/carpathiacenter.ro\/bolojan-masurile-de-redresare-pe-care-le-am-luat-pana-acum-functioneaza-romania-e-pe-calea-cea-buna\/#article\",\"isPartOf\":{\"@id\":\"https:\/\/carpathiacenter.ro\/bolojan-masurile-de-redresare-pe-care-le-am-luat-pana-acum-functioneaza-romania-e-pe-calea-cea-buna\/\"},\"author\":{\"name\":\"creativebitsolutions\",\"@id\":\"https:\/\/carpathiacenter.ro\/#\/schema\/person\/03d9f58202fee8379268f34afa195006\"},\"headline\":\"Bolojan: M\u0103surile de redresare pe care le-am luat p\u00e2n\u0103 acum func\u021bioneaz\u0103; Rom\u00e2nia e pe calea cea bun\u0103\",\"datePublished\":\"2025-11-20T08:47:37+00:00\",\"mainEntityOfPage\":{\"@id\":\"https:\/\/carpathiacenter.ro\/bolojan-masurile-de-redresare-pe-care-le-am-luat-pana-acum-functioneaza-romania-e-pe-calea-cea-buna\/\"},\"wordCount\":515,\"commentCount\":0,\"publisher\":{\"@id\":\"https:\/\/carpathiacenter.ro\/#organization\"},\"image\":{\"@id\":\"https:\/\/carpathiacenter.ro\/bolojan-masurile-de-redresare-pe-care-le-am-luat-pana-acum-functioneaza-romania-e-pe-calea-cea-buna\/#primaryimage\"},\"thumbnailUrl\":\"https:\/\/carpathiacenter.ro\/wp-content\/uploads\/2025\/07\/Ilie-Bolojan-Guvern.webp\",\"articleSection\":[\"Uncategorized\"],\"inLanguage\":\"en-GB\",\"potentialAction\":[{\"@type\":\"CommentAction\",\"name\":\"Comment\",\"target\":[\"https:\/\/carpathiacenter.ro\/bolojan-masurile-de-redresare-pe-care-le-am-luat-pana-acum-functioneaza-romania-e-pe-calea-cea-buna\/#respond\"]}]},{\"@type\":\"WebPage\",\"@id\":\"https:\/\/carpathiacenter.ro\/bolojan-masurile-de-redresare-pe-care-le-am-luat-pana-acum-functioneaza-romania-e-pe-calea-cea-buna\/\",\"url\":\"https:\/\/carpathiacenter.ro\/bolojan-masurile-de-redresare-pe-care-le-am-luat-pana-acum-functioneaza-romania-e-pe-calea-cea-buna\/\",\"name\":\"Bolojan: M\u0103surile de redresare pe care le-am luat p\u00e2n\u0103 acum func\u021bioneaz\u0103; Rom\u00e2nia e pe calea cea bun\u0103 - Carpathia Center Romania\",\"isPartOf\":{\"@id\":\"https:\/\/carpathiacenter.ro\/#website\"},\"primaryImageOfPage\":{\"@id\":\"https:\/\/carpathiacenter.ro\/bolojan-masurile-de-redresare-pe-care-le-am-luat-pana-acum-functioneaza-romania-e-pe-calea-cea-buna\/#primaryimage\"},\"image\":{\"@id\":\"https:\/\/carpathiacenter.ro\/bolojan-masurile-de-redresare-pe-care-le-am-luat-pana-acum-functioneaza-romania-e-pe-calea-cea-buna\/#primaryimage\"},\"thumbnailUrl\":\"https:\/\/carpathiacenter.ro\/wp-content\/uploads\/2025\/07\/Ilie-Bolojan-Guvern.webp\",\"datePublished\":\"2025-11-20T08:47:37+00:00\",\"breadcrumb\":{\"@id\":\"https:\/\/carpathiacenter.ro\/bolojan-masurile-de-redresare-pe-care-le-am-luat-pana-acum-functioneaza-romania-e-pe-calea-cea-buna\/#breadcrumb\"},\"inLanguage\":\"en-GB\",\"potentialAction\":[{\"@type\":\"ReadAction\",\"target\":[\"https:\/\/carpathiacenter.ro\/bolojan-masurile-de-redresare-pe-care-le-am-luat-pana-acum-functioneaza-romania-e-pe-calea-cea-buna\/\"]}]},{\"@type\":\"ImageObject\",\"inLanguage\":\"en-GB\",\"@id\":\"https:\/\/carpathiacenter.ro\/bolojan-masurile-de-redresare-pe-care-le-am-luat-pana-acum-functioneaza-romania-e-pe-calea-cea-buna\/#primaryimage\",\"url\":\"https:\/\/carpathiacenter.ro\/wp-content\/uploads\/2025\/07\/Ilie-Bolojan-Guvern.webp\",\"contentUrl\":\"https:\/\/carpathiacenter.ro\/wp-content\/uploads\/2025\/07\/Ilie-Bolojan-Guvern.webp\",\"width\":1620,\"height\":1080},{\"@type\":\"BreadcrumbList\",\"@id\":\"https:\/\/carpathiacenter.ro\/bolojan-masurile-de-redresare-pe-care-le-am-luat-pana-acum-functioneaza-romania-e-pe-calea-cea-buna\/#breadcrumb\",\"itemListElement\":[{\"@type\":\"ListItem\",\"position\":1,\"name\":\"Prima pagin\u0103\",\"item\":\"https:\/\/carpathiacenter.ro\/\"},{\"@type\":\"ListItem\",\"position\":2,\"name\":\"Bolojan: M\u0103surile de redresare pe care le-am luat p\u00e2n\u0103 acum func\u021bioneaz\u0103; Rom\u00e2nia e pe calea cea bun\u0103\"}]},{\"@type\":\"WebSite\",\"@id\":\"https:\/\/carpathiacenter.ro\/#website\",\"url\":\"https:\/\/carpathiacenter.ro\/\",\"name\":\"Carpathia Center Romania\",\"description\":\"Impossible made possible!\",\"publisher\":{\"@id\":\"https:\/\/carpathiacenter.ro\/#organization\"},\"potentialAction\":[{\"@type\":\"SearchAction\",\"target\":{\"@type\":\"EntryPoint\",\"urlTemplate\":\"https:\/\/carpathiacenter.ro\/?s={search_term_string}\"},\"query-input\":{\"@type\":\"PropertyValueSpecification\",\"valueRequired\":true,\"valueName\":\"search_term_string\"}}],\"inLanguage\":\"en-GB\"},{\"@type\":\"Organization\",\"@id\":\"https:\/\/carpathiacenter.ro\/#organization\",\"name\":\"Carpathia Center Romania\",\"url\":\"https:\/\/carpathiacenter.ro\/\",\"logo\":{\"@type\":\"ImageObject\",\"inLanguage\":\"en-GB\",\"@id\":\"https:\/\/carpathiacenter.ro\/#\/schema\/logo\/image\/\",\"url\":\"https:\/\/carpathiacenter.ro\/wp-content\/uploads\/2024\/07\/logo-carpathia_bg_white-1024x941.png\",\"contentUrl\":\"https:\/\/carpathiacenter.ro\/wp-content\/uploads\/2024\/07\/logo-carpathia_bg_white-1024x941.png\",\"width\":1024,\"height\":941,\"caption\":\"Carpathia Center Romania\"},\"image\":{\"@id\":\"https:\/\/carpathiacenter.ro\/#\/schema\/logo\/image\/\"},\"sameAs\":[\"https:\/\/www.facebook.com\/fdpscarpathia\/\"]},{\"@type\":\"Person\",\"@id\":\"https:\/\/carpathiacenter.ro\/#\/schema\/person\/03d9f58202fee8379268f34afa195006\",\"name\":\"creativebitsolutions\",\"image\":{\"@type\":\"ImageObject\",\"inLanguage\":\"en-GB\",\"@id\":\"https:\/\/carpathiacenter.ro\/#\/schema\/person\/image\/\",\"url\":\"https:\/\/secure.gravatar.com\/avatar\/1b1a13e37f847c635dab78348f1dff2f07651ee2a3d77a5c355a4b8c75f9165a?s=96&d=mm&r=g\",\"contentUrl\":\"https:\/\/secure.gravatar.com\/avatar\/1b1a13e37f847c635dab78348f1dff2f07651ee2a3d77a5c355a4b8c75f9165a?s=96&d=mm&r=g\",\"caption\":\"creativebitsolutions\"},\"url\":\"https:\/\/carpathiacenter.ro\/en\/author\/creativebitsolutions\/\"}]}<\/script>\n<!-- \/ Yoast SEO plugin. -->","yoast_head_json":{"title":"Bolojan: M\u0103surile de redresare pe care le-am luat p\u00e2n\u0103 acum func\u021bioneaz\u0103; Rom\u00e2nia e pe calea cea bun\u0103 - Carpathia Center Romania","robots":{"index":"index","follow":"follow","max-snippet":"max-snippet:-1","max-image-preview":"max-image-preview:large","max-video-preview":"max-video-preview:-1"},"canonical":"https:\/\/carpathiacenter.ro\/en\/bolojan-masurile-de-redresare-pe-care-le-am-luat-pana-acum-functioneaza-romania-e-pe-calea-cea-buna\/","og_locale":"en_GB","og_type":"article","og_title":"Bolojan: M\u0103surile de redresare pe care le-am luat p\u00e2n\u0103 acum func\u021bioneaz\u0103; Rom\u00e2nia e pe calea cea bun\u0103 - Carpathia Center Romania","og_description":"Premierul Ilie Bolojan afirm\u0103 c\u0103 m\u0103surile de redresare luate p\u00e2n\u0103 acum func\u021bioneaz\u0103, veniturile bugetare cresc \u0219i cheltuielile scad, Rom\u00e2nia fiind pe calea cea bun\u0103. Acesta arat\u0103 miercuri \u00eentr-o postare pe pagina sa de facebook c\u0103 \u00een trimestrul al III-lea, fa\u021b\u0103 de aceea\u0219i perioad\u0103 a anului trecut, &#8216;veniturile bugetului de stat au crescut cu 12,5%&#8217;. &#8216;De...","og_url":"https:\/\/carpathiacenter.ro\/en\/bolojan-masurile-de-redresare-pe-care-le-am-luat-pana-acum-functioneaza-romania-e-pe-calea-cea-buna\/","og_site_name":"Carpathia Center Romania","article_publisher":"https:\/\/www.facebook.com\/fdpscarpathia\/","article_published_time":"2025-11-20T08:47:37+00:00","og_image":[{"width":1620,"height":1080,"url":"https:\/\/carpathiacenter.ro\/wp-content\/uploads\/2025\/07\/Ilie-Bolojan-Guvern.webp","type":"image\/webp"}],"author":"creativebitsolutions","twitter_card":"summary_large_image","twitter_misc":{"Written by":"creativebitsolutions","Estimated reading time":"1 minute"},"schema":{"@context":"https:\/\/schema.org","@graph":[{"@type":"Article","@id":"https:\/\/carpathiacenter.ro\/bolojan-masurile-de-redresare-pe-care-le-am-luat-pana-acum-functioneaza-romania-e-pe-calea-cea-buna\/#article","isPartOf":{"@id":"https:\/\/carpathiacenter.ro\/bolojan-masurile-de-redresare-pe-care-le-am-luat-pana-acum-functioneaza-romania-e-pe-calea-cea-buna\/"},"author":{"name":"creativebitsolutions","@id":"https:\/\/carpathiacenter.ro\/#\/schema\/person\/03d9f58202fee8379268f34afa195006"},"headline":"Bolojan: M\u0103surile de redresare pe care le-am luat p\u00e2n\u0103 acum func\u021bioneaz\u0103; Rom\u00e2nia e pe calea cea bun\u0103","datePublished":"2025-11-20T08:47:37+00:00","mainEntityOfPage":{"@id":"https:\/\/carpathiacenter.ro\/bolojan-masurile-de-redresare-pe-care-le-am-luat-pana-acum-functioneaza-romania-e-pe-calea-cea-buna\/"},"wordCount":515,"commentCount":0,"publisher":{"@id":"https:\/\/carpathiacenter.ro\/#organization"},"image":{"@id":"https:\/\/carpathiacenter.ro\/bolojan-masurile-de-redresare-pe-care-le-am-luat-pana-acum-functioneaza-romania-e-pe-calea-cea-buna\/#primaryimage"},"thumbnailUrl":"https:\/\/carpathiacenter.ro\/wp-content\/uploads\/2025\/07\/Ilie-Bolojan-Guvern.webp","articleSection":["Uncategorized"],"inLanguage":"en-GB","potentialAction":[{"@type":"CommentAction","name":"Comment","target":["https:\/\/carpathiacenter.ro\/bolojan-masurile-de-redresare-pe-care-le-am-luat-pana-acum-functioneaza-romania-e-pe-calea-cea-buna\/#respond"]}]},{"@type":"WebPage","@id":"https:\/\/carpathiacenter.ro\/bolojan-masurile-de-redresare-pe-care-le-am-luat-pana-acum-functioneaza-romania-e-pe-calea-cea-buna\/","url":"https:\/\/carpathiacenter.ro\/bolojan-masurile-de-redresare-pe-care-le-am-luat-pana-acum-functioneaza-romania-e-pe-calea-cea-buna\/","name":"Bolojan: M\u0103surile de redresare pe care le-am luat p\u00e2n\u0103 acum func\u021bioneaz\u0103; Rom\u00e2nia e pe calea cea bun\u0103 - Carpathia Center Romania","isPartOf":{"@id":"https:\/\/carpathiacenter.ro\/#website"},"primaryImageOfPage":{"@id":"https:\/\/carpathiacenter.ro\/bolojan-masurile-de-redresare-pe-care-le-am-luat-pana-acum-functioneaza-romania-e-pe-calea-cea-buna\/#primaryimage"},"image":{"@id":"https:\/\/carpathiacenter.ro\/bolojan-masurile-de-redresare-pe-care-le-am-luat-pana-acum-functioneaza-romania-e-pe-calea-cea-buna\/#primaryimage"},"thumbnailUrl":"https:\/\/carpathiacenter.ro\/wp-content\/uploads\/2025\/07\/Ilie-Bolojan-Guvern.webp","datePublished":"2025-11-20T08:47:37+00:00","breadcrumb":{"@id":"https:\/\/carpathiacenter.ro\/bolojan-masurile-de-redresare-pe-care-le-am-luat-pana-acum-functioneaza-romania-e-pe-calea-cea-buna\/#breadcrumb"},"inLanguage":"en-GB","potentialAction":[{"@type":"ReadAction","target":["https:\/\/carpathiacenter.ro\/bolojan-masurile-de-redresare-pe-care-le-am-luat-pana-acum-functioneaza-romania-e-pe-calea-cea-buna\/"]}]},{"@type":"ImageObject","inLanguage":"en-GB","@id":"https:\/\/carpathiacenter.ro\/bolojan-masurile-de-redresare-pe-care-le-am-luat-pana-acum-functioneaza-romania-e-pe-calea-cea-buna\/#primaryimage","url":"https:\/\/carpathiacenter.ro\/wp-content\/uploads\/2025\/07\/Ilie-Bolojan-Guvern.webp","contentUrl":"https:\/\/carpathiacenter.ro\/wp-content\/uploads\/2025\/07\/Ilie-Bolojan-Guvern.webp","width":1620,"height":1080},{"@type":"BreadcrumbList","@id":"https:\/\/carpathiacenter.ro\/bolojan-masurile-de-redresare-pe-care-le-am-luat-pana-acum-functioneaza-romania-e-pe-calea-cea-buna\/#breadcrumb","itemListElement":[{"@type":"ListItem","position":1,"name":"Prima pagin\u0103","item":"https:\/\/carpathiacenter.ro\/"},{"@type":"ListItem","position":2,"name":"Bolojan: M\u0103surile de redresare pe care le-am luat p\u00e2n\u0103 acum func\u021bioneaz\u0103; Rom\u00e2nia e pe calea cea bun\u0103"}]},{"@type":"WebSite","@id":"https:\/\/carpathiacenter.ro\/#website","url":"https:\/\/carpathiacenter.ro\/","name":"Carpathia Center Romania","description":"Impossible made possible!","publisher":{"@id":"https:\/\/carpathiacenter.ro\/#organization"},"potentialAction":[{"@type":"SearchAction","target":{"@type":"EntryPoint","urlTemplate":"https:\/\/carpathiacenter.ro\/?s={search_term_string}"},"query-input":{"@type":"PropertyValueSpecification","valueRequired":true,"valueName":"search_term_string"}}],"inLanguage":"en-GB"},{"@type":"Organization","@id":"https:\/\/carpathiacenter.ro\/#organization","name":"Carpathia Center Romania","url":"https:\/\/carpathiacenter.ro\/","logo":{"@type":"ImageObject","inLanguage":"en-GB","@id":"https:\/\/carpathiacenter.ro\/#\/schema\/logo\/image\/","url":"https:\/\/carpathiacenter.ro\/wp-content\/uploads\/2024\/07\/logo-carpathia_bg_white-1024x941.png","contentUrl":"https:\/\/carpathiacenter.ro\/wp-content\/uploads\/2024\/07\/logo-carpathia_bg_white-1024x941.png","width":1024,"height":941,"caption":"Carpathia Center Romania"},"image":{"@id":"https:\/\/carpathiacenter.ro\/#\/schema\/logo\/image\/"},"sameAs":["https:\/\/www.facebook.com\/fdpscarpathia\/"]},{"@type":"Person","@id":"https:\/\/carpathiacenter.ro\/#\/schema\/person\/03d9f58202fee8379268f34afa195006","name":"creativebitsolutions","image":{"@type":"ImageObject","inLanguage":"en-GB","@id":"https:\/\/carpathiacenter.ro\/#\/schema\/person\/image\/","url":"https:\/\/secure.gravatar.com\/avatar\/1b1a13e37f847c635dab78348f1dff2f07651ee2a3d77a5c355a4b8c75f9165a?s=96&d=mm&r=g","contentUrl":"https:\/\/secure.gravatar.com\/avatar\/1b1a13e37f847c635dab78348f1dff2f07651ee2a3d77a5c355a4b8c75f9165a?s=96&d=mm&r=g","caption":"creativebitsolutions"},"url":"https:\/\/carpathiacenter.ro\/en\/author\/creativebitsolutions\/"}]}},"_links":{"self":[{"href":"https:\/\/carpathiacenter.ro\/en\/wp-json\/wp\/v2\/posts\/3368","targetHints":{"allow":["GET"]}}],"collection":[{"href":"https:\/\/carpathiacenter.ro\/en\/wp-json\/wp\/v2\/posts"}],"about":[{"href":"https:\/\/carpathiacenter.ro\/en\/wp-json\/wp\/v2\/types\/post"}],"author":[{"embeddable":true,"href":"https:\/\/carpathiacenter.ro\/en\/wp-json\/wp\/v2\/users\/4"}],"replies":[{"embeddable":true,"href":"https:\/\/carpathiacenter.ro\/en\/wp-json\/wp\/v2\/comments?post=3368"}],"version-history":[{"count":1,"href":"https:\/\/carpathiacenter.ro\/en\/wp-json\/wp\/v2\/posts\/3368\/revisions"}],"predecessor-version":[{"id":3369,"href":"https:\/\/carpathiacenter.ro\/en\/wp-json\/wp\/v2\/posts\/3368\/revisions\/3369"}],"wp:featuredmedia":[{"embeddable":true,"href":"https:\/\/carpathiacenter.ro\/en\/wp-json\/wp\/v2\/media\/2679"}],"wp:attachment":[{"href":"https:\/\/carpathiacenter.ro\/en\/wp-json\/wp\/v2\/media?parent=3368"}],"wp:term":[{"taxonomy":"category","embeddable":true,"href":"https:\/\/carpathiacenter.ro\/en\/wp-json\/wp\/v2\/categories?post=3368"},{"taxonomy":"post_tag","embeddable":true,"href":"https:\/\/carpathiacenter.ro\/en\/wp-json\/wp\/v2\/tags?post=3368"}],"curies":[{"name":"wp","href":"https:\/\/api.w.org\/{rel}","templated":true}]}}