{"id":3361,"date":"2025-11-19T09:49:47","date_gmt":"2025-11-19T09:49:47","guid":{"rendered":"https:\/\/carpathiacenter.ro\/?p=3361"},"modified":"2025-11-19T09:49:47","modified_gmt":"2025-11-19T09:49:47","slug":"bogdan-ivan-romania-primul-pas-spre-aderarea-la-agentia-internationala-pentru-energie","status":"publish","type":"post","link":"https:\/\/carpathiacenter.ro\/en\/bogdan-ivan-romania-primul-pas-spre-aderarea-la-agentia-internationala-pentru-energie\/","title":{"rendered":"Bogdan Ivan: Rom\u00e2nia, primul pas spre aderarea la Agen\u021bia Interna\u021bional\u0103 pentru Energie"},"content":{"rendered":"<p>Boardul Agen\u021biei Interna\u021bionale pentru Energie (IEA) a transmis sus\u021binerea total\u0103 pentru aderarea Rom\u00e2niei la aceast\u0103 organiza\u021bie, care reune\u0219te peste 40 de state \u0219i fixeaz\u0103 direc\u021biile energetice strategice la nivel global, a anun\u021bat, mar\u021bi seara, ministrul Energiei, Bogdan Ivan.<\/p>\n<p>&#8216;Recunoa\u0219tere uria\u0219\u0103 pentru Rom\u00e2nia: \u00een cadrul \u00eent\u00e2lnirii de ast\u0103zi, Fatih Birol \u0219i boardul IEA mi-au transmis sus\u021binerea lor total\u0103 pentru aderarea la IEA, organiza\u021bia care reune\u0219te peste 40 de state \u0219i fixeaz\u0103 direc\u021biile energetice strategice la nivel global. Comunitatea statelor campioni energetici au \u00een\u021beles un lucru clar: Rom\u00e2nia \u00ee\u0219i va dezvolta un mix energetic puternic, prin proiectele pe care le implement\u0103m \u00een nuclear, eolian, hidro, solar \u0219i \u00een proiectul Neptun Deep din Marea Neagr\u0103&#8217;, <a href=\"https:\/\/www.facebook.com\/bogdan.ivangruia\/posts\/pfbid0L47LNXEauSBVSTH7D1ayDk6jNBpm21uwykZ1L7ycCEMA2D67FoYmkBay45FJiY4sl\" target=\"_blank\">a scris<\/a> ministrul pe pagina sa de Facebook.<\/p>\n<p>Acesta a precizat c\u0103 Fatih Birol a reamintit c\u0103 hidroenergia este gigantul uitat al electricit\u0103\u021bii, produc\u00e2nd 14% din energia lumii, &#8216;mai mult dec\u00e2t nuclearul \u0219i c\u00e2t energia eolian\u0103 \u0219i cea solar\u0103 la un loc&#8217;.<\/p>\n<p>&#8216;Odat\u0103 cu cre\u0219terea consumului global \u0219i extinderea centrelor de date, hidroenergia va deveni \u0219i mai important\u0103. Pentru Rom\u00e2nia, concluzia e simpl\u0103: trebuie s\u0103 finaliz\u0103m proiectele energetice \u00eencepute &#8211; \u00een hidro, nuclear, eolian, gaz \u0219i infrastructur\u0103 &#8211; ca s\u0103 ne \u00eent\u0103rim pozi\u021bia regional\u0103&#8217;, a mai transmis ministrul Energiei pe pagina sa de socializare.AGERPRES\/(AS &#8211; editor: Mariana Nica, editor online: Andreea L\u00e3z\u00e3roiu)<br \/>\n<br \/>\nSursa articolului:  <a href=\"https:\/\/agerpres.ro\/economic\/2025\/11\/18\/bogdan-ivan-romania-primul-pas-spre-aderarea-la-agentia-internationala-pentru-energie--1504101\" target=\"_blank\" rel=\"noopener\" title=\"\">AGERPRES<\/a><\/p>","protected":false},"excerpt":{"rendered":"<p>Boardul Agen\u021biei Interna\u021bionale pentru Energie (IEA) a transmis sus\u021binerea total\u0103 pentru aderarea Rom\u00e2niei la aceast\u0103 organiza\u021bie, care reune\u0219te peste 40 de state \u0219i fixeaz\u0103 direc\u021biile energetice strategice la nivel global, a anun\u021bat, mar\u021bi seara, ministrul Energiei, Bogdan Ivan. &#8216;Recunoa\u0219tere uria\u0219\u0103 pentru Rom\u00e2nia: \u00een cadrul \u00eent\u00e2lnirii de ast\u0103zi, Fatih Birol \u0219i boardul IEA mi-au transmis sus\u021binerea&#8230;<\/p>","protected":false},"author":4,"featured_media":2905,"comment_status":"open","ping_status":"open","sticky":false,"template":"","format":"standard","meta":{"footnotes":""},"categories":[1],"tags":[],"class_list":["post-3361","post","type-post","status-publish","format-standard","has-post-thumbnail","hentry","category-uncategorized"],"yoast_head":"<!-- This site is optimized with the Yoast SEO plugin v26.1.1 - https:\/\/yoast.com\/wordpress\/plugins\/seo\/ -->\n<title>Bogdan Ivan: Rom\u00e2nia, primul pas spre aderarea la Agen\u021bia Interna\u021bional\u0103 pentru Energie - Carpathia Center Romania<\/title>\n<meta name=\"robots\" content=\"index, follow, max-snippet:-1, max-image-preview:large, max-video-preview:-1\" \/>\n<link rel=\"canonical\" href=\"https:\/\/carpathiacenter.ro\/en\/bogdan-ivan-romania-primul-pas-spre-aderarea-la-agentia-internationala-pentru-energie\/\" \/>\n<meta property=\"og:locale\" content=\"en_GB\" \/>\n<meta property=\"og:type\" content=\"article\" \/>\n<meta property=\"og:title\" content=\"Bogdan Ivan: Rom\u00e2nia, primul pas spre aderarea la Agen\u021bia Interna\u021bional\u0103 pentru Energie - Carpathia Center Romania\" \/>\n<meta property=\"og:description\" content=\"Boardul Agen\u021biei Interna\u021bionale pentru Energie (IEA) a transmis sus\u021binerea total\u0103 pentru aderarea Rom\u00e2niei la aceast\u0103 organiza\u021bie, care reune\u0219te peste 40 de state \u0219i fixeaz\u0103 direc\u021biile energetice strategice la nivel global, a anun\u021bat, mar\u021bi seara, ministrul Energiei, Bogdan Ivan. &#8216;Recunoa\u0219tere uria\u0219\u0103 pentru Rom\u00e2nia: \u00een cadrul \u00eent\u00e2lnirii de ast\u0103zi, Fatih Birol \u0219i boardul IEA mi-au transmis sus\u021binerea...\" \/>\n<meta property=\"og:url\" content=\"https:\/\/carpathiacenter.ro\/en\/bogdan-ivan-romania-primul-pas-spre-aderarea-la-agentia-internationala-pentru-energie\/\" \/>\n<meta property=\"og:site_name\" content=\"Carpathia Center Romania\" \/>\n<meta property=\"article:publisher\" content=\"https:\/\/www.facebook.com\/fdpscarpathia\/\" \/>\n<meta property=\"article:published_time\" content=\"2025-11-19T09:49:47+00:00\" \/>\n<meta property=\"og:image\" content=\"https:\/\/carpathiacenter.ro\/wp-content\/uploads\/2025\/08\/ministrul-bogdan-ivan.jpg\" \/>\n\t<meta property=\"og:image:width\" content=\"1600\" \/>\n\t<meta property=\"og:image:height\" content=\"1067\" \/>\n\t<meta property=\"og:image:type\" content=\"image\/jpeg\" \/>\n<meta name=\"author\" content=\"creativebitsolutions\" \/>\n<meta name=\"twitter:card\" content=\"summary_large_image\" \/>\n<meta name=\"twitter:label1\" content=\"Written by\" \/>\n\t<meta name=\"twitter:data1\" content=\"creativebitsolutions\" \/>\n<script type=\"application\/ld+json\" class=\"yoast-schema-graph\">{\"@context\":\"https:\/\/schema.org\",\"@graph\":[{\"@type\":\"Article\",\"@id\":\"https:\/\/carpathiacenter.ro\/bogdan-ivan-romania-primul-pas-spre-aderarea-la-agentia-internationala-pentru-energie\/#article\",\"isPartOf\":{\"@id\":\"https:\/\/carpathiacenter.ro\/bogdan-ivan-romania-primul-pas-spre-aderarea-la-agentia-internationala-pentru-energie\/\"},\"author\":{\"name\":\"creativebitsolutions\",\"@id\":\"https:\/\/carpathiacenter.ro\/#\/schema\/person\/03d9f58202fee8379268f34afa195006\"},\"headline\":\"Bogdan Ivan: Rom\u00e2nia, primul pas spre aderarea la Agen\u021bia Interna\u021bional\u0103 pentru Energie\",\"datePublished\":\"2025-11-19T09:49:47+00:00\",\"mainEntityOfPage\":{\"@id\":\"https:\/\/carpathiacenter.ro\/bogdan-ivan-romania-primul-pas-spre-aderarea-la-agentia-internationala-pentru-energie\/\"},\"wordCount\":262,\"commentCount\":0,\"publisher\":{\"@id\":\"https:\/\/carpathiacenter.ro\/#organization\"},\"image\":{\"@id\":\"https:\/\/carpathiacenter.ro\/bogdan-ivan-romania-primul-pas-spre-aderarea-la-agentia-internationala-pentru-energie\/#primaryimage\"},\"thumbnailUrl\":\"https:\/\/carpathiacenter.ro\/wp-content\/uploads\/2025\/08\/ministrul-bogdan-ivan.jpg\",\"articleSection\":[\"Uncategorized\"],\"inLanguage\":\"en-GB\",\"potentialAction\":[{\"@type\":\"CommentAction\",\"name\":\"Comment\",\"target\":[\"https:\/\/carpathiacenter.ro\/bogdan-ivan-romania-primul-pas-spre-aderarea-la-agentia-internationala-pentru-energie\/#respond\"]}]},{\"@type\":\"WebPage\",\"@id\":\"https:\/\/carpathiacenter.ro\/bogdan-ivan-romania-primul-pas-spre-aderarea-la-agentia-internationala-pentru-energie\/\",\"url\":\"https:\/\/carpathiacenter.ro\/bogdan-ivan-romania-primul-pas-spre-aderarea-la-agentia-internationala-pentru-energie\/\",\"name\":\"Bogdan Ivan: Rom\u00e2nia, primul pas spre aderarea la Agen\u021bia Interna\u021bional\u0103 pentru Energie - Carpathia Center Romania\",\"isPartOf\":{\"@id\":\"https:\/\/carpathiacenter.ro\/#website\"},\"primaryImageOfPage\":{\"@id\":\"https:\/\/carpathiacenter.ro\/bogdan-ivan-romania-primul-pas-spre-aderarea-la-agentia-internationala-pentru-energie\/#primaryimage\"},\"image\":{\"@id\":\"https:\/\/carpathiacenter.ro\/bogdan-ivan-romania-primul-pas-spre-aderarea-la-agentia-internationala-pentru-energie\/#primaryimage\"},\"thumbnailUrl\":\"https:\/\/carpathiacenter.ro\/wp-content\/uploads\/2025\/08\/ministrul-bogdan-ivan.jpg\",\"datePublished\":\"2025-11-19T09:49:47+00:00\",\"breadcrumb\":{\"@id\":\"https:\/\/carpathiacenter.ro\/bogdan-ivan-romania-primul-pas-spre-aderarea-la-agentia-internationala-pentru-energie\/#breadcrumb\"},\"inLanguage\":\"en-GB\",\"potentialAction\":[{\"@type\":\"ReadAction\",\"target\":[\"https:\/\/carpathiacenter.ro\/bogdan-ivan-romania-primul-pas-spre-aderarea-la-agentia-internationala-pentru-energie\/\"]}]},{\"@type\":\"ImageObject\",\"inLanguage\":\"en-GB\",\"@id\":\"https:\/\/carpathiacenter.ro\/bogdan-ivan-romania-primul-pas-spre-aderarea-la-agentia-internationala-pentru-energie\/#primaryimage\",\"url\":\"https:\/\/carpathiacenter.ro\/wp-content\/uploads\/2025\/08\/ministrul-bogdan-ivan.jpg\",\"contentUrl\":\"https:\/\/carpathiacenter.ro\/wp-content\/uploads\/2025\/08\/ministrul-bogdan-ivan.jpg\",\"width\":1600,\"height\":1067},{\"@type\":\"BreadcrumbList\",\"@id\":\"https:\/\/carpathiacenter.ro\/bogdan-ivan-romania-primul-pas-spre-aderarea-la-agentia-internationala-pentru-energie\/#breadcrumb\",\"itemListElement\":[{\"@type\":\"ListItem\",\"position\":1,\"name\":\"Prima pagin\u0103\",\"item\":\"https:\/\/carpathiacenter.ro\/\"},{\"@type\":\"ListItem\",\"position\":2,\"name\":\"Bogdan Ivan: Rom\u00e2nia, primul pas spre aderarea la Agen\u021bia Interna\u021bional\u0103 pentru Energie\"}]},{\"@type\":\"WebSite\",\"@id\":\"https:\/\/carpathiacenter.ro\/#website\",\"url\":\"https:\/\/carpathiacenter.ro\/\",\"name\":\"Carpathia Center Romania\",\"description\":\"Impossible made possible!\",\"publisher\":{\"@id\":\"https:\/\/carpathiacenter.ro\/#organization\"},\"potentialAction\":[{\"@type\":\"SearchAction\",\"target\":{\"@type\":\"EntryPoint\",\"urlTemplate\":\"https:\/\/carpathiacenter.ro\/?s={search_term_string}\"},\"query-input\":{\"@type\":\"PropertyValueSpecification\",\"valueRequired\":true,\"valueName\":\"search_term_string\"}}],\"inLanguage\":\"en-GB\"},{\"@type\":\"Organization\",\"@id\":\"https:\/\/carpathiacenter.ro\/#organization\",\"name\":\"Carpathia Center Romania\",\"url\":\"https:\/\/carpathiacenter.ro\/\",\"logo\":{\"@type\":\"ImageObject\",\"inLanguage\":\"en-GB\",\"@id\":\"https:\/\/carpathiacenter.ro\/#\/schema\/logo\/image\/\",\"url\":\"https:\/\/carpathiacenter.ro\/wp-content\/uploads\/2024\/07\/logo-carpathia_bg_white-1024x941.png\",\"contentUrl\":\"https:\/\/carpathiacenter.ro\/wp-content\/uploads\/2024\/07\/logo-carpathia_bg_white-1024x941.png\",\"width\":1024,\"height\":941,\"caption\":\"Carpathia Center Romania\"},\"image\":{\"@id\":\"https:\/\/carpathiacenter.ro\/#\/schema\/logo\/image\/\"},\"sameAs\":[\"https:\/\/www.facebook.com\/fdpscarpathia\/\"]},{\"@type\":\"Person\",\"@id\":\"https:\/\/carpathiacenter.ro\/#\/schema\/person\/03d9f58202fee8379268f34afa195006\",\"name\":\"creativebitsolutions\",\"image\":{\"@type\":\"ImageObject\",\"inLanguage\":\"en-GB\",\"@id\":\"https:\/\/carpathiacenter.ro\/#\/schema\/person\/image\/\",\"url\":\"https:\/\/secure.gravatar.com\/avatar\/1b1a13e37f847c635dab78348f1dff2f07651ee2a3d77a5c355a4b8c75f9165a?s=96&d=mm&r=g\",\"contentUrl\":\"https:\/\/secure.gravatar.com\/avatar\/1b1a13e37f847c635dab78348f1dff2f07651ee2a3d77a5c355a4b8c75f9165a?s=96&d=mm&r=g\",\"caption\":\"creativebitsolutions\"},\"url\":\"https:\/\/carpathiacenter.ro\/en\/author\/creativebitsolutions\/\"}]}<\/script>\n<!-- \/ Yoast SEO plugin. -->","yoast_head_json":{"title":"Bogdan Ivan: Rom\u00e2nia, primul pas spre aderarea la Agen\u021bia Interna\u021bional\u0103 pentru Energie - Carpathia Center Romania","robots":{"index":"index","follow":"follow","max-snippet":"max-snippet:-1","max-image-preview":"max-image-preview:large","max-video-preview":"max-video-preview:-1"},"canonical":"https:\/\/carpathiacenter.ro\/en\/bogdan-ivan-romania-primul-pas-spre-aderarea-la-agentia-internationala-pentru-energie\/","og_locale":"en_GB","og_type":"article","og_title":"Bogdan Ivan: Rom\u00e2nia, primul pas spre aderarea la Agen\u021bia Interna\u021bional\u0103 pentru Energie - Carpathia Center Romania","og_description":"Boardul Agen\u021biei Interna\u021bionale pentru Energie (IEA) a transmis sus\u021binerea total\u0103 pentru aderarea Rom\u00e2niei la aceast\u0103 organiza\u021bie, care reune\u0219te peste 40 de state \u0219i fixeaz\u0103 direc\u021biile energetice strategice la nivel global, a anun\u021bat, mar\u021bi seara, ministrul Energiei, Bogdan Ivan. &#8216;Recunoa\u0219tere uria\u0219\u0103 pentru Rom\u00e2nia: \u00een cadrul \u00eent\u00e2lnirii de ast\u0103zi, Fatih Birol \u0219i boardul IEA mi-au transmis sus\u021binerea...","og_url":"https:\/\/carpathiacenter.ro\/en\/bogdan-ivan-romania-primul-pas-spre-aderarea-la-agentia-internationala-pentru-energie\/","og_site_name":"Carpathia Center Romania","article_publisher":"https:\/\/www.facebook.com\/fdpscarpathia\/","article_published_time":"2025-11-19T09:49:47+00:00","og_image":[{"width":1600,"height":1067,"url":"https:\/\/carpathiacenter.ro\/wp-content\/uploads\/2025\/08\/ministrul-bogdan-ivan.jpg","type":"image\/jpeg"}],"author":"creativebitsolutions","twitter_card":"summary_large_image","twitter_misc":{"Written by":"creativebitsolutions"},"schema":{"@context":"https:\/\/schema.org","@graph":[{"@type":"Article","@id":"https:\/\/carpathiacenter.ro\/bogdan-ivan-romania-primul-pas-spre-aderarea-la-agentia-internationala-pentru-energie\/#article","isPartOf":{"@id":"https:\/\/carpathiacenter.ro\/bogdan-ivan-romania-primul-pas-spre-aderarea-la-agentia-internationala-pentru-energie\/"},"author":{"name":"creativebitsolutions","@id":"https:\/\/carpathiacenter.ro\/#\/schema\/person\/03d9f58202fee8379268f34afa195006"},"headline":"Bogdan Ivan: Rom\u00e2nia, primul pas spre aderarea la Agen\u021bia Interna\u021bional\u0103 pentru Energie","datePublished":"2025-11-19T09:49:47+00:00","mainEntityOfPage":{"@id":"https:\/\/carpathiacenter.ro\/bogdan-ivan-romania-primul-pas-spre-aderarea-la-agentia-internationala-pentru-energie\/"},"wordCount":262,"commentCount":0,"publisher":{"@id":"https:\/\/carpathiacenter.ro\/#organization"},"image":{"@id":"https:\/\/carpathiacenter.ro\/bogdan-ivan-romania-primul-pas-spre-aderarea-la-agentia-internationala-pentru-energie\/#primaryimage"},"thumbnailUrl":"https:\/\/carpathiacenter.ro\/wp-content\/uploads\/2025\/08\/ministrul-bogdan-ivan.jpg","articleSection":["Uncategorized"],"inLanguage":"en-GB","potentialAction":[{"@type":"CommentAction","name":"Comment","target":["https:\/\/carpathiacenter.ro\/bogdan-ivan-romania-primul-pas-spre-aderarea-la-agentia-internationala-pentru-energie\/#respond"]}]},{"@type":"WebPage","@id":"https:\/\/carpathiacenter.ro\/bogdan-ivan-romania-primul-pas-spre-aderarea-la-agentia-internationala-pentru-energie\/","url":"https:\/\/carpathiacenter.ro\/bogdan-ivan-romania-primul-pas-spre-aderarea-la-agentia-internationala-pentru-energie\/","name":"Bogdan Ivan: Rom\u00e2nia, primul pas spre aderarea la Agen\u021bia Interna\u021bional\u0103 pentru Energie - Carpathia Center Romania","isPartOf":{"@id":"https:\/\/carpathiacenter.ro\/#website"},"primaryImageOfPage":{"@id":"https:\/\/carpathiacenter.ro\/bogdan-ivan-romania-primul-pas-spre-aderarea-la-agentia-internationala-pentru-energie\/#primaryimage"},"image":{"@id":"https:\/\/carpathiacenter.ro\/bogdan-ivan-romania-primul-pas-spre-aderarea-la-agentia-internationala-pentru-energie\/#primaryimage"},"thumbnailUrl":"https:\/\/carpathiacenter.ro\/wp-content\/uploads\/2025\/08\/ministrul-bogdan-ivan.jpg","datePublished":"2025-11-19T09:49:47+00:00","breadcrumb":{"@id":"https:\/\/carpathiacenter.ro\/bogdan-ivan-romania-primul-pas-spre-aderarea-la-agentia-internationala-pentru-energie\/#breadcrumb"},"inLanguage":"en-GB","potentialAction":[{"@type":"ReadAction","target":["https:\/\/carpathiacenter.ro\/bogdan-ivan-romania-primul-pas-spre-aderarea-la-agentia-internationala-pentru-energie\/"]}]},{"@type":"ImageObject","inLanguage":"en-GB","@id":"https:\/\/carpathiacenter.ro\/bogdan-ivan-romania-primul-pas-spre-aderarea-la-agentia-internationala-pentru-energie\/#primaryimage","url":"https:\/\/carpathiacenter.ro\/wp-content\/uploads\/2025\/08\/ministrul-bogdan-ivan.jpg","contentUrl":"https:\/\/carpathiacenter.ro\/wp-content\/uploads\/2025\/08\/ministrul-bogdan-ivan.jpg","width":1600,"height":1067},{"@type":"BreadcrumbList","@id":"https:\/\/carpathiacenter.ro\/bogdan-ivan-romania-primul-pas-spre-aderarea-la-agentia-internationala-pentru-energie\/#breadcrumb","itemListElement":[{"@type":"ListItem","position":1,"name":"Prima pagin\u0103","item":"https:\/\/carpathiacenter.ro\/"},{"@type":"ListItem","position":2,"name":"Bogdan Ivan: Rom\u00e2nia, primul pas spre aderarea la Agen\u021bia Interna\u021bional\u0103 pentru Energie"}]},{"@type":"WebSite","@id":"https:\/\/carpathiacenter.ro\/#website","url":"https:\/\/carpathiacenter.ro\/","name":"Carpathia Center Romania","description":"Impossible made possible!","publisher":{"@id":"https:\/\/carpathiacenter.ro\/#organization"},"potentialAction":[{"@type":"SearchAction","target":{"@type":"EntryPoint","urlTemplate":"https:\/\/carpathiacenter.ro\/?s={search_term_string}"},"query-input":{"@type":"PropertyValueSpecification","valueRequired":true,"valueName":"search_term_string"}}],"inLanguage":"en-GB"},{"@type":"Organization","@id":"https:\/\/carpathiacenter.ro\/#organization","name":"Carpathia Center Romania","url":"https:\/\/carpathiacenter.ro\/","logo":{"@type":"ImageObject","inLanguage":"en-GB","@id":"https:\/\/carpathiacenter.ro\/#\/schema\/logo\/image\/","url":"https:\/\/carpathiacenter.ro\/wp-content\/uploads\/2024\/07\/logo-carpathia_bg_white-1024x941.png","contentUrl":"https:\/\/carpathiacenter.ro\/wp-content\/uploads\/2024\/07\/logo-carpathia_bg_white-1024x941.png","width":1024,"height":941,"caption":"Carpathia Center Romania"},"image":{"@id":"https:\/\/carpathiacenter.ro\/#\/schema\/logo\/image\/"},"sameAs":["https:\/\/www.facebook.com\/fdpscarpathia\/"]},{"@type":"Person","@id":"https:\/\/carpathiacenter.ro\/#\/schema\/person\/03d9f58202fee8379268f34afa195006","name":"creativebitsolutions","image":{"@type":"ImageObject","inLanguage":"en-GB","@id":"https:\/\/carpathiacenter.ro\/#\/schema\/person\/image\/","url":"https:\/\/secure.gravatar.com\/avatar\/1b1a13e37f847c635dab78348f1dff2f07651ee2a3d77a5c355a4b8c75f9165a?s=96&d=mm&r=g","contentUrl":"https:\/\/secure.gravatar.com\/avatar\/1b1a13e37f847c635dab78348f1dff2f07651ee2a3d77a5c355a4b8c75f9165a?s=96&d=mm&r=g","caption":"creativebitsolutions"},"url":"https:\/\/carpathiacenter.ro\/en\/author\/creativebitsolutions\/"}]}},"_links":{"self":[{"href":"https:\/\/carpathiacenter.ro\/en\/wp-json\/wp\/v2\/posts\/3361","targetHints":{"allow":["GET"]}}],"collection":[{"href":"https:\/\/carpathiacenter.ro\/en\/wp-json\/wp\/v2\/posts"}],"about":[{"href":"https:\/\/carpathiacenter.ro\/en\/wp-json\/wp\/v2\/types\/post"}],"author":[{"embeddable":true,"href":"https:\/\/carpathiacenter.ro\/en\/wp-json\/wp\/v2\/users\/4"}],"replies":[{"embeddable":true,"href":"https:\/\/carpathiacenter.ro\/en\/wp-json\/wp\/v2\/comments?post=3361"}],"version-history":[{"count":1,"href":"https:\/\/carpathiacenter.ro\/en\/wp-json\/wp\/v2\/posts\/3361\/revisions"}],"predecessor-version":[{"id":3362,"href":"https:\/\/carpathiacenter.ro\/en\/wp-json\/wp\/v2\/posts\/3361\/revisions\/3362"}],"wp:featuredmedia":[{"embeddable":true,"href":"https:\/\/carpathiacenter.ro\/en\/wp-json\/wp\/v2\/media\/2905"}],"wp:attachment":[{"href":"https:\/\/carpathiacenter.ro\/en\/wp-json\/wp\/v2\/media?parent=3361"}],"wp:term":[{"taxonomy":"category","embeddable":true,"href":"https:\/\/carpathiacenter.ro\/en\/wp-json\/wp\/v2\/categories?post=3361"},{"taxonomy":"post_tag","embeddable":true,"href":"https:\/\/carpathiacenter.ro\/en\/wp-json\/wp\/v2\/tags?post=3361"}],"curies":[{"name":"wp","href":"https:\/\/api.w.org\/{rel}","templated":true}]}}