{"id":3338,"date":"2025-11-17T10:29:09","date_gmt":"2025-11-17T10:29:09","guid":{"rendered":"https:\/\/carpathiacenter.ro\/?p=3338"},"modified":"2025-11-17T10:29:09","modified_gmt":"2025-11-17T10:29:09","slug":"bucuresti-jurnalistul-robert-schwartz-nominalizarea-usr-pentru-conducerea-societatii-romane-de-radiodifuziune","status":"publish","type":"post","link":"https:\/\/carpathiacenter.ro\/en\/bucuresti-jurnalistul-robert-schwartz-nominalizarea-usr-pentru-conducerea-societatii-romane-de-radiodifuziune\/","title":{"rendered":"Bucure\u0219ti: Jurnalistul Robert Schwartz, nominalizarea USR pentru conducerea Societ\u0103\u021bii Rom\u00e2ne de Radiodifuziune"},"content":{"rendered":"<p>Biroul Na\u021bional al USR a decis duminic\u0103, prin vot, nominaliz\u0103rile pentru Consiliile de administra\u021bie ale Societ\u0103\u021bii Rom\u00e2ne de Televiziune (SRTv) \u0219i Societ\u0103\u021bii Rom\u00e2ne de Radiodifuziune (SRR), precum \u0219i pentru func\u021bia de director al SRR.<\/p>\n<p>Pentru conducerea SRR a fost nominalizat jurnalistul Robert Schwartz, cu peste 30 de ani de experien\u021b\u0103 la Deutsche Welle, unde a condus \u00eentre 2000-2020 redac\u021bia \u00een limba rom\u00e2n\u0103, \u00een anul 2012, primind Ordinul Meritul Cultural \u00een grad de Comandor pentru contribu\u021bia sa la rela\u021biile rom\u00e2no-germane, a transmis USR \u00eentr-un comunicat de pres\u0103.<\/p>\n<p>&#8216;N\u0103scut \u00een 1956 la Sibiu, a absolvit Germanistica la Universitatea din Bucure\u0219ti cu nota maxim\u0103 \u0219i a colaborat \u00eenc\u0103 din studen\u021bie cu redac\u021biile germane ale Radioteleviziunii Rom\u00e2ne. A lucrat ca profesor \u0219i \u00een 1990 a devenit primul director ales al Liceului German din Bucure\u0219ti dup\u0103 Revolu\u021bie. Stabilit \u00een Germania din 1991, s-a al\u0103turat Deutsche Welle \u00een 1992, parcurg\u00e2nd diverse pozi\u021bii p\u00e2n\u0103 la cea de director al departamentului \u00een limba rom\u00e2n\u0103. \u00centre 2020 \u0219i 2023, a coordonat proiectul DW &#8216;Sinti \u0219i romi \u00een Europa&#8217;, iar dup\u0103 pensionarea din 2023 continu\u0103 s\u0103 activeze ca jurnalist independent. Este membru al unor organiza\u021bii academice \u0219i culturale importante, iar \u00een 2023 a fost ales pre\u0219edinte al Societ\u0103\u021bii Germano-Rom\u00e2ne din Berlin&#8217;, se arat\u0103 \u00een comunicatul USR.<\/p>\n<p>Ca membru al Consiliului de administra\u021bie al Societ\u0103\u021bii Rom\u00e2ne de Radiodifuziune, USR o propune pe Alexandra Coliban, traduc\u0103tor de profesie, recompensat\u0103 cu numeroase premii na\u021bionale, membr\u0103 a filialei Bucure\u0219ti a Uniunii Scriitorilor din Rom\u00e2nia.<\/p>\n<p>&#8216;Pentru a evita orice fel de insinu\u0103ri: nu exist\u0103 nicio leg\u0103tur\u0103 de rudenie \u00eentre Alexandra Coliban \u0219i deputatul USR Allen Coliban, e o simpl\u0103 coinciden\u021b\u0103 de nume&#8217;, precizeaz\u0103 USR.<\/p>\n<p>Pentru func\u021bia de membru al Consiliului de administra\u021bie al SRTv, USR o propune pe Catrinel Trofin, specialist\u0103 \u00een rela\u021bii interna\u021bionale, jurnalism \u0219i comunicare strategic\u0103, cu o carier\u0103 de peste trei decenii \u00een institu\u021bii diplomatice, mass-media interna\u021bional\u0103 \u0219i administra\u021bie public\u0103. Catrinel Trofin are studii \u00een geografie, francez\u0103 \u0219i rela\u021bii interna\u021bionale \u0219i vorbe\u0219te fluent franceza, av\u00e2nd cuno\u0219tin\u021be avansate de spaniol\u0103 \u0219i englez\u0103.<\/p>\n<p>&#8216;Nominaliz\u0103rile f\u0103cute de USR pentru conducerea Societ\u0103\u021bii Rom\u00e2ne de Radiodifuziune \u0219i pentru consiliile de administra\u021bie ale SRR \u0219i SRTv reflect\u0103 o op\u021biune ferm\u0103 pentru profesionalism, experien\u021b\u0103 interna\u021bional\u0103 \u0219i competen\u021b\u0103 \u00een domeniile media, cultur\u0103 \u0219i administra\u021bie public\u0103. Prin propunerea unor personalit\u0103\u021bi cu profil profesional solid, USR transmite angajamentul de a sus\u021bine un management independent, credibil \u0219i orientat spre modernizarea serviciilor publice de radio \u0219i televiziune, precum \u0219i spre consolidarea rolului lor democratic \u00een societate&#8217;, transmis reprezentan\u021bii USR. AGERPRES\/(AS &#8211; redactor: Luisiana B\u00eegea, editor: C\u0103t\u0103lina Matei, editor online: Alexandru Cojocaru)<br \/>\n<br \/>\nSursa articolului:  <a href=\"https:\/\/agerpres.ro\/cultura-media\/2025\/11\/16\/bucuresti-jurnalistul-robert-schwartz-nominalizarea-usr-pentru-conducerea-societatii-romane-de-radio--1503397\" target=\"_blank\" rel=\"noopener\" title=\"\">AGERPRES<\/a><\/p>","protected":false},"excerpt":{"rendered":"<p>Biroul Na\u021bional al USR a decis duminic\u0103, prin vot, nominaliz\u0103rile pentru Consiliile de administra\u021bie ale Societ\u0103\u021bii Rom\u00e2ne de Televiziune (SRTv) \u0219i Societ\u0103\u021bii Rom\u00e2ne de Radiodifuziune (SRR), precum \u0219i pentru func\u021bia de director al SRR. Pentru conducerea SRR a fost nominalizat jurnalistul Robert Schwartz, cu peste 30 de ani de experien\u021b\u0103 la Deutsche Welle, unde a&#8230;<\/p>","protected":false},"author":4,"featured_media":3339,"comment_status":"open","ping_status":"open","sticky":false,"template":"","format":"standard","meta":{"footnotes":""},"categories":[1],"tags":[],"class_list":["post-3338","post","type-post","status-publish","format-standard","has-post-thumbnail","hentry","category-uncategorized"],"yoast_head":"<!-- This site is optimized with the Yoast SEO plugin v26.1.1 - https:\/\/yoast.com\/wordpress\/plugins\/seo\/ -->\n<title>Bucure\u0219ti: Jurnalistul Robert Schwartz, nominalizarea USR pentru conducerea Societ\u0103\u021bii Rom\u00e2ne de Radiodifuziune - Carpathia Center Romania<\/title>\n<meta name=\"robots\" content=\"index, follow, max-snippet:-1, max-image-preview:large, max-video-preview:-1\" \/>\n<link rel=\"canonical\" href=\"https:\/\/carpathiacenter.ro\/en\/bucuresti-jurnalistul-robert-schwartz-nominalizarea-usr-pentru-conducerea-societatii-romane-de-radiodifuziune\/\" \/>\n<meta property=\"og:locale\" content=\"en_GB\" \/>\n<meta property=\"og:type\" content=\"article\" \/>\n<meta property=\"og:title\" content=\"Bucure\u0219ti: Jurnalistul Robert Schwartz, nominalizarea USR pentru conducerea Societ\u0103\u021bii Rom\u00e2ne de Radiodifuziune - Carpathia Center Romania\" \/>\n<meta property=\"og:description\" content=\"Biroul Na\u021bional al USR a decis duminic\u0103, prin vot, nominaliz\u0103rile pentru Consiliile de administra\u021bie ale Societ\u0103\u021bii Rom\u00e2ne de Televiziune (SRTv) \u0219i Societ\u0103\u021bii Rom\u00e2ne de Radiodifuziune (SRR), precum \u0219i pentru func\u021bia de director al SRR. Pentru conducerea SRR a fost nominalizat jurnalistul Robert Schwartz, cu peste 30 de ani de experien\u021b\u0103 la Deutsche Welle, unde a...\" \/>\n<meta property=\"og:url\" content=\"https:\/\/carpathiacenter.ro\/en\/bucuresti-jurnalistul-robert-schwartz-nominalizarea-usr-pentru-conducerea-societatii-romane-de-radiodifuziune\/\" \/>\n<meta property=\"og:site_name\" content=\"Carpathia Center Romania\" \/>\n<meta property=\"article:publisher\" content=\"https:\/\/www.facebook.com\/fdpscarpathia\/\" \/>\n<meta property=\"article:published_time\" content=\"2025-11-17T10:29:09+00:00\" \/>\n<meta property=\"og:image\" content=\"https:\/\/carpathiacenter.ro\/wp-content\/uploads\/2025\/11\/Robert-Schwartz.jpg\" \/>\n\t<meta property=\"og:image:width\" content=\"800\" \/>\n\t<meta property=\"og:image:height\" content=\"533\" \/>\n\t<meta property=\"og:image:type\" content=\"image\/jpeg\" \/>\n<meta name=\"author\" content=\"creativebitsolutions\" \/>\n<meta name=\"twitter:card\" content=\"summary_large_image\" \/>\n<meta name=\"twitter:label1\" content=\"Written by\" \/>\n\t<meta name=\"twitter:data1\" content=\"creativebitsolutions\" \/>\n\t<meta name=\"twitter:label2\" content=\"Estimated reading time\" \/>\n\t<meta name=\"twitter:data2\" content=\"1 minute\" \/>\n<script type=\"application\/ld+json\" class=\"yoast-schema-graph\">{\"@context\":\"https:\/\/schema.org\",\"@graph\":[{\"@type\":\"Article\",\"@id\":\"https:\/\/carpathiacenter.ro\/bucuresti-jurnalistul-robert-schwartz-nominalizarea-usr-pentru-conducerea-societatii-romane-de-radiodifuziune\/#article\",\"isPartOf\":{\"@id\":\"https:\/\/carpathiacenter.ro\/bucuresti-jurnalistul-robert-schwartz-nominalizarea-usr-pentru-conducerea-societatii-romane-de-radiodifuziune\/\"},\"author\":{\"name\":\"creativebitsolutions\",\"@id\":\"https:\/\/carpathiacenter.ro\/#\/schema\/person\/03d9f58202fee8379268f34afa195006\"},\"headline\":\"Bucure\u0219ti: Jurnalistul Robert Schwartz, nominalizarea USR pentru conducerea Societ\u0103\u021bii Rom\u00e2ne de Radiodifuziune\",\"datePublished\":\"2025-11-17T10:29:09+00:00\",\"mainEntityOfPage\":{\"@id\":\"https:\/\/carpathiacenter.ro\/bucuresti-jurnalistul-robert-schwartz-nominalizarea-usr-pentru-conducerea-societatii-romane-de-radiodifuziune\/\"},\"wordCount\":491,\"commentCount\":0,\"publisher\":{\"@id\":\"https:\/\/carpathiacenter.ro\/#organization\"},\"image\":{\"@id\":\"https:\/\/carpathiacenter.ro\/bucuresti-jurnalistul-robert-schwartz-nominalizarea-usr-pentru-conducerea-societatii-romane-de-radiodifuziune\/#primaryimage\"},\"thumbnailUrl\":\"https:\/\/carpathiacenter.ro\/wp-content\/uploads\/2025\/11\/Robert-Schwartz.jpg\",\"articleSection\":[\"Uncategorized\"],\"inLanguage\":\"en-GB\",\"potentialAction\":[{\"@type\":\"CommentAction\",\"name\":\"Comment\",\"target\":[\"https:\/\/carpathiacenter.ro\/bucuresti-jurnalistul-robert-schwartz-nominalizarea-usr-pentru-conducerea-societatii-romane-de-radiodifuziune\/#respond\"]}]},{\"@type\":\"WebPage\",\"@id\":\"https:\/\/carpathiacenter.ro\/bucuresti-jurnalistul-robert-schwartz-nominalizarea-usr-pentru-conducerea-societatii-romane-de-radiodifuziune\/\",\"url\":\"https:\/\/carpathiacenter.ro\/bucuresti-jurnalistul-robert-schwartz-nominalizarea-usr-pentru-conducerea-societatii-romane-de-radiodifuziune\/\",\"name\":\"Bucure\u0219ti: Jurnalistul Robert Schwartz, nominalizarea USR pentru conducerea Societ\u0103\u021bii Rom\u00e2ne de Radiodifuziune - Carpathia Center Romania\",\"isPartOf\":{\"@id\":\"https:\/\/carpathiacenter.ro\/#website\"},\"primaryImageOfPage\":{\"@id\":\"https:\/\/carpathiacenter.ro\/bucuresti-jurnalistul-robert-schwartz-nominalizarea-usr-pentru-conducerea-societatii-romane-de-radiodifuziune\/#primaryimage\"},\"image\":{\"@id\":\"https:\/\/carpathiacenter.ro\/bucuresti-jurnalistul-robert-schwartz-nominalizarea-usr-pentru-conducerea-societatii-romane-de-radiodifuziune\/#primaryimage\"},\"thumbnailUrl\":\"https:\/\/carpathiacenter.ro\/wp-content\/uploads\/2025\/11\/Robert-Schwartz.jpg\",\"datePublished\":\"2025-11-17T10:29:09+00:00\",\"breadcrumb\":{\"@id\":\"https:\/\/carpathiacenter.ro\/bucuresti-jurnalistul-robert-schwartz-nominalizarea-usr-pentru-conducerea-societatii-romane-de-radiodifuziune\/#breadcrumb\"},\"inLanguage\":\"en-GB\",\"potentialAction\":[{\"@type\":\"ReadAction\",\"target\":[\"https:\/\/carpathiacenter.ro\/bucuresti-jurnalistul-robert-schwartz-nominalizarea-usr-pentru-conducerea-societatii-romane-de-radiodifuziune\/\"]}]},{\"@type\":\"ImageObject\",\"inLanguage\":\"en-GB\",\"@id\":\"https:\/\/carpathiacenter.ro\/bucuresti-jurnalistul-robert-schwartz-nominalizarea-usr-pentru-conducerea-societatii-romane-de-radiodifuziune\/#primaryimage\",\"url\":\"https:\/\/carpathiacenter.ro\/wp-content\/uploads\/2025\/11\/Robert-Schwartz.jpg\",\"contentUrl\":\"https:\/\/carpathiacenter.ro\/wp-content\/uploads\/2025\/11\/Robert-Schwartz.jpg\",\"width\":800,\"height\":533},{\"@type\":\"BreadcrumbList\",\"@id\":\"https:\/\/carpathiacenter.ro\/bucuresti-jurnalistul-robert-schwartz-nominalizarea-usr-pentru-conducerea-societatii-romane-de-radiodifuziune\/#breadcrumb\",\"itemListElement\":[{\"@type\":\"ListItem\",\"position\":1,\"name\":\"Prima pagin\u0103\",\"item\":\"https:\/\/carpathiacenter.ro\/\"},{\"@type\":\"ListItem\",\"position\":2,\"name\":\"Bucure\u0219ti: Jurnalistul Robert Schwartz, nominalizarea USR pentru conducerea Societ\u0103\u021bii Rom\u00e2ne de Radiodifuziune\"}]},{\"@type\":\"WebSite\",\"@id\":\"https:\/\/carpathiacenter.ro\/#website\",\"url\":\"https:\/\/carpathiacenter.ro\/\",\"name\":\"Carpathia Center Romania\",\"description\":\"Impossible made possible!\",\"publisher\":{\"@id\":\"https:\/\/carpathiacenter.ro\/#organization\"},\"potentialAction\":[{\"@type\":\"SearchAction\",\"target\":{\"@type\":\"EntryPoint\",\"urlTemplate\":\"https:\/\/carpathiacenter.ro\/?s={search_term_string}\"},\"query-input\":{\"@type\":\"PropertyValueSpecification\",\"valueRequired\":true,\"valueName\":\"search_term_string\"}}],\"inLanguage\":\"en-GB\"},{\"@type\":\"Organization\",\"@id\":\"https:\/\/carpathiacenter.ro\/#organization\",\"name\":\"Carpathia Center Romania\",\"url\":\"https:\/\/carpathiacenter.ro\/\",\"logo\":{\"@type\":\"ImageObject\",\"inLanguage\":\"en-GB\",\"@id\":\"https:\/\/carpathiacenter.ro\/#\/schema\/logo\/image\/\",\"url\":\"https:\/\/carpathiacenter.ro\/wp-content\/uploads\/2024\/07\/logo-carpathia_bg_white-1024x941.png\",\"contentUrl\":\"https:\/\/carpathiacenter.ro\/wp-content\/uploads\/2024\/07\/logo-carpathia_bg_white-1024x941.png\",\"width\":1024,\"height\":941,\"caption\":\"Carpathia Center Romania\"},\"image\":{\"@id\":\"https:\/\/carpathiacenter.ro\/#\/schema\/logo\/image\/\"},\"sameAs\":[\"https:\/\/www.facebook.com\/fdpscarpathia\/\"]},{\"@type\":\"Person\",\"@id\":\"https:\/\/carpathiacenter.ro\/#\/schema\/person\/03d9f58202fee8379268f34afa195006\",\"name\":\"creativebitsolutions\",\"image\":{\"@type\":\"ImageObject\",\"inLanguage\":\"en-GB\",\"@id\":\"https:\/\/carpathiacenter.ro\/#\/schema\/person\/image\/\",\"url\":\"https:\/\/secure.gravatar.com\/avatar\/1b1a13e37f847c635dab78348f1dff2f07651ee2a3d77a5c355a4b8c75f9165a?s=96&d=mm&r=g\",\"contentUrl\":\"https:\/\/secure.gravatar.com\/avatar\/1b1a13e37f847c635dab78348f1dff2f07651ee2a3d77a5c355a4b8c75f9165a?s=96&d=mm&r=g\",\"caption\":\"creativebitsolutions\"},\"url\":\"https:\/\/carpathiacenter.ro\/en\/author\/creativebitsolutions\/\"}]}<\/script>\n<!-- \/ Yoast SEO plugin. -->","yoast_head_json":{"title":"Bucure\u0219ti: Jurnalistul Robert Schwartz, nominalizarea USR pentru conducerea Societ\u0103\u021bii Rom\u00e2ne de Radiodifuziune - Carpathia Center Romania","robots":{"index":"index","follow":"follow","max-snippet":"max-snippet:-1","max-image-preview":"max-image-preview:large","max-video-preview":"max-video-preview:-1"},"canonical":"https:\/\/carpathiacenter.ro\/en\/bucuresti-jurnalistul-robert-schwartz-nominalizarea-usr-pentru-conducerea-societatii-romane-de-radiodifuziune\/","og_locale":"en_GB","og_type":"article","og_title":"Bucure\u0219ti: Jurnalistul Robert Schwartz, nominalizarea USR pentru conducerea Societ\u0103\u021bii Rom\u00e2ne de Radiodifuziune - Carpathia Center Romania","og_description":"Biroul Na\u021bional al USR a decis duminic\u0103, prin vot, nominaliz\u0103rile pentru Consiliile de administra\u021bie ale Societ\u0103\u021bii Rom\u00e2ne de Televiziune (SRTv) \u0219i Societ\u0103\u021bii Rom\u00e2ne de Radiodifuziune (SRR), precum \u0219i pentru func\u021bia de director al SRR. Pentru conducerea SRR a fost nominalizat jurnalistul Robert Schwartz, cu peste 30 de ani de experien\u021b\u0103 la Deutsche Welle, unde a...","og_url":"https:\/\/carpathiacenter.ro\/en\/bucuresti-jurnalistul-robert-schwartz-nominalizarea-usr-pentru-conducerea-societatii-romane-de-radiodifuziune\/","og_site_name":"Carpathia Center Romania","article_publisher":"https:\/\/www.facebook.com\/fdpscarpathia\/","article_published_time":"2025-11-17T10:29:09+00:00","og_image":[{"width":800,"height":533,"url":"https:\/\/carpathiacenter.ro\/wp-content\/uploads\/2025\/11\/Robert-Schwartz.jpg","type":"image\/jpeg"}],"author":"creativebitsolutions","twitter_card":"summary_large_image","twitter_misc":{"Written by":"creativebitsolutions","Estimated reading time":"1 minute"},"schema":{"@context":"https:\/\/schema.org","@graph":[{"@type":"Article","@id":"https:\/\/carpathiacenter.ro\/bucuresti-jurnalistul-robert-schwartz-nominalizarea-usr-pentru-conducerea-societatii-romane-de-radiodifuziune\/#article","isPartOf":{"@id":"https:\/\/carpathiacenter.ro\/bucuresti-jurnalistul-robert-schwartz-nominalizarea-usr-pentru-conducerea-societatii-romane-de-radiodifuziune\/"},"author":{"name":"creativebitsolutions","@id":"https:\/\/carpathiacenter.ro\/#\/schema\/person\/03d9f58202fee8379268f34afa195006"},"headline":"Bucure\u0219ti: Jurnalistul Robert Schwartz, nominalizarea USR pentru conducerea Societ\u0103\u021bii Rom\u00e2ne de Radiodifuziune","datePublished":"2025-11-17T10:29:09+00:00","mainEntityOfPage":{"@id":"https:\/\/carpathiacenter.ro\/bucuresti-jurnalistul-robert-schwartz-nominalizarea-usr-pentru-conducerea-societatii-romane-de-radiodifuziune\/"},"wordCount":491,"commentCount":0,"publisher":{"@id":"https:\/\/carpathiacenter.ro\/#organization"},"image":{"@id":"https:\/\/carpathiacenter.ro\/bucuresti-jurnalistul-robert-schwartz-nominalizarea-usr-pentru-conducerea-societatii-romane-de-radiodifuziune\/#primaryimage"},"thumbnailUrl":"https:\/\/carpathiacenter.ro\/wp-content\/uploads\/2025\/11\/Robert-Schwartz.jpg","articleSection":["Uncategorized"],"inLanguage":"en-GB","potentialAction":[{"@type":"CommentAction","name":"Comment","target":["https:\/\/carpathiacenter.ro\/bucuresti-jurnalistul-robert-schwartz-nominalizarea-usr-pentru-conducerea-societatii-romane-de-radiodifuziune\/#respond"]}]},{"@type":"WebPage","@id":"https:\/\/carpathiacenter.ro\/bucuresti-jurnalistul-robert-schwartz-nominalizarea-usr-pentru-conducerea-societatii-romane-de-radiodifuziune\/","url":"https:\/\/carpathiacenter.ro\/bucuresti-jurnalistul-robert-schwartz-nominalizarea-usr-pentru-conducerea-societatii-romane-de-radiodifuziune\/","name":"Bucure\u0219ti: Jurnalistul Robert Schwartz, nominalizarea USR pentru conducerea Societ\u0103\u021bii Rom\u00e2ne de Radiodifuziune - Carpathia Center Romania","isPartOf":{"@id":"https:\/\/carpathiacenter.ro\/#website"},"primaryImageOfPage":{"@id":"https:\/\/carpathiacenter.ro\/bucuresti-jurnalistul-robert-schwartz-nominalizarea-usr-pentru-conducerea-societatii-romane-de-radiodifuziune\/#primaryimage"},"image":{"@id":"https:\/\/carpathiacenter.ro\/bucuresti-jurnalistul-robert-schwartz-nominalizarea-usr-pentru-conducerea-societatii-romane-de-radiodifuziune\/#primaryimage"},"thumbnailUrl":"https:\/\/carpathiacenter.ro\/wp-content\/uploads\/2025\/11\/Robert-Schwartz.jpg","datePublished":"2025-11-17T10:29:09+00:00","breadcrumb":{"@id":"https:\/\/carpathiacenter.ro\/bucuresti-jurnalistul-robert-schwartz-nominalizarea-usr-pentru-conducerea-societatii-romane-de-radiodifuziune\/#breadcrumb"},"inLanguage":"en-GB","potentialAction":[{"@type":"ReadAction","target":["https:\/\/carpathiacenter.ro\/bucuresti-jurnalistul-robert-schwartz-nominalizarea-usr-pentru-conducerea-societatii-romane-de-radiodifuziune\/"]}]},{"@type":"ImageObject","inLanguage":"en-GB","@id":"https:\/\/carpathiacenter.ro\/bucuresti-jurnalistul-robert-schwartz-nominalizarea-usr-pentru-conducerea-societatii-romane-de-radiodifuziune\/#primaryimage","url":"https:\/\/carpathiacenter.ro\/wp-content\/uploads\/2025\/11\/Robert-Schwartz.jpg","contentUrl":"https:\/\/carpathiacenter.ro\/wp-content\/uploads\/2025\/11\/Robert-Schwartz.jpg","width":800,"height":533},{"@type":"BreadcrumbList","@id":"https:\/\/carpathiacenter.ro\/bucuresti-jurnalistul-robert-schwartz-nominalizarea-usr-pentru-conducerea-societatii-romane-de-radiodifuziune\/#breadcrumb","itemListElement":[{"@type":"ListItem","position":1,"name":"Prima pagin\u0103","item":"https:\/\/carpathiacenter.ro\/"},{"@type":"ListItem","position":2,"name":"Bucure\u0219ti: Jurnalistul Robert Schwartz, nominalizarea USR pentru conducerea Societ\u0103\u021bii Rom\u00e2ne de Radiodifuziune"}]},{"@type":"WebSite","@id":"https:\/\/carpathiacenter.ro\/#website","url":"https:\/\/carpathiacenter.ro\/","name":"Carpathia Center Romania","description":"Impossible made possible!","publisher":{"@id":"https:\/\/carpathiacenter.ro\/#organization"},"potentialAction":[{"@type":"SearchAction","target":{"@type":"EntryPoint","urlTemplate":"https:\/\/carpathiacenter.ro\/?s={search_term_string}"},"query-input":{"@type":"PropertyValueSpecification","valueRequired":true,"valueName":"search_term_string"}}],"inLanguage":"en-GB"},{"@type":"Organization","@id":"https:\/\/carpathiacenter.ro\/#organization","name":"Carpathia Center Romania","url":"https:\/\/carpathiacenter.ro\/","logo":{"@type":"ImageObject","inLanguage":"en-GB","@id":"https:\/\/carpathiacenter.ro\/#\/schema\/logo\/image\/","url":"https:\/\/carpathiacenter.ro\/wp-content\/uploads\/2024\/07\/logo-carpathia_bg_white-1024x941.png","contentUrl":"https:\/\/carpathiacenter.ro\/wp-content\/uploads\/2024\/07\/logo-carpathia_bg_white-1024x941.png","width":1024,"height":941,"caption":"Carpathia Center Romania"},"image":{"@id":"https:\/\/carpathiacenter.ro\/#\/schema\/logo\/image\/"},"sameAs":["https:\/\/www.facebook.com\/fdpscarpathia\/"]},{"@type":"Person","@id":"https:\/\/carpathiacenter.ro\/#\/schema\/person\/03d9f58202fee8379268f34afa195006","name":"creativebitsolutions","image":{"@type":"ImageObject","inLanguage":"en-GB","@id":"https:\/\/carpathiacenter.ro\/#\/schema\/person\/image\/","url":"https:\/\/secure.gravatar.com\/avatar\/1b1a13e37f847c635dab78348f1dff2f07651ee2a3d77a5c355a4b8c75f9165a?s=96&d=mm&r=g","contentUrl":"https:\/\/secure.gravatar.com\/avatar\/1b1a13e37f847c635dab78348f1dff2f07651ee2a3d77a5c355a4b8c75f9165a?s=96&d=mm&r=g","caption":"creativebitsolutions"},"url":"https:\/\/carpathiacenter.ro\/en\/author\/creativebitsolutions\/"}]}},"_links":{"self":[{"href":"https:\/\/carpathiacenter.ro\/en\/wp-json\/wp\/v2\/posts\/3338","targetHints":{"allow":["GET"]}}],"collection":[{"href":"https:\/\/carpathiacenter.ro\/en\/wp-json\/wp\/v2\/posts"}],"about":[{"href":"https:\/\/carpathiacenter.ro\/en\/wp-json\/wp\/v2\/types\/post"}],"author":[{"embeddable":true,"href":"https:\/\/carpathiacenter.ro\/en\/wp-json\/wp\/v2\/users\/4"}],"replies":[{"embeddable":true,"href":"https:\/\/carpathiacenter.ro\/en\/wp-json\/wp\/v2\/comments?post=3338"}],"version-history":[{"count":1,"href":"https:\/\/carpathiacenter.ro\/en\/wp-json\/wp\/v2\/posts\/3338\/revisions"}],"predecessor-version":[{"id":3340,"href":"https:\/\/carpathiacenter.ro\/en\/wp-json\/wp\/v2\/posts\/3338\/revisions\/3340"}],"wp:featuredmedia":[{"embeddable":true,"href":"https:\/\/carpathiacenter.ro\/en\/wp-json\/wp\/v2\/media\/3339"}],"wp:attachment":[{"href":"https:\/\/carpathiacenter.ro\/en\/wp-json\/wp\/v2\/media?parent=3338"}],"wp:term":[{"taxonomy":"category","embeddable":true,"href":"https:\/\/carpathiacenter.ro\/en\/wp-json\/wp\/v2\/categories?post=3338"},{"taxonomy":"post_tag","embeddable":true,"href":"https:\/\/carpathiacenter.ro\/en\/wp-json\/wp\/v2\/tags?post=3338"}],"curies":[{"name":"wp","href":"https:\/\/api.w.org\/{rel}","templated":true}]}}