{"id":3335,"date":"2025-11-17T10:27:07","date_gmt":"2025-11-17T10:27:07","guid":{"rendered":"https:\/\/carpathiacenter.ro\/?p=3335"},"modified":"2025-11-17T10:27:07","modified_gmt":"2025-11-17T10:27:07","slug":"localepartialepmb2025-dan-cristian-popescu-si-a-depus-candidatura-la-primaria-capitalei","status":"publish","type":"post","link":"https:\/\/carpathiacenter.ro\/en\/localepartialepmb2025-dan-cristian-popescu-si-a-depus-candidatura-la-primaria-capitalei\/","title":{"rendered":"LocalePar\u021bialePMB2025\/Dan Cristian Popescu \u0219i-a depus candidatura la Prim\u0103ria Capitalei"},"content":{"rendered":"<p>Consilierul general PSD Dan Cristian Popescu anun\u021b\u0103 c\u0103 \u0219i-a depus candidatura la Prim\u0103ria Capitalei.<\/p>\n<p>&#8216;Mi-am depus candidatura. 27.514 mul\u021bumiri pentru fiecare semn\u0103tur\u0103 depus\u0103, pentru fiecare om care a avut \u00eencredere \u0219i a ales s\u0103 sprijine un candidat independent. Drumul abia \u00eencepe. Bucure\u0219tiul merit\u0103 mai mult, iar eu continui s\u0103 lupt pentru asta: cu seriozitate, cu respect \u0219i cu sprijinul vostru&#8217;, scrie Dan Cristian Popescu, pe pagina sa de Facebook.<\/p>\n<p>Duminic\u0103 diminea\u021ba, el anun\u021ba c\u0103 a cerut binecuv\u00e2ntarea p\u0103rintelui Ciprian Gr\u0103dinaru, av\u00e2nd convingerea c\u0103 orice &#8216;drum important \u00eencepe cu un g\u00e2nd bun, cu smerenie&#8217; \u0219i cu dorin\u021ba sincer\u0103 de a face bine.<\/p>\n<p>&#8216;Intr\u0103m \u00eentr-o perioad\u0103 decisiv\u0103 pentru ora\u0219ul nostru. Bucure\u0219tiul are nevoie de mai mult echilibru, de mai mult respect \u00eentre oameni \u0219i de un proiect care s\u0103 uneasc\u0103, nu s\u0103 dezbine. Cu aceast\u0103 binecuv\u00e2ntare pornesc la drum cu sufletul \u00eemp\u0103cat \u0219i cu responsabilitatea pe care o datorez bucure\u0219tenilor&#8217;, a scris el, pe aceea\u0219i re\u021bea de socializare.<\/p>\n<p>Dan Cristian Popescu, \u00een prezent consilier general PSD, a fost viceprimar al Sectorului 2 (2016- 2020) \u0219i deputat \u00een perioada 2012 &#8211; 2016.<\/p>\n<p>La \u00eenceputul lunii octombrie, a \u00eenregistrat la Prim\u0103ria Municipiului Bucure\u0219ti, un proiect conform c\u0103ruia toate vehiculele ne\u00eenmatriculate \u00een Municipiul Bucure\u0219ti sau jude\u021bul Ilfov care circul\u0103 pe drumurile publice din Capital\u0103 ar urma s\u0103 pl\u0103teasc\u0103 o tax\u0103 de acces, tip roviniet\u0103. AGERPRES\/(AS &#8211; redactor: Irinela Vi\u0219an, editor: C\u0103t\u0103lina Matei, editor online: Alexandru Cojocaru)<br \/>\n<br \/>\nSursa articolului:  <a href=\"https:\/\/agerpres.ro\/politic\/2025\/11\/16\/localepartialepmb2025-dan-cristian-popescu-si-a-depus-candidatura-la-primaria-capitalei--1503381\" target=\"_blank\" rel=\"noopener\" title=\"\">AGERPRES<\/a><\/p>","protected":false},"excerpt":{"rendered":"<p>Consilierul general PSD Dan Cristian Popescu anun\u021b\u0103 c\u0103 \u0219i-a depus candidatura la Prim\u0103ria Capitalei. &#8216;Mi-am depus candidatura. 27.514 mul\u021bumiri pentru fiecare semn\u0103tur\u0103 depus\u0103, pentru fiecare om care a avut \u00eencredere \u0219i a ales s\u0103 sprijine un candidat independent. Drumul abia \u00eencepe. Bucure\u0219tiul merit\u0103 mai mult, iar eu continui s\u0103 lupt pentru asta: cu seriozitate, cu&#8230;<\/p>","protected":false},"author":4,"featured_media":3336,"comment_status":"open","ping_status":"open","sticky":false,"template":"","format":"standard","meta":{"footnotes":""},"categories":[1],"tags":[],"class_list":["post-3335","post","type-post","status-publish","format-standard","has-post-thumbnail","hentry","category-uncategorized"],"yoast_head":"<!-- This site is optimized with the Yoast SEO plugin v26.1.1 - https:\/\/yoast.com\/wordpress\/plugins\/seo\/ -->\n<title>LocalePar\u021bialePMB2025\/Dan Cristian Popescu \u0219i-a depus candidatura la Prim\u0103ria Capitalei - Carpathia Center Romania<\/title>\n<meta name=\"robots\" content=\"index, follow, max-snippet:-1, max-image-preview:large, max-video-preview:-1\" \/>\n<link rel=\"canonical\" href=\"https:\/\/carpathiacenter.ro\/en\/localepartialepmb2025-dan-cristian-popescu-si-a-depus-candidatura-la-primaria-capitalei\/\" \/>\n<meta property=\"og:locale\" content=\"en_GB\" \/>\n<meta property=\"og:type\" content=\"article\" \/>\n<meta property=\"og:title\" content=\"LocalePar\u021bialePMB2025\/Dan Cristian Popescu \u0219i-a depus candidatura la Prim\u0103ria Capitalei - Carpathia Center Romania\" \/>\n<meta property=\"og:description\" content=\"Consilierul general PSD Dan Cristian Popescu anun\u021b\u0103 c\u0103 \u0219i-a depus candidatura la Prim\u0103ria Capitalei. &#8216;Mi-am depus candidatura. 27.514 mul\u021bumiri pentru fiecare semn\u0103tur\u0103 depus\u0103, pentru fiecare om care a avut \u00eencredere \u0219i a ales s\u0103 sprijine un candidat independent. Drumul abia \u00eencepe. Bucure\u0219tiul merit\u0103 mai mult, iar eu continui s\u0103 lupt pentru asta: cu seriozitate, cu...\" \/>\n<meta property=\"og:url\" content=\"https:\/\/carpathiacenter.ro\/en\/localepartialepmb2025-dan-cristian-popescu-si-a-depus-candidatura-la-primaria-capitalei\/\" \/>\n<meta property=\"og:site_name\" content=\"Carpathia Center Romania\" \/>\n<meta property=\"article:publisher\" content=\"https:\/\/www.facebook.com\/fdpscarpathia\/\" \/>\n<meta property=\"article:published_time\" content=\"2025-11-17T10:27:07+00:00\" \/>\n<meta property=\"og:image\" content=\"https:\/\/carpathiacenter.ro\/wp-content\/uploads\/2025\/11\/Cristian-Popescu.jpg\" \/>\n\t<meta property=\"og:image:width\" content=\"1179\" \/>\n\t<meta property=\"og:image:height\" content=\"1110\" \/>\n\t<meta property=\"og:image:type\" content=\"image\/jpeg\" \/>\n<meta name=\"author\" content=\"creativebitsolutions\" \/>\n<meta name=\"twitter:card\" content=\"summary_large_image\" \/>\n<meta name=\"twitter:label1\" content=\"Written by\" \/>\n\t<meta name=\"twitter:data1\" content=\"creativebitsolutions\" \/>\n\t<meta name=\"twitter:label2\" content=\"Estimated reading time\" \/>\n\t<meta name=\"twitter:data2\" content=\"1 minute\" \/>\n<script type=\"application\/ld+json\" class=\"yoast-schema-graph\">{\"@context\":\"https:\/\/schema.org\",\"@graph\":[{\"@type\":\"Article\",\"@id\":\"https:\/\/carpathiacenter.ro\/localepartialepmb2025-dan-cristian-popescu-si-a-depus-candidatura-la-primaria-capitalei\/#article\",\"isPartOf\":{\"@id\":\"https:\/\/carpathiacenter.ro\/localepartialepmb2025-dan-cristian-popescu-si-a-depus-candidatura-la-primaria-capitalei\/\"},\"author\":{\"name\":\"creativebitsolutions\",\"@id\":\"https:\/\/carpathiacenter.ro\/#\/schema\/person\/03d9f58202fee8379268f34afa195006\"},\"headline\":\"LocalePar\u021bialePMB2025\/Dan Cristian Popescu \u0219i-a depus candidatura la Prim\u0103ria Capitalei\",\"datePublished\":\"2025-11-17T10:27:07+00:00\",\"mainEntityOfPage\":{\"@id\":\"https:\/\/carpathiacenter.ro\/localepartialepmb2025-dan-cristian-popescu-si-a-depus-candidatura-la-primaria-capitalei\/\"},\"wordCount\":272,\"commentCount\":0,\"publisher\":{\"@id\":\"https:\/\/carpathiacenter.ro\/#organization\"},\"image\":{\"@id\":\"https:\/\/carpathiacenter.ro\/localepartialepmb2025-dan-cristian-popescu-si-a-depus-candidatura-la-primaria-capitalei\/#primaryimage\"},\"thumbnailUrl\":\"https:\/\/carpathiacenter.ro\/wp-content\/uploads\/2025\/11\/Cristian-Popescu.jpg\",\"articleSection\":[\"Uncategorized\"],\"inLanguage\":\"en-GB\",\"potentialAction\":[{\"@type\":\"CommentAction\",\"name\":\"Comment\",\"target\":[\"https:\/\/carpathiacenter.ro\/localepartialepmb2025-dan-cristian-popescu-si-a-depus-candidatura-la-primaria-capitalei\/#respond\"]}]},{\"@type\":\"WebPage\",\"@id\":\"https:\/\/carpathiacenter.ro\/localepartialepmb2025-dan-cristian-popescu-si-a-depus-candidatura-la-primaria-capitalei\/\",\"url\":\"https:\/\/carpathiacenter.ro\/localepartialepmb2025-dan-cristian-popescu-si-a-depus-candidatura-la-primaria-capitalei\/\",\"name\":\"LocalePar\u021bialePMB2025\/Dan Cristian Popescu \u0219i-a depus candidatura la Prim\u0103ria Capitalei - Carpathia Center Romania\",\"isPartOf\":{\"@id\":\"https:\/\/carpathiacenter.ro\/#website\"},\"primaryImageOfPage\":{\"@id\":\"https:\/\/carpathiacenter.ro\/localepartialepmb2025-dan-cristian-popescu-si-a-depus-candidatura-la-primaria-capitalei\/#primaryimage\"},\"image\":{\"@id\":\"https:\/\/carpathiacenter.ro\/localepartialepmb2025-dan-cristian-popescu-si-a-depus-candidatura-la-primaria-capitalei\/#primaryimage\"},\"thumbnailUrl\":\"https:\/\/carpathiacenter.ro\/wp-content\/uploads\/2025\/11\/Cristian-Popescu.jpg\",\"datePublished\":\"2025-11-17T10:27:07+00:00\",\"breadcrumb\":{\"@id\":\"https:\/\/carpathiacenter.ro\/localepartialepmb2025-dan-cristian-popescu-si-a-depus-candidatura-la-primaria-capitalei\/#breadcrumb\"},\"inLanguage\":\"en-GB\",\"potentialAction\":[{\"@type\":\"ReadAction\",\"target\":[\"https:\/\/carpathiacenter.ro\/localepartialepmb2025-dan-cristian-popescu-si-a-depus-candidatura-la-primaria-capitalei\/\"]}]},{\"@type\":\"ImageObject\",\"inLanguage\":\"en-GB\",\"@id\":\"https:\/\/carpathiacenter.ro\/localepartialepmb2025-dan-cristian-popescu-si-a-depus-candidatura-la-primaria-capitalei\/#primaryimage\",\"url\":\"https:\/\/carpathiacenter.ro\/wp-content\/uploads\/2025\/11\/Cristian-Popescu.jpg\",\"contentUrl\":\"https:\/\/carpathiacenter.ro\/wp-content\/uploads\/2025\/11\/Cristian-Popescu.jpg\",\"width\":1179,\"height\":1110},{\"@type\":\"BreadcrumbList\",\"@id\":\"https:\/\/carpathiacenter.ro\/localepartialepmb2025-dan-cristian-popescu-si-a-depus-candidatura-la-primaria-capitalei\/#breadcrumb\",\"itemListElement\":[{\"@type\":\"ListItem\",\"position\":1,\"name\":\"Prima pagin\u0103\",\"item\":\"https:\/\/carpathiacenter.ro\/\"},{\"@type\":\"ListItem\",\"position\":2,\"name\":\"LocalePar\u021bialePMB2025\/Dan Cristian Popescu \u0219i-a depus candidatura la Prim\u0103ria Capitalei\"}]},{\"@type\":\"WebSite\",\"@id\":\"https:\/\/carpathiacenter.ro\/#website\",\"url\":\"https:\/\/carpathiacenter.ro\/\",\"name\":\"Carpathia Center Romania\",\"description\":\"Impossible made possible!\",\"publisher\":{\"@id\":\"https:\/\/carpathiacenter.ro\/#organization\"},\"potentialAction\":[{\"@type\":\"SearchAction\",\"target\":{\"@type\":\"EntryPoint\",\"urlTemplate\":\"https:\/\/carpathiacenter.ro\/?s={search_term_string}\"},\"query-input\":{\"@type\":\"PropertyValueSpecification\",\"valueRequired\":true,\"valueName\":\"search_term_string\"}}],\"inLanguage\":\"en-GB\"},{\"@type\":\"Organization\",\"@id\":\"https:\/\/carpathiacenter.ro\/#organization\",\"name\":\"Carpathia Center Romania\",\"url\":\"https:\/\/carpathiacenter.ro\/\",\"logo\":{\"@type\":\"ImageObject\",\"inLanguage\":\"en-GB\",\"@id\":\"https:\/\/carpathiacenter.ro\/#\/schema\/logo\/image\/\",\"url\":\"https:\/\/carpathiacenter.ro\/wp-content\/uploads\/2024\/07\/logo-carpathia_bg_white-1024x941.png\",\"contentUrl\":\"https:\/\/carpathiacenter.ro\/wp-content\/uploads\/2024\/07\/logo-carpathia_bg_white-1024x941.png\",\"width\":1024,\"height\":941,\"caption\":\"Carpathia Center Romania\"},\"image\":{\"@id\":\"https:\/\/carpathiacenter.ro\/#\/schema\/logo\/image\/\"},\"sameAs\":[\"https:\/\/www.facebook.com\/fdpscarpathia\/\"]},{\"@type\":\"Person\",\"@id\":\"https:\/\/carpathiacenter.ro\/#\/schema\/person\/03d9f58202fee8379268f34afa195006\",\"name\":\"creativebitsolutions\",\"image\":{\"@type\":\"ImageObject\",\"inLanguage\":\"en-GB\",\"@id\":\"https:\/\/carpathiacenter.ro\/#\/schema\/person\/image\/\",\"url\":\"https:\/\/secure.gravatar.com\/avatar\/1b1a13e37f847c635dab78348f1dff2f07651ee2a3d77a5c355a4b8c75f9165a?s=96&d=mm&r=g\",\"contentUrl\":\"https:\/\/secure.gravatar.com\/avatar\/1b1a13e37f847c635dab78348f1dff2f07651ee2a3d77a5c355a4b8c75f9165a?s=96&d=mm&r=g\",\"caption\":\"creativebitsolutions\"},\"url\":\"https:\/\/carpathiacenter.ro\/en\/author\/creativebitsolutions\/\"}]}<\/script>\n<!-- \/ Yoast SEO plugin. -->","yoast_head_json":{"title":"LocalePar\u021bialePMB2025\/Dan Cristian Popescu \u0219i-a depus candidatura la Prim\u0103ria Capitalei - Carpathia Center Romania","robots":{"index":"index","follow":"follow","max-snippet":"max-snippet:-1","max-image-preview":"max-image-preview:large","max-video-preview":"max-video-preview:-1"},"canonical":"https:\/\/carpathiacenter.ro\/en\/localepartialepmb2025-dan-cristian-popescu-si-a-depus-candidatura-la-primaria-capitalei\/","og_locale":"en_GB","og_type":"article","og_title":"LocalePar\u021bialePMB2025\/Dan Cristian Popescu \u0219i-a depus candidatura la Prim\u0103ria Capitalei - Carpathia Center Romania","og_description":"Consilierul general PSD Dan Cristian Popescu anun\u021b\u0103 c\u0103 \u0219i-a depus candidatura la Prim\u0103ria Capitalei. &#8216;Mi-am depus candidatura. 27.514 mul\u021bumiri pentru fiecare semn\u0103tur\u0103 depus\u0103, pentru fiecare om care a avut \u00eencredere \u0219i a ales s\u0103 sprijine un candidat independent. Drumul abia \u00eencepe. Bucure\u0219tiul merit\u0103 mai mult, iar eu continui s\u0103 lupt pentru asta: cu seriozitate, cu...","og_url":"https:\/\/carpathiacenter.ro\/en\/localepartialepmb2025-dan-cristian-popescu-si-a-depus-candidatura-la-primaria-capitalei\/","og_site_name":"Carpathia Center Romania","article_publisher":"https:\/\/www.facebook.com\/fdpscarpathia\/","article_published_time":"2025-11-17T10:27:07+00:00","og_image":[{"width":1179,"height":1110,"url":"https:\/\/carpathiacenter.ro\/wp-content\/uploads\/2025\/11\/Cristian-Popescu.jpg","type":"image\/jpeg"}],"author":"creativebitsolutions","twitter_card":"summary_large_image","twitter_misc":{"Written by":"creativebitsolutions","Estimated reading time":"1 minute"},"schema":{"@context":"https:\/\/schema.org","@graph":[{"@type":"Article","@id":"https:\/\/carpathiacenter.ro\/localepartialepmb2025-dan-cristian-popescu-si-a-depus-candidatura-la-primaria-capitalei\/#article","isPartOf":{"@id":"https:\/\/carpathiacenter.ro\/localepartialepmb2025-dan-cristian-popescu-si-a-depus-candidatura-la-primaria-capitalei\/"},"author":{"name":"creativebitsolutions","@id":"https:\/\/carpathiacenter.ro\/#\/schema\/person\/03d9f58202fee8379268f34afa195006"},"headline":"LocalePar\u021bialePMB2025\/Dan Cristian Popescu \u0219i-a depus candidatura la Prim\u0103ria Capitalei","datePublished":"2025-11-17T10:27:07+00:00","mainEntityOfPage":{"@id":"https:\/\/carpathiacenter.ro\/localepartialepmb2025-dan-cristian-popescu-si-a-depus-candidatura-la-primaria-capitalei\/"},"wordCount":272,"commentCount":0,"publisher":{"@id":"https:\/\/carpathiacenter.ro\/#organization"},"image":{"@id":"https:\/\/carpathiacenter.ro\/localepartialepmb2025-dan-cristian-popescu-si-a-depus-candidatura-la-primaria-capitalei\/#primaryimage"},"thumbnailUrl":"https:\/\/carpathiacenter.ro\/wp-content\/uploads\/2025\/11\/Cristian-Popescu.jpg","articleSection":["Uncategorized"],"inLanguage":"en-GB","potentialAction":[{"@type":"CommentAction","name":"Comment","target":["https:\/\/carpathiacenter.ro\/localepartialepmb2025-dan-cristian-popescu-si-a-depus-candidatura-la-primaria-capitalei\/#respond"]}]},{"@type":"WebPage","@id":"https:\/\/carpathiacenter.ro\/localepartialepmb2025-dan-cristian-popescu-si-a-depus-candidatura-la-primaria-capitalei\/","url":"https:\/\/carpathiacenter.ro\/localepartialepmb2025-dan-cristian-popescu-si-a-depus-candidatura-la-primaria-capitalei\/","name":"LocalePar\u021bialePMB2025\/Dan Cristian Popescu \u0219i-a depus candidatura la Prim\u0103ria Capitalei - Carpathia Center Romania","isPartOf":{"@id":"https:\/\/carpathiacenter.ro\/#website"},"primaryImageOfPage":{"@id":"https:\/\/carpathiacenter.ro\/localepartialepmb2025-dan-cristian-popescu-si-a-depus-candidatura-la-primaria-capitalei\/#primaryimage"},"image":{"@id":"https:\/\/carpathiacenter.ro\/localepartialepmb2025-dan-cristian-popescu-si-a-depus-candidatura-la-primaria-capitalei\/#primaryimage"},"thumbnailUrl":"https:\/\/carpathiacenter.ro\/wp-content\/uploads\/2025\/11\/Cristian-Popescu.jpg","datePublished":"2025-11-17T10:27:07+00:00","breadcrumb":{"@id":"https:\/\/carpathiacenter.ro\/localepartialepmb2025-dan-cristian-popescu-si-a-depus-candidatura-la-primaria-capitalei\/#breadcrumb"},"inLanguage":"en-GB","potentialAction":[{"@type":"ReadAction","target":["https:\/\/carpathiacenter.ro\/localepartialepmb2025-dan-cristian-popescu-si-a-depus-candidatura-la-primaria-capitalei\/"]}]},{"@type":"ImageObject","inLanguage":"en-GB","@id":"https:\/\/carpathiacenter.ro\/localepartialepmb2025-dan-cristian-popescu-si-a-depus-candidatura-la-primaria-capitalei\/#primaryimage","url":"https:\/\/carpathiacenter.ro\/wp-content\/uploads\/2025\/11\/Cristian-Popescu.jpg","contentUrl":"https:\/\/carpathiacenter.ro\/wp-content\/uploads\/2025\/11\/Cristian-Popescu.jpg","width":1179,"height":1110},{"@type":"BreadcrumbList","@id":"https:\/\/carpathiacenter.ro\/localepartialepmb2025-dan-cristian-popescu-si-a-depus-candidatura-la-primaria-capitalei\/#breadcrumb","itemListElement":[{"@type":"ListItem","position":1,"name":"Prima pagin\u0103","item":"https:\/\/carpathiacenter.ro\/"},{"@type":"ListItem","position":2,"name":"LocalePar\u021bialePMB2025\/Dan Cristian Popescu \u0219i-a depus candidatura la Prim\u0103ria Capitalei"}]},{"@type":"WebSite","@id":"https:\/\/carpathiacenter.ro\/#website","url":"https:\/\/carpathiacenter.ro\/","name":"Carpathia Center Romania","description":"Impossible made possible!","publisher":{"@id":"https:\/\/carpathiacenter.ro\/#organization"},"potentialAction":[{"@type":"SearchAction","target":{"@type":"EntryPoint","urlTemplate":"https:\/\/carpathiacenter.ro\/?s={search_term_string}"},"query-input":{"@type":"PropertyValueSpecification","valueRequired":true,"valueName":"search_term_string"}}],"inLanguage":"en-GB"},{"@type":"Organization","@id":"https:\/\/carpathiacenter.ro\/#organization","name":"Carpathia Center Romania","url":"https:\/\/carpathiacenter.ro\/","logo":{"@type":"ImageObject","inLanguage":"en-GB","@id":"https:\/\/carpathiacenter.ro\/#\/schema\/logo\/image\/","url":"https:\/\/carpathiacenter.ro\/wp-content\/uploads\/2024\/07\/logo-carpathia_bg_white-1024x941.png","contentUrl":"https:\/\/carpathiacenter.ro\/wp-content\/uploads\/2024\/07\/logo-carpathia_bg_white-1024x941.png","width":1024,"height":941,"caption":"Carpathia Center Romania"},"image":{"@id":"https:\/\/carpathiacenter.ro\/#\/schema\/logo\/image\/"},"sameAs":["https:\/\/www.facebook.com\/fdpscarpathia\/"]},{"@type":"Person","@id":"https:\/\/carpathiacenter.ro\/#\/schema\/person\/03d9f58202fee8379268f34afa195006","name":"creativebitsolutions","image":{"@type":"ImageObject","inLanguage":"en-GB","@id":"https:\/\/carpathiacenter.ro\/#\/schema\/person\/image\/","url":"https:\/\/secure.gravatar.com\/avatar\/1b1a13e37f847c635dab78348f1dff2f07651ee2a3d77a5c355a4b8c75f9165a?s=96&d=mm&r=g","contentUrl":"https:\/\/secure.gravatar.com\/avatar\/1b1a13e37f847c635dab78348f1dff2f07651ee2a3d77a5c355a4b8c75f9165a?s=96&d=mm&r=g","caption":"creativebitsolutions"},"url":"https:\/\/carpathiacenter.ro\/en\/author\/creativebitsolutions\/"}]}},"_links":{"self":[{"href":"https:\/\/carpathiacenter.ro\/en\/wp-json\/wp\/v2\/posts\/3335","targetHints":{"allow":["GET"]}}],"collection":[{"href":"https:\/\/carpathiacenter.ro\/en\/wp-json\/wp\/v2\/posts"}],"about":[{"href":"https:\/\/carpathiacenter.ro\/en\/wp-json\/wp\/v2\/types\/post"}],"author":[{"embeddable":true,"href":"https:\/\/carpathiacenter.ro\/en\/wp-json\/wp\/v2\/users\/4"}],"replies":[{"embeddable":true,"href":"https:\/\/carpathiacenter.ro\/en\/wp-json\/wp\/v2\/comments?post=3335"}],"version-history":[{"count":1,"href":"https:\/\/carpathiacenter.ro\/en\/wp-json\/wp\/v2\/posts\/3335\/revisions"}],"predecessor-version":[{"id":3337,"href":"https:\/\/carpathiacenter.ro\/en\/wp-json\/wp\/v2\/posts\/3335\/revisions\/3337"}],"wp:featuredmedia":[{"embeddable":true,"href":"https:\/\/carpathiacenter.ro\/en\/wp-json\/wp\/v2\/media\/3336"}],"wp:attachment":[{"href":"https:\/\/carpathiacenter.ro\/en\/wp-json\/wp\/v2\/media?parent=3335"}],"wp:term":[{"taxonomy":"category","embeddable":true,"href":"https:\/\/carpathiacenter.ro\/en\/wp-json\/wp\/v2\/categories?post=3335"},{"taxonomy":"post_tag","embeddable":true,"href":"https:\/\/carpathiacenter.ro\/en\/wp-json\/wp\/v2\/tags?post=3335"}],"curies":[{"name":"wp","href":"https:\/\/api.w.org\/{rel}","templated":true}]}}