{"id":3332,"date":"2025-11-14T09:58:38","date_gmt":"2025-11-14T09:58:38","guid":{"rendered":"https:\/\/carpathiacenter.ro\/?p=3332"},"modified":"2025-11-14T09:58:38","modified_gmt":"2025-11-14T09:58:38","slug":"bns-solicita-o-reforma-reala-a-taxarii-muncii-prin-scaderea-contributiilor-sociale-si-protejarea-veniturilor-mici-si-medii","status":"publish","type":"post","link":"https:\/\/carpathiacenter.ro\/en\/bns-solicita-o-reforma-reala-a-taxarii-muncii-prin-scaderea-contributiilor-sociale-si-protejarea-veniturilor-mici-si-medii\/","title":{"rendered":"BNS solicit\u0103 o reform\u0103 real\u0103 a tax\u0103rii muncii, prin sc\u0103derea contribu\u021biilor sociale \u0219i protejarea veniturilor mici \u0219i medii"},"content":{"rendered":"<p><strong>Blocul Na\u021bional Sindical (BNS) cere o reform\u0103 real\u0103 a tax\u0103rii muncii, prin sc\u0103derea contribu\u021biilor sociale \u0219i protejarea veniturilor mici \u0219i medii, respectiv transferul unei p\u0103r\u021bi din contribu\u021biile sociale datorate de angajat c\u0103tre angajator pentru a permite recuperarea, par\u021bial, a puterii de cump\u0103rare pierdute \u00een aceast\u0103 perioad\u0103, potrivit unui comunicat remis vineri AGERPRES.<\/strong><\/p>\n<p>Solicit\u0103rile sunt incluse \u00eentr-un document preg\u0103tit \u00een vederea \u00eent\u00e2lnirilor cu reprezentan\u021bi ai partidelor de la guvernare. Sindicali\u0219tii BNS au fost invita\u021bi la discu\u021bii \u00een urma protestului organizat miercuri, 12 noiembrie, \u00een Capital\u0103, la care au participat peste 5.000 de membri. Ei vor participa la \u00eent\u00e2lniri de lucru vineri, 14 noiembrie, cu USR, \u0219i luni, 17 noiembrie, cu UDMR.<\/p>\n<p>Conform BNS, trebuie pus\u0103 \u00een aplicare Rezolu\u021bia Comitetului de Mini\u0219tri din cadrul Consiliului Europei care solicit\u0103 Rom\u00e2niei s\u0103 restabileasc\u0103 echilibrul \u00een finan\u021barea sistemelor de securitate social\u0103 \u0219i potrivit c\u0103reia salaria\u021bii nu pot asigura mai mult de 50% finan\u021barea sistemului de securitate social\u0103.<\/p>\n<p>Totodat\u0103, reprezentan\u021bii BNS cer &#8216;asigurarea unui tratament fiscal identic indiferent de tipul venitului ob\u021binut de persoanele fizice&#8217;.<\/p>\n<p>&#8216;Se impune existen\u021ba unui cadru legal care s\u0103 vizeze dependen\u021ba economic\u0103, respectiv reglementarea unui tratament juridic pentru categorii profesionale ale c\u0103ror venituri sunt nereglementate, ca de exemplu munca pe platforme. \u00cen legisla\u021bia actual\u0103 linia \u00eentre dependent \u0219i independent este definit\u0103 strict fiscal, ceea ce face ca \u00een multe cazuri rela\u021bii de munc\u0103 s\u0103 fie deghizate \u00een alte categorii de contracte, pentru a primi un tratament fiscal mai favorabil&#8217;, se precizeaz\u0103 \u00een document.<\/p>\n<p>Pe lista de revendic\u0103ri se mai afl\u0103 reglementarea muncii pe platforme \u0219i definirea tratamentului fiscal pentru acest tip de rela\u021bie. &#8216;Fiscalitatea pe munc\u0103 este excesiv\u0103 \u0219i trebuie s\u0103 se reduc\u0103&#8217;, sus\u021bin sindicali\u0219tii.<\/p>\n<p>De asemenea, reprezentan\u021bii BNS solicit\u0103 asumarea combaterii evaziunii fiscale ca prioritate zero a Guvernului.<\/p>\n<p>&#8216;Fraudele fiscale (dimensionate prin GAP-ul de TVA) \u0219i sub-ocuparea for\u021bei de munc\u0103 din Rom\u00e2nia (fa\u021b\u0103 de media Uniunii Europene) sunt doi indicatori corela\u021bi \u0219i se auto-alimenteaz\u0103: GAP-ul mai mare de TVA favorizeaz\u0103 munca nedeclarat\u0103. \u0218i viceversa: munca nedeclarat\u0103, av\u00e2nd printre cauze impozitarea excesiv\u0103 a muncii din Rom\u00e2nia, contribuie la frauda fiscal\u0103&#8217;, se mai arat\u0103 \u00een comunicat.<\/p>\n<p>Conform sursei citate, reducerea decalajului de TVA apare ca prim\u0103 prioritate, aceasta fiind favorizat\u0103 de procesul de digitalizare \u0219i cre\u0219tere a eficien\u021bei\/competen\u021bei administra\u021biei fiscale.<\/p>\n<p>&#8216;Un program amplu de investi\u021bii publice care s\u0103 foloseasc\u0103 eficient resursele financiare na\u021bionale \u0219i europene nerambursabile cu prec\u0103dere pentru infrastructura de transport feroviar, transport local, agricultur\u0103 \u0219i industrie alimentar\u0103, cercetare, s\u0103n\u0103tate public\u0103 \u0219i cultur\u0103. Se impune de asemenea adoptarea unor scheme de ajutor de stat care s\u0103 \u00eencurajeze investi\u021bii \u00een domenii industriale cheie pentru Rom\u00e2nia (exemplu: industria de automobile, industria de ap\u0103rare \u0219i industria naval\u0103)&#8217;, se precizeaz\u0103 \u00een document.<\/p>\n<p>Sindicali\u0219tii solicit\u0103, printre altele, ini\u021bierea unor consult\u0103ri periodice \u00eentre reprezentan\u021bii BNS \u0219i cei ai partidelor, \u00een special pentru reforme ce vizeaz\u0103 interesele lucr\u0103torilor.<\/p>\n<p>\u00cen acest sens, liderii sindicali solicit\u0103 stabilirea unui mecanism de dialog institu\u021bionalizat \u00eentre BNS \u0219i reprezentan\u021bii partidelor \u00een Parlament, respectiv alocarea unor persoane de contact at\u00e2t la Senat, c\u00e2t \u0219i la Camera Deputa\u021bilor care s\u0103 faciliteze func\u021bionarea unui canal direct de comunicare pentru diverse proiecte de acte normative aflate \u00een procesul legislativ.<\/p>\n<p>&#8216;Nu putem accepta s\u0103r\u0103cirea angaja\u021bilor din Rom\u00e2nia ca pre\u021b pentru restabilirea echilibrelor economice, ca urmare solicit\u0103m: stoparea politicilor guvernamentale ce alimenteaz\u0103 infla\u021bia \u0219i protejarea veniturilor lucr\u0103torilor&#8217;, se men\u021bioneaz\u0103 \u00een document. Sindicali\u0219tii mai cer cre\u0219terea salariului minim pe economie \u0219i stoparea pierderii puterii de cump\u0103rare a salariilor \u0219i negocieri colective reale \u0219i extinse.<\/p>\n<p>&#8216;Stoparea reformelor f\u0103cute prin t\u0103ieri de salarii \u0219i posturi \u00een sectorul bugetar; dezbateri transparente cu partenerii sociali pe marginea ini\u021biativelor de reorganizare; introducerea unor criterii clare \u0219i transparente de evaluare a lucr\u0103torilor din sectorul public. Acestea ar trebui stabilite \u00eempreun\u0103 cu organiza\u021biile sindicale din institu\u021biile respective \u0219i care s\u0103 aib\u0103 ca valori competen\u021ba \u0219i preg\u0103tirea profesional\u0103 a lucr\u0103torilor, calitatea \u0219i profesionalismul lor. Spunem un NU r\u0103spicat epur\u0103rilor pe criterii politice care anticip\u0103m c\u0103 vor avea loc ca urmare a procesului de restructurare \u00een sectorul public&#8217;, noteaz\u0103 BNS.<\/p>\n<p>Blocul Na\u021bional Sindical (BNS) a organizat miercuri un miting de protest \u00een Pia\u021ba Victoriei din Bucure\u0219ti, \u00eempotriva &#8216;sc\u0103derii puterii de cump\u0103rare \u0219i a politicilor anti-salaria\u021bi promovate de guvernan\u021bi&#8217;.<\/p>\n<p>Protestul a fost urmat de un mar\u0219 p\u00e2n\u0103 la Pia\u021ba Constitu\u021biei, cu opriri simbolice \u00een fa\u021ba principalelor institu\u021bii responsabile pentru politicile economice \u0219i sociale ale \u021b\u0103rii. AGERPRES\/(AS &#8211; redactor: Nicoleta B\u0103nciulea, editor: Andreea Marinescu, editor online: Ady Iva\u015fcu)<br \/>\n<br \/>\nSursa articolului:  <a href=\"https:\/\/agerpres.ro\/economic\/2025\/11\/14\/bns-solicita-o-reforma-reala-a-taxarii-muncii-prin-scaderea-contributiilor-sociale-si-protejarea-ven--1502878\" target=\"_blank\" rel=\"noopener\" title=\"\">AGERPRES<\/a><\/p>","protected":false},"excerpt":{"rendered":"<p>Blocul Na\u021bional Sindical (BNS) cere o reform\u0103 real\u0103 a tax\u0103rii muncii, prin sc\u0103derea contribu\u021biilor sociale \u0219i protejarea veniturilor mici \u0219i medii, respectiv transferul unei p\u0103r\u021bi din contribu\u021biile sociale datorate de angajat c\u0103tre angajator pentru a permite recuperarea, par\u021bial, a puterii de cump\u0103rare pierdute \u00een aceast\u0103 perioad\u0103, potrivit unui comunicat remis vineri AGERPRES. Solicit\u0103rile sunt incluse&#8230;<\/p>","protected":false},"author":4,"featured_media":1807,"comment_status":"open","ping_status":"open","sticky":false,"template":"","format":"standard","meta":{"footnotes":""},"categories":[1],"tags":[],"class_list":["post-3332","post","type-post","status-publish","format-standard","has-post-thumbnail","hentry","category-uncategorized"],"yoast_head":"<!-- This site is optimized with the Yoast SEO plugin v26.1.1 - https:\/\/yoast.com\/wordpress\/plugins\/seo\/ -->\n<title>BNS solicit\u0103 o reform\u0103 real\u0103 a tax\u0103rii muncii, prin sc\u0103derea contribu\u021biilor sociale \u0219i protejarea veniturilor mici \u0219i medii - Carpathia Center Romania<\/title>\n<meta name=\"robots\" content=\"index, follow, max-snippet:-1, max-image-preview:large, max-video-preview:-1\" \/>\n<link rel=\"canonical\" href=\"https:\/\/carpathiacenter.ro\/en\/bns-solicita-o-reforma-reala-a-taxarii-muncii-prin-scaderea-contributiilor-sociale-si-protejarea-veniturilor-mici-si-medii\/\" \/>\n<meta property=\"og:locale\" content=\"en_GB\" \/>\n<meta property=\"og:type\" content=\"article\" \/>\n<meta property=\"og:title\" content=\"BNS solicit\u0103 o reform\u0103 real\u0103 a tax\u0103rii muncii, prin sc\u0103derea contribu\u021biilor sociale \u0219i protejarea veniturilor mici \u0219i medii - Carpathia Center Romania\" \/>\n<meta property=\"og:description\" content=\"Blocul Na\u021bional Sindical (BNS) cere o reform\u0103 real\u0103 a tax\u0103rii muncii, prin sc\u0103derea contribu\u021biilor sociale \u0219i protejarea veniturilor mici \u0219i medii, respectiv transferul unei p\u0103r\u021bi din contribu\u021biile sociale datorate de angajat c\u0103tre angajator pentru a permite recuperarea, par\u021bial, a puterii de cump\u0103rare pierdute \u00een aceast\u0103 perioad\u0103, potrivit unui comunicat remis vineri AGERPRES. Solicit\u0103rile sunt incluse...\" \/>\n<meta property=\"og:url\" content=\"https:\/\/carpathiacenter.ro\/en\/bns-solicita-o-reforma-reala-a-taxarii-muncii-prin-scaderea-contributiilor-sociale-si-protejarea-veniturilor-mici-si-medii\/\" \/>\n<meta property=\"og:site_name\" content=\"Carpathia Center Romania\" \/>\n<meta property=\"article:publisher\" content=\"https:\/\/www.facebook.com\/fdpscarpathia\/\" \/>\n<meta property=\"article:published_time\" content=\"2025-11-14T09:58:38+00:00\" \/>\n<meta property=\"og:image\" content=\"https:\/\/carpathiacenter.ro\/wp-content\/uploads\/2025\/01\/steag_bns.jpg\" \/>\n\t<meta property=\"og:image:width\" content=\"1280\" \/>\n\t<meta property=\"og:image:height\" content=\"1024\" \/>\n\t<meta property=\"og:image:type\" content=\"image\/jpeg\" \/>\n<meta name=\"author\" content=\"creativebitsolutions\" \/>\n<meta name=\"twitter:card\" content=\"summary_large_image\" \/>\n<meta name=\"twitter:label1\" content=\"Written by\" \/>\n\t<meta name=\"twitter:data1\" content=\"creativebitsolutions\" \/>\n\t<meta name=\"twitter:label2\" content=\"Estimated reading time\" \/>\n\t<meta name=\"twitter:data2\" content=\"1 minute\" \/>\n<script type=\"application\/ld+json\" class=\"yoast-schema-graph\">{\"@context\":\"https:\/\/schema.org\",\"@graph\":[{\"@type\":\"Article\",\"@id\":\"https:\/\/carpathiacenter.ro\/bns-solicita-o-reforma-reala-a-taxarii-muncii-prin-scaderea-contributiilor-sociale-si-protejarea-veniturilor-mici-si-medii\/#article\",\"isPartOf\":{\"@id\":\"https:\/\/carpathiacenter.ro\/bns-solicita-o-reforma-reala-a-taxarii-muncii-prin-scaderea-contributiilor-sociale-si-protejarea-veniturilor-mici-si-medii\/\"},\"author\":{\"name\":\"creativebitsolutions\",\"@id\":\"https:\/\/carpathiacenter.ro\/#\/schema\/person\/03d9f58202fee8379268f34afa195006\"},\"headline\":\"BNS solicit\u0103 o reform\u0103 real\u0103 a tax\u0103rii muncii, prin sc\u0103derea contribu\u021biilor sociale \u0219i protejarea veniturilor mici \u0219i medii\",\"datePublished\":\"2025-11-14T09:58:38+00:00\",\"mainEntityOfPage\":{\"@id\":\"https:\/\/carpathiacenter.ro\/bns-solicita-o-reforma-reala-a-taxarii-muncii-prin-scaderea-contributiilor-sociale-si-protejarea-veniturilor-mici-si-medii\/\"},\"wordCount\":839,\"commentCount\":0,\"publisher\":{\"@id\":\"https:\/\/carpathiacenter.ro\/#organization\"},\"image\":{\"@id\":\"https:\/\/carpathiacenter.ro\/bns-solicita-o-reforma-reala-a-taxarii-muncii-prin-scaderea-contributiilor-sociale-si-protejarea-veniturilor-mici-si-medii\/#primaryimage\"},\"thumbnailUrl\":\"https:\/\/carpathiacenter.ro\/wp-content\/uploads\/2025\/01\/steag_bns.jpg\",\"articleSection\":[\"Uncategorized\"],\"inLanguage\":\"en-GB\",\"potentialAction\":[{\"@type\":\"CommentAction\",\"name\":\"Comment\",\"target\":[\"https:\/\/carpathiacenter.ro\/bns-solicita-o-reforma-reala-a-taxarii-muncii-prin-scaderea-contributiilor-sociale-si-protejarea-veniturilor-mici-si-medii\/#respond\"]}]},{\"@type\":\"WebPage\",\"@id\":\"https:\/\/carpathiacenter.ro\/bns-solicita-o-reforma-reala-a-taxarii-muncii-prin-scaderea-contributiilor-sociale-si-protejarea-veniturilor-mici-si-medii\/\",\"url\":\"https:\/\/carpathiacenter.ro\/bns-solicita-o-reforma-reala-a-taxarii-muncii-prin-scaderea-contributiilor-sociale-si-protejarea-veniturilor-mici-si-medii\/\",\"name\":\"BNS solicit\u0103 o reform\u0103 real\u0103 a tax\u0103rii muncii, prin sc\u0103derea contribu\u021biilor sociale \u0219i protejarea veniturilor mici \u0219i medii - Carpathia Center Romania\",\"isPartOf\":{\"@id\":\"https:\/\/carpathiacenter.ro\/#website\"},\"primaryImageOfPage\":{\"@id\":\"https:\/\/carpathiacenter.ro\/bns-solicita-o-reforma-reala-a-taxarii-muncii-prin-scaderea-contributiilor-sociale-si-protejarea-veniturilor-mici-si-medii\/#primaryimage\"},\"image\":{\"@id\":\"https:\/\/carpathiacenter.ro\/bns-solicita-o-reforma-reala-a-taxarii-muncii-prin-scaderea-contributiilor-sociale-si-protejarea-veniturilor-mici-si-medii\/#primaryimage\"},\"thumbnailUrl\":\"https:\/\/carpathiacenter.ro\/wp-content\/uploads\/2025\/01\/steag_bns.jpg\",\"datePublished\":\"2025-11-14T09:58:38+00:00\",\"breadcrumb\":{\"@id\":\"https:\/\/carpathiacenter.ro\/bns-solicita-o-reforma-reala-a-taxarii-muncii-prin-scaderea-contributiilor-sociale-si-protejarea-veniturilor-mici-si-medii\/#breadcrumb\"},\"inLanguage\":\"en-GB\",\"potentialAction\":[{\"@type\":\"ReadAction\",\"target\":[\"https:\/\/carpathiacenter.ro\/bns-solicita-o-reforma-reala-a-taxarii-muncii-prin-scaderea-contributiilor-sociale-si-protejarea-veniturilor-mici-si-medii\/\"]}]},{\"@type\":\"ImageObject\",\"inLanguage\":\"en-GB\",\"@id\":\"https:\/\/carpathiacenter.ro\/bns-solicita-o-reforma-reala-a-taxarii-muncii-prin-scaderea-contributiilor-sociale-si-protejarea-veniturilor-mici-si-medii\/#primaryimage\",\"url\":\"https:\/\/carpathiacenter.ro\/wp-content\/uploads\/2025\/01\/steag_bns.jpg\",\"contentUrl\":\"https:\/\/carpathiacenter.ro\/wp-content\/uploads\/2025\/01\/steag_bns.jpg\",\"width\":1280,\"height\":1024},{\"@type\":\"BreadcrumbList\",\"@id\":\"https:\/\/carpathiacenter.ro\/bns-solicita-o-reforma-reala-a-taxarii-muncii-prin-scaderea-contributiilor-sociale-si-protejarea-veniturilor-mici-si-medii\/#breadcrumb\",\"itemListElement\":[{\"@type\":\"ListItem\",\"position\":1,\"name\":\"Prima pagin\u0103\",\"item\":\"https:\/\/carpathiacenter.ro\/\"},{\"@type\":\"ListItem\",\"position\":2,\"name\":\"BNS solicit\u0103 o reform\u0103 real\u0103 a tax\u0103rii muncii, prin sc\u0103derea contribu\u021biilor sociale \u0219i protejarea veniturilor mici \u0219i medii\"}]},{\"@type\":\"WebSite\",\"@id\":\"https:\/\/carpathiacenter.ro\/#website\",\"url\":\"https:\/\/carpathiacenter.ro\/\",\"name\":\"Carpathia Center Romania\",\"description\":\"Impossible made possible!\",\"publisher\":{\"@id\":\"https:\/\/carpathiacenter.ro\/#organization\"},\"potentialAction\":[{\"@type\":\"SearchAction\",\"target\":{\"@type\":\"EntryPoint\",\"urlTemplate\":\"https:\/\/carpathiacenter.ro\/?s={search_term_string}\"},\"query-input\":{\"@type\":\"PropertyValueSpecification\",\"valueRequired\":true,\"valueName\":\"search_term_string\"}}],\"inLanguage\":\"en-GB\"},{\"@type\":\"Organization\",\"@id\":\"https:\/\/carpathiacenter.ro\/#organization\",\"name\":\"Carpathia Center Romania\",\"url\":\"https:\/\/carpathiacenter.ro\/\",\"logo\":{\"@type\":\"ImageObject\",\"inLanguage\":\"en-GB\",\"@id\":\"https:\/\/carpathiacenter.ro\/#\/schema\/logo\/image\/\",\"url\":\"https:\/\/carpathiacenter.ro\/wp-content\/uploads\/2024\/07\/logo-carpathia_bg_white-1024x941.png\",\"contentUrl\":\"https:\/\/carpathiacenter.ro\/wp-content\/uploads\/2024\/07\/logo-carpathia_bg_white-1024x941.png\",\"width\":1024,\"height\":941,\"caption\":\"Carpathia Center Romania\"},\"image\":{\"@id\":\"https:\/\/carpathiacenter.ro\/#\/schema\/logo\/image\/\"},\"sameAs\":[\"https:\/\/www.facebook.com\/fdpscarpathia\/\"]},{\"@type\":\"Person\",\"@id\":\"https:\/\/carpathiacenter.ro\/#\/schema\/person\/03d9f58202fee8379268f34afa195006\",\"name\":\"creativebitsolutions\",\"image\":{\"@type\":\"ImageObject\",\"inLanguage\":\"en-GB\",\"@id\":\"https:\/\/carpathiacenter.ro\/#\/schema\/person\/image\/\",\"url\":\"https:\/\/secure.gravatar.com\/avatar\/1b1a13e37f847c635dab78348f1dff2f07651ee2a3d77a5c355a4b8c75f9165a?s=96&d=mm&r=g\",\"contentUrl\":\"https:\/\/secure.gravatar.com\/avatar\/1b1a13e37f847c635dab78348f1dff2f07651ee2a3d77a5c355a4b8c75f9165a?s=96&d=mm&r=g\",\"caption\":\"creativebitsolutions\"},\"url\":\"https:\/\/carpathiacenter.ro\/en\/author\/creativebitsolutions\/\"}]}<\/script>\n<!-- \/ Yoast SEO plugin. -->","yoast_head_json":{"title":"BNS solicit\u0103 o reform\u0103 real\u0103 a tax\u0103rii muncii, prin sc\u0103derea contribu\u021biilor sociale \u0219i protejarea veniturilor mici \u0219i medii - Carpathia Center Romania","robots":{"index":"index","follow":"follow","max-snippet":"max-snippet:-1","max-image-preview":"max-image-preview:large","max-video-preview":"max-video-preview:-1"},"canonical":"https:\/\/carpathiacenter.ro\/en\/bns-solicita-o-reforma-reala-a-taxarii-muncii-prin-scaderea-contributiilor-sociale-si-protejarea-veniturilor-mici-si-medii\/","og_locale":"en_GB","og_type":"article","og_title":"BNS solicit\u0103 o reform\u0103 real\u0103 a tax\u0103rii muncii, prin sc\u0103derea contribu\u021biilor sociale \u0219i protejarea veniturilor mici \u0219i medii - Carpathia Center Romania","og_description":"Blocul Na\u021bional Sindical (BNS) cere o reform\u0103 real\u0103 a tax\u0103rii muncii, prin sc\u0103derea contribu\u021biilor sociale \u0219i protejarea veniturilor mici \u0219i medii, respectiv transferul unei p\u0103r\u021bi din contribu\u021biile sociale datorate de angajat c\u0103tre angajator pentru a permite recuperarea, par\u021bial, a puterii de cump\u0103rare pierdute \u00een aceast\u0103 perioad\u0103, potrivit unui comunicat remis vineri AGERPRES. Solicit\u0103rile sunt incluse...","og_url":"https:\/\/carpathiacenter.ro\/en\/bns-solicita-o-reforma-reala-a-taxarii-muncii-prin-scaderea-contributiilor-sociale-si-protejarea-veniturilor-mici-si-medii\/","og_site_name":"Carpathia Center Romania","article_publisher":"https:\/\/www.facebook.com\/fdpscarpathia\/","article_published_time":"2025-11-14T09:58:38+00:00","og_image":[{"width":1280,"height":1024,"url":"https:\/\/carpathiacenter.ro\/wp-content\/uploads\/2025\/01\/steag_bns.jpg","type":"image\/jpeg"}],"author":"creativebitsolutions","twitter_card":"summary_large_image","twitter_misc":{"Written by":"creativebitsolutions","Estimated reading time":"1 minute"},"schema":{"@context":"https:\/\/schema.org","@graph":[{"@type":"Article","@id":"https:\/\/carpathiacenter.ro\/bns-solicita-o-reforma-reala-a-taxarii-muncii-prin-scaderea-contributiilor-sociale-si-protejarea-veniturilor-mici-si-medii\/#article","isPartOf":{"@id":"https:\/\/carpathiacenter.ro\/bns-solicita-o-reforma-reala-a-taxarii-muncii-prin-scaderea-contributiilor-sociale-si-protejarea-veniturilor-mici-si-medii\/"},"author":{"name":"creativebitsolutions","@id":"https:\/\/carpathiacenter.ro\/#\/schema\/person\/03d9f58202fee8379268f34afa195006"},"headline":"BNS solicit\u0103 o reform\u0103 real\u0103 a tax\u0103rii muncii, prin sc\u0103derea contribu\u021biilor sociale \u0219i protejarea veniturilor mici \u0219i medii","datePublished":"2025-11-14T09:58:38+00:00","mainEntityOfPage":{"@id":"https:\/\/carpathiacenter.ro\/bns-solicita-o-reforma-reala-a-taxarii-muncii-prin-scaderea-contributiilor-sociale-si-protejarea-veniturilor-mici-si-medii\/"},"wordCount":839,"commentCount":0,"publisher":{"@id":"https:\/\/carpathiacenter.ro\/#organization"},"image":{"@id":"https:\/\/carpathiacenter.ro\/bns-solicita-o-reforma-reala-a-taxarii-muncii-prin-scaderea-contributiilor-sociale-si-protejarea-veniturilor-mici-si-medii\/#primaryimage"},"thumbnailUrl":"https:\/\/carpathiacenter.ro\/wp-content\/uploads\/2025\/01\/steag_bns.jpg","articleSection":["Uncategorized"],"inLanguage":"en-GB","potentialAction":[{"@type":"CommentAction","name":"Comment","target":["https:\/\/carpathiacenter.ro\/bns-solicita-o-reforma-reala-a-taxarii-muncii-prin-scaderea-contributiilor-sociale-si-protejarea-veniturilor-mici-si-medii\/#respond"]}]},{"@type":"WebPage","@id":"https:\/\/carpathiacenter.ro\/bns-solicita-o-reforma-reala-a-taxarii-muncii-prin-scaderea-contributiilor-sociale-si-protejarea-veniturilor-mici-si-medii\/","url":"https:\/\/carpathiacenter.ro\/bns-solicita-o-reforma-reala-a-taxarii-muncii-prin-scaderea-contributiilor-sociale-si-protejarea-veniturilor-mici-si-medii\/","name":"BNS solicit\u0103 o reform\u0103 real\u0103 a tax\u0103rii muncii, prin sc\u0103derea contribu\u021biilor sociale \u0219i protejarea veniturilor mici \u0219i medii - Carpathia Center Romania","isPartOf":{"@id":"https:\/\/carpathiacenter.ro\/#website"},"primaryImageOfPage":{"@id":"https:\/\/carpathiacenter.ro\/bns-solicita-o-reforma-reala-a-taxarii-muncii-prin-scaderea-contributiilor-sociale-si-protejarea-veniturilor-mici-si-medii\/#primaryimage"},"image":{"@id":"https:\/\/carpathiacenter.ro\/bns-solicita-o-reforma-reala-a-taxarii-muncii-prin-scaderea-contributiilor-sociale-si-protejarea-veniturilor-mici-si-medii\/#primaryimage"},"thumbnailUrl":"https:\/\/carpathiacenter.ro\/wp-content\/uploads\/2025\/01\/steag_bns.jpg","datePublished":"2025-11-14T09:58:38+00:00","breadcrumb":{"@id":"https:\/\/carpathiacenter.ro\/bns-solicita-o-reforma-reala-a-taxarii-muncii-prin-scaderea-contributiilor-sociale-si-protejarea-veniturilor-mici-si-medii\/#breadcrumb"},"inLanguage":"en-GB","potentialAction":[{"@type":"ReadAction","target":["https:\/\/carpathiacenter.ro\/bns-solicita-o-reforma-reala-a-taxarii-muncii-prin-scaderea-contributiilor-sociale-si-protejarea-veniturilor-mici-si-medii\/"]}]},{"@type":"ImageObject","inLanguage":"en-GB","@id":"https:\/\/carpathiacenter.ro\/bns-solicita-o-reforma-reala-a-taxarii-muncii-prin-scaderea-contributiilor-sociale-si-protejarea-veniturilor-mici-si-medii\/#primaryimage","url":"https:\/\/carpathiacenter.ro\/wp-content\/uploads\/2025\/01\/steag_bns.jpg","contentUrl":"https:\/\/carpathiacenter.ro\/wp-content\/uploads\/2025\/01\/steag_bns.jpg","width":1280,"height":1024},{"@type":"BreadcrumbList","@id":"https:\/\/carpathiacenter.ro\/bns-solicita-o-reforma-reala-a-taxarii-muncii-prin-scaderea-contributiilor-sociale-si-protejarea-veniturilor-mici-si-medii\/#breadcrumb","itemListElement":[{"@type":"ListItem","position":1,"name":"Prima pagin\u0103","item":"https:\/\/carpathiacenter.ro\/"},{"@type":"ListItem","position":2,"name":"BNS solicit\u0103 o reform\u0103 real\u0103 a tax\u0103rii muncii, prin sc\u0103derea contribu\u021biilor sociale \u0219i protejarea veniturilor mici \u0219i medii"}]},{"@type":"WebSite","@id":"https:\/\/carpathiacenter.ro\/#website","url":"https:\/\/carpathiacenter.ro\/","name":"Carpathia Center Romania","description":"Impossible made possible!","publisher":{"@id":"https:\/\/carpathiacenter.ro\/#organization"},"potentialAction":[{"@type":"SearchAction","target":{"@type":"EntryPoint","urlTemplate":"https:\/\/carpathiacenter.ro\/?s={search_term_string}"},"query-input":{"@type":"PropertyValueSpecification","valueRequired":true,"valueName":"search_term_string"}}],"inLanguage":"en-GB"},{"@type":"Organization","@id":"https:\/\/carpathiacenter.ro\/#organization","name":"Carpathia Center Romania","url":"https:\/\/carpathiacenter.ro\/","logo":{"@type":"ImageObject","inLanguage":"en-GB","@id":"https:\/\/carpathiacenter.ro\/#\/schema\/logo\/image\/","url":"https:\/\/carpathiacenter.ro\/wp-content\/uploads\/2024\/07\/logo-carpathia_bg_white-1024x941.png","contentUrl":"https:\/\/carpathiacenter.ro\/wp-content\/uploads\/2024\/07\/logo-carpathia_bg_white-1024x941.png","width":1024,"height":941,"caption":"Carpathia Center Romania"},"image":{"@id":"https:\/\/carpathiacenter.ro\/#\/schema\/logo\/image\/"},"sameAs":["https:\/\/www.facebook.com\/fdpscarpathia\/"]},{"@type":"Person","@id":"https:\/\/carpathiacenter.ro\/#\/schema\/person\/03d9f58202fee8379268f34afa195006","name":"creativebitsolutions","image":{"@type":"ImageObject","inLanguage":"en-GB","@id":"https:\/\/carpathiacenter.ro\/#\/schema\/person\/image\/","url":"https:\/\/secure.gravatar.com\/avatar\/1b1a13e37f847c635dab78348f1dff2f07651ee2a3d77a5c355a4b8c75f9165a?s=96&d=mm&r=g","contentUrl":"https:\/\/secure.gravatar.com\/avatar\/1b1a13e37f847c635dab78348f1dff2f07651ee2a3d77a5c355a4b8c75f9165a?s=96&d=mm&r=g","caption":"creativebitsolutions"},"url":"https:\/\/carpathiacenter.ro\/en\/author\/creativebitsolutions\/"}]}},"_links":{"self":[{"href":"https:\/\/carpathiacenter.ro\/en\/wp-json\/wp\/v2\/posts\/3332","targetHints":{"allow":["GET"]}}],"collection":[{"href":"https:\/\/carpathiacenter.ro\/en\/wp-json\/wp\/v2\/posts"}],"about":[{"href":"https:\/\/carpathiacenter.ro\/en\/wp-json\/wp\/v2\/types\/post"}],"author":[{"embeddable":true,"href":"https:\/\/carpathiacenter.ro\/en\/wp-json\/wp\/v2\/users\/4"}],"replies":[{"embeddable":true,"href":"https:\/\/carpathiacenter.ro\/en\/wp-json\/wp\/v2\/comments?post=3332"}],"version-history":[{"count":1,"href":"https:\/\/carpathiacenter.ro\/en\/wp-json\/wp\/v2\/posts\/3332\/revisions"}],"predecessor-version":[{"id":3333,"href":"https:\/\/carpathiacenter.ro\/en\/wp-json\/wp\/v2\/posts\/3332\/revisions\/3333"}],"wp:featuredmedia":[{"embeddable":true,"href":"https:\/\/carpathiacenter.ro\/en\/wp-json\/wp\/v2\/media\/1807"}],"wp:attachment":[{"href":"https:\/\/carpathiacenter.ro\/en\/wp-json\/wp\/v2\/media?parent=3332"}],"wp:term":[{"taxonomy":"category","embeddable":true,"href":"https:\/\/carpathiacenter.ro\/en\/wp-json\/wp\/v2\/categories?post=3332"},{"taxonomy":"post_tag","embeddable":true,"href":"https:\/\/carpathiacenter.ro\/en\/wp-json\/wp\/v2\/tags?post=3332"}],"curies":[{"name":"wp","href":"https:\/\/api.w.org\/{rel}","templated":true}]}}