{"id":3324,"date":"2025-11-13T08:19:55","date_gmt":"2025-11-13T08:19:55","guid":{"rendered":"https:\/\/carpathiacenter.ro\/?p=3324"},"modified":"2025-11-13T08:19:55","modified_gmt":"2025-11-13T08:19:55","slug":"premierul-moldovean-vine-joi-la-bucuresti-in-prima-sa-vizita-externa-de-la-preluarea-mandatului","status":"publish","type":"post","link":"https:\/\/carpathiacenter.ro\/en\/premierul-moldovean-vine-joi-la-bucuresti-in-prima-sa-vizita-externa-de-la-preluarea-mandatului\/","title":{"rendered":"Premierul moldovean vine joi la Bucure\u0219ti, \u00een prima sa vizit\u0103 extern\u0103 de la preluarea mandatului"},"content":{"rendered":"<p><strong>Prim-ministrul Republicii Moldova, Alexandru Munteanu, vine joi la Bucure\u0219ti, \u00een prima sa vizit\u0103 oficial\u0103 extern\u0103 de la preluarea mandatului.<\/strong><\/p>\n<p>\u00cen cursul dimine\u021bii, \u0219eful Guvernului de la Chi\u0219in\u0103u va fi primit la Palatul Cotroceni de pre\u0219edintele Nicu\u0219or Dan.<\/p>\n<p>Ulterior, el se va \u00eent\u00e2lni cu pre\u0219edin\u021bii Senatului, Mircea Abrudean, \u0219i cu cel al Camerei Deputa\u021bilor, Sorin Grindeanu, la Parlament.<\/p>\n<p>Ceremonia oficial\u0103 a primirii de c\u0103tre premierul Ilie Bolojan este programat\u0103 la ora 11:30, la Palatul Victoria.<\/p>\n<p>Cei doi prim-mini\u0219tri vor avea o \u00eentrevedere tete-a-tete, urmat\u0103 de discu\u021bii \u00een plenul celor dou\u0103 delega\u021bii oficiale, la finalul c\u0103rora vor sus\u021bine declara\u021bii comune de pres\u0103.<\/p>\n<p>\u00cen cursul dup\u0103-amiezii, premierul moldovean va fi primit la Palatul Elisabeta de Custodele Coroanei, Margareta, \u0219i de Principele Radu.<\/p>\n<p>Potrivit unui comunicat al Guvernului, Ilie Bolojan \u0219i Alexandru Munteanu vor discuta pe teme \u0219i proiecte de interes comun ale celor dou\u0103 \u021b\u0103ri, \u00een contextul geostrategic actual.<\/p>\n<p>&#8216;Vizita la Bucure\u0219ti a premierului Republicii Moldova, Alexandru Munteanu, este \u0219i prima vizit\u0103 extern\u0103 pe care acesta o efectueaz\u0103 de la preluarea conducerii Guvernului de la Chi\u0219in\u0103u \u0219i are loc cu numai o zi \u00eenainte de preluarea de c\u0103tre Republica Moldova, pe 14 noiembrie, a pre\u0219edin\u021biei Comitetului de Mini\u0219tri al Consiliului Europei, organismul decizional al Consiliului Europei, mandat pe care vecinii no\u0219tri de peste Prut \u00eel vor de\u021bine pentru urm\u0103toarele \u0219ase luni&#8217;, a informat Guvernul Rom\u00e2niei. AGERPRES\/(AS &#8211; redactor: Andreea Rotaru, editor: Claudia St\u0103nescu, editor online: Alexandru Cojocaru)<br \/>\n<br \/>\nSursa articolului:  <a href=\"https:\/\/agerpres.ro\/politic\/2025\/11\/13\/premierul-moldovean-vine-joi-la-bucuresti-in-prima-sa-vizita-externa-de-la-preluarea-mandatului--1502471\" target=\"_blank\" rel=\"noopener\" title=\"\">AGERPRES<\/a><\/p>","protected":false},"excerpt":{"rendered":"<p>Prim-ministrul Republicii Moldova, Alexandru Munteanu, vine joi la Bucure\u0219ti, \u00een prima sa vizit\u0103 oficial\u0103 extern\u0103 de la preluarea mandatului. \u00cen cursul dimine\u021bii, \u0219eful Guvernului de la Chi\u0219in\u0103u va fi primit la Palatul Cotroceni de pre\u0219edintele Nicu\u0219or Dan. Ulterior, el se va \u00eent\u00e2lni cu pre\u0219edin\u021bii Senatului, Mircea Abrudean, \u0219i cu cel al Camerei Deputa\u021bilor, Sorin Grindeanu,&#8230;<\/p>","protected":false},"author":4,"featured_media":3325,"comment_status":"open","ping_status":"open","sticky":false,"template":"","format":"standard","meta":{"footnotes":""},"categories":[1],"tags":[],"class_list":["post-3324","post","type-post","status-publish","format-standard","has-post-thumbnail","hentry","category-uncategorized"],"yoast_head":"<!-- This site is optimized with the Yoast SEO plugin v26.1.1 - https:\/\/yoast.com\/wordpress\/plugins\/seo\/ -->\n<title>Premierul moldovean vine joi la Bucure\u0219ti, \u00een prima sa vizit\u0103 extern\u0103 de la preluarea mandatului - Carpathia Center Romania<\/title>\n<meta name=\"robots\" content=\"index, follow, max-snippet:-1, max-image-preview:large, max-video-preview:-1\" \/>\n<link rel=\"canonical\" href=\"https:\/\/carpathiacenter.ro\/en\/premierul-moldovean-vine-joi-la-bucuresti-in-prima-sa-vizita-externa-de-la-preluarea-mandatului\/\" \/>\n<meta property=\"og:locale\" content=\"en_GB\" \/>\n<meta property=\"og:type\" content=\"article\" \/>\n<meta property=\"og:title\" content=\"Premierul moldovean vine joi la Bucure\u0219ti, \u00een prima sa vizit\u0103 extern\u0103 de la preluarea mandatului - Carpathia Center Romania\" \/>\n<meta property=\"og:description\" content=\"Prim-ministrul Republicii Moldova, Alexandru Munteanu, vine joi la Bucure\u0219ti, \u00een prima sa vizit\u0103 oficial\u0103 extern\u0103 de la preluarea mandatului. \u00cen cursul dimine\u021bii, \u0219eful Guvernului de la Chi\u0219in\u0103u va fi primit la Palatul Cotroceni de pre\u0219edintele Nicu\u0219or Dan. Ulterior, el se va \u00eent\u00e2lni cu pre\u0219edin\u021bii Senatului, Mircea Abrudean, \u0219i cu cel al Camerei Deputa\u021bilor, Sorin Grindeanu,...\" \/>\n<meta property=\"og:url\" content=\"https:\/\/carpathiacenter.ro\/en\/premierul-moldovean-vine-joi-la-bucuresti-in-prima-sa-vizita-externa-de-la-preluarea-mandatului\/\" \/>\n<meta property=\"og:site_name\" content=\"Carpathia Center Romania\" \/>\n<meta property=\"article:publisher\" content=\"https:\/\/www.facebook.com\/fdpscarpathia\/\" \/>\n<meta property=\"article:published_time\" content=\"2025-11-13T08:19:55+00:00\" \/>\n<meta property=\"og:image\" content=\"https:\/\/carpathiacenter.ro\/wp-content\/uploads\/2025\/11\/Alexandru_Munteanu_official_portrait.jpg\" \/>\n\t<meta property=\"og:image:width\" content=\"500\" \/>\n\t<meta property=\"og:image:height\" content=\"619\" \/>\n\t<meta property=\"og:image:type\" content=\"image\/jpeg\" \/>\n<meta name=\"author\" content=\"creativebitsolutions\" \/>\n<meta name=\"twitter:card\" content=\"summary_large_image\" \/>\n<meta name=\"twitter:label1\" content=\"Written by\" \/>\n\t<meta name=\"twitter:data1\" content=\"creativebitsolutions\" \/>\n\t<meta name=\"twitter:label2\" content=\"Estimated reading time\" \/>\n\t<meta name=\"twitter:data2\" content=\"1 minute\" \/>\n<script type=\"application\/ld+json\" class=\"yoast-schema-graph\">{\"@context\":\"https:\/\/schema.org\",\"@graph\":[{\"@type\":\"Article\",\"@id\":\"https:\/\/carpathiacenter.ro\/premierul-moldovean-vine-joi-la-bucuresti-in-prima-sa-vizita-externa-de-la-preluarea-mandatului\/#article\",\"isPartOf\":{\"@id\":\"https:\/\/carpathiacenter.ro\/premierul-moldovean-vine-joi-la-bucuresti-in-prima-sa-vizita-externa-de-la-preluarea-mandatului\/\"},\"author\":{\"name\":\"creativebitsolutions\",\"@id\":\"https:\/\/carpathiacenter.ro\/#\/schema\/person\/03d9f58202fee8379268f34afa195006\"},\"headline\":\"Premierul moldovean vine joi la Bucure\u0219ti, \u00een prima sa vizit\u0103 extern\u0103 de la preluarea mandatului\",\"datePublished\":\"2025-11-13T08:19:55+00:00\",\"mainEntityOfPage\":{\"@id\":\"https:\/\/carpathiacenter.ro\/premierul-moldovean-vine-joi-la-bucuresti-in-prima-sa-vizita-externa-de-la-preluarea-mandatului\/\"},\"wordCount\":282,\"commentCount\":0,\"publisher\":{\"@id\":\"https:\/\/carpathiacenter.ro\/#organization\"},\"image\":{\"@id\":\"https:\/\/carpathiacenter.ro\/premierul-moldovean-vine-joi-la-bucuresti-in-prima-sa-vizita-externa-de-la-preluarea-mandatului\/#primaryimage\"},\"thumbnailUrl\":\"https:\/\/carpathiacenter.ro\/wp-content\/uploads\/2025\/11\/Alexandru_Munteanu_official_portrait.jpg\",\"articleSection\":[\"Uncategorized\"],\"inLanguage\":\"en-GB\",\"potentialAction\":[{\"@type\":\"CommentAction\",\"name\":\"Comment\",\"target\":[\"https:\/\/carpathiacenter.ro\/premierul-moldovean-vine-joi-la-bucuresti-in-prima-sa-vizita-externa-de-la-preluarea-mandatului\/#respond\"]}]},{\"@type\":\"WebPage\",\"@id\":\"https:\/\/carpathiacenter.ro\/premierul-moldovean-vine-joi-la-bucuresti-in-prima-sa-vizita-externa-de-la-preluarea-mandatului\/\",\"url\":\"https:\/\/carpathiacenter.ro\/premierul-moldovean-vine-joi-la-bucuresti-in-prima-sa-vizita-externa-de-la-preluarea-mandatului\/\",\"name\":\"Premierul moldovean vine joi la Bucure\u0219ti, \u00een prima sa vizit\u0103 extern\u0103 de la preluarea mandatului - Carpathia Center Romania\",\"isPartOf\":{\"@id\":\"https:\/\/carpathiacenter.ro\/#website\"},\"primaryImageOfPage\":{\"@id\":\"https:\/\/carpathiacenter.ro\/premierul-moldovean-vine-joi-la-bucuresti-in-prima-sa-vizita-externa-de-la-preluarea-mandatului\/#primaryimage\"},\"image\":{\"@id\":\"https:\/\/carpathiacenter.ro\/premierul-moldovean-vine-joi-la-bucuresti-in-prima-sa-vizita-externa-de-la-preluarea-mandatului\/#primaryimage\"},\"thumbnailUrl\":\"https:\/\/carpathiacenter.ro\/wp-content\/uploads\/2025\/11\/Alexandru_Munteanu_official_portrait.jpg\",\"datePublished\":\"2025-11-13T08:19:55+00:00\",\"breadcrumb\":{\"@id\":\"https:\/\/carpathiacenter.ro\/premierul-moldovean-vine-joi-la-bucuresti-in-prima-sa-vizita-externa-de-la-preluarea-mandatului\/#breadcrumb\"},\"inLanguage\":\"en-GB\",\"potentialAction\":[{\"@type\":\"ReadAction\",\"target\":[\"https:\/\/carpathiacenter.ro\/premierul-moldovean-vine-joi-la-bucuresti-in-prima-sa-vizita-externa-de-la-preluarea-mandatului\/\"]}]},{\"@type\":\"ImageObject\",\"inLanguage\":\"en-GB\",\"@id\":\"https:\/\/carpathiacenter.ro\/premierul-moldovean-vine-joi-la-bucuresti-in-prima-sa-vizita-externa-de-la-preluarea-mandatului\/#primaryimage\",\"url\":\"https:\/\/carpathiacenter.ro\/wp-content\/uploads\/2025\/11\/Alexandru_Munteanu_official_portrait.jpg\",\"contentUrl\":\"https:\/\/carpathiacenter.ro\/wp-content\/uploads\/2025\/11\/Alexandru_Munteanu_official_portrait.jpg\",\"width\":500,\"height\":619},{\"@type\":\"BreadcrumbList\",\"@id\":\"https:\/\/carpathiacenter.ro\/premierul-moldovean-vine-joi-la-bucuresti-in-prima-sa-vizita-externa-de-la-preluarea-mandatului\/#breadcrumb\",\"itemListElement\":[{\"@type\":\"ListItem\",\"position\":1,\"name\":\"Prima pagin\u0103\",\"item\":\"https:\/\/carpathiacenter.ro\/\"},{\"@type\":\"ListItem\",\"position\":2,\"name\":\"Premierul moldovean vine joi la Bucure\u0219ti, \u00een prima sa vizit\u0103 extern\u0103 de la preluarea mandatului\"}]},{\"@type\":\"WebSite\",\"@id\":\"https:\/\/carpathiacenter.ro\/#website\",\"url\":\"https:\/\/carpathiacenter.ro\/\",\"name\":\"Carpathia Center Romania\",\"description\":\"Impossible made possible!\",\"publisher\":{\"@id\":\"https:\/\/carpathiacenter.ro\/#organization\"},\"potentialAction\":[{\"@type\":\"SearchAction\",\"target\":{\"@type\":\"EntryPoint\",\"urlTemplate\":\"https:\/\/carpathiacenter.ro\/?s={search_term_string}\"},\"query-input\":{\"@type\":\"PropertyValueSpecification\",\"valueRequired\":true,\"valueName\":\"search_term_string\"}}],\"inLanguage\":\"en-GB\"},{\"@type\":\"Organization\",\"@id\":\"https:\/\/carpathiacenter.ro\/#organization\",\"name\":\"Carpathia Center Romania\",\"url\":\"https:\/\/carpathiacenter.ro\/\",\"logo\":{\"@type\":\"ImageObject\",\"inLanguage\":\"en-GB\",\"@id\":\"https:\/\/carpathiacenter.ro\/#\/schema\/logo\/image\/\",\"url\":\"https:\/\/carpathiacenter.ro\/wp-content\/uploads\/2024\/07\/logo-carpathia_bg_white-1024x941.png\",\"contentUrl\":\"https:\/\/carpathiacenter.ro\/wp-content\/uploads\/2024\/07\/logo-carpathia_bg_white-1024x941.png\",\"width\":1024,\"height\":941,\"caption\":\"Carpathia Center Romania\"},\"image\":{\"@id\":\"https:\/\/carpathiacenter.ro\/#\/schema\/logo\/image\/\"},\"sameAs\":[\"https:\/\/www.facebook.com\/fdpscarpathia\/\"]},{\"@type\":\"Person\",\"@id\":\"https:\/\/carpathiacenter.ro\/#\/schema\/person\/03d9f58202fee8379268f34afa195006\",\"name\":\"creativebitsolutions\",\"image\":{\"@type\":\"ImageObject\",\"inLanguage\":\"en-GB\",\"@id\":\"https:\/\/carpathiacenter.ro\/#\/schema\/person\/image\/\",\"url\":\"https:\/\/secure.gravatar.com\/avatar\/1b1a13e37f847c635dab78348f1dff2f07651ee2a3d77a5c355a4b8c75f9165a?s=96&d=mm&r=g\",\"contentUrl\":\"https:\/\/secure.gravatar.com\/avatar\/1b1a13e37f847c635dab78348f1dff2f07651ee2a3d77a5c355a4b8c75f9165a?s=96&d=mm&r=g\",\"caption\":\"creativebitsolutions\"},\"url\":\"https:\/\/carpathiacenter.ro\/en\/author\/creativebitsolutions\/\"}]}<\/script>\n<!-- \/ Yoast SEO plugin. -->","yoast_head_json":{"title":"Premierul moldovean vine joi la Bucure\u0219ti, \u00een prima sa vizit\u0103 extern\u0103 de la preluarea mandatului - Carpathia Center Romania","robots":{"index":"index","follow":"follow","max-snippet":"max-snippet:-1","max-image-preview":"max-image-preview:large","max-video-preview":"max-video-preview:-1"},"canonical":"https:\/\/carpathiacenter.ro\/en\/premierul-moldovean-vine-joi-la-bucuresti-in-prima-sa-vizita-externa-de-la-preluarea-mandatului\/","og_locale":"en_GB","og_type":"article","og_title":"Premierul moldovean vine joi la Bucure\u0219ti, \u00een prima sa vizit\u0103 extern\u0103 de la preluarea mandatului - Carpathia Center Romania","og_description":"Prim-ministrul Republicii Moldova, Alexandru Munteanu, vine joi la Bucure\u0219ti, \u00een prima sa vizit\u0103 oficial\u0103 extern\u0103 de la preluarea mandatului. \u00cen cursul dimine\u021bii, \u0219eful Guvernului de la Chi\u0219in\u0103u va fi primit la Palatul Cotroceni de pre\u0219edintele Nicu\u0219or Dan. Ulterior, el se va \u00eent\u00e2lni cu pre\u0219edin\u021bii Senatului, Mircea Abrudean, \u0219i cu cel al Camerei Deputa\u021bilor, Sorin Grindeanu,...","og_url":"https:\/\/carpathiacenter.ro\/en\/premierul-moldovean-vine-joi-la-bucuresti-in-prima-sa-vizita-externa-de-la-preluarea-mandatului\/","og_site_name":"Carpathia Center Romania","article_publisher":"https:\/\/www.facebook.com\/fdpscarpathia\/","article_published_time":"2025-11-13T08:19:55+00:00","og_image":[{"width":500,"height":619,"url":"https:\/\/carpathiacenter.ro\/wp-content\/uploads\/2025\/11\/Alexandru_Munteanu_official_portrait.jpg","type":"image\/jpeg"}],"author":"creativebitsolutions","twitter_card":"summary_large_image","twitter_misc":{"Written by":"creativebitsolutions","Estimated reading time":"1 minute"},"schema":{"@context":"https:\/\/schema.org","@graph":[{"@type":"Article","@id":"https:\/\/carpathiacenter.ro\/premierul-moldovean-vine-joi-la-bucuresti-in-prima-sa-vizita-externa-de-la-preluarea-mandatului\/#article","isPartOf":{"@id":"https:\/\/carpathiacenter.ro\/premierul-moldovean-vine-joi-la-bucuresti-in-prima-sa-vizita-externa-de-la-preluarea-mandatului\/"},"author":{"name":"creativebitsolutions","@id":"https:\/\/carpathiacenter.ro\/#\/schema\/person\/03d9f58202fee8379268f34afa195006"},"headline":"Premierul moldovean vine joi la Bucure\u0219ti, \u00een prima sa vizit\u0103 extern\u0103 de la preluarea mandatului","datePublished":"2025-11-13T08:19:55+00:00","mainEntityOfPage":{"@id":"https:\/\/carpathiacenter.ro\/premierul-moldovean-vine-joi-la-bucuresti-in-prima-sa-vizita-externa-de-la-preluarea-mandatului\/"},"wordCount":282,"commentCount":0,"publisher":{"@id":"https:\/\/carpathiacenter.ro\/#organization"},"image":{"@id":"https:\/\/carpathiacenter.ro\/premierul-moldovean-vine-joi-la-bucuresti-in-prima-sa-vizita-externa-de-la-preluarea-mandatului\/#primaryimage"},"thumbnailUrl":"https:\/\/carpathiacenter.ro\/wp-content\/uploads\/2025\/11\/Alexandru_Munteanu_official_portrait.jpg","articleSection":["Uncategorized"],"inLanguage":"en-GB","potentialAction":[{"@type":"CommentAction","name":"Comment","target":["https:\/\/carpathiacenter.ro\/premierul-moldovean-vine-joi-la-bucuresti-in-prima-sa-vizita-externa-de-la-preluarea-mandatului\/#respond"]}]},{"@type":"WebPage","@id":"https:\/\/carpathiacenter.ro\/premierul-moldovean-vine-joi-la-bucuresti-in-prima-sa-vizita-externa-de-la-preluarea-mandatului\/","url":"https:\/\/carpathiacenter.ro\/premierul-moldovean-vine-joi-la-bucuresti-in-prima-sa-vizita-externa-de-la-preluarea-mandatului\/","name":"Premierul moldovean vine joi la Bucure\u0219ti, \u00een prima sa vizit\u0103 extern\u0103 de la preluarea mandatului - Carpathia Center Romania","isPartOf":{"@id":"https:\/\/carpathiacenter.ro\/#website"},"primaryImageOfPage":{"@id":"https:\/\/carpathiacenter.ro\/premierul-moldovean-vine-joi-la-bucuresti-in-prima-sa-vizita-externa-de-la-preluarea-mandatului\/#primaryimage"},"image":{"@id":"https:\/\/carpathiacenter.ro\/premierul-moldovean-vine-joi-la-bucuresti-in-prima-sa-vizita-externa-de-la-preluarea-mandatului\/#primaryimage"},"thumbnailUrl":"https:\/\/carpathiacenter.ro\/wp-content\/uploads\/2025\/11\/Alexandru_Munteanu_official_portrait.jpg","datePublished":"2025-11-13T08:19:55+00:00","breadcrumb":{"@id":"https:\/\/carpathiacenter.ro\/premierul-moldovean-vine-joi-la-bucuresti-in-prima-sa-vizita-externa-de-la-preluarea-mandatului\/#breadcrumb"},"inLanguage":"en-GB","potentialAction":[{"@type":"ReadAction","target":["https:\/\/carpathiacenter.ro\/premierul-moldovean-vine-joi-la-bucuresti-in-prima-sa-vizita-externa-de-la-preluarea-mandatului\/"]}]},{"@type":"ImageObject","inLanguage":"en-GB","@id":"https:\/\/carpathiacenter.ro\/premierul-moldovean-vine-joi-la-bucuresti-in-prima-sa-vizita-externa-de-la-preluarea-mandatului\/#primaryimage","url":"https:\/\/carpathiacenter.ro\/wp-content\/uploads\/2025\/11\/Alexandru_Munteanu_official_portrait.jpg","contentUrl":"https:\/\/carpathiacenter.ro\/wp-content\/uploads\/2025\/11\/Alexandru_Munteanu_official_portrait.jpg","width":500,"height":619},{"@type":"BreadcrumbList","@id":"https:\/\/carpathiacenter.ro\/premierul-moldovean-vine-joi-la-bucuresti-in-prima-sa-vizita-externa-de-la-preluarea-mandatului\/#breadcrumb","itemListElement":[{"@type":"ListItem","position":1,"name":"Prima pagin\u0103","item":"https:\/\/carpathiacenter.ro\/"},{"@type":"ListItem","position":2,"name":"Premierul moldovean vine joi la Bucure\u0219ti, \u00een prima sa vizit\u0103 extern\u0103 de la preluarea mandatului"}]},{"@type":"WebSite","@id":"https:\/\/carpathiacenter.ro\/#website","url":"https:\/\/carpathiacenter.ro\/","name":"Carpathia Center Romania","description":"Impossible made possible!","publisher":{"@id":"https:\/\/carpathiacenter.ro\/#organization"},"potentialAction":[{"@type":"SearchAction","target":{"@type":"EntryPoint","urlTemplate":"https:\/\/carpathiacenter.ro\/?s={search_term_string}"},"query-input":{"@type":"PropertyValueSpecification","valueRequired":true,"valueName":"search_term_string"}}],"inLanguage":"en-GB"},{"@type":"Organization","@id":"https:\/\/carpathiacenter.ro\/#organization","name":"Carpathia Center Romania","url":"https:\/\/carpathiacenter.ro\/","logo":{"@type":"ImageObject","inLanguage":"en-GB","@id":"https:\/\/carpathiacenter.ro\/#\/schema\/logo\/image\/","url":"https:\/\/carpathiacenter.ro\/wp-content\/uploads\/2024\/07\/logo-carpathia_bg_white-1024x941.png","contentUrl":"https:\/\/carpathiacenter.ro\/wp-content\/uploads\/2024\/07\/logo-carpathia_bg_white-1024x941.png","width":1024,"height":941,"caption":"Carpathia Center Romania"},"image":{"@id":"https:\/\/carpathiacenter.ro\/#\/schema\/logo\/image\/"},"sameAs":["https:\/\/www.facebook.com\/fdpscarpathia\/"]},{"@type":"Person","@id":"https:\/\/carpathiacenter.ro\/#\/schema\/person\/03d9f58202fee8379268f34afa195006","name":"creativebitsolutions","image":{"@type":"ImageObject","inLanguage":"en-GB","@id":"https:\/\/carpathiacenter.ro\/#\/schema\/person\/image\/","url":"https:\/\/secure.gravatar.com\/avatar\/1b1a13e37f847c635dab78348f1dff2f07651ee2a3d77a5c355a4b8c75f9165a?s=96&d=mm&r=g","contentUrl":"https:\/\/secure.gravatar.com\/avatar\/1b1a13e37f847c635dab78348f1dff2f07651ee2a3d77a5c355a4b8c75f9165a?s=96&d=mm&r=g","caption":"creativebitsolutions"},"url":"https:\/\/carpathiacenter.ro\/en\/author\/creativebitsolutions\/"}]}},"_links":{"self":[{"href":"https:\/\/carpathiacenter.ro\/en\/wp-json\/wp\/v2\/posts\/3324","targetHints":{"allow":["GET"]}}],"collection":[{"href":"https:\/\/carpathiacenter.ro\/en\/wp-json\/wp\/v2\/posts"}],"about":[{"href":"https:\/\/carpathiacenter.ro\/en\/wp-json\/wp\/v2\/types\/post"}],"author":[{"embeddable":true,"href":"https:\/\/carpathiacenter.ro\/en\/wp-json\/wp\/v2\/users\/4"}],"replies":[{"embeddable":true,"href":"https:\/\/carpathiacenter.ro\/en\/wp-json\/wp\/v2\/comments?post=3324"}],"version-history":[{"count":1,"href":"https:\/\/carpathiacenter.ro\/en\/wp-json\/wp\/v2\/posts\/3324\/revisions"}],"predecessor-version":[{"id":3326,"href":"https:\/\/carpathiacenter.ro\/en\/wp-json\/wp\/v2\/posts\/3324\/revisions\/3326"}],"wp:featuredmedia":[{"embeddable":true,"href":"https:\/\/carpathiacenter.ro\/en\/wp-json\/wp\/v2\/media\/3325"}],"wp:attachment":[{"href":"https:\/\/carpathiacenter.ro\/en\/wp-json\/wp\/v2\/media?parent=3324"}],"wp:term":[{"taxonomy":"category","embeddable":true,"href":"https:\/\/carpathiacenter.ro\/en\/wp-json\/wp\/v2\/categories?post=3324"},{"taxonomy":"post_tag","embeddable":true,"href":"https:\/\/carpathiacenter.ro\/en\/wp-json\/wp\/v2\/tags?post=3324"}],"curies":[{"name":"wp","href":"https:\/\/api.w.org\/{rel}","templated":true}]}}