{"id":3317,"date":"2025-11-12T09:50:46","date_gmt":"2025-11-12T09:50:46","guid":{"rendered":"https:\/\/carpathiacenter.ro\/?p=3317"},"modified":"2025-11-12T09:57:48","modified_gmt":"2025-11-12T09:57:48","slug":"buzoianu-schimbarile-climatice-nu-mai-sunt-o-proiectie-de-viitor-ci-sunt-chiar-aici-in-prezent","status":"publish","type":"post","link":"https:\/\/carpathiacenter.ro\/en\/buzoianu-schimbarile-climatice-nu-mai-sunt-o-proiectie-de-viitor-ci-sunt-chiar-aici-in-prezent\/","title":{"rendered":"Buzoianu: Schimb\u0103rile climatice nu mai sunt o proiec\u021bie de viitor, ci sunt chiar aici, \u00een prezent"},"content":{"rendered":"<p>Schimb\u0103rile climatice nu mai sunt o proiec\u021bie de viitor, ci sunt chiar aici, \u00een prezent, iar noi trebuie s\u0103 g\u00e2ndim cum ne adapt\u0103m, a declarat, miercuri, ministra Mediului, Apelor \u0219i P\u0103durilor, Diana Buzoianu, la Sesiunea \u0219tiin\u021bific\u0103 anual\u0103 a Administra\u021biei Na\u021bionale de Meteorologie (ANM).<\/p>\n<p>&#8216;Eu cred, real, c\u0103 trebuie s\u0103 aducem din ce \u00een ce mai mult\u0103 obiectivitate \u0219i din ce \u00een ce mai multe date acolo unde politicul trebuie s\u0103 g\u00e2ndeasc\u0103 politicile publice pentru urm\u0103torii ani de zile. Anul 2025 a fost un an foarte complicat. \u0218tim deja din perspectiva fenomenelor extreme, ne-am confruntat cu enorm de multe evenimente care au pus inclusiv via\u021ba oamenilor la risc. Munca pe care a\u021bi f\u0103cut-o dumneavoastr\u0103 (speciali\u0219tii ANM, n.r.) de avertizare, munca pe care a\u021bi f\u0103cut-o, de colectare de date, ne-a permis \u0219i nou\u0103 s\u0103 avem interven\u021bii mai rapide, s\u0103 putem s\u0103 ne adapt\u0103m \u00een anumite m\u0103suri \u00een anumite zone. \u0218tim deja c\u0103 schimb\u0103rile climatice nu mai sunt o proiec\u021bie de viitor, sunt chiar aici \u00een prezent \u0219i noi, deja, trebuie s\u0103 g\u00e2ndim cum ne adapt\u0103m. Munca pe care o face\u021bi este la baza acestei adapt\u0103ri&#8217;, a spus Buzoianu.<\/p>\n<p>Aceasta a sus\u021binut, totodat\u0103, faptul c\u0103 oamenii trebuie s\u0103 aib\u0103 acces la informa\u021bii \u00eentocmite de c\u0103tre exper\u021bi \u00eentr-un format \u00een care s\u0103 poat\u0103 s\u0103 le \u00een\u021beleag\u0103.<\/p>\n<p>&#8216;Din perspectiva Ministerului Mediului, ce face\u021bi voi este foarte important, pentru c\u0103 ne pune baza. Noi trebuie s\u0103 g\u00e2ndim \u00eempreun\u0103 apoi \u0219i comunicarea, pentru c\u0103 oamenii trebuie s\u0103 aib\u0103 acces \u0219i la aceste informa\u021bii pe care dumneavoastr\u0103 le colecta\u021bi \u00eentr-un mod profesionist. Oamenii trebuie s\u0103 aib\u0103 acces la ele \u00eentr-un format \u00een care s\u0103 poat\u0103 s\u0103 \u00een\u021beleag\u0103 \u0219i s\u0103 poat\u0103 s\u0103-l acceseze \u0219i s\u0103 poat\u0103 s\u0103 \u00eel foloseasc\u0103 \u00een via\u021b\u0103 de zi cu zi. Ave\u021bi \u00een noi un partener pentru a disemina informa\u021biile, pentru a v\u0103 sprijini s\u0103 investi\u021bi \u00een proiectele care trebuie s\u0103 fie f\u0103cute permanent, ca s\u0103 pute\u021bi s\u0103 colecta\u021bi date la nivelul tehnologiilor. M\u0103 bucur c\u0103 deja exist\u0103 mai multe parteneriate. Ne dorim s\u0103 fim parteneri profesioni\u0219ti recunoscu\u021bi la nivel european, s\u0103 fim toate din standardele care se seteaz\u0103 la nivel european (&#8230;) Suntem \u00een discu\u021bii, \u00een aceste zile, pentru a modifica legisla\u021bia, ca s\u0103 d\u0103m \u00eenc\u0103 o m\u00e2n\u0103 suplimentar\u0103, mai clar\u0103 \u00een legisla\u021bie cercet\u0103torilor care s\u0103 aib\u0103 acces la date. Am aceea\u0219i discu\u021bie \u0219i cu INHGA. \u00cen aceste zile, la minister, se redacteaz\u0103 de zor parteneriatele care vreau s\u0103 fie f\u0103cute \u0219i cu universit\u0103\u021bi, pentru a putea s\u0103 lucr\u0103m din ce \u00een ce mai mult \u00eempreun\u0103. \u00cencerc\u0103m s\u0103 aducem c\u00e2t mai mul\u021bi exper\u021bi, c\u00e2t mai mul\u021bi oameni care \u0219i-au dedicat via\u021ba cercet\u0103rii&#8217;, a subliniat \u0219efa de la Mediu.<\/p>\n<p>ANM organizeaz\u0103, miercuri, la sediul institu\u021biei, edi\u021bia din acest an a Sesiunii \u0219tiin\u021bifice de specialitate. AGERPRES\/(AS &#8211; redactor: Daniel Badea, editor: Andreea Marinescu, editor online: Anda Badea)<br \/>\n<br \/>\nSursa articolului:  <a href=\"https:\/\/agerpres.ro\/social\/2025\/11\/12\/buzoianu-schimbarile-climatice-nu-mai-sunt-o-proiectie-de-viitor-ci-sunt-chiar-aici-in-prezent--1502141\" target=\"_blank\" rel=\"noopener\" title=\"\">AGERPRES<\/a><\/p>","protected":false},"excerpt":{"rendered":"<p>Schimb\u0103rile climatice nu mai sunt o proiec\u021bie de viitor, ci sunt chiar aici, \u00een prezent, iar noi trebuie s\u0103 g\u00e2ndim cum ne adapt\u0103m, a declarat, miercuri, ministra Mediului, Apelor \u0219i P\u0103durilor, Diana Buzoianu, la Sesiunea \u0219tiin\u021bific\u0103 anual\u0103 a Administra\u021biei Na\u021bionale de Meteorologie (ANM). &#8216;Eu cred, real, c\u0103 trebuie s\u0103 aducem din ce \u00een ce mai&#8230;<\/p>","protected":false},"author":4,"featured_media":3321,"comment_status":"open","ping_status":"open","sticky":false,"template":"","format":"standard","meta":{"footnotes":""},"categories":[1],"tags":[],"class_list":["post-3317","post","type-post","status-publish","format-standard","has-post-thumbnail","hentry","category-uncategorized"],"yoast_head":"<!-- This site is optimized with the Yoast SEO plugin v26.1.1 - https:\/\/yoast.com\/wordpress\/plugins\/seo\/ -->\n<title>Buzoianu: Schimb\u0103rile climatice nu mai sunt o proiec\u021bie de viitor, ci sunt chiar aici, \u00een prezent - Carpathia Center Romania<\/title>\n<meta name=\"robots\" content=\"index, follow, max-snippet:-1, max-image-preview:large, max-video-preview:-1\" \/>\n<link rel=\"canonical\" href=\"https:\/\/carpathiacenter.ro\/en\/buzoianu-schimbarile-climatice-nu-mai-sunt-o-proiectie-de-viitor-ci-sunt-chiar-aici-in-prezent\/\" \/>\n<meta property=\"og:locale\" content=\"en_GB\" \/>\n<meta property=\"og:type\" content=\"article\" \/>\n<meta property=\"og:title\" content=\"Buzoianu: Schimb\u0103rile climatice nu mai sunt o proiec\u021bie de viitor, ci sunt chiar aici, \u00een prezent - Carpathia Center Romania\" \/>\n<meta property=\"og:description\" content=\"Schimb\u0103rile climatice nu mai sunt o proiec\u021bie de viitor, ci sunt chiar aici, \u00een prezent, iar noi trebuie s\u0103 g\u00e2ndim cum ne adapt\u0103m, a declarat, miercuri, ministra Mediului, Apelor \u0219i P\u0103durilor, Diana Buzoianu, la Sesiunea \u0219tiin\u021bific\u0103 anual\u0103 a Administra\u021biei Na\u021bionale de Meteorologie (ANM). &#8216;Eu cred, real, c\u0103 trebuie s\u0103 aducem din ce \u00een ce mai...\" \/>\n<meta property=\"og:url\" content=\"https:\/\/carpathiacenter.ro\/en\/buzoianu-schimbarile-climatice-nu-mai-sunt-o-proiectie-de-viitor-ci-sunt-chiar-aici-in-prezent\/\" \/>\n<meta property=\"og:site_name\" content=\"Carpathia Center Romania\" \/>\n<meta property=\"article:publisher\" content=\"https:\/\/www.facebook.com\/fdpscarpathia\/\" \/>\n<meta property=\"article:published_time\" content=\"2025-11-12T09:50:46+00:00\" \/>\n<meta property=\"article:modified_time\" content=\"2025-11-12T09:57:48+00:00\" \/>\n<meta property=\"og:image\" content=\"https:\/\/carpathiacenter.ro\/wp-content\/uploads\/2025\/11\/beautiful-jokulsarlon-glacier-lagoon-iceland-with-sun-beams-from-dark-cloudy-sky-scaled.jpg\" \/>\n\t<meta property=\"og:image:width\" content=\"2560\" \/>\n\t<meta property=\"og:image:height\" content=\"1547\" \/>\n\t<meta property=\"og:image:type\" content=\"image\/jpeg\" \/>\n<meta name=\"author\" content=\"creativebitsolutions\" \/>\n<meta name=\"twitter:card\" content=\"summary_large_image\" \/>\n<meta name=\"twitter:label1\" content=\"Written by\" \/>\n\t<meta name=\"twitter:data1\" content=\"creativebitsolutions\" \/>\n\t<meta name=\"twitter:label2\" content=\"Estimated reading time\" \/>\n\t<meta name=\"twitter:data2\" content=\"3 minutes\" \/>\n<script type=\"application\/ld+json\" class=\"yoast-schema-graph\">{\"@context\":\"https:\/\/schema.org\",\"@graph\":[{\"@type\":\"Article\",\"@id\":\"https:\/\/carpathiacenter.ro\/buzoianu-schimbarile-climatice-nu-mai-sunt-o-proiectie-de-viitor-ci-sunt-chiar-aici-in-prezent\/#article\",\"isPartOf\":{\"@id\":\"https:\/\/carpathiacenter.ro\/buzoianu-schimbarile-climatice-nu-mai-sunt-o-proiectie-de-viitor-ci-sunt-chiar-aici-in-prezent\/\"},\"author\":{\"name\":\"creativebitsolutions\",\"@id\":\"https:\/\/carpathiacenter.ro\/#\/schema\/person\/03d9f58202fee8379268f34afa195006\"},\"headline\":\"Buzoianu: Schimb\u0103rile climatice nu mai sunt o proiec\u021bie de viitor, ci sunt chiar aici, \u00een prezent\",\"datePublished\":\"2025-11-12T09:50:46+00:00\",\"dateModified\":\"2025-11-12T09:57:48+00:00\",\"mainEntityOfPage\":{\"@id\":\"https:\/\/carpathiacenter.ro\/buzoianu-schimbarile-climatice-nu-mai-sunt-o-proiectie-de-viitor-ci-sunt-chiar-aici-in-prezent\/\"},\"wordCount\":548,\"commentCount\":0,\"publisher\":{\"@id\":\"https:\/\/carpathiacenter.ro\/#organization\"},\"image\":{\"@id\":\"https:\/\/carpathiacenter.ro\/buzoianu-schimbarile-climatice-nu-mai-sunt-o-proiectie-de-viitor-ci-sunt-chiar-aici-in-prezent\/#primaryimage\"},\"thumbnailUrl\":\"https:\/\/carpathiacenter.ro\/wp-content\/uploads\/2025\/11\/beautiful-jokulsarlon-glacier-lagoon-iceland-with-sun-beams-from-dark-cloudy-sky-scaled.jpg\",\"articleSection\":[\"Uncategorized\"],\"inLanguage\":\"en-GB\",\"potentialAction\":[{\"@type\":\"CommentAction\",\"name\":\"Comment\",\"target\":[\"https:\/\/carpathiacenter.ro\/buzoianu-schimbarile-climatice-nu-mai-sunt-o-proiectie-de-viitor-ci-sunt-chiar-aici-in-prezent\/#respond\"]}]},{\"@type\":\"WebPage\",\"@id\":\"https:\/\/carpathiacenter.ro\/buzoianu-schimbarile-climatice-nu-mai-sunt-o-proiectie-de-viitor-ci-sunt-chiar-aici-in-prezent\/\",\"url\":\"https:\/\/carpathiacenter.ro\/buzoianu-schimbarile-climatice-nu-mai-sunt-o-proiectie-de-viitor-ci-sunt-chiar-aici-in-prezent\/\",\"name\":\"Buzoianu: Schimb\u0103rile climatice nu mai sunt o proiec\u021bie de viitor, ci sunt chiar aici, \u00een prezent - Carpathia Center Romania\",\"isPartOf\":{\"@id\":\"https:\/\/carpathiacenter.ro\/#website\"},\"primaryImageOfPage\":{\"@id\":\"https:\/\/carpathiacenter.ro\/buzoianu-schimbarile-climatice-nu-mai-sunt-o-proiectie-de-viitor-ci-sunt-chiar-aici-in-prezent\/#primaryimage\"},\"image\":{\"@id\":\"https:\/\/carpathiacenter.ro\/buzoianu-schimbarile-climatice-nu-mai-sunt-o-proiectie-de-viitor-ci-sunt-chiar-aici-in-prezent\/#primaryimage\"},\"thumbnailUrl\":\"https:\/\/carpathiacenter.ro\/wp-content\/uploads\/2025\/11\/beautiful-jokulsarlon-glacier-lagoon-iceland-with-sun-beams-from-dark-cloudy-sky-scaled.jpg\",\"datePublished\":\"2025-11-12T09:50:46+00:00\",\"dateModified\":\"2025-11-12T09:57:48+00:00\",\"breadcrumb\":{\"@id\":\"https:\/\/carpathiacenter.ro\/buzoianu-schimbarile-climatice-nu-mai-sunt-o-proiectie-de-viitor-ci-sunt-chiar-aici-in-prezent\/#breadcrumb\"},\"inLanguage\":\"en-GB\",\"potentialAction\":[{\"@type\":\"ReadAction\",\"target\":[\"https:\/\/carpathiacenter.ro\/buzoianu-schimbarile-climatice-nu-mai-sunt-o-proiectie-de-viitor-ci-sunt-chiar-aici-in-prezent\/\"]}]},{\"@type\":\"ImageObject\",\"inLanguage\":\"en-GB\",\"@id\":\"https:\/\/carpathiacenter.ro\/buzoianu-schimbarile-climatice-nu-mai-sunt-o-proiectie-de-viitor-ci-sunt-chiar-aici-in-prezent\/#primaryimage\",\"url\":\"https:\/\/carpathiacenter.ro\/wp-content\/uploads\/2025\/11\/beautiful-jokulsarlon-glacier-lagoon-iceland-with-sun-beams-from-dark-cloudy-sky-scaled.jpg\",\"contentUrl\":\"https:\/\/carpathiacenter.ro\/wp-content\/uploads\/2025\/11\/beautiful-jokulsarlon-glacier-lagoon-iceland-with-sun-beams-from-dark-cloudy-sky-scaled.jpg\",\"width\":2560,\"height\":1547},{\"@type\":\"BreadcrumbList\",\"@id\":\"https:\/\/carpathiacenter.ro\/buzoianu-schimbarile-climatice-nu-mai-sunt-o-proiectie-de-viitor-ci-sunt-chiar-aici-in-prezent\/#breadcrumb\",\"itemListElement\":[{\"@type\":\"ListItem\",\"position\":1,\"name\":\"Prima pagin\u0103\",\"item\":\"https:\/\/carpathiacenter.ro\/\"},{\"@type\":\"ListItem\",\"position\":2,\"name\":\"Buzoianu: Schimb\u0103rile climatice nu mai sunt o proiec\u021bie de viitor, ci sunt chiar aici, \u00een prezent\"}]},{\"@type\":\"WebSite\",\"@id\":\"https:\/\/carpathiacenter.ro\/#website\",\"url\":\"https:\/\/carpathiacenter.ro\/\",\"name\":\"Carpathia Center Romania\",\"description\":\"Impossible made possible!\",\"publisher\":{\"@id\":\"https:\/\/carpathiacenter.ro\/#organization\"},\"potentialAction\":[{\"@type\":\"SearchAction\",\"target\":{\"@type\":\"EntryPoint\",\"urlTemplate\":\"https:\/\/carpathiacenter.ro\/?s={search_term_string}\"},\"query-input\":{\"@type\":\"PropertyValueSpecification\",\"valueRequired\":true,\"valueName\":\"search_term_string\"}}],\"inLanguage\":\"en-GB\"},{\"@type\":\"Organization\",\"@id\":\"https:\/\/carpathiacenter.ro\/#organization\",\"name\":\"Carpathia Center Romania\",\"url\":\"https:\/\/carpathiacenter.ro\/\",\"logo\":{\"@type\":\"ImageObject\",\"inLanguage\":\"en-GB\",\"@id\":\"https:\/\/carpathiacenter.ro\/#\/schema\/logo\/image\/\",\"url\":\"https:\/\/carpathiacenter.ro\/wp-content\/uploads\/2024\/07\/logo-carpathia_bg_white-1024x941.png\",\"contentUrl\":\"https:\/\/carpathiacenter.ro\/wp-content\/uploads\/2024\/07\/logo-carpathia_bg_white-1024x941.png\",\"width\":1024,\"height\":941,\"caption\":\"Carpathia Center Romania\"},\"image\":{\"@id\":\"https:\/\/carpathiacenter.ro\/#\/schema\/logo\/image\/\"},\"sameAs\":[\"https:\/\/www.facebook.com\/fdpscarpathia\/\"]},{\"@type\":\"Person\",\"@id\":\"https:\/\/carpathiacenter.ro\/#\/schema\/person\/03d9f58202fee8379268f34afa195006\",\"name\":\"creativebitsolutions\",\"image\":{\"@type\":\"ImageObject\",\"inLanguage\":\"en-GB\",\"@id\":\"https:\/\/carpathiacenter.ro\/#\/schema\/person\/image\/\",\"url\":\"https:\/\/secure.gravatar.com\/avatar\/1b1a13e37f847c635dab78348f1dff2f07651ee2a3d77a5c355a4b8c75f9165a?s=96&d=mm&r=g\",\"contentUrl\":\"https:\/\/secure.gravatar.com\/avatar\/1b1a13e37f847c635dab78348f1dff2f07651ee2a3d77a5c355a4b8c75f9165a?s=96&d=mm&r=g\",\"caption\":\"creativebitsolutions\"},\"url\":\"https:\/\/carpathiacenter.ro\/en\/author\/creativebitsolutions\/\"}]}<\/script>\n<!-- \/ Yoast SEO plugin. -->","yoast_head_json":{"title":"Buzoianu: Schimb\u0103rile climatice nu mai sunt o proiec\u021bie de viitor, ci sunt chiar aici, \u00een prezent - Carpathia Center Romania","robots":{"index":"index","follow":"follow","max-snippet":"max-snippet:-1","max-image-preview":"max-image-preview:large","max-video-preview":"max-video-preview:-1"},"canonical":"https:\/\/carpathiacenter.ro\/en\/buzoianu-schimbarile-climatice-nu-mai-sunt-o-proiectie-de-viitor-ci-sunt-chiar-aici-in-prezent\/","og_locale":"en_GB","og_type":"article","og_title":"Buzoianu: Schimb\u0103rile climatice nu mai sunt o proiec\u021bie de viitor, ci sunt chiar aici, \u00een prezent - Carpathia Center Romania","og_description":"Schimb\u0103rile climatice nu mai sunt o proiec\u021bie de viitor, ci sunt chiar aici, \u00een prezent, iar noi trebuie s\u0103 g\u00e2ndim cum ne adapt\u0103m, a declarat, miercuri, ministra Mediului, Apelor \u0219i P\u0103durilor, Diana Buzoianu, la Sesiunea \u0219tiin\u021bific\u0103 anual\u0103 a Administra\u021biei Na\u021bionale de Meteorologie (ANM). &#8216;Eu cred, real, c\u0103 trebuie s\u0103 aducem din ce \u00een ce mai...","og_url":"https:\/\/carpathiacenter.ro\/en\/buzoianu-schimbarile-climatice-nu-mai-sunt-o-proiectie-de-viitor-ci-sunt-chiar-aici-in-prezent\/","og_site_name":"Carpathia Center Romania","article_publisher":"https:\/\/www.facebook.com\/fdpscarpathia\/","article_published_time":"2025-11-12T09:50:46+00:00","article_modified_time":"2025-11-12T09:57:48+00:00","og_image":[{"width":2560,"height":1547,"url":"https:\/\/carpathiacenter.ro\/wp-content\/uploads\/2025\/11\/beautiful-jokulsarlon-glacier-lagoon-iceland-with-sun-beams-from-dark-cloudy-sky-scaled.jpg","type":"image\/jpeg"}],"author":"creativebitsolutions","twitter_card":"summary_large_image","twitter_misc":{"Written by":"creativebitsolutions","Estimated reading time":"3 minutes"},"schema":{"@context":"https:\/\/schema.org","@graph":[{"@type":"Article","@id":"https:\/\/carpathiacenter.ro\/buzoianu-schimbarile-climatice-nu-mai-sunt-o-proiectie-de-viitor-ci-sunt-chiar-aici-in-prezent\/#article","isPartOf":{"@id":"https:\/\/carpathiacenter.ro\/buzoianu-schimbarile-climatice-nu-mai-sunt-o-proiectie-de-viitor-ci-sunt-chiar-aici-in-prezent\/"},"author":{"name":"creativebitsolutions","@id":"https:\/\/carpathiacenter.ro\/#\/schema\/person\/03d9f58202fee8379268f34afa195006"},"headline":"Buzoianu: Schimb\u0103rile climatice nu mai sunt o proiec\u021bie de viitor, ci sunt chiar aici, \u00een prezent","datePublished":"2025-11-12T09:50:46+00:00","dateModified":"2025-11-12T09:57:48+00:00","mainEntityOfPage":{"@id":"https:\/\/carpathiacenter.ro\/buzoianu-schimbarile-climatice-nu-mai-sunt-o-proiectie-de-viitor-ci-sunt-chiar-aici-in-prezent\/"},"wordCount":548,"commentCount":0,"publisher":{"@id":"https:\/\/carpathiacenter.ro\/#organization"},"image":{"@id":"https:\/\/carpathiacenter.ro\/buzoianu-schimbarile-climatice-nu-mai-sunt-o-proiectie-de-viitor-ci-sunt-chiar-aici-in-prezent\/#primaryimage"},"thumbnailUrl":"https:\/\/carpathiacenter.ro\/wp-content\/uploads\/2025\/11\/beautiful-jokulsarlon-glacier-lagoon-iceland-with-sun-beams-from-dark-cloudy-sky-scaled.jpg","articleSection":["Uncategorized"],"inLanguage":"en-GB","potentialAction":[{"@type":"CommentAction","name":"Comment","target":["https:\/\/carpathiacenter.ro\/buzoianu-schimbarile-climatice-nu-mai-sunt-o-proiectie-de-viitor-ci-sunt-chiar-aici-in-prezent\/#respond"]}]},{"@type":"WebPage","@id":"https:\/\/carpathiacenter.ro\/buzoianu-schimbarile-climatice-nu-mai-sunt-o-proiectie-de-viitor-ci-sunt-chiar-aici-in-prezent\/","url":"https:\/\/carpathiacenter.ro\/buzoianu-schimbarile-climatice-nu-mai-sunt-o-proiectie-de-viitor-ci-sunt-chiar-aici-in-prezent\/","name":"Buzoianu: Schimb\u0103rile climatice nu mai sunt o proiec\u021bie de viitor, ci sunt chiar aici, \u00een prezent - Carpathia Center Romania","isPartOf":{"@id":"https:\/\/carpathiacenter.ro\/#website"},"primaryImageOfPage":{"@id":"https:\/\/carpathiacenter.ro\/buzoianu-schimbarile-climatice-nu-mai-sunt-o-proiectie-de-viitor-ci-sunt-chiar-aici-in-prezent\/#primaryimage"},"image":{"@id":"https:\/\/carpathiacenter.ro\/buzoianu-schimbarile-climatice-nu-mai-sunt-o-proiectie-de-viitor-ci-sunt-chiar-aici-in-prezent\/#primaryimage"},"thumbnailUrl":"https:\/\/carpathiacenter.ro\/wp-content\/uploads\/2025\/11\/beautiful-jokulsarlon-glacier-lagoon-iceland-with-sun-beams-from-dark-cloudy-sky-scaled.jpg","datePublished":"2025-11-12T09:50:46+00:00","dateModified":"2025-11-12T09:57:48+00:00","breadcrumb":{"@id":"https:\/\/carpathiacenter.ro\/buzoianu-schimbarile-climatice-nu-mai-sunt-o-proiectie-de-viitor-ci-sunt-chiar-aici-in-prezent\/#breadcrumb"},"inLanguage":"en-GB","potentialAction":[{"@type":"ReadAction","target":["https:\/\/carpathiacenter.ro\/buzoianu-schimbarile-climatice-nu-mai-sunt-o-proiectie-de-viitor-ci-sunt-chiar-aici-in-prezent\/"]}]},{"@type":"ImageObject","inLanguage":"en-GB","@id":"https:\/\/carpathiacenter.ro\/buzoianu-schimbarile-climatice-nu-mai-sunt-o-proiectie-de-viitor-ci-sunt-chiar-aici-in-prezent\/#primaryimage","url":"https:\/\/carpathiacenter.ro\/wp-content\/uploads\/2025\/11\/beautiful-jokulsarlon-glacier-lagoon-iceland-with-sun-beams-from-dark-cloudy-sky-scaled.jpg","contentUrl":"https:\/\/carpathiacenter.ro\/wp-content\/uploads\/2025\/11\/beautiful-jokulsarlon-glacier-lagoon-iceland-with-sun-beams-from-dark-cloudy-sky-scaled.jpg","width":2560,"height":1547},{"@type":"BreadcrumbList","@id":"https:\/\/carpathiacenter.ro\/buzoianu-schimbarile-climatice-nu-mai-sunt-o-proiectie-de-viitor-ci-sunt-chiar-aici-in-prezent\/#breadcrumb","itemListElement":[{"@type":"ListItem","position":1,"name":"Prima pagin\u0103","item":"https:\/\/carpathiacenter.ro\/"},{"@type":"ListItem","position":2,"name":"Buzoianu: Schimb\u0103rile climatice nu mai sunt o proiec\u021bie de viitor, ci sunt chiar aici, \u00een prezent"}]},{"@type":"WebSite","@id":"https:\/\/carpathiacenter.ro\/#website","url":"https:\/\/carpathiacenter.ro\/","name":"Carpathia Center Romania","description":"Impossible made possible!","publisher":{"@id":"https:\/\/carpathiacenter.ro\/#organization"},"potentialAction":[{"@type":"SearchAction","target":{"@type":"EntryPoint","urlTemplate":"https:\/\/carpathiacenter.ro\/?s={search_term_string}"},"query-input":{"@type":"PropertyValueSpecification","valueRequired":true,"valueName":"search_term_string"}}],"inLanguage":"en-GB"},{"@type":"Organization","@id":"https:\/\/carpathiacenter.ro\/#organization","name":"Carpathia Center Romania","url":"https:\/\/carpathiacenter.ro\/","logo":{"@type":"ImageObject","inLanguage":"en-GB","@id":"https:\/\/carpathiacenter.ro\/#\/schema\/logo\/image\/","url":"https:\/\/carpathiacenter.ro\/wp-content\/uploads\/2024\/07\/logo-carpathia_bg_white-1024x941.png","contentUrl":"https:\/\/carpathiacenter.ro\/wp-content\/uploads\/2024\/07\/logo-carpathia_bg_white-1024x941.png","width":1024,"height":941,"caption":"Carpathia Center Romania"},"image":{"@id":"https:\/\/carpathiacenter.ro\/#\/schema\/logo\/image\/"},"sameAs":["https:\/\/www.facebook.com\/fdpscarpathia\/"]},{"@type":"Person","@id":"https:\/\/carpathiacenter.ro\/#\/schema\/person\/03d9f58202fee8379268f34afa195006","name":"creativebitsolutions","image":{"@type":"ImageObject","inLanguage":"en-GB","@id":"https:\/\/carpathiacenter.ro\/#\/schema\/person\/image\/","url":"https:\/\/secure.gravatar.com\/avatar\/1b1a13e37f847c635dab78348f1dff2f07651ee2a3d77a5c355a4b8c75f9165a?s=96&d=mm&r=g","contentUrl":"https:\/\/secure.gravatar.com\/avatar\/1b1a13e37f847c635dab78348f1dff2f07651ee2a3d77a5c355a4b8c75f9165a?s=96&d=mm&r=g","caption":"creativebitsolutions"},"url":"https:\/\/carpathiacenter.ro\/en\/author\/creativebitsolutions\/"}]}},"_links":{"self":[{"href":"https:\/\/carpathiacenter.ro\/en\/wp-json\/wp\/v2\/posts\/3317","targetHints":{"allow":["GET"]}}],"collection":[{"href":"https:\/\/carpathiacenter.ro\/en\/wp-json\/wp\/v2\/posts"}],"about":[{"href":"https:\/\/carpathiacenter.ro\/en\/wp-json\/wp\/v2\/types\/post"}],"author":[{"embeddable":true,"href":"https:\/\/carpathiacenter.ro\/en\/wp-json\/wp\/v2\/users\/4"}],"replies":[{"embeddable":true,"href":"https:\/\/carpathiacenter.ro\/en\/wp-json\/wp\/v2\/comments?post=3317"}],"version-history":[{"count":1,"href":"https:\/\/carpathiacenter.ro\/en\/wp-json\/wp\/v2\/posts\/3317\/revisions"}],"predecessor-version":[{"id":3318,"href":"https:\/\/carpathiacenter.ro\/en\/wp-json\/wp\/v2\/posts\/3317\/revisions\/3318"}],"wp:featuredmedia":[{"embeddable":true,"href":"https:\/\/carpathiacenter.ro\/en\/wp-json\/wp\/v2\/media\/3321"}],"wp:attachment":[{"href":"https:\/\/carpathiacenter.ro\/en\/wp-json\/wp\/v2\/media?parent=3317"}],"wp:term":[{"taxonomy":"category","embeddable":true,"href":"https:\/\/carpathiacenter.ro\/en\/wp-json\/wp\/v2\/categories?post=3317"},{"taxonomy":"post_tag","embeddable":true,"href":"https:\/\/carpathiacenter.ro\/en\/wp-json\/wp\/v2\/tags?post=3317"}],"curies":[{"name":"wp","href":"https:\/\/api.w.org\/{rel}","templated":true}]}}