{"id":3303,"date":"2025-11-11T08:10:35","date_gmt":"2025-11-11T08:10:35","guid":{"rendered":"https:\/\/carpathiacenter.ro\/?p=3303"},"modified":"2025-11-11T08:10:35","modified_gmt":"2025-11-11T08:10:35","slug":"presedintele-se-intalneste-cu-liderii-coalitiei-pensiile-magistratilor-pe-agenda","status":"publish","type":"post","link":"https:\/\/carpathiacenter.ro\/en\/presedintele-se-intalneste-cu-liderii-coalitiei-pensiile-magistratilor-pe-agenda\/","title":{"rendered":"Pre\u0219edintele se \u00eent\u00e2lne\u0219te cu liderii coali\u021biei; pensiile magistra\u021bilor &#8211; pe agend\u0103"},"content":{"rendered":"<p><strong>Pre\u0219edintele se \u00eent\u00e2lne\u0219te, mar\u021bi, cu liderii coali\u021biei de guvernare, pe agend\u0103 fiind subiectul pensiilor magistra\u021bilor.<\/strong><\/p>\n<p>\u00cent\u00e2lnirea are loc la Palatul Cotroceni, la ora 10:00, potrivit agendei preziden\u021biale.<\/p>\n<p>Vineri, \u0219eful statului a spus c\u0103 discu\u021biile pe aceast\u0103 tem\u0103 se apropie de &#8216;un compromis&#8217;.<\/p>\n<p>&#8216;Din informa\u021biile pe care le am, compromisul e destul de aproape. (&#8230;) Sunt mai multe aspecte \u00een discu\u021bie \u0219i evident c\u0103 n-o s\u0103 v\u0103 spun eu acum care este pozi\u021bia fiec\u0103ruia dintre partide, ce mi-au transmis mie. (&#8230;). O s\u0103 avem, foarte probabil, o \u00eent\u00e2lnire s\u0103pt\u0103m\u00e2na viitoare, pe mai multe chestiuni care \u021bin de activitatea curent\u0103, o \u00eencepere de discu\u021bie pe bugetul 2026&#8217;, a spus Nicu\u0219or Dan atunci, \u00eentrebat despre negocierile privind pensiile magistra\u021bilor \u0219i dac\u0103 \u00eei va chema pe liderii coali\u021biei la discu\u021bii, dup\u0103 motivarea CCR.<\/p>\n<p>Pe de alt\u0103 parte, referitor la riscul de a pierde bani din PNRR din cauza acestui jalon, pre\u0219edintele a transmis c\u0103 &#8216;trebuie fim optimi\u0219ti&#8217; \u00een aceast\u0103 privin\u021b\u0103.<\/p>\n<p>Nicu\u0219or Dan a subliniat c\u0103, \u00een opinia sa, reforma privind pensiile magistra\u021bilor poate fi f\u0103cut\u0103 p\u00e2n\u0103 pe 28 noiembrie, fiind timp ca proiectul s\u0103 fie asumat de Guvern \u00een fa\u021ba Parlamentului, s\u0103 fie dezb\u0103tut \u00eentr-o procedur\u0103 rapid\u0103, \u00eens\u0103 \u00eentrebarea este &#8216;dac\u0103 \u00eel va ataca ulterior cineva la Curtea Constitu\u021bional\u0103 \u0219i c\u00e2t va dura acolo&#8217;.<\/p>\n<p><strong>\u00cen ceea ce prive\u0219te majorarea pragului de pensie la 75% din salariu pentru magistra\u021bi, \u0219eful statului a afirmat c\u0103 acest lucru este \u00een discu\u021bie.<\/strong><\/p>\n<p>\u00cenaintea \u00eent\u00e2lnirii cu liderii coali\u021biei, \u0219eful statului va depune o coroan\u0103 de flori la Monumentul lui Corneliu Coposu din Bucure\u0219ti. AGERPRES\/(AS &#8211; redactor: Oana Ghi\u021b\u0103, editor: Florin Marin, editor online: Andreea Preda)<br \/>\n<br \/>\nSursa articolului:  <a href=\"https:\/\/agerpres.ro\/politic\/2025\/11\/11\/presedintele-se-intalneste-cu-liderii-coalitiei-pensiile-magistratilor---pe-agenda--1501734\" target=\"_blank\" rel=\"noopener\" title=\"\">AGERPRES<\/a><\/p>","protected":false},"excerpt":{"rendered":"<p>Pre\u0219edintele se \u00eent\u00e2lne\u0219te, mar\u021bi, cu liderii coali\u021biei de guvernare, pe agend\u0103 fiind subiectul pensiilor magistra\u021bilor. \u00cent\u00e2lnirea are loc la Palatul Cotroceni, la ora 10:00, potrivit agendei preziden\u021biale. Vineri, \u0219eful statului a spus c\u0103 discu\u021biile pe aceast\u0103 tem\u0103 se apropie de &#8216;un compromis&#8217;. &#8216;Din informa\u021biile pe care le am, compromisul e destul de aproape. (&#8230;) Sunt&#8230;<\/p>","protected":false},"author":4,"featured_media":2584,"comment_status":"open","ping_status":"open","sticky":false,"template":"","format":"standard","meta":{"footnotes":""},"categories":[1],"tags":[],"class_list":["post-3303","post","type-post","status-publish","format-standard","has-post-thumbnail","hentry","category-uncategorized"],"yoast_head":"<!-- This site is optimized with the Yoast SEO plugin v26.1.1 - https:\/\/yoast.com\/wordpress\/plugins\/seo\/ -->\n<title>Pre\u0219edintele se \u00eent\u00e2lne\u0219te cu liderii coali\u021biei; pensiile magistra\u021bilor - pe agend\u0103 - Carpathia Center Romania<\/title>\n<meta name=\"robots\" content=\"index, follow, max-snippet:-1, max-image-preview:large, max-video-preview:-1\" \/>\n<link rel=\"canonical\" href=\"https:\/\/carpathiacenter.ro\/en\/presedintele-se-intalneste-cu-liderii-coalitiei-pensiile-magistratilor-pe-agenda\/\" \/>\n<meta property=\"og:locale\" content=\"en_GB\" \/>\n<meta property=\"og:type\" content=\"article\" \/>\n<meta property=\"og:title\" content=\"Pre\u0219edintele se \u00eent\u00e2lne\u0219te cu liderii coali\u021biei; pensiile magistra\u021bilor - pe agend\u0103 - Carpathia Center Romania\" \/>\n<meta property=\"og:description\" content=\"Pre\u0219edintele se \u00eent\u00e2lne\u0219te, mar\u021bi, cu liderii coali\u021biei de guvernare, pe agend\u0103 fiind subiectul pensiilor magistra\u021bilor. \u00cent\u00e2lnirea are loc la Palatul Cotroceni, la ora 10:00, potrivit agendei preziden\u021biale. Vineri, \u0219eful statului a spus c\u0103 discu\u021biile pe aceast\u0103 tem\u0103 se apropie de &#8216;un compromis&#8217;. &#8216;Din informa\u021biile pe care le am, compromisul e destul de aproape. (&#8230;) Sunt...\" \/>\n<meta property=\"og:url\" content=\"https:\/\/carpathiacenter.ro\/en\/presedintele-se-intalneste-cu-liderii-coalitiei-pensiile-magistratilor-pe-agenda\/\" \/>\n<meta property=\"og:site_name\" content=\"Carpathia Center Romania\" \/>\n<meta property=\"article:publisher\" content=\"https:\/\/www.facebook.com\/fdpscarpathia\/\" \/>\n<meta property=\"article:published_time\" content=\"2025-11-11T08:10:35+00:00\" \/>\n<meta property=\"og:image\" content=\"https:\/\/carpathiacenter.ro\/wp-content\/uploads\/2025\/06\/Nicusor-Dan-la-Summit-NATO.webp\" \/>\n\t<meta property=\"og:image:width\" content=\"1280\" \/>\n\t<meta property=\"og:image:height\" content=\"720\" \/>\n\t<meta property=\"og:image:type\" content=\"image\/webp\" \/>\n<meta name=\"author\" content=\"creativebitsolutions\" \/>\n<meta name=\"twitter:card\" content=\"summary_large_image\" \/>\n<meta name=\"twitter:label1\" content=\"Written by\" \/>\n\t<meta name=\"twitter:data1\" content=\"creativebitsolutions\" \/>\n\t<meta name=\"twitter:label2\" content=\"Estimated reading time\" \/>\n\t<meta name=\"twitter:data2\" content=\"1 minute\" \/>\n<script type=\"application\/ld+json\" class=\"yoast-schema-graph\">{\"@context\":\"https:\/\/schema.org\",\"@graph\":[{\"@type\":\"Article\",\"@id\":\"https:\/\/carpathiacenter.ro\/presedintele-se-intalneste-cu-liderii-coalitiei-pensiile-magistratilor-pe-agenda\/#article\",\"isPartOf\":{\"@id\":\"https:\/\/carpathiacenter.ro\/presedintele-se-intalneste-cu-liderii-coalitiei-pensiile-magistratilor-pe-agenda\/\"},\"author\":{\"name\":\"creativebitsolutions\",\"@id\":\"https:\/\/carpathiacenter.ro\/#\/schema\/person\/03d9f58202fee8379268f34afa195006\"},\"headline\":\"Pre\u0219edintele se \u00eent\u00e2lne\u0219te cu liderii coali\u021biei; pensiile magistra\u021bilor &#8211; pe agend\u0103\",\"datePublished\":\"2025-11-11T08:10:35+00:00\",\"mainEntityOfPage\":{\"@id\":\"https:\/\/carpathiacenter.ro\/presedintele-se-intalneste-cu-liderii-coalitiei-pensiile-magistratilor-pe-agenda\/\"},\"wordCount\":318,\"commentCount\":0,\"publisher\":{\"@id\":\"https:\/\/carpathiacenter.ro\/#organization\"},\"image\":{\"@id\":\"https:\/\/carpathiacenter.ro\/presedintele-se-intalneste-cu-liderii-coalitiei-pensiile-magistratilor-pe-agenda\/#primaryimage\"},\"thumbnailUrl\":\"https:\/\/carpathiacenter.ro\/wp-content\/uploads\/2025\/06\/Nicusor-Dan-la-Summit-NATO.webp\",\"articleSection\":[\"Uncategorized\"],\"inLanguage\":\"en-GB\",\"potentialAction\":[{\"@type\":\"CommentAction\",\"name\":\"Comment\",\"target\":[\"https:\/\/carpathiacenter.ro\/presedintele-se-intalneste-cu-liderii-coalitiei-pensiile-magistratilor-pe-agenda\/#respond\"]}]},{\"@type\":\"WebPage\",\"@id\":\"https:\/\/carpathiacenter.ro\/presedintele-se-intalneste-cu-liderii-coalitiei-pensiile-magistratilor-pe-agenda\/\",\"url\":\"https:\/\/carpathiacenter.ro\/presedintele-se-intalneste-cu-liderii-coalitiei-pensiile-magistratilor-pe-agenda\/\",\"name\":\"Pre\u0219edintele se \u00eent\u00e2lne\u0219te cu liderii coali\u021biei; pensiile magistra\u021bilor - pe agend\u0103 - Carpathia Center Romania\",\"isPartOf\":{\"@id\":\"https:\/\/carpathiacenter.ro\/#website\"},\"primaryImageOfPage\":{\"@id\":\"https:\/\/carpathiacenter.ro\/presedintele-se-intalneste-cu-liderii-coalitiei-pensiile-magistratilor-pe-agenda\/#primaryimage\"},\"image\":{\"@id\":\"https:\/\/carpathiacenter.ro\/presedintele-se-intalneste-cu-liderii-coalitiei-pensiile-magistratilor-pe-agenda\/#primaryimage\"},\"thumbnailUrl\":\"https:\/\/carpathiacenter.ro\/wp-content\/uploads\/2025\/06\/Nicusor-Dan-la-Summit-NATO.webp\",\"datePublished\":\"2025-11-11T08:10:35+00:00\",\"breadcrumb\":{\"@id\":\"https:\/\/carpathiacenter.ro\/presedintele-se-intalneste-cu-liderii-coalitiei-pensiile-magistratilor-pe-agenda\/#breadcrumb\"},\"inLanguage\":\"en-GB\",\"potentialAction\":[{\"@type\":\"ReadAction\",\"target\":[\"https:\/\/carpathiacenter.ro\/presedintele-se-intalneste-cu-liderii-coalitiei-pensiile-magistratilor-pe-agenda\/\"]}]},{\"@type\":\"ImageObject\",\"inLanguage\":\"en-GB\",\"@id\":\"https:\/\/carpathiacenter.ro\/presedintele-se-intalneste-cu-liderii-coalitiei-pensiile-magistratilor-pe-agenda\/#primaryimage\",\"url\":\"https:\/\/carpathiacenter.ro\/wp-content\/uploads\/2025\/06\/Nicusor-Dan-la-Summit-NATO.webp\",\"contentUrl\":\"https:\/\/carpathiacenter.ro\/wp-content\/uploads\/2025\/06\/Nicusor-Dan-la-Summit-NATO.webp\",\"width\":1280,\"height\":720},{\"@type\":\"BreadcrumbList\",\"@id\":\"https:\/\/carpathiacenter.ro\/presedintele-se-intalneste-cu-liderii-coalitiei-pensiile-magistratilor-pe-agenda\/#breadcrumb\",\"itemListElement\":[{\"@type\":\"ListItem\",\"position\":1,\"name\":\"Prima pagin\u0103\",\"item\":\"https:\/\/carpathiacenter.ro\/\"},{\"@type\":\"ListItem\",\"position\":2,\"name\":\"Pre\u0219edintele se \u00eent\u00e2lne\u0219te cu liderii coali\u021biei; pensiile magistra\u021bilor &#8211; pe agend\u0103\"}]},{\"@type\":\"WebSite\",\"@id\":\"https:\/\/carpathiacenter.ro\/#website\",\"url\":\"https:\/\/carpathiacenter.ro\/\",\"name\":\"Carpathia Center Romania\",\"description\":\"Impossible made possible!\",\"publisher\":{\"@id\":\"https:\/\/carpathiacenter.ro\/#organization\"},\"potentialAction\":[{\"@type\":\"SearchAction\",\"target\":{\"@type\":\"EntryPoint\",\"urlTemplate\":\"https:\/\/carpathiacenter.ro\/?s={search_term_string}\"},\"query-input\":{\"@type\":\"PropertyValueSpecification\",\"valueRequired\":true,\"valueName\":\"search_term_string\"}}],\"inLanguage\":\"en-GB\"},{\"@type\":\"Organization\",\"@id\":\"https:\/\/carpathiacenter.ro\/#organization\",\"name\":\"Carpathia Center Romania\",\"url\":\"https:\/\/carpathiacenter.ro\/\",\"logo\":{\"@type\":\"ImageObject\",\"inLanguage\":\"en-GB\",\"@id\":\"https:\/\/carpathiacenter.ro\/#\/schema\/logo\/image\/\",\"url\":\"https:\/\/carpathiacenter.ro\/wp-content\/uploads\/2024\/07\/logo-carpathia_bg_white-1024x941.png\",\"contentUrl\":\"https:\/\/carpathiacenter.ro\/wp-content\/uploads\/2024\/07\/logo-carpathia_bg_white-1024x941.png\",\"width\":1024,\"height\":941,\"caption\":\"Carpathia Center Romania\"},\"image\":{\"@id\":\"https:\/\/carpathiacenter.ro\/#\/schema\/logo\/image\/\"},\"sameAs\":[\"https:\/\/www.facebook.com\/fdpscarpathia\/\"]},{\"@type\":\"Person\",\"@id\":\"https:\/\/carpathiacenter.ro\/#\/schema\/person\/03d9f58202fee8379268f34afa195006\",\"name\":\"creativebitsolutions\",\"image\":{\"@type\":\"ImageObject\",\"inLanguage\":\"en-GB\",\"@id\":\"https:\/\/carpathiacenter.ro\/#\/schema\/person\/image\/\",\"url\":\"https:\/\/secure.gravatar.com\/avatar\/1b1a13e37f847c635dab78348f1dff2f07651ee2a3d77a5c355a4b8c75f9165a?s=96&d=mm&r=g\",\"contentUrl\":\"https:\/\/secure.gravatar.com\/avatar\/1b1a13e37f847c635dab78348f1dff2f07651ee2a3d77a5c355a4b8c75f9165a?s=96&d=mm&r=g\",\"caption\":\"creativebitsolutions\"},\"url\":\"https:\/\/carpathiacenter.ro\/en\/author\/creativebitsolutions\/\"}]}<\/script>\n<!-- \/ Yoast SEO plugin. -->","yoast_head_json":{"title":"Pre\u0219edintele se \u00eent\u00e2lne\u0219te cu liderii coali\u021biei; pensiile magistra\u021bilor - pe agend\u0103 - Carpathia Center Romania","robots":{"index":"index","follow":"follow","max-snippet":"max-snippet:-1","max-image-preview":"max-image-preview:large","max-video-preview":"max-video-preview:-1"},"canonical":"https:\/\/carpathiacenter.ro\/en\/presedintele-se-intalneste-cu-liderii-coalitiei-pensiile-magistratilor-pe-agenda\/","og_locale":"en_GB","og_type":"article","og_title":"Pre\u0219edintele se \u00eent\u00e2lne\u0219te cu liderii coali\u021biei; pensiile magistra\u021bilor - pe agend\u0103 - Carpathia Center Romania","og_description":"Pre\u0219edintele se \u00eent\u00e2lne\u0219te, mar\u021bi, cu liderii coali\u021biei de guvernare, pe agend\u0103 fiind subiectul pensiilor magistra\u021bilor. \u00cent\u00e2lnirea are loc la Palatul Cotroceni, la ora 10:00, potrivit agendei preziden\u021biale. Vineri, \u0219eful statului a spus c\u0103 discu\u021biile pe aceast\u0103 tem\u0103 se apropie de &#8216;un compromis&#8217;. &#8216;Din informa\u021biile pe care le am, compromisul e destul de aproape. (&#8230;) Sunt...","og_url":"https:\/\/carpathiacenter.ro\/en\/presedintele-se-intalneste-cu-liderii-coalitiei-pensiile-magistratilor-pe-agenda\/","og_site_name":"Carpathia Center Romania","article_publisher":"https:\/\/www.facebook.com\/fdpscarpathia\/","article_published_time":"2025-11-11T08:10:35+00:00","og_image":[{"width":1280,"height":720,"url":"https:\/\/carpathiacenter.ro\/wp-content\/uploads\/2025\/06\/Nicusor-Dan-la-Summit-NATO.webp","type":"image\/webp"}],"author":"creativebitsolutions","twitter_card":"summary_large_image","twitter_misc":{"Written by":"creativebitsolutions","Estimated reading time":"1 minute"},"schema":{"@context":"https:\/\/schema.org","@graph":[{"@type":"Article","@id":"https:\/\/carpathiacenter.ro\/presedintele-se-intalneste-cu-liderii-coalitiei-pensiile-magistratilor-pe-agenda\/#article","isPartOf":{"@id":"https:\/\/carpathiacenter.ro\/presedintele-se-intalneste-cu-liderii-coalitiei-pensiile-magistratilor-pe-agenda\/"},"author":{"name":"creativebitsolutions","@id":"https:\/\/carpathiacenter.ro\/#\/schema\/person\/03d9f58202fee8379268f34afa195006"},"headline":"Pre\u0219edintele se \u00eent\u00e2lne\u0219te cu liderii coali\u021biei; pensiile magistra\u021bilor &#8211; pe agend\u0103","datePublished":"2025-11-11T08:10:35+00:00","mainEntityOfPage":{"@id":"https:\/\/carpathiacenter.ro\/presedintele-se-intalneste-cu-liderii-coalitiei-pensiile-magistratilor-pe-agenda\/"},"wordCount":318,"commentCount":0,"publisher":{"@id":"https:\/\/carpathiacenter.ro\/#organization"},"image":{"@id":"https:\/\/carpathiacenter.ro\/presedintele-se-intalneste-cu-liderii-coalitiei-pensiile-magistratilor-pe-agenda\/#primaryimage"},"thumbnailUrl":"https:\/\/carpathiacenter.ro\/wp-content\/uploads\/2025\/06\/Nicusor-Dan-la-Summit-NATO.webp","articleSection":["Uncategorized"],"inLanguage":"en-GB","potentialAction":[{"@type":"CommentAction","name":"Comment","target":["https:\/\/carpathiacenter.ro\/presedintele-se-intalneste-cu-liderii-coalitiei-pensiile-magistratilor-pe-agenda\/#respond"]}]},{"@type":"WebPage","@id":"https:\/\/carpathiacenter.ro\/presedintele-se-intalneste-cu-liderii-coalitiei-pensiile-magistratilor-pe-agenda\/","url":"https:\/\/carpathiacenter.ro\/presedintele-se-intalneste-cu-liderii-coalitiei-pensiile-magistratilor-pe-agenda\/","name":"Pre\u0219edintele se \u00eent\u00e2lne\u0219te cu liderii coali\u021biei; pensiile magistra\u021bilor - pe agend\u0103 - Carpathia Center Romania","isPartOf":{"@id":"https:\/\/carpathiacenter.ro\/#website"},"primaryImageOfPage":{"@id":"https:\/\/carpathiacenter.ro\/presedintele-se-intalneste-cu-liderii-coalitiei-pensiile-magistratilor-pe-agenda\/#primaryimage"},"image":{"@id":"https:\/\/carpathiacenter.ro\/presedintele-se-intalneste-cu-liderii-coalitiei-pensiile-magistratilor-pe-agenda\/#primaryimage"},"thumbnailUrl":"https:\/\/carpathiacenter.ro\/wp-content\/uploads\/2025\/06\/Nicusor-Dan-la-Summit-NATO.webp","datePublished":"2025-11-11T08:10:35+00:00","breadcrumb":{"@id":"https:\/\/carpathiacenter.ro\/presedintele-se-intalneste-cu-liderii-coalitiei-pensiile-magistratilor-pe-agenda\/#breadcrumb"},"inLanguage":"en-GB","potentialAction":[{"@type":"ReadAction","target":["https:\/\/carpathiacenter.ro\/presedintele-se-intalneste-cu-liderii-coalitiei-pensiile-magistratilor-pe-agenda\/"]}]},{"@type":"ImageObject","inLanguage":"en-GB","@id":"https:\/\/carpathiacenter.ro\/presedintele-se-intalneste-cu-liderii-coalitiei-pensiile-magistratilor-pe-agenda\/#primaryimage","url":"https:\/\/carpathiacenter.ro\/wp-content\/uploads\/2025\/06\/Nicusor-Dan-la-Summit-NATO.webp","contentUrl":"https:\/\/carpathiacenter.ro\/wp-content\/uploads\/2025\/06\/Nicusor-Dan-la-Summit-NATO.webp","width":1280,"height":720},{"@type":"BreadcrumbList","@id":"https:\/\/carpathiacenter.ro\/presedintele-se-intalneste-cu-liderii-coalitiei-pensiile-magistratilor-pe-agenda\/#breadcrumb","itemListElement":[{"@type":"ListItem","position":1,"name":"Prima pagin\u0103","item":"https:\/\/carpathiacenter.ro\/"},{"@type":"ListItem","position":2,"name":"Pre\u0219edintele se \u00eent\u00e2lne\u0219te cu liderii coali\u021biei; pensiile magistra\u021bilor &#8211; pe agend\u0103"}]},{"@type":"WebSite","@id":"https:\/\/carpathiacenter.ro\/#website","url":"https:\/\/carpathiacenter.ro\/","name":"Carpathia Center Romania","description":"Impossible made possible!","publisher":{"@id":"https:\/\/carpathiacenter.ro\/#organization"},"potentialAction":[{"@type":"SearchAction","target":{"@type":"EntryPoint","urlTemplate":"https:\/\/carpathiacenter.ro\/?s={search_term_string}"},"query-input":{"@type":"PropertyValueSpecification","valueRequired":true,"valueName":"search_term_string"}}],"inLanguage":"en-GB"},{"@type":"Organization","@id":"https:\/\/carpathiacenter.ro\/#organization","name":"Carpathia Center Romania","url":"https:\/\/carpathiacenter.ro\/","logo":{"@type":"ImageObject","inLanguage":"en-GB","@id":"https:\/\/carpathiacenter.ro\/#\/schema\/logo\/image\/","url":"https:\/\/carpathiacenter.ro\/wp-content\/uploads\/2024\/07\/logo-carpathia_bg_white-1024x941.png","contentUrl":"https:\/\/carpathiacenter.ro\/wp-content\/uploads\/2024\/07\/logo-carpathia_bg_white-1024x941.png","width":1024,"height":941,"caption":"Carpathia Center Romania"},"image":{"@id":"https:\/\/carpathiacenter.ro\/#\/schema\/logo\/image\/"},"sameAs":["https:\/\/www.facebook.com\/fdpscarpathia\/"]},{"@type":"Person","@id":"https:\/\/carpathiacenter.ro\/#\/schema\/person\/03d9f58202fee8379268f34afa195006","name":"creativebitsolutions","image":{"@type":"ImageObject","inLanguage":"en-GB","@id":"https:\/\/carpathiacenter.ro\/#\/schema\/person\/image\/","url":"https:\/\/secure.gravatar.com\/avatar\/1b1a13e37f847c635dab78348f1dff2f07651ee2a3d77a5c355a4b8c75f9165a?s=96&d=mm&r=g","contentUrl":"https:\/\/secure.gravatar.com\/avatar\/1b1a13e37f847c635dab78348f1dff2f07651ee2a3d77a5c355a4b8c75f9165a?s=96&d=mm&r=g","caption":"creativebitsolutions"},"url":"https:\/\/carpathiacenter.ro\/en\/author\/creativebitsolutions\/"}]}},"_links":{"self":[{"href":"https:\/\/carpathiacenter.ro\/en\/wp-json\/wp\/v2\/posts\/3303","targetHints":{"allow":["GET"]}}],"collection":[{"href":"https:\/\/carpathiacenter.ro\/en\/wp-json\/wp\/v2\/posts"}],"about":[{"href":"https:\/\/carpathiacenter.ro\/en\/wp-json\/wp\/v2\/types\/post"}],"author":[{"embeddable":true,"href":"https:\/\/carpathiacenter.ro\/en\/wp-json\/wp\/v2\/users\/4"}],"replies":[{"embeddable":true,"href":"https:\/\/carpathiacenter.ro\/en\/wp-json\/wp\/v2\/comments?post=3303"}],"version-history":[{"count":1,"href":"https:\/\/carpathiacenter.ro\/en\/wp-json\/wp\/v2\/posts\/3303\/revisions"}],"predecessor-version":[{"id":3304,"href":"https:\/\/carpathiacenter.ro\/en\/wp-json\/wp\/v2\/posts\/3303\/revisions\/3304"}],"wp:featuredmedia":[{"embeddable":true,"href":"https:\/\/carpathiacenter.ro\/en\/wp-json\/wp\/v2\/media\/2584"}],"wp:attachment":[{"href":"https:\/\/carpathiacenter.ro\/en\/wp-json\/wp\/v2\/media?parent=3303"}],"wp:term":[{"taxonomy":"category","embeddable":true,"href":"https:\/\/carpathiacenter.ro\/en\/wp-json\/wp\/v2\/categories?post=3303"},{"taxonomy":"post_tag","embeddable":true,"href":"https:\/\/carpathiacenter.ro\/en\/wp-json\/wp\/v2\/tags?post=3303"}],"curies":[{"name":"wp","href":"https:\/\/api.w.org\/{rel}","templated":true}]}}