{"id":3301,"date":"2025-11-11T08:13:52","date_gmt":"2025-11-11T08:13:52","guid":{"rendered":"https:\/\/carpathiacenter.ro\/?p=3301"},"modified":"2025-11-11T08:13:52","modified_gmt":"2025-11-11T08:13:52","slug":"victor-negrescu-sa-ne-propunem-ca-in-perspectiva-2027-2028-sa-revenim-la-un-cadru-fiscal-care-sa-sprijine-microintreprinderile-din-romania","status":"publish","type":"post","link":"https:\/\/carpathiacenter.ro\/en\/victor-negrescu-sa-ne-propunem-ca-in-perspectiva-2027-2028-sa-revenim-la-un-cadru-fiscal-care-sa-sprijine-microintreprinderile-din-romania\/","title":{"rendered":"Victor Negrescu: S\u0103 ne propunem ca \u00een perspectiva 2027-2028 s\u0103 revenim la un cadru fiscal care s\u0103 sprijine micro\u00eentreprinderile din Rom\u00e2nia"},"content":{"rendered":"<p><strong>Rom\u00e2nia ar trebui s\u0103 revin\u0103 \u00een 2027-2028 la un cadru fiscal care s\u0103 sprijine micro\u00eentreprinderile, \u00een condi\u021biile \u00een care se epuizeaz\u0103 implementarea Planului Na\u021bional de Redresare \u0219i Rezilien\u021b\u0103 (PNRR), a declarat luni Victor Negrescu, vicepre\u0219edintele Parlamentului European.<\/strong><\/p>\n<p>&#8216;Ast\u0103zi lucr\u0103m la un proiect \u00een care eu cred foarte mult ca, dup\u0103 august 2026, c\u00e2nd se termin\u0103 Planul Na\u021bional de Redresare \u0219i Rezilien\u021b\u0103, s\u0103 trecem peste negocierile f\u0103cute &#8211; pentru c\u0103 se epuizeaz\u0103 implementarea PNRR-ului \u0219i, de ce nu, s\u0103 ne propunem \u00eempreun\u0103, ca \u00een perspectiva 2027-2028, s\u0103 revenim la un cadru fiscal care s\u0103 sprijine micro\u00eentreprinderele din Rom\u00e2nia. Este esen\u021bial s\u0103 fie sprijinit\u0103 inova\u021bia, antreprenoriatul \u0219i mai ales micile companii care reprezint\u0103 economia real\u0103 a Rom\u00e2niei&#8217;, a afirmat Victor Negrescu, la &#8216;Topul Na\u021bional al Firmelor Private din Rom\u00e2nia&#8217;, organizat de IMM Rom\u00e2nia.<\/p>\n<p>Totodat\u0103, el a apreciat faptul c\u0103 IMM Rom\u00e2nia face parte din proiectul pe care l-a sprijinit, acela &#8216;de a construi \u00een Rom\u00e2nia prima fabric\u0103 AI.&#8217;<\/p>\n<p>&#8216;M\u0103 bucur\u0103 faptul c\u0103 IMM Rom\u00e2nia face parte din acest proiect pe care l-am sprijinit, de a construi \u00een Rom\u00e2nia prima fabric\u0103 AI. M\u0103 bucur c\u0103, \u00eempreun\u0103, lucr\u0103m pentru a aproba \u00een Parlamentul European pachetul de simplificare a legisla\u021biei europene Omnibus. M\u0103 bucur c\u0103, \u00eempreun\u0103, am reu\u0219it s\u0103 impunem pe agenda european\u0103 un nou program pentru sprijinul startup-urilor \u0219i mai ales pentru cre\u0219terea startup-urilor la nivel european. Aceasta este o ini\u021biativ\u0103 pe care dumneavoastr\u0103 a\u021bi promovat-o&#8217;, a mai spus Victor Negrescu.<\/p>\n<p>El a men\u021bionat c\u0103, mai mult ca oric\u00e2nd, clasa politic\u0103 pro-european\u0103 din Rom\u00e2nia trebuie s\u0103-\u0219i exprime solidaritatea cu IMM-urile, \u0219i s\u0103-\u0219i asume faptul c\u0103 a trebuit s\u0103 fie luate anumite decizii dificile, cu caracter temporar.<\/p>\n<p>&#8216;Pentru mine nu este prima edi\u021bie la care particip. Mi-aduc aminte cum acolo sus, de exemplu, anul trecut era plin. Am stat undeva pe r\u00e2ndul 3. Erau premieri, pre\u0219edin\u021bi, foarte mul\u021bi mini\u0219tri. \u0218i chiar dac\u0103 poate nu e datoria mea s\u0103 o spun, eu cred c\u0103 este regretabil\u0103 aceast\u0103 absen\u021b\u0103. Pentru c\u0103 ast\u0103zi, mai mult ca oric\u00e2nd, clasa politic\u0103 pro-european\u0103 de la noi din \u021bar\u0103 trebuie s\u0103-\u0219i exprime nu doar solidaritatea cu dumneavoastr\u0103, dar trebuie \u00een acela\u0219i timp s\u0103-\u0219i asume faptul c\u0103 a trebuit s\u0103 fie luate anumite decizii dificile \u0219i, \u00een acela\u0219i timp, s\u0103-\u0219i asume faptul c\u0103 o bun\u0103 parte din aceste decizii sunt cu caracter temporar. Cred c\u0103 e important acest angajament, pe l\u00e2ng\u0103 ideea aceasta de a prezenta planul sau o viziune pe termen mediu sau lung. E important s\u0103 vorbim de prezent&#8217;, a ad\u0103ugat Negrescu. AGERPRES\/(AS &#8211; redactor: Nicoleta B\u0103nciulea, editor: Nicoleta Gherasi, editor online: Andreea Preda)<br \/>\n<br \/>\nSursa articolului:  <a href=\"https:\/\/agerpres.ro\/economic\/2025\/11\/10\/victor-negrescu-sa-ne-propunem-ca-in-perspectiva-2027-2028-sa-revenim-la-un-cadru-fiscal-care-sa-spr--1501723\" target=\"_blank\" rel=\"noopener\" title=\"\">AGERPRES<\/a><\/p>","protected":false},"excerpt":{"rendered":"<p>Rom\u00e2nia ar trebui s\u0103 revin\u0103 \u00een 2027-2028 la un cadru fiscal care s\u0103 sprijine micro\u00eentreprinderile, \u00een condi\u021biile \u00een care se epuizeaz\u0103 implementarea Planului Na\u021bional de Redresare \u0219i Rezilien\u021b\u0103 (PNRR), a declarat luni Victor Negrescu, vicepre\u0219edintele Parlamentului European. &#8216;Ast\u0103zi lucr\u0103m la un proiect \u00een care eu cred foarte mult ca, dup\u0103 august 2026, c\u00e2nd se termin\u0103&#8230;<\/p>","protected":false},"author":4,"featured_media":0,"comment_status":"open","ping_status":"open","sticky":false,"template":"","format":"standard","meta":{"footnotes":""},"categories":[1],"tags":[],"class_list":["post-3301","post","type-post","status-publish","format-standard","hentry","category-uncategorized"],"yoast_head":"<!-- This site is optimized with the Yoast SEO plugin v26.1.1 - https:\/\/yoast.com\/wordpress\/plugins\/seo\/ -->\n<title>Victor Negrescu: S\u0103 ne propunem ca \u00een perspectiva 2027-2028 s\u0103 revenim la un cadru fiscal care s\u0103 sprijine micro\u00eentreprinderile din Rom\u00e2nia - Carpathia Center Romania<\/title>\n<meta name=\"robots\" content=\"index, follow, max-snippet:-1, max-image-preview:large, max-video-preview:-1\" \/>\n<link rel=\"canonical\" href=\"https:\/\/carpathiacenter.ro\/en\/victor-negrescu-sa-ne-propunem-ca-in-perspectiva-2027-2028-sa-revenim-la-un-cadru-fiscal-care-sa-sprijine-microintreprinderile-din-romania\/\" \/>\n<meta property=\"og:locale\" content=\"en_GB\" \/>\n<meta property=\"og:type\" content=\"article\" \/>\n<meta property=\"og:title\" content=\"Victor Negrescu: S\u0103 ne propunem ca \u00een perspectiva 2027-2028 s\u0103 revenim la un cadru fiscal care s\u0103 sprijine micro\u00eentreprinderile din Rom\u00e2nia - Carpathia Center Romania\" \/>\n<meta property=\"og:description\" content=\"Rom\u00e2nia ar trebui s\u0103 revin\u0103 \u00een 2027-2028 la un cadru fiscal care s\u0103 sprijine micro\u00eentreprinderile, \u00een condi\u021biile \u00een care se epuizeaz\u0103 implementarea Planului Na\u021bional de Redresare \u0219i Rezilien\u021b\u0103 (PNRR), a declarat luni Victor Negrescu, vicepre\u0219edintele Parlamentului European. &#8216;Ast\u0103zi lucr\u0103m la un proiect \u00een care eu cred foarte mult ca, dup\u0103 august 2026, c\u00e2nd se termin\u0103...\" \/>\n<meta property=\"og:url\" content=\"https:\/\/carpathiacenter.ro\/en\/victor-negrescu-sa-ne-propunem-ca-in-perspectiva-2027-2028-sa-revenim-la-un-cadru-fiscal-care-sa-sprijine-microintreprinderile-din-romania\/\" \/>\n<meta property=\"og:site_name\" content=\"Carpathia Center Romania\" \/>\n<meta property=\"article:publisher\" content=\"https:\/\/www.facebook.com\/fdpscarpathia\/\" \/>\n<meta property=\"article:published_time\" content=\"2025-11-11T08:13:52+00:00\" \/>\n<meta name=\"author\" content=\"creativebitsolutions\" \/>\n<meta name=\"twitter:card\" content=\"summary_large_image\" \/>\n<meta name=\"twitter:label1\" content=\"Written by\" \/>\n\t<meta name=\"twitter:data1\" content=\"creativebitsolutions\" \/>\n\t<meta name=\"twitter:label2\" content=\"Estimated reading time\" \/>\n\t<meta name=\"twitter:data2\" content=\"3 minutes\" \/>\n<script type=\"application\/ld+json\" class=\"yoast-schema-graph\">{\"@context\":\"https:\/\/schema.org\",\"@graph\":[{\"@type\":\"Article\",\"@id\":\"https:\/\/carpathiacenter.ro\/victor-negrescu-sa-ne-propunem-ca-in-perspectiva-2027-2028-sa-revenim-la-un-cadru-fiscal-care-sa-sprijine-microintreprinderile-din-romania\/#article\",\"isPartOf\":{\"@id\":\"https:\/\/carpathiacenter.ro\/victor-negrescu-sa-ne-propunem-ca-in-perspectiva-2027-2028-sa-revenim-la-un-cadru-fiscal-care-sa-sprijine-microintreprinderile-din-romania\/\"},\"author\":{\"name\":\"creativebitsolutions\",\"@id\":\"https:\/\/carpathiacenter.ro\/#\/schema\/person\/03d9f58202fee8379268f34afa195006\"},\"headline\":\"Victor Negrescu: S\u0103 ne propunem ca \u00een perspectiva 2027-2028 s\u0103 revenim la un cadru fiscal care s\u0103 sprijine micro\u00eentreprinderile din Rom\u00e2nia\",\"datePublished\":\"2025-11-11T08:13:52+00:00\",\"mainEntityOfPage\":{\"@id\":\"https:\/\/carpathiacenter.ro\/victor-negrescu-sa-ne-propunem-ca-in-perspectiva-2027-2028-sa-revenim-la-un-cadru-fiscal-care-sa-sprijine-microintreprinderile-din-romania\/\"},\"wordCount\":502,\"commentCount\":0,\"publisher\":{\"@id\":\"https:\/\/carpathiacenter.ro\/#organization\"},\"articleSection\":[\"Uncategorized\"],\"inLanguage\":\"en-GB\",\"potentialAction\":[{\"@type\":\"CommentAction\",\"name\":\"Comment\",\"target\":[\"https:\/\/carpathiacenter.ro\/victor-negrescu-sa-ne-propunem-ca-in-perspectiva-2027-2028-sa-revenim-la-un-cadru-fiscal-care-sa-sprijine-microintreprinderile-din-romania\/#respond\"]}]},{\"@type\":\"WebPage\",\"@id\":\"https:\/\/carpathiacenter.ro\/victor-negrescu-sa-ne-propunem-ca-in-perspectiva-2027-2028-sa-revenim-la-un-cadru-fiscal-care-sa-sprijine-microintreprinderile-din-romania\/\",\"url\":\"https:\/\/carpathiacenter.ro\/victor-negrescu-sa-ne-propunem-ca-in-perspectiva-2027-2028-sa-revenim-la-un-cadru-fiscal-care-sa-sprijine-microintreprinderile-din-romania\/\",\"name\":\"Victor Negrescu: S\u0103 ne propunem ca \u00een perspectiva 2027-2028 s\u0103 revenim la un cadru fiscal care s\u0103 sprijine micro\u00eentreprinderile din Rom\u00e2nia - Carpathia Center Romania\",\"isPartOf\":{\"@id\":\"https:\/\/carpathiacenter.ro\/#website\"},\"datePublished\":\"2025-11-11T08:13:52+00:00\",\"breadcrumb\":{\"@id\":\"https:\/\/carpathiacenter.ro\/victor-negrescu-sa-ne-propunem-ca-in-perspectiva-2027-2028-sa-revenim-la-un-cadru-fiscal-care-sa-sprijine-microintreprinderile-din-romania\/#breadcrumb\"},\"inLanguage\":\"en-GB\",\"potentialAction\":[{\"@type\":\"ReadAction\",\"target\":[\"https:\/\/carpathiacenter.ro\/victor-negrescu-sa-ne-propunem-ca-in-perspectiva-2027-2028-sa-revenim-la-un-cadru-fiscal-care-sa-sprijine-microintreprinderile-din-romania\/\"]}]},{\"@type\":\"BreadcrumbList\",\"@id\":\"https:\/\/carpathiacenter.ro\/victor-negrescu-sa-ne-propunem-ca-in-perspectiva-2027-2028-sa-revenim-la-un-cadru-fiscal-care-sa-sprijine-microintreprinderile-din-romania\/#breadcrumb\",\"itemListElement\":[{\"@type\":\"ListItem\",\"position\":1,\"name\":\"Prima pagin\u0103\",\"item\":\"https:\/\/carpathiacenter.ro\/\"},{\"@type\":\"ListItem\",\"position\":2,\"name\":\"Victor Negrescu: S\u0103 ne propunem ca \u00een perspectiva 2027-2028 s\u0103 revenim la un cadru fiscal care s\u0103 sprijine micro\u00eentreprinderile din Rom\u00e2nia\"}]},{\"@type\":\"WebSite\",\"@id\":\"https:\/\/carpathiacenter.ro\/#website\",\"url\":\"https:\/\/carpathiacenter.ro\/\",\"name\":\"Carpathia Center Romania\",\"description\":\"Impossible made possible!\",\"publisher\":{\"@id\":\"https:\/\/carpathiacenter.ro\/#organization\"},\"potentialAction\":[{\"@type\":\"SearchAction\",\"target\":{\"@type\":\"EntryPoint\",\"urlTemplate\":\"https:\/\/carpathiacenter.ro\/?s={search_term_string}\"},\"query-input\":{\"@type\":\"PropertyValueSpecification\",\"valueRequired\":true,\"valueName\":\"search_term_string\"}}],\"inLanguage\":\"en-GB\"},{\"@type\":\"Organization\",\"@id\":\"https:\/\/carpathiacenter.ro\/#organization\",\"name\":\"Carpathia Center Romania\",\"url\":\"https:\/\/carpathiacenter.ro\/\",\"logo\":{\"@type\":\"ImageObject\",\"inLanguage\":\"en-GB\",\"@id\":\"https:\/\/carpathiacenter.ro\/#\/schema\/logo\/image\/\",\"url\":\"https:\/\/carpathiacenter.ro\/wp-content\/uploads\/2024\/07\/logo-carpathia_bg_white-1024x941.png\",\"contentUrl\":\"https:\/\/carpathiacenter.ro\/wp-content\/uploads\/2024\/07\/logo-carpathia_bg_white-1024x941.png\",\"width\":1024,\"height\":941,\"caption\":\"Carpathia Center Romania\"},\"image\":{\"@id\":\"https:\/\/carpathiacenter.ro\/#\/schema\/logo\/image\/\"},\"sameAs\":[\"https:\/\/www.facebook.com\/fdpscarpathia\/\"]},{\"@type\":\"Person\",\"@id\":\"https:\/\/carpathiacenter.ro\/#\/schema\/person\/03d9f58202fee8379268f34afa195006\",\"name\":\"creativebitsolutions\",\"image\":{\"@type\":\"ImageObject\",\"inLanguage\":\"en-GB\",\"@id\":\"https:\/\/carpathiacenter.ro\/#\/schema\/person\/image\/\",\"url\":\"https:\/\/secure.gravatar.com\/avatar\/1b1a13e37f847c635dab78348f1dff2f07651ee2a3d77a5c355a4b8c75f9165a?s=96&d=mm&r=g\",\"contentUrl\":\"https:\/\/secure.gravatar.com\/avatar\/1b1a13e37f847c635dab78348f1dff2f07651ee2a3d77a5c355a4b8c75f9165a?s=96&d=mm&r=g\",\"caption\":\"creativebitsolutions\"},\"url\":\"https:\/\/carpathiacenter.ro\/en\/author\/creativebitsolutions\/\"}]}<\/script>\n<!-- \/ Yoast SEO plugin. -->","yoast_head_json":{"title":"Victor Negrescu: S\u0103 ne propunem ca \u00een perspectiva 2027-2028 s\u0103 revenim la un cadru fiscal care s\u0103 sprijine micro\u00eentreprinderile din Rom\u00e2nia - Carpathia Center Romania","robots":{"index":"index","follow":"follow","max-snippet":"max-snippet:-1","max-image-preview":"max-image-preview:large","max-video-preview":"max-video-preview:-1"},"canonical":"https:\/\/carpathiacenter.ro\/en\/victor-negrescu-sa-ne-propunem-ca-in-perspectiva-2027-2028-sa-revenim-la-un-cadru-fiscal-care-sa-sprijine-microintreprinderile-din-romania\/","og_locale":"en_GB","og_type":"article","og_title":"Victor Negrescu: S\u0103 ne propunem ca \u00een perspectiva 2027-2028 s\u0103 revenim la un cadru fiscal care s\u0103 sprijine micro\u00eentreprinderile din Rom\u00e2nia - Carpathia Center Romania","og_description":"Rom\u00e2nia ar trebui s\u0103 revin\u0103 \u00een 2027-2028 la un cadru fiscal care s\u0103 sprijine micro\u00eentreprinderile, \u00een condi\u021biile \u00een care se epuizeaz\u0103 implementarea Planului Na\u021bional de Redresare \u0219i Rezilien\u021b\u0103 (PNRR), a declarat luni Victor Negrescu, vicepre\u0219edintele Parlamentului European. &#8216;Ast\u0103zi lucr\u0103m la un proiect \u00een care eu cred foarte mult ca, dup\u0103 august 2026, c\u00e2nd se termin\u0103...","og_url":"https:\/\/carpathiacenter.ro\/en\/victor-negrescu-sa-ne-propunem-ca-in-perspectiva-2027-2028-sa-revenim-la-un-cadru-fiscal-care-sa-sprijine-microintreprinderile-din-romania\/","og_site_name":"Carpathia Center Romania","article_publisher":"https:\/\/www.facebook.com\/fdpscarpathia\/","article_published_time":"2025-11-11T08:13:52+00:00","author":"creativebitsolutions","twitter_card":"summary_large_image","twitter_misc":{"Written by":"creativebitsolutions","Estimated reading time":"3 minutes"},"schema":{"@context":"https:\/\/schema.org","@graph":[{"@type":"Article","@id":"https:\/\/carpathiacenter.ro\/victor-negrescu-sa-ne-propunem-ca-in-perspectiva-2027-2028-sa-revenim-la-un-cadru-fiscal-care-sa-sprijine-microintreprinderile-din-romania\/#article","isPartOf":{"@id":"https:\/\/carpathiacenter.ro\/victor-negrescu-sa-ne-propunem-ca-in-perspectiva-2027-2028-sa-revenim-la-un-cadru-fiscal-care-sa-sprijine-microintreprinderile-din-romania\/"},"author":{"name":"creativebitsolutions","@id":"https:\/\/carpathiacenter.ro\/#\/schema\/person\/03d9f58202fee8379268f34afa195006"},"headline":"Victor Negrescu: S\u0103 ne propunem ca \u00een perspectiva 2027-2028 s\u0103 revenim la un cadru fiscal care s\u0103 sprijine micro\u00eentreprinderile din Rom\u00e2nia","datePublished":"2025-11-11T08:13:52+00:00","mainEntityOfPage":{"@id":"https:\/\/carpathiacenter.ro\/victor-negrescu-sa-ne-propunem-ca-in-perspectiva-2027-2028-sa-revenim-la-un-cadru-fiscal-care-sa-sprijine-microintreprinderile-din-romania\/"},"wordCount":502,"commentCount":0,"publisher":{"@id":"https:\/\/carpathiacenter.ro\/#organization"},"articleSection":["Uncategorized"],"inLanguage":"en-GB","potentialAction":[{"@type":"CommentAction","name":"Comment","target":["https:\/\/carpathiacenter.ro\/victor-negrescu-sa-ne-propunem-ca-in-perspectiva-2027-2028-sa-revenim-la-un-cadru-fiscal-care-sa-sprijine-microintreprinderile-din-romania\/#respond"]}]},{"@type":"WebPage","@id":"https:\/\/carpathiacenter.ro\/victor-negrescu-sa-ne-propunem-ca-in-perspectiva-2027-2028-sa-revenim-la-un-cadru-fiscal-care-sa-sprijine-microintreprinderile-din-romania\/","url":"https:\/\/carpathiacenter.ro\/victor-negrescu-sa-ne-propunem-ca-in-perspectiva-2027-2028-sa-revenim-la-un-cadru-fiscal-care-sa-sprijine-microintreprinderile-din-romania\/","name":"Victor Negrescu: S\u0103 ne propunem ca \u00een perspectiva 2027-2028 s\u0103 revenim la un cadru fiscal care s\u0103 sprijine micro\u00eentreprinderile din Rom\u00e2nia - Carpathia Center Romania","isPartOf":{"@id":"https:\/\/carpathiacenter.ro\/#website"},"datePublished":"2025-11-11T08:13:52+00:00","breadcrumb":{"@id":"https:\/\/carpathiacenter.ro\/victor-negrescu-sa-ne-propunem-ca-in-perspectiva-2027-2028-sa-revenim-la-un-cadru-fiscal-care-sa-sprijine-microintreprinderile-din-romania\/#breadcrumb"},"inLanguage":"en-GB","potentialAction":[{"@type":"ReadAction","target":["https:\/\/carpathiacenter.ro\/victor-negrescu-sa-ne-propunem-ca-in-perspectiva-2027-2028-sa-revenim-la-un-cadru-fiscal-care-sa-sprijine-microintreprinderile-din-romania\/"]}]},{"@type":"BreadcrumbList","@id":"https:\/\/carpathiacenter.ro\/victor-negrescu-sa-ne-propunem-ca-in-perspectiva-2027-2028-sa-revenim-la-un-cadru-fiscal-care-sa-sprijine-microintreprinderile-din-romania\/#breadcrumb","itemListElement":[{"@type":"ListItem","position":1,"name":"Prima pagin\u0103","item":"https:\/\/carpathiacenter.ro\/"},{"@type":"ListItem","position":2,"name":"Victor Negrescu: S\u0103 ne propunem ca \u00een perspectiva 2027-2028 s\u0103 revenim la un cadru fiscal care s\u0103 sprijine micro\u00eentreprinderile din Rom\u00e2nia"}]},{"@type":"WebSite","@id":"https:\/\/carpathiacenter.ro\/#website","url":"https:\/\/carpathiacenter.ro\/","name":"Carpathia Center Romania","description":"Impossible made possible!","publisher":{"@id":"https:\/\/carpathiacenter.ro\/#organization"},"potentialAction":[{"@type":"SearchAction","target":{"@type":"EntryPoint","urlTemplate":"https:\/\/carpathiacenter.ro\/?s={search_term_string}"},"query-input":{"@type":"PropertyValueSpecification","valueRequired":true,"valueName":"search_term_string"}}],"inLanguage":"en-GB"},{"@type":"Organization","@id":"https:\/\/carpathiacenter.ro\/#organization","name":"Carpathia Center Romania","url":"https:\/\/carpathiacenter.ro\/","logo":{"@type":"ImageObject","inLanguage":"en-GB","@id":"https:\/\/carpathiacenter.ro\/#\/schema\/logo\/image\/","url":"https:\/\/carpathiacenter.ro\/wp-content\/uploads\/2024\/07\/logo-carpathia_bg_white-1024x941.png","contentUrl":"https:\/\/carpathiacenter.ro\/wp-content\/uploads\/2024\/07\/logo-carpathia_bg_white-1024x941.png","width":1024,"height":941,"caption":"Carpathia Center Romania"},"image":{"@id":"https:\/\/carpathiacenter.ro\/#\/schema\/logo\/image\/"},"sameAs":["https:\/\/www.facebook.com\/fdpscarpathia\/"]},{"@type":"Person","@id":"https:\/\/carpathiacenter.ro\/#\/schema\/person\/03d9f58202fee8379268f34afa195006","name":"creativebitsolutions","image":{"@type":"ImageObject","inLanguage":"en-GB","@id":"https:\/\/carpathiacenter.ro\/#\/schema\/person\/image\/","url":"https:\/\/secure.gravatar.com\/avatar\/1b1a13e37f847c635dab78348f1dff2f07651ee2a3d77a5c355a4b8c75f9165a?s=96&d=mm&r=g","contentUrl":"https:\/\/secure.gravatar.com\/avatar\/1b1a13e37f847c635dab78348f1dff2f07651ee2a3d77a5c355a4b8c75f9165a?s=96&d=mm&r=g","caption":"creativebitsolutions"},"url":"https:\/\/carpathiacenter.ro\/en\/author\/creativebitsolutions\/"}]}},"_links":{"self":[{"href":"https:\/\/carpathiacenter.ro\/en\/wp-json\/wp\/v2\/posts\/3301","targetHints":{"allow":["GET"]}}],"collection":[{"href":"https:\/\/carpathiacenter.ro\/en\/wp-json\/wp\/v2\/posts"}],"about":[{"href":"https:\/\/carpathiacenter.ro\/en\/wp-json\/wp\/v2\/types\/post"}],"author":[{"embeddable":true,"href":"https:\/\/carpathiacenter.ro\/en\/wp-json\/wp\/v2\/users\/4"}],"replies":[{"embeddable":true,"href":"https:\/\/carpathiacenter.ro\/en\/wp-json\/wp\/v2\/comments?post=3301"}],"version-history":[{"count":1,"href":"https:\/\/carpathiacenter.ro\/en\/wp-json\/wp\/v2\/posts\/3301\/revisions"}],"predecessor-version":[{"id":3302,"href":"https:\/\/carpathiacenter.ro\/en\/wp-json\/wp\/v2\/posts\/3301\/revisions\/3302"}],"wp:attachment":[{"href":"https:\/\/carpathiacenter.ro\/en\/wp-json\/wp\/v2\/media?parent=3301"}],"wp:term":[{"taxonomy":"category","embeddable":true,"href":"https:\/\/carpathiacenter.ro\/en\/wp-json\/wp\/v2\/categories?post=3301"},{"taxonomy":"post_tag","embeddable":true,"href":"https:\/\/carpathiacenter.ro\/en\/wp-json\/wp\/v2\/tags?post=3301"}],"curies":[{"name":"wp","href":"https:\/\/api.w.org\/{rel}","templated":true}]}}