{"id":3297,"date":"2025-11-10T09:09:04","date_gmt":"2025-11-10T09:09:04","guid":{"rendered":"https:\/\/carpathiacenter.ro\/?p=3297"},"modified":"2025-11-10T09:10:33","modified_gmt":"2025-11-10T09:10:33","slug":"buzau-comitetul-politic-al-usr-a-validat-alianta-electorala-cu-pnl-independentul-mihai-razvan-moraru-sustinut-la-presedintia-cj","status":"publish","type":"post","link":"https:\/\/carpathiacenter.ro\/en\/buzau-comitetul-politic-al-usr-a-validat-alianta-electorala-cu-pnl-independentul-mihai-razvan-moraru-sustinut-la-presedintia-cj\/","title":{"rendered":"Buz\u0103u\/Comitetul Politic al USR a validat alian\u021ba electoral\u0103 cu PNL; independentul Mihai R\u0103zvan Moraru &#8211; sus\u021binut la pre\u0219edin\u021bia CJ"},"content":{"rendered":"<p><strong>Membrii Comitetului Politic al USR au validat cu o larg\u0103 majoritate, duminic\u0103, alian\u021ba electoral\u0103 USR Buz\u0103u \u0219i PNL Buz\u0103u pentru sus\u021binerea candidatului independent Mihai R\u0103zvan Moraru pentru pre\u0219edin\u021bia Consiliului Jude\u021bean (CJ) Buz\u0103u la alegerile par\u021biale din 7 decembrie.<\/strong><\/p>\n<p>Potrivit unui comunicat de pres\u0103 al USR, Mihai R\u0103zvan Moraru este un antreprenor \u0219i fermier buzoian cu o experien\u021b\u0103 de peste 16 ani \u00een mediul de afaceri, iar cea mai important\u0103 realizare a sa este \u00eenfiin\u021barea primului centru privat de cercetare \u00een nutri\u021bia agricol\u0103 din Rom\u00e2nia.<\/p>\n<p>&#8216;Pe l\u00e2ng\u0103 activitatea economic\u0103, s-a implicat activ \u00een proiecte sociale dedicate reducerii abandonului \u0219colar \u00een mediul rural, eforturi recompensate cu Premiul Filantropiei la Gala Oameni pentru Oameni \u00een 2019. Mihai Moraru are 44 de ani, este c\u0103s\u0103torit \u0219i are doi copii&#8217;, arat\u0103 sursa citat\u0103. AGERPRES\/(AS &#8211; editor: Anamaria Constantin, editor online: Andreea Preda)<br \/>\n<br \/>\nSursa articolului:  <a href=\"https:\/\/agerpres.ro\/politic\/2025\/11\/09\/buzau-comitetul-politic-al-usr-a-validat-alianta-electorala-cu-pnl-independentul-mihai-razvan-moraru--1501376\" target=\"_blank\" rel=\"noopener\" title=\"\">AGERPRES<\/a><\/p>","protected":false},"excerpt":{"rendered":"<p>Membrii Comitetului Politic al USR au validat cu o larg\u0103 majoritate, duminic\u0103, alian\u021ba electoral\u0103 USR Buz\u0103u \u0219i PNL Buz\u0103u pentru sus\u021binerea candidatului independent Mihai R\u0103zvan Moraru pentru pre\u0219edin\u021bia Consiliului Jude\u021bean (CJ) Buz\u0103u la alegerile par\u021biale din 7 decembrie. Potrivit unui comunicat de pres\u0103 al USR, Mihai R\u0103zvan Moraru este un antreprenor \u0219i fermier buzoian cu&#8230;<\/p>","protected":false},"author":4,"featured_media":3299,"comment_status":"open","ping_status":"open","sticky":false,"template":"","format":"standard","meta":{"footnotes":""},"categories":[1],"tags":[],"class_list":["post-3297","post","type-post","status-publish","format-standard","has-post-thumbnail","hentry","category-uncategorized"],"yoast_head":"<!-- This site is optimized with the Yoast SEO plugin v26.1.1 - https:\/\/yoast.com\/wordpress\/plugins\/seo\/ -->\n<title>Buz\u0103u\/Comitetul Politic al USR a validat alian\u021ba electoral\u0103 cu PNL; independentul Mihai R\u0103zvan Moraru - sus\u021binut la pre\u0219edin\u021bia CJ - Carpathia Center Romania<\/title>\n<meta name=\"robots\" content=\"index, follow, max-snippet:-1, max-image-preview:large, max-video-preview:-1\" \/>\n<link rel=\"canonical\" href=\"https:\/\/carpathiacenter.ro\/en\/buzau-comitetul-politic-al-usr-a-validat-alianta-electorala-cu-pnl-independentul-mihai-razvan-moraru-sustinut-la-presedintia-cj\/\" \/>\n<meta property=\"og:locale\" content=\"en_GB\" \/>\n<meta property=\"og:type\" content=\"article\" \/>\n<meta property=\"og:title\" content=\"Buz\u0103u\/Comitetul Politic al USR a validat alian\u021ba electoral\u0103 cu PNL; independentul Mihai R\u0103zvan Moraru - sus\u021binut la pre\u0219edin\u021bia CJ - Carpathia Center Romania\" \/>\n<meta property=\"og:description\" content=\"Membrii Comitetului Politic al USR au validat cu o larg\u0103 majoritate, duminic\u0103, alian\u021ba electoral\u0103 USR Buz\u0103u \u0219i PNL Buz\u0103u pentru sus\u021binerea candidatului independent Mihai R\u0103zvan Moraru pentru pre\u0219edin\u021bia Consiliului Jude\u021bean (CJ) Buz\u0103u la alegerile par\u021biale din 7 decembrie. Potrivit unui comunicat de pres\u0103 al USR, Mihai R\u0103zvan Moraru este un antreprenor \u0219i fermier buzoian cu...\" \/>\n<meta property=\"og:url\" content=\"https:\/\/carpathiacenter.ro\/en\/buzau-comitetul-politic-al-usr-a-validat-alianta-electorala-cu-pnl-independentul-mihai-razvan-moraru-sustinut-la-presedintia-cj\/\" \/>\n<meta property=\"og:site_name\" content=\"Carpathia Center Romania\" \/>\n<meta property=\"article:publisher\" content=\"https:\/\/www.facebook.com\/fdpscarpathia\/\" \/>\n<meta property=\"article:published_time\" content=\"2025-11-10T09:09:04+00:00\" \/>\n<meta property=\"article:modified_time\" content=\"2025-11-10T09:10:33+00:00\" \/>\n<meta property=\"og:image\" content=\"https:\/\/carpathiacenter.ro\/wp-content\/uploads\/2025\/11\/Mihai-Razvan-Moraru.jpg\" \/>\n\t<meta property=\"og:image:width\" content=\"800\" \/>\n\t<meta property=\"og:image:height\" content=\"800\" \/>\n\t<meta property=\"og:image:type\" content=\"image\/jpeg\" \/>\n<meta name=\"author\" content=\"creativebitsolutions\" \/>\n<meta name=\"twitter:card\" content=\"summary_large_image\" \/>\n<meta name=\"twitter:label1\" content=\"Written by\" \/>\n\t<meta name=\"twitter:data1\" content=\"creativebitsolutions\" \/>\n\t<meta name=\"twitter:label2\" content=\"Estimated reading time\" \/>\n\t<meta name=\"twitter:data2\" content=\"1 minute\" \/>\n<script type=\"application\/ld+json\" class=\"yoast-schema-graph\">{\"@context\":\"https:\/\/schema.org\",\"@graph\":[{\"@type\":\"Article\",\"@id\":\"https:\/\/carpathiacenter.ro\/buzau-comitetul-politic-al-usr-a-validat-alianta-electorala-cu-pnl-independentul-mihai-razvan-moraru-sustinut-la-presedintia-cj\/#article\",\"isPartOf\":{\"@id\":\"https:\/\/carpathiacenter.ro\/buzau-comitetul-politic-al-usr-a-validat-alianta-electorala-cu-pnl-independentul-mihai-razvan-moraru-sustinut-la-presedintia-cj\/\"},\"author\":{\"name\":\"creativebitsolutions\",\"@id\":\"https:\/\/carpathiacenter.ro\/#\/schema\/person\/03d9f58202fee8379268f34afa195006\"},\"headline\":\"Buz\u0103u\/Comitetul Politic al USR a validat alian\u021ba electoral\u0103 cu PNL; independentul Mihai R\u0103zvan Moraru &#8211; sus\u021binut la pre\u0219edin\u021bia CJ\",\"datePublished\":\"2025-11-10T09:09:04+00:00\",\"dateModified\":\"2025-11-10T09:10:33+00:00\",\"mainEntityOfPage\":{\"@id\":\"https:\/\/carpathiacenter.ro\/buzau-comitetul-politic-al-usr-a-validat-alianta-electorala-cu-pnl-independentul-mihai-razvan-moraru-sustinut-la-presedintia-cj\/\"},\"wordCount\":180,\"commentCount\":0,\"publisher\":{\"@id\":\"https:\/\/carpathiacenter.ro\/#organization\"},\"image\":{\"@id\":\"https:\/\/carpathiacenter.ro\/buzau-comitetul-politic-al-usr-a-validat-alianta-electorala-cu-pnl-independentul-mihai-razvan-moraru-sustinut-la-presedintia-cj\/#primaryimage\"},\"thumbnailUrl\":\"https:\/\/carpathiacenter.ro\/wp-content\/uploads\/2025\/11\/Mihai-Razvan-Moraru.jpg\",\"articleSection\":[\"Uncategorized\"],\"inLanguage\":\"en-GB\",\"potentialAction\":[{\"@type\":\"CommentAction\",\"name\":\"Comment\",\"target\":[\"https:\/\/carpathiacenter.ro\/buzau-comitetul-politic-al-usr-a-validat-alianta-electorala-cu-pnl-independentul-mihai-razvan-moraru-sustinut-la-presedintia-cj\/#respond\"]}]},{\"@type\":\"WebPage\",\"@id\":\"https:\/\/carpathiacenter.ro\/buzau-comitetul-politic-al-usr-a-validat-alianta-electorala-cu-pnl-independentul-mihai-razvan-moraru-sustinut-la-presedintia-cj\/\",\"url\":\"https:\/\/carpathiacenter.ro\/buzau-comitetul-politic-al-usr-a-validat-alianta-electorala-cu-pnl-independentul-mihai-razvan-moraru-sustinut-la-presedintia-cj\/\",\"name\":\"Buz\u0103u\/Comitetul Politic al USR a validat alian\u021ba electoral\u0103 cu PNL; independentul Mihai R\u0103zvan Moraru - sus\u021binut la pre\u0219edin\u021bia CJ - Carpathia Center Romania\",\"isPartOf\":{\"@id\":\"https:\/\/carpathiacenter.ro\/#website\"},\"primaryImageOfPage\":{\"@id\":\"https:\/\/carpathiacenter.ro\/buzau-comitetul-politic-al-usr-a-validat-alianta-electorala-cu-pnl-independentul-mihai-razvan-moraru-sustinut-la-presedintia-cj\/#primaryimage\"},\"image\":{\"@id\":\"https:\/\/carpathiacenter.ro\/buzau-comitetul-politic-al-usr-a-validat-alianta-electorala-cu-pnl-independentul-mihai-razvan-moraru-sustinut-la-presedintia-cj\/#primaryimage\"},\"thumbnailUrl\":\"https:\/\/carpathiacenter.ro\/wp-content\/uploads\/2025\/11\/Mihai-Razvan-Moraru.jpg\",\"datePublished\":\"2025-11-10T09:09:04+00:00\",\"dateModified\":\"2025-11-10T09:10:33+00:00\",\"breadcrumb\":{\"@id\":\"https:\/\/carpathiacenter.ro\/buzau-comitetul-politic-al-usr-a-validat-alianta-electorala-cu-pnl-independentul-mihai-razvan-moraru-sustinut-la-presedintia-cj\/#breadcrumb\"},\"inLanguage\":\"en-GB\",\"potentialAction\":[{\"@type\":\"ReadAction\",\"target\":[\"https:\/\/carpathiacenter.ro\/buzau-comitetul-politic-al-usr-a-validat-alianta-electorala-cu-pnl-independentul-mihai-razvan-moraru-sustinut-la-presedintia-cj\/\"]}]},{\"@type\":\"ImageObject\",\"inLanguage\":\"en-GB\",\"@id\":\"https:\/\/carpathiacenter.ro\/buzau-comitetul-politic-al-usr-a-validat-alianta-electorala-cu-pnl-independentul-mihai-razvan-moraru-sustinut-la-presedintia-cj\/#primaryimage\",\"url\":\"https:\/\/carpathiacenter.ro\/wp-content\/uploads\/2025\/11\/Mihai-Razvan-Moraru.jpg\",\"contentUrl\":\"https:\/\/carpathiacenter.ro\/wp-content\/uploads\/2025\/11\/Mihai-Razvan-Moraru.jpg\",\"width\":800,\"height\":800},{\"@type\":\"BreadcrumbList\",\"@id\":\"https:\/\/carpathiacenter.ro\/buzau-comitetul-politic-al-usr-a-validat-alianta-electorala-cu-pnl-independentul-mihai-razvan-moraru-sustinut-la-presedintia-cj\/#breadcrumb\",\"itemListElement\":[{\"@type\":\"ListItem\",\"position\":1,\"name\":\"Prima pagin\u0103\",\"item\":\"https:\/\/carpathiacenter.ro\/\"},{\"@type\":\"ListItem\",\"position\":2,\"name\":\"Buz\u0103u\/Comitetul Politic al USR a validat alian\u021ba electoral\u0103 cu PNL; independentul Mihai R\u0103zvan Moraru &#8211; sus\u021binut la pre\u0219edin\u021bia CJ\"}]},{\"@type\":\"WebSite\",\"@id\":\"https:\/\/carpathiacenter.ro\/#website\",\"url\":\"https:\/\/carpathiacenter.ro\/\",\"name\":\"Carpathia Center Romania\",\"description\":\"Impossible made possible!\",\"publisher\":{\"@id\":\"https:\/\/carpathiacenter.ro\/#organization\"},\"potentialAction\":[{\"@type\":\"SearchAction\",\"target\":{\"@type\":\"EntryPoint\",\"urlTemplate\":\"https:\/\/carpathiacenter.ro\/?s={search_term_string}\"},\"query-input\":{\"@type\":\"PropertyValueSpecification\",\"valueRequired\":true,\"valueName\":\"search_term_string\"}}],\"inLanguage\":\"en-GB\"},{\"@type\":\"Organization\",\"@id\":\"https:\/\/carpathiacenter.ro\/#organization\",\"name\":\"Carpathia Center Romania\",\"url\":\"https:\/\/carpathiacenter.ro\/\",\"logo\":{\"@type\":\"ImageObject\",\"inLanguage\":\"en-GB\",\"@id\":\"https:\/\/carpathiacenter.ro\/#\/schema\/logo\/image\/\",\"url\":\"https:\/\/carpathiacenter.ro\/wp-content\/uploads\/2024\/07\/logo-carpathia_bg_white-1024x941.png\",\"contentUrl\":\"https:\/\/carpathiacenter.ro\/wp-content\/uploads\/2024\/07\/logo-carpathia_bg_white-1024x941.png\",\"width\":1024,\"height\":941,\"caption\":\"Carpathia Center Romania\"},\"image\":{\"@id\":\"https:\/\/carpathiacenter.ro\/#\/schema\/logo\/image\/\"},\"sameAs\":[\"https:\/\/www.facebook.com\/fdpscarpathia\/\"]},{\"@type\":\"Person\",\"@id\":\"https:\/\/carpathiacenter.ro\/#\/schema\/person\/03d9f58202fee8379268f34afa195006\",\"name\":\"creativebitsolutions\",\"image\":{\"@type\":\"ImageObject\",\"inLanguage\":\"en-GB\",\"@id\":\"https:\/\/carpathiacenter.ro\/#\/schema\/person\/image\/\",\"url\":\"https:\/\/secure.gravatar.com\/avatar\/1b1a13e37f847c635dab78348f1dff2f07651ee2a3d77a5c355a4b8c75f9165a?s=96&d=mm&r=g\",\"contentUrl\":\"https:\/\/secure.gravatar.com\/avatar\/1b1a13e37f847c635dab78348f1dff2f07651ee2a3d77a5c355a4b8c75f9165a?s=96&d=mm&r=g\",\"caption\":\"creativebitsolutions\"},\"url\":\"https:\/\/carpathiacenter.ro\/en\/author\/creativebitsolutions\/\"}]}<\/script>\n<!-- \/ Yoast SEO plugin. -->","yoast_head_json":{"title":"Buz\u0103u\/Comitetul Politic al USR a validat alian\u021ba electoral\u0103 cu PNL; independentul Mihai R\u0103zvan Moraru - sus\u021binut la pre\u0219edin\u021bia CJ - Carpathia Center Romania","robots":{"index":"index","follow":"follow","max-snippet":"max-snippet:-1","max-image-preview":"max-image-preview:large","max-video-preview":"max-video-preview:-1"},"canonical":"https:\/\/carpathiacenter.ro\/en\/buzau-comitetul-politic-al-usr-a-validat-alianta-electorala-cu-pnl-independentul-mihai-razvan-moraru-sustinut-la-presedintia-cj\/","og_locale":"en_GB","og_type":"article","og_title":"Buz\u0103u\/Comitetul Politic al USR a validat alian\u021ba electoral\u0103 cu PNL; independentul Mihai R\u0103zvan Moraru - sus\u021binut la pre\u0219edin\u021bia CJ - Carpathia Center Romania","og_description":"Membrii Comitetului Politic al USR au validat cu o larg\u0103 majoritate, duminic\u0103, alian\u021ba electoral\u0103 USR Buz\u0103u \u0219i PNL Buz\u0103u pentru sus\u021binerea candidatului independent Mihai R\u0103zvan Moraru pentru pre\u0219edin\u021bia Consiliului Jude\u021bean (CJ) Buz\u0103u la alegerile par\u021biale din 7 decembrie. Potrivit unui comunicat de pres\u0103 al USR, Mihai R\u0103zvan Moraru este un antreprenor \u0219i fermier buzoian cu...","og_url":"https:\/\/carpathiacenter.ro\/en\/buzau-comitetul-politic-al-usr-a-validat-alianta-electorala-cu-pnl-independentul-mihai-razvan-moraru-sustinut-la-presedintia-cj\/","og_site_name":"Carpathia Center Romania","article_publisher":"https:\/\/www.facebook.com\/fdpscarpathia\/","article_published_time":"2025-11-10T09:09:04+00:00","article_modified_time":"2025-11-10T09:10:33+00:00","og_image":[{"width":800,"height":800,"url":"https:\/\/carpathiacenter.ro\/wp-content\/uploads\/2025\/11\/Mihai-Razvan-Moraru.jpg","type":"image\/jpeg"}],"author":"creativebitsolutions","twitter_card":"summary_large_image","twitter_misc":{"Written by":"creativebitsolutions","Estimated reading time":"1 minute"},"schema":{"@context":"https:\/\/schema.org","@graph":[{"@type":"Article","@id":"https:\/\/carpathiacenter.ro\/buzau-comitetul-politic-al-usr-a-validat-alianta-electorala-cu-pnl-independentul-mihai-razvan-moraru-sustinut-la-presedintia-cj\/#article","isPartOf":{"@id":"https:\/\/carpathiacenter.ro\/buzau-comitetul-politic-al-usr-a-validat-alianta-electorala-cu-pnl-independentul-mihai-razvan-moraru-sustinut-la-presedintia-cj\/"},"author":{"name":"creativebitsolutions","@id":"https:\/\/carpathiacenter.ro\/#\/schema\/person\/03d9f58202fee8379268f34afa195006"},"headline":"Buz\u0103u\/Comitetul Politic al USR a validat alian\u021ba electoral\u0103 cu PNL; independentul Mihai R\u0103zvan Moraru &#8211; sus\u021binut la pre\u0219edin\u021bia CJ","datePublished":"2025-11-10T09:09:04+00:00","dateModified":"2025-11-10T09:10:33+00:00","mainEntityOfPage":{"@id":"https:\/\/carpathiacenter.ro\/buzau-comitetul-politic-al-usr-a-validat-alianta-electorala-cu-pnl-independentul-mihai-razvan-moraru-sustinut-la-presedintia-cj\/"},"wordCount":180,"commentCount":0,"publisher":{"@id":"https:\/\/carpathiacenter.ro\/#organization"},"image":{"@id":"https:\/\/carpathiacenter.ro\/buzau-comitetul-politic-al-usr-a-validat-alianta-electorala-cu-pnl-independentul-mihai-razvan-moraru-sustinut-la-presedintia-cj\/#primaryimage"},"thumbnailUrl":"https:\/\/carpathiacenter.ro\/wp-content\/uploads\/2025\/11\/Mihai-Razvan-Moraru.jpg","articleSection":["Uncategorized"],"inLanguage":"en-GB","potentialAction":[{"@type":"CommentAction","name":"Comment","target":["https:\/\/carpathiacenter.ro\/buzau-comitetul-politic-al-usr-a-validat-alianta-electorala-cu-pnl-independentul-mihai-razvan-moraru-sustinut-la-presedintia-cj\/#respond"]}]},{"@type":"WebPage","@id":"https:\/\/carpathiacenter.ro\/buzau-comitetul-politic-al-usr-a-validat-alianta-electorala-cu-pnl-independentul-mihai-razvan-moraru-sustinut-la-presedintia-cj\/","url":"https:\/\/carpathiacenter.ro\/buzau-comitetul-politic-al-usr-a-validat-alianta-electorala-cu-pnl-independentul-mihai-razvan-moraru-sustinut-la-presedintia-cj\/","name":"Buz\u0103u\/Comitetul Politic al USR a validat alian\u021ba electoral\u0103 cu PNL; independentul Mihai R\u0103zvan Moraru - sus\u021binut la pre\u0219edin\u021bia CJ - Carpathia Center Romania","isPartOf":{"@id":"https:\/\/carpathiacenter.ro\/#website"},"primaryImageOfPage":{"@id":"https:\/\/carpathiacenter.ro\/buzau-comitetul-politic-al-usr-a-validat-alianta-electorala-cu-pnl-independentul-mihai-razvan-moraru-sustinut-la-presedintia-cj\/#primaryimage"},"image":{"@id":"https:\/\/carpathiacenter.ro\/buzau-comitetul-politic-al-usr-a-validat-alianta-electorala-cu-pnl-independentul-mihai-razvan-moraru-sustinut-la-presedintia-cj\/#primaryimage"},"thumbnailUrl":"https:\/\/carpathiacenter.ro\/wp-content\/uploads\/2025\/11\/Mihai-Razvan-Moraru.jpg","datePublished":"2025-11-10T09:09:04+00:00","dateModified":"2025-11-10T09:10:33+00:00","breadcrumb":{"@id":"https:\/\/carpathiacenter.ro\/buzau-comitetul-politic-al-usr-a-validat-alianta-electorala-cu-pnl-independentul-mihai-razvan-moraru-sustinut-la-presedintia-cj\/#breadcrumb"},"inLanguage":"en-GB","potentialAction":[{"@type":"ReadAction","target":["https:\/\/carpathiacenter.ro\/buzau-comitetul-politic-al-usr-a-validat-alianta-electorala-cu-pnl-independentul-mihai-razvan-moraru-sustinut-la-presedintia-cj\/"]}]},{"@type":"ImageObject","inLanguage":"en-GB","@id":"https:\/\/carpathiacenter.ro\/buzau-comitetul-politic-al-usr-a-validat-alianta-electorala-cu-pnl-independentul-mihai-razvan-moraru-sustinut-la-presedintia-cj\/#primaryimage","url":"https:\/\/carpathiacenter.ro\/wp-content\/uploads\/2025\/11\/Mihai-Razvan-Moraru.jpg","contentUrl":"https:\/\/carpathiacenter.ro\/wp-content\/uploads\/2025\/11\/Mihai-Razvan-Moraru.jpg","width":800,"height":800},{"@type":"BreadcrumbList","@id":"https:\/\/carpathiacenter.ro\/buzau-comitetul-politic-al-usr-a-validat-alianta-electorala-cu-pnl-independentul-mihai-razvan-moraru-sustinut-la-presedintia-cj\/#breadcrumb","itemListElement":[{"@type":"ListItem","position":1,"name":"Prima pagin\u0103","item":"https:\/\/carpathiacenter.ro\/"},{"@type":"ListItem","position":2,"name":"Buz\u0103u\/Comitetul Politic al USR a validat alian\u021ba electoral\u0103 cu PNL; independentul Mihai R\u0103zvan Moraru &#8211; sus\u021binut la pre\u0219edin\u021bia CJ"}]},{"@type":"WebSite","@id":"https:\/\/carpathiacenter.ro\/#website","url":"https:\/\/carpathiacenter.ro\/","name":"Carpathia Center Romania","description":"Impossible made possible!","publisher":{"@id":"https:\/\/carpathiacenter.ro\/#organization"},"potentialAction":[{"@type":"SearchAction","target":{"@type":"EntryPoint","urlTemplate":"https:\/\/carpathiacenter.ro\/?s={search_term_string}"},"query-input":{"@type":"PropertyValueSpecification","valueRequired":true,"valueName":"search_term_string"}}],"inLanguage":"en-GB"},{"@type":"Organization","@id":"https:\/\/carpathiacenter.ro\/#organization","name":"Carpathia Center Romania","url":"https:\/\/carpathiacenter.ro\/","logo":{"@type":"ImageObject","inLanguage":"en-GB","@id":"https:\/\/carpathiacenter.ro\/#\/schema\/logo\/image\/","url":"https:\/\/carpathiacenter.ro\/wp-content\/uploads\/2024\/07\/logo-carpathia_bg_white-1024x941.png","contentUrl":"https:\/\/carpathiacenter.ro\/wp-content\/uploads\/2024\/07\/logo-carpathia_bg_white-1024x941.png","width":1024,"height":941,"caption":"Carpathia Center Romania"},"image":{"@id":"https:\/\/carpathiacenter.ro\/#\/schema\/logo\/image\/"},"sameAs":["https:\/\/www.facebook.com\/fdpscarpathia\/"]},{"@type":"Person","@id":"https:\/\/carpathiacenter.ro\/#\/schema\/person\/03d9f58202fee8379268f34afa195006","name":"creativebitsolutions","image":{"@type":"ImageObject","inLanguage":"en-GB","@id":"https:\/\/carpathiacenter.ro\/#\/schema\/person\/image\/","url":"https:\/\/secure.gravatar.com\/avatar\/1b1a13e37f847c635dab78348f1dff2f07651ee2a3d77a5c355a4b8c75f9165a?s=96&d=mm&r=g","contentUrl":"https:\/\/secure.gravatar.com\/avatar\/1b1a13e37f847c635dab78348f1dff2f07651ee2a3d77a5c355a4b8c75f9165a?s=96&d=mm&r=g","caption":"creativebitsolutions"},"url":"https:\/\/carpathiacenter.ro\/en\/author\/creativebitsolutions\/"}]}},"_links":{"self":[{"href":"https:\/\/carpathiacenter.ro\/en\/wp-json\/wp\/v2\/posts\/3297","targetHints":{"allow":["GET"]}}],"collection":[{"href":"https:\/\/carpathiacenter.ro\/en\/wp-json\/wp\/v2\/posts"}],"about":[{"href":"https:\/\/carpathiacenter.ro\/en\/wp-json\/wp\/v2\/types\/post"}],"author":[{"embeddable":true,"href":"https:\/\/carpathiacenter.ro\/en\/wp-json\/wp\/v2\/users\/4"}],"replies":[{"embeddable":true,"href":"https:\/\/carpathiacenter.ro\/en\/wp-json\/wp\/v2\/comments?post=3297"}],"version-history":[{"count":1,"href":"https:\/\/carpathiacenter.ro\/en\/wp-json\/wp\/v2\/posts\/3297\/revisions"}],"predecessor-version":[{"id":3298,"href":"https:\/\/carpathiacenter.ro\/en\/wp-json\/wp\/v2\/posts\/3297\/revisions\/3298"}],"wp:featuredmedia":[{"embeddable":true,"href":"https:\/\/carpathiacenter.ro\/en\/wp-json\/wp\/v2\/media\/3299"}],"wp:attachment":[{"href":"https:\/\/carpathiacenter.ro\/en\/wp-json\/wp\/v2\/media?parent=3297"}],"wp:term":[{"taxonomy":"category","embeddable":true,"href":"https:\/\/carpathiacenter.ro\/en\/wp-json\/wp\/v2\/categories?post=3297"},{"taxonomy":"post_tag","embeddable":true,"href":"https:\/\/carpathiacenter.ro\/en\/wp-json\/wp\/v2\/tags?post=3297"}],"curies":[{"name":"wp","href":"https:\/\/api.w.org\/{rel}","templated":true}]}}