{"id":3289,"date":"2025-11-07T11:23:09","date_gmt":"2025-11-07T11:23:09","guid":{"rendered":"https:\/\/carpathiacenter.ro\/?p=3289"},"modified":"2025-11-07T11:27:47","modified_gmt":"2025-11-07T11:27:47","slug":"chiriac-comisia-europeana-va-prezenta-la-finalul-lui-noiembrie-evaluarea-romaniei-in-procedura-de-deficit-excesiv","status":"publish","type":"post","link":"https:\/\/carpathiacenter.ro\/en\/chiriac-comisia-europeana-va-prezenta-la-finalul-lui-noiembrie-evaluarea-romaniei-in-procedura-de-deficit-excesiv\/","title":{"rendered":"Chiriac: Comisia European\u0103 va prezenta, la finalul lui noiembrie, evaluarea Rom\u00e2niei \u00een procedura de deficit excesiv"},"content":{"rendered":"<p>Comisia European\u0103 va prezenta, la finalul lunii noiembrie, propria sa evaluare cu privire la ac\u021biunile efective \u00eentreprinse de Rom\u00e2nia \u00een cadrul procedurii de deficit excesiv, a precizat, joi, \u0219efa Reprezentan\u021bei Comisiei Europene \u00een Rom\u00e2nia, Ramona Chiriac, la cea de-a XXXII-a edi\u021bie a Galei Topul Na\u021bional al Firmelor, organizat\u0103 de Camera de Comer\u021b \u0219i Industrie a Rom\u00e2niei (CCIR).<\/p>\n<p>&#8216;Vom ie\u0219i la finalul acestei luni cu evaluarea Comisiei Europene cu privire la ac\u021biunile efective \u00eentreprinse de Rom\u00e2nia \u00een cadrul procedurii de deficit excesiv. \u00cens\u0103, Rom\u00e2nia nu este singur\u0103 \u00een acest parcurs. Uniunea European\u0103 v\u0103 este un partener solid. PNRR de care vorbim, f\u0103r\u0103 \u00eendoial\u0103, \u00een fiecare zi, fondurile de coeziune, noul instrument SAFE, (&#8230;) toate acestea sunt resurse strategice pentru modernizarea economiei rom\u00e2ne\u0219ti&#8217;, a spus \u0219efa Reprezentan\u021bei Comisiei Europene.<\/p>\n<p><strong>Potrivit acesteia, Rom\u00e2nia a parcurs o c\u0103l\u0103torie remarcabil\u0103 de la data ader\u0103rii sale \u00een 2007.<\/strong><\/p>\n<p>&#8216;PIB-ul pe cap de locuitor s-a dublat, Rom\u00e2nia a ajuns la aproximativ 80% din media UE, un semn clar al convergen\u021bei. Investi\u021biile str\u0103ine directe s-au triplat, exporturile s-au triplat, salariile \u0219i puterea de cump\u0103rare au crescut substan\u021bial \u0219i toate acestea arat\u0103 c\u00e2t de profund s-au sim\u021bit beneficiile apartenen\u021bei Rom\u00e2niei la Uniunea European\u0103&#8217;, a men\u021bionat Ramona Chiriac.<\/p>\n<p>Ea a admis c\u0103 Rom\u00e2nia se confrunt\u0103 \u00een prezent cu deficite gemene ridicate, iar &#8216;Comisia a semnalat aceste riscuri \u00eenc\u0103 din 2020, odat\u0103 cu intrarea \u00een procedura de deficit excesiv&#8217;.<\/p>\n<p>&#8216;Cu siguran\u021b\u0103, m\u0103surile recente de consolidare fiscal\u0103 sunt esen\u021biale pentru a restabili echilibrele macroeconomice \u0219i a men\u021bine ratingul de \u021bar\u0103 la nivel investi\u021bional, astfel \u00eenc\u00e2t Rom\u00e2nia s\u0103 \u00ee\u0219i poat\u0103 finan\u021ba priorit\u0103\u021bile la costuri acceptabile. Aceste m\u0103suri au ajutat Rom\u00e2nia s\u0103-\u0219i men\u021bin\u0103 acest rating suveran \u00een categoria &#8216;investment grade&#8217;, un element vital pentru stabilitatea financiar\u0103 a \u021b\u0103rii. Mai mult, economia, credem la nivelul Comisiei Europene, pare s\u0103 absoarb\u0103 relativ bine pachetul de consolidare fiscal\u0103. Activitatea economic\u0103 a \u00eencetinit temporar, infla\u021bia a crescut pe termen scurt, dar majoritatea indicatorilor arat\u0103 c\u0103 economia continu\u0103 s\u0103 creasc\u0103, iar dezechilibrele externe \u00eencep s\u0103 se corecteze&#8217;, a declarat reprezentata Comisiei Europene.<\/p>\n<p>Ea spune c\u0103 IMM-urile au nevoie de reguli mai clare, proceduri mai rapide \u0219i un mediu care s\u0103 stimuleze inova\u021bia, digitalizarea \u0219i tranzi\u021bia verde.<\/p>\n<p>&#8216;Rom\u00e2nia are poten\u021bialul de a integra rapid toate aceste obiective, dac\u0103 va continua reformele \u00een inovare, \u00een competen\u021be, \u00een infrastructur\u0103 \u0219i \u00een digitalizare. Spiritul antreprenorial rom\u00e2nesc este unul profund european \u0219i ancorat \u00een valori, \u00een responsabilitate, \u00een curaj. \u00centr-o lume marcat\u0103, f\u0103r\u0103 \u00eendoial\u0103, de incertitudine, Rom\u00e2nia are nevoie de lideri economici care s\u0103 investeasc\u0103 \u00een oameni, \u00een sustenabilitate \u0219i \u00een viitor. Comisia European\u0103, desigur, va continua s\u0103 v\u0103 fie partener, de la competitivitate, la inova\u021bie, la infrastructur\u0103, energie \u0219i rezilien\u021b\u0103 pe Flancul Estic&#8217;, a \u00eencheiat Ramona Chiriac.<\/p>\n<p>Camera de Comer\u021b \u0219i Industrie a Rom\u00e2niei a organizat, joi, la Romexpo, cea de-a XXXII-a edi\u021bie a Galei Topul Na\u021bional al Firmelor.<\/p>\n<p>Pre\u0219edintele CCIR, Mihai Daraban a declarat, \u00een deschiderea evenimentului, c\u0103 dintr-o baz\u0103 de date de 917.881 de firme pentru Topul Na\u021bional al Firmelor au fost procesate 356.105 companii, dintre care 13.078 de firme s-au clasat pe primele zece locuri.<\/p>\n<p>Eveniment de referin\u021b\u0103, Topul reu\u0219e\u0219te an de an s\u0103 promoveze excelen\u021ba \u00een afaceri \u0219i s\u0103 \u00eendrepte aten\u021bia asupra performan\u021belor remarcabile ale companiilor din diferite domenii de activitate.<\/p>\n<p>Potrivit organizatorilor, succesul \u00een afaceri vine doar prin enorm de mult\u0103 munc\u0103, care este, de altfel, \u0219i mesajul pe care Camera de Comer\u021b \u0219i Industrie a Rom\u00e2niei \u00eel consolideaz\u0103 cu ocazia Topului Na\u021bional al Firmelor 2025.<\/p>\n<p>Clasamentul companiilor a fost realizat \u00een baza unei metodologii unice, complexe, transparente \u0219i unitare, implementat\u0103 de camerele de comer\u021b \u0219i industrie din toate jude\u021bele \u021b\u0103rii, lu\u00e2nd \u00een calcul \u0219apte domenii de activitate: industrie; comer\u021b; servicii; construc\u021bii; agricultur\u0103, silvicultur\u0103, pescuit; cercetare-dezvoltare \u0219i High-Tech; turism. AGERPRES\/(A &#8211; redactor: Cristian Anghelache, editor: Andreea Marinescu, editor online: Adrian D\u0103d\u00e2rlat)<br \/>\n<br \/>\nSursa articolului:  <a href=\"https:\/\/agerpres.ro\/economic\/2025\/11\/06\/chiriac-comisia-europeana-va-prezenta-la-finalul-lui-noiembrie-evaluarea-romaniei-in-procedura-de-de--1500745\" target=\"_blank\" rel=\"noopener\" title=\"\">AGERPRES<\/a><\/p>","protected":false},"excerpt":{"rendered":"<p>Comisia European\u0103 va prezenta, la finalul lunii noiembrie, propria sa evaluare cu privire la ac\u021biunile efective \u00eentreprinse de Rom\u00e2nia \u00een cadrul procedurii de deficit excesiv, a precizat, joi, \u0219efa Reprezentan\u021bei Comisiei Europene \u00een Rom\u00e2nia, Ramona Chiriac, la cea de-a XXXII-a edi\u021bie a Galei Topul Na\u021bional al Firmelor, organizat\u0103 de Camera de Comer\u021b \u0219i Industrie a&#8230;<\/p>","protected":false},"author":4,"featured_media":2658,"comment_status":"open","ping_status":"open","sticky":false,"template":"","format":"standard","meta":{"footnotes":""},"categories":[1],"tags":[],"class_list":["post-3289","post","type-post","status-publish","format-standard","has-post-thumbnail","hentry","category-uncategorized"],"yoast_head":"<!-- This site is optimized with the Yoast SEO plugin v26.1.1 - https:\/\/yoast.com\/wordpress\/plugins\/seo\/ -->\n<title>Chiriac: Comisia European\u0103 va prezenta, la finalul lui noiembrie, evaluarea Rom\u00e2niei \u00een procedura de deficit excesiv - Carpathia Center Romania<\/title>\n<meta name=\"robots\" content=\"index, follow, max-snippet:-1, max-image-preview:large, max-video-preview:-1\" \/>\n<link rel=\"canonical\" href=\"https:\/\/carpathiacenter.ro\/en\/chiriac-comisia-europeana-va-prezenta-la-finalul-lui-noiembrie-evaluarea-romaniei-in-procedura-de-deficit-excesiv\/\" \/>\n<meta property=\"og:locale\" content=\"en_GB\" \/>\n<meta property=\"og:type\" content=\"article\" \/>\n<meta property=\"og:title\" content=\"Chiriac: Comisia European\u0103 va prezenta, la finalul lui noiembrie, evaluarea Rom\u00e2niei \u00een procedura de deficit excesiv - Carpathia Center Romania\" \/>\n<meta property=\"og:description\" content=\"Comisia European\u0103 va prezenta, la finalul lunii noiembrie, propria sa evaluare cu privire la ac\u021biunile efective \u00eentreprinse de Rom\u00e2nia \u00een cadrul procedurii de deficit excesiv, a precizat, joi, \u0219efa Reprezentan\u021bei Comisiei Europene \u00een Rom\u00e2nia, Ramona Chiriac, la cea de-a XXXII-a edi\u021bie a Galei Topul Na\u021bional al Firmelor, organizat\u0103 de Camera de Comer\u021b \u0219i Industrie a...\" \/>\n<meta property=\"og:url\" content=\"https:\/\/carpathiacenter.ro\/en\/chiriac-comisia-europeana-va-prezenta-la-finalul-lui-noiembrie-evaluarea-romaniei-in-procedura-de-deficit-excesiv\/\" \/>\n<meta property=\"og:site_name\" content=\"Carpathia Center Romania\" \/>\n<meta property=\"article:publisher\" content=\"https:\/\/www.facebook.com\/fdpscarpathia\/\" \/>\n<meta property=\"article:published_time\" content=\"2025-11-07T11:23:09+00:00\" \/>\n<meta property=\"article:modified_time\" content=\"2025-11-07T11:27:47+00:00\" \/>\n<meta name=\"author\" content=\"creativebitsolutions\" \/>\n<meta name=\"twitter:card\" content=\"summary_large_image\" \/>\n<meta name=\"twitter:label1\" content=\"Written by\" \/>\n\t<meta name=\"twitter:data1\" content=\"creativebitsolutions\" \/>\n\t<meta name=\"twitter:label2\" content=\"Estimated reading time\" \/>\n\t<meta name=\"twitter:data2\" content=\"4 minutes\" \/>\n<script type=\"application\/ld+json\" class=\"yoast-schema-graph\">{\"@context\":\"https:\/\/schema.org\",\"@graph\":[{\"@type\":\"Article\",\"@id\":\"https:\/\/carpathiacenter.ro\/chiriac-comisia-europeana-va-prezenta-la-finalul-lui-noiembrie-evaluarea-romaniei-in-procedura-de-deficit-excesiv\/#article\",\"isPartOf\":{\"@id\":\"https:\/\/carpathiacenter.ro\/chiriac-comisia-europeana-va-prezenta-la-finalul-lui-noiembrie-evaluarea-romaniei-in-procedura-de-deficit-excesiv\/\"},\"author\":{\"name\":\"creativebitsolutions\",\"@id\":\"https:\/\/carpathiacenter.ro\/#\/schema\/person\/03d9f58202fee8379268f34afa195006\"},\"headline\":\"Chiriac: Comisia European\u0103 va prezenta, la finalul lui noiembrie, evaluarea Rom\u00e2niei \u00een procedura de deficit excesiv\",\"datePublished\":\"2025-11-07T11:23:09+00:00\",\"dateModified\":\"2025-11-07T11:27:47+00:00\",\"mainEntityOfPage\":{\"@id\":\"https:\/\/carpathiacenter.ro\/chiriac-comisia-europeana-va-prezenta-la-finalul-lui-noiembrie-evaluarea-romaniei-in-procedura-de-deficit-excesiv\/\"},\"wordCount\":707,\"commentCount\":0,\"publisher\":{\"@id\":\"https:\/\/carpathiacenter.ro\/#organization\"},\"image\":{\"@id\":\"https:\/\/carpathiacenter.ro\/chiriac-comisia-europeana-va-prezenta-la-finalul-lui-noiembrie-evaluarea-romaniei-in-procedura-de-deficit-excesiv\/#primaryimage\"},\"thumbnailUrl\":\"https:\/\/carpathiacenter.ro\/wp-content\/uploads\/2025\/07\/european-commission.avif\",\"articleSection\":[\"Uncategorized\"],\"inLanguage\":\"en-GB\",\"potentialAction\":[{\"@type\":\"CommentAction\",\"name\":\"Comment\",\"target\":[\"https:\/\/carpathiacenter.ro\/chiriac-comisia-europeana-va-prezenta-la-finalul-lui-noiembrie-evaluarea-romaniei-in-procedura-de-deficit-excesiv\/#respond\"]}]},{\"@type\":\"WebPage\",\"@id\":\"https:\/\/carpathiacenter.ro\/chiriac-comisia-europeana-va-prezenta-la-finalul-lui-noiembrie-evaluarea-romaniei-in-procedura-de-deficit-excesiv\/\",\"url\":\"https:\/\/carpathiacenter.ro\/chiriac-comisia-europeana-va-prezenta-la-finalul-lui-noiembrie-evaluarea-romaniei-in-procedura-de-deficit-excesiv\/\",\"name\":\"Chiriac: Comisia European\u0103 va prezenta, la finalul lui noiembrie, evaluarea Rom\u00e2niei \u00een procedura de deficit excesiv - Carpathia Center Romania\",\"isPartOf\":{\"@id\":\"https:\/\/carpathiacenter.ro\/#website\"},\"primaryImageOfPage\":{\"@id\":\"https:\/\/carpathiacenter.ro\/chiriac-comisia-europeana-va-prezenta-la-finalul-lui-noiembrie-evaluarea-romaniei-in-procedura-de-deficit-excesiv\/#primaryimage\"},\"image\":{\"@id\":\"https:\/\/carpathiacenter.ro\/chiriac-comisia-europeana-va-prezenta-la-finalul-lui-noiembrie-evaluarea-romaniei-in-procedura-de-deficit-excesiv\/#primaryimage\"},\"thumbnailUrl\":\"https:\/\/carpathiacenter.ro\/wp-content\/uploads\/2025\/07\/european-commission.avif\",\"datePublished\":\"2025-11-07T11:23:09+00:00\",\"dateModified\":\"2025-11-07T11:27:47+00:00\",\"breadcrumb\":{\"@id\":\"https:\/\/carpathiacenter.ro\/chiriac-comisia-europeana-va-prezenta-la-finalul-lui-noiembrie-evaluarea-romaniei-in-procedura-de-deficit-excesiv\/#breadcrumb\"},\"inLanguage\":\"en-GB\",\"potentialAction\":[{\"@type\":\"ReadAction\",\"target\":[\"https:\/\/carpathiacenter.ro\/chiriac-comisia-europeana-va-prezenta-la-finalul-lui-noiembrie-evaluarea-romaniei-in-procedura-de-deficit-excesiv\/\"]}]},{\"@type\":\"ImageObject\",\"inLanguage\":\"en-GB\",\"@id\":\"https:\/\/carpathiacenter.ro\/chiriac-comisia-europeana-va-prezenta-la-finalul-lui-noiembrie-evaluarea-romaniei-in-procedura-de-deficit-excesiv\/#primaryimage\",\"url\":\"https:\/\/carpathiacenter.ro\/wp-content\/uploads\/2025\/07\/european-commission.avif\",\"contentUrl\":\"https:\/\/carpathiacenter.ro\/wp-content\/uploads\/2025\/07\/european-commission.avif\",\"width\":1470,\"height\":882},{\"@type\":\"BreadcrumbList\",\"@id\":\"https:\/\/carpathiacenter.ro\/chiriac-comisia-europeana-va-prezenta-la-finalul-lui-noiembrie-evaluarea-romaniei-in-procedura-de-deficit-excesiv\/#breadcrumb\",\"itemListElement\":[{\"@type\":\"ListItem\",\"position\":1,\"name\":\"Prima pagin\u0103\",\"item\":\"https:\/\/carpathiacenter.ro\/\"},{\"@type\":\"ListItem\",\"position\":2,\"name\":\"Chiriac: Comisia European\u0103 va prezenta, la finalul lui noiembrie, evaluarea Rom\u00e2niei \u00een procedura de deficit excesiv\"}]},{\"@type\":\"WebSite\",\"@id\":\"https:\/\/carpathiacenter.ro\/#website\",\"url\":\"https:\/\/carpathiacenter.ro\/\",\"name\":\"Carpathia Center Romania\",\"description\":\"Impossible made possible!\",\"publisher\":{\"@id\":\"https:\/\/carpathiacenter.ro\/#organization\"},\"potentialAction\":[{\"@type\":\"SearchAction\",\"target\":{\"@type\":\"EntryPoint\",\"urlTemplate\":\"https:\/\/carpathiacenter.ro\/?s={search_term_string}\"},\"query-input\":{\"@type\":\"PropertyValueSpecification\",\"valueRequired\":true,\"valueName\":\"search_term_string\"}}],\"inLanguage\":\"en-GB\"},{\"@type\":\"Organization\",\"@id\":\"https:\/\/carpathiacenter.ro\/#organization\",\"name\":\"Carpathia Center Romania\",\"url\":\"https:\/\/carpathiacenter.ro\/\",\"logo\":{\"@type\":\"ImageObject\",\"inLanguage\":\"en-GB\",\"@id\":\"https:\/\/carpathiacenter.ro\/#\/schema\/logo\/image\/\",\"url\":\"https:\/\/carpathiacenter.ro\/wp-content\/uploads\/2024\/07\/logo-carpathia_bg_white-1024x941.png\",\"contentUrl\":\"https:\/\/carpathiacenter.ro\/wp-content\/uploads\/2024\/07\/logo-carpathia_bg_white-1024x941.png\",\"width\":1024,\"height\":941,\"caption\":\"Carpathia Center Romania\"},\"image\":{\"@id\":\"https:\/\/carpathiacenter.ro\/#\/schema\/logo\/image\/\"},\"sameAs\":[\"https:\/\/www.facebook.com\/fdpscarpathia\/\"]},{\"@type\":\"Person\",\"@id\":\"https:\/\/carpathiacenter.ro\/#\/schema\/person\/03d9f58202fee8379268f34afa195006\",\"name\":\"creativebitsolutions\",\"image\":{\"@type\":\"ImageObject\",\"inLanguage\":\"en-GB\",\"@id\":\"https:\/\/carpathiacenter.ro\/#\/schema\/person\/image\/\",\"url\":\"https:\/\/secure.gravatar.com\/avatar\/1b1a13e37f847c635dab78348f1dff2f07651ee2a3d77a5c355a4b8c75f9165a?s=96&d=mm&r=g\",\"contentUrl\":\"https:\/\/secure.gravatar.com\/avatar\/1b1a13e37f847c635dab78348f1dff2f07651ee2a3d77a5c355a4b8c75f9165a?s=96&d=mm&r=g\",\"caption\":\"creativebitsolutions\"},\"url\":\"https:\/\/carpathiacenter.ro\/en\/author\/creativebitsolutions\/\"}]}<\/script>\n<!-- \/ Yoast SEO plugin. -->","yoast_head_json":{"title":"Chiriac: Comisia European\u0103 va prezenta, la finalul lui noiembrie, evaluarea Rom\u00e2niei \u00een procedura de deficit excesiv - Carpathia Center Romania","robots":{"index":"index","follow":"follow","max-snippet":"max-snippet:-1","max-image-preview":"max-image-preview:large","max-video-preview":"max-video-preview:-1"},"canonical":"https:\/\/carpathiacenter.ro\/en\/chiriac-comisia-europeana-va-prezenta-la-finalul-lui-noiembrie-evaluarea-romaniei-in-procedura-de-deficit-excesiv\/","og_locale":"en_GB","og_type":"article","og_title":"Chiriac: Comisia European\u0103 va prezenta, la finalul lui noiembrie, evaluarea Rom\u00e2niei \u00een procedura de deficit excesiv - Carpathia Center Romania","og_description":"Comisia European\u0103 va prezenta, la finalul lunii noiembrie, propria sa evaluare cu privire la ac\u021biunile efective \u00eentreprinse de Rom\u00e2nia \u00een cadrul procedurii de deficit excesiv, a precizat, joi, \u0219efa Reprezentan\u021bei Comisiei Europene \u00een Rom\u00e2nia, Ramona Chiriac, la cea de-a XXXII-a edi\u021bie a Galei Topul Na\u021bional al Firmelor, organizat\u0103 de Camera de Comer\u021b \u0219i Industrie a...","og_url":"https:\/\/carpathiacenter.ro\/en\/chiriac-comisia-europeana-va-prezenta-la-finalul-lui-noiembrie-evaluarea-romaniei-in-procedura-de-deficit-excesiv\/","og_site_name":"Carpathia Center Romania","article_publisher":"https:\/\/www.facebook.com\/fdpscarpathia\/","article_published_time":"2025-11-07T11:23:09+00:00","article_modified_time":"2025-11-07T11:27:47+00:00","author":"creativebitsolutions","twitter_card":"summary_large_image","twitter_misc":{"Written by":"creativebitsolutions","Estimated reading time":"4 minutes"},"schema":{"@context":"https:\/\/schema.org","@graph":[{"@type":"Article","@id":"https:\/\/carpathiacenter.ro\/chiriac-comisia-europeana-va-prezenta-la-finalul-lui-noiembrie-evaluarea-romaniei-in-procedura-de-deficit-excesiv\/#article","isPartOf":{"@id":"https:\/\/carpathiacenter.ro\/chiriac-comisia-europeana-va-prezenta-la-finalul-lui-noiembrie-evaluarea-romaniei-in-procedura-de-deficit-excesiv\/"},"author":{"name":"creativebitsolutions","@id":"https:\/\/carpathiacenter.ro\/#\/schema\/person\/03d9f58202fee8379268f34afa195006"},"headline":"Chiriac: Comisia European\u0103 va prezenta, la finalul lui noiembrie, evaluarea Rom\u00e2niei \u00een procedura de deficit excesiv","datePublished":"2025-11-07T11:23:09+00:00","dateModified":"2025-11-07T11:27:47+00:00","mainEntityOfPage":{"@id":"https:\/\/carpathiacenter.ro\/chiriac-comisia-europeana-va-prezenta-la-finalul-lui-noiembrie-evaluarea-romaniei-in-procedura-de-deficit-excesiv\/"},"wordCount":707,"commentCount":0,"publisher":{"@id":"https:\/\/carpathiacenter.ro\/#organization"},"image":{"@id":"https:\/\/carpathiacenter.ro\/chiriac-comisia-europeana-va-prezenta-la-finalul-lui-noiembrie-evaluarea-romaniei-in-procedura-de-deficit-excesiv\/#primaryimage"},"thumbnailUrl":"https:\/\/carpathiacenter.ro\/wp-content\/uploads\/2025\/07\/european-commission.avif","articleSection":["Uncategorized"],"inLanguage":"en-GB","potentialAction":[{"@type":"CommentAction","name":"Comment","target":["https:\/\/carpathiacenter.ro\/chiriac-comisia-europeana-va-prezenta-la-finalul-lui-noiembrie-evaluarea-romaniei-in-procedura-de-deficit-excesiv\/#respond"]}]},{"@type":"WebPage","@id":"https:\/\/carpathiacenter.ro\/chiriac-comisia-europeana-va-prezenta-la-finalul-lui-noiembrie-evaluarea-romaniei-in-procedura-de-deficit-excesiv\/","url":"https:\/\/carpathiacenter.ro\/chiriac-comisia-europeana-va-prezenta-la-finalul-lui-noiembrie-evaluarea-romaniei-in-procedura-de-deficit-excesiv\/","name":"Chiriac: Comisia European\u0103 va prezenta, la finalul lui noiembrie, evaluarea Rom\u00e2niei \u00een procedura de deficit excesiv - Carpathia Center Romania","isPartOf":{"@id":"https:\/\/carpathiacenter.ro\/#website"},"primaryImageOfPage":{"@id":"https:\/\/carpathiacenter.ro\/chiriac-comisia-europeana-va-prezenta-la-finalul-lui-noiembrie-evaluarea-romaniei-in-procedura-de-deficit-excesiv\/#primaryimage"},"image":{"@id":"https:\/\/carpathiacenter.ro\/chiriac-comisia-europeana-va-prezenta-la-finalul-lui-noiembrie-evaluarea-romaniei-in-procedura-de-deficit-excesiv\/#primaryimage"},"thumbnailUrl":"https:\/\/carpathiacenter.ro\/wp-content\/uploads\/2025\/07\/european-commission.avif","datePublished":"2025-11-07T11:23:09+00:00","dateModified":"2025-11-07T11:27:47+00:00","breadcrumb":{"@id":"https:\/\/carpathiacenter.ro\/chiriac-comisia-europeana-va-prezenta-la-finalul-lui-noiembrie-evaluarea-romaniei-in-procedura-de-deficit-excesiv\/#breadcrumb"},"inLanguage":"en-GB","potentialAction":[{"@type":"ReadAction","target":["https:\/\/carpathiacenter.ro\/chiriac-comisia-europeana-va-prezenta-la-finalul-lui-noiembrie-evaluarea-romaniei-in-procedura-de-deficit-excesiv\/"]}]},{"@type":"ImageObject","inLanguage":"en-GB","@id":"https:\/\/carpathiacenter.ro\/chiriac-comisia-europeana-va-prezenta-la-finalul-lui-noiembrie-evaluarea-romaniei-in-procedura-de-deficit-excesiv\/#primaryimage","url":"https:\/\/carpathiacenter.ro\/wp-content\/uploads\/2025\/07\/european-commission.avif","contentUrl":"https:\/\/carpathiacenter.ro\/wp-content\/uploads\/2025\/07\/european-commission.avif","width":1470,"height":882},{"@type":"BreadcrumbList","@id":"https:\/\/carpathiacenter.ro\/chiriac-comisia-europeana-va-prezenta-la-finalul-lui-noiembrie-evaluarea-romaniei-in-procedura-de-deficit-excesiv\/#breadcrumb","itemListElement":[{"@type":"ListItem","position":1,"name":"Prima pagin\u0103","item":"https:\/\/carpathiacenter.ro\/"},{"@type":"ListItem","position":2,"name":"Chiriac: Comisia European\u0103 va prezenta, la finalul lui noiembrie, evaluarea Rom\u00e2niei \u00een procedura de deficit excesiv"}]},{"@type":"WebSite","@id":"https:\/\/carpathiacenter.ro\/#website","url":"https:\/\/carpathiacenter.ro\/","name":"Carpathia Center Romania","description":"Impossible made possible!","publisher":{"@id":"https:\/\/carpathiacenter.ro\/#organization"},"potentialAction":[{"@type":"SearchAction","target":{"@type":"EntryPoint","urlTemplate":"https:\/\/carpathiacenter.ro\/?s={search_term_string}"},"query-input":{"@type":"PropertyValueSpecification","valueRequired":true,"valueName":"search_term_string"}}],"inLanguage":"en-GB"},{"@type":"Organization","@id":"https:\/\/carpathiacenter.ro\/#organization","name":"Carpathia Center Romania","url":"https:\/\/carpathiacenter.ro\/","logo":{"@type":"ImageObject","inLanguage":"en-GB","@id":"https:\/\/carpathiacenter.ro\/#\/schema\/logo\/image\/","url":"https:\/\/carpathiacenter.ro\/wp-content\/uploads\/2024\/07\/logo-carpathia_bg_white-1024x941.png","contentUrl":"https:\/\/carpathiacenter.ro\/wp-content\/uploads\/2024\/07\/logo-carpathia_bg_white-1024x941.png","width":1024,"height":941,"caption":"Carpathia Center Romania"},"image":{"@id":"https:\/\/carpathiacenter.ro\/#\/schema\/logo\/image\/"},"sameAs":["https:\/\/www.facebook.com\/fdpscarpathia\/"]},{"@type":"Person","@id":"https:\/\/carpathiacenter.ro\/#\/schema\/person\/03d9f58202fee8379268f34afa195006","name":"creativebitsolutions","image":{"@type":"ImageObject","inLanguage":"en-GB","@id":"https:\/\/carpathiacenter.ro\/#\/schema\/person\/image\/","url":"https:\/\/secure.gravatar.com\/avatar\/1b1a13e37f847c635dab78348f1dff2f07651ee2a3d77a5c355a4b8c75f9165a?s=96&d=mm&r=g","contentUrl":"https:\/\/secure.gravatar.com\/avatar\/1b1a13e37f847c635dab78348f1dff2f07651ee2a3d77a5c355a4b8c75f9165a?s=96&d=mm&r=g","caption":"creativebitsolutions"},"url":"https:\/\/carpathiacenter.ro\/en\/author\/creativebitsolutions\/"}]}},"_links":{"self":[{"href":"https:\/\/carpathiacenter.ro\/en\/wp-json\/wp\/v2\/posts\/3289","targetHints":{"allow":["GET"]}}],"collection":[{"href":"https:\/\/carpathiacenter.ro\/en\/wp-json\/wp\/v2\/posts"}],"about":[{"href":"https:\/\/carpathiacenter.ro\/en\/wp-json\/wp\/v2\/types\/post"}],"author":[{"embeddable":true,"href":"https:\/\/carpathiacenter.ro\/en\/wp-json\/wp\/v2\/users\/4"}],"replies":[{"embeddable":true,"href":"https:\/\/carpathiacenter.ro\/en\/wp-json\/wp\/v2\/comments?post=3289"}],"version-history":[{"count":1,"href":"https:\/\/carpathiacenter.ro\/en\/wp-json\/wp\/v2\/posts\/3289\/revisions"}],"predecessor-version":[{"id":3290,"href":"https:\/\/carpathiacenter.ro\/en\/wp-json\/wp\/v2\/posts\/3289\/revisions\/3290"}],"wp:featuredmedia":[{"embeddable":true,"href":"https:\/\/carpathiacenter.ro\/en\/wp-json\/wp\/v2\/media\/2658"}],"wp:attachment":[{"href":"https:\/\/carpathiacenter.ro\/en\/wp-json\/wp\/v2\/media?parent=3289"}],"wp:term":[{"taxonomy":"category","embeddable":true,"href":"https:\/\/carpathiacenter.ro\/en\/wp-json\/wp\/v2\/categories?post=3289"},{"taxonomy":"post_tag","embeddable":true,"href":"https:\/\/carpathiacenter.ro\/en\/wp-json\/wp\/v2\/tags?post=3289"}],"curies":[{"name":"wp","href":"https:\/\/api.w.org\/{rel}","templated":true}]}}