{"id":3279,"date":"2025-11-06T08:26:40","date_gmt":"2025-11-06T08:26:40","guid":{"rendered":"https:\/\/carpathiacenter.ro\/?p=3279"},"modified":"2025-11-06T10:26:52","modified_gmt":"2025-11-06T10:26:52","slug":"mark-rutte-in-prima-sa-vizita-la-bucuresti-de-la-preluarea-mandatului-de-sef-al-nato-sinteza","status":"publish","type":"post","link":"https:\/\/carpathiacenter.ro\/en\/mark-rutte-in-prima-sa-vizita-la-bucuresti-de-la-preluarea-mandatului-de-sef-al-nato-sinteza\/","title":{"rendered":"Mark Rutte &#8211; \u00een prima sa vizit\u0103 la Bucure\u0219ti de la preluarea mandatului de \u0219ef al NATO (sintez\u0103)"},"content":{"rendered":"<p>Rom\u00e2nia investe\u0219te \u00een NATO \u0219i NATO, la r\u00e2ndul s\u0103u, investe\u0219te \u00een Rom\u00e2nia &#8211; a fost mesajul transmis miercuri de secretarul general al Alian\u021bei Nord-Atlantice, Mark Rutte, prezent pentru prima dat\u0103 la Bucure\u0219ti de la preluarea mandatului.<\/p>\n<p>\u0218eful NATO a avut miercuri \u00eentrevederi cu pre\u0219edintele Nicu\u0219or Dan, cu premierul Ilie Bolojan, cu pre\u0219edintele Senatului, Mircea Abrudean, \u0219i cu pre\u0219edintele Camerei Deputa\u021bilor, Sorin Grindeanu.<\/p>\n<p>&#8216;Rom\u00e2nia \u00een\u021belege importan\u021ba investi\u021biei \u00een ap\u0103rare \u0219i este un exemplu \u00een acest sens. Deja cheltui\u021bi peste 2% din PIB pe ap\u0103rare \u0219i pl\u0103nui\u021bi s\u0103 cre\u0219te\u021bi la 3,5% p\u00e2n\u0103 \u00een 2030, plus 1,5% din PIB \u00een investi\u021bii legate de securitate. Este clar deci c\u0103 Rom\u00e2nia investe\u0219te \u00een NATO \u0219i v\u0103 spun clar c\u0103 NATO investe\u0219te \u00een Rom\u00e2nia&#8217;, <a href=\"https:\/\/agerpres.ro\/2025\/11\/05\/update-mark-rutte-romania-investeste-in-nato-si-nato-investeste-in-romania--1500200\" target=\"_blank\">a punctat Mark Rutte, \u00een conferin\u021ba de pres\u0103 sus\u021binut\u0103 la Palatul Cotroceni al\u0103turi de pre\u0219edintele Nicu\u0219or Dan<\/a>.<\/p>\n<p><a href=\"https:\/\/agerpres.ro\/politic\/2025\/11\/05\/nicusor-dan-romania-implementeaza-strategia-pentru-industria-de-aparare-luam-in-serios-revigorarea-a--1500198\" target=\"_blank\">\u0218eful statului i-a transmis secretarului general al NATO c\u0103 Rom\u00e2nia ia foarte \u00een serios revigorarea zonei economice legate de ap\u0103rare<\/a>.<\/p>\n<p>&#8216;Am avut o discu\u021bie foarte productiv\u0103, \u00een contextul \u00een care Alian\u021ba \u0219i Rom\u00e2nia organizeaz\u0103 \u00een aceste zile, la Bucure\u0219ti, Forumul NATO pentru Industrie, la care particip\u0103 c\u00e2teva sute de companii din industria de ap\u0103rare. I-am transmis secretarului general c\u0103 \u021bara noastr\u0103 ia foarte \u00een serios revigorarea zonei economice legate de ap\u0103rare&#8217;, a precizat \u0219eful statului, \u00eentr-o postare pe pagina sa de Facebook.<\/p>\n<hr>\n<p>Pre\u0219edintele a men\u021bionat c\u0103, \u00een cadrul \u00eentrevederii avute la Palatul Cotroceni, au fost evaluate situa\u021bia de securitate din spa\u021biul euroatlantic \u0219i necesitatea major\u0103rii cheltuielilor de ap\u0103rare.<\/p>\n<p>&#8216;Am vorbit \u0219i despre zona M\u0103rii Negre, \u00een care Rom\u00e2nia are un interes particular de securitate \u00een ceea ce prive\u0219te Flancul estic. Un alt subiect important a fost Santinela Estului, programul NATO pentru ap\u0103rare aerian\u0103 a Flancului estic, deci inclusiv a Rom\u00e2niei. Am abordat, \u00een acest context, tema capacit\u0103\u021bilor militare suplimentare care vor fi aduse inclusiv \u00een \u021bara noastr\u0103. Totodat\u0103, am vorbit cu domnul Rutte despre amenin\u021b\u0103rile hibride \u0219i modul \u00een care putem s\u0103 colabor\u0103m pentru a le contracara. Rom\u00e2nia \u00ee\u0219i va \u00eendeplini obliga\u021biile pe care \u0219i le-a asumat \u0219i va continua s\u0103 fie un furnizor de securitate pentru spa\u021biul euroatlantic. Avem alia\u021bi \u0219i suntem bine proteja\u021bi fa\u021b\u0103 de orice fel de poten\u021bial\u0103 amenin\u021bare&#8217;, a punctat Nicu\u0219or Dan.<\/p>\n<p><iframe src=\"https:\/\/www.facebook.com\/plugins\/post.php?href=https%3A%2F%2Fwww.facebook.com%2FNicusorDan.ro%2Fposts%2Fpfbid07UFYh6U3LT7CaEmPEyUiqfVndtnx3nBuSKdSyMZP1hWmRci9RQvbDtvJhFfWnq6Cl&amp;show_text=true&amp;width=500\" width=\"500\" height=\"571\" style=\"border:none;overflow:hidden\" scrolling=\"no\" frameborder=\"0\" allowfullscreen=\"true\" allow=\"autoplay; clipboard-write; encrypted-media; picture-in-picture; web-share\"><\/iframe><\/p>\n<p>Potrivit \u0219efului statului, &#8216;mesajul transmis de Mark Rutte a fost c\u0103, f\u0103r\u0103 \u00eendoial\u0103, angajamentul NATO este acela de a ap\u0103ra fiecare centimetru al teritoriului aliat&#8217;.<\/p>\n<p>***<br \/>\n<a href=\"https:\/\/agerpres.ro\/2025\/11\/05\/bolojan-si-rutte-au-discutat-despre-modalitatile-de-consolidare-a-securitatii-romaniei--1500285\" target=\"_blank\">Prim-ministrul Ilie Bolojan a discutat cu secretarul general al NATO despre modalit\u0103\u021bile concrete de consolidare a securit\u0103\u021bii Rom\u00e2niei, a Flancului estic \u0219i, implicit, a Alian\u021bei<\/a>.<\/p>\n<p>\u00cen cadrul \u00eent\u00e2lnirii desf\u0103\u0219urate la Palatul Victoria, prim-ministrul a salutat angajamentul Alian\u021bei de consolidare a posturii de ap\u0103rare \u0219i descurajare pe Flancul estic, prin ini\u021biative precum Santinela Estic\u0103, menit\u0103 s\u0103 sporeasc\u0103 gradul de vigilen\u021b\u0103 \u00een aceast\u0103 parte a Europei &#8216;expus\u0103 incursiunilor de drone sau altor tipuri de amenin\u021b\u0103ri&#8217; din partea Rusiei.<\/p>\n<hr>\n<p>&#8216;Secretarul general Mark Rutte a reasigurat partea rom\u00e2n\u0103 c\u0103 ap\u0103rarea colectiv\u0103 conform articolului 5 al NATO, al\u0103turi de prezen\u021ba trupelor aliate, ini\u021biativele de \u00eent\u0103rire a Flancului estic contribuie la protejarea Rom\u00e2niei. La acestea se adaug\u0103 acordarea unei aten\u021bii sporite regiunii M\u0103rii Negre din partea Alian\u021bei&#8217;, a informat Executivul \u00eentr-un comunicat de pres\u0103.<\/p>\n<p>Ilie Bolojan l-a informat pe secretarul general al NATO despre priorit\u0103\u021bile Rom\u00e2niei privind asigurarea securit\u0103\u021bii \u0219i ap\u0103r\u0103rii na\u021bionale \u0219i euroatlantice, reiter\u00e2nd angajamentul fa\u021b\u0103 de \u00eendeplinirea responsabilit\u0103\u021bilor asumate, inclusiv prin cre\u0219terea cheltuielilor de ap\u0103rare.<\/p>\n<p>\u00cen cadrul discu\u021biilor, au fost abordate \u0219i aspectele legate de continuarea sprijinului pentru Ucraina \u0219i, respectiv, Republica Moldova.<\/p>\n<p>***<br \/>\n&#8216;Rom\u00e2nia este o \u021bar\u0103 sigur\u0103 \u0219i protejat\u0103 de NATO&#8217; &#8211; <a href=\"https:\/\/agerpres.ro\/viata-parlamentara\/2025\/11\/05\/mircea-abrudean-romania-e-o-tara-sigura-si-protejata-de-nato-secretarul-general-al-aliantei-ne-a-asi--1500300\" target=\"_blank\">i-a asigurat secretarul general al Alian\u021bei, miercuri, \u0219i pe senatori<\/a>.<\/p>\n<p>Pre\u0219edintele Senatului, Mircea Abrudean, a men\u021bionat, \u00eentr-o postare pe Facebook la finalul \u00eent\u00e2lnirii cu Mark Rutte, c\u0103 &#8216;Alian\u021ba Tratatului Atlanticului de Nord este constant preocupat\u0103 de protejarea Flancului Estic \u0219i de consolidarea regiunii M\u0103rii Negre care trebuie s\u0103 fie un spa\u021biu sigur pentru oameni, comer\u021b \u0219i investi\u021bii&#8217;.<\/p>\n<hr>\n<p>&#8216;Comunicarea este extrem de important\u0103 \u00een tot ceea ce facem pentru a nu l\u0103sa loc de interpretare, iar mesajele secretarului general al NATO, Mark Rutte, pe care acesta le transmite legat de siguran\u021ba \u0219i securitatea pe Flancul Estic sunt foarte clare. Rom\u00e2nia, la r\u00e2ndul ei, este angajat\u0103 s\u0103 fac\u0103 tot ceea ce depinde de ea: am consolidat ap\u0103rarea antiaerian\u0103 \u0219i capacit\u0103\u021bile de monitorizare, c\u00e2nd Parlamentul a adoptat legisla\u021bie suplimentar\u0103 care permite institu\u021biilor rom\u00e2ne\u0219ti s\u0103 ac\u021bioneze ferm \u00eempotriva incidentelor cu drone. \u00cent\u0103rim capabilit\u0103\u021bile de produc\u021bie, cele mai recente exemple fiind fabricile Hanwha Aerospace \u0219i Rheinmetall. Securitatea r\u0103m\u00e2ne prioritatea noastr\u0103 principal\u0103&#8217;, a precizat Mircea Abrudean.<\/p>\n<p>***<br \/>\nConsolidarea prezen\u021bei aliate pe Flancul Estic, noile amenin\u021b\u0103ri cu drone \u0219i, mai ales, Hubul European de Securitate Maritim\u0103 pe care Rom\u00e2nia \u00eel propune la Marea Neagr\u0103 au fost subiectele abordate de secretarul general NATO \u00een cadrul \u00eentrevederii avute cu pre\u0219edintele Camerei Deputa\u021bilor, Sorin Grindeanu.<\/p>\n<hr>\n<p>&#8216;Am primit ast\u0103zi vizita secretarului general al NATO, Mark Rutte, \u00eentr-un moment important pentru securitatea european\u0103 \u0219i pentru Rom\u00e2nia.<br \/>\nAm discutat despre consolidarea prezen\u021bei aliate pe Flancul Estic, despre noile amenin\u021b\u0103ri cu drone \u0219i, mai ales, despre Hubul European de Securitate Maritim\u0103 pe care \u00eel propunem la Marea Neagr\u0103, un proiect cu impact strategic pentru \u00eentreaga Alian\u021b\u0103. Am demonstrat \u00een nenum\u0103rate r\u00e2nduri c\u0103 suntem un partener serios \u0219i respectat \u00een NATO, preg\u0103tit s\u0103 oferim stabilitate, solu\u021bii \u0219i ini\u021biativ\u0103&#8217;, a scris pre\u0219edintele Camerei Deputa\u021bilor, dup\u0103 \u00eent\u00e2lnirea cu secretarul general al Alian\u021bei, <a href=\"https:\/\/www.facebook.com\/grindeanusorin\/posts\/pfbid02GyYSBhq6UXnvVqh2ZjAHGgkK7kmiviAnnERkAFDoGmBJJiV93mwYvUaT1EVo5PJul\" target=\"_blank\">pe pagina sa de Facebook<\/a>.<\/p>\n<p><a href=\"https:\/\/agerpres.ro\/viata-parlamentara\/2025\/11\/05\/sorin-grindeanu-sub-conducerea-lui-mark-rutte-nato-isi-reafirma-forta-si-unitatea--1500301\" target=\"_blank\">Sorin Grindeanu a ar\u0103tat c\u0103 &#8216;sub conducerea lui Mark Rutte NATO \u00ee\u0219i reafirm\u0103 for\u021ba, unitatea \u0219i capacitatea de a ac\u021biona rapid \u00een fa\u021ba provoc\u0103rilor&#8217;<\/a>.<\/p>\n<p>&#8216;Rom\u00e2nia r\u0103m\u00e2ne un important pilon de siguran\u021b\u0103 pentru Europa&#8217;, a punctat pre\u0219edintele Camerei.<\/p>\n<p>***<br \/>\n<a href=\"https:\/\/agerpres.ro\/2025\/11\/05\/secretarul-general-al-nato-vine-in-romania-miercuri-si-joi---intalniri-cu-presedintele-premierul-sef--1499934\" target=\"_blank\">Secretarul general al NATO, Mark Rutte, se afl\u0103 miercuri \u0219i joi la Bucure\u0219ti, \u00een prima sa vizit\u0103 \u00een Rom\u00e2nia de la preluarea conducerii Alian\u021bei<\/a>.<\/p>\n<p>Vizita \u00eenaltului oficial al NATO are loc \u00een contextul particip\u0103rii la Forumul NATO pentru Industria de Ap\u0103rare \/ NATO Industry Forum, un eveniment destinat dialogului strategic cu industriile de ap\u0103rare din statele aliate.<\/p>\n<p>Joi diminea\u021ba, pre\u0219edintele Nicu\u0219or Dan \u0219i secretarul general al NATO vor participa \u00eempreun\u0103 la NATO Industry Forum. AGERPRES\/(AS &#8211; redactor: Andreea Rotaru, editor: Antonia Ni\u021b\u0103, editor online: Adrian D\u0103d\u00e2rlat)<br \/>\n<br \/>\nSursa articolului:  <a href=\"https:\/\/agerpres.ro\/politic\/2025\/11\/05\/mark-rutte---in-prima-sa-vizita-la-bucuresti-de-la-preluarea-mandatului-de-sef-al-nato-sinteza--1500306\" target=\"_blank\" rel=\"noopener\" title=\"\">AGERPRES<\/a><\/p>","protected":false},"excerpt":{"rendered":"<p>Rom\u00e2nia investe\u0219te \u00een NATO \u0219i NATO, la r\u00e2ndul s\u0103u, investe\u0219te \u00een Rom\u00e2nia &#8211; a fost mesajul transmis miercuri de secretarul general al Alian\u021bei Nord-Atlantice, Mark Rutte, prezent pentru prima dat\u0103 la Bucure\u0219ti de la preluarea mandatului. \u0218eful NATO a avut miercuri \u00eentrevederi cu pre\u0219edintele Nicu\u0219or Dan, cu premierul Ilie Bolojan, cu pre\u0219edintele Senatului, Mircea Abrudean,&#8230;<\/p>","protected":false},"author":4,"featured_media":3286,"comment_status":"open","ping_status":"open","sticky":false,"template":"","format":"standard","meta":{"footnotes":""},"categories":[1],"tags":[],"class_list":["post-3279","post","type-post","status-publish","format-standard","has-post-thumbnail","hentry","category-uncategorized"],"yoast_head":"<!-- This site is optimized with the Yoast SEO plugin v26.1.1 - https:\/\/yoast.com\/wordpress\/plugins\/seo\/ -->\n<title>Mark Rutte - \u00een prima sa vizit\u0103 la Bucure\u0219ti de la preluarea mandatului de \u0219ef al NATO (sintez\u0103) - Carpathia Center Romania<\/title>\n<meta name=\"robots\" content=\"index, follow, max-snippet:-1, max-image-preview:large, max-video-preview:-1\" \/>\n<link rel=\"canonical\" href=\"https:\/\/carpathiacenter.ro\/en\/mark-rutte-in-prima-sa-vizita-la-bucuresti-de-la-preluarea-mandatului-de-sef-al-nato-sinteza\/\" \/>\n<meta property=\"og:locale\" content=\"en_GB\" \/>\n<meta property=\"og:type\" content=\"article\" \/>\n<meta property=\"og:title\" content=\"Mark Rutte - \u00een prima sa vizit\u0103 la Bucure\u0219ti de la preluarea mandatului de \u0219ef al NATO (sintez\u0103) - Carpathia Center Romania\" \/>\n<meta property=\"og:description\" content=\"Rom\u00e2nia investe\u0219te \u00een NATO \u0219i NATO, la r\u00e2ndul s\u0103u, investe\u0219te \u00een Rom\u00e2nia &#8211; a fost mesajul transmis miercuri de secretarul general al Alian\u021bei Nord-Atlantice, Mark Rutte, prezent pentru prima dat\u0103 la Bucure\u0219ti de la preluarea mandatului. \u0218eful NATO a avut miercuri \u00eentrevederi cu pre\u0219edintele Nicu\u0219or Dan, cu premierul Ilie Bolojan, cu pre\u0219edintele Senatului, Mircea Abrudean,...\" \/>\n<meta property=\"og:url\" content=\"https:\/\/carpathiacenter.ro\/en\/mark-rutte-in-prima-sa-vizita-la-bucuresti-de-la-preluarea-mandatului-de-sef-al-nato-sinteza\/\" \/>\n<meta property=\"og:site_name\" content=\"Carpathia Center Romania\" \/>\n<meta property=\"article:publisher\" content=\"https:\/\/www.facebook.com\/fdpscarpathia\/\" \/>\n<meta property=\"article:published_time\" content=\"2025-11-06T08:26:40+00:00\" \/>\n<meta property=\"article:modified_time\" content=\"2025-11-06T10:26:52+00:00\" \/>\n<meta property=\"og:image\" content=\"https:\/\/carpathiacenter.ro\/wp-content\/uploads\/2025\/11\/NATO_OTAN.webp\" \/>\n\t<meta property=\"og:image:width\" content=\"250\" \/>\n\t<meta property=\"og:image:height\" content=\"126\" \/>\n\t<meta property=\"og:image:type\" content=\"image\/webp\" \/>\n<meta name=\"author\" content=\"creativebitsolutions\" \/>\n<meta name=\"twitter:card\" content=\"summary_large_image\" \/>\n<meta name=\"twitter:label1\" content=\"Written by\" \/>\n\t<meta name=\"twitter:data1\" content=\"creativebitsolutions\" \/>\n\t<meta name=\"twitter:label2\" content=\"Estimated reading time\" \/>\n\t<meta name=\"twitter:data2\" content=\"6 minutes\" \/>\n<script type=\"application\/ld+json\" class=\"yoast-schema-graph\">{\"@context\":\"https:\/\/schema.org\",\"@graph\":[{\"@type\":\"Article\",\"@id\":\"https:\/\/carpathiacenter.ro\/mark-rutte-in-prima-sa-vizita-la-bucuresti-de-la-preluarea-mandatului-de-sef-al-nato-sinteza\/#article\",\"isPartOf\":{\"@id\":\"https:\/\/carpathiacenter.ro\/mark-rutte-in-prima-sa-vizita-la-bucuresti-de-la-preluarea-mandatului-de-sef-al-nato-sinteza\/\"},\"author\":{\"name\":\"creativebitsolutions\",\"@id\":\"https:\/\/carpathiacenter.ro\/#\/schema\/person\/03d9f58202fee8379268f34afa195006\"},\"headline\":\"Mark Rutte &#8211; \u00een prima sa vizit\u0103 la Bucure\u0219ti de la preluarea mandatului de \u0219ef al NATO (sintez\u0103)\",\"datePublished\":\"2025-11-06T08:26:40+00:00\",\"dateModified\":\"2025-11-06T10:26:52+00:00\",\"mainEntityOfPage\":{\"@id\":\"https:\/\/carpathiacenter.ro\/mark-rutte-in-prima-sa-vizita-la-bucuresti-de-la-preluarea-mandatului-de-sef-al-nato-sinteza\/\"},\"wordCount\":1177,\"commentCount\":0,\"publisher\":{\"@id\":\"https:\/\/carpathiacenter.ro\/#organization\"},\"image\":{\"@id\":\"https:\/\/carpathiacenter.ro\/mark-rutte-in-prima-sa-vizita-la-bucuresti-de-la-preluarea-mandatului-de-sef-al-nato-sinteza\/#primaryimage\"},\"thumbnailUrl\":\"https:\/\/carpathiacenter.ro\/wp-content\/uploads\/2025\/11\/NATO_OTAN.webp\",\"articleSection\":[\"Uncategorized\"],\"inLanguage\":\"en-GB\",\"potentialAction\":[{\"@type\":\"CommentAction\",\"name\":\"Comment\",\"target\":[\"https:\/\/carpathiacenter.ro\/mark-rutte-in-prima-sa-vizita-la-bucuresti-de-la-preluarea-mandatului-de-sef-al-nato-sinteza\/#respond\"]}]},{\"@type\":\"WebPage\",\"@id\":\"https:\/\/carpathiacenter.ro\/mark-rutte-in-prima-sa-vizita-la-bucuresti-de-la-preluarea-mandatului-de-sef-al-nato-sinteza\/\",\"url\":\"https:\/\/carpathiacenter.ro\/mark-rutte-in-prima-sa-vizita-la-bucuresti-de-la-preluarea-mandatului-de-sef-al-nato-sinteza\/\",\"name\":\"Mark Rutte - \u00een prima sa vizit\u0103 la Bucure\u0219ti de la preluarea mandatului de \u0219ef al NATO (sintez\u0103) - Carpathia Center Romania\",\"isPartOf\":{\"@id\":\"https:\/\/carpathiacenter.ro\/#website\"},\"primaryImageOfPage\":{\"@id\":\"https:\/\/carpathiacenter.ro\/mark-rutte-in-prima-sa-vizita-la-bucuresti-de-la-preluarea-mandatului-de-sef-al-nato-sinteza\/#primaryimage\"},\"image\":{\"@id\":\"https:\/\/carpathiacenter.ro\/mark-rutte-in-prima-sa-vizita-la-bucuresti-de-la-preluarea-mandatului-de-sef-al-nato-sinteza\/#primaryimage\"},\"thumbnailUrl\":\"https:\/\/carpathiacenter.ro\/wp-content\/uploads\/2025\/11\/NATO_OTAN.webp\",\"datePublished\":\"2025-11-06T08:26:40+00:00\",\"dateModified\":\"2025-11-06T10:26:52+00:00\",\"breadcrumb\":{\"@id\":\"https:\/\/carpathiacenter.ro\/mark-rutte-in-prima-sa-vizita-la-bucuresti-de-la-preluarea-mandatului-de-sef-al-nato-sinteza\/#breadcrumb\"},\"inLanguage\":\"en-GB\",\"potentialAction\":[{\"@type\":\"ReadAction\",\"target\":[\"https:\/\/carpathiacenter.ro\/mark-rutte-in-prima-sa-vizita-la-bucuresti-de-la-preluarea-mandatului-de-sef-al-nato-sinteza\/\"]}]},{\"@type\":\"ImageObject\",\"inLanguage\":\"en-GB\",\"@id\":\"https:\/\/carpathiacenter.ro\/mark-rutte-in-prima-sa-vizita-la-bucuresti-de-la-preluarea-mandatului-de-sef-al-nato-sinteza\/#primaryimage\",\"url\":\"https:\/\/carpathiacenter.ro\/wp-content\/uploads\/2025\/11\/NATO_OTAN.webp\",\"contentUrl\":\"https:\/\/carpathiacenter.ro\/wp-content\/uploads\/2025\/11\/NATO_OTAN.webp\",\"width\":250,\"height\":126},{\"@type\":\"BreadcrumbList\",\"@id\":\"https:\/\/carpathiacenter.ro\/mark-rutte-in-prima-sa-vizita-la-bucuresti-de-la-preluarea-mandatului-de-sef-al-nato-sinteza\/#breadcrumb\",\"itemListElement\":[{\"@type\":\"ListItem\",\"position\":1,\"name\":\"Prima pagin\u0103\",\"item\":\"https:\/\/carpathiacenter.ro\/\"},{\"@type\":\"ListItem\",\"position\":2,\"name\":\"Mark Rutte &#8211; \u00een prima sa vizit\u0103 la Bucure\u0219ti de la preluarea mandatului de \u0219ef al NATO (sintez\u0103)\"}]},{\"@type\":\"WebSite\",\"@id\":\"https:\/\/carpathiacenter.ro\/#website\",\"url\":\"https:\/\/carpathiacenter.ro\/\",\"name\":\"Carpathia Center Romania\",\"description\":\"Impossible made possible!\",\"publisher\":{\"@id\":\"https:\/\/carpathiacenter.ro\/#organization\"},\"potentialAction\":[{\"@type\":\"SearchAction\",\"target\":{\"@type\":\"EntryPoint\",\"urlTemplate\":\"https:\/\/carpathiacenter.ro\/?s={search_term_string}\"},\"query-input\":{\"@type\":\"PropertyValueSpecification\",\"valueRequired\":true,\"valueName\":\"search_term_string\"}}],\"inLanguage\":\"en-GB\"},{\"@type\":\"Organization\",\"@id\":\"https:\/\/carpathiacenter.ro\/#organization\",\"name\":\"Carpathia Center Romania\",\"url\":\"https:\/\/carpathiacenter.ro\/\",\"logo\":{\"@type\":\"ImageObject\",\"inLanguage\":\"en-GB\",\"@id\":\"https:\/\/carpathiacenter.ro\/#\/schema\/logo\/image\/\",\"url\":\"https:\/\/carpathiacenter.ro\/wp-content\/uploads\/2024\/07\/logo-carpathia_bg_white-1024x941.png\",\"contentUrl\":\"https:\/\/carpathiacenter.ro\/wp-content\/uploads\/2024\/07\/logo-carpathia_bg_white-1024x941.png\",\"width\":1024,\"height\":941,\"caption\":\"Carpathia Center Romania\"},\"image\":{\"@id\":\"https:\/\/carpathiacenter.ro\/#\/schema\/logo\/image\/\"},\"sameAs\":[\"https:\/\/www.facebook.com\/fdpscarpathia\/\"]},{\"@type\":\"Person\",\"@id\":\"https:\/\/carpathiacenter.ro\/#\/schema\/person\/03d9f58202fee8379268f34afa195006\",\"name\":\"creativebitsolutions\",\"image\":{\"@type\":\"ImageObject\",\"inLanguage\":\"en-GB\",\"@id\":\"https:\/\/carpathiacenter.ro\/#\/schema\/person\/image\/\",\"url\":\"https:\/\/secure.gravatar.com\/avatar\/1b1a13e37f847c635dab78348f1dff2f07651ee2a3d77a5c355a4b8c75f9165a?s=96&d=mm&r=g\",\"contentUrl\":\"https:\/\/secure.gravatar.com\/avatar\/1b1a13e37f847c635dab78348f1dff2f07651ee2a3d77a5c355a4b8c75f9165a?s=96&d=mm&r=g\",\"caption\":\"creativebitsolutions\"},\"url\":\"https:\/\/carpathiacenter.ro\/en\/author\/creativebitsolutions\/\"}]}<\/script>\n<!-- \/ Yoast SEO plugin. -->","yoast_head_json":{"title":"Mark Rutte - \u00een prima sa vizit\u0103 la Bucure\u0219ti de la preluarea mandatului de \u0219ef al NATO (sintez\u0103) - Carpathia Center Romania","robots":{"index":"index","follow":"follow","max-snippet":"max-snippet:-1","max-image-preview":"max-image-preview:large","max-video-preview":"max-video-preview:-1"},"canonical":"https:\/\/carpathiacenter.ro\/en\/mark-rutte-in-prima-sa-vizita-la-bucuresti-de-la-preluarea-mandatului-de-sef-al-nato-sinteza\/","og_locale":"en_GB","og_type":"article","og_title":"Mark Rutte - \u00een prima sa vizit\u0103 la Bucure\u0219ti de la preluarea mandatului de \u0219ef al NATO (sintez\u0103) - Carpathia Center Romania","og_description":"Rom\u00e2nia investe\u0219te \u00een NATO \u0219i NATO, la r\u00e2ndul s\u0103u, investe\u0219te \u00een Rom\u00e2nia &#8211; a fost mesajul transmis miercuri de secretarul general al Alian\u021bei Nord-Atlantice, Mark Rutte, prezent pentru prima dat\u0103 la Bucure\u0219ti de la preluarea mandatului. \u0218eful NATO a avut miercuri \u00eentrevederi cu pre\u0219edintele Nicu\u0219or Dan, cu premierul Ilie Bolojan, cu pre\u0219edintele Senatului, Mircea Abrudean,...","og_url":"https:\/\/carpathiacenter.ro\/en\/mark-rutte-in-prima-sa-vizita-la-bucuresti-de-la-preluarea-mandatului-de-sef-al-nato-sinteza\/","og_site_name":"Carpathia Center Romania","article_publisher":"https:\/\/www.facebook.com\/fdpscarpathia\/","article_published_time":"2025-11-06T08:26:40+00:00","article_modified_time":"2025-11-06T10:26:52+00:00","og_image":[{"width":250,"height":126,"url":"https:\/\/carpathiacenter.ro\/wp-content\/uploads\/2025\/11\/NATO_OTAN.webp","type":"image\/webp"}],"author":"creativebitsolutions","twitter_card":"summary_large_image","twitter_misc":{"Written by":"creativebitsolutions","Estimated reading time":"6 minutes"},"schema":{"@context":"https:\/\/schema.org","@graph":[{"@type":"Article","@id":"https:\/\/carpathiacenter.ro\/mark-rutte-in-prima-sa-vizita-la-bucuresti-de-la-preluarea-mandatului-de-sef-al-nato-sinteza\/#article","isPartOf":{"@id":"https:\/\/carpathiacenter.ro\/mark-rutte-in-prima-sa-vizita-la-bucuresti-de-la-preluarea-mandatului-de-sef-al-nato-sinteza\/"},"author":{"name":"creativebitsolutions","@id":"https:\/\/carpathiacenter.ro\/#\/schema\/person\/03d9f58202fee8379268f34afa195006"},"headline":"Mark Rutte &#8211; \u00een prima sa vizit\u0103 la Bucure\u0219ti de la preluarea mandatului de \u0219ef al NATO (sintez\u0103)","datePublished":"2025-11-06T08:26:40+00:00","dateModified":"2025-11-06T10:26:52+00:00","mainEntityOfPage":{"@id":"https:\/\/carpathiacenter.ro\/mark-rutte-in-prima-sa-vizita-la-bucuresti-de-la-preluarea-mandatului-de-sef-al-nato-sinteza\/"},"wordCount":1177,"commentCount":0,"publisher":{"@id":"https:\/\/carpathiacenter.ro\/#organization"},"image":{"@id":"https:\/\/carpathiacenter.ro\/mark-rutte-in-prima-sa-vizita-la-bucuresti-de-la-preluarea-mandatului-de-sef-al-nato-sinteza\/#primaryimage"},"thumbnailUrl":"https:\/\/carpathiacenter.ro\/wp-content\/uploads\/2025\/11\/NATO_OTAN.webp","articleSection":["Uncategorized"],"inLanguage":"en-GB","potentialAction":[{"@type":"CommentAction","name":"Comment","target":["https:\/\/carpathiacenter.ro\/mark-rutte-in-prima-sa-vizita-la-bucuresti-de-la-preluarea-mandatului-de-sef-al-nato-sinteza\/#respond"]}]},{"@type":"WebPage","@id":"https:\/\/carpathiacenter.ro\/mark-rutte-in-prima-sa-vizita-la-bucuresti-de-la-preluarea-mandatului-de-sef-al-nato-sinteza\/","url":"https:\/\/carpathiacenter.ro\/mark-rutte-in-prima-sa-vizita-la-bucuresti-de-la-preluarea-mandatului-de-sef-al-nato-sinteza\/","name":"Mark Rutte - \u00een prima sa vizit\u0103 la Bucure\u0219ti de la preluarea mandatului de \u0219ef al NATO (sintez\u0103) - Carpathia Center Romania","isPartOf":{"@id":"https:\/\/carpathiacenter.ro\/#website"},"primaryImageOfPage":{"@id":"https:\/\/carpathiacenter.ro\/mark-rutte-in-prima-sa-vizita-la-bucuresti-de-la-preluarea-mandatului-de-sef-al-nato-sinteza\/#primaryimage"},"image":{"@id":"https:\/\/carpathiacenter.ro\/mark-rutte-in-prima-sa-vizita-la-bucuresti-de-la-preluarea-mandatului-de-sef-al-nato-sinteza\/#primaryimage"},"thumbnailUrl":"https:\/\/carpathiacenter.ro\/wp-content\/uploads\/2025\/11\/NATO_OTAN.webp","datePublished":"2025-11-06T08:26:40+00:00","dateModified":"2025-11-06T10:26:52+00:00","breadcrumb":{"@id":"https:\/\/carpathiacenter.ro\/mark-rutte-in-prima-sa-vizita-la-bucuresti-de-la-preluarea-mandatului-de-sef-al-nato-sinteza\/#breadcrumb"},"inLanguage":"en-GB","potentialAction":[{"@type":"ReadAction","target":["https:\/\/carpathiacenter.ro\/mark-rutte-in-prima-sa-vizita-la-bucuresti-de-la-preluarea-mandatului-de-sef-al-nato-sinteza\/"]}]},{"@type":"ImageObject","inLanguage":"en-GB","@id":"https:\/\/carpathiacenter.ro\/mark-rutte-in-prima-sa-vizita-la-bucuresti-de-la-preluarea-mandatului-de-sef-al-nato-sinteza\/#primaryimage","url":"https:\/\/carpathiacenter.ro\/wp-content\/uploads\/2025\/11\/NATO_OTAN.webp","contentUrl":"https:\/\/carpathiacenter.ro\/wp-content\/uploads\/2025\/11\/NATO_OTAN.webp","width":250,"height":126},{"@type":"BreadcrumbList","@id":"https:\/\/carpathiacenter.ro\/mark-rutte-in-prima-sa-vizita-la-bucuresti-de-la-preluarea-mandatului-de-sef-al-nato-sinteza\/#breadcrumb","itemListElement":[{"@type":"ListItem","position":1,"name":"Prima pagin\u0103","item":"https:\/\/carpathiacenter.ro\/"},{"@type":"ListItem","position":2,"name":"Mark Rutte &#8211; \u00een prima sa vizit\u0103 la Bucure\u0219ti de la preluarea mandatului de \u0219ef al NATO (sintez\u0103)"}]},{"@type":"WebSite","@id":"https:\/\/carpathiacenter.ro\/#website","url":"https:\/\/carpathiacenter.ro\/","name":"Carpathia Center Romania","description":"Impossible made possible!","publisher":{"@id":"https:\/\/carpathiacenter.ro\/#organization"},"potentialAction":[{"@type":"SearchAction","target":{"@type":"EntryPoint","urlTemplate":"https:\/\/carpathiacenter.ro\/?s={search_term_string}"},"query-input":{"@type":"PropertyValueSpecification","valueRequired":true,"valueName":"search_term_string"}}],"inLanguage":"en-GB"},{"@type":"Organization","@id":"https:\/\/carpathiacenter.ro\/#organization","name":"Carpathia Center Romania","url":"https:\/\/carpathiacenter.ro\/","logo":{"@type":"ImageObject","inLanguage":"en-GB","@id":"https:\/\/carpathiacenter.ro\/#\/schema\/logo\/image\/","url":"https:\/\/carpathiacenter.ro\/wp-content\/uploads\/2024\/07\/logo-carpathia_bg_white-1024x941.png","contentUrl":"https:\/\/carpathiacenter.ro\/wp-content\/uploads\/2024\/07\/logo-carpathia_bg_white-1024x941.png","width":1024,"height":941,"caption":"Carpathia Center Romania"},"image":{"@id":"https:\/\/carpathiacenter.ro\/#\/schema\/logo\/image\/"},"sameAs":["https:\/\/www.facebook.com\/fdpscarpathia\/"]},{"@type":"Person","@id":"https:\/\/carpathiacenter.ro\/#\/schema\/person\/03d9f58202fee8379268f34afa195006","name":"creativebitsolutions","image":{"@type":"ImageObject","inLanguage":"en-GB","@id":"https:\/\/carpathiacenter.ro\/#\/schema\/person\/image\/","url":"https:\/\/secure.gravatar.com\/avatar\/1b1a13e37f847c635dab78348f1dff2f07651ee2a3d77a5c355a4b8c75f9165a?s=96&d=mm&r=g","contentUrl":"https:\/\/secure.gravatar.com\/avatar\/1b1a13e37f847c635dab78348f1dff2f07651ee2a3d77a5c355a4b8c75f9165a?s=96&d=mm&r=g","caption":"creativebitsolutions"},"url":"https:\/\/carpathiacenter.ro\/en\/author\/creativebitsolutions\/"}]}},"_links":{"self":[{"href":"https:\/\/carpathiacenter.ro\/en\/wp-json\/wp\/v2\/posts\/3279","targetHints":{"allow":["GET"]}}],"collection":[{"href":"https:\/\/carpathiacenter.ro\/en\/wp-json\/wp\/v2\/posts"}],"about":[{"href":"https:\/\/carpathiacenter.ro\/en\/wp-json\/wp\/v2\/types\/post"}],"author":[{"embeddable":true,"href":"https:\/\/carpathiacenter.ro\/en\/wp-json\/wp\/v2\/users\/4"}],"replies":[{"embeddable":true,"href":"https:\/\/carpathiacenter.ro\/en\/wp-json\/wp\/v2\/comments?post=3279"}],"version-history":[{"count":3,"href":"https:\/\/carpathiacenter.ro\/en\/wp-json\/wp\/v2\/posts\/3279\/revisions"}],"predecessor-version":[{"id":3287,"href":"https:\/\/carpathiacenter.ro\/en\/wp-json\/wp\/v2\/posts\/3279\/revisions\/3287"}],"wp:featuredmedia":[{"embeddable":true,"href":"https:\/\/carpathiacenter.ro\/en\/wp-json\/wp\/v2\/media\/3286"}],"wp:attachment":[{"href":"https:\/\/carpathiacenter.ro\/en\/wp-json\/wp\/v2\/media?parent=3279"}],"wp:term":[{"taxonomy":"category","embeddable":true,"href":"https:\/\/carpathiacenter.ro\/en\/wp-json\/wp\/v2\/categories?post=3279"},{"taxonomy":"post_tag","embeddable":true,"href":"https:\/\/carpathiacenter.ro\/en\/wp-json\/wp\/v2\/tags?post=3279"}],"curies":[{"name":"wp","href":"https:\/\/api.w.org\/{rel}","templated":true}]}}