{"id":3270,"date":"2025-11-05T15:00:05","date_gmt":"2025-11-05T15:00:05","guid":{"rendered":"https:\/\/carpathiacenter.ro\/?p=3270"},"modified":"2025-11-05T15:00:52","modified_gmt":"2025-11-05T15:00:52","slug":"ministrul-investitiilor-in-proportie-de-90-avem-sansa-ca-peste-doua-zile-sa-adoptam-legea-comunitatilor-energetice","status":"publish","type":"post","link":"https:\/\/carpathiacenter.ro\/en\/ministrul-investitiilor-in-proportie-de-90-avem-sansa-ca-peste-doua-zile-sa-adoptam-legea-comunitatilor-energetice\/","title":{"rendered":"Ministrul Investi\u021biilor: \u00cen propor\u021bie de 90% avem \u0219ansa ca peste dou\u0103 zile s\u0103 adopt\u0103m Legea comunit\u0103\u021bilor energetice"},"content":{"rendered":"<p>Legea comunit\u0103\u021bilor energetice ar putea fi adoptat\u0103 peste dou\u0103 zile, a anun\u021bat, mar\u021bi, ministrul Investi\u021biilor \u0219i Proiectelor Europene, Drago\u0219 P\u00eeslaru, care a ad\u0103ugat c\u0103 se dore\u0219te \u00eencurajarea municipalit\u0103\u021bilor pentru a aplica pentru proiecte \u00eempreun\u0103 cu re\u021bele de consumatori priva\u021bi.<\/p>\n<p>&#8216;Nu sunt 100% sigur, dar \u00een propor\u021bie de 90% avem \u0219ansa ca peste dou\u0103 zile, adic\u0103 joi, s\u0103 adopt\u0103m Legea comunit\u0103\u021bilor energetice. Mergem \u00een direc\u021bia cea bun\u0103. Cred c\u0103 s-a a\u0219teptat c\u00e2\u021biva ani. \u0218i ast\u0103zi am avut o discu\u021bie despre comunit\u0103\u021bile energetice. La momentul actual vedem aceast\u0103 m\u0103sur\u0103 \u00eemp\u0103r\u021bit\u0103 \u00een dou\u0103, odat\u0103 pentru gospod\u0103riile private \u0219i apoi pentru autorit\u0103\u021bi locale. Avem aceast\u0103 ocazie datorit\u0103 reprogram\u0103rii fondurilor de coeziune la jum\u0103tatea exerci\u021biului, avem posibilitatea redirec\u021bion\u0103rii fondurilor c\u0103tre gospod\u0103rii. Nu s-a decis \u00eenc\u0103, dar discut\u0103m, nu e decizia mea, e decizia unui comitet de monitorizare. Avem ocazia de a crea o prioritate pentru gospod\u0103rii, primim o prefinan\u021bare suplimentar\u0103 \u0219i o extindere a termenului de implementare. Avem mai mult spa\u021biu de finalizare a investi\u021biilor, mai ales a celor dificile. Nu vrem s\u0103 ne atingem de banii de eficien\u021b\u0103 energetic\u0103. Inten\u021bion\u0103m s\u0103 folosim o parte din cele 500 milioane euro pentru a-i utiliza la eficien\u021b\u0103 energetic\u0103 \u0219i la renovare ca s\u0103 avem un mix \u00eentre comunit\u0103\u021bi energetice \u0219i eficien\u021b\u0103 energetic\u0103. Din consult\u0103rile cu b\u0103ncile, pare s\u0103 fie realizabil, deci nu redirec\u021bion\u0103m bani de la comunit\u0103\u021bile energetice c\u0103tre al\u021bii, ci cre\u0103m o solu\u021bie combinat\u0103 \u00eentre eficien\u021b\u0103 energetic\u0103 \u0219i proiecte cu privire la comunit\u0103\u021bile energetice&#8217;, a men\u021bionat Drago\u0219 P\u00eeslaru, la dezbaterea pe tema &#8216;Oportunit\u0103\u021bi de finan\u021bare prin fonduri europene&#8217;, organizat\u0103 de AHK Rom\u00e2nia.<\/p>\n<p>El a fost \u00eentrebat despre cadrul legal privind comunit\u0103\u021bile energetice.<\/p>\n<p>Totodat\u0103, ministrul a subliniat c\u0103 se dore\u0219te \u00eencurajarea municipalit\u0103\u021bilor &#8216;s\u0103 aplice \u00eempreun\u0103 cu re\u021bele de consumatori priva\u021bi&#8217;. &#8216;Le vom da puncte suplimentare dac\u0103 prim\u0103riile, \u00eempreun\u0103 cu aceste re\u021bele, vor aplica pentru proiecte, pentru c\u0103 ei au capacitatea administrativ\u0103&#8217;, a ad\u0103ugat ministrul. AGERPRES\/(AS &#8211; redactor: Nicoleta B\u0103nciulea, editor: Andreea Marinescu, editor online: Adrian D\u0103d\u00e2rlat)<\/p>\n<p><a href=\"https:\/\/agerpres.ro\/economic\/2025\/11\/04\/ministrul-investitiilor-in-proportie-de-90-avem-sansa-ca-peste-doua-zile-sa-adoptam-legea-comunitati--1499911\">https:\/\/agerpres.ro\/economic\/2025\/11\/04\/ministrul-investitiilor-in-proportie-de-90-avem-sansa-ca-peste-doua-zile-sa-adoptam-legea-comunitati&#8211;1499911<\/a><\/p>","protected":false},"excerpt":{"rendered":"<p>Legea comunit\u0103\u021bilor energetice ar putea fi adoptat\u0103 peste dou\u0103 zile, a anun\u021bat, mar\u021bi, ministrul Investi\u021biilor \u0219i Proiectelor Europene, Drago\u0219 P\u00eeslaru, care a ad\u0103ugat c\u0103 se dore\u0219te \u00eencurajarea municipalit\u0103\u021bilor pentru a aplica pentru proiecte \u00eempreun\u0103 cu re\u021bele de consumatori priva\u021bi. &#8216;Nu sunt 100% sigur, dar \u00een propor\u021bie de 90% avem \u0219ansa ca peste dou\u0103 zile, adic\u0103&#8230;<\/p>","protected":false},"author":4,"featured_media":0,"comment_status":"open","ping_status":"open","sticky":false,"template":"","format":"standard","meta":{"footnotes":""},"categories":[1],"tags":[],"class_list":["post-3270","post","type-post","status-publish","format-standard","hentry","category-uncategorized"],"yoast_head":"<!-- This site is optimized with the Yoast SEO plugin v26.1.1 - https:\/\/yoast.com\/wordpress\/plugins\/seo\/ -->\n<title>Ministrul Investi\u021biilor: \u00cen propor\u021bie de 90% avem \u0219ansa ca peste dou\u0103 zile s\u0103 adopt\u0103m Legea comunit\u0103\u021bilor energetice - Carpathia Center Romania<\/title>\n<meta name=\"robots\" content=\"index, follow, max-snippet:-1, max-image-preview:large, max-video-preview:-1\" \/>\n<link rel=\"canonical\" href=\"https:\/\/carpathiacenter.ro\/en\/ministrul-investitiilor-in-proportie-de-90-avem-sansa-ca-peste-doua-zile-sa-adoptam-legea-comunitatilor-energetice\/\" \/>\n<meta property=\"og:locale\" content=\"en_GB\" \/>\n<meta property=\"og:type\" content=\"article\" \/>\n<meta property=\"og:title\" content=\"Ministrul Investi\u021biilor: \u00cen propor\u021bie de 90% avem \u0219ansa ca peste dou\u0103 zile s\u0103 adopt\u0103m Legea comunit\u0103\u021bilor energetice - Carpathia Center Romania\" \/>\n<meta property=\"og:description\" content=\"Legea comunit\u0103\u021bilor energetice ar putea fi adoptat\u0103 peste dou\u0103 zile, a anun\u021bat, mar\u021bi, ministrul Investi\u021biilor \u0219i Proiectelor Europene, Drago\u0219 P\u00eeslaru, care a ad\u0103ugat c\u0103 se dore\u0219te \u00eencurajarea municipalit\u0103\u021bilor pentru a aplica pentru proiecte \u00eempreun\u0103 cu re\u021bele de consumatori priva\u021bi. &#8216;Nu sunt 100% sigur, dar \u00een propor\u021bie de 90% avem \u0219ansa ca peste dou\u0103 zile, adic\u0103...\" \/>\n<meta property=\"og:url\" content=\"https:\/\/carpathiacenter.ro\/en\/ministrul-investitiilor-in-proportie-de-90-avem-sansa-ca-peste-doua-zile-sa-adoptam-legea-comunitatilor-energetice\/\" \/>\n<meta property=\"og:site_name\" content=\"Carpathia Center Romania\" \/>\n<meta property=\"article:publisher\" content=\"https:\/\/www.facebook.com\/fdpscarpathia\/\" \/>\n<meta property=\"article:published_time\" content=\"2025-11-05T15:00:05+00:00\" \/>\n<meta property=\"article:modified_time\" content=\"2025-11-05T15:00:52+00:00\" \/>\n<meta name=\"author\" content=\"creativebitsolutions\" \/>\n<meta name=\"twitter:card\" content=\"summary_large_image\" \/>\n<meta name=\"twitter:label1\" content=\"Written by\" \/>\n\t<meta name=\"twitter:data1\" content=\"creativebitsolutions\" \/>\n\t<meta name=\"twitter:label2\" content=\"Estimated reading time\" \/>\n\t<meta name=\"twitter:data2\" content=\"2 minutes\" \/>\n<script type=\"application\/ld+json\" class=\"yoast-schema-graph\">{\"@context\":\"https:\/\/schema.org\",\"@graph\":[{\"@type\":\"Article\",\"@id\":\"https:\/\/carpathiacenter.ro\/ministrul-investitiilor-in-proportie-de-90-avem-sansa-ca-peste-doua-zile-sa-adoptam-legea-comunitatilor-energetice\/#article\",\"isPartOf\":{\"@id\":\"https:\/\/carpathiacenter.ro\/ministrul-investitiilor-in-proportie-de-90-avem-sansa-ca-peste-doua-zile-sa-adoptam-legea-comunitatilor-energetice\/\"},\"author\":{\"name\":\"creativebitsolutions\",\"@id\":\"https:\/\/carpathiacenter.ro\/#\/schema\/person\/03d9f58202fee8379268f34afa195006\"},\"headline\":\"Ministrul Investi\u021biilor: \u00cen propor\u021bie de 90% avem \u0219ansa ca peste dou\u0103 zile s\u0103 adopt\u0103m Legea comunit\u0103\u021bilor energetice\",\"datePublished\":\"2025-11-05T15:00:05+00:00\",\"dateModified\":\"2025-11-05T15:00:52+00:00\",\"mainEntityOfPage\":{\"@id\":\"https:\/\/carpathiacenter.ro\/ministrul-investitiilor-in-proportie-de-90-avem-sansa-ca-peste-doua-zile-sa-adoptam-legea-comunitatilor-energetice\/\"},\"wordCount\":408,\"commentCount\":0,\"publisher\":{\"@id\":\"https:\/\/carpathiacenter.ro\/#organization\"},\"articleSection\":[\"Uncategorized\"],\"inLanguage\":\"en-GB\",\"potentialAction\":[{\"@type\":\"CommentAction\",\"name\":\"Comment\",\"target\":[\"https:\/\/carpathiacenter.ro\/ministrul-investitiilor-in-proportie-de-90-avem-sansa-ca-peste-doua-zile-sa-adoptam-legea-comunitatilor-energetice\/#respond\"]}]},{\"@type\":\"WebPage\",\"@id\":\"https:\/\/carpathiacenter.ro\/ministrul-investitiilor-in-proportie-de-90-avem-sansa-ca-peste-doua-zile-sa-adoptam-legea-comunitatilor-energetice\/\",\"url\":\"https:\/\/carpathiacenter.ro\/ministrul-investitiilor-in-proportie-de-90-avem-sansa-ca-peste-doua-zile-sa-adoptam-legea-comunitatilor-energetice\/\",\"name\":\"Ministrul Investi\u021biilor: \u00cen propor\u021bie de 90% avem \u0219ansa ca peste dou\u0103 zile s\u0103 adopt\u0103m Legea comunit\u0103\u021bilor energetice - Carpathia Center Romania\",\"isPartOf\":{\"@id\":\"https:\/\/carpathiacenter.ro\/#website\"},\"datePublished\":\"2025-11-05T15:00:05+00:00\",\"dateModified\":\"2025-11-05T15:00:52+00:00\",\"breadcrumb\":{\"@id\":\"https:\/\/carpathiacenter.ro\/ministrul-investitiilor-in-proportie-de-90-avem-sansa-ca-peste-doua-zile-sa-adoptam-legea-comunitatilor-energetice\/#breadcrumb\"},\"inLanguage\":\"en-GB\",\"potentialAction\":[{\"@type\":\"ReadAction\",\"target\":[\"https:\/\/carpathiacenter.ro\/ministrul-investitiilor-in-proportie-de-90-avem-sansa-ca-peste-doua-zile-sa-adoptam-legea-comunitatilor-energetice\/\"]}]},{\"@type\":\"BreadcrumbList\",\"@id\":\"https:\/\/carpathiacenter.ro\/ministrul-investitiilor-in-proportie-de-90-avem-sansa-ca-peste-doua-zile-sa-adoptam-legea-comunitatilor-energetice\/#breadcrumb\",\"itemListElement\":[{\"@type\":\"ListItem\",\"position\":1,\"name\":\"Prima pagin\u0103\",\"item\":\"https:\/\/carpathiacenter.ro\/\"},{\"@type\":\"ListItem\",\"position\":2,\"name\":\"Ministrul Investi\u021biilor: \u00cen propor\u021bie de 90% avem \u0219ansa ca peste dou\u0103 zile s\u0103 adopt\u0103m Legea comunit\u0103\u021bilor energetice\"}]},{\"@type\":\"WebSite\",\"@id\":\"https:\/\/carpathiacenter.ro\/#website\",\"url\":\"https:\/\/carpathiacenter.ro\/\",\"name\":\"Carpathia Center Romania\",\"description\":\"Impossible made possible!\",\"publisher\":{\"@id\":\"https:\/\/carpathiacenter.ro\/#organization\"},\"potentialAction\":[{\"@type\":\"SearchAction\",\"target\":{\"@type\":\"EntryPoint\",\"urlTemplate\":\"https:\/\/carpathiacenter.ro\/?s={search_term_string}\"},\"query-input\":{\"@type\":\"PropertyValueSpecification\",\"valueRequired\":true,\"valueName\":\"search_term_string\"}}],\"inLanguage\":\"en-GB\"},{\"@type\":\"Organization\",\"@id\":\"https:\/\/carpathiacenter.ro\/#organization\",\"name\":\"Carpathia Center Romania\",\"url\":\"https:\/\/carpathiacenter.ro\/\",\"logo\":{\"@type\":\"ImageObject\",\"inLanguage\":\"en-GB\",\"@id\":\"https:\/\/carpathiacenter.ro\/#\/schema\/logo\/image\/\",\"url\":\"https:\/\/carpathiacenter.ro\/wp-content\/uploads\/2024\/07\/logo-carpathia_bg_white-1024x941.png\",\"contentUrl\":\"https:\/\/carpathiacenter.ro\/wp-content\/uploads\/2024\/07\/logo-carpathia_bg_white-1024x941.png\",\"width\":1024,\"height\":941,\"caption\":\"Carpathia Center Romania\"},\"image\":{\"@id\":\"https:\/\/carpathiacenter.ro\/#\/schema\/logo\/image\/\"},\"sameAs\":[\"https:\/\/www.facebook.com\/fdpscarpathia\/\"]},{\"@type\":\"Person\",\"@id\":\"https:\/\/carpathiacenter.ro\/#\/schema\/person\/03d9f58202fee8379268f34afa195006\",\"name\":\"creativebitsolutions\",\"image\":{\"@type\":\"ImageObject\",\"inLanguage\":\"en-GB\",\"@id\":\"https:\/\/carpathiacenter.ro\/#\/schema\/person\/image\/\",\"url\":\"https:\/\/secure.gravatar.com\/avatar\/1b1a13e37f847c635dab78348f1dff2f07651ee2a3d77a5c355a4b8c75f9165a?s=96&d=mm&r=g\",\"contentUrl\":\"https:\/\/secure.gravatar.com\/avatar\/1b1a13e37f847c635dab78348f1dff2f07651ee2a3d77a5c355a4b8c75f9165a?s=96&d=mm&r=g\",\"caption\":\"creativebitsolutions\"},\"url\":\"https:\/\/carpathiacenter.ro\/en\/author\/creativebitsolutions\/\"}]}<\/script>\n<!-- \/ Yoast SEO plugin. -->","yoast_head_json":{"title":"Ministrul Investi\u021biilor: \u00cen propor\u021bie de 90% avem \u0219ansa ca peste dou\u0103 zile s\u0103 adopt\u0103m Legea comunit\u0103\u021bilor energetice - Carpathia Center Romania","robots":{"index":"index","follow":"follow","max-snippet":"max-snippet:-1","max-image-preview":"max-image-preview:large","max-video-preview":"max-video-preview:-1"},"canonical":"https:\/\/carpathiacenter.ro\/en\/ministrul-investitiilor-in-proportie-de-90-avem-sansa-ca-peste-doua-zile-sa-adoptam-legea-comunitatilor-energetice\/","og_locale":"en_GB","og_type":"article","og_title":"Ministrul Investi\u021biilor: \u00cen propor\u021bie de 90% avem \u0219ansa ca peste dou\u0103 zile s\u0103 adopt\u0103m Legea comunit\u0103\u021bilor energetice - Carpathia Center Romania","og_description":"Legea comunit\u0103\u021bilor energetice ar putea fi adoptat\u0103 peste dou\u0103 zile, a anun\u021bat, mar\u021bi, ministrul Investi\u021biilor \u0219i Proiectelor Europene, Drago\u0219 P\u00eeslaru, care a ad\u0103ugat c\u0103 se dore\u0219te \u00eencurajarea municipalit\u0103\u021bilor pentru a aplica pentru proiecte \u00eempreun\u0103 cu re\u021bele de consumatori priva\u021bi. &#8216;Nu sunt 100% sigur, dar \u00een propor\u021bie de 90% avem \u0219ansa ca peste dou\u0103 zile, adic\u0103...","og_url":"https:\/\/carpathiacenter.ro\/en\/ministrul-investitiilor-in-proportie-de-90-avem-sansa-ca-peste-doua-zile-sa-adoptam-legea-comunitatilor-energetice\/","og_site_name":"Carpathia Center Romania","article_publisher":"https:\/\/www.facebook.com\/fdpscarpathia\/","article_published_time":"2025-11-05T15:00:05+00:00","article_modified_time":"2025-11-05T15:00:52+00:00","author":"creativebitsolutions","twitter_card":"summary_large_image","twitter_misc":{"Written by":"creativebitsolutions","Estimated reading time":"2 minutes"},"schema":{"@context":"https:\/\/schema.org","@graph":[{"@type":"Article","@id":"https:\/\/carpathiacenter.ro\/ministrul-investitiilor-in-proportie-de-90-avem-sansa-ca-peste-doua-zile-sa-adoptam-legea-comunitatilor-energetice\/#article","isPartOf":{"@id":"https:\/\/carpathiacenter.ro\/ministrul-investitiilor-in-proportie-de-90-avem-sansa-ca-peste-doua-zile-sa-adoptam-legea-comunitatilor-energetice\/"},"author":{"name":"creativebitsolutions","@id":"https:\/\/carpathiacenter.ro\/#\/schema\/person\/03d9f58202fee8379268f34afa195006"},"headline":"Ministrul Investi\u021biilor: \u00cen propor\u021bie de 90% avem \u0219ansa ca peste dou\u0103 zile s\u0103 adopt\u0103m Legea comunit\u0103\u021bilor energetice","datePublished":"2025-11-05T15:00:05+00:00","dateModified":"2025-11-05T15:00:52+00:00","mainEntityOfPage":{"@id":"https:\/\/carpathiacenter.ro\/ministrul-investitiilor-in-proportie-de-90-avem-sansa-ca-peste-doua-zile-sa-adoptam-legea-comunitatilor-energetice\/"},"wordCount":408,"commentCount":0,"publisher":{"@id":"https:\/\/carpathiacenter.ro\/#organization"},"articleSection":["Uncategorized"],"inLanguage":"en-GB","potentialAction":[{"@type":"CommentAction","name":"Comment","target":["https:\/\/carpathiacenter.ro\/ministrul-investitiilor-in-proportie-de-90-avem-sansa-ca-peste-doua-zile-sa-adoptam-legea-comunitatilor-energetice\/#respond"]}]},{"@type":"WebPage","@id":"https:\/\/carpathiacenter.ro\/ministrul-investitiilor-in-proportie-de-90-avem-sansa-ca-peste-doua-zile-sa-adoptam-legea-comunitatilor-energetice\/","url":"https:\/\/carpathiacenter.ro\/ministrul-investitiilor-in-proportie-de-90-avem-sansa-ca-peste-doua-zile-sa-adoptam-legea-comunitatilor-energetice\/","name":"Ministrul Investi\u021biilor: \u00cen propor\u021bie de 90% avem \u0219ansa ca peste dou\u0103 zile s\u0103 adopt\u0103m Legea comunit\u0103\u021bilor energetice - Carpathia Center Romania","isPartOf":{"@id":"https:\/\/carpathiacenter.ro\/#website"},"datePublished":"2025-11-05T15:00:05+00:00","dateModified":"2025-11-05T15:00:52+00:00","breadcrumb":{"@id":"https:\/\/carpathiacenter.ro\/ministrul-investitiilor-in-proportie-de-90-avem-sansa-ca-peste-doua-zile-sa-adoptam-legea-comunitatilor-energetice\/#breadcrumb"},"inLanguage":"en-GB","potentialAction":[{"@type":"ReadAction","target":["https:\/\/carpathiacenter.ro\/ministrul-investitiilor-in-proportie-de-90-avem-sansa-ca-peste-doua-zile-sa-adoptam-legea-comunitatilor-energetice\/"]}]},{"@type":"BreadcrumbList","@id":"https:\/\/carpathiacenter.ro\/ministrul-investitiilor-in-proportie-de-90-avem-sansa-ca-peste-doua-zile-sa-adoptam-legea-comunitatilor-energetice\/#breadcrumb","itemListElement":[{"@type":"ListItem","position":1,"name":"Prima pagin\u0103","item":"https:\/\/carpathiacenter.ro\/"},{"@type":"ListItem","position":2,"name":"Ministrul Investi\u021biilor: \u00cen propor\u021bie de 90% avem \u0219ansa ca peste dou\u0103 zile s\u0103 adopt\u0103m Legea comunit\u0103\u021bilor energetice"}]},{"@type":"WebSite","@id":"https:\/\/carpathiacenter.ro\/#website","url":"https:\/\/carpathiacenter.ro\/","name":"Carpathia Center Romania","description":"Impossible made possible!","publisher":{"@id":"https:\/\/carpathiacenter.ro\/#organization"},"potentialAction":[{"@type":"SearchAction","target":{"@type":"EntryPoint","urlTemplate":"https:\/\/carpathiacenter.ro\/?s={search_term_string}"},"query-input":{"@type":"PropertyValueSpecification","valueRequired":true,"valueName":"search_term_string"}}],"inLanguage":"en-GB"},{"@type":"Organization","@id":"https:\/\/carpathiacenter.ro\/#organization","name":"Carpathia Center Romania","url":"https:\/\/carpathiacenter.ro\/","logo":{"@type":"ImageObject","inLanguage":"en-GB","@id":"https:\/\/carpathiacenter.ro\/#\/schema\/logo\/image\/","url":"https:\/\/carpathiacenter.ro\/wp-content\/uploads\/2024\/07\/logo-carpathia_bg_white-1024x941.png","contentUrl":"https:\/\/carpathiacenter.ro\/wp-content\/uploads\/2024\/07\/logo-carpathia_bg_white-1024x941.png","width":1024,"height":941,"caption":"Carpathia Center Romania"},"image":{"@id":"https:\/\/carpathiacenter.ro\/#\/schema\/logo\/image\/"},"sameAs":["https:\/\/www.facebook.com\/fdpscarpathia\/"]},{"@type":"Person","@id":"https:\/\/carpathiacenter.ro\/#\/schema\/person\/03d9f58202fee8379268f34afa195006","name":"creativebitsolutions","image":{"@type":"ImageObject","inLanguage":"en-GB","@id":"https:\/\/carpathiacenter.ro\/#\/schema\/person\/image\/","url":"https:\/\/secure.gravatar.com\/avatar\/1b1a13e37f847c635dab78348f1dff2f07651ee2a3d77a5c355a4b8c75f9165a?s=96&d=mm&r=g","contentUrl":"https:\/\/secure.gravatar.com\/avatar\/1b1a13e37f847c635dab78348f1dff2f07651ee2a3d77a5c355a4b8c75f9165a?s=96&d=mm&r=g","caption":"creativebitsolutions"},"url":"https:\/\/carpathiacenter.ro\/en\/author\/creativebitsolutions\/"}]}},"_links":{"self":[{"href":"https:\/\/carpathiacenter.ro\/en\/wp-json\/wp\/v2\/posts\/3270","targetHints":{"allow":["GET"]}}],"collection":[{"href":"https:\/\/carpathiacenter.ro\/en\/wp-json\/wp\/v2\/posts"}],"about":[{"href":"https:\/\/carpathiacenter.ro\/en\/wp-json\/wp\/v2\/types\/post"}],"author":[{"embeddable":true,"href":"https:\/\/carpathiacenter.ro\/en\/wp-json\/wp\/v2\/users\/4"}],"replies":[{"embeddable":true,"href":"https:\/\/carpathiacenter.ro\/en\/wp-json\/wp\/v2\/comments?post=3270"}],"version-history":[{"count":2,"href":"https:\/\/carpathiacenter.ro\/en\/wp-json\/wp\/v2\/posts\/3270\/revisions"}],"predecessor-version":[{"id":3276,"href":"https:\/\/carpathiacenter.ro\/en\/wp-json\/wp\/v2\/posts\/3270\/revisions\/3276"}],"wp:attachment":[{"href":"https:\/\/carpathiacenter.ro\/en\/wp-json\/wp\/v2\/media?parent=3270"}],"wp:term":[{"taxonomy":"category","embeddable":true,"href":"https:\/\/carpathiacenter.ro\/en\/wp-json\/wp\/v2\/categories?post=3270"},{"taxonomy":"post_tag","embeddable":true,"href":"https:\/\/carpathiacenter.ro\/en\/wp-json\/wp\/v2\/tags?post=3270"}],"curies":[{"name":"wp","href":"https:\/\/api.w.org\/{rel}","templated":true}]}}