{"id":3267,"date":"2025-11-04T08:46:48","date_gmt":"2025-11-04T08:46:48","guid":{"rendered":"https:\/\/carpathiacenter.ro\/?p=3267"},"modified":"2025-11-04T08:46:48","modified_gmt":"2025-11-04T08:46:48","slug":"eveniment-de-marcare-a-doi-ani-de-la-lansarea-sgr-in-romania-organizat-marti","status":"publish","type":"post","link":"https:\/\/carpathiacenter.ro\/en\/eveniment-de-marcare-a-doi-ani-de-la-lansarea-sgr-in-romania-organizat-marti\/","title":{"rendered":"Eveniment de marcare a doi ani de la lansarea SGR \u00een Rom\u00e2nia, organizat mar\u021bi"},"content":{"rendered":"<p>Companii, speciali\u0219ti \u0219i autorit\u0103\u021bi implicate \u00een protec\u021bia mediului din Rom\u00e2nia particip\u0103, mar\u021bi, la evenimentul &#8216;PRIA Environment Conference&#8217;, ce marcheaz\u0103 doi ani de la lansarea Sistemului de Garantare-Returnare (SGR) la nivel na\u021bional.<\/p>\n<p>Potrivit organizatorilor, printre cei care vor fi prezen\u021bi la conferin\u021ba de specialitate se vor afla: Tanczos Barna &#8211; vice-prim ministru \u0219i fost ministru al Mediului, Raul Pop &#8211; secretar de stat \u00een Ministerul Mediului, Apelor \u0219i P\u0103durilor (MMAP), Mihaela Fr\u0103sineanu &#8211; consilier\u0103 de stat \u00een Cancelaria prim-ministrului, Mircea Fechet &#8211; deputat \u0219i fost ministru al Mediului, Andrei Corlan &#8211; comisar general al G\u0103rzii Na\u021bionale de Mediu (GNM), Gemma Webb &#8211; CEO \u0219i pre\u0219edinta RetuRO SGR, \u0219i Feliciu Paraschiv &#8211; vicepre\u0219edinte al Asocia\u021biei Na\u021bionale a Comercian\u021bilor Mici \u0219i Mijlocii (ANCMM).<\/p>\n<p>SGR a fost implementat \u00eencep\u00e2nd din data de 30 noiembrie 2023, moment din care rom\u00e2nii pl\u0103tesc o garan\u021bie de 50 de bani atunci c\u00e2nd cump\u0103r\u0103 o b\u0103utur\u0103 \u00eembuteliat\u0103 (ap\u0103, b\u0103uturi r\u0103coritoare, bere, cidru, vin, b\u0103uturi spirtoase) de la un comerciant. Ulterior, dup\u0103 golirea ambalajului, consumatorul trebuie s\u0103 \u00eel aduc\u0103 \u00eentr-unul dintre punctele de returnare organizate de c\u0103tre comercian\u021bi, iar \u00een schimb va primi \u00eenapoi, pe loc, valoarea garan\u021biei pl\u0103tite ini\u021bial, f\u0103r\u0103 a fi condi\u021bionat de prezentarea bonului fiscal.<\/p>\n<p>Dup\u0103 doi ani de la lansarea SGR, ratele de returnare pentru toate cele trei tipuri de de\u0219euri &#8211; PET, aluminiu \u0219i sticl\u0103 &#8211; au dep\u0103\u0219it 90%, \u00een septembrie 2025, pentru a doua lun\u0103 consecutiv, conform datelor publicate, recent, de RetuRO, administratorul Sistemului.<\/p>\n<p>La nivelul primelor nou\u0103 luni ale anului (ianuarie &#8211; septembrie 2025), rom\u00e2nii au returnat peste patru miliarde de ambalaje cu garan\u021bie, iar RetuRO a predat c\u0103tre reciclatori mai mult de 290.000 de tone de materiale (PET, aluminiu \u0219i sticl\u0103).<\/p>\n<p>RetuRO Sistem Garan\u021bie Returnare S.A. este o companie care func\u021bioneaz\u0103 pe principiul &#8216;not for profit&#8217;, creat\u0103 de un consor\u021biu de trei ac\u021bionari priva\u021bi: Asocia\u021bia Berarii Rom\u00e2niei pentru Mediu (30%), Asocia\u021bia Produc\u0103torilor de B\u0103uturi R\u0103coritoare pentru Sustenabilitate (30%) \u0219i Asocia\u021bia Retailerilor pentru Mediu (20%) \u0219i un ac\u021bionar public, statul rom\u00e2n, prin Ministerul Mediului, Apelor \u0219i P\u0103durilor (20%). AGERPRES\/(AS &#8211; redactor: Daniel Badea, editor: Andreea Marinescu, editor online: Alexandru Cojocaru)<br \/>\n<br \/>\nSursa articolului:  <a href=\"https:\/\/agerpres.ro\/economic\/2025\/11\/04\/eveniment-de-marcare-a-doi-ani-de-la-lansarea-sgr-in-romania-organizat-marti--1499564\" target=\"_blank\" rel=\"noopener\" title=\"\">AGERPRES<\/a><\/p>","protected":false},"excerpt":{"rendered":"<p>Companii, speciali\u0219ti \u0219i autorit\u0103\u021bi implicate \u00een protec\u021bia mediului din Rom\u00e2nia particip\u0103, mar\u021bi, la evenimentul &#8216;PRIA Environment Conference&#8217;, ce marcheaz\u0103 doi ani de la lansarea Sistemului de Garantare-Returnare (SGR) la nivel na\u021bional. Potrivit organizatorilor, printre cei care vor fi prezen\u021bi la conferin\u021ba de specialitate se vor afla: Tanczos Barna &#8211; vice-prim ministru \u0219i fost ministru al&#8230;<\/p>","protected":false},"author":4,"featured_media":3268,"comment_status":"open","ping_status":"open","sticky":false,"template":"","format":"standard","meta":{"footnotes":""},"categories":[1],"tags":[],"class_list":["post-3267","post","type-post","status-publish","format-standard","has-post-thumbnail","hentry","category-uncategorized"],"yoast_head":"<!-- This site is optimized with the Yoast SEO plugin v26.1.1 - https:\/\/yoast.com\/wordpress\/plugins\/seo\/ -->\n<title>Eveniment de marcare a doi ani de la lansarea SGR \u00een Rom\u00e2nia, organizat mar\u021bi - Carpathia Center Romania<\/title>\n<meta name=\"robots\" content=\"index, follow, max-snippet:-1, max-image-preview:large, max-video-preview:-1\" \/>\n<link rel=\"canonical\" href=\"https:\/\/carpathiacenter.ro\/en\/eveniment-de-marcare-a-doi-ani-de-la-lansarea-sgr-in-romania-organizat-marti\/\" \/>\n<meta property=\"og:locale\" content=\"en_GB\" \/>\n<meta property=\"og:type\" content=\"article\" \/>\n<meta property=\"og:title\" content=\"Eveniment de marcare a doi ani de la lansarea SGR \u00een Rom\u00e2nia, organizat mar\u021bi - Carpathia Center Romania\" \/>\n<meta property=\"og:description\" content=\"Companii, speciali\u0219ti \u0219i autorit\u0103\u021bi implicate \u00een protec\u021bia mediului din Rom\u00e2nia particip\u0103, mar\u021bi, la evenimentul &#8216;PRIA Environment Conference&#8217;, ce marcheaz\u0103 doi ani de la lansarea Sistemului de Garantare-Returnare (SGR) la nivel na\u021bional. Potrivit organizatorilor, printre cei care vor fi prezen\u021bi la conferin\u021ba de specialitate se vor afla: Tanczos Barna &#8211; vice-prim ministru \u0219i fost ministru al...\" \/>\n<meta property=\"og:url\" content=\"https:\/\/carpathiacenter.ro\/en\/eveniment-de-marcare-a-doi-ani-de-la-lansarea-sgr-in-romania-organizat-marti\/\" \/>\n<meta property=\"og:site_name\" content=\"Carpathia Center Romania\" \/>\n<meta property=\"article:publisher\" content=\"https:\/\/www.facebook.com\/fdpscarpathia\/\" \/>\n<meta property=\"article:published_time\" content=\"2025-11-04T08:46:48+00:00\" \/>\n<meta property=\"og:image\" content=\"https:\/\/carpathiacenter.ro\/wp-content\/uploads\/2025\/11\/Hora-Reciclarii.png\" \/>\n\t<meta property=\"og:image:width\" content=\"512\" \/>\n\t<meta property=\"og:image:height\" content=\"225\" \/>\n\t<meta property=\"og:image:type\" content=\"image\/png\" \/>\n<meta name=\"author\" content=\"creativebitsolutions\" \/>\n<meta name=\"twitter:card\" content=\"summary_large_image\" \/>\n<meta name=\"twitter:label1\" content=\"Written by\" \/>\n\t<meta name=\"twitter:data1\" content=\"creativebitsolutions\" \/>\n\t<meta name=\"twitter:label2\" content=\"Estimated reading time\" \/>\n\t<meta name=\"twitter:data2\" content=\"1 minute\" \/>\n<script type=\"application\/ld+json\" class=\"yoast-schema-graph\">{\"@context\":\"https:\/\/schema.org\",\"@graph\":[{\"@type\":\"Article\",\"@id\":\"https:\/\/carpathiacenter.ro\/eveniment-de-marcare-a-doi-ani-de-la-lansarea-sgr-in-romania-organizat-marti\/#article\",\"isPartOf\":{\"@id\":\"https:\/\/carpathiacenter.ro\/eveniment-de-marcare-a-doi-ani-de-la-lansarea-sgr-in-romania-organizat-marti\/\"},\"author\":{\"name\":\"creativebitsolutions\",\"@id\":\"https:\/\/carpathiacenter.ro\/#\/schema\/person\/03d9f58202fee8379268f34afa195006\"},\"headline\":\"Eveniment de marcare a doi ani de la lansarea SGR \u00een Rom\u00e2nia, organizat mar\u021bi\",\"datePublished\":\"2025-11-04T08:46:48+00:00\",\"mainEntityOfPage\":{\"@id\":\"https:\/\/carpathiacenter.ro\/eveniment-de-marcare-a-doi-ani-de-la-lansarea-sgr-in-romania-organizat-marti\/\"},\"wordCount\":411,\"commentCount\":0,\"publisher\":{\"@id\":\"https:\/\/carpathiacenter.ro\/#organization\"},\"image\":{\"@id\":\"https:\/\/carpathiacenter.ro\/eveniment-de-marcare-a-doi-ani-de-la-lansarea-sgr-in-romania-organizat-marti\/#primaryimage\"},\"thumbnailUrl\":\"https:\/\/carpathiacenter.ro\/wp-content\/uploads\/2025\/11\/Hora-Reciclarii.png\",\"articleSection\":[\"Uncategorized\"],\"inLanguage\":\"en-GB\",\"potentialAction\":[{\"@type\":\"CommentAction\",\"name\":\"Comment\",\"target\":[\"https:\/\/carpathiacenter.ro\/eveniment-de-marcare-a-doi-ani-de-la-lansarea-sgr-in-romania-organizat-marti\/#respond\"]}]},{\"@type\":\"WebPage\",\"@id\":\"https:\/\/carpathiacenter.ro\/eveniment-de-marcare-a-doi-ani-de-la-lansarea-sgr-in-romania-organizat-marti\/\",\"url\":\"https:\/\/carpathiacenter.ro\/eveniment-de-marcare-a-doi-ani-de-la-lansarea-sgr-in-romania-organizat-marti\/\",\"name\":\"Eveniment de marcare a doi ani de la lansarea SGR \u00een Rom\u00e2nia, organizat mar\u021bi - Carpathia Center Romania\",\"isPartOf\":{\"@id\":\"https:\/\/carpathiacenter.ro\/#website\"},\"primaryImageOfPage\":{\"@id\":\"https:\/\/carpathiacenter.ro\/eveniment-de-marcare-a-doi-ani-de-la-lansarea-sgr-in-romania-organizat-marti\/#primaryimage\"},\"image\":{\"@id\":\"https:\/\/carpathiacenter.ro\/eveniment-de-marcare-a-doi-ani-de-la-lansarea-sgr-in-romania-organizat-marti\/#primaryimage\"},\"thumbnailUrl\":\"https:\/\/carpathiacenter.ro\/wp-content\/uploads\/2025\/11\/Hora-Reciclarii.png\",\"datePublished\":\"2025-11-04T08:46:48+00:00\",\"breadcrumb\":{\"@id\":\"https:\/\/carpathiacenter.ro\/eveniment-de-marcare-a-doi-ani-de-la-lansarea-sgr-in-romania-organizat-marti\/#breadcrumb\"},\"inLanguage\":\"en-GB\",\"potentialAction\":[{\"@type\":\"ReadAction\",\"target\":[\"https:\/\/carpathiacenter.ro\/eveniment-de-marcare-a-doi-ani-de-la-lansarea-sgr-in-romania-organizat-marti\/\"]}]},{\"@type\":\"ImageObject\",\"inLanguage\":\"en-GB\",\"@id\":\"https:\/\/carpathiacenter.ro\/eveniment-de-marcare-a-doi-ani-de-la-lansarea-sgr-in-romania-organizat-marti\/#primaryimage\",\"url\":\"https:\/\/carpathiacenter.ro\/wp-content\/uploads\/2025\/11\/Hora-Reciclarii.png\",\"contentUrl\":\"https:\/\/carpathiacenter.ro\/wp-content\/uploads\/2025\/11\/Hora-Reciclarii.png\",\"width\":512,\"height\":225},{\"@type\":\"BreadcrumbList\",\"@id\":\"https:\/\/carpathiacenter.ro\/eveniment-de-marcare-a-doi-ani-de-la-lansarea-sgr-in-romania-organizat-marti\/#breadcrumb\",\"itemListElement\":[{\"@type\":\"ListItem\",\"position\":1,\"name\":\"Prima pagin\u0103\",\"item\":\"https:\/\/carpathiacenter.ro\/\"},{\"@type\":\"ListItem\",\"position\":2,\"name\":\"Eveniment de marcare a doi ani de la lansarea SGR \u00een Rom\u00e2nia, organizat mar\u021bi\"}]},{\"@type\":\"WebSite\",\"@id\":\"https:\/\/carpathiacenter.ro\/#website\",\"url\":\"https:\/\/carpathiacenter.ro\/\",\"name\":\"Carpathia Center Romania\",\"description\":\"Impossible made possible!\",\"publisher\":{\"@id\":\"https:\/\/carpathiacenter.ro\/#organization\"},\"potentialAction\":[{\"@type\":\"SearchAction\",\"target\":{\"@type\":\"EntryPoint\",\"urlTemplate\":\"https:\/\/carpathiacenter.ro\/?s={search_term_string}\"},\"query-input\":{\"@type\":\"PropertyValueSpecification\",\"valueRequired\":true,\"valueName\":\"search_term_string\"}}],\"inLanguage\":\"en-GB\"},{\"@type\":\"Organization\",\"@id\":\"https:\/\/carpathiacenter.ro\/#organization\",\"name\":\"Carpathia Center Romania\",\"url\":\"https:\/\/carpathiacenter.ro\/\",\"logo\":{\"@type\":\"ImageObject\",\"inLanguage\":\"en-GB\",\"@id\":\"https:\/\/carpathiacenter.ro\/#\/schema\/logo\/image\/\",\"url\":\"https:\/\/carpathiacenter.ro\/wp-content\/uploads\/2024\/07\/logo-carpathia_bg_white-1024x941.png\",\"contentUrl\":\"https:\/\/carpathiacenter.ro\/wp-content\/uploads\/2024\/07\/logo-carpathia_bg_white-1024x941.png\",\"width\":1024,\"height\":941,\"caption\":\"Carpathia Center Romania\"},\"image\":{\"@id\":\"https:\/\/carpathiacenter.ro\/#\/schema\/logo\/image\/\"},\"sameAs\":[\"https:\/\/www.facebook.com\/fdpscarpathia\/\"]},{\"@type\":\"Person\",\"@id\":\"https:\/\/carpathiacenter.ro\/#\/schema\/person\/03d9f58202fee8379268f34afa195006\",\"name\":\"creativebitsolutions\",\"image\":{\"@type\":\"ImageObject\",\"inLanguage\":\"en-GB\",\"@id\":\"https:\/\/carpathiacenter.ro\/#\/schema\/person\/image\/\",\"url\":\"https:\/\/secure.gravatar.com\/avatar\/1b1a13e37f847c635dab78348f1dff2f07651ee2a3d77a5c355a4b8c75f9165a?s=96&d=mm&r=g\",\"contentUrl\":\"https:\/\/secure.gravatar.com\/avatar\/1b1a13e37f847c635dab78348f1dff2f07651ee2a3d77a5c355a4b8c75f9165a?s=96&d=mm&r=g\",\"caption\":\"creativebitsolutions\"},\"url\":\"https:\/\/carpathiacenter.ro\/en\/author\/creativebitsolutions\/\"}]}<\/script>\n<!-- \/ Yoast SEO plugin. -->","yoast_head_json":{"title":"Eveniment de marcare a doi ani de la lansarea SGR \u00een Rom\u00e2nia, organizat mar\u021bi - Carpathia Center Romania","robots":{"index":"index","follow":"follow","max-snippet":"max-snippet:-1","max-image-preview":"max-image-preview:large","max-video-preview":"max-video-preview:-1"},"canonical":"https:\/\/carpathiacenter.ro\/en\/eveniment-de-marcare-a-doi-ani-de-la-lansarea-sgr-in-romania-organizat-marti\/","og_locale":"en_GB","og_type":"article","og_title":"Eveniment de marcare a doi ani de la lansarea SGR \u00een Rom\u00e2nia, organizat mar\u021bi - Carpathia Center Romania","og_description":"Companii, speciali\u0219ti \u0219i autorit\u0103\u021bi implicate \u00een protec\u021bia mediului din Rom\u00e2nia particip\u0103, mar\u021bi, la evenimentul &#8216;PRIA Environment Conference&#8217;, ce marcheaz\u0103 doi ani de la lansarea Sistemului de Garantare-Returnare (SGR) la nivel na\u021bional. Potrivit organizatorilor, printre cei care vor fi prezen\u021bi la conferin\u021ba de specialitate se vor afla: Tanczos Barna &#8211; vice-prim ministru \u0219i fost ministru al...","og_url":"https:\/\/carpathiacenter.ro\/en\/eveniment-de-marcare-a-doi-ani-de-la-lansarea-sgr-in-romania-organizat-marti\/","og_site_name":"Carpathia Center Romania","article_publisher":"https:\/\/www.facebook.com\/fdpscarpathia\/","article_published_time":"2025-11-04T08:46:48+00:00","og_image":[{"width":512,"height":225,"url":"https:\/\/carpathiacenter.ro\/wp-content\/uploads\/2025\/11\/Hora-Reciclarii.png","type":"image\/png"}],"author":"creativebitsolutions","twitter_card":"summary_large_image","twitter_misc":{"Written by":"creativebitsolutions","Estimated reading time":"1 minute"},"schema":{"@context":"https:\/\/schema.org","@graph":[{"@type":"Article","@id":"https:\/\/carpathiacenter.ro\/eveniment-de-marcare-a-doi-ani-de-la-lansarea-sgr-in-romania-organizat-marti\/#article","isPartOf":{"@id":"https:\/\/carpathiacenter.ro\/eveniment-de-marcare-a-doi-ani-de-la-lansarea-sgr-in-romania-organizat-marti\/"},"author":{"name":"creativebitsolutions","@id":"https:\/\/carpathiacenter.ro\/#\/schema\/person\/03d9f58202fee8379268f34afa195006"},"headline":"Eveniment de marcare a doi ani de la lansarea SGR \u00een Rom\u00e2nia, organizat mar\u021bi","datePublished":"2025-11-04T08:46:48+00:00","mainEntityOfPage":{"@id":"https:\/\/carpathiacenter.ro\/eveniment-de-marcare-a-doi-ani-de-la-lansarea-sgr-in-romania-organizat-marti\/"},"wordCount":411,"commentCount":0,"publisher":{"@id":"https:\/\/carpathiacenter.ro\/#organization"},"image":{"@id":"https:\/\/carpathiacenter.ro\/eveniment-de-marcare-a-doi-ani-de-la-lansarea-sgr-in-romania-organizat-marti\/#primaryimage"},"thumbnailUrl":"https:\/\/carpathiacenter.ro\/wp-content\/uploads\/2025\/11\/Hora-Reciclarii.png","articleSection":["Uncategorized"],"inLanguage":"en-GB","potentialAction":[{"@type":"CommentAction","name":"Comment","target":["https:\/\/carpathiacenter.ro\/eveniment-de-marcare-a-doi-ani-de-la-lansarea-sgr-in-romania-organizat-marti\/#respond"]}]},{"@type":"WebPage","@id":"https:\/\/carpathiacenter.ro\/eveniment-de-marcare-a-doi-ani-de-la-lansarea-sgr-in-romania-organizat-marti\/","url":"https:\/\/carpathiacenter.ro\/eveniment-de-marcare-a-doi-ani-de-la-lansarea-sgr-in-romania-organizat-marti\/","name":"Eveniment de marcare a doi ani de la lansarea SGR \u00een Rom\u00e2nia, organizat mar\u021bi - Carpathia Center Romania","isPartOf":{"@id":"https:\/\/carpathiacenter.ro\/#website"},"primaryImageOfPage":{"@id":"https:\/\/carpathiacenter.ro\/eveniment-de-marcare-a-doi-ani-de-la-lansarea-sgr-in-romania-organizat-marti\/#primaryimage"},"image":{"@id":"https:\/\/carpathiacenter.ro\/eveniment-de-marcare-a-doi-ani-de-la-lansarea-sgr-in-romania-organizat-marti\/#primaryimage"},"thumbnailUrl":"https:\/\/carpathiacenter.ro\/wp-content\/uploads\/2025\/11\/Hora-Reciclarii.png","datePublished":"2025-11-04T08:46:48+00:00","breadcrumb":{"@id":"https:\/\/carpathiacenter.ro\/eveniment-de-marcare-a-doi-ani-de-la-lansarea-sgr-in-romania-organizat-marti\/#breadcrumb"},"inLanguage":"en-GB","potentialAction":[{"@type":"ReadAction","target":["https:\/\/carpathiacenter.ro\/eveniment-de-marcare-a-doi-ani-de-la-lansarea-sgr-in-romania-organizat-marti\/"]}]},{"@type":"ImageObject","inLanguage":"en-GB","@id":"https:\/\/carpathiacenter.ro\/eveniment-de-marcare-a-doi-ani-de-la-lansarea-sgr-in-romania-organizat-marti\/#primaryimage","url":"https:\/\/carpathiacenter.ro\/wp-content\/uploads\/2025\/11\/Hora-Reciclarii.png","contentUrl":"https:\/\/carpathiacenter.ro\/wp-content\/uploads\/2025\/11\/Hora-Reciclarii.png","width":512,"height":225},{"@type":"BreadcrumbList","@id":"https:\/\/carpathiacenter.ro\/eveniment-de-marcare-a-doi-ani-de-la-lansarea-sgr-in-romania-organizat-marti\/#breadcrumb","itemListElement":[{"@type":"ListItem","position":1,"name":"Prima pagin\u0103","item":"https:\/\/carpathiacenter.ro\/"},{"@type":"ListItem","position":2,"name":"Eveniment de marcare a doi ani de la lansarea SGR \u00een Rom\u00e2nia, organizat mar\u021bi"}]},{"@type":"WebSite","@id":"https:\/\/carpathiacenter.ro\/#website","url":"https:\/\/carpathiacenter.ro\/","name":"Carpathia Center Romania","description":"Impossible made possible!","publisher":{"@id":"https:\/\/carpathiacenter.ro\/#organization"},"potentialAction":[{"@type":"SearchAction","target":{"@type":"EntryPoint","urlTemplate":"https:\/\/carpathiacenter.ro\/?s={search_term_string}"},"query-input":{"@type":"PropertyValueSpecification","valueRequired":true,"valueName":"search_term_string"}}],"inLanguage":"en-GB"},{"@type":"Organization","@id":"https:\/\/carpathiacenter.ro\/#organization","name":"Carpathia Center Romania","url":"https:\/\/carpathiacenter.ro\/","logo":{"@type":"ImageObject","inLanguage":"en-GB","@id":"https:\/\/carpathiacenter.ro\/#\/schema\/logo\/image\/","url":"https:\/\/carpathiacenter.ro\/wp-content\/uploads\/2024\/07\/logo-carpathia_bg_white-1024x941.png","contentUrl":"https:\/\/carpathiacenter.ro\/wp-content\/uploads\/2024\/07\/logo-carpathia_bg_white-1024x941.png","width":1024,"height":941,"caption":"Carpathia Center Romania"},"image":{"@id":"https:\/\/carpathiacenter.ro\/#\/schema\/logo\/image\/"},"sameAs":["https:\/\/www.facebook.com\/fdpscarpathia\/"]},{"@type":"Person","@id":"https:\/\/carpathiacenter.ro\/#\/schema\/person\/03d9f58202fee8379268f34afa195006","name":"creativebitsolutions","image":{"@type":"ImageObject","inLanguage":"en-GB","@id":"https:\/\/carpathiacenter.ro\/#\/schema\/person\/image\/","url":"https:\/\/secure.gravatar.com\/avatar\/1b1a13e37f847c635dab78348f1dff2f07651ee2a3d77a5c355a4b8c75f9165a?s=96&d=mm&r=g","contentUrl":"https:\/\/secure.gravatar.com\/avatar\/1b1a13e37f847c635dab78348f1dff2f07651ee2a3d77a5c355a4b8c75f9165a?s=96&d=mm&r=g","caption":"creativebitsolutions"},"url":"https:\/\/carpathiacenter.ro\/en\/author\/creativebitsolutions\/"}]}},"_links":{"self":[{"href":"https:\/\/carpathiacenter.ro\/en\/wp-json\/wp\/v2\/posts\/3267","targetHints":{"allow":["GET"]}}],"collection":[{"href":"https:\/\/carpathiacenter.ro\/en\/wp-json\/wp\/v2\/posts"}],"about":[{"href":"https:\/\/carpathiacenter.ro\/en\/wp-json\/wp\/v2\/types\/post"}],"author":[{"embeddable":true,"href":"https:\/\/carpathiacenter.ro\/en\/wp-json\/wp\/v2\/users\/4"}],"replies":[{"embeddable":true,"href":"https:\/\/carpathiacenter.ro\/en\/wp-json\/wp\/v2\/comments?post=3267"}],"version-history":[{"count":1,"href":"https:\/\/carpathiacenter.ro\/en\/wp-json\/wp\/v2\/posts\/3267\/revisions"}],"predecessor-version":[{"id":3269,"href":"https:\/\/carpathiacenter.ro\/en\/wp-json\/wp\/v2\/posts\/3267\/revisions\/3269"}],"wp:featuredmedia":[{"embeddable":true,"href":"https:\/\/carpathiacenter.ro\/en\/wp-json\/wp\/v2\/media\/3268"}],"wp:attachment":[{"href":"https:\/\/carpathiacenter.ro\/en\/wp-json\/wp\/v2\/media?parent=3267"}],"wp:term":[{"taxonomy":"category","embeddable":true,"href":"https:\/\/carpathiacenter.ro\/en\/wp-json\/wp\/v2\/categories?post=3267"},{"taxonomy":"post_tag","embeddable":true,"href":"https:\/\/carpathiacenter.ro\/en\/wp-json\/wp\/v2\/tags?post=3267"}],"curies":[{"name":"wp","href":"https:\/\/api.w.org\/{rel}","templated":true}]}}