{"id":3262,"date":"2025-11-03T10:03:08","date_gmt":"2025-11-03T10:03:08","guid":{"rendered":"https:\/\/carpathiacenter.ro\/?p=3262"},"modified":"2025-11-03T10:03:08","modified_gmt":"2025-11-03T10:03:08","slug":"seceta-pedologica-moderata-si-puternica-pe-suprafete-agricole-extinse-din-banat-si-crisana-si-izolat-in-transilvania-agrometeo","status":"publish","type":"post","link":"https:\/\/carpathiacenter.ro\/en\/seceta-pedologica-moderata-si-puternica-pe-suprafete-agricole-extinse-din-banat-si-crisana-si-izolat-in-transilvania-agrometeo\/","title":{"rendered":"Secet\u0103 pedologic\u0103 moderat\u0103 \u0219i puternic\u0103 pe suprafe\u021be agricole extinse din Banat \u0219i Cri\u0219ana \u0219i izolat \u00een Transilvania (agrometeo)"},"content":{"rendered":"<p>Rezerva de ap\u0103 pe ad\u00e2ncimea de sol 0-20 cm \u00een cultura gr\u00e2ului de toamn\u0103 se va situa \u00een limite satisf\u0103c\u0103toare, apropiate de optim \u0219i optime, \u00een cea mai mare parte a zonelor de cultur\u0103, potrivit prognozei agrometeorologice emise de Administra\u021bia Na\u021bional\u0103 de Meteorologie pentru perioada 1 &#8211; 7 noiembrie 2025.<\/p>\n<p>Con\u021binutul de umiditate din sol va prezenta valori sc\u0103zute (secet\u0103 pedologic\u0103 moderat\u0103 \u0219i puternic\u0103) pe suprafe\u021be agricole extinse din Banat \u0219i Cri\u0219ana, izolat \u00een nord-vestul \u0219i estul Transilvaniei.<\/p>\n<p>Ca urmare, ritmurile de cre\u0219tere \u0219i dezvoltare ale speciilor de toamn\u0103 se vor desf\u0103\u0219ura normal, \u00een cea mai mare parte a \u021b\u0103rii. Pe ansamblu, starea de vegeta\u021bie a culturilor de rapi\u021b\u0103, orz \u0219i gr\u00e2u se va men\u021bine \u00een general bun\u0103 \u0219i medie, iar \u00een sem\u0103n\u0103turile tardive, uniformitatea \u0219i vigurozitatea plantelor se va prezenta medie \u0219i slab\u0103, iar densitatea redus\u0103.<\/p>\n<p>\u00cen func\u021bie de data sem\u0103natului \u0219i condi\u021biile pedoclimatice, orzul \u0219i gr\u00e2ul de toamn\u0103 se vor afla \u00een fazele de germinare (40-100%) \u0219i r\u0103s\u0103rire (20-100%) pe aproape \u00eentreg teritoriul agricol, iar \u00een vestul \u0219i sudul \u021b\u0103rii se va semnala apari\u021bia frunzei a treia (10-50%). Cultura de rapi\u021b\u0103 \u00eenfiin\u021bat\u0103 \u00een epoca optim\u0103 va parcurge r\u0103s\u0103rirea (40-100%) \u0219i formarea rozetei de frunze (5-9 frunze), \u00een special \u00een zonele de c\u00e2mpie. La sfecla de zah\u0103r va fi posibil\u0103 finalizarea lucr\u0103rilor de recoltare, \u00een toate bazinele specializate.<\/p>\n<p>Speciile pomicole vor \u00eenregistra coacerea lemnului, \u00eeng\u0103lbenirea \u0219i c\u0103derea masiv\u0103 a frunzelor, continu\u00e2ndu-se totodat\u0103 lucr\u0103rile de recoltare la soiurile tardive. \u00cen majoritatea podgoriilor, vi\u021ba-de-vie se va afla la maturarea coardelor, precum \u0219i \u00eeng\u0103lbenirea \u0219i c\u0103derea fiziologic\u0103 a frunzelor.<\/p>\n<p>Potrivit meteorologilor, lucr\u0103rile agricole de sezon (eliberarea terenurilor de resturile vegetale, ar\u0103turi, fertiliz\u0103ri, recoltarea de pe ultimele suprafe\u021be, etc.) se vor efectua \u00een condi\u021bii bune.<\/p>\n<p>Conform ANM, perioada se va caracteriza printr-un regim termic al aerului mai ridicat dec\u00e2t \u00een mod obi\u0219nuit, \u00een toate zonele de cultur\u0103.<\/p>\n<p>Temperatura medie diurn\u0103 a aerului se va situa \u00eentre 4 &#8211; 20 grade Celsius, abaterile termice pozitive fiind de 1 &#8211; 9 grade, pe majoritatea suprafe\u021belor agricole. Temperatura maxim\u0103 a aerului se va \u00eencadra \u00eentre 10 \u0219i 25 de grade, \u00een cea mai mare parte a regiunilor, iar cea minim\u0103 va oscila \u00eentre -3 \u0219i 14 grade Celsius la scara \u00eentregii \u021b\u0103ri, cele mai sc\u0103zute valori \u00eenregistr\u00e2ndu-se \u00een estul Transilvaniei, unde local se va produce brum\u0103.<\/p>\n<p>Temperatura medie diurn\u0103 a solului la ad\u00e2ncimea de 10 cm va fi cuprins\u0103 \u00eentre 8 &#8211; 19 grade Celsius pe \u00eentreg teritoriul agricol, limite favorabile desf\u0103\u0219ur\u0103rii fazelor de germinare, r\u0103s\u0103rire \u0219i apari\u021bia primelor frunze la speciile de toamn\u0103 \u00eenfiin\u021bate \u00een epoca optim\u0103.<\/p>\n<p>\u00cen perioada men\u021bionat\u0103 se \u00eentrev\u0103d ploi locale, reduse cantitativ, iar v\u00e2ntul va prezenta intensific\u0103ri de scurt\u0103 durat\u0103. Totodat\u0103, \u00een zonele joase \u0219i de lunc\u0103 vor fi condi\u021bii de producere a ce\u021bii, izolat asociat\u0103 cu burni\u021b\u0103.AGERPRES\/(AS &#8211; editor: Mariana Nica, editor online: Andreea L\u00e3z\u00e3roiu)<br \/>\n<br \/>\nSursa articolului:  <a href=\"https:\/\/agerpres.ro\/social\/2025\/11\/02\/seceta-pedologica-moderata-si-puternica-pe-suprafete-agricole-extinse-din-banat-si-crisana-si-izolat--1499156\" target=\"_blank\" rel=\"noopener\" title=\"\">AGERPRES<\/a><\/p>","protected":false},"excerpt":{"rendered":"<p>Rezerva de ap\u0103 pe ad\u00e2ncimea de sol 0-20 cm \u00een cultura gr\u00e2ului de toamn\u0103 se va situa \u00een limite satisf\u0103c\u0103toare, apropiate de optim \u0219i optime, \u00een cea mai mare parte a zonelor de cultur\u0103, potrivit prognozei agrometeorologice emise de Administra\u021bia Na\u021bional\u0103 de Meteorologie pentru perioada 1 &#8211; 7 noiembrie 2025. Con\u021binutul de umiditate din sol&#8230;<\/p>","protected":false},"author":4,"featured_media":3263,"comment_status":"open","ping_status":"open","sticky":false,"template":"","format":"standard","meta":{"footnotes":""},"categories":[1],"tags":[],"class_list":["post-3262","post","type-post","status-publish","format-standard","has-post-thumbnail","hentry","category-uncategorized"],"yoast_head":"<!-- This site is optimized with the Yoast SEO plugin v26.1.1 - https:\/\/yoast.com\/wordpress\/plugins\/seo\/ -->\n<title>Secet\u0103 pedologic\u0103 moderat\u0103 \u0219i puternic\u0103 pe suprafe\u021be agricole extinse din Banat \u0219i Cri\u0219ana \u0219i izolat \u00een Transilvania (agrometeo) - Carpathia Center Romania<\/title>\n<meta name=\"robots\" content=\"index, follow, max-snippet:-1, max-image-preview:large, max-video-preview:-1\" \/>\n<link rel=\"canonical\" href=\"https:\/\/carpathiacenter.ro\/en\/seceta-pedologica-moderata-si-puternica-pe-suprafete-agricole-extinse-din-banat-si-crisana-si-izolat-in-transilvania-agrometeo\/\" \/>\n<meta property=\"og:locale\" content=\"en_GB\" \/>\n<meta property=\"og:type\" content=\"article\" \/>\n<meta property=\"og:title\" content=\"Secet\u0103 pedologic\u0103 moderat\u0103 \u0219i puternic\u0103 pe suprafe\u021be agricole extinse din Banat \u0219i Cri\u0219ana \u0219i izolat \u00een Transilvania (agrometeo) - Carpathia Center Romania\" \/>\n<meta property=\"og:description\" content=\"Rezerva de ap\u0103 pe ad\u00e2ncimea de sol 0-20 cm \u00een cultura gr\u00e2ului de toamn\u0103 se va situa \u00een limite satisf\u0103c\u0103toare, apropiate de optim \u0219i optime, \u00een cea mai mare parte a zonelor de cultur\u0103, potrivit prognozei agrometeorologice emise de Administra\u021bia Na\u021bional\u0103 de Meteorologie pentru perioada 1 &#8211; 7 noiembrie 2025. Con\u021binutul de umiditate din sol...\" \/>\n<meta property=\"og:url\" content=\"https:\/\/carpathiacenter.ro\/en\/seceta-pedologica-moderata-si-puternica-pe-suprafete-agricole-extinse-din-banat-si-crisana-si-izolat-in-transilvania-agrometeo\/\" \/>\n<meta property=\"og:site_name\" content=\"Carpathia Center Romania\" \/>\n<meta property=\"article:publisher\" content=\"https:\/\/www.facebook.com\/fdpscarpathia\/\" \/>\n<meta property=\"article:published_time\" content=\"2025-11-03T10:03:08+00:00\" \/>\n<meta property=\"og:image\" content=\"https:\/\/carpathiacenter.ro\/wp-content\/uploads\/2025\/11\/porumb-uscat-seceta.jpg\" \/>\n\t<meta property=\"og:image:width\" content=\"2560\" \/>\n\t<meta property=\"og:image:height\" content=\"1707\" \/>\n\t<meta property=\"og:image:type\" content=\"image\/jpeg\" \/>\n<meta name=\"author\" content=\"creativebitsolutions\" \/>\n<meta name=\"twitter:card\" content=\"summary_large_image\" \/>\n<meta name=\"twitter:label1\" content=\"Written by\" \/>\n\t<meta name=\"twitter:data1\" content=\"creativebitsolutions\" \/>\n\t<meta name=\"twitter:label2\" content=\"Estimated reading time\" \/>\n\t<meta name=\"twitter:data2\" content=\"1 minute\" \/>\n<script type=\"application\/ld+json\" class=\"yoast-schema-graph\">{\"@context\":\"https:\/\/schema.org\",\"@graph\":[{\"@type\":\"Article\",\"@id\":\"https:\/\/carpathiacenter.ro\/seceta-pedologica-moderata-si-puternica-pe-suprafete-agricole-extinse-din-banat-si-crisana-si-izolat-in-transilvania-agrometeo\/#article\",\"isPartOf\":{\"@id\":\"https:\/\/carpathiacenter.ro\/seceta-pedologica-moderata-si-puternica-pe-suprafete-agricole-extinse-din-banat-si-crisana-si-izolat-in-transilvania-agrometeo\/\"},\"author\":{\"name\":\"creativebitsolutions\",\"@id\":\"https:\/\/carpathiacenter.ro\/#\/schema\/person\/03d9f58202fee8379268f34afa195006\"},\"headline\":\"Secet\u0103 pedologic\u0103 moderat\u0103 \u0219i puternic\u0103 pe suprafe\u021be agricole extinse din Banat \u0219i Cri\u0219ana \u0219i izolat \u00een Transilvania (agrometeo)\",\"datePublished\":\"2025-11-03T10:03:08+00:00\",\"mainEntityOfPage\":{\"@id\":\"https:\/\/carpathiacenter.ro\/seceta-pedologica-moderata-si-puternica-pe-suprafete-agricole-extinse-din-banat-si-crisana-si-izolat-in-transilvania-agrometeo\/\"},\"wordCount\":539,\"commentCount\":0,\"publisher\":{\"@id\":\"https:\/\/carpathiacenter.ro\/#organization\"},\"image\":{\"@id\":\"https:\/\/carpathiacenter.ro\/seceta-pedologica-moderata-si-puternica-pe-suprafete-agricole-extinse-din-banat-si-crisana-si-izolat-in-transilvania-agrometeo\/#primaryimage\"},\"thumbnailUrl\":\"https:\/\/carpathiacenter.ro\/wp-content\/uploads\/2025\/11\/porumb-uscat-seceta.jpg\",\"articleSection\":[\"Uncategorized\"],\"inLanguage\":\"en-GB\",\"potentialAction\":[{\"@type\":\"CommentAction\",\"name\":\"Comment\",\"target\":[\"https:\/\/carpathiacenter.ro\/seceta-pedologica-moderata-si-puternica-pe-suprafete-agricole-extinse-din-banat-si-crisana-si-izolat-in-transilvania-agrometeo\/#respond\"]}]},{\"@type\":\"WebPage\",\"@id\":\"https:\/\/carpathiacenter.ro\/seceta-pedologica-moderata-si-puternica-pe-suprafete-agricole-extinse-din-banat-si-crisana-si-izolat-in-transilvania-agrometeo\/\",\"url\":\"https:\/\/carpathiacenter.ro\/seceta-pedologica-moderata-si-puternica-pe-suprafete-agricole-extinse-din-banat-si-crisana-si-izolat-in-transilvania-agrometeo\/\",\"name\":\"Secet\u0103 pedologic\u0103 moderat\u0103 \u0219i puternic\u0103 pe suprafe\u021be agricole extinse din Banat \u0219i Cri\u0219ana \u0219i izolat \u00een Transilvania (agrometeo) - Carpathia Center Romania\",\"isPartOf\":{\"@id\":\"https:\/\/carpathiacenter.ro\/#website\"},\"primaryImageOfPage\":{\"@id\":\"https:\/\/carpathiacenter.ro\/seceta-pedologica-moderata-si-puternica-pe-suprafete-agricole-extinse-din-banat-si-crisana-si-izolat-in-transilvania-agrometeo\/#primaryimage\"},\"image\":{\"@id\":\"https:\/\/carpathiacenter.ro\/seceta-pedologica-moderata-si-puternica-pe-suprafete-agricole-extinse-din-banat-si-crisana-si-izolat-in-transilvania-agrometeo\/#primaryimage\"},\"thumbnailUrl\":\"https:\/\/carpathiacenter.ro\/wp-content\/uploads\/2025\/11\/porumb-uscat-seceta.jpg\",\"datePublished\":\"2025-11-03T10:03:08+00:00\",\"breadcrumb\":{\"@id\":\"https:\/\/carpathiacenter.ro\/seceta-pedologica-moderata-si-puternica-pe-suprafete-agricole-extinse-din-banat-si-crisana-si-izolat-in-transilvania-agrometeo\/#breadcrumb\"},\"inLanguage\":\"en-GB\",\"potentialAction\":[{\"@type\":\"ReadAction\",\"target\":[\"https:\/\/carpathiacenter.ro\/seceta-pedologica-moderata-si-puternica-pe-suprafete-agricole-extinse-din-banat-si-crisana-si-izolat-in-transilvania-agrometeo\/\"]}]},{\"@type\":\"ImageObject\",\"inLanguage\":\"en-GB\",\"@id\":\"https:\/\/carpathiacenter.ro\/seceta-pedologica-moderata-si-puternica-pe-suprafete-agricole-extinse-din-banat-si-crisana-si-izolat-in-transilvania-agrometeo\/#primaryimage\",\"url\":\"https:\/\/carpathiacenter.ro\/wp-content\/uploads\/2025\/11\/porumb-uscat-seceta.jpg\",\"contentUrl\":\"https:\/\/carpathiacenter.ro\/wp-content\/uploads\/2025\/11\/porumb-uscat-seceta.jpg\",\"width\":2560,\"height\":1707},{\"@type\":\"BreadcrumbList\",\"@id\":\"https:\/\/carpathiacenter.ro\/seceta-pedologica-moderata-si-puternica-pe-suprafete-agricole-extinse-din-banat-si-crisana-si-izolat-in-transilvania-agrometeo\/#breadcrumb\",\"itemListElement\":[{\"@type\":\"ListItem\",\"position\":1,\"name\":\"Prima pagin\u0103\",\"item\":\"https:\/\/carpathiacenter.ro\/\"},{\"@type\":\"ListItem\",\"position\":2,\"name\":\"Secet\u0103 pedologic\u0103 moderat\u0103 \u0219i puternic\u0103 pe suprafe\u021be agricole extinse din Banat \u0219i Cri\u0219ana \u0219i izolat \u00een Transilvania (agrometeo)\"}]},{\"@type\":\"WebSite\",\"@id\":\"https:\/\/carpathiacenter.ro\/#website\",\"url\":\"https:\/\/carpathiacenter.ro\/\",\"name\":\"Carpathia Center Romania\",\"description\":\"Impossible made possible!\",\"publisher\":{\"@id\":\"https:\/\/carpathiacenter.ro\/#organization\"},\"potentialAction\":[{\"@type\":\"SearchAction\",\"target\":{\"@type\":\"EntryPoint\",\"urlTemplate\":\"https:\/\/carpathiacenter.ro\/?s={search_term_string}\"},\"query-input\":{\"@type\":\"PropertyValueSpecification\",\"valueRequired\":true,\"valueName\":\"search_term_string\"}}],\"inLanguage\":\"en-GB\"},{\"@type\":\"Organization\",\"@id\":\"https:\/\/carpathiacenter.ro\/#organization\",\"name\":\"Carpathia Center Romania\",\"url\":\"https:\/\/carpathiacenter.ro\/\",\"logo\":{\"@type\":\"ImageObject\",\"inLanguage\":\"en-GB\",\"@id\":\"https:\/\/carpathiacenter.ro\/#\/schema\/logo\/image\/\",\"url\":\"https:\/\/carpathiacenter.ro\/wp-content\/uploads\/2024\/07\/logo-carpathia_bg_white-1024x941.png\",\"contentUrl\":\"https:\/\/carpathiacenter.ro\/wp-content\/uploads\/2024\/07\/logo-carpathia_bg_white-1024x941.png\",\"width\":1024,\"height\":941,\"caption\":\"Carpathia Center Romania\"},\"image\":{\"@id\":\"https:\/\/carpathiacenter.ro\/#\/schema\/logo\/image\/\"},\"sameAs\":[\"https:\/\/www.facebook.com\/fdpscarpathia\/\"]},{\"@type\":\"Person\",\"@id\":\"https:\/\/carpathiacenter.ro\/#\/schema\/person\/03d9f58202fee8379268f34afa195006\",\"name\":\"creativebitsolutions\",\"image\":{\"@type\":\"ImageObject\",\"inLanguage\":\"en-GB\",\"@id\":\"https:\/\/carpathiacenter.ro\/#\/schema\/person\/image\/\",\"url\":\"https:\/\/secure.gravatar.com\/avatar\/1b1a13e37f847c635dab78348f1dff2f07651ee2a3d77a5c355a4b8c75f9165a?s=96&d=mm&r=g\",\"contentUrl\":\"https:\/\/secure.gravatar.com\/avatar\/1b1a13e37f847c635dab78348f1dff2f07651ee2a3d77a5c355a4b8c75f9165a?s=96&d=mm&r=g\",\"caption\":\"creativebitsolutions\"},\"url\":\"https:\/\/carpathiacenter.ro\/en\/author\/creativebitsolutions\/\"}]}<\/script>\n<!-- \/ Yoast SEO plugin. -->","yoast_head_json":{"title":"Secet\u0103 pedologic\u0103 moderat\u0103 \u0219i puternic\u0103 pe suprafe\u021be agricole extinse din Banat \u0219i Cri\u0219ana \u0219i izolat \u00een Transilvania (agrometeo) - Carpathia Center Romania","robots":{"index":"index","follow":"follow","max-snippet":"max-snippet:-1","max-image-preview":"max-image-preview:large","max-video-preview":"max-video-preview:-1"},"canonical":"https:\/\/carpathiacenter.ro\/en\/seceta-pedologica-moderata-si-puternica-pe-suprafete-agricole-extinse-din-banat-si-crisana-si-izolat-in-transilvania-agrometeo\/","og_locale":"en_GB","og_type":"article","og_title":"Secet\u0103 pedologic\u0103 moderat\u0103 \u0219i puternic\u0103 pe suprafe\u021be agricole extinse din Banat \u0219i Cri\u0219ana \u0219i izolat \u00een Transilvania (agrometeo) - Carpathia Center Romania","og_description":"Rezerva de ap\u0103 pe ad\u00e2ncimea de sol 0-20 cm \u00een cultura gr\u00e2ului de toamn\u0103 se va situa \u00een limite satisf\u0103c\u0103toare, apropiate de optim \u0219i optime, \u00een cea mai mare parte a zonelor de cultur\u0103, potrivit prognozei agrometeorologice emise de Administra\u021bia Na\u021bional\u0103 de Meteorologie pentru perioada 1 &#8211; 7 noiembrie 2025. Con\u021binutul de umiditate din sol...","og_url":"https:\/\/carpathiacenter.ro\/en\/seceta-pedologica-moderata-si-puternica-pe-suprafete-agricole-extinse-din-banat-si-crisana-si-izolat-in-transilvania-agrometeo\/","og_site_name":"Carpathia Center Romania","article_publisher":"https:\/\/www.facebook.com\/fdpscarpathia\/","article_published_time":"2025-11-03T10:03:08+00:00","og_image":[{"width":2560,"height":1707,"url":"https:\/\/carpathiacenter.ro\/wp-content\/uploads\/2025\/11\/porumb-uscat-seceta.jpg","type":"image\/jpeg"}],"author":"creativebitsolutions","twitter_card":"summary_large_image","twitter_misc":{"Written by":"creativebitsolutions","Estimated reading time":"1 minute"},"schema":{"@context":"https:\/\/schema.org","@graph":[{"@type":"Article","@id":"https:\/\/carpathiacenter.ro\/seceta-pedologica-moderata-si-puternica-pe-suprafete-agricole-extinse-din-banat-si-crisana-si-izolat-in-transilvania-agrometeo\/#article","isPartOf":{"@id":"https:\/\/carpathiacenter.ro\/seceta-pedologica-moderata-si-puternica-pe-suprafete-agricole-extinse-din-banat-si-crisana-si-izolat-in-transilvania-agrometeo\/"},"author":{"name":"creativebitsolutions","@id":"https:\/\/carpathiacenter.ro\/#\/schema\/person\/03d9f58202fee8379268f34afa195006"},"headline":"Secet\u0103 pedologic\u0103 moderat\u0103 \u0219i puternic\u0103 pe suprafe\u021be agricole extinse din Banat \u0219i Cri\u0219ana \u0219i izolat \u00een Transilvania (agrometeo)","datePublished":"2025-11-03T10:03:08+00:00","mainEntityOfPage":{"@id":"https:\/\/carpathiacenter.ro\/seceta-pedologica-moderata-si-puternica-pe-suprafete-agricole-extinse-din-banat-si-crisana-si-izolat-in-transilvania-agrometeo\/"},"wordCount":539,"commentCount":0,"publisher":{"@id":"https:\/\/carpathiacenter.ro\/#organization"},"image":{"@id":"https:\/\/carpathiacenter.ro\/seceta-pedologica-moderata-si-puternica-pe-suprafete-agricole-extinse-din-banat-si-crisana-si-izolat-in-transilvania-agrometeo\/#primaryimage"},"thumbnailUrl":"https:\/\/carpathiacenter.ro\/wp-content\/uploads\/2025\/11\/porumb-uscat-seceta.jpg","articleSection":["Uncategorized"],"inLanguage":"en-GB","potentialAction":[{"@type":"CommentAction","name":"Comment","target":["https:\/\/carpathiacenter.ro\/seceta-pedologica-moderata-si-puternica-pe-suprafete-agricole-extinse-din-banat-si-crisana-si-izolat-in-transilvania-agrometeo\/#respond"]}]},{"@type":"WebPage","@id":"https:\/\/carpathiacenter.ro\/seceta-pedologica-moderata-si-puternica-pe-suprafete-agricole-extinse-din-banat-si-crisana-si-izolat-in-transilvania-agrometeo\/","url":"https:\/\/carpathiacenter.ro\/seceta-pedologica-moderata-si-puternica-pe-suprafete-agricole-extinse-din-banat-si-crisana-si-izolat-in-transilvania-agrometeo\/","name":"Secet\u0103 pedologic\u0103 moderat\u0103 \u0219i puternic\u0103 pe suprafe\u021be agricole extinse din Banat \u0219i Cri\u0219ana \u0219i izolat \u00een Transilvania (agrometeo) - Carpathia Center Romania","isPartOf":{"@id":"https:\/\/carpathiacenter.ro\/#website"},"primaryImageOfPage":{"@id":"https:\/\/carpathiacenter.ro\/seceta-pedologica-moderata-si-puternica-pe-suprafete-agricole-extinse-din-banat-si-crisana-si-izolat-in-transilvania-agrometeo\/#primaryimage"},"image":{"@id":"https:\/\/carpathiacenter.ro\/seceta-pedologica-moderata-si-puternica-pe-suprafete-agricole-extinse-din-banat-si-crisana-si-izolat-in-transilvania-agrometeo\/#primaryimage"},"thumbnailUrl":"https:\/\/carpathiacenter.ro\/wp-content\/uploads\/2025\/11\/porumb-uscat-seceta.jpg","datePublished":"2025-11-03T10:03:08+00:00","breadcrumb":{"@id":"https:\/\/carpathiacenter.ro\/seceta-pedologica-moderata-si-puternica-pe-suprafete-agricole-extinse-din-banat-si-crisana-si-izolat-in-transilvania-agrometeo\/#breadcrumb"},"inLanguage":"en-GB","potentialAction":[{"@type":"ReadAction","target":["https:\/\/carpathiacenter.ro\/seceta-pedologica-moderata-si-puternica-pe-suprafete-agricole-extinse-din-banat-si-crisana-si-izolat-in-transilvania-agrometeo\/"]}]},{"@type":"ImageObject","inLanguage":"en-GB","@id":"https:\/\/carpathiacenter.ro\/seceta-pedologica-moderata-si-puternica-pe-suprafete-agricole-extinse-din-banat-si-crisana-si-izolat-in-transilvania-agrometeo\/#primaryimage","url":"https:\/\/carpathiacenter.ro\/wp-content\/uploads\/2025\/11\/porumb-uscat-seceta.jpg","contentUrl":"https:\/\/carpathiacenter.ro\/wp-content\/uploads\/2025\/11\/porumb-uscat-seceta.jpg","width":2560,"height":1707},{"@type":"BreadcrumbList","@id":"https:\/\/carpathiacenter.ro\/seceta-pedologica-moderata-si-puternica-pe-suprafete-agricole-extinse-din-banat-si-crisana-si-izolat-in-transilvania-agrometeo\/#breadcrumb","itemListElement":[{"@type":"ListItem","position":1,"name":"Prima pagin\u0103","item":"https:\/\/carpathiacenter.ro\/"},{"@type":"ListItem","position":2,"name":"Secet\u0103 pedologic\u0103 moderat\u0103 \u0219i puternic\u0103 pe suprafe\u021be agricole extinse din Banat \u0219i Cri\u0219ana \u0219i izolat \u00een Transilvania (agrometeo)"}]},{"@type":"WebSite","@id":"https:\/\/carpathiacenter.ro\/#website","url":"https:\/\/carpathiacenter.ro\/","name":"Carpathia Center Romania","description":"Impossible made possible!","publisher":{"@id":"https:\/\/carpathiacenter.ro\/#organization"},"potentialAction":[{"@type":"SearchAction","target":{"@type":"EntryPoint","urlTemplate":"https:\/\/carpathiacenter.ro\/?s={search_term_string}"},"query-input":{"@type":"PropertyValueSpecification","valueRequired":true,"valueName":"search_term_string"}}],"inLanguage":"en-GB"},{"@type":"Organization","@id":"https:\/\/carpathiacenter.ro\/#organization","name":"Carpathia Center Romania","url":"https:\/\/carpathiacenter.ro\/","logo":{"@type":"ImageObject","inLanguage":"en-GB","@id":"https:\/\/carpathiacenter.ro\/#\/schema\/logo\/image\/","url":"https:\/\/carpathiacenter.ro\/wp-content\/uploads\/2024\/07\/logo-carpathia_bg_white-1024x941.png","contentUrl":"https:\/\/carpathiacenter.ro\/wp-content\/uploads\/2024\/07\/logo-carpathia_bg_white-1024x941.png","width":1024,"height":941,"caption":"Carpathia Center Romania"},"image":{"@id":"https:\/\/carpathiacenter.ro\/#\/schema\/logo\/image\/"},"sameAs":["https:\/\/www.facebook.com\/fdpscarpathia\/"]},{"@type":"Person","@id":"https:\/\/carpathiacenter.ro\/#\/schema\/person\/03d9f58202fee8379268f34afa195006","name":"creativebitsolutions","image":{"@type":"ImageObject","inLanguage":"en-GB","@id":"https:\/\/carpathiacenter.ro\/#\/schema\/person\/image\/","url":"https:\/\/secure.gravatar.com\/avatar\/1b1a13e37f847c635dab78348f1dff2f07651ee2a3d77a5c355a4b8c75f9165a?s=96&d=mm&r=g","contentUrl":"https:\/\/secure.gravatar.com\/avatar\/1b1a13e37f847c635dab78348f1dff2f07651ee2a3d77a5c355a4b8c75f9165a?s=96&d=mm&r=g","caption":"creativebitsolutions"},"url":"https:\/\/carpathiacenter.ro\/en\/author\/creativebitsolutions\/"}]}},"_links":{"self":[{"href":"https:\/\/carpathiacenter.ro\/en\/wp-json\/wp\/v2\/posts\/3262","targetHints":{"allow":["GET"]}}],"collection":[{"href":"https:\/\/carpathiacenter.ro\/en\/wp-json\/wp\/v2\/posts"}],"about":[{"href":"https:\/\/carpathiacenter.ro\/en\/wp-json\/wp\/v2\/types\/post"}],"author":[{"embeddable":true,"href":"https:\/\/carpathiacenter.ro\/en\/wp-json\/wp\/v2\/users\/4"}],"replies":[{"embeddable":true,"href":"https:\/\/carpathiacenter.ro\/en\/wp-json\/wp\/v2\/comments?post=3262"}],"version-history":[{"count":1,"href":"https:\/\/carpathiacenter.ro\/en\/wp-json\/wp\/v2\/posts\/3262\/revisions"}],"predecessor-version":[{"id":3264,"href":"https:\/\/carpathiacenter.ro\/en\/wp-json\/wp\/v2\/posts\/3262\/revisions\/3264"}],"wp:featuredmedia":[{"embeddable":true,"href":"https:\/\/carpathiacenter.ro\/en\/wp-json\/wp\/v2\/media\/3263"}],"wp:attachment":[{"href":"https:\/\/carpathiacenter.ro\/en\/wp-json\/wp\/v2\/media?parent=3262"}],"wp:term":[{"taxonomy":"category","embeddable":true,"href":"https:\/\/carpathiacenter.ro\/en\/wp-json\/wp\/v2\/categories?post=3262"},{"taxonomy":"post_tag","embeddable":true,"href":"https:\/\/carpathiacenter.ro\/en\/wp-json\/wp\/v2\/tags?post=3262"}],"curies":[{"name":"wp","href":"https:\/\/api.w.org\/{rel}","templated":true}]}}