{"id":3260,"date":"2025-11-03T09:59:50","date_gmt":"2025-11-03T09:59:50","guid":{"rendered":"https:\/\/carpathiacenter.ro\/?p=3260"},"modified":"2025-11-03T09:59:50","modified_gmt":"2025-11-03T09:59:50","slug":"nicusor-dan-spune-ca-retragerea-unei-parti-a-trupelor-americane-nu-afecteaza-securitatea-nationala","status":"publish","type":"post","link":"https:\/\/carpathiacenter.ro\/en\/nicusor-dan-spune-ca-retragerea-unei-parti-a-trupelor-americane-nu-afecteaza-securitatea-nationala\/","title":{"rendered":"Nicu\u0219or Dan spune c\u0103 retragerea unei p\u0103r\u021bi a trupelor americane nu afecteaz\u0103 securitatea na\u021bional\u0103"},"content":{"rendered":"<p>Pre\u0219edintele Nicu\u0219or Dan sus\u021bine c\u0103 retragerea unei p\u0103r\u021bi a trupelor americane din Rom\u00e2nia este &#8216;un gest cu o anumit\u0103 simbolistic\u0103&#8217;, dar nu afecteaz\u0103 securitatea na\u021bional\u0103.<\/p>\n<p>\u00centrebat de jurnali\u0219ti cu privire la apari\u021bia \u00een presa din Ucraina a informa\u021biilor potrivit c\u0103rora republicanii \u0219i democra\u021bii americani vor s\u0103 blocheze decizia de retragere a trupelor americane din Europa, Nicu\u0219or Dan a r\u0103spuns c\u0103 Rom\u00e2nia este o \u021bar\u0103 sigur\u0103 iar decizia nu afecteaz\u0103 securitatea na\u021bional\u0103.<\/p>\n<p>&#8216;Este o dezbatere pe care noi n-o s\u0103 interfer\u0103m, o dezbatere \u00een cadrul Congresului american. Ce vreau eu s\u0103 spun este c\u0103, pe partea de securitate, Rom\u00e2nia este o \u021bar\u0103 sigur\u0103. Pe partea rela\u021biei \u00eentre noi \u0219i Statele Unite lucrurile sunt liniare. \u0218i, mai departe, bine\u00een\u021beles, este un gest cu o anumit\u0103 simbolistic\u0103, dar \u00een niciun caz nu este vorba de o afectare a securit\u0103\u021bii na\u021bionale&#8217;, a declarat pre\u0219edintele la finalul evenimentului de <a href=\"https:\/\/agerpres.ro\/politic\/2025\/11\/02\/localepartiale2025-drula-putem-reusi-impreuna-pe-drumul-onest--1499144\" target=\"_blank\">lansare a candidaturii deputatului USR C\u0103t\u0103lin Drul\u0103 pentru func\u021bia de primar al Capitalei<\/a>.<\/p>\n<p><\/p>\n<p>Nicu\u0219or Dan a anun\u021bat \u0219i vizita secretarului general al NATO, Mark Rutte, \u00een Rom\u00e2nia.<\/p>\n<p>&#8216;\u0218ti\u021bi c\u0103 vine domnul Rutte la Bucure\u0219ti, miercuri. (&#8230;) Din punctul de vedere al securit\u0103\u021bii, chiar zilele acestea aveam un mare exerci\u021biu NATO pe teritoriul Rom\u00e2niei (&#8230;), peste 5.000 de solda\u021bi. A\u0219a cum am spus, Forumul de Industrie NATO o dat\u0103 la doi ani se \u021bine, acum este la Bucure\u0219ti&#8217;, a spus pre\u0219edintele.<\/p>\n<p>Chestionat dac\u0103 atunci c\u00e2nd va merge la Casa Alba \u00eei va cere pre\u0219edintelui Donald Trump s\u0103 suplimenteze num\u0103rul de trupe americane din Rom\u00e2nia, Nicu\u0219or Dan a precizat c\u0103 miza vizitei \u00een SUA este o prezen\u021b\u0103 economic\u0103 mult sporit\u0103 a companiilor americane \u00een \u021bara noastr\u0103.<\/p>\n<p>&#8216;Lucrul cel mai important \u00een rela\u021bia viitoare dintre Statele Unite \u0219i Rom\u00e2nia este o prezen\u021b\u0103 economic\u0103 mult, mult sporit\u0103 a companiilor americane \u00een Rom\u00e2nia. Asta este marea miz\u0103 a vizitei \u00een Statele Unite&#8217;, a subliniat el. AGERPRES\/(AS &#8211; redactor: Mihai Stoica, editor: Antonia Ni\u021b\u0103, editor online: Alexandru Cojocaru)<br \/>\n<br \/>\nSursa articolului:  <a href=\"https:\/\/agerpres.ro\/politic\/2025\/11\/02\/nicusor-dan-spune-ca-retragerea-unei-parti-a-trupelor-americane-nu-afecteaza-securitatea-nationala--1499170\" target=\"_blank\" rel=\"noopener\" title=\"\">AGERPRES<\/a><\/p>","protected":false},"excerpt":{"rendered":"<p>Pre\u0219edintele Nicu\u0219or Dan sus\u021bine c\u0103 retragerea unei p\u0103r\u021bi a trupelor americane din Rom\u00e2nia este &#8216;un gest cu o anumit\u0103 simbolistic\u0103&#8217;, dar nu afecteaz\u0103 securitatea na\u021bional\u0103. \u00centrebat de jurnali\u0219ti cu privire la apari\u021bia \u00een presa din Ucraina a informa\u021biilor potrivit c\u0103rora republicanii \u0219i democra\u021bii americani vor s\u0103 blocheze decizia de retragere a trupelor americane din Europa,&#8230;<\/p>","protected":false},"author":4,"featured_media":2451,"comment_status":"open","ping_status":"open","sticky":false,"template":"","format":"standard","meta":{"footnotes":""},"categories":[1],"tags":[],"class_list":["post-3260","post","type-post","status-publish","format-standard","has-post-thumbnail","hentry","category-uncategorized"],"yoast_head":"<!-- This site is optimized with the Yoast SEO plugin v26.1.1 - https:\/\/yoast.com\/wordpress\/plugins\/seo\/ -->\n<title>Nicu\u0219or Dan spune c\u0103 retragerea unei p\u0103r\u021bi a trupelor americane nu afecteaz\u0103 securitatea na\u021bional\u0103 - Carpathia Center Romania<\/title>\n<meta name=\"robots\" content=\"index, follow, max-snippet:-1, max-image-preview:large, max-video-preview:-1\" \/>\n<link rel=\"canonical\" href=\"https:\/\/carpathiacenter.ro\/en\/nicusor-dan-spune-ca-retragerea-unei-parti-a-trupelor-americane-nu-afecteaza-securitatea-nationala\/\" \/>\n<meta property=\"og:locale\" content=\"en_GB\" \/>\n<meta property=\"og:type\" content=\"article\" \/>\n<meta property=\"og:title\" content=\"Nicu\u0219or Dan spune c\u0103 retragerea unei p\u0103r\u021bi a trupelor americane nu afecteaz\u0103 securitatea na\u021bional\u0103 - Carpathia Center Romania\" \/>\n<meta property=\"og:description\" content=\"Pre\u0219edintele Nicu\u0219or Dan sus\u021bine c\u0103 retragerea unei p\u0103r\u021bi a trupelor americane din Rom\u00e2nia este &#8216;un gest cu o anumit\u0103 simbolistic\u0103&#8217;, dar nu afecteaz\u0103 securitatea na\u021bional\u0103. \u00centrebat de jurnali\u0219ti cu privire la apari\u021bia \u00een presa din Ucraina a informa\u021biilor potrivit c\u0103rora republicanii \u0219i democra\u021bii americani vor s\u0103 blocheze decizia de retragere a trupelor americane din Europa,...\" \/>\n<meta property=\"og:url\" content=\"https:\/\/carpathiacenter.ro\/en\/nicusor-dan-spune-ca-retragerea-unei-parti-a-trupelor-americane-nu-afecteaza-securitatea-nationala\/\" \/>\n<meta property=\"og:site_name\" content=\"Carpathia Center Romania\" \/>\n<meta property=\"article:publisher\" content=\"https:\/\/www.facebook.com\/fdpscarpathia\/\" \/>\n<meta property=\"article:published_time\" content=\"2025-11-03T09:59:50+00:00\" \/>\n<meta property=\"og:image\" content=\"https:\/\/carpathiacenter.ro\/wp-content\/uploads\/2025\/05\/nicusor-dan-1.jpg\" \/>\n\t<meta property=\"og:image:width\" content=\"1260\" \/>\n\t<meta property=\"og:image:height\" content=\"708\" \/>\n\t<meta property=\"og:image:type\" content=\"image\/jpeg\" \/>\n<meta name=\"author\" content=\"creativebitsolutions\" \/>\n<meta name=\"twitter:card\" content=\"summary_large_image\" \/>\n<meta name=\"twitter:label1\" content=\"Written by\" \/>\n\t<meta name=\"twitter:data1\" content=\"creativebitsolutions\" \/>\n\t<meta name=\"twitter:label2\" content=\"Estimated reading time\" \/>\n\t<meta name=\"twitter:data2\" content=\"1 minute\" \/>\n<script type=\"application\/ld+json\" class=\"yoast-schema-graph\">{\"@context\":\"https:\/\/schema.org\",\"@graph\":[{\"@type\":\"Article\",\"@id\":\"https:\/\/carpathiacenter.ro\/nicusor-dan-spune-ca-retragerea-unei-parti-a-trupelor-americane-nu-afecteaza-securitatea-nationala\/#article\",\"isPartOf\":{\"@id\":\"https:\/\/carpathiacenter.ro\/nicusor-dan-spune-ca-retragerea-unei-parti-a-trupelor-americane-nu-afecteaza-securitatea-nationala\/\"},\"author\":{\"name\":\"creativebitsolutions\",\"@id\":\"https:\/\/carpathiacenter.ro\/#\/schema\/person\/03d9f58202fee8379268f34afa195006\"},\"headline\":\"Nicu\u0219or Dan spune c\u0103 retragerea unei p\u0103r\u021bi a trupelor americane nu afecteaz\u0103 securitatea na\u021bional\u0103\",\"datePublished\":\"2025-11-03T09:59:50+00:00\",\"mainEntityOfPage\":{\"@id\":\"https:\/\/carpathiacenter.ro\/nicusor-dan-spune-ca-retragerea-unei-parti-a-trupelor-americane-nu-afecteaza-securitatea-nationala\/\"},\"wordCount\":382,\"commentCount\":0,\"publisher\":{\"@id\":\"https:\/\/carpathiacenter.ro\/#organization\"},\"image\":{\"@id\":\"https:\/\/carpathiacenter.ro\/nicusor-dan-spune-ca-retragerea-unei-parti-a-trupelor-americane-nu-afecteaza-securitatea-nationala\/#primaryimage\"},\"thumbnailUrl\":\"https:\/\/carpathiacenter.ro\/wp-content\/uploads\/2025\/05\/nicusor-dan-1.jpg\",\"articleSection\":[\"Uncategorized\"],\"inLanguage\":\"en-GB\",\"potentialAction\":[{\"@type\":\"CommentAction\",\"name\":\"Comment\",\"target\":[\"https:\/\/carpathiacenter.ro\/nicusor-dan-spune-ca-retragerea-unei-parti-a-trupelor-americane-nu-afecteaza-securitatea-nationala\/#respond\"]}]},{\"@type\":\"WebPage\",\"@id\":\"https:\/\/carpathiacenter.ro\/nicusor-dan-spune-ca-retragerea-unei-parti-a-trupelor-americane-nu-afecteaza-securitatea-nationala\/\",\"url\":\"https:\/\/carpathiacenter.ro\/nicusor-dan-spune-ca-retragerea-unei-parti-a-trupelor-americane-nu-afecteaza-securitatea-nationala\/\",\"name\":\"Nicu\u0219or Dan spune c\u0103 retragerea unei p\u0103r\u021bi a trupelor americane nu afecteaz\u0103 securitatea na\u021bional\u0103 - Carpathia Center Romania\",\"isPartOf\":{\"@id\":\"https:\/\/carpathiacenter.ro\/#website\"},\"primaryImageOfPage\":{\"@id\":\"https:\/\/carpathiacenter.ro\/nicusor-dan-spune-ca-retragerea-unei-parti-a-trupelor-americane-nu-afecteaza-securitatea-nationala\/#primaryimage\"},\"image\":{\"@id\":\"https:\/\/carpathiacenter.ro\/nicusor-dan-spune-ca-retragerea-unei-parti-a-trupelor-americane-nu-afecteaza-securitatea-nationala\/#primaryimage\"},\"thumbnailUrl\":\"https:\/\/carpathiacenter.ro\/wp-content\/uploads\/2025\/05\/nicusor-dan-1.jpg\",\"datePublished\":\"2025-11-03T09:59:50+00:00\",\"breadcrumb\":{\"@id\":\"https:\/\/carpathiacenter.ro\/nicusor-dan-spune-ca-retragerea-unei-parti-a-trupelor-americane-nu-afecteaza-securitatea-nationala\/#breadcrumb\"},\"inLanguage\":\"en-GB\",\"potentialAction\":[{\"@type\":\"ReadAction\",\"target\":[\"https:\/\/carpathiacenter.ro\/nicusor-dan-spune-ca-retragerea-unei-parti-a-trupelor-americane-nu-afecteaza-securitatea-nationala\/\"]}]},{\"@type\":\"ImageObject\",\"inLanguage\":\"en-GB\",\"@id\":\"https:\/\/carpathiacenter.ro\/nicusor-dan-spune-ca-retragerea-unei-parti-a-trupelor-americane-nu-afecteaza-securitatea-nationala\/#primaryimage\",\"url\":\"https:\/\/carpathiacenter.ro\/wp-content\/uploads\/2025\/05\/nicusor-dan-1.jpg\",\"contentUrl\":\"https:\/\/carpathiacenter.ro\/wp-content\/uploads\/2025\/05\/nicusor-dan-1.jpg\",\"width\":1260,\"height\":708},{\"@type\":\"BreadcrumbList\",\"@id\":\"https:\/\/carpathiacenter.ro\/nicusor-dan-spune-ca-retragerea-unei-parti-a-trupelor-americane-nu-afecteaza-securitatea-nationala\/#breadcrumb\",\"itemListElement\":[{\"@type\":\"ListItem\",\"position\":1,\"name\":\"Prima pagin\u0103\",\"item\":\"https:\/\/carpathiacenter.ro\/\"},{\"@type\":\"ListItem\",\"position\":2,\"name\":\"Nicu\u0219or Dan spune c\u0103 retragerea unei p\u0103r\u021bi a trupelor americane nu afecteaz\u0103 securitatea na\u021bional\u0103\"}]},{\"@type\":\"WebSite\",\"@id\":\"https:\/\/carpathiacenter.ro\/#website\",\"url\":\"https:\/\/carpathiacenter.ro\/\",\"name\":\"Carpathia Center Romania\",\"description\":\"Impossible made possible!\",\"publisher\":{\"@id\":\"https:\/\/carpathiacenter.ro\/#organization\"},\"potentialAction\":[{\"@type\":\"SearchAction\",\"target\":{\"@type\":\"EntryPoint\",\"urlTemplate\":\"https:\/\/carpathiacenter.ro\/?s={search_term_string}\"},\"query-input\":{\"@type\":\"PropertyValueSpecification\",\"valueRequired\":true,\"valueName\":\"search_term_string\"}}],\"inLanguage\":\"en-GB\"},{\"@type\":\"Organization\",\"@id\":\"https:\/\/carpathiacenter.ro\/#organization\",\"name\":\"Carpathia Center Romania\",\"url\":\"https:\/\/carpathiacenter.ro\/\",\"logo\":{\"@type\":\"ImageObject\",\"inLanguage\":\"en-GB\",\"@id\":\"https:\/\/carpathiacenter.ro\/#\/schema\/logo\/image\/\",\"url\":\"https:\/\/carpathiacenter.ro\/wp-content\/uploads\/2024\/07\/logo-carpathia_bg_white-1024x941.png\",\"contentUrl\":\"https:\/\/carpathiacenter.ro\/wp-content\/uploads\/2024\/07\/logo-carpathia_bg_white-1024x941.png\",\"width\":1024,\"height\":941,\"caption\":\"Carpathia Center Romania\"},\"image\":{\"@id\":\"https:\/\/carpathiacenter.ro\/#\/schema\/logo\/image\/\"},\"sameAs\":[\"https:\/\/www.facebook.com\/fdpscarpathia\/\"]},{\"@type\":\"Person\",\"@id\":\"https:\/\/carpathiacenter.ro\/#\/schema\/person\/03d9f58202fee8379268f34afa195006\",\"name\":\"creativebitsolutions\",\"image\":{\"@type\":\"ImageObject\",\"inLanguage\":\"en-GB\",\"@id\":\"https:\/\/carpathiacenter.ro\/#\/schema\/person\/image\/\",\"url\":\"https:\/\/secure.gravatar.com\/avatar\/1b1a13e37f847c635dab78348f1dff2f07651ee2a3d77a5c355a4b8c75f9165a?s=96&d=mm&r=g\",\"contentUrl\":\"https:\/\/secure.gravatar.com\/avatar\/1b1a13e37f847c635dab78348f1dff2f07651ee2a3d77a5c355a4b8c75f9165a?s=96&d=mm&r=g\",\"caption\":\"creativebitsolutions\"},\"url\":\"https:\/\/carpathiacenter.ro\/en\/author\/creativebitsolutions\/\"}]}<\/script>\n<!-- \/ Yoast SEO plugin. -->","yoast_head_json":{"title":"Nicu\u0219or Dan spune c\u0103 retragerea unei p\u0103r\u021bi a trupelor americane nu afecteaz\u0103 securitatea na\u021bional\u0103 - Carpathia Center Romania","robots":{"index":"index","follow":"follow","max-snippet":"max-snippet:-1","max-image-preview":"max-image-preview:large","max-video-preview":"max-video-preview:-1"},"canonical":"https:\/\/carpathiacenter.ro\/en\/nicusor-dan-spune-ca-retragerea-unei-parti-a-trupelor-americane-nu-afecteaza-securitatea-nationala\/","og_locale":"en_GB","og_type":"article","og_title":"Nicu\u0219or Dan spune c\u0103 retragerea unei p\u0103r\u021bi a trupelor americane nu afecteaz\u0103 securitatea na\u021bional\u0103 - Carpathia Center Romania","og_description":"Pre\u0219edintele Nicu\u0219or Dan sus\u021bine c\u0103 retragerea unei p\u0103r\u021bi a trupelor americane din Rom\u00e2nia este &#8216;un gest cu o anumit\u0103 simbolistic\u0103&#8217;, dar nu afecteaz\u0103 securitatea na\u021bional\u0103. \u00centrebat de jurnali\u0219ti cu privire la apari\u021bia \u00een presa din Ucraina a informa\u021biilor potrivit c\u0103rora republicanii \u0219i democra\u021bii americani vor s\u0103 blocheze decizia de retragere a trupelor americane din Europa,...","og_url":"https:\/\/carpathiacenter.ro\/en\/nicusor-dan-spune-ca-retragerea-unei-parti-a-trupelor-americane-nu-afecteaza-securitatea-nationala\/","og_site_name":"Carpathia Center Romania","article_publisher":"https:\/\/www.facebook.com\/fdpscarpathia\/","article_published_time":"2025-11-03T09:59:50+00:00","og_image":[{"width":1260,"height":708,"url":"https:\/\/carpathiacenter.ro\/wp-content\/uploads\/2025\/05\/nicusor-dan-1.jpg","type":"image\/jpeg"}],"author":"creativebitsolutions","twitter_card":"summary_large_image","twitter_misc":{"Written by":"creativebitsolutions","Estimated reading time":"1 minute"},"schema":{"@context":"https:\/\/schema.org","@graph":[{"@type":"Article","@id":"https:\/\/carpathiacenter.ro\/nicusor-dan-spune-ca-retragerea-unei-parti-a-trupelor-americane-nu-afecteaza-securitatea-nationala\/#article","isPartOf":{"@id":"https:\/\/carpathiacenter.ro\/nicusor-dan-spune-ca-retragerea-unei-parti-a-trupelor-americane-nu-afecteaza-securitatea-nationala\/"},"author":{"name":"creativebitsolutions","@id":"https:\/\/carpathiacenter.ro\/#\/schema\/person\/03d9f58202fee8379268f34afa195006"},"headline":"Nicu\u0219or Dan spune c\u0103 retragerea unei p\u0103r\u021bi a trupelor americane nu afecteaz\u0103 securitatea na\u021bional\u0103","datePublished":"2025-11-03T09:59:50+00:00","mainEntityOfPage":{"@id":"https:\/\/carpathiacenter.ro\/nicusor-dan-spune-ca-retragerea-unei-parti-a-trupelor-americane-nu-afecteaza-securitatea-nationala\/"},"wordCount":382,"commentCount":0,"publisher":{"@id":"https:\/\/carpathiacenter.ro\/#organization"},"image":{"@id":"https:\/\/carpathiacenter.ro\/nicusor-dan-spune-ca-retragerea-unei-parti-a-trupelor-americane-nu-afecteaza-securitatea-nationala\/#primaryimage"},"thumbnailUrl":"https:\/\/carpathiacenter.ro\/wp-content\/uploads\/2025\/05\/nicusor-dan-1.jpg","articleSection":["Uncategorized"],"inLanguage":"en-GB","potentialAction":[{"@type":"CommentAction","name":"Comment","target":["https:\/\/carpathiacenter.ro\/nicusor-dan-spune-ca-retragerea-unei-parti-a-trupelor-americane-nu-afecteaza-securitatea-nationala\/#respond"]}]},{"@type":"WebPage","@id":"https:\/\/carpathiacenter.ro\/nicusor-dan-spune-ca-retragerea-unei-parti-a-trupelor-americane-nu-afecteaza-securitatea-nationala\/","url":"https:\/\/carpathiacenter.ro\/nicusor-dan-spune-ca-retragerea-unei-parti-a-trupelor-americane-nu-afecteaza-securitatea-nationala\/","name":"Nicu\u0219or Dan spune c\u0103 retragerea unei p\u0103r\u021bi a trupelor americane nu afecteaz\u0103 securitatea na\u021bional\u0103 - Carpathia Center Romania","isPartOf":{"@id":"https:\/\/carpathiacenter.ro\/#website"},"primaryImageOfPage":{"@id":"https:\/\/carpathiacenter.ro\/nicusor-dan-spune-ca-retragerea-unei-parti-a-trupelor-americane-nu-afecteaza-securitatea-nationala\/#primaryimage"},"image":{"@id":"https:\/\/carpathiacenter.ro\/nicusor-dan-spune-ca-retragerea-unei-parti-a-trupelor-americane-nu-afecteaza-securitatea-nationala\/#primaryimage"},"thumbnailUrl":"https:\/\/carpathiacenter.ro\/wp-content\/uploads\/2025\/05\/nicusor-dan-1.jpg","datePublished":"2025-11-03T09:59:50+00:00","breadcrumb":{"@id":"https:\/\/carpathiacenter.ro\/nicusor-dan-spune-ca-retragerea-unei-parti-a-trupelor-americane-nu-afecteaza-securitatea-nationala\/#breadcrumb"},"inLanguage":"en-GB","potentialAction":[{"@type":"ReadAction","target":["https:\/\/carpathiacenter.ro\/nicusor-dan-spune-ca-retragerea-unei-parti-a-trupelor-americane-nu-afecteaza-securitatea-nationala\/"]}]},{"@type":"ImageObject","inLanguage":"en-GB","@id":"https:\/\/carpathiacenter.ro\/nicusor-dan-spune-ca-retragerea-unei-parti-a-trupelor-americane-nu-afecteaza-securitatea-nationala\/#primaryimage","url":"https:\/\/carpathiacenter.ro\/wp-content\/uploads\/2025\/05\/nicusor-dan-1.jpg","contentUrl":"https:\/\/carpathiacenter.ro\/wp-content\/uploads\/2025\/05\/nicusor-dan-1.jpg","width":1260,"height":708},{"@type":"BreadcrumbList","@id":"https:\/\/carpathiacenter.ro\/nicusor-dan-spune-ca-retragerea-unei-parti-a-trupelor-americane-nu-afecteaza-securitatea-nationala\/#breadcrumb","itemListElement":[{"@type":"ListItem","position":1,"name":"Prima pagin\u0103","item":"https:\/\/carpathiacenter.ro\/"},{"@type":"ListItem","position":2,"name":"Nicu\u0219or Dan spune c\u0103 retragerea unei p\u0103r\u021bi a trupelor americane nu afecteaz\u0103 securitatea na\u021bional\u0103"}]},{"@type":"WebSite","@id":"https:\/\/carpathiacenter.ro\/#website","url":"https:\/\/carpathiacenter.ro\/","name":"Carpathia Center Romania","description":"Impossible made possible!","publisher":{"@id":"https:\/\/carpathiacenter.ro\/#organization"},"potentialAction":[{"@type":"SearchAction","target":{"@type":"EntryPoint","urlTemplate":"https:\/\/carpathiacenter.ro\/?s={search_term_string}"},"query-input":{"@type":"PropertyValueSpecification","valueRequired":true,"valueName":"search_term_string"}}],"inLanguage":"en-GB"},{"@type":"Organization","@id":"https:\/\/carpathiacenter.ro\/#organization","name":"Carpathia Center Romania","url":"https:\/\/carpathiacenter.ro\/","logo":{"@type":"ImageObject","inLanguage":"en-GB","@id":"https:\/\/carpathiacenter.ro\/#\/schema\/logo\/image\/","url":"https:\/\/carpathiacenter.ro\/wp-content\/uploads\/2024\/07\/logo-carpathia_bg_white-1024x941.png","contentUrl":"https:\/\/carpathiacenter.ro\/wp-content\/uploads\/2024\/07\/logo-carpathia_bg_white-1024x941.png","width":1024,"height":941,"caption":"Carpathia Center Romania"},"image":{"@id":"https:\/\/carpathiacenter.ro\/#\/schema\/logo\/image\/"},"sameAs":["https:\/\/www.facebook.com\/fdpscarpathia\/"]},{"@type":"Person","@id":"https:\/\/carpathiacenter.ro\/#\/schema\/person\/03d9f58202fee8379268f34afa195006","name":"creativebitsolutions","image":{"@type":"ImageObject","inLanguage":"en-GB","@id":"https:\/\/carpathiacenter.ro\/#\/schema\/person\/image\/","url":"https:\/\/secure.gravatar.com\/avatar\/1b1a13e37f847c635dab78348f1dff2f07651ee2a3d77a5c355a4b8c75f9165a?s=96&d=mm&r=g","contentUrl":"https:\/\/secure.gravatar.com\/avatar\/1b1a13e37f847c635dab78348f1dff2f07651ee2a3d77a5c355a4b8c75f9165a?s=96&d=mm&r=g","caption":"creativebitsolutions"},"url":"https:\/\/carpathiacenter.ro\/en\/author\/creativebitsolutions\/"}]}},"_links":{"self":[{"href":"https:\/\/carpathiacenter.ro\/en\/wp-json\/wp\/v2\/posts\/3260","targetHints":{"allow":["GET"]}}],"collection":[{"href":"https:\/\/carpathiacenter.ro\/en\/wp-json\/wp\/v2\/posts"}],"about":[{"href":"https:\/\/carpathiacenter.ro\/en\/wp-json\/wp\/v2\/types\/post"}],"author":[{"embeddable":true,"href":"https:\/\/carpathiacenter.ro\/en\/wp-json\/wp\/v2\/users\/4"}],"replies":[{"embeddable":true,"href":"https:\/\/carpathiacenter.ro\/en\/wp-json\/wp\/v2\/comments?post=3260"}],"version-history":[{"count":1,"href":"https:\/\/carpathiacenter.ro\/en\/wp-json\/wp\/v2\/posts\/3260\/revisions"}],"predecessor-version":[{"id":3261,"href":"https:\/\/carpathiacenter.ro\/en\/wp-json\/wp\/v2\/posts\/3260\/revisions\/3261"}],"wp:featuredmedia":[{"embeddable":true,"href":"https:\/\/carpathiacenter.ro\/en\/wp-json\/wp\/v2\/media\/2451"}],"wp:attachment":[{"href":"https:\/\/carpathiacenter.ro\/en\/wp-json\/wp\/v2\/media?parent=3260"}],"wp:term":[{"taxonomy":"category","embeddable":true,"href":"https:\/\/carpathiacenter.ro\/en\/wp-json\/wp\/v2\/categories?post=3260"},{"taxonomy":"post_tag","embeddable":true,"href":"https:\/\/carpathiacenter.ro\/en\/wp-json\/wp\/v2\/tags?post=3260"}],"curies":[{"name":"wp","href":"https:\/\/api.w.org\/{rel}","templated":true}]}}