{"id":3258,"date":"2025-10-31T09:56:51","date_gmt":"2025-10-31T09:56:51","guid":{"rendered":"https:\/\/carpathiacenter.ro\/?p=3258"},"modified":"2025-11-03T09:58:02","modified_gmt":"2025-11-03T09:58:02","slug":"grindeanu-despre-majorarea-salariului-minim-oamenii-trebuie-sa-aiba-salarii-decente","status":"publish","type":"post","link":"https:\/\/carpathiacenter.ro\/en\/grindeanu-despre-majorarea-salariului-minim-oamenii-trebuie-sa-aiba-salarii-decente\/","title":{"rendered":"Grindeanu, despre majorarea salariului minim: Oamenii trebuie s\u0103 aib\u0103 salarii decente"},"content":{"rendered":"<p><strong>Pre\u0219edintele interimar al Partidului Social Democrat (PSD), Sorin Grindeanu, a declarat, joi seara, la Re\u0219i\u021ba, c\u0103 angaja\u021bii din Rom\u00e2nia trebuie s\u0103 aib\u0103 salarii decente, \u00een conformitate cu reglement\u0103rile Uniunii Europene, care a \u0219i emis o Directiv\u0103 \u00een acest sens.<\/strong><\/p>\n<p>\u00centrebat despre semnalele venite din partea mediului de afaceri, care a avertizat c\u0103 o cre\u0219tere a salariului minim ar putea duce la \u00eenchiderea mai multor IMM-uri, Grindeanu a ar\u0103tat c\u0103 lucrurile nu trebuie privite numai din aceast\u0103 perspectiv\u0103, deoarece, potrivit acestuia, \u0219i angaja\u021bii trebuie s\u0103 aib\u0103 salarii decente.<\/p>\n<p>&#8216;Noi nu trebuie s\u0103 excludem \u0219i s\u0103 vorbim doar dintr-o perspectiv\u0103, cea a patronilor. Trebuie s\u0103 vedem \u0219i cealalt\u0103 perspectiv\u0103. Ca oamenii \u00een Rom\u00e2nia s\u0103 aib\u0103 salarii decente, ca oamenii s\u0103 fie pl\u0103ti\u021bi dup\u0103 munca lor, ca oamenii s\u0103 fie pl\u0103ti\u021bi conform regulilor Uniunii Europene. \u0218i a\u0219a cum bine \u0219ti\u021bi, este o directiv\u0103 \u00een Uniunea European\u0103, care spune lucruri legate de salariul minim&#8217;, <a href=\"https:\/\/www.facebook.com\/grindeanusorin\/videos\/799440352798402?locale=ro_RO\" target=\"_blank\">a spus Sorin Grindeanu<\/a>.<\/p>\n<p>El a ad\u0103ugat c\u0103 la Guvern a avut loc o \u0219edin\u021b\u0103 a Comitetului Tripartit, la care au luat parte reprezentan\u021bii patronatelor, sindicatelor \u0219i Executivului, \u00eens\u0103 o concluzie a discu\u021biilor a fost am\u00e2nat\u0103 pentru luna noiembrie.<\/p>\n<p>Totodat\u0103, Sorin Grindeanu a men\u021bionat c\u0103 a\u0219teapt\u0103 un raport de la ministrul Finan\u021belor despre impactul bugetar al m\u0103surii, dar \u0219i o informare de la comisarul european Roxana M\u00eenzatu despre ceea ce implic\u0103 m\u0103rirea sau nu a salariului minim.<\/p>\n<p>&#8216;Eu a\u0219tept (&#8230;) ca ministrul Finan\u021belor s\u0103 vin\u0103 cu un raport (&#8230;) \u0219i trebuie s\u0103 trimit\u0103 \u0219i comisarul pentru munc\u0103, doamna Roxana M\u00eenzatu, o informare legat\u0103 despre ce \u00eenseamn\u0103 s\u0103 nu m\u0103rim salariul minim. Dac\u0103 intr\u0103m sau nu \u00een infringement. S-ar putea s\u0103 intr\u0103m \u00een infringement, c\u0103 noi ne-am angajat la ni\u0219te lucruri \u00een Uniunea European\u0103. Germania a m\u0103rit s\u0103pt\u0103m\u00e2na asta salariul minim. Germania care &#8211; nu \u0219tiu dac\u0103 e pe cre\u0219tere economic\u0103 &#8211; eu cred c\u0103 e pe recesiune de vreo doi ani, trei. \u0218i a\u0219tept din partea ministrului Finan\u021belor s\u0103 vedem dac\u0103 exist\u0103 \u0219i care ar fi impactul bugetar la a\u0219a ceva. \u0218i dup\u0103 aceea s\u0103 lu\u0103m o decizie. (&#8230;) Cred c\u0103 trebuie s\u0103 prive\u0219ti lucrurile din toate perspectivele, nu ajunge s\u0103 prive\u0219ti dintr-un singur unghi \u0219i dintr-o singur\u0103 direc\u021bie&#8217;, a conchis liderul PSD. AGERPRES\/(A, AS &#8211; redactor: Sorin Blada, editor: Georgiana T\u0103n\u0103sescu, editor online: Andreea Preda)<br \/>\n<br \/>\nSursa articolului:  <a href=\"https:\/\/agerpres.ro\/politic\/2025\/10\/30\/grindeanu-despre-majorarea-salariului-minim-oamenii-trebuie-sa-aiba-salarii-decente--1498651\" target=\"_blank\" rel=\"noopener\" title=\"\">AGERPRES<\/a><\/p>","protected":false},"excerpt":{"rendered":"<p>Pre\u0219edintele interimar al Partidului Social Democrat (PSD), Sorin Grindeanu, a declarat, joi seara, la Re\u0219i\u021ba, c\u0103 angaja\u021bii din Rom\u00e2nia trebuie s\u0103 aib\u0103 salarii decente, \u00een conformitate cu reglement\u0103rile Uniunii Europene, care a \u0219i emis o Directiv\u0103 \u00een acest sens. \u00centrebat despre semnalele venite din partea mediului de afaceri, care a avertizat c\u0103 o cre\u0219tere a&#8230;<\/p>","protected":false},"author":4,"featured_media":2935,"comment_status":"open","ping_status":"open","sticky":false,"template":"","format":"standard","meta":{"footnotes":""},"categories":[1],"tags":[],"class_list":["post-3258","post","type-post","status-publish","format-standard","has-post-thumbnail","hentry","category-uncategorized"],"yoast_head":"<!-- This site is optimized with the Yoast SEO plugin v26.1.1 - https:\/\/yoast.com\/wordpress\/plugins\/seo\/ -->\n<title>Grindeanu, despre majorarea salariului minim: Oamenii trebuie s\u0103 aib\u0103 salarii decente - Carpathia Center Romania<\/title>\n<meta name=\"robots\" content=\"index, follow, max-snippet:-1, max-image-preview:large, max-video-preview:-1\" \/>\n<link rel=\"canonical\" href=\"https:\/\/carpathiacenter.ro\/en\/grindeanu-despre-majorarea-salariului-minim-oamenii-trebuie-sa-aiba-salarii-decente\/\" \/>\n<meta property=\"og:locale\" content=\"en_GB\" \/>\n<meta property=\"og:type\" content=\"article\" \/>\n<meta property=\"og:title\" content=\"Grindeanu, despre majorarea salariului minim: Oamenii trebuie s\u0103 aib\u0103 salarii decente - Carpathia Center Romania\" \/>\n<meta property=\"og:description\" content=\"Pre\u0219edintele interimar al Partidului Social Democrat (PSD), Sorin Grindeanu, a declarat, joi seara, la Re\u0219i\u021ba, c\u0103 angaja\u021bii din Rom\u00e2nia trebuie s\u0103 aib\u0103 salarii decente, \u00een conformitate cu reglement\u0103rile Uniunii Europene, care a \u0219i emis o Directiv\u0103 \u00een acest sens. \u00centrebat despre semnalele venite din partea mediului de afaceri, care a avertizat c\u0103 o cre\u0219tere a...\" \/>\n<meta property=\"og:url\" content=\"https:\/\/carpathiacenter.ro\/en\/grindeanu-despre-majorarea-salariului-minim-oamenii-trebuie-sa-aiba-salarii-decente\/\" \/>\n<meta property=\"og:site_name\" content=\"Carpathia Center Romania\" \/>\n<meta property=\"article:publisher\" content=\"https:\/\/www.facebook.com\/fdpscarpathia\/\" \/>\n<meta property=\"article:published_time\" content=\"2025-10-31T09:56:51+00:00\" \/>\n<meta property=\"article:modified_time\" content=\"2025-11-03T09:58:02+00:00\" \/>\n<meta property=\"og:image\" content=\"https:\/\/carpathiacenter.ro\/wp-content\/uploads\/2025\/08\/sorin-grindeanu.jpg\" \/>\n\t<meta property=\"og:image:width\" content=\"830\" \/>\n\t<meta property=\"og:image:height\" content=\"475\" \/>\n\t<meta property=\"og:image:type\" content=\"image\/jpeg\" \/>\n<meta name=\"author\" content=\"creativebitsolutions\" \/>\n<meta name=\"twitter:card\" content=\"summary_large_image\" \/>\n<meta name=\"twitter:label1\" content=\"Written by\" \/>\n\t<meta name=\"twitter:data1\" content=\"creativebitsolutions\" \/>\n\t<meta name=\"twitter:label2\" content=\"Estimated reading time\" \/>\n\t<meta name=\"twitter:data2\" content=\"1 minute\" \/>\n<script type=\"application\/ld+json\" class=\"yoast-schema-graph\">{\"@context\":\"https:\/\/schema.org\",\"@graph\":[{\"@type\":\"Article\",\"@id\":\"https:\/\/carpathiacenter.ro\/grindeanu-despre-majorarea-salariului-minim-oamenii-trebuie-sa-aiba-salarii-decente\/#article\",\"isPartOf\":{\"@id\":\"https:\/\/carpathiacenter.ro\/grindeanu-despre-majorarea-salariului-minim-oamenii-trebuie-sa-aiba-salarii-decente\/\"},\"author\":{\"name\":\"creativebitsolutions\",\"@id\":\"https:\/\/carpathiacenter.ro\/#\/schema\/person\/03d9f58202fee8379268f34afa195006\"},\"headline\":\"Grindeanu, despre majorarea salariului minim: Oamenii trebuie s\u0103 aib\u0103 salarii decente\",\"datePublished\":\"2025-10-31T09:56:51+00:00\",\"dateModified\":\"2025-11-03T09:58:02+00:00\",\"mainEntityOfPage\":{\"@id\":\"https:\/\/carpathiacenter.ro\/grindeanu-despre-majorarea-salariului-minim-oamenii-trebuie-sa-aiba-salarii-decente\/\"},\"wordCount\":435,\"commentCount\":0,\"publisher\":{\"@id\":\"https:\/\/carpathiacenter.ro\/#organization\"},\"image\":{\"@id\":\"https:\/\/carpathiacenter.ro\/grindeanu-despre-majorarea-salariului-minim-oamenii-trebuie-sa-aiba-salarii-decente\/#primaryimage\"},\"thumbnailUrl\":\"https:\/\/carpathiacenter.ro\/wp-content\/uploads\/2025\/08\/sorin-grindeanu.jpg\",\"articleSection\":[\"Uncategorized\"],\"inLanguage\":\"en-GB\",\"potentialAction\":[{\"@type\":\"CommentAction\",\"name\":\"Comment\",\"target\":[\"https:\/\/carpathiacenter.ro\/grindeanu-despre-majorarea-salariului-minim-oamenii-trebuie-sa-aiba-salarii-decente\/#respond\"]}]},{\"@type\":\"WebPage\",\"@id\":\"https:\/\/carpathiacenter.ro\/grindeanu-despre-majorarea-salariului-minim-oamenii-trebuie-sa-aiba-salarii-decente\/\",\"url\":\"https:\/\/carpathiacenter.ro\/grindeanu-despre-majorarea-salariului-minim-oamenii-trebuie-sa-aiba-salarii-decente\/\",\"name\":\"Grindeanu, despre majorarea salariului minim: Oamenii trebuie s\u0103 aib\u0103 salarii decente - Carpathia Center Romania\",\"isPartOf\":{\"@id\":\"https:\/\/carpathiacenter.ro\/#website\"},\"primaryImageOfPage\":{\"@id\":\"https:\/\/carpathiacenter.ro\/grindeanu-despre-majorarea-salariului-minim-oamenii-trebuie-sa-aiba-salarii-decente\/#primaryimage\"},\"image\":{\"@id\":\"https:\/\/carpathiacenter.ro\/grindeanu-despre-majorarea-salariului-minim-oamenii-trebuie-sa-aiba-salarii-decente\/#primaryimage\"},\"thumbnailUrl\":\"https:\/\/carpathiacenter.ro\/wp-content\/uploads\/2025\/08\/sorin-grindeanu.jpg\",\"datePublished\":\"2025-10-31T09:56:51+00:00\",\"dateModified\":\"2025-11-03T09:58:02+00:00\",\"breadcrumb\":{\"@id\":\"https:\/\/carpathiacenter.ro\/grindeanu-despre-majorarea-salariului-minim-oamenii-trebuie-sa-aiba-salarii-decente\/#breadcrumb\"},\"inLanguage\":\"en-GB\",\"potentialAction\":[{\"@type\":\"ReadAction\",\"target\":[\"https:\/\/carpathiacenter.ro\/grindeanu-despre-majorarea-salariului-minim-oamenii-trebuie-sa-aiba-salarii-decente\/\"]}]},{\"@type\":\"ImageObject\",\"inLanguage\":\"en-GB\",\"@id\":\"https:\/\/carpathiacenter.ro\/grindeanu-despre-majorarea-salariului-minim-oamenii-trebuie-sa-aiba-salarii-decente\/#primaryimage\",\"url\":\"https:\/\/carpathiacenter.ro\/wp-content\/uploads\/2025\/08\/sorin-grindeanu.jpg\",\"contentUrl\":\"https:\/\/carpathiacenter.ro\/wp-content\/uploads\/2025\/08\/sorin-grindeanu.jpg\",\"width\":830,\"height\":475},{\"@type\":\"BreadcrumbList\",\"@id\":\"https:\/\/carpathiacenter.ro\/grindeanu-despre-majorarea-salariului-minim-oamenii-trebuie-sa-aiba-salarii-decente\/#breadcrumb\",\"itemListElement\":[{\"@type\":\"ListItem\",\"position\":1,\"name\":\"Prima pagin\u0103\",\"item\":\"https:\/\/carpathiacenter.ro\/\"},{\"@type\":\"ListItem\",\"position\":2,\"name\":\"Grindeanu, despre majorarea salariului minim: Oamenii trebuie s\u0103 aib\u0103 salarii decente\"}]},{\"@type\":\"WebSite\",\"@id\":\"https:\/\/carpathiacenter.ro\/#website\",\"url\":\"https:\/\/carpathiacenter.ro\/\",\"name\":\"Carpathia Center Romania\",\"description\":\"Impossible made possible!\",\"publisher\":{\"@id\":\"https:\/\/carpathiacenter.ro\/#organization\"},\"potentialAction\":[{\"@type\":\"SearchAction\",\"target\":{\"@type\":\"EntryPoint\",\"urlTemplate\":\"https:\/\/carpathiacenter.ro\/?s={search_term_string}\"},\"query-input\":{\"@type\":\"PropertyValueSpecification\",\"valueRequired\":true,\"valueName\":\"search_term_string\"}}],\"inLanguage\":\"en-GB\"},{\"@type\":\"Organization\",\"@id\":\"https:\/\/carpathiacenter.ro\/#organization\",\"name\":\"Carpathia Center Romania\",\"url\":\"https:\/\/carpathiacenter.ro\/\",\"logo\":{\"@type\":\"ImageObject\",\"inLanguage\":\"en-GB\",\"@id\":\"https:\/\/carpathiacenter.ro\/#\/schema\/logo\/image\/\",\"url\":\"https:\/\/carpathiacenter.ro\/wp-content\/uploads\/2024\/07\/logo-carpathia_bg_white-1024x941.png\",\"contentUrl\":\"https:\/\/carpathiacenter.ro\/wp-content\/uploads\/2024\/07\/logo-carpathia_bg_white-1024x941.png\",\"width\":1024,\"height\":941,\"caption\":\"Carpathia Center Romania\"},\"image\":{\"@id\":\"https:\/\/carpathiacenter.ro\/#\/schema\/logo\/image\/\"},\"sameAs\":[\"https:\/\/www.facebook.com\/fdpscarpathia\/\"]},{\"@type\":\"Person\",\"@id\":\"https:\/\/carpathiacenter.ro\/#\/schema\/person\/03d9f58202fee8379268f34afa195006\",\"name\":\"creativebitsolutions\",\"image\":{\"@type\":\"ImageObject\",\"inLanguage\":\"en-GB\",\"@id\":\"https:\/\/carpathiacenter.ro\/#\/schema\/person\/image\/\",\"url\":\"https:\/\/secure.gravatar.com\/avatar\/1b1a13e37f847c635dab78348f1dff2f07651ee2a3d77a5c355a4b8c75f9165a?s=96&d=mm&r=g\",\"contentUrl\":\"https:\/\/secure.gravatar.com\/avatar\/1b1a13e37f847c635dab78348f1dff2f07651ee2a3d77a5c355a4b8c75f9165a?s=96&d=mm&r=g\",\"caption\":\"creativebitsolutions\"},\"url\":\"https:\/\/carpathiacenter.ro\/en\/author\/creativebitsolutions\/\"}]}<\/script>\n<!-- \/ Yoast SEO plugin. -->","yoast_head_json":{"title":"Grindeanu, despre majorarea salariului minim: Oamenii trebuie s\u0103 aib\u0103 salarii decente - Carpathia Center Romania","robots":{"index":"index","follow":"follow","max-snippet":"max-snippet:-1","max-image-preview":"max-image-preview:large","max-video-preview":"max-video-preview:-1"},"canonical":"https:\/\/carpathiacenter.ro\/en\/grindeanu-despre-majorarea-salariului-minim-oamenii-trebuie-sa-aiba-salarii-decente\/","og_locale":"en_GB","og_type":"article","og_title":"Grindeanu, despre majorarea salariului minim: Oamenii trebuie s\u0103 aib\u0103 salarii decente - Carpathia Center Romania","og_description":"Pre\u0219edintele interimar al Partidului Social Democrat (PSD), Sorin Grindeanu, a declarat, joi seara, la Re\u0219i\u021ba, c\u0103 angaja\u021bii din Rom\u00e2nia trebuie s\u0103 aib\u0103 salarii decente, \u00een conformitate cu reglement\u0103rile Uniunii Europene, care a \u0219i emis o Directiv\u0103 \u00een acest sens. \u00centrebat despre semnalele venite din partea mediului de afaceri, care a avertizat c\u0103 o cre\u0219tere a...","og_url":"https:\/\/carpathiacenter.ro\/en\/grindeanu-despre-majorarea-salariului-minim-oamenii-trebuie-sa-aiba-salarii-decente\/","og_site_name":"Carpathia Center Romania","article_publisher":"https:\/\/www.facebook.com\/fdpscarpathia\/","article_published_time":"2025-10-31T09:56:51+00:00","article_modified_time":"2025-11-03T09:58:02+00:00","og_image":[{"width":830,"height":475,"url":"https:\/\/carpathiacenter.ro\/wp-content\/uploads\/2025\/08\/sorin-grindeanu.jpg","type":"image\/jpeg"}],"author":"creativebitsolutions","twitter_card":"summary_large_image","twitter_misc":{"Written by":"creativebitsolutions","Estimated reading time":"1 minute"},"schema":{"@context":"https:\/\/schema.org","@graph":[{"@type":"Article","@id":"https:\/\/carpathiacenter.ro\/grindeanu-despre-majorarea-salariului-minim-oamenii-trebuie-sa-aiba-salarii-decente\/#article","isPartOf":{"@id":"https:\/\/carpathiacenter.ro\/grindeanu-despre-majorarea-salariului-minim-oamenii-trebuie-sa-aiba-salarii-decente\/"},"author":{"name":"creativebitsolutions","@id":"https:\/\/carpathiacenter.ro\/#\/schema\/person\/03d9f58202fee8379268f34afa195006"},"headline":"Grindeanu, despre majorarea salariului minim: Oamenii trebuie s\u0103 aib\u0103 salarii decente","datePublished":"2025-10-31T09:56:51+00:00","dateModified":"2025-11-03T09:58:02+00:00","mainEntityOfPage":{"@id":"https:\/\/carpathiacenter.ro\/grindeanu-despre-majorarea-salariului-minim-oamenii-trebuie-sa-aiba-salarii-decente\/"},"wordCount":435,"commentCount":0,"publisher":{"@id":"https:\/\/carpathiacenter.ro\/#organization"},"image":{"@id":"https:\/\/carpathiacenter.ro\/grindeanu-despre-majorarea-salariului-minim-oamenii-trebuie-sa-aiba-salarii-decente\/#primaryimage"},"thumbnailUrl":"https:\/\/carpathiacenter.ro\/wp-content\/uploads\/2025\/08\/sorin-grindeanu.jpg","articleSection":["Uncategorized"],"inLanguage":"en-GB","potentialAction":[{"@type":"CommentAction","name":"Comment","target":["https:\/\/carpathiacenter.ro\/grindeanu-despre-majorarea-salariului-minim-oamenii-trebuie-sa-aiba-salarii-decente\/#respond"]}]},{"@type":"WebPage","@id":"https:\/\/carpathiacenter.ro\/grindeanu-despre-majorarea-salariului-minim-oamenii-trebuie-sa-aiba-salarii-decente\/","url":"https:\/\/carpathiacenter.ro\/grindeanu-despre-majorarea-salariului-minim-oamenii-trebuie-sa-aiba-salarii-decente\/","name":"Grindeanu, despre majorarea salariului minim: Oamenii trebuie s\u0103 aib\u0103 salarii decente - Carpathia Center Romania","isPartOf":{"@id":"https:\/\/carpathiacenter.ro\/#website"},"primaryImageOfPage":{"@id":"https:\/\/carpathiacenter.ro\/grindeanu-despre-majorarea-salariului-minim-oamenii-trebuie-sa-aiba-salarii-decente\/#primaryimage"},"image":{"@id":"https:\/\/carpathiacenter.ro\/grindeanu-despre-majorarea-salariului-minim-oamenii-trebuie-sa-aiba-salarii-decente\/#primaryimage"},"thumbnailUrl":"https:\/\/carpathiacenter.ro\/wp-content\/uploads\/2025\/08\/sorin-grindeanu.jpg","datePublished":"2025-10-31T09:56:51+00:00","dateModified":"2025-11-03T09:58:02+00:00","breadcrumb":{"@id":"https:\/\/carpathiacenter.ro\/grindeanu-despre-majorarea-salariului-minim-oamenii-trebuie-sa-aiba-salarii-decente\/#breadcrumb"},"inLanguage":"en-GB","potentialAction":[{"@type":"ReadAction","target":["https:\/\/carpathiacenter.ro\/grindeanu-despre-majorarea-salariului-minim-oamenii-trebuie-sa-aiba-salarii-decente\/"]}]},{"@type":"ImageObject","inLanguage":"en-GB","@id":"https:\/\/carpathiacenter.ro\/grindeanu-despre-majorarea-salariului-minim-oamenii-trebuie-sa-aiba-salarii-decente\/#primaryimage","url":"https:\/\/carpathiacenter.ro\/wp-content\/uploads\/2025\/08\/sorin-grindeanu.jpg","contentUrl":"https:\/\/carpathiacenter.ro\/wp-content\/uploads\/2025\/08\/sorin-grindeanu.jpg","width":830,"height":475},{"@type":"BreadcrumbList","@id":"https:\/\/carpathiacenter.ro\/grindeanu-despre-majorarea-salariului-minim-oamenii-trebuie-sa-aiba-salarii-decente\/#breadcrumb","itemListElement":[{"@type":"ListItem","position":1,"name":"Prima pagin\u0103","item":"https:\/\/carpathiacenter.ro\/"},{"@type":"ListItem","position":2,"name":"Grindeanu, despre majorarea salariului minim: Oamenii trebuie s\u0103 aib\u0103 salarii decente"}]},{"@type":"WebSite","@id":"https:\/\/carpathiacenter.ro\/#website","url":"https:\/\/carpathiacenter.ro\/","name":"Carpathia Center Romania","description":"Impossible made possible!","publisher":{"@id":"https:\/\/carpathiacenter.ro\/#organization"},"potentialAction":[{"@type":"SearchAction","target":{"@type":"EntryPoint","urlTemplate":"https:\/\/carpathiacenter.ro\/?s={search_term_string}"},"query-input":{"@type":"PropertyValueSpecification","valueRequired":true,"valueName":"search_term_string"}}],"inLanguage":"en-GB"},{"@type":"Organization","@id":"https:\/\/carpathiacenter.ro\/#organization","name":"Carpathia Center Romania","url":"https:\/\/carpathiacenter.ro\/","logo":{"@type":"ImageObject","inLanguage":"en-GB","@id":"https:\/\/carpathiacenter.ro\/#\/schema\/logo\/image\/","url":"https:\/\/carpathiacenter.ro\/wp-content\/uploads\/2024\/07\/logo-carpathia_bg_white-1024x941.png","contentUrl":"https:\/\/carpathiacenter.ro\/wp-content\/uploads\/2024\/07\/logo-carpathia_bg_white-1024x941.png","width":1024,"height":941,"caption":"Carpathia Center Romania"},"image":{"@id":"https:\/\/carpathiacenter.ro\/#\/schema\/logo\/image\/"},"sameAs":["https:\/\/www.facebook.com\/fdpscarpathia\/"]},{"@type":"Person","@id":"https:\/\/carpathiacenter.ro\/#\/schema\/person\/03d9f58202fee8379268f34afa195006","name":"creativebitsolutions","image":{"@type":"ImageObject","inLanguage":"en-GB","@id":"https:\/\/carpathiacenter.ro\/#\/schema\/person\/image\/","url":"https:\/\/secure.gravatar.com\/avatar\/1b1a13e37f847c635dab78348f1dff2f07651ee2a3d77a5c355a4b8c75f9165a?s=96&d=mm&r=g","contentUrl":"https:\/\/secure.gravatar.com\/avatar\/1b1a13e37f847c635dab78348f1dff2f07651ee2a3d77a5c355a4b8c75f9165a?s=96&d=mm&r=g","caption":"creativebitsolutions"},"url":"https:\/\/carpathiacenter.ro\/en\/author\/creativebitsolutions\/"}]}},"_links":{"self":[{"href":"https:\/\/carpathiacenter.ro\/en\/wp-json\/wp\/v2\/posts\/3258","targetHints":{"allow":["GET"]}}],"collection":[{"href":"https:\/\/carpathiacenter.ro\/en\/wp-json\/wp\/v2\/posts"}],"about":[{"href":"https:\/\/carpathiacenter.ro\/en\/wp-json\/wp\/v2\/types\/post"}],"author":[{"embeddable":true,"href":"https:\/\/carpathiacenter.ro\/en\/wp-json\/wp\/v2\/users\/4"}],"replies":[{"embeddable":true,"href":"https:\/\/carpathiacenter.ro\/en\/wp-json\/wp\/v2\/comments?post=3258"}],"version-history":[{"count":1,"href":"https:\/\/carpathiacenter.ro\/en\/wp-json\/wp\/v2\/posts\/3258\/revisions"}],"predecessor-version":[{"id":3259,"href":"https:\/\/carpathiacenter.ro\/en\/wp-json\/wp\/v2\/posts\/3258\/revisions\/3259"}],"wp:featuredmedia":[{"embeddable":true,"href":"https:\/\/carpathiacenter.ro\/en\/wp-json\/wp\/v2\/media\/2935"}],"wp:attachment":[{"href":"https:\/\/carpathiacenter.ro\/en\/wp-json\/wp\/v2\/media?parent=3258"}],"wp:term":[{"taxonomy":"category","embeddable":true,"href":"https:\/\/carpathiacenter.ro\/en\/wp-json\/wp\/v2\/categories?post=3258"},{"taxonomy":"post_tag","embeddable":true,"href":"https:\/\/carpathiacenter.ro\/en\/wp-json\/wp\/v2\/tags?post=3258"}],"curies":[{"name":"wp","href":"https:\/\/api.w.org\/{rel}","templated":true}]}}