{"id":3255,"date":"2025-10-31T09:54:10","date_gmt":"2025-10-31T09:54:10","guid":{"rendered":"https:\/\/carpathiacenter.ro\/?p=3255"},"modified":"2025-11-03T09:56:46","modified_gmt":"2025-11-03T09:56:46","slug":"scriitorul-si-criticul-francez-frederic-vitoux-doctor-honoris-causa-din-partea-universitatii-din-bucuresti","status":"publish","type":"post","link":"https:\/\/carpathiacenter.ro\/en\/scriitorul-si-criticul-francez-frederic-vitoux-doctor-honoris-causa-din-partea-universitatii-din-bucuresti\/","title":{"rendered":"Scriitorul \u0219i criticul francez Frederic Vitoux &#8211; Doctor Honoris Causa din partea Universit\u0103\u021bii din Bucure\u0219ti"},"content":{"rendered":"<p><strong>Universitatea din Bucure\u0219ti (UB) va acorda, \u00een cadrul unei ceremonii care se va desf\u0103\u0219ura vineri, distinc\u021bia de Doctor Honoris Causa scriitorului \u0219i criticului literar francez Frederic Vitoux, personalitate marcant\u0103 a literaturii contemporane \u0219i membru al Academiei Franceze.<\/strong><\/p>\n<p>&#8216;Acordarea titlului de Doctor Honoris Causa al Universit\u0103\u021bii din Bucure\u0219ti scriitorului Frederic Vitoux este un semn de recunoa\u0219tere a contribu\u021biei sale remarcabile la literatura universal\u0103 \u0219i o reafirmare a angajamentului Universit\u0103\u021bii din Bucure\u0219ti de a promova excelen\u021ba academic\u0103, colaborarea interna\u021bional\u0103 \u0219i dialogul intercultural&#8217;, a transmis institu\u021bia de \u00eenv\u0103\u021b\u0103m\u00e2nt superior \u00eentr-un comunicat remis AGERPRES.<\/p>\n<p>Doctor \u00een litere al Universite Paris-Sorbonne (Paris-IV), Frederic Vitoux \u0219i-a dedicat teza scriitorului Louis-Ferdinand Celine, lucrare publicat\u0103 ulterior cu titlul &#8216;Louis-Ferdinand Celine. Misere et parole (1973)&#8217;. \u00cen acela\u0219i an, \u0219i-a f\u0103cut debutul literar cu romanul &#8216;Cartes Postales&#8217;. Autor al unei opere ample, care cuprinde peste 20 de romane, biografii \u0219i eseuri, Vitoux se remarc\u0103 printr-un stil ce \u00eembin\u0103 erudi\u021bia cu rafinamentul fic\u021biunii, privite dintr-o perspectiv\u0103 profund umanist\u0103, se eviden\u021biaz\u0103 \u00een comunicatul universit\u0103\u021bii.<\/p>\n<p>Potrivit acestuia, de-a lungul carierei sale, Frederic Vitoux a colaborat cu numeroase publica\u021bii culturale de prestigiu, precum &#8216;Le Nouvel Observateur&#8217;, &#8216;Positif&#8217; \u0219i &#8216;Quotidien de Paris&#8217;, consolid\u00e2ndu-\u0219i astfel reputa\u021bia de intelectual remarcabil \u00een spa\u021biul cultural global.<\/p>\n<p>Opera sa a fost distins\u0103 cu numeroase premii literare, printre care Prix Maille-Latour-Landry al Academie francaise pentru Les cercles de l&#8217;orage (1976), Prix Biguet al Academie francaise pentru romanele Celine (1979) \u0219i Mes \u00eeles Saint-Louis (1982), Prix Valery-Larbaud (1991), Grand Prix du roman de l&#8217;Academie francaise pentru La Comedie de Terracina (1994) \u0219i Prix Goncourt pentru La Vie de Celine (1988).<\/p>\n<p>\u00cen 2021 i-a fost conferit titlul de Commandeur de l&#8217;Ordre des Arts et des Lettres, una dintre cele mai \u00eenalte distinc\u021bii culturale franceze.<br \/>\nFrederic Vitoux este, totodat\u0103, autorul volumului &#8216;Le Dictionnaire amoureux des chats&#8217; (2008), o veritabil\u0103 enciclopedie literar\u0103 dedicat\u0103 universului felin, care reflect\u0103 spiritul ludic, erudi\u021bia \u0219i sensibilitatea umanist\u0103 a scriitorului. Printre apari\u021biile sale editoriale recente se num\u0103r\u0103 &#8216;Au Rendez-vous des Mariniers&#8217; (2016), &#8216;L&#8217;Ours et le Philosophe&#8217; (2022) \u0219i &#8216;La Mort du Procureur Imperial&#8217; (2025).<\/p>\n<p>Rela\u021bia scriitorului cu spa\u021biul cultural rom\u00e2nesc este una de durat\u0103 \u0219i prolific\u0103. Numeroase opere ale sale au fost traduse \u0219i publicate \u00een limba rom\u00e2n\u0103, printre care &#8216;9 zile la Terracina&#8217; (Editura Alffa, 1998), &#8216;Clarisse&#8217; (Editura Spandugino, 2011), &#8216;Grand Hotel Nelson&#8217; (Editura Spandugino, 2013), &#8216;La ce or\u0103, din ce zi&#8230;&#8217; (Editura Univers, 2020) \u0219i, ultima apari\u021bie, &#8216;Via\u021ba lui Celine&#8217; (Editura Cartier, 2025). AGERPRES\/(AS &#8211; editor: Florin Marin, editor online: Andreea Preda)<br \/>\n<br \/>\nSursa articolului:  <a href=\"https:\/\/agerpres.ro\/cultura-media\/2025\/10\/31\/scriitorul-si-criticul-francez-frederic-vitoux---doctor-honoris-causa-din-partea-universitatii-din-b--1498667\" target=\"_blank\" rel=\"noopener\" title=\"\">AGERPRES<\/a><\/p>","protected":false},"excerpt":{"rendered":"<p>Universitatea din Bucure\u0219ti (UB) va acorda, \u00een cadrul unei ceremonii care se va desf\u0103\u0219ura vineri, distinc\u021bia de Doctor Honoris Causa scriitorului \u0219i criticului literar francez Frederic Vitoux, personalitate marcant\u0103 a literaturii contemporane \u0219i membru al Academiei Franceze. &#8216;Acordarea titlului de Doctor Honoris Causa al Universit\u0103\u021bii din Bucure\u0219ti scriitorului Frederic Vitoux este un semn de recunoa\u0219tere&#8230;<\/p>","protected":false},"author":4,"featured_media":3256,"comment_status":"open","ping_status":"open","sticky":false,"template":"","format":"standard","meta":{"footnotes":""},"categories":[1],"tags":[],"class_list":["post-3255","post","type-post","status-publish","format-standard","has-post-thumbnail","hentry","category-uncategorized"],"yoast_head":"<!-- This site is optimized with the Yoast SEO plugin v26.1.1 - https:\/\/yoast.com\/wordpress\/plugins\/seo\/ -->\n<title>Scriitorul \u0219i criticul francez Frederic Vitoux - Doctor Honoris Causa din partea Universit\u0103\u021bii din Bucure\u0219ti - Carpathia Center Romania<\/title>\n<meta name=\"robots\" content=\"index, follow, max-snippet:-1, max-image-preview:large, max-video-preview:-1\" \/>\n<link rel=\"canonical\" href=\"https:\/\/carpathiacenter.ro\/en\/scriitorul-si-criticul-francez-frederic-vitoux-doctor-honoris-causa-din-partea-universitatii-din-bucuresti\/\" \/>\n<meta property=\"og:locale\" content=\"en_GB\" \/>\n<meta property=\"og:type\" content=\"article\" \/>\n<meta property=\"og:title\" content=\"Scriitorul \u0219i criticul francez Frederic Vitoux - Doctor Honoris Causa din partea Universit\u0103\u021bii din Bucure\u0219ti - Carpathia Center Romania\" \/>\n<meta property=\"og:description\" content=\"Universitatea din Bucure\u0219ti (UB) va acorda, \u00een cadrul unei ceremonii care se va desf\u0103\u0219ura vineri, distinc\u021bia de Doctor Honoris Causa scriitorului \u0219i criticului literar francez Frederic Vitoux, personalitate marcant\u0103 a literaturii contemporane \u0219i membru al Academiei Franceze. &#8216;Acordarea titlului de Doctor Honoris Causa al Universit\u0103\u021bii din Bucure\u0219ti scriitorului Frederic Vitoux este un semn de recunoa\u0219tere...\" \/>\n<meta property=\"og:url\" content=\"https:\/\/carpathiacenter.ro\/en\/scriitorul-si-criticul-francez-frederic-vitoux-doctor-honoris-causa-din-partea-universitatii-din-bucuresti\/\" \/>\n<meta property=\"og:site_name\" content=\"Carpathia Center Romania\" \/>\n<meta property=\"article:publisher\" content=\"https:\/\/www.facebook.com\/fdpscarpathia\/\" \/>\n<meta property=\"article:published_time\" content=\"2025-10-31T09:54:10+00:00\" \/>\n<meta property=\"article:modified_time\" content=\"2025-11-03T09:56:46+00:00\" \/>\n<meta property=\"og:image\" content=\"https:\/\/carpathiacenter.ro\/wp-content\/uploads\/2025\/11\/Frederic-Vitoux.jpeg\" \/>\n\t<meta property=\"og:image:width\" content=\"1200\" \/>\n\t<meta property=\"og:image:height\" content=\"900\" \/>\n\t<meta property=\"og:image:type\" content=\"image\/jpeg\" \/>\n<meta name=\"author\" content=\"creativebitsolutions\" \/>\n<meta name=\"twitter:card\" content=\"summary_large_image\" \/>\n<meta name=\"twitter:label1\" content=\"Written by\" \/>\n\t<meta name=\"twitter:data1\" content=\"creativebitsolutions\" \/>\n\t<meta name=\"twitter:label2\" content=\"Estimated reading time\" \/>\n\t<meta name=\"twitter:data2\" content=\"1 minute\" \/>\n<script type=\"application\/ld+json\" class=\"yoast-schema-graph\">{\"@context\":\"https:\/\/schema.org\",\"@graph\":[{\"@type\":\"Article\",\"@id\":\"https:\/\/carpathiacenter.ro\/scriitorul-si-criticul-francez-frederic-vitoux-doctor-honoris-causa-din-partea-universitatii-din-bucuresti\/#article\",\"isPartOf\":{\"@id\":\"https:\/\/carpathiacenter.ro\/scriitorul-si-criticul-francez-frederic-vitoux-doctor-honoris-causa-din-partea-universitatii-din-bucuresti\/\"},\"author\":{\"name\":\"creativebitsolutions\",\"@id\":\"https:\/\/carpathiacenter.ro\/#\/schema\/person\/03d9f58202fee8379268f34afa195006\"},\"headline\":\"Scriitorul \u0219i criticul francez Frederic Vitoux &#8211; Doctor Honoris Causa din partea Universit\u0103\u021bii din Bucure\u0219ti\",\"datePublished\":\"2025-10-31T09:54:10+00:00\",\"dateModified\":\"2025-11-03T09:56:46+00:00\",\"mainEntityOfPage\":{\"@id\":\"https:\/\/carpathiacenter.ro\/scriitorul-si-criticul-francez-frederic-vitoux-doctor-honoris-causa-din-partea-universitatii-din-bucuresti\/\"},\"wordCount\":445,\"commentCount\":0,\"publisher\":{\"@id\":\"https:\/\/carpathiacenter.ro\/#organization\"},\"image\":{\"@id\":\"https:\/\/carpathiacenter.ro\/scriitorul-si-criticul-francez-frederic-vitoux-doctor-honoris-causa-din-partea-universitatii-din-bucuresti\/#primaryimage\"},\"thumbnailUrl\":\"https:\/\/carpathiacenter.ro\/wp-content\/uploads\/2025\/11\/Frederic-Vitoux.jpeg\",\"articleSection\":[\"Uncategorized\"],\"inLanguage\":\"en-GB\",\"potentialAction\":[{\"@type\":\"CommentAction\",\"name\":\"Comment\",\"target\":[\"https:\/\/carpathiacenter.ro\/scriitorul-si-criticul-francez-frederic-vitoux-doctor-honoris-causa-din-partea-universitatii-din-bucuresti\/#respond\"]}]},{\"@type\":\"WebPage\",\"@id\":\"https:\/\/carpathiacenter.ro\/scriitorul-si-criticul-francez-frederic-vitoux-doctor-honoris-causa-din-partea-universitatii-din-bucuresti\/\",\"url\":\"https:\/\/carpathiacenter.ro\/scriitorul-si-criticul-francez-frederic-vitoux-doctor-honoris-causa-din-partea-universitatii-din-bucuresti\/\",\"name\":\"Scriitorul \u0219i criticul francez Frederic Vitoux - Doctor Honoris Causa din partea Universit\u0103\u021bii din Bucure\u0219ti - Carpathia Center Romania\",\"isPartOf\":{\"@id\":\"https:\/\/carpathiacenter.ro\/#website\"},\"primaryImageOfPage\":{\"@id\":\"https:\/\/carpathiacenter.ro\/scriitorul-si-criticul-francez-frederic-vitoux-doctor-honoris-causa-din-partea-universitatii-din-bucuresti\/#primaryimage\"},\"image\":{\"@id\":\"https:\/\/carpathiacenter.ro\/scriitorul-si-criticul-francez-frederic-vitoux-doctor-honoris-causa-din-partea-universitatii-din-bucuresti\/#primaryimage\"},\"thumbnailUrl\":\"https:\/\/carpathiacenter.ro\/wp-content\/uploads\/2025\/11\/Frederic-Vitoux.jpeg\",\"datePublished\":\"2025-10-31T09:54:10+00:00\",\"dateModified\":\"2025-11-03T09:56:46+00:00\",\"breadcrumb\":{\"@id\":\"https:\/\/carpathiacenter.ro\/scriitorul-si-criticul-francez-frederic-vitoux-doctor-honoris-causa-din-partea-universitatii-din-bucuresti\/#breadcrumb\"},\"inLanguage\":\"en-GB\",\"potentialAction\":[{\"@type\":\"ReadAction\",\"target\":[\"https:\/\/carpathiacenter.ro\/scriitorul-si-criticul-francez-frederic-vitoux-doctor-honoris-causa-din-partea-universitatii-din-bucuresti\/\"]}]},{\"@type\":\"ImageObject\",\"inLanguage\":\"en-GB\",\"@id\":\"https:\/\/carpathiacenter.ro\/scriitorul-si-criticul-francez-frederic-vitoux-doctor-honoris-causa-din-partea-universitatii-din-bucuresti\/#primaryimage\",\"url\":\"https:\/\/carpathiacenter.ro\/wp-content\/uploads\/2025\/11\/Frederic-Vitoux.jpeg\",\"contentUrl\":\"https:\/\/carpathiacenter.ro\/wp-content\/uploads\/2025\/11\/Frederic-Vitoux.jpeg\",\"width\":1200,\"height\":900},{\"@type\":\"BreadcrumbList\",\"@id\":\"https:\/\/carpathiacenter.ro\/scriitorul-si-criticul-francez-frederic-vitoux-doctor-honoris-causa-din-partea-universitatii-din-bucuresti\/#breadcrumb\",\"itemListElement\":[{\"@type\":\"ListItem\",\"position\":1,\"name\":\"Prima pagin\u0103\",\"item\":\"https:\/\/carpathiacenter.ro\/\"},{\"@type\":\"ListItem\",\"position\":2,\"name\":\"Scriitorul \u0219i criticul francez Frederic Vitoux &#8211; Doctor Honoris Causa din partea Universit\u0103\u021bii din Bucure\u0219ti\"}]},{\"@type\":\"WebSite\",\"@id\":\"https:\/\/carpathiacenter.ro\/#website\",\"url\":\"https:\/\/carpathiacenter.ro\/\",\"name\":\"Carpathia Center Romania\",\"description\":\"Impossible made possible!\",\"publisher\":{\"@id\":\"https:\/\/carpathiacenter.ro\/#organization\"},\"potentialAction\":[{\"@type\":\"SearchAction\",\"target\":{\"@type\":\"EntryPoint\",\"urlTemplate\":\"https:\/\/carpathiacenter.ro\/?s={search_term_string}\"},\"query-input\":{\"@type\":\"PropertyValueSpecification\",\"valueRequired\":true,\"valueName\":\"search_term_string\"}}],\"inLanguage\":\"en-GB\"},{\"@type\":\"Organization\",\"@id\":\"https:\/\/carpathiacenter.ro\/#organization\",\"name\":\"Carpathia Center Romania\",\"url\":\"https:\/\/carpathiacenter.ro\/\",\"logo\":{\"@type\":\"ImageObject\",\"inLanguage\":\"en-GB\",\"@id\":\"https:\/\/carpathiacenter.ro\/#\/schema\/logo\/image\/\",\"url\":\"https:\/\/carpathiacenter.ro\/wp-content\/uploads\/2024\/07\/logo-carpathia_bg_white-1024x941.png\",\"contentUrl\":\"https:\/\/carpathiacenter.ro\/wp-content\/uploads\/2024\/07\/logo-carpathia_bg_white-1024x941.png\",\"width\":1024,\"height\":941,\"caption\":\"Carpathia Center Romania\"},\"image\":{\"@id\":\"https:\/\/carpathiacenter.ro\/#\/schema\/logo\/image\/\"},\"sameAs\":[\"https:\/\/www.facebook.com\/fdpscarpathia\/\"]},{\"@type\":\"Person\",\"@id\":\"https:\/\/carpathiacenter.ro\/#\/schema\/person\/03d9f58202fee8379268f34afa195006\",\"name\":\"creativebitsolutions\",\"image\":{\"@type\":\"ImageObject\",\"inLanguage\":\"en-GB\",\"@id\":\"https:\/\/carpathiacenter.ro\/#\/schema\/person\/image\/\",\"url\":\"https:\/\/secure.gravatar.com\/avatar\/1b1a13e37f847c635dab78348f1dff2f07651ee2a3d77a5c355a4b8c75f9165a?s=96&d=mm&r=g\",\"contentUrl\":\"https:\/\/secure.gravatar.com\/avatar\/1b1a13e37f847c635dab78348f1dff2f07651ee2a3d77a5c355a4b8c75f9165a?s=96&d=mm&r=g\",\"caption\":\"creativebitsolutions\"},\"url\":\"https:\/\/carpathiacenter.ro\/en\/author\/creativebitsolutions\/\"}]}<\/script>\n<!-- \/ Yoast SEO plugin. -->","yoast_head_json":{"title":"Scriitorul \u0219i criticul francez Frederic Vitoux - Doctor Honoris Causa din partea Universit\u0103\u021bii din Bucure\u0219ti - Carpathia Center Romania","robots":{"index":"index","follow":"follow","max-snippet":"max-snippet:-1","max-image-preview":"max-image-preview:large","max-video-preview":"max-video-preview:-1"},"canonical":"https:\/\/carpathiacenter.ro\/en\/scriitorul-si-criticul-francez-frederic-vitoux-doctor-honoris-causa-din-partea-universitatii-din-bucuresti\/","og_locale":"en_GB","og_type":"article","og_title":"Scriitorul \u0219i criticul francez Frederic Vitoux - Doctor Honoris Causa din partea Universit\u0103\u021bii din Bucure\u0219ti - Carpathia Center Romania","og_description":"Universitatea din Bucure\u0219ti (UB) va acorda, \u00een cadrul unei ceremonii care se va desf\u0103\u0219ura vineri, distinc\u021bia de Doctor Honoris Causa scriitorului \u0219i criticului literar francez Frederic Vitoux, personalitate marcant\u0103 a literaturii contemporane \u0219i membru al Academiei Franceze. &#8216;Acordarea titlului de Doctor Honoris Causa al Universit\u0103\u021bii din Bucure\u0219ti scriitorului Frederic Vitoux este un semn de recunoa\u0219tere...","og_url":"https:\/\/carpathiacenter.ro\/en\/scriitorul-si-criticul-francez-frederic-vitoux-doctor-honoris-causa-din-partea-universitatii-din-bucuresti\/","og_site_name":"Carpathia Center Romania","article_publisher":"https:\/\/www.facebook.com\/fdpscarpathia\/","article_published_time":"2025-10-31T09:54:10+00:00","article_modified_time":"2025-11-03T09:56:46+00:00","og_image":[{"width":1200,"height":900,"url":"https:\/\/carpathiacenter.ro\/wp-content\/uploads\/2025\/11\/Frederic-Vitoux.jpeg","type":"image\/jpeg"}],"author":"creativebitsolutions","twitter_card":"summary_large_image","twitter_misc":{"Written by":"creativebitsolutions","Estimated reading time":"1 minute"},"schema":{"@context":"https:\/\/schema.org","@graph":[{"@type":"Article","@id":"https:\/\/carpathiacenter.ro\/scriitorul-si-criticul-francez-frederic-vitoux-doctor-honoris-causa-din-partea-universitatii-din-bucuresti\/#article","isPartOf":{"@id":"https:\/\/carpathiacenter.ro\/scriitorul-si-criticul-francez-frederic-vitoux-doctor-honoris-causa-din-partea-universitatii-din-bucuresti\/"},"author":{"name":"creativebitsolutions","@id":"https:\/\/carpathiacenter.ro\/#\/schema\/person\/03d9f58202fee8379268f34afa195006"},"headline":"Scriitorul \u0219i criticul francez Frederic Vitoux &#8211; Doctor Honoris Causa din partea Universit\u0103\u021bii din Bucure\u0219ti","datePublished":"2025-10-31T09:54:10+00:00","dateModified":"2025-11-03T09:56:46+00:00","mainEntityOfPage":{"@id":"https:\/\/carpathiacenter.ro\/scriitorul-si-criticul-francez-frederic-vitoux-doctor-honoris-causa-din-partea-universitatii-din-bucuresti\/"},"wordCount":445,"commentCount":0,"publisher":{"@id":"https:\/\/carpathiacenter.ro\/#organization"},"image":{"@id":"https:\/\/carpathiacenter.ro\/scriitorul-si-criticul-francez-frederic-vitoux-doctor-honoris-causa-din-partea-universitatii-din-bucuresti\/#primaryimage"},"thumbnailUrl":"https:\/\/carpathiacenter.ro\/wp-content\/uploads\/2025\/11\/Frederic-Vitoux.jpeg","articleSection":["Uncategorized"],"inLanguage":"en-GB","potentialAction":[{"@type":"CommentAction","name":"Comment","target":["https:\/\/carpathiacenter.ro\/scriitorul-si-criticul-francez-frederic-vitoux-doctor-honoris-causa-din-partea-universitatii-din-bucuresti\/#respond"]}]},{"@type":"WebPage","@id":"https:\/\/carpathiacenter.ro\/scriitorul-si-criticul-francez-frederic-vitoux-doctor-honoris-causa-din-partea-universitatii-din-bucuresti\/","url":"https:\/\/carpathiacenter.ro\/scriitorul-si-criticul-francez-frederic-vitoux-doctor-honoris-causa-din-partea-universitatii-din-bucuresti\/","name":"Scriitorul \u0219i criticul francez Frederic Vitoux - Doctor Honoris Causa din partea Universit\u0103\u021bii din Bucure\u0219ti - Carpathia Center Romania","isPartOf":{"@id":"https:\/\/carpathiacenter.ro\/#website"},"primaryImageOfPage":{"@id":"https:\/\/carpathiacenter.ro\/scriitorul-si-criticul-francez-frederic-vitoux-doctor-honoris-causa-din-partea-universitatii-din-bucuresti\/#primaryimage"},"image":{"@id":"https:\/\/carpathiacenter.ro\/scriitorul-si-criticul-francez-frederic-vitoux-doctor-honoris-causa-din-partea-universitatii-din-bucuresti\/#primaryimage"},"thumbnailUrl":"https:\/\/carpathiacenter.ro\/wp-content\/uploads\/2025\/11\/Frederic-Vitoux.jpeg","datePublished":"2025-10-31T09:54:10+00:00","dateModified":"2025-11-03T09:56:46+00:00","breadcrumb":{"@id":"https:\/\/carpathiacenter.ro\/scriitorul-si-criticul-francez-frederic-vitoux-doctor-honoris-causa-din-partea-universitatii-din-bucuresti\/#breadcrumb"},"inLanguage":"en-GB","potentialAction":[{"@type":"ReadAction","target":["https:\/\/carpathiacenter.ro\/scriitorul-si-criticul-francez-frederic-vitoux-doctor-honoris-causa-din-partea-universitatii-din-bucuresti\/"]}]},{"@type":"ImageObject","inLanguage":"en-GB","@id":"https:\/\/carpathiacenter.ro\/scriitorul-si-criticul-francez-frederic-vitoux-doctor-honoris-causa-din-partea-universitatii-din-bucuresti\/#primaryimage","url":"https:\/\/carpathiacenter.ro\/wp-content\/uploads\/2025\/11\/Frederic-Vitoux.jpeg","contentUrl":"https:\/\/carpathiacenter.ro\/wp-content\/uploads\/2025\/11\/Frederic-Vitoux.jpeg","width":1200,"height":900},{"@type":"BreadcrumbList","@id":"https:\/\/carpathiacenter.ro\/scriitorul-si-criticul-francez-frederic-vitoux-doctor-honoris-causa-din-partea-universitatii-din-bucuresti\/#breadcrumb","itemListElement":[{"@type":"ListItem","position":1,"name":"Prima pagin\u0103","item":"https:\/\/carpathiacenter.ro\/"},{"@type":"ListItem","position":2,"name":"Scriitorul \u0219i criticul francez Frederic Vitoux &#8211; Doctor Honoris Causa din partea Universit\u0103\u021bii din Bucure\u0219ti"}]},{"@type":"WebSite","@id":"https:\/\/carpathiacenter.ro\/#website","url":"https:\/\/carpathiacenter.ro\/","name":"Carpathia Center Romania","description":"Impossible made possible!","publisher":{"@id":"https:\/\/carpathiacenter.ro\/#organization"},"potentialAction":[{"@type":"SearchAction","target":{"@type":"EntryPoint","urlTemplate":"https:\/\/carpathiacenter.ro\/?s={search_term_string}"},"query-input":{"@type":"PropertyValueSpecification","valueRequired":true,"valueName":"search_term_string"}}],"inLanguage":"en-GB"},{"@type":"Organization","@id":"https:\/\/carpathiacenter.ro\/#organization","name":"Carpathia Center Romania","url":"https:\/\/carpathiacenter.ro\/","logo":{"@type":"ImageObject","inLanguage":"en-GB","@id":"https:\/\/carpathiacenter.ro\/#\/schema\/logo\/image\/","url":"https:\/\/carpathiacenter.ro\/wp-content\/uploads\/2024\/07\/logo-carpathia_bg_white-1024x941.png","contentUrl":"https:\/\/carpathiacenter.ro\/wp-content\/uploads\/2024\/07\/logo-carpathia_bg_white-1024x941.png","width":1024,"height":941,"caption":"Carpathia Center Romania"},"image":{"@id":"https:\/\/carpathiacenter.ro\/#\/schema\/logo\/image\/"},"sameAs":["https:\/\/www.facebook.com\/fdpscarpathia\/"]},{"@type":"Person","@id":"https:\/\/carpathiacenter.ro\/#\/schema\/person\/03d9f58202fee8379268f34afa195006","name":"creativebitsolutions","image":{"@type":"ImageObject","inLanguage":"en-GB","@id":"https:\/\/carpathiacenter.ro\/#\/schema\/person\/image\/","url":"https:\/\/secure.gravatar.com\/avatar\/1b1a13e37f847c635dab78348f1dff2f07651ee2a3d77a5c355a4b8c75f9165a?s=96&d=mm&r=g","contentUrl":"https:\/\/secure.gravatar.com\/avatar\/1b1a13e37f847c635dab78348f1dff2f07651ee2a3d77a5c355a4b8c75f9165a?s=96&d=mm&r=g","caption":"creativebitsolutions"},"url":"https:\/\/carpathiacenter.ro\/en\/author\/creativebitsolutions\/"}]}},"_links":{"self":[{"href":"https:\/\/carpathiacenter.ro\/en\/wp-json\/wp\/v2\/posts\/3255","targetHints":{"allow":["GET"]}}],"collection":[{"href":"https:\/\/carpathiacenter.ro\/en\/wp-json\/wp\/v2\/posts"}],"about":[{"href":"https:\/\/carpathiacenter.ro\/en\/wp-json\/wp\/v2\/types\/post"}],"author":[{"embeddable":true,"href":"https:\/\/carpathiacenter.ro\/en\/wp-json\/wp\/v2\/users\/4"}],"replies":[{"embeddable":true,"href":"https:\/\/carpathiacenter.ro\/en\/wp-json\/wp\/v2\/comments?post=3255"}],"version-history":[{"count":1,"href":"https:\/\/carpathiacenter.ro\/en\/wp-json\/wp\/v2\/posts\/3255\/revisions"}],"predecessor-version":[{"id":3257,"href":"https:\/\/carpathiacenter.ro\/en\/wp-json\/wp\/v2\/posts\/3255\/revisions\/3257"}],"wp:featuredmedia":[{"embeddable":true,"href":"https:\/\/carpathiacenter.ro\/en\/wp-json\/wp\/v2\/media\/3256"}],"wp:attachment":[{"href":"https:\/\/carpathiacenter.ro\/en\/wp-json\/wp\/v2\/media?parent=3255"}],"wp:term":[{"taxonomy":"category","embeddable":true,"href":"https:\/\/carpathiacenter.ro\/en\/wp-json\/wp\/v2\/categories?post=3255"},{"taxonomy":"post_tag","embeddable":true,"href":"https:\/\/carpathiacenter.ro\/en\/wp-json\/wp\/v2\/tags?post=3255"}],"curies":[{"name":"wp","href":"https:\/\/api.w.org\/{rel}","templated":true}]}}