{"id":3251,"date":"2025-10-30T09:41:16","date_gmt":"2025-10-30T09:41:16","guid":{"rendered":"https:\/\/carpathiacenter.ro\/?p=3251"},"modified":"2025-10-30T09:41:16","modified_gmt":"2025-10-30T09:41:16","slug":"consiliul-europei-recomanda-romaniei-sa-puna-in-aplicare-un-sistem-national-de-monitorizare-a-incidentelor-rasiste-si-anti-lgbt-in-scoli","status":"publish","type":"post","link":"https:\/\/carpathiacenter.ro\/en\/consiliul-europei-recomanda-romaniei-sa-puna-in-aplicare-un-sistem-national-de-monitorizare-a-incidentelor-rasiste-si-anti-lgbt-in-scoli\/","title":{"rendered":"Consiliul Europei recomand\u0103 Rom\u00e2niei s\u0103 pun\u0103 \u00een aplicare un sistem na\u021bional de monitorizare a incidentelor rasiste \u0219i anti-LGBT \u00een \u0219coli"},"content":{"rendered":"<p><strong>Comisia European\u0103 \u00eempotriva Rasismului \u0219i a Intoleran\u021bei (ECRI) recomand\u0103 Rom\u00e2niei, \u00eentr-un raport publicat joi, s\u0103 pun\u0103 \u00een aplicare un sistem na\u021bional de monitorizare a incidentelor rasiste \u0219i anti-LGBT \u00een \u0219coli \u0219i s\u0103 colecteze date defalcate pe gen privind astfel de incidente, inclusiv cu privire la motivele h\u0103r\u021buirii.<\/strong><\/p>\n<p>Acest organism de combatere a rasismului al Consiliului Europei (CoE) mai recomand\u0103 ca autorit\u0103\u021bile rom\u00e2ne s\u0103 elaboreze, \u00een urm\u0103torii doi ani, un cadru legal care s\u0103 reglementeze \u00een mod explicit condi\u021biile \u0219i procedura pentru recunoa\u0219terea juridic\u0103 a genului \u0219i s\u0103 stabileasc\u0103 orient\u0103ri clare pentru furnizarea asisten\u021bei medicale afirmative din perspectiva genului.<\/p>\n<p>Recomand\u0103rile sunt incluse \u00een raportul ECRI care evalueaz\u0103 progresele f\u0103cute de Rom\u00e2nia \u00een cadrul s\u0103u juridic \u0219i institu\u021bional, precum \u0219i \u00een politicile \u0219i practicile de prevenire \u0219i combatere a discursului de ur\u0103 rasist \u0219i anti-LGBTI, a infrac\u021biunilor motivate de ur\u0103 \u0219i a discrimin\u0103rii grupurilor aflate \u00een situa\u021bii de vulnerabilitate, cum ar fi romii, persoanele LGBTI, migran\u021bii \u0219i persoanele cu antecedente migratorii.<\/p>\n<p><a href=\"https:\/\/www.equalitylaw.eu\/country\/romania\" target=\"_blank\">Raportul<\/a> analizeaz\u0103 situa\u021bia din Rom\u00e2nia p\u00e2n\u0103 la mijlocul lunii martie a acestui an \u0219i va evalua implementarea recomand\u0103rilor prioritare \u00een decursul urm\u0103torilor doi ani.<\/p>\n<p><a href=\"https:\/\/www.coe.int\/en\/web\/european-commission-against-racism-and-intolerance\" target=\"_blank\">ECRI<\/a> noteaz\u0103 c\u0103, de la cel mai recent raport al s\u0103u, din 2019, Rom\u00e2nia a \u00eenregistrat progrese \u00een mai multe domenii.<\/p>\n<p>Func\u021biile \u0219i atribu\u021biile Consiliului Na\u021bional pentru Combaterea Discrimin\u0103rii (CNDC) sunt \u00een mare parte conforme cu recomand\u0103rile generale ale ECRI pentru organismele de egalitate, dar resursele sale financiare \u0219i umane r\u0103m\u00e2n insuficiente, atrage aten\u021bia <a href=\"https:\/\/www.equalitylaw.eu\/country\/romania\" target=\"_blank\">documentul<\/a>.<\/p>\n<p>Au fost \u00eenregistrate progrese \u00een promovarea educa\u021biei incluzive \u0219i \u00een stabilirea unei proceduri pentru gestionarea cazurilor de violen\u021b\u0103 \u0219colar\u0103, inclusiv a h\u0103r\u021buirii fizice \u0219i cibernetice, subliniaz\u0103 ECRI.<\/p>\n<p>Raportul eviden\u021biaz\u0103 c\u0103 a fost adoptat\u0103 o lege penal\u0103 specific\u0103 privind m\u0103surile de prevenire \u0219i combatere a pozi\u021biilor anti-romi, iar autorit\u0103\u021bile au adoptat o abordare mai coordonat\u0103 pentru combaterea discursului instigator la ur\u0103 \u0219i a infrac\u021biunilor motivate de ur\u0103, inclusiv prin adoptarea a dou\u0103 strategii de prevenire \u0219i combatere a antisemitismului, xenofobiei, radicaliz\u0103rii \u0219i discursului instigator la ur\u0103. Eforturile pentru \u00eembun\u0103t\u0103\u021birea incluziunii romilor au continuat, inclusiv prin ini\u021biative pentru regularizarea a\u0219ez\u0103rilor informale \u0219i adoptarea de noi reglement\u0103ri pentru interzicerea segreg\u0103rii \u0219colare, adaug\u0103 documentul.<\/p>\n<p><strong>Totu\u0219i, ECRI \u00ee\u0219i exprim\u0103 \u00eengrijorarea cu privire la mai multe chestiuni, cum ar fi c\u0103 bullyingul este o problem\u0103 r\u0103sp\u00e2ndit\u0103 \u0219i grav\u0103 \u00een \u0219coli \u0219i c\u0103 aspectele legate de orientarea sexual\u0103, identitatea de gen \u0219i caracteristicile sexuale nu sunt incluse \u00een programa \u0219colar\u0103.<\/strong><\/p>\n<p>De asemenea, raportul atrage aten\u021bia c\u0103 discriminarea \u00eempotriva persoanelor LGTBI persist\u0103, dar \u0219i c\u0103 cuplurile de acela\u0219i sex \u00eenc\u0103 nu beneficiaz\u0103 de nicio recunoa\u0219tere legal\u0103. Cadrul legal nu define\u0219te clar condi\u021biile \u0219i procedurile pentru recunoa\u0219terea legal\u0103 a genului \u0219i nu exist\u0103 ghiduri specifice pentru furnizarea de servicii medicale de afirmare a genului, mai noteaz\u0103 ECRI.<\/p>\n<p>Alte probleme care ridic\u0103 \u00eengrijor\u0103ri sunt prezen\u021ba tot mai mare a pozi\u021biilor instigatoare la ur\u0103 \u00een discursul politic, \u00een media \u0219i \u00een mediul online. Situa\u021bia romilor se pare c\u0103 r\u0103m\u00e2ne dificil\u0103 \u00een toate domeniile vie\u021bii, cu numeroase a\u0219ez\u0103ri informale situate \u00een apropierea zonelor puternic poluate \u0219i mul\u021bi elevi romi care frecventeaz\u0103 institu\u021bii de \u00eenv\u0103\u021b\u0103m\u00e2nt segregate, mai subliniaz\u0103 raportul.<\/p>\n<p>ECRI este un organism unic de monitorizare a drepturilor omului al Consiliului Europei, format din exper\u021bi independen\u021bi, care sunt specializa\u021bi \u00een probleme legate de lupta \u00eempotriva rasismului, discrimin\u0103rii (pe motive de &#8216;ras\u0103&#8217;, origine etnic\u0103\/na\u021bional\u0103, culoare, cet\u0103\u021benie, religie, limb\u0103, orientare sexual\u0103 \u0219i identitate de gen), xenofobiei, antisemitismului \u0219i intoleran\u021bei \u00een Europa. Acest organism \u00eentocme\u0219te rapoarte \u0219i emite recomand\u0103ri statelor membre. AGERPRES\/(AS &#8211; redactor: Ionu\u021b Mare\u0219, editor: Gabriela Ionescu, editor online: Andreea Preda)<br \/>\n<br \/>\nSursa articolului:  <a href=\"https:\/\/agerpres.ro\/romania-in-lume\/2025\/10\/30\/consiliul-europei-recomanda-romaniei-sa-puna-in-aplicare-un-sistem-national-de-monitorizare-a-incide--1498295\" target=\"_blank\" rel=\"noopener\" title=\"\">AGERPRES<\/a><\/p>","protected":false},"excerpt":{"rendered":"<p>Comisia European\u0103 \u00eempotriva Rasismului \u0219i a Intoleran\u021bei (ECRI) recomand\u0103 Rom\u00e2niei, \u00eentr-un raport publicat joi, s\u0103 pun\u0103 \u00een aplicare un sistem na\u021bional de monitorizare a incidentelor rasiste \u0219i anti-LGBT \u00een \u0219coli \u0219i s\u0103 colecteze date defalcate pe gen privind astfel de incidente, inclusiv cu privire la motivele h\u0103r\u021buirii. Acest organism de combatere a rasismului al Consiliului&#8230;<\/p>","protected":false},"author":4,"featured_media":3252,"comment_status":"open","ping_status":"open","sticky":false,"template":"","format":"standard","meta":{"footnotes":""},"categories":[1],"tags":[],"class_list":["post-3251","post","type-post","status-publish","format-standard","has-post-thumbnail","hentry","category-uncategorized"],"yoast_head":"<!-- This site is optimized with the Yoast SEO plugin v26.1.1 - https:\/\/yoast.com\/wordpress\/plugins\/seo\/ -->\n<title>Consiliul Europei recomand\u0103 Rom\u00e2niei s\u0103 pun\u0103 \u00een aplicare un sistem na\u021bional de monitorizare a incidentelor rasiste \u0219i anti-LGBT \u00een \u0219coli - Carpathia Center Romania<\/title>\n<meta name=\"robots\" content=\"index, follow, max-snippet:-1, max-image-preview:large, max-video-preview:-1\" \/>\n<link rel=\"canonical\" href=\"https:\/\/carpathiacenter.ro\/en\/consiliul-europei-recomanda-romaniei-sa-puna-in-aplicare-un-sistem-national-de-monitorizare-a-incidentelor-rasiste-si-anti-lgbt-in-scoli\/\" \/>\n<meta property=\"og:locale\" content=\"en_GB\" \/>\n<meta property=\"og:type\" content=\"article\" \/>\n<meta property=\"og:title\" content=\"Consiliul Europei recomand\u0103 Rom\u00e2niei s\u0103 pun\u0103 \u00een aplicare un sistem na\u021bional de monitorizare a incidentelor rasiste \u0219i anti-LGBT \u00een \u0219coli - Carpathia Center Romania\" \/>\n<meta property=\"og:description\" content=\"Comisia European\u0103 \u00eempotriva Rasismului \u0219i a Intoleran\u021bei (ECRI) recomand\u0103 Rom\u00e2niei, \u00eentr-un raport publicat joi, s\u0103 pun\u0103 \u00een aplicare un sistem na\u021bional de monitorizare a incidentelor rasiste \u0219i anti-LGBT \u00een \u0219coli \u0219i s\u0103 colecteze date defalcate pe gen privind astfel de incidente, inclusiv cu privire la motivele h\u0103r\u021buirii. Acest organism de combatere a rasismului al Consiliului...\" \/>\n<meta property=\"og:url\" content=\"https:\/\/carpathiacenter.ro\/en\/consiliul-europei-recomanda-romaniei-sa-puna-in-aplicare-un-sistem-national-de-monitorizare-a-incidentelor-rasiste-si-anti-lgbt-in-scoli\/\" \/>\n<meta property=\"og:site_name\" content=\"Carpathia Center Romania\" \/>\n<meta property=\"article:publisher\" content=\"https:\/\/www.facebook.com\/fdpscarpathia\/\" \/>\n<meta property=\"article:published_time\" content=\"2025-10-30T09:41:16+00:00\" \/>\n<meta property=\"og:image\" content=\"https:\/\/carpathiacenter.ro\/wp-content\/uploads\/2025\/10\/LGBTQ_Flag.jpg\" \/>\n\t<meta property=\"og:image:width\" content=\"1024\" \/>\n\t<meta property=\"og:image:height\" content=\"681\" \/>\n\t<meta property=\"og:image:type\" content=\"image\/jpeg\" \/>\n<meta name=\"author\" content=\"creativebitsolutions\" \/>\n<meta name=\"twitter:card\" content=\"summary_large_image\" \/>\n<meta name=\"twitter:label1\" content=\"Written by\" \/>\n\t<meta name=\"twitter:data1\" content=\"creativebitsolutions\" \/>\n\t<meta name=\"twitter:label2\" content=\"Estimated reading time\" \/>\n\t<meta name=\"twitter:data2\" content=\"4 minutes\" \/>\n<script type=\"application\/ld+json\" class=\"yoast-schema-graph\">{\"@context\":\"https:\/\/schema.org\",\"@graph\":[{\"@type\":\"Article\",\"@id\":\"https:\/\/carpathiacenter.ro\/consiliul-europei-recomanda-romaniei-sa-puna-in-aplicare-un-sistem-national-de-monitorizare-a-incidentelor-rasiste-si-anti-lgbt-in-scoli\/#article\",\"isPartOf\":{\"@id\":\"https:\/\/carpathiacenter.ro\/consiliul-europei-recomanda-romaniei-sa-puna-in-aplicare-un-sistem-national-de-monitorizare-a-incidentelor-rasiste-si-anti-lgbt-in-scoli\/\"},\"author\":{\"name\":\"creativebitsolutions\",\"@id\":\"https:\/\/carpathiacenter.ro\/#\/schema\/person\/03d9f58202fee8379268f34afa195006\"},\"headline\":\"Consiliul Europei recomand\u0103 Rom\u00e2niei s\u0103 pun\u0103 \u00een aplicare un sistem na\u021bional de monitorizare a incidentelor rasiste \u0219i anti-LGBT \u00een \u0219coli\",\"datePublished\":\"2025-10-30T09:41:16+00:00\",\"mainEntityOfPage\":{\"@id\":\"https:\/\/carpathiacenter.ro\/consiliul-europei-recomanda-romaniei-sa-puna-in-aplicare-un-sistem-national-de-monitorizare-a-incidentelor-rasiste-si-anti-lgbt-in-scoli\/\"},\"wordCount\":684,\"commentCount\":0,\"publisher\":{\"@id\":\"https:\/\/carpathiacenter.ro\/#organization\"},\"image\":{\"@id\":\"https:\/\/carpathiacenter.ro\/consiliul-europei-recomanda-romaniei-sa-puna-in-aplicare-un-sistem-national-de-monitorizare-a-incidentelor-rasiste-si-anti-lgbt-in-scoli\/#primaryimage\"},\"thumbnailUrl\":\"https:\/\/carpathiacenter.ro\/wp-content\/uploads\/2025\/10\/LGBTQ_Flag.jpg\",\"articleSection\":[\"Uncategorized\"],\"inLanguage\":\"en-GB\",\"potentialAction\":[{\"@type\":\"CommentAction\",\"name\":\"Comment\",\"target\":[\"https:\/\/carpathiacenter.ro\/consiliul-europei-recomanda-romaniei-sa-puna-in-aplicare-un-sistem-national-de-monitorizare-a-incidentelor-rasiste-si-anti-lgbt-in-scoli\/#respond\"]}]},{\"@type\":\"WebPage\",\"@id\":\"https:\/\/carpathiacenter.ro\/consiliul-europei-recomanda-romaniei-sa-puna-in-aplicare-un-sistem-national-de-monitorizare-a-incidentelor-rasiste-si-anti-lgbt-in-scoli\/\",\"url\":\"https:\/\/carpathiacenter.ro\/consiliul-europei-recomanda-romaniei-sa-puna-in-aplicare-un-sistem-national-de-monitorizare-a-incidentelor-rasiste-si-anti-lgbt-in-scoli\/\",\"name\":\"Consiliul Europei recomand\u0103 Rom\u00e2niei s\u0103 pun\u0103 \u00een aplicare un sistem na\u021bional de monitorizare a incidentelor rasiste \u0219i anti-LGBT \u00een \u0219coli - Carpathia Center Romania\",\"isPartOf\":{\"@id\":\"https:\/\/carpathiacenter.ro\/#website\"},\"primaryImageOfPage\":{\"@id\":\"https:\/\/carpathiacenter.ro\/consiliul-europei-recomanda-romaniei-sa-puna-in-aplicare-un-sistem-national-de-monitorizare-a-incidentelor-rasiste-si-anti-lgbt-in-scoli\/#primaryimage\"},\"image\":{\"@id\":\"https:\/\/carpathiacenter.ro\/consiliul-europei-recomanda-romaniei-sa-puna-in-aplicare-un-sistem-national-de-monitorizare-a-incidentelor-rasiste-si-anti-lgbt-in-scoli\/#primaryimage\"},\"thumbnailUrl\":\"https:\/\/carpathiacenter.ro\/wp-content\/uploads\/2025\/10\/LGBTQ_Flag.jpg\",\"datePublished\":\"2025-10-30T09:41:16+00:00\",\"breadcrumb\":{\"@id\":\"https:\/\/carpathiacenter.ro\/consiliul-europei-recomanda-romaniei-sa-puna-in-aplicare-un-sistem-national-de-monitorizare-a-incidentelor-rasiste-si-anti-lgbt-in-scoli\/#breadcrumb\"},\"inLanguage\":\"en-GB\",\"potentialAction\":[{\"@type\":\"ReadAction\",\"target\":[\"https:\/\/carpathiacenter.ro\/consiliul-europei-recomanda-romaniei-sa-puna-in-aplicare-un-sistem-national-de-monitorizare-a-incidentelor-rasiste-si-anti-lgbt-in-scoli\/\"]}]},{\"@type\":\"ImageObject\",\"inLanguage\":\"en-GB\",\"@id\":\"https:\/\/carpathiacenter.ro\/consiliul-europei-recomanda-romaniei-sa-puna-in-aplicare-un-sistem-national-de-monitorizare-a-incidentelor-rasiste-si-anti-lgbt-in-scoli\/#primaryimage\",\"url\":\"https:\/\/carpathiacenter.ro\/wp-content\/uploads\/2025\/10\/LGBTQ_Flag.jpg\",\"contentUrl\":\"https:\/\/carpathiacenter.ro\/wp-content\/uploads\/2025\/10\/LGBTQ_Flag.jpg\",\"width\":1024,\"height\":681},{\"@type\":\"BreadcrumbList\",\"@id\":\"https:\/\/carpathiacenter.ro\/consiliul-europei-recomanda-romaniei-sa-puna-in-aplicare-un-sistem-national-de-monitorizare-a-incidentelor-rasiste-si-anti-lgbt-in-scoli\/#breadcrumb\",\"itemListElement\":[{\"@type\":\"ListItem\",\"position\":1,\"name\":\"Prima pagin\u0103\",\"item\":\"https:\/\/carpathiacenter.ro\/\"},{\"@type\":\"ListItem\",\"position\":2,\"name\":\"Consiliul Europei recomand\u0103 Rom\u00e2niei s\u0103 pun\u0103 \u00een aplicare un sistem na\u021bional de monitorizare a incidentelor rasiste \u0219i anti-LGBT \u00een \u0219coli\"}]},{\"@type\":\"WebSite\",\"@id\":\"https:\/\/carpathiacenter.ro\/#website\",\"url\":\"https:\/\/carpathiacenter.ro\/\",\"name\":\"Carpathia Center Romania\",\"description\":\"Impossible made possible!\",\"publisher\":{\"@id\":\"https:\/\/carpathiacenter.ro\/#organization\"},\"potentialAction\":[{\"@type\":\"SearchAction\",\"target\":{\"@type\":\"EntryPoint\",\"urlTemplate\":\"https:\/\/carpathiacenter.ro\/?s={search_term_string}\"},\"query-input\":{\"@type\":\"PropertyValueSpecification\",\"valueRequired\":true,\"valueName\":\"search_term_string\"}}],\"inLanguage\":\"en-GB\"},{\"@type\":\"Organization\",\"@id\":\"https:\/\/carpathiacenter.ro\/#organization\",\"name\":\"Carpathia Center Romania\",\"url\":\"https:\/\/carpathiacenter.ro\/\",\"logo\":{\"@type\":\"ImageObject\",\"inLanguage\":\"en-GB\",\"@id\":\"https:\/\/carpathiacenter.ro\/#\/schema\/logo\/image\/\",\"url\":\"https:\/\/carpathiacenter.ro\/wp-content\/uploads\/2024\/07\/logo-carpathia_bg_white-1024x941.png\",\"contentUrl\":\"https:\/\/carpathiacenter.ro\/wp-content\/uploads\/2024\/07\/logo-carpathia_bg_white-1024x941.png\",\"width\":1024,\"height\":941,\"caption\":\"Carpathia Center Romania\"},\"image\":{\"@id\":\"https:\/\/carpathiacenter.ro\/#\/schema\/logo\/image\/\"},\"sameAs\":[\"https:\/\/www.facebook.com\/fdpscarpathia\/\"]},{\"@type\":\"Person\",\"@id\":\"https:\/\/carpathiacenter.ro\/#\/schema\/person\/03d9f58202fee8379268f34afa195006\",\"name\":\"creativebitsolutions\",\"image\":{\"@type\":\"ImageObject\",\"inLanguage\":\"en-GB\",\"@id\":\"https:\/\/carpathiacenter.ro\/#\/schema\/person\/image\/\",\"url\":\"https:\/\/secure.gravatar.com\/avatar\/1b1a13e37f847c635dab78348f1dff2f07651ee2a3d77a5c355a4b8c75f9165a?s=96&d=mm&r=g\",\"contentUrl\":\"https:\/\/secure.gravatar.com\/avatar\/1b1a13e37f847c635dab78348f1dff2f07651ee2a3d77a5c355a4b8c75f9165a?s=96&d=mm&r=g\",\"caption\":\"creativebitsolutions\"},\"url\":\"https:\/\/carpathiacenter.ro\/en\/author\/creativebitsolutions\/\"}]}<\/script>\n<!-- \/ Yoast SEO plugin. -->","yoast_head_json":{"title":"Consiliul Europei recomand\u0103 Rom\u00e2niei s\u0103 pun\u0103 \u00een aplicare un sistem na\u021bional de monitorizare a incidentelor rasiste \u0219i anti-LGBT \u00een \u0219coli - Carpathia Center Romania","robots":{"index":"index","follow":"follow","max-snippet":"max-snippet:-1","max-image-preview":"max-image-preview:large","max-video-preview":"max-video-preview:-1"},"canonical":"https:\/\/carpathiacenter.ro\/en\/consiliul-europei-recomanda-romaniei-sa-puna-in-aplicare-un-sistem-national-de-monitorizare-a-incidentelor-rasiste-si-anti-lgbt-in-scoli\/","og_locale":"en_GB","og_type":"article","og_title":"Consiliul Europei recomand\u0103 Rom\u00e2niei s\u0103 pun\u0103 \u00een aplicare un sistem na\u021bional de monitorizare a incidentelor rasiste \u0219i anti-LGBT \u00een \u0219coli - Carpathia Center Romania","og_description":"Comisia European\u0103 \u00eempotriva Rasismului \u0219i a Intoleran\u021bei (ECRI) recomand\u0103 Rom\u00e2niei, \u00eentr-un raport publicat joi, s\u0103 pun\u0103 \u00een aplicare un sistem na\u021bional de monitorizare a incidentelor rasiste \u0219i anti-LGBT \u00een \u0219coli \u0219i s\u0103 colecteze date defalcate pe gen privind astfel de incidente, inclusiv cu privire la motivele h\u0103r\u021buirii. Acest organism de combatere a rasismului al Consiliului...","og_url":"https:\/\/carpathiacenter.ro\/en\/consiliul-europei-recomanda-romaniei-sa-puna-in-aplicare-un-sistem-national-de-monitorizare-a-incidentelor-rasiste-si-anti-lgbt-in-scoli\/","og_site_name":"Carpathia Center Romania","article_publisher":"https:\/\/www.facebook.com\/fdpscarpathia\/","article_published_time":"2025-10-30T09:41:16+00:00","og_image":[{"width":1024,"height":681,"url":"https:\/\/carpathiacenter.ro\/wp-content\/uploads\/2025\/10\/LGBTQ_Flag.jpg","type":"image\/jpeg"}],"author":"creativebitsolutions","twitter_card":"summary_large_image","twitter_misc":{"Written by":"creativebitsolutions","Estimated reading time":"4 minutes"},"schema":{"@context":"https:\/\/schema.org","@graph":[{"@type":"Article","@id":"https:\/\/carpathiacenter.ro\/consiliul-europei-recomanda-romaniei-sa-puna-in-aplicare-un-sistem-national-de-monitorizare-a-incidentelor-rasiste-si-anti-lgbt-in-scoli\/#article","isPartOf":{"@id":"https:\/\/carpathiacenter.ro\/consiliul-europei-recomanda-romaniei-sa-puna-in-aplicare-un-sistem-national-de-monitorizare-a-incidentelor-rasiste-si-anti-lgbt-in-scoli\/"},"author":{"name":"creativebitsolutions","@id":"https:\/\/carpathiacenter.ro\/#\/schema\/person\/03d9f58202fee8379268f34afa195006"},"headline":"Consiliul Europei recomand\u0103 Rom\u00e2niei s\u0103 pun\u0103 \u00een aplicare un sistem na\u021bional de monitorizare a incidentelor rasiste \u0219i anti-LGBT \u00een \u0219coli","datePublished":"2025-10-30T09:41:16+00:00","mainEntityOfPage":{"@id":"https:\/\/carpathiacenter.ro\/consiliul-europei-recomanda-romaniei-sa-puna-in-aplicare-un-sistem-national-de-monitorizare-a-incidentelor-rasiste-si-anti-lgbt-in-scoli\/"},"wordCount":684,"commentCount":0,"publisher":{"@id":"https:\/\/carpathiacenter.ro\/#organization"},"image":{"@id":"https:\/\/carpathiacenter.ro\/consiliul-europei-recomanda-romaniei-sa-puna-in-aplicare-un-sistem-national-de-monitorizare-a-incidentelor-rasiste-si-anti-lgbt-in-scoli\/#primaryimage"},"thumbnailUrl":"https:\/\/carpathiacenter.ro\/wp-content\/uploads\/2025\/10\/LGBTQ_Flag.jpg","articleSection":["Uncategorized"],"inLanguage":"en-GB","potentialAction":[{"@type":"CommentAction","name":"Comment","target":["https:\/\/carpathiacenter.ro\/consiliul-europei-recomanda-romaniei-sa-puna-in-aplicare-un-sistem-national-de-monitorizare-a-incidentelor-rasiste-si-anti-lgbt-in-scoli\/#respond"]}]},{"@type":"WebPage","@id":"https:\/\/carpathiacenter.ro\/consiliul-europei-recomanda-romaniei-sa-puna-in-aplicare-un-sistem-national-de-monitorizare-a-incidentelor-rasiste-si-anti-lgbt-in-scoli\/","url":"https:\/\/carpathiacenter.ro\/consiliul-europei-recomanda-romaniei-sa-puna-in-aplicare-un-sistem-national-de-monitorizare-a-incidentelor-rasiste-si-anti-lgbt-in-scoli\/","name":"Consiliul Europei recomand\u0103 Rom\u00e2niei s\u0103 pun\u0103 \u00een aplicare un sistem na\u021bional de monitorizare a incidentelor rasiste \u0219i anti-LGBT \u00een \u0219coli - Carpathia Center Romania","isPartOf":{"@id":"https:\/\/carpathiacenter.ro\/#website"},"primaryImageOfPage":{"@id":"https:\/\/carpathiacenter.ro\/consiliul-europei-recomanda-romaniei-sa-puna-in-aplicare-un-sistem-national-de-monitorizare-a-incidentelor-rasiste-si-anti-lgbt-in-scoli\/#primaryimage"},"image":{"@id":"https:\/\/carpathiacenter.ro\/consiliul-europei-recomanda-romaniei-sa-puna-in-aplicare-un-sistem-national-de-monitorizare-a-incidentelor-rasiste-si-anti-lgbt-in-scoli\/#primaryimage"},"thumbnailUrl":"https:\/\/carpathiacenter.ro\/wp-content\/uploads\/2025\/10\/LGBTQ_Flag.jpg","datePublished":"2025-10-30T09:41:16+00:00","breadcrumb":{"@id":"https:\/\/carpathiacenter.ro\/consiliul-europei-recomanda-romaniei-sa-puna-in-aplicare-un-sistem-national-de-monitorizare-a-incidentelor-rasiste-si-anti-lgbt-in-scoli\/#breadcrumb"},"inLanguage":"en-GB","potentialAction":[{"@type":"ReadAction","target":["https:\/\/carpathiacenter.ro\/consiliul-europei-recomanda-romaniei-sa-puna-in-aplicare-un-sistem-national-de-monitorizare-a-incidentelor-rasiste-si-anti-lgbt-in-scoli\/"]}]},{"@type":"ImageObject","inLanguage":"en-GB","@id":"https:\/\/carpathiacenter.ro\/consiliul-europei-recomanda-romaniei-sa-puna-in-aplicare-un-sistem-national-de-monitorizare-a-incidentelor-rasiste-si-anti-lgbt-in-scoli\/#primaryimage","url":"https:\/\/carpathiacenter.ro\/wp-content\/uploads\/2025\/10\/LGBTQ_Flag.jpg","contentUrl":"https:\/\/carpathiacenter.ro\/wp-content\/uploads\/2025\/10\/LGBTQ_Flag.jpg","width":1024,"height":681},{"@type":"BreadcrumbList","@id":"https:\/\/carpathiacenter.ro\/consiliul-europei-recomanda-romaniei-sa-puna-in-aplicare-un-sistem-national-de-monitorizare-a-incidentelor-rasiste-si-anti-lgbt-in-scoli\/#breadcrumb","itemListElement":[{"@type":"ListItem","position":1,"name":"Prima pagin\u0103","item":"https:\/\/carpathiacenter.ro\/"},{"@type":"ListItem","position":2,"name":"Consiliul Europei recomand\u0103 Rom\u00e2niei s\u0103 pun\u0103 \u00een aplicare un sistem na\u021bional de monitorizare a incidentelor rasiste \u0219i anti-LGBT \u00een \u0219coli"}]},{"@type":"WebSite","@id":"https:\/\/carpathiacenter.ro\/#website","url":"https:\/\/carpathiacenter.ro\/","name":"Carpathia Center Romania","description":"Impossible made possible!","publisher":{"@id":"https:\/\/carpathiacenter.ro\/#organization"},"potentialAction":[{"@type":"SearchAction","target":{"@type":"EntryPoint","urlTemplate":"https:\/\/carpathiacenter.ro\/?s={search_term_string}"},"query-input":{"@type":"PropertyValueSpecification","valueRequired":true,"valueName":"search_term_string"}}],"inLanguage":"en-GB"},{"@type":"Organization","@id":"https:\/\/carpathiacenter.ro\/#organization","name":"Carpathia Center Romania","url":"https:\/\/carpathiacenter.ro\/","logo":{"@type":"ImageObject","inLanguage":"en-GB","@id":"https:\/\/carpathiacenter.ro\/#\/schema\/logo\/image\/","url":"https:\/\/carpathiacenter.ro\/wp-content\/uploads\/2024\/07\/logo-carpathia_bg_white-1024x941.png","contentUrl":"https:\/\/carpathiacenter.ro\/wp-content\/uploads\/2024\/07\/logo-carpathia_bg_white-1024x941.png","width":1024,"height":941,"caption":"Carpathia Center Romania"},"image":{"@id":"https:\/\/carpathiacenter.ro\/#\/schema\/logo\/image\/"},"sameAs":["https:\/\/www.facebook.com\/fdpscarpathia\/"]},{"@type":"Person","@id":"https:\/\/carpathiacenter.ro\/#\/schema\/person\/03d9f58202fee8379268f34afa195006","name":"creativebitsolutions","image":{"@type":"ImageObject","inLanguage":"en-GB","@id":"https:\/\/carpathiacenter.ro\/#\/schema\/person\/image\/","url":"https:\/\/secure.gravatar.com\/avatar\/1b1a13e37f847c635dab78348f1dff2f07651ee2a3d77a5c355a4b8c75f9165a?s=96&d=mm&r=g","contentUrl":"https:\/\/secure.gravatar.com\/avatar\/1b1a13e37f847c635dab78348f1dff2f07651ee2a3d77a5c355a4b8c75f9165a?s=96&d=mm&r=g","caption":"creativebitsolutions"},"url":"https:\/\/carpathiacenter.ro\/en\/author\/creativebitsolutions\/"}]}},"_links":{"self":[{"href":"https:\/\/carpathiacenter.ro\/en\/wp-json\/wp\/v2\/posts\/3251","targetHints":{"allow":["GET"]}}],"collection":[{"href":"https:\/\/carpathiacenter.ro\/en\/wp-json\/wp\/v2\/posts"}],"about":[{"href":"https:\/\/carpathiacenter.ro\/en\/wp-json\/wp\/v2\/types\/post"}],"author":[{"embeddable":true,"href":"https:\/\/carpathiacenter.ro\/en\/wp-json\/wp\/v2\/users\/4"}],"replies":[{"embeddable":true,"href":"https:\/\/carpathiacenter.ro\/en\/wp-json\/wp\/v2\/comments?post=3251"}],"version-history":[{"count":1,"href":"https:\/\/carpathiacenter.ro\/en\/wp-json\/wp\/v2\/posts\/3251\/revisions"}],"predecessor-version":[{"id":3253,"href":"https:\/\/carpathiacenter.ro\/en\/wp-json\/wp\/v2\/posts\/3251\/revisions\/3253"}],"wp:featuredmedia":[{"embeddable":true,"href":"https:\/\/carpathiacenter.ro\/en\/wp-json\/wp\/v2\/media\/3252"}],"wp:attachment":[{"href":"https:\/\/carpathiacenter.ro\/en\/wp-json\/wp\/v2\/media?parent=3251"}],"wp:term":[{"taxonomy":"category","embeddable":true,"href":"https:\/\/carpathiacenter.ro\/en\/wp-json\/wp\/v2\/categories?post=3251"},{"taxonomy":"post_tag","embeddable":true,"href":"https:\/\/carpathiacenter.ro\/en\/wp-json\/wp\/v2\/tags?post=3251"}],"curies":[{"name":"wp","href":"https:\/\/api.w.org\/{rel}","templated":true}]}}