{"id":3249,"date":"2025-10-30T09:35:02","date_gmt":"2025-10-30T09:35:02","guid":{"rendered":"https:\/\/carpathiacenter.ro\/?p=3249"},"modified":"2025-10-30T09:35:12","modified_gmt":"2025-10-30T09:35:12","slug":"trump-da-asigurari-ca-reducerea-prezentei-militare-americane-in-romania-nu-este-foarte-importanta","status":"publish","type":"post","link":"https:\/\/carpathiacenter.ro\/en\/trump-da-asigurari-ca-reducerea-prezentei-militare-americane-in-romania-nu-este-foarte-importanta\/","title":{"rendered":"Trump d\u0103 asigur\u0103ri c\u0103 reducerea prezen\u021bei militare americane \u00een Rom\u00e2nia nu este foarte important\u0103"},"content":{"rendered":"<p>Pre\u0219edintele american Donald Trump a apreciat joi c\u0103 reducerea desf\u0103\u0219ur\u0103rii de trupe americane \u00een Rom\u00e2nia &#8216;nu este foarte important\u0103&#8217;, transmite AFP.<\/p>\n<p>El a r\u0103spuns astfel la \u00eentreb\u0103rile jurnali\u0219tilor afla\u021bi la bordul avionului preziden\u021bial Air Force One.<\/p>\n<p>SUA au anun\u021bat miercuri o reducere a prezen\u021bei lor militare pe frontul estic al Europei, <a href=\"https:\/\/agerpres.ro\/social\/2025\/10\/29\/mapn-confirma-ca-sua-retrag-militari-americani-din-romania--1497949\" target=\"_blank\">\u0219i \u00een primul r\u00e2nd \u00een Rom\u00e2nia<\/a>, cu toate c\u0103 r\u0103zboiul din Ucraina continu\u0103 s\u0103 fac\u0103 ravagii.<\/p>\n<p>\u0218i Pentagonul a dat asigur\u0103ri miercuri c\u0103 procesul de reducere a for\u021belor militare \u00een Europa &#8216;nu este o retragere&#8217;, nici un semn al unui compromis diminuat fa\u021b\u0103 de NATO.<\/p>\n<p><strong>\u00cen prezent, SUA au 85.000 de militari desf\u0103\u0219ura\u021bi \u00een Europa \u0219i \u00een 2022 au ajuns s\u0103 aib\u0103 105.000 de militari, ca urmare a invaziei ruse \u00een Ucraina, potrivit datelor oficiale, citate de EFE.<\/strong><\/p>\n<p>Decizia a st\u00e2rnit opinii diverse, \u00eentre care cea a pre\u0219edin\u021bilor comisiilor pentru ap\u0103rare din cele dou\u0103 camere ale Congresului SUA, Senatul \u0219i Camera Reprezentan\u021bilor, Roger Wicker \u0219i Mike Rogers, ambii republicani.<\/p>\n<p>Cei doi au emis miercuri o declara\u021bie comun\u0103 \u00een care \u00ee\u0219i exprim\u0103 preocuparea fa\u021b\u0103 de anun\u021bul Pentagonului privind reducerea prezen\u021bei militare americane \u00een Rom\u00e2nia prin \u00eencetarea rota\u021biei unei brig\u0103zi, decizie despre care afirm\u0103 c\u0103 pare a fi necoordonat\u0103 \u0219i contrar\u0103 strategiei pre\u0219edintelui Donald Trump, potrivit unui comunicat al Camerei Reprezentan\u021bilor. AGERPRES\/(AS &#8211; redactor: Gabriela Ionescu, editor online: Andreea L\u00e3z\u00e3roiu)<br \/>\n<br \/>\nSursa articolului:  <a href=\"https:\/\/agerpres.ro\/romania-in-lume\/2025\/10\/30\/trump-da-asigurari-ca-reducerea-prezentei-militare-americane-in-romania-nu-este-foarte-importanta--1498306\" target=\"_blank\" rel=\"noopener\" title=\"\">AGERPRES<\/a><\/p>","protected":false},"excerpt":{"rendered":"<p>Pre\u0219edintele american Donald Trump a apreciat joi c\u0103 reducerea desf\u0103\u0219ur\u0103rii de trupe americane \u00een Rom\u00e2nia &#8216;nu este foarte important\u0103&#8217;, transmite AFP. El a r\u0103spuns astfel la \u00eentreb\u0103rile jurnali\u0219tilor afla\u021bi la bordul avionului preziden\u021bial Air Force One. SUA au anun\u021bat miercuri o reducere a prezen\u021bei lor militare pe frontul estic al Europei, \u0219i \u00een primul r\u00e2nd&#8230;<\/p>","protected":false},"author":4,"featured_media":1995,"comment_status":"open","ping_status":"open","sticky":false,"template":"","format":"standard","meta":{"footnotes":""},"categories":[1],"tags":[],"class_list":["post-3249","post","type-post","status-publish","format-standard","has-post-thumbnail","hentry","category-uncategorized"],"yoast_head":"<!-- This site is optimized with the Yoast SEO plugin v26.1.1 - https:\/\/yoast.com\/wordpress\/plugins\/seo\/ -->\n<title>Trump d\u0103 asigur\u0103ri c\u0103 reducerea prezen\u021bei militare americane \u00een Rom\u00e2nia nu este foarte important\u0103 - Carpathia Center Romania<\/title>\n<meta name=\"robots\" content=\"index, follow, max-snippet:-1, max-image-preview:large, max-video-preview:-1\" \/>\n<link rel=\"canonical\" href=\"https:\/\/carpathiacenter.ro\/en\/trump-da-asigurari-ca-reducerea-prezentei-militare-americane-in-romania-nu-este-foarte-importanta\/\" \/>\n<meta property=\"og:locale\" content=\"en_GB\" \/>\n<meta property=\"og:type\" content=\"article\" \/>\n<meta property=\"og:title\" content=\"Trump d\u0103 asigur\u0103ri c\u0103 reducerea prezen\u021bei militare americane \u00een Rom\u00e2nia nu este foarte important\u0103 - Carpathia Center Romania\" \/>\n<meta property=\"og:description\" content=\"Pre\u0219edintele american Donald Trump a apreciat joi c\u0103 reducerea desf\u0103\u0219ur\u0103rii de trupe americane \u00een Rom\u00e2nia &#8216;nu este foarte important\u0103&#8217;, transmite AFP. El a r\u0103spuns astfel la \u00eentreb\u0103rile jurnali\u0219tilor afla\u021bi la bordul avionului preziden\u021bial Air Force One. SUA au anun\u021bat miercuri o reducere a prezen\u021bei lor militare pe frontul estic al Europei, \u0219i \u00een primul r\u00e2nd...\" \/>\n<meta property=\"og:url\" content=\"https:\/\/carpathiacenter.ro\/en\/trump-da-asigurari-ca-reducerea-prezentei-militare-americane-in-romania-nu-este-foarte-importanta\/\" \/>\n<meta property=\"og:site_name\" content=\"Carpathia Center Romania\" \/>\n<meta property=\"article:publisher\" content=\"https:\/\/www.facebook.com\/fdpscarpathia\/\" \/>\n<meta property=\"article:published_time\" content=\"2025-10-30T09:35:02+00:00\" \/>\n<meta property=\"article:modified_time\" content=\"2025-10-30T09:35:12+00:00\" \/>\n<meta property=\"og:image\" content=\"https:\/\/carpathiacenter.ro\/wp-content\/uploads\/2025\/03\/trump.jpg\" \/>\n\t<meta property=\"og:image:width\" content=\"1480\" \/>\n\t<meta property=\"og:image:height\" content=\"833\" \/>\n\t<meta property=\"og:image:type\" content=\"image\/jpeg\" \/>\n<meta name=\"author\" content=\"creativebitsolutions\" \/>\n<meta name=\"twitter:card\" content=\"summary_large_image\" \/>\n<meta name=\"twitter:label1\" content=\"Written by\" \/>\n\t<meta name=\"twitter:data1\" content=\"creativebitsolutions\" \/>\n\t<meta name=\"twitter:label2\" content=\"Estimated reading time\" \/>\n\t<meta name=\"twitter:data2\" content=\"2 minutes\" \/>\n<script type=\"application\/ld+json\" class=\"yoast-schema-graph\">{\"@context\":\"https:\/\/schema.org\",\"@graph\":[{\"@type\":\"Article\",\"@id\":\"https:\/\/carpathiacenter.ro\/trump-da-asigurari-ca-reducerea-prezentei-militare-americane-in-romania-nu-este-foarte-importanta\/#article\",\"isPartOf\":{\"@id\":\"https:\/\/carpathiacenter.ro\/trump-da-asigurari-ca-reducerea-prezentei-militare-americane-in-romania-nu-este-foarte-importanta\/\"},\"author\":{\"name\":\"creativebitsolutions\",\"@id\":\"https:\/\/carpathiacenter.ro\/#\/schema\/person\/03d9f58202fee8379268f34afa195006\"},\"headline\":\"Trump d\u0103 asigur\u0103ri c\u0103 reducerea prezen\u021bei militare americane \u00een Rom\u00e2nia nu este foarte important\u0103\",\"datePublished\":\"2025-10-30T09:35:02+00:00\",\"dateModified\":\"2025-10-30T09:35:12+00:00\",\"mainEntityOfPage\":{\"@id\":\"https:\/\/carpathiacenter.ro\/trump-da-asigurari-ca-reducerea-prezentei-militare-americane-in-romania-nu-este-foarte-importanta\/\"},\"wordCount\":270,\"commentCount\":0,\"publisher\":{\"@id\":\"https:\/\/carpathiacenter.ro\/#organization\"},\"image\":{\"@id\":\"https:\/\/carpathiacenter.ro\/trump-da-asigurari-ca-reducerea-prezentei-militare-americane-in-romania-nu-este-foarte-importanta\/#primaryimage\"},\"thumbnailUrl\":\"https:\/\/carpathiacenter.ro\/wp-content\/uploads\/2025\/03\/trump.jpg\",\"articleSection\":[\"Uncategorized\"],\"inLanguage\":\"en-GB\",\"potentialAction\":[{\"@type\":\"CommentAction\",\"name\":\"Comment\",\"target\":[\"https:\/\/carpathiacenter.ro\/trump-da-asigurari-ca-reducerea-prezentei-militare-americane-in-romania-nu-este-foarte-importanta\/#respond\"]}]},{\"@type\":\"WebPage\",\"@id\":\"https:\/\/carpathiacenter.ro\/trump-da-asigurari-ca-reducerea-prezentei-militare-americane-in-romania-nu-este-foarte-importanta\/\",\"url\":\"https:\/\/carpathiacenter.ro\/trump-da-asigurari-ca-reducerea-prezentei-militare-americane-in-romania-nu-este-foarte-importanta\/\",\"name\":\"Trump d\u0103 asigur\u0103ri c\u0103 reducerea prezen\u021bei militare americane \u00een Rom\u00e2nia nu este foarte important\u0103 - Carpathia Center Romania\",\"isPartOf\":{\"@id\":\"https:\/\/carpathiacenter.ro\/#website\"},\"primaryImageOfPage\":{\"@id\":\"https:\/\/carpathiacenter.ro\/trump-da-asigurari-ca-reducerea-prezentei-militare-americane-in-romania-nu-este-foarte-importanta\/#primaryimage\"},\"image\":{\"@id\":\"https:\/\/carpathiacenter.ro\/trump-da-asigurari-ca-reducerea-prezentei-militare-americane-in-romania-nu-este-foarte-importanta\/#primaryimage\"},\"thumbnailUrl\":\"https:\/\/carpathiacenter.ro\/wp-content\/uploads\/2025\/03\/trump.jpg\",\"datePublished\":\"2025-10-30T09:35:02+00:00\",\"dateModified\":\"2025-10-30T09:35:12+00:00\",\"breadcrumb\":{\"@id\":\"https:\/\/carpathiacenter.ro\/trump-da-asigurari-ca-reducerea-prezentei-militare-americane-in-romania-nu-este-foarte-importanta\/#breadcrumb\"},\"inLanguage\":\"en-GB\",\"potentialAction\":[{\"@type\":\"ReadAction\",\"target\":[\"https:\/\/carpathiacenter.ro\/trump-da-asigurari-ca-reducerea-prezentei-militare-americane-in-romania-nu-este-foarte-importanta\/\"]}]},{\"@type\":\"ImageObject\",\"inLanguage\":\"en-GB\",\"@id\":\"https:\/\/carpathiacenter.ro\/trump-da-asigurari-ca-reducerea-prezentei-militare-americane-in-romania-nu-este-foarte-importanta\/#primaryimage\",\"url\":\"https:\/\/carpathiacenter.ro\/wp-content\/uploads\/2025\/03\/trump.jpg\",\"contentUrl\":\"https:\/\/carpathiacenter.ro\/wp-content\/uploads\/2025\/03\/trump.jpg\",\"width\":1480,\"height\":833},{\"@type\":\"BreadcrumbList\",\"@id\":\"https:\/\/carpathiacenter.ro\/trump-da-asigurari-ca-reducerea-prezentei-militare-americane-in-romania-nu-este-foarte-importanta\/#breadcrumb\",\"itemListElement\":[{\"@type\":\"ListItem\",\"position\":1,\"name\":\"Prima pagin\u0103\",\"item\":\"https:\/\/carpathiacenter.ro\/\"},{\"@type\":\"ListItem\",\"position\":2,\"name\":\"Trump d\u0103 asigur\u0103ri c\u0103 reducerea prezen\u021bei militare americane \u00een Rom\u00e2nia nu este foarte important\u0103\"}]},{\"@type\":\"WebSite\",\"@id\":\"https:\/\/carpathiacenter.ro\/#website\",\"url\":\"https:\/\/carpathiacenter.ro\/\",\"name\":\"Carpathia Center Romania\",\"description\":\"Impossible made possible!\",\"publisher\":{\"@id\":\"https:\/\/carpathiacenter.ro\/#organization\"},\"potentialAction\":[{\"@type\":\"SearchAction\",\"target\":{\"@type\":\"EntryPoint\",\"urlTemplate\":\"https:\/\/carpathiacenter.ro\/?s={search_term_string}\"},\"query-input\":{\"@type\":\"PropertyValueSpecification\",\"valueRequired\":true,\"valueName\":\"search_term_string\"}}],\"inLanguage\":\"en-GB\"},{\"@type\":\"Organization\",\"@id\":\"https:\/\/carpathiacenter.ro\/#organization\",\"name\":\"Carpathia Center Romania\",\"url\":\"https:\/\/carpathiacenter.ro\/\",\"logo\":{\"@type\":\"ImageObject\",\"inLanguage\":\"en-GB\",\"@id\":\"https:\/\/carpathiacenter.ro\/#\/schema\/logo\/image\/\",\"url\":\"https:\/\/carpathiacenter.ro\/wp-content\/uploads\/2024\/07\/logo-carpathia_bg_white-1024x941.png\",\"contentUrl\":\"https:\/\/carpathiacenter.ro\/wp-content\/uploads\/2024\/07\/logo-carpathia_bg_white-1024x941.png\",\"width\":1024,\"height\":941,\"caption\":\"Carpathia Center Romania\"},\"image\":{\"@id\":\"https:\/\/carpathiacenter.ro\/#\/schema\/logo\/image\/\"},\"sameAs\":[\"https:\/\/www.facebook.com\/fdpscarpathia\/\"]},{\"@type\":\"Person\",\"@id\":\"https:\/\/carpathiacenter.ro\/#\/schema\/person\/03d9f58202fee8379268f34afa195006\",\"name\":\"creativebitsolutions\",\"image\":{\"@type\":\"ImageObject\",\"inLanguage\":\"en-GB\",\"@id\":\"https:\/\/carpathiacenter.ro\/#\/schema\/person\/image\/\",\"url\":\"https:\/\/secure.gravatar.com\/avatar\/1b1a13e37f847c635dab78348f1dff2f07651ee2a3d77a5c355a4b8c75f9165a?s=96&d=mm&r=g\",\"contentUrl\":\"https:\/\/secure.gravatar.com\/avatar\/1b1a13e37f847c635dab78348f1dff2f07651ee2a3d77a5c355a4b8c75f9165a?s=96&d=mm&r=g\",\"caption\":\"creativebitsolutions\"},\"url\":\"https:\/\/carpathiacenter.ro\/en\/author\/creativebitsolutions\/\"}]}<\/script>\n<!-- \/ Yoast SEO plugin. -->","yoast_head_json":{"title":"Trump d\u0103 asigur\u0103ri c\u0103 reducerea prezen\u021bei militare americane \u00een Rom\u00e2nia nu este foarte important\u0103 - Carpathia Center Romania","robots":{"index":"index","follow":"follow","max-snippet":"max-snippet:-1","max-image-preview":"max-image-preview:large","max-video-preview":"max-video-preview:-1"},"canonical":"https:\/\/carpathiacenter.ro\/en\/trump-da-asigurari-ca-reducerea-prezentei-militare-americane-in-romania-nu-este-foarte-importanta\/","og_locale":"en_GB","og_type":"article","og_title":"Trump d\u0103 asigur\u0103ri c\u0103 reducerea prezen\u021bei militare americane \u00een Rom\u00e2nia nu este foarte important\u0103 - Carpathia Center Romania","og_description":"Pre\u0219edintele american Donald Trump a apreciat joi c\u0103 reducerea desf\u0103\u0219ur\u0103rii de trupe americane \u00een Rom\u00e2nia &#8216;nu este foarte important\u0103&#8217;, transmite AFP. El a r\u0103spuns astfel la \u00eentreb\u0103rile jurnali\u0219tilor afla\u021bi la bordul avionului preziden\u021bial Air Force One. SUA au anun\u021bat miercuri o reducere a prezen\u021bei lor militare pe frontul estic al Europei, \u0219i \u00een primul r\u00e2nd...","og_url":"https:\/\/carpathiacenter.ro\/en\/trump-da-asigurari-ca-reducerea-prezentei-militare-americane-in-romania-nu-este-foarte-importanta\/","og_site_name":"Carpathia Center Romania","article_publisher":"https:\/\/www.facebook.com\/fdpscarpathia\/","article_published_time":"2025-10-30T09:35:02+00:00","article_modified_time":"2025-10-30T09:35:12+00:00","og_image":[{"width":1480,"height":833,"url":"https:\/\/carpathiacenter.ro\/wp-content\/uploads\/2025\/03\/trump.jpg","type":"image\/jpeg"}],"author":"creativebitsolutions","twitter_card":"summary_large_image","twitter_misc":{"Written by":"creativebitsolutions","Estimated reading time":"2 minutes"},"schema":{"@context":"https:\/\/schema.org","@graph":[{"@type":"Article","@id":"https:\/\/carpathiacenter.ro\/trump-da-asigurari-ca-reducerea-prezentei-militare-americane-in-romania-nu-este-foarte-importanta\/#article","isPartOf":{"@id":"https:\/\/carpathiacenter.ro\/trump-da-asigurari-ca-reducerea-prezentei-militare-americane-in-romania-nu-este-foarte-importanta\/"},"author":{"name":"creativebitsolutions","@id":"https:\/\/carpathiacenter.ro\/#\/schema\/person\/03d9f58202fee8379268f34afa195006"},"headline":"Trump d\u0103 asigur\u0103ri c\u0103 reducerea prezen\u021bei militare americane \u00een Rom\u00e2nia nu este foarte important\u0103","datePublished":"2025-10-30T09:35:02+00:00","dateModified":"2025-10-30T09:35:12+00:00","mainEntityOfPage":{"@id":"https:\/\/carpathiacenter.ro\/trump-da-asigurari-ca-reducerea-prezentei-militare-americane-in-romania-nu-este-foarte-importanta\/"},"wordCount":270,"commentCount":0,"publisher":{"@id":"https:\/\/carpathiacenter.ro\/#organization"},"image":{"@id":"https:\/\/carpathiacenter.ro\/trump-da-asigurari-ca-reducerea-prezentei-militare-americane-in-romania-nu-este-foarte-importanta\/#primaryimage"},"thumbnailUrl":"https:\/\/carpathiacenter.ro\/wp-content\/uploads\/2025\/03\/trump.jpg","articleSection":["Uncategorized"],"inLanguage":"en-GB","potentialAction":[{"@type":"CommentAction","name":"Comment","target":["https:\/\/carpathiacenter.ro\/trump-da-asigurari-ca-reducerea-prezentei-militare-americane-in-romania-nu-este-foarte-importanta\/#respond"]}]},{"@type":"WebPage","@id":"https:\/\/carpathiacenter.ro\/trump-da-asigurari-ca-reducerea-prezentei-militare-americane-in-romania-nu-este-foarte-importanta\/","url":"https:\/\/carpathiacenter.ro\/trump-da-asigurari-ca-reducerea-prezentei-militare-americane-in-romania-nu-este-foarte-importanta\/","name":"Trump d\u0103 asigur\u0103ri c\u0103 reducerea prezen\u021bei militare americane \u00een Rom\u00e2nia nu este foarte important\u0103 - Carpathia Center Romania","isPartOf":{"@id":"https:\/\/carpathiacenter.ro\/#website"},"primaryImageOfPage":{"@id":"https:\/\/carpathiacenter.ro\/trump-da-asigurari-ca-reducerea-prezentei-militare-americane-in-romania-nu-este-foarte-importanta\/#primaryimage"},"image":{"@id":"https:\/\/carpathiacenter.ro\/trump-da-asigurari-ca-reducerea-prezentei-militare-americane-in-romania-nu-este-foarte-importanta\/#primaryimage"},"thumbnailUrl":"https:\/\/carpathiacenter.ro\/wp-content\/uploads\/2025\/03\/trump.jpg","datePublished":"2025-10-30T09:35:02+00:00","dateModified":"2025-10-30T09:35:12+00:00","breadcrumb":{"@id":"https:\/\/carpathiacenter.ro\/trump-da-asigurari-ca-reducerea-prezentei-militare-americane-in-romania-nu-este-foarte-importanta\/#breadcrumb"},"inLanguage":"en-GB","potentialAction":[{"@type":"ReadAction","target":["https:\/\/carpathiacenter.ro\/trump-da-asigurari-ca-reducerea-prezentei-militare-americane-in-romania-nu-este-foarte-importanta\/"]}]},{"@type":"ImageObject","inLanguage":"en-GB","@id":"https:\/\/carpathiacenter.ro\/trump-da-asigurari-ca-reducerea-prezentei-militare-americane-in-romania-nu-este-foarte-importanta\/#primaryimage","url":"https:\/\/carpathiacenter.ro\/wp-content\/uploads\/2025\/03\/trump.jpg","contentUrl":"https:\/\/carpathiacenter.ro\/wp-content\/uploads\/2025\/03\/trump.jpg","width":1480,"height":833},{"@type":"BreadcrumbList","@id":"https:\/\/carpathiacenter.ro\/trump-da-asigurari-ca-reducerea-prezentei-militare-americane-in-romania-nu-este-foarte-importanta\/#breadcrumb","itemListElement":[{"@type":"ListItem","position":1,"name":"Prima pagin\u0103","item":"https:\/\/carpathiacenter.ro\/"},{"@type":"ListItem","position":2,"name":"Trump d\u0103 asigur\u0103ri c\u0103 reducerea prezen\u021bei militare americane \u00een Rom\u00e2nia nu este foarte important\u0103"}]},{"@type":"WebSite","@id":"https:\/\/carpathiacenter.ro\/#website","url":"https:\/\/carpathiacenter.ro\/","name":"Carpathia Center Romania","description":"Impossible made possible!","publisher":{"@id":"https:\/\/carpathiacenter.ro\/#organization"},"potentialAction":[{"@type":"SearchAction","target":{"@type":"EntryPoint","urlTemplate":"https:\/\/carpathiacenter.ro\/?s={search_term_string}"},"query-input":{"@type":"PropertyValueSpecification","valueRequired":true,"valueName":"search_term_string"}}],"inLanguage":"en-GB"},{"@type":"Organization","@id":"https:\/\/carpathiacenter.ro\/#organization","name":"Carpathia Center Romania","url":"https:\/\/carpathiacenter.ro\/","logo":{"@type":"ImageObject","inLanguage":"en-GB","@id":"https:\/\/carpathiacenter.ro\/#\/schema\/logo\/image\/","url":"https:\/\/carpathiacenter.ro\/wp-content\/uploads\/2024\/07\/logo-carpathia_bg_white-1024x941.png","contentUrl":"https:\/\/carpathiacenter.ro\/wp-content\/uploads\/2024\/07\/logo-carpathia_bg_white-1024x941.png","width":1024,"height":941,"caption":"Carpathia Center Romania"},"image":{"@id":"https:\/\/carpathiacenter.ro\/#\/schema\/logo\/image\/"},"sameAs":["https:\/\/www.facebook.com\/fdpscarpathia\/"]},{"@type":"Person","@id":"https:\/\/carpathiacenter.ro\/#\/schema\/person\/03d9f58202fee8379268f34afa195006","name":"creativebitsolutions","image":{"@type":"ImageObject","inLanguage":"en-GB","@id":"https:\/\/carpathiacenter.ro\/#\/schema\/person\/image\/","url":"https:\/\/secure.gravatar.com\/avatar\/1b1a13e37f847c635dab78348f1dff2f07651ee2a3d77a5c355a4b8c75f9165a?s=96&d=mm&r=g","contentUrl":"https:\/\/secure.gravatar.com\/avatar\/1b1a13e37f847c635dab78348f1dff2f07651ee2a3d77a5c355a4b8c75f9165a?s=96&d=mm&r=g","caption":"creativebitsolutions"},"url":"https:\/\/carpathiacenter.ro\/en\/author\/creativebitsolutions\/"}]}},"_links":{"self":[{"href":"https:\/\/carpathiacenter.ro\/en\/wp-json\/wp\/v2\/posts\/3249","targetHints":{"allow":["GET"]}}],"collection":[{"href":"https:\/\/carpathiacenter.ro\/en\/wp-json\/wp\/v2\/posts"}],"about":[{"href":"https:\/\/carpathiacenter.ro\/en\/wp-json\/wp\/v2\/types\/post"}],"author":[{"embeddable":true,"href":"https:\/\/carpathiacenter.ro\/en\/wp-json\/wp\/v2\/users\/4"}],"replies":[{"embeddable":true,"href":"https:\/\/carpathiacenter.ro\/en\/wp-json\/wp\/v2\/comments?post=3249"}],"version-history":[{"count":1,"href":"https:\/\/carpathiacenter.ro\/en\/wp-json\/wp\/v2\/posts\/3249\/revisions"}],"predecessor-version":[{"id":3250,"href":"https:\/\/carpathiacenter.ro\/en\/wp-json\/wp\/v2\/posts\/3249\/revisions\/3250"}],"wp:featuredmedia":[{"embeddable":true,"href":"https:\/\/carpathiacenter.ro\/en\/wp-json\/wp\/v2\/media\/1995"}],"wp:attachment":[{"href":"https:\/\/carpathiacenter.ro\/en\/wp-json\/wp\/v2\/media?parent=3249"}],"wp:term":[{"taxonomy":"category","embeddable":true,"href":"https:\/\/carpathiacenter.ro\/en\/wp-json\/wp\/v2\/categories?post=3249"},{"taxonomy":"post_tag","embeddable":true,"href":"https:\/\/carpathiacenter.ro\/en\/wp-json\/wp\/v2\/tags?post=3249"}],"curies":[{"name":"wp","href":"https:\/\/api.w.org\/{rel}","templated":true}]}}