{"id":3243,"date":"2025-10-29T07:47:31","date_gmt":"2025-10-29T07:47:31","guid":{"rendered":"https:\/\/carpathiacenter.ro\/?p=3243"},"modified":"2025-10-29T07:47:31","modified_gmt":"2025-10-29T07:47:31","slug":"senat-abrudean-romania-azerbaidjan-relatii-diplomatice-la-nivel-de-parteneriat-strategic","status":"publish","type":"post","link":"https:\/\/carpathiacenter.ro\/en\/senat-abrudean-romania-azerbaidjan-relatii-diplomatice-la-nivel-de-parteneriat-strategic\/","title":{"rendered":"Senat\/Abrudean: Rom\u00e2nia-Azerbaidjan, rela\u021bii diplomatice la nivel de parteneriat strategic"},"content":{"rendered":"<p><strong>Cooperarea \u00een domeniile energiei, transporturilor \u0219i conectivit\u0103\u021bii, precum \u0219i sprijinul reciproc \u00een plan interna\u021bional, \u00een cadrul ONU, UE \u0219i NATO, reprezint\u0103 pilonii pe care se fundamenteaz\u0103 rela\u021biile diplomatice dintre Rom\u00e2nia \u0219i Azerbaidjan, la nivel de parteneriat strategic, a eviden\u021biat, mar\u021bi, pre\u0219edintele Senatului, Mircea Abrudean, dup\u0103 o \u00eent\u00e2lnire cu Sahiba Gafarova, pre\u0219edinta Legislativului din Baku.<\/strong><\/p>\n<p>&#8216;\u00cen cadrul vizitei oficiale pe care o \u00eentreprind zilele acestea \u00een Azerbaidjan, m-am \u00eent\u00e2lnit ast\u0103zi cu Sahiba Gafarova, pre\u0219edinta Adun\u0103rii Na\u021bionale a Azerbaidjanului (Milli Majlis). Rom\u00e2nia se bucur\u0103 de un capital de \u00eencredere \u0219i simpatie semnificativ la Baku, mai ales ca urmare a deciziilor politice adoptate, de-a lungul timpului, \u00een cadrul rela\u021biilor bilaterale. Nu trebuie s\u0103 uit\u0103m c\u0103 am fost al doilea stat, dup\u0103 Turcia, care a recunoscut, \u00een 1991, independen\u021ba Azerbaidjanului&#8217;, a scris Abrudean, pe <a href=\"https:\/\/www.facebook.com\/m.abrudean\/posts\/pfbid0SXEYgYLkJakrjPzwPWMRry93MJMaMn4d8smuVG8DcjRSK2WTSUxk1UVnsLeS2v4Vl\" target=\"_blank\">Facebook<\/a>.<\/p>\n<p>El a precizat c\u0103, miercuri, va participa la Baku, la Conferin\u021ba Parlamentar\u0103 Interna\u021bional\u0103 dedicat\u0103 celei de-a 30-a anivers\u0103ri a adopt\u0103rii Constitu\u021biei Republicii Azerbaidjan.<\/p>\n<p>&#8216;Rela\u021biile noastre diplomatice sunt la nivel de parteneriat strategic, fundamentat pe doi piloni de baz\u0103: 1. cooperare intensificat\u0103 \u00een domeniile energetic, transport \u0219i conectivitate; 2. sprijin \u00een plan interna\u021bional &#8211; ONU, UE, NATO. M\u0103 bucur mereu s\u0103 v\u0103d c\u0103 \u021bara noastr\u0103 este un pilon de \u00eencredere \u0219i de \u00eenalt\u0103 reprezentare. Revin cu ve\u0219ti din Azerbaidjan, m\u00e2ine, din plenul Parlamentului lor, de la Conferin\u021ba Parlamentar\u0103 Interna\u021bional\u0103 dedicat\u0103 celei de-a 30-a anivers\u0103ri a adopt\u0103rii Constitu\u021biei Republicii Azerbaidjan&#8217;, a ad\u0103ugat Abrudean. AGERPRES\/(AS &#8211; redactor: Livia Popescu, editor: Mihai Simionescu, editor online: Simona Aru\u015ftei)<\/p>\n<p>Sursa foto:  <a href=\"https:\/\/www.facebook.com\/SenatulRomaniei\/posts\/pre%C8%99edintele-interimar-al-senatului-mircea-abrudean-se-afl%C4%83-%C3%AEntr-o-vizit%C4%83-oficia\/1084451997055857\/\" target=\"_blank\" rel=\"noopener\" title=\"\">Facebook<\/a><br \/>\n<br \/>\nSursa articolului:  <a href=\"https:\/\/agerpres.ro\/viata-parlamentara\/2025\/10\/28\/senat-abrudean-romania-azerbaidjan-relatii-diplomatice-la-nivel-de-parteneriat-strategic--1497890\" target=\"_blank\" rel=\"noopener\" title=\"\">AGERPRES<\/a><\/p>","protected":false},"excerpt":{"rendered":"<p>Cooperarea \u00een domeniile energiei, transporturilor \u0219i conectivit\u0103\u021bii, precum \u0219i sprijinul reciproc \u00een plan interna\u021bional, \u00een cadrul ONU, UE \u0219i NATO, reprezint\u0103 pilonii pe care se fundamenteaz\u0103 rela\u021biile diplomatice dintre Rom\u00e2nia \u0219i Azerbaidjan, la nivel de parteneriat strategic, a eviden\u021biat, mar\u021bi, pre\u0219edintele Senatului, Mircea Abrudean, dup\u0103 o \u00eent\u00e2lnire cu Sahiba Gafarova, pre\u0219edinta Legislativului din Baku. &#8216;\u00cen&#8230;<\/p>","protected":false},"author":4,"featured_media":3244,"comment_status":"open","ping_status":"open","sticky":false,"template":"","format":"standard","meta":{"footnotes":""},"categories":[1],"tags":[],"class_list":["post-3243","post","type-post","status-publish","format-standard","has-post-thumbnail","hentry","category-uncategorized"],"yoast_head":"<!-- This site is optimized with the Yoast SEO plugin v26.1.1 - https:\/\/yoast.com\/wordpress\/plugins\/seo\/ -->\n<title>Senat\/Abrudean: Rom\u00e2nia-Azerbaidjan, rela\u021bii diplomatice la nivel de parteneriat strategic - Carpathia Center Romania<\/title>\n<meta name=\"robots\" content=\"index, follow, max-snippet:-1, max-image-preview:large, max-video-preview:-1\" \/>\n<link rel=\"canonical\" href=\"https:\/\/carpathiacenter.ro\/en\/senat-abrudean-romania-azerbaidjan-relatii-diplomatice-la-nivel-de-parteneriat-strategic\/\" \/>\n<meta property=\"og:locale\" content=\"en_GB\" \/>\n<meta property=\"og:type\" content=\"article\" \/>\n<meta property=\"og:title\" content=\"Senat\/Abrudean: Rom\u00e2nia-Azerbaidjan, rela\u021bii diplomatice la nivel de parteneriat strategic - Carpathia Center Romania\" \/>\n<meta property=\"og:description\" content=\"Cooperarea \u00een domeniile energiei, transporturilor \u0219i conectivit\u0103\u021bii, precum \u0219i sprijinul reciproc \u00een plan interna\u021bional, \u00een cadrul ONU, UE \u0219i NATO, reprezint\u0103 pilonii pe care se fundamenteaz\u0103 rela\u021biile diplomatice dintre Rom\u00e2nia \u0219i Azerbaidjan, la nivel de parteneriat strategic, a eviden\u021biat, mar\u021bi, pre\u0219edintele Senatului, Mircea Abrudean, dup\u0103 o \u00eent\u00e2lnire cu Sahiba Gafarova, pre\u0219edinta Legislativului din Baku. &#8216;\u00cen...\" \/>\n<meta property=\"og:url\" content=\"https:\/\/carpathiacenter.ro\/en\/senat-abrudean-romania-azerbaidjan-relatii-diplomatice-la-nivel-de-parteneriat-strategic\/\" \/>\n<meta property=\"og:site_name\" content=\"Carpathia Center Romania\" \/>\n<meta property=\"article:publisher\" content=\"https:\/\/www.facebook.com\/fdpscarpathia\/\" \/>\n<meta property=\"article:published_time\" content=\"2025-10-29T07:47:31+00:00\" \/>\n<meta property=\"og:image\" content=\"https:\/\/carpathiacenter.ro\/wp-content\/uploads\/2025\/10\/Mircea_Abrudean.jpg\" \/>\n\t<meta property=\"og:image:width\" content=\"1012\" \/>\n\t<meta property=\"og:image:height\" content=\"1307\" \/>\n\t<meta property=\"og:image:type\" content=\"image\/jpeg\" \/>\n<meta name=\"author\" content=\"creativebitsolutions\" \/>\n<meta name=\"twitter:card\" content=\"summary_large_image\" \/>\n<meta name=\"twitter:label1\" content=\"Written by\" \/>\n\t<meta name=\"twitter:data1\" content=\"creativebitsolutions\" \/>\n\t<meta name=\"twitter:label2\" content=\"Estimated reading time\" \/>\n\t<meta name=\"twitter:data2\" content=\"2 minutes\" \/>\n<script type=\"application\/ld+json\" class=\"yoast-schema-graph\">{\"@context\":\"https:\/\/schema.org\",\"@graph\":[{\"@type\":\"Article\",\"@id\":\"https:\/\/carpathiacenter.ro\/senat-abrudean-romania-azerbaidjan-relatii-diplomatice-la-nivel-de-parteneriat-strategic\/#article\",\"isPartOf\":{\"@id\":\"https:\/\/carpathiacenter.ro\/senat-abrudean-romania-azerbaidjan-relatii-diplomatice-la-nivel-de-parteneriat-strategic\/\"},\"author\":{\"name\":\"creativebitsolutions\",\"@id\":\"https:\/\/carpathiacenter.ro\/#\/schema\/person\/03d9f58202fee8379268f34afa195006\"},\"headline\":\"Senat\/Abrudean: Rom\u00e2nia-Azerbaidjan, rela\u021bii diplomatice la nivel de parteneriat strategic\",\"datePublished\":\"2025-10-29T07:47:31+00:00\",\"mainEntityOfPage\":{\"@id\":\"https:\/\/carpathiacenter.ro\/senat-abrudean-romania-azerbaidjan-relatii-diplomatice-la-nivel-de-parteneriat-strategic\/\"},\"wordCount\":295,\"commentCount\":0,\"publisher\":{\"@id\":\"https:\/\/carpathiacenter.ro\/#organization\"},\"image\":{\"@id\":\"https:\/\/carpathiacenter.ro\/senat-abrudean-romania-azerbaidjan-relatii-diplomatice-la-nivel-de-parteneriat-strategic\/#primaryimage\"},\"thumbnailUrl\":\"https:\/\/carpathiacenter.ro\/wp-content\/uploads\/2025\/10\/Mircea_Abrudean.jpg\",\"articleSection\":[\"Uncategorized\"],\"inLanguage\":\"en-GB\",\"potentialAction\":[{\"@type\":\"CommentAction\",\"name\":\"Comment\",\"target\":[\"https:\/\/carpathiacenter.ro\/senat-abrudean-romania-azerbaidjan-relatii-diplomatice-la-nivel-de-parteneriat-strategic\/#respond\"]}]},{\"@type\":\"WebPage\",\"@id\":\"https:\/\/carpathiacenter.ro\/senat-abrudean-romania-azerbaidjan-relatii-diplomatice-la-nivel-de-parteneriat-strategic\/\",\"url\":\"https:\/\/carpathiacenter.ro\/senat-abrudean-romania-azerbaidjan-relatii-diplomatice-la-nivel-de-parteneriat-strategic\/\",\"name\":\"Senat\/Abrudean: Rom\u00e2nia-Azerbaidjan, rela\u021bii diplomatice la nivel de parteneriat strategic - Carpathia Center Romania\",\"isPartOf\":{\"@id\":\"https:\/\/carpathiacenter.ro\/#website\"},\"primaryImageOfPage\":{\"@id\":\"https:\/\/carpathiacenter.ro\/senat-abrudean-romania-azerbaidjan-relatii-diplomatice-la-nivel-de-parteneriat-strategic\/#primaryimage\"},\"image\":{\"@id\":\"https:\/\/carpathiacenter.ro\/senat-abrudean-romania-azerbaidjan-relatii-diplomatice-la-nivel-de-parteneriat-strategic\/#primaryimage\"},\"thumbnailUrl\":\"https:\/\/carpathiacenter.ro\/wp-content\/uploads\/2025\/10\/Mircea_Abrudean.jpg\",\"datePublished\":\"2025-10-29T07:47:31+00:00\",\"breadcrumb\":{\"@id\":\"https:\/\/carpathiacenter.ro\/senat-abrudean-romania-azerbaidjan-relatii-diplomatice-la-nivel-de-parteneriat-strategic\/#breadcrumb\"},\"inLanguage\":\"en-GB\",\"potentialAction\":[{\"@type\":\"ReadAction\",\"target\":[\"https:\/\/carpathiacenter.ro\/senat-abrudean-romania-azerbaidjan-relatii-diplomatice-la-nivel-de-parteneriat-strategic\/\"]}]},{\"@type\":\"ImageObject\",\"inLanguage\":\"en-GB\",\"@id\":\"https:\/\/carpathiacenter.ro\/senat-abrudean-romania-azerbaidjan-relatii-diplomatice-la-nivel-de-parteneriat-strategic\/#primaryimage\",\"url\":\"https:\/\/carpathiacenter.ro\/wp-content\/uploads\/2025\/10\/Mircea_Abrudean.jpg\",\"contentUrl\":\"https:\/\/carpathiacenter.ro\/wp-content\/uploads\/2025\/10\/Mircea_Abrudean.jpg\",\"width\":1012,\"height\":1307},{\"@type\":\"BreadcrumbList\",\"@id\":\"https:\/\/carpathiacenter.ro\/senat-abrudean-romania-azerbaidjan-relatii-diplomatice-la-nivel-de-parteneriat-strategic\/#breadcrumb\",\"itemListElement\":[{\"@type\":\"ListItem\",\"position\":1,\"name\":\"Prima pagin\u0103\",\"item\":\"https:\/\/carpathiacenter.ro\/\"},{\"@type\":\"ListItem\",\"position\":2,\"name\":\"Senat\/Abrudean: Rom\u00e2nia-Azerbaidjan, rela\u021bii diplomatice la nivel de parteneriat strategic\"}]},{\"@type\":\"WebSite\",\"@id\":\"https:\/\/carpathiacenter.ro\/#website\",\"url\":\"https:\/\/carpathiacenter.ro\/\",\"name\":\"Carpathia Center Romania\",\"description\":\"Impossible made possible!\",\"publisher\":{\"@id\":\"https:\/\/carpathiacenter.ro\/#organization\"},\"potentialAction\":[{\"@type\":\"SearchAction\",\"target\":{\"@type\":\"EntryPoint\",\"urlTemplate\":\"https:\/\/carpathiacenter.ro\/?s={search_term_string}\"},\"query-input\":{\"@type\":\"PropertyValueSpecification\",\"valueRequired\":true,\"valueName\":\"search_term_string\"}}],\"inLanguage\":\"en-GB\"},{\"@type\":\"Organization\",\"@id\":\"https:\/\/carpathiacenter.ro\/#organization\",\"name\":\"Carpathia Center Romania\",\"url\":\"https:\/\/carpathiacenter.ro\/\",\"logo\":{\"@type\":\"ImageObject\",\"inLanguage\":\"en-GB\",\"@id\":\"https:\/\/carpathiacenter.ro\/#\/schema\/logo\/image\/\",\"url\":\"https:\/\/carpathiacenter.ro\/wp-content\/uploads\/2024\/07\/logo-carpathia_bg_white-1024x941.png\",\"contentUrl\":\"https:\/\/carpathiacenter.ro\/wp-content\/uploads\/2024\/07\/logo-carpathia_bg_white-1024x941.png\",\"width\":1024,\"height\":941,\"caption\":\"Carpathia Center Romania\"},\"image\":{\"@id\":\"https:\/\/carpathiacenter.ro\/#\/schema\/logo\/image\/\"},\"sameAs\":[\"https:\/\/www.facebook.com\/fdpscarpathia\/\"]},{\"@type\":\"Person\",\"@id\":\"https:\/\/carpathiacenter.ro\/#\/schema\/person\/03d9f58202fee8379268f34afa195006\",\"name\":\"creativebitsolutions\",\"image\":{\"@type\":\"ImageObject\",\"inLanguage\":\"en-GB\",\"@id\":\"https:\/\/carpathiacenter.ro\/#\/schema\/person\/image\/\",\"url\":\"https:\/\/secure.gravatar.com\/avatar\/1b1a13e37f847c635dab78348f1dff2f07651ee2a3d77a5c355a4b8c75f9165a?s=96&d=mm&r=g\",\"contentUrl\":\"https:\/\/secure.gravatar.com\/avatar\/1b1a13e37f847c635dab78348f1dff2f07651ee2a3d77a5c355a4b8c75f9165a?s=96&d=mm&r=g\",\"caption\":\"creativebitsolutions\"},\"url\":\"https:\/\/carpathiacenter.ro\/en\/author\/creativebitsolutions\/\"}]}<\/script>\n<!-- \/ Yoast SEO plugin. -->","yoast_head_json":{"title":"Senat\/Abrudean: Rom\u00e2nia-Azerbaidjan, rela\u021bii diplomatice la nivel de parteneriat strategic - Carpathia Center Romania","robots":{"index":"index","follow":"follow","max-snippet":"max-snippet:-1","max-image-preview":"max-image-preview:large","max-video-preview":"max-video-preview:-1"},"canonical":"https:\/\/carpathiacenter.ro\/en\/senat-abrudean-romania-azerbaidjan-relatii-diplomatice-la-nivel-de-parteneriat-strategic\/","og_locale":"en_GB","og_type":"article","og_title":"Senat\/Abrudean: Rom\u00e2nia-Azerbaidjan, rela\u021bii diplomatice la nivel de parteneriat strategic - Carpathia Center Romania","og_description":"Cooperarea \u00een domeniile energiei, transporturilor \u0219i conectivit\u0103\u021bii, precum \u0219i sprijinul reciproc \u00een plan interna\u021bional, \u00een cadrul ONU, UE \u0219i NATO, reprezint\u0103 pilonii pe care se fundamenteaz\u0103 rela\u021biile diplomatice dintre Rom\u00e2nia \u0219i Azerbaidjan, la nivel de parteneriat strategic, a eviden\u021biat, mar\u021bi, pre\u0219edintele Senatului, Mircea Abrudean, dup\u0103 o \u00eent\u00e2lnire cu Sahiba Gafarova, pre\u0219edinta Legislativului din Baku. &#8216;\u00cen...","og_url":"https:\/\/carpathiacenter.ro\/en\/senat-abrudean-romania-azerbaidjan-relatii-diplomatice-la-nivel-de-parteneriat-strategic\/","og_site_name":"Carpathia Center Romania","article_publisher":"https:\/\/www.facebook.com\/fdpscarpathia\/","article_published_time":"2025-10-29T07:47:31+00:00","og_image":[{"width":1012,"height":1307,"url":"https:\/\/carpathiacenter.ro\/wp-content\/uploads\/2025\/10\/Mircea_Abrudean.jpg","type":"image\/jpeg"}],"author":"creativebitsolutions","twitter_card":"summary_large_image","twitter_misc":{"Written by":"creativebitsolutions","Estimated reading time":"2 minutes"},"schema":{"@context":"https:\/\/schema.org","@graph":[{"@type":"Article","@id":"https:\/\/carpathiacenter.ro\/senat-abrudean-romania-azerbaidjan-relatii-diplomatice-la-nivel-de-parteneriat-strategic\/#article","isPartOf":{"@id":"https:\/\/carpathiacenter.ro\/senat-abrudean-romania-azerbaidjan-relatii-diplomatice-la-nivel-de-parteneriat-strategic\/"},"author":{"name":"creativebitsolutions","@id":"https:\/\/carpathiacenter.ro\/#\/schema\/person\/03d9f58202fee8379268f34afa195006"},"headline":"Senat\/Abrudean: Rom\u00e2nia-Azerbaidjan, rela\u021bii diplomatice la nivel de parteneriat strategic","datePublished":"2025-10-29T07:47:31+00:00","mainEntityOfPage":{"@id":"https:\/\/carpathiacenter.ro\/senat-abrudean-romania-azerbaidjan-relatii-diplomatice-la-nivel-de-parteneriat-strategic\/"},"wordCount":295,"commentCount":0,"publisher":{"@id":"https:\/\/carpathiacenter.ro\/#organization"},"image":{"@id":"https:\/\/carpathiacenter.ro\/senat-abrudean-romania-azerbaidjan-relatii-diplomatice-la-nivel-de-parteneriat-strategic\/#primaryimage"},"thumbnailUrl":"https:\/\/carpathiacenter.ro\/wp-content\/uploads\/2025\/10\/Mircea_Abrudean.jpg","articleSection":["Uncategorized"],"inLanguage":"en-GB","potentialAction":[{"@type":"CommentAction","name":"Comment","target":["https:\/\/carpathiacenter.ro\/senat-abrudean-romania-azerbaidjan-relatii-diplomatice-la-nivel-de-parteneriat-strategic\/#respond"]}]},{"@type":"WebPage","@id":"https:\/\/carpathiacenter.ro\/senat-abrudean-romania-azerbaidjan-relatii-diplomatice-la-nivel-de-parteneriat-strategic\/","url":"https:\/\/carpathiacenter.ro\/senat-abrudean-romania-azerbaidjan-relatii-diplomatice-la-nivel-de-parteneriat-strategic\/","name":"Senat\/Abrudean: Rom\u00e2nia-Azerbaidjan, rela\u021bii diplomatice la nivel de parteneriat strategic - Carpathia Center Romania","isPartOf":{"@id":"https:\/\/carpathiacenter.ro\/#website"},"primaryImageOfPage":{"@id":"https:\/\/carpathiacenter.ro\/senat-abrudean-romania-azerbaidjan-relatii-diplomatice-la-nivel-de-parteneriat-strategic\/#primaryimage"},"image":{"@id":"https:\/\/carpathiacenter.ro\/senat-abrudean-romania-azerbaidjan-relatii-diplomatice-la-nivel-de-parteneriat-strategic\/#primaryimage"},"thumbnailUrl":"https:\/\/carpathiacenter.ro\/wp-content\/uploads\/2025\/10\/Mircea_Abrudean.jpg","datePublished":"2025-10-29T07:47:31+00:00","breadcrumb":{"@id":"https:\/\/carpathiacenter.ro\/senat-abrudean-romania-azerbaidjan-relatii-diplomatice-la-nivel-de-parteneriat-strategic\/#breadcrumb"},"inLanguage":"en-GB","potentialAction":[{"@type":"ReadAction","target":["https:\/\/carpathiacenter.ro\/senat-abrudean-romania-azerbaidjan-relatii-diplomatice-la-nivel-de-parteneriat-strategic\/"]}]},{"@type":"ImageObject","inLanguage":"en-GB","@id":"https:\/\/carpathiacenter.ro\/senat-abrudean-romania-azerbaidjan-relatii-diplomatice-la-nivel-de-parteneriat-strategic\/#primaryimage","url":"https:\/\/carpathiacenter.ro\/wp-content\/uploads\/2025\/10\/Mircea_Abrudean.jpg","contentUrl":"https:\/\/carpathiacenter.ro\/wp-content\/uploads\/2025\/10\/Mircea_Abrudean.jpg","width":1012,"height":1307},{"@type":"BreadcrumbList","@id":"https:\/\/carpathiacenter.ro\/senat-abrudean-romania-azerbaidjan-relatii-diplomatice-la-nivel-de-parteneriat-strategic\/#breadcrumb","itemListElement":[{"@type":"ListItem","position":1,"name":"Prima pagin\u0103","item":"https:\/\/carpathiacenter.ro\/"},{"@type":"ListItem","position":2,"name":"Senat\/Abrudean: Rom\u00e2nia-Azerbaidjan, rela\u021bii diplomatice la nivel de parteneriat strategic"}]},{"@type":"WebSite","@id":"https:\/\/carpathiacenter.ro\/#website","url":"https:\/\/carpathiacenter.ro\/","name":"Carpathia Center Romania","description":"Impossible made possible!","publisher":{"@id":"https:\/\/carpathiacenter.ro\/#organization"},"potentialAction":[{"@type":"SearchAction","target":{"@type":"EntryPoint","urlTemplate":"https:\/\/carpathiacenter.ro\/?s={search_term_string}"},"query-input":{"@type":"PropertyValueSpecification","valueRequired":true,"valueName":"search_term_string"}}],"inLanguage":"en-GB"},{"@type":"Organization","@id":"https:\/\/carpathiacenter.ro\/#organization","name":"Carpathia Center Romania","url":"https:\/\/carpathiacenter.ro\/","logo":{"@type":"ImageObject","inLanguage":"en-GB","@id":"https:\/\/carpathiacenter.ro\/#\/schema\/logo\/image\/","url":"https:\/\/carpathiacenter.ro\/wp-content\/uploads\/2024\/07\/logo-carpathia_bg_white-1024x941.png","contentUrl":"https:\/\/carpathiacenter.ro\/wp-content\/uploads\/2024\/07\/logo-carpathia_bg_white-1024x941.png","width":1024,"height":941,"caption":"Carpathia Center Romania"},"image":{"@id":"https:\/\/carpathiacenter.ro\/#\/schema\/logo\/image\/"},"sameAs":["https:\/\/www.facebook.com\/fdpscarpathia\/"]},{"@type":"Person","@id":"https:\/\/carpathiacenter.ro\/#\/schema\/person\/03d9f58202fee8379268f34afa195006","name":"creativebitsolutions","image":{"@type":"ImageObject","inLanguage":"en-GB","@id":"https:\/\/carpathiacenter.ro\/#\/schema\/person\/image\/","url":"https:\/\/secure.gravatar.com\/avatar\/1b1a13e37f847c635dab78348f1dff2f07651ee2a3d77a5c355a4b8c75f9165a?s=96&d=mm&r=g","contentUrl":"https:\/\/secure.gravatar.com\/avatar\/1b1a13e37f847c635dab78348f1dff2f07651ee2a3d77a5c355a4b8c75f9165a?s=96&d=mm&r=g","caption":"creativebitsolutions"},"url":"https:\/\/carpathiacenter.ro\/en\/author\/creativebitsolutions\/"}]}},"_links":{"self":[{"href":"https:\/\/carpathiacenter.ro\/en\/wp-json\/wp\/v2\/posts\/3243","targetHints":{"allow":["GET"]}}],"collection":[{"href":"https:\/\/carpathiacenter.ro\/en\/wp-json\/wp\/v2\/posts"}],"about":[{"href":"https:\/\/carpathiacenter.ro\/en\/wp-json\/wp\/v2\/types\/post"}],"author":[{"embeddable":true,"href":"https:\/\/carpathiacenter.ro\/en\/wp-json\/wp\/v2\/users\/4"}],"replies":[{"embeddable":true,"href":"https:\/\/carpathiacenter.ro\/en\/wp-json\/wp\/v2\/comments?post=3243"}],"version-history":[{"count":2,"href":"https:\/\/carpathiacenter.ro\/en\/wp-json\/wp\/v2\/posts\/3243\/revisions"}],"predecessor-version":[{"id":3246,"href":"https:\/\/carpathiacenter.ro\/en\/wp-json\/wp\/v2\/posts\/3243\/revisions\/3246"}],"wp:featuredmedia":[{"embeddable":true,"href":"https:\/\/carpathiacenter.ro\/en\/wp-json\/wp\/v2\/media\/3244"}],"wp:attachment":[{"href":"https:\/\/carpathiacenter.ro\/en\/wp-json\/wp\/v2\/media?parent=3243"}],"wp:term":[{"taxonomy":"category","embeddable":true,"href":"https:\/\/carpathiacenter.ro\/en\/wp-json\/wp\/v2\/categories?post=3243"},{"taxonomy":"post_tag","embeddable":true,"href":"https:\/\/carpathiacenter.ro\/en\/wp-json\/wp\/v2\/tags?post=3243"}],"curies":[{"name":"wp","href":"https:\/\/api.w.org\/{rel}","templated":true}]}}