{"id":3232,"date":"2025-10-28T08:24:48","date_gmt":"2025-10-28T08:24:48","guid":{"rendered":"https:\/\/carpathiacenter.ro\/?p=3232"},"modified":"2025-10-28T08:25:55","modified_gmt":"2025-10-28T08:25:55","slug":"guvern-ministerul-finantelor-mandatat-sa-cumpere-actiuni-detinute-de-fundatia-post-privatizare-la-fondul-roman-de-contragarantare","status":"publish","type":"post","link":"https:\/\/carpathiacenter.ro\/en\/guvern-ministerul-finantelor-mandatat-sa-cumpere-actiuni-detinute-de-fundatia-post-privatizare-la-fondul-roman-de-contragarantare\/","title":{"rendered":"Guvern: Ministerul Finan\u021belor &#8211; mandatat s\u0103 cumpere ac\u021biuni de\u021binute de Funda\u021bia Post-Privatizare la Fondul Rom\u00e2n de Contragarantare"},"content":{"rendered":"<p><strong>Guvernul a aprobat, luni, prin hot\u0103r\u00e2re, mandatarea Ministerului Finan\u021belor s\u0103 cumpere un num\u0103r de 1.280.000 ac\u021biuni de\u021binute de Funda\u021bia Post-Privatizare la Fondul Rom\u00e2n de Contragarantare S.A.<\/strong><\/p>\n<p>&#8216;Ministerul Finan\u021belor este mandatat s\u0103 cumpere un num\u0103r de 1.280.000 ac\u021biuni de\u021binute de Funda\u021bia Post-Privatizare la Fondul Rom\u00e2n de Contragarantare S.A., achizi\u021bie menit\u0103 s\u0103 valorifice o oportunitate ce poate sus\u021bine at\u00e2t politica de proprietate a statului rom\u00e2n, precum \u0219i celelalte tipuri de ac\u021biuni circumscrise acesteia. Men\u021bion\u0103m, \u00een acest sens, protejarea capitalului propriu \u0219i asigurarea m\u0103surilor necesare recuper\u0103rii lui&#8217;, se arat\u0103 \u00eentr-un comunicat al Executivului.<\/p>\n<p>Transferul dreptului de proprietate al ac\u021biunilor, respectiv cump\u0103rarea ac\u021biunilor, conform Regulamentului de valorificare a pachetului de 1.280.000 de ac\u021biuni de\u021binute de Funda\u021bia Post-Privatizare la FRC S.A se efectueaz\u0103 numai dup\u0103 achitarea de c\u0103tre statul rom\u00e2n, prin Ministerul Finan\u021belor, a sumei de 17.850.000 lei, precizeaz\u0103 sursa citat\u0103.<\/p>\n<p>Cump\u0103rarea participa\u021biei Funda\u021biei Post-Privatizare \u00een cadrul procedurii falimentului acestei funda\u021bii se realizeaz\u0103 la un pre\u021b aflat sub valoarea nominal\u0103, respectiv sub valoarea de pia\u021b\u0103 (conform raportului de evaluare) a ac\u021biunilor FRC S.A, conform comunicatului.<\/p>\n<p>Ca informa\u021bii suplimentare, Guvernul precizeaz\u0103 c\u0103 Ministerul Finan\u021belor exercit\u0103 calitatea de ac\u021bionar \u00een numele statului rom\u00e2n la Fondul Rom\u00e2n de Contragarantare SA.<\/p>\n<p>Astfel, capitalul social al Fondului, subscris \u0219i integral v\u0103rsat de ac\u021bionari, este de 400 milioane lei, fiind \u00eemp\u0103r\u021bit \u00eentr-un num\u0103r de 4.000.000 de ac\u021biuni nominative, cu o valoare nominal\u0103 de 100 lei fiecare, fiind constituit prin aportul \u00een numerar al: statului rom\u00e2n, prin Ministerul Finan\u021belor, cu un aport \u00een numerar \u00een valoare de 272 milioane lei, corespunz\u0103tor unui num\u0103r de 2.720.000 ac\u021biuni nominative cu o valoare de 100 lei fiecare, reprezent\u00e2nd 68% din capitalul social; Funda\u021bia Post &#8211; Privatizare, cu un aport \u00een numerar \u00een valoare de 128 milioane lei, corespunz\u0103tor unui num\u0103r de 1.280.000 ac\u021biuni nominative cu o valoare de 100 lei fiecare, reprezent\u00e2nd 32% din capitalul social. AGERPRES\/(AS &#8211; redactor: Daniel Florea, editor: Florin Marin, editor online: Simona Aru\u015ftei)<br \/>\n<br \/>\nSursa articolului:  <a href=\"https:\/\/agerpres.ro\/politic\/2025\/10\/27\/guvern-ministerul-finantelor---mandatat-sa-cumpere-actiuni-detinute-de-fundatia-post-privatizare-la---1497547\" target=\"_blank\" rel=\"noopener\" title=\"\">https:\/\/agerpres.ro\/politic\/2025\/10\/27\/guvern-ministerul-finantelor&#8212;mandatat-sa-cumpere-actiuni-detinute-de-fundatia-post-privatizare-la&#8212;1497547<\/a><\/p>","protected":false},"excerpt":{"rendered":"<p>Guvernul a aprobat, luni, prin hot\u0103r\u00e2re, mandatarea Ministerului Finan\u021belor s\u0103 cumpere un num\u0103r de 1.280.000 ac\u021biuni de\u021binute de Funda\u021bia Post-Privatizare la Fondul Rom\u00e2n de Contragarantare S.A. &#8216;Ministerul Finan\u021belor este mandatat s\u0103 cumpere un num\u0103r de 1.280.000 ac\u021biuni de\u021binute de Funda\u021bia Post-Privatizare la Fondul Rom\u00e2n de Contragarantare S.A., achizi\u021bie menit\u0103 s\u0103 valorifice o oportunitate ce poate&#8230;<\/p>","protected":false},"author":4,"featured_media":1356,"comment_status":"open","ping_status":"open","sticky":false,"template":"","format":"standard","meta":{"footnotes":""},"categories":[1],"tags":[],"class_list":["post-3232","post","type-post","status-publish","format-standard","has-post-thumbnail","hentry","category-uncategorized"],"yoast_head":"<!-- This site is optimized with the Yoast SEO plugin v26.1.1 - https:\/\/yoast.com\/wordpress\/plugins\/seo\/ -->\n<title>Guvern: Ministerul Finan\u021belor - mandatat s\u0103 cumpere ac\u021biuni de\u021binute de Funda\u021bia Post-Privatizare la Fondul Rom\u00e2n de Contragarantare - Carpathia Center Romania<\/title>\n<meta name=\"robots\" content=\"index, follow, max-snippet:-1, max-image-preview:large, max-video-preview:-1\" \/>\n<link rel=\"canonical\" href=\"https:\/\/carpathiacenter.ro\/en\/guvern-ministerul-finantelor-mandatat-sa-cumpere-actiuni-detinute-de-fundatia-post-privatizare-la-fondul-roman-de-contragarantare\/\" \/>\n<meta property=\"og:locale\" content=\"en_GB\" \/>\n<meta property=\"og:type\" content=\"article\" \/>\n<meta property=\"og:title\" content=\"Guvern: Ministerul Finan\u021belor - mandatat s\u0103 cumpere ac\u021biuni de\u021binute de Funda\u021bia Post-Privatizare la Fondul Rom\u00e2n de Contragarantare - Carpathia Center Romania\" \/>\n<meta property=\"og:description\" content=\"Guvernul a aprobat, luni, prin hot\u0103r\u00e2re, mandatarea Ministerului Finan\u021belor s\u0103 cumpere un num\u0103r de 1.280.000 ac\u021biuni de\u021binute de Funda\u021bia Post-Privatizare la Fondul Rom\u00e2n de Contragarantare S.A. &#8216;Ministerul Finan\u021belor este mandatat s\u0103 cumpere un num\u0103r de 1.280.000 ac\u021biuni de\u021binute de Funda\u021bia Post-Privatizare la Fondul Rom\u00e2n de Contragarantare S.A., achizi\u021bie menit\u0103 s\u0103 valorifice o oportunitate ce poate...\" \/>\n<meta property=\"og:url\" content=\"https:\/\/carpathiacenter.ro\/en\/guvern-ministerul-finantelor-mandatat-sa-cumpere-actiuni-detinute-de-fundatia-post-privatizare-la-fondul-roman-de-contragarantare\/\" \/>\n<meta property=\"og:site_name\" content=\"Carpathia Center Romania\" \/>\n<meta property=\"article:publisher\" content=\"https:\/\/www.facebook.com\/fdpscarpathia\/\" \/>\n<meta property=\"article:published_time\" content=\"2025-10-28T08:24:48+00:00\" \/>\n<meta property=\"article:modified_time\" content=\"2025-10-28T08:25:55+00:00\" \/>\n<meta property=\"og:image\" content=\"https:\/\/carpathiacenter.ro\/wp-content\/uploads\/2024\/10\/ministerul-finantelor.jpg\" \/>\n\t<meta property=\"og:image:width\" content=\"1200\" \/>\n\t<meta property=\"og:image:height\" content=\"675\" \/>\n\t<meta property=\"og:image:type\" content=\"image\/jpeg\" \/>\n<meta name=\"author\" content=\"creativebitsolutions\" \/>\n<meta name=\"twitter:card\" content=\"summary_large_image\" \/>\n<meta name=\"twitter:label1\" content=\"Written by\" \/>\n\t<meta name=\"twitter:data1\" content=\"creativebitsolutions\" \/>\n\t<meta name=\"twitter:label2\" content=\"Estimated reading time\" \/>\n\t<meta name=\"twitter:data2\" content=\"2 minutes\" \/>\n<script type=\"application\/ld+json\" class=\"yoast-schema-graph\">{\"@context\":\"https:\/\/schema.org\",\"@graph\":[{\"@type\":\"Article\",\"@id\":\"https:\/\/carpathiacenter.ro\/guvern-ministerul-finantelor-mandatat-sa-cumpere-actiuni-detinute-de-fundatia-post-privatizare-la-fondul-roman-de-contragarantare\/#article\",\"isPartOf\":{\"@id\":\"https:\/\/carpathiacenter.ro\/guvern-ministerul-finantelor-mandatat-sa-cumpere-actiuni-detinute-de-fundatia-post-privatizare-la-fondul-roman-de-contragarantare\/\"},\"author\":{\"name\":\"creativebitsolutions\",\"@id\":\"https:\/\/carpathiacenter.ro\/#\/schema\/person\/03d9f58202fee8379268f34afa195006\"},\"headline\":\"Guvern: Ministerul Finan\u021belor &#8211; mandatat s\u0103 cumpere ac\u021biuni de\u021binute de Funda\u021bia Post-Privatizare la Fondul Rom\u00e2n de Contragarantare\",\"datePublished\":\"2025-10-28T08:24:48+00:00\",\"dateModified\":\"2025-10-28T08:25:55+00:00\",\"mainEntityOfPage\":{\"@id\":\"https:\/\/carpathiacenter.ro\/guvern-ministerul-finantelor-mandatat-sa-cumpere-actiuni-detinute-de-fundatia-post-privatizare-la-fondul-roman-de-contragarantare\/\"},\"wordCount\":392,\"commentCount\":0,\"publisher\":{\"@id\":\"https:\/\/carpathiacenter.ro\/#organization\"},\"image\":{\"@id\":\"https:\/\/carpathiacenter.ro\/guvern-ministerul-finantelor-mandatat-sa-cumpere-actiuni-detinute-de-fundatia-post-privatizare-la-fondul-roman-de-contragarantare\/#primaryimage\"},\"thumbnailUrl\":\"https:\/\/carpathiacenter.ro\/wp-content\/uploads\/2024\/10\/ministerul-finantelor.jpg\",\"articleSection\":[\"Uncategorized\"],\"inLanguage\":\"en-GB\",\"potentialAction\":[{\"@type\":\"CommentAction\",\"name\":\"Comment\",\"target\":[\"https:\/\/carpathiacenter.ro\/guvern-ministerul-finantelor-mandatat-sa-cumpere-actiuni-detinute-de-fundatia-post-privatizare-la-fondul-roman-de-contragarantare\/#respond\"]}]},{\"@type\":\"WebPage\",\"@id\":\"https:\/\/carpathiacenter.ro\/guvern-ministerul-finantelor-mandatat-sa-cumpere-actiuni-detinute-de-fundatia-post-privatizare-la-fondul-roman-de-contragarantare\/\",\"url\":\"https:\/\/carpathiacenter.ro\/guvern-ministerul-finantelor-mandatat-sa-cumpere-actiuni-detinute-de-fundatia-post-privatizare-la-fondul-roman-de-contragarantare\/\",\"name\":\"Guvern: Ministerul Finan\u021belor - mandatat s\u0103 cumpere ac\u021biuni de\u021binute de Funda\u021bia Post-Privatizare la Fondul Rom\u00e2n de Contragarantare - Carpathia Center Romania\",\"isPartOf\":{\"@id\":\"https:\/\/carpathiacenter.ro\/#website\"},\"primaryImageOfPage\":{\"@id\":\"https:\/\/carpathiacenter.ro\/guvern-ministerul-finantelor-mandatat-sa-cumpere-actiuni-detinute-de-fundatia-post-privatizare-la-fondul-roman-de-contragarantare\/#primaryimage\"},\"image\":{\"@id\":\"https:\/\/carpathiacenter.ro\/guvern-ministerul-finantelor-mandatat-sa-cumpere-actiuni-detinute-de-fundatia-post-privatizare-la-fondul-roman-de-contragarantare\/#primaryimage\"},\"thumbnailUrl\":\"https:\/\/carpathiacenter.ro\/wp-content\/uploads\/2024\/10\/ministerul-finantelor.jpg\",\"datePublished\":\"2025-10-28T08:24:48+00:00\",\"dateModified\":\"2025-10-28T08:25:55+00:00\",\"breadcrumb\":{\"@id\":\"https:\/\/carpathiacenter.ro\/guvern-ministerul-finantelor-mandatat-sa-cumpere-actiuni-detinute-de-fundatia-post-privatizare-la-fondul-roman-de-contragarantare\/#breadcrumb\"},\"inLanguage\":\"en-GB\",\"potentialAction\":[{\"@type\":\"ReadAction\",\"target\":[\"https:\/\/carpathiacenter.ro\/guvern-ministerul-finantelor-mandatat-sa-cumpere-actiuni-detinute-de-fundatia-post-privatizare-la-fondul-roman-de-contragarantare\/\"]}]},{\"@type\":\"ImageObject\",\"inLanguage\":\"en-GB\",\"@id\":\"https:\/\/carpathiacenter.ro\/guvern-ministerul-finantelor-mandatat-sa-cumpere-actiuni-detinute-de-fundatia-post-privatizare-la-fondul-roman-de-contragarantare\/#primaryimage\",\"url\":\"https:\/\/carpathiacenter.ro\/wp-content\/uploads\/2024\/10\/ministerul-finantelor.jpg\",\"contentUrl\":\"https:\/\/carpathiacenter.ro\/wp-content\/uploads\/2024\/10\/ministerul-finantelor.jpg\",\"width\":1200,\"height\":675},{\"@type\":\"BreadcrumbList\",\"@id\":\"https:\/\/carpathiacenter.ro\/guvern-ministerul-finantelor-mandatat-sa-cumpere-actiuni-detinute-de-fundatia-post-privatizare-la-fondul-roman-de-contragarantare\/#breadcrumb\",\"itemListElement\":[{\"@type\":\"ListItem\",\"position\":1,\"name\":\"Prima pagin\u0103\",\"item\":\"https:\/\/carpathiacenter.ro\/\"},{\"@type\":\"ListItem\",\"position\":2,\"name\":\"Guvern: Ministerul Finan\u021belor &#8211; mandatat s\u0103 cumpere ac\u021biuni de\u021binute de Funda\u021bia Post-Privatizare la Fondul Rom\u00e2n de Contragarantare\"}]},{\"@type\":\"WebSite\",\"@id\":\"https:\/\/carpathiacenter.ro\/#website\",\"url\":\"https:\/\/carpathiacenter.ro\/\",\"name\":\"Carpathia Center Romania\",\"description\":\"Impossible made possible!\",\"publisher\":{\"@id\":\"https:\/\/carpathiacenter.ro\/#organization\"},\"potentialAction\":[{\"@type\":\"SearchAction\",\"target\":{\"@type\":\"EntryPoint\",\"urlTemplate\":\"https:\/\/carpathiacenter.ro\/?s={search_term_string}\"},\"query-input\":{\"@type\":\"PropertyValueSpecification\",\"valueRequired\":true,\"valueName\":\"search_term_string\"}}],\"inLanguage\":\"en-GB\"},{\"@type\":\"Organization\",\"@id\":\"https:\/\/carpathiacenter.ro\/#organization\",\"name\":\"Carpathia Center Romania\",\"url\":\"https:\/\/carpathiacenter.ro\/\",\"logo\":{\"@type\":\"ImageObject\",\"inLanguage\":\"en-GB\",\"@id\":\"https:\/\/carpathiacenter.ro\/#\/schema\/logo\/image\/\",\"url\":\"https:\/\/carpathiacenter.ro\/wp-content\/uploads\/2024\/07\/logo-carpathia_bg_white-1024x941.png\",\"contentUrl\":\"https:\/\/carpathiacenter.ro\/wp-content\/uploads\/2024\/07\/logo-carpathia_bg_white-1024x941.png\",\"width\":1024,\"height\":941,\"caption\":\"Carpathia Center Romania\"},\"image\":{\"@id\":\"https:\/\/carpathiacenter.ro\/#\/schema\/logo\/image\/\"},\"sameAs\":[\"https:\/\/www.facebook.com\/fdpscarpathia\/\"]},{\"@type\":\"Person\",\"@id\":\"https:\/\/carpathiacenter.ro\/#\/schema\/person\/03d9f58202fee8379268f34afa195006\",\"name\":\"creativebitsolutions\",\"image\":{\"@type\":\"ImageObject\",\"inLanguage\":\"en-GB\",\"@id\":\"https:\/\/carpathiacenter.ro\/#\/schema\/person\/image\/\",\"url\":\"https:\/\/secure.gravatar.com\/avatar\/1b1a13e37f847c635dab78348f1dff2f07651ee2a3d77a5c355a4b8c75f9165a?s=96&d=mm&r=g\",\"contentUrl\":\"https:\/\/secure.gravatar.com\/avatar\/1b1a13e37f847c635dab78348f1dff2f07651ee2a3d77a5c355a4b8c75f9165a?s=96&d=mm&r=g\",\"caption\":\"creativebitsolutions\"},\"url\":\"https:\/\/carpathiacenter.ro\/en\/author\/creativebitsolutions\/\"}]}<\/script>\n<!-- \/ Yoast SEO plugin. -->","yoast_head_json":{"title":"Guvern: Ministerul Finan\u021belor - mandatat s\u0103 cumpere ac\u021biuni de\u021binute de Funda\u021bia Post-Privatizare la Fondul Rom\u00e2n de Contragarantare - Carpathia Center Romania","robots":{"index":"index","follow":"follow","max-snippet":"max-snippet:-1","max-image-preview":"max-image-preview:large","max-video-preview":"max-video-preview:-1"},"canonical":"https:\/\/carpathiacenter.ro\/en\/guvern-ministerul-finantelor-mandatat-sa-cumpere-actiuni-detinute-de-fundatia-post-privatizare-la-fondul-roman-de-contragarantare\/","og_locale":"en_GB","og_type":"article","og_title":"Guvern: Ministerul Finan\u021belor - mandatat s\u0103 cumpere ac\u021biuni de\u021binute de Funda\u021bia Post-Privatizare la Fondul Rom\u00e2n de Contragarantare - Carpathia Center Romania","og_description":"Guvernul a aprobat, luni, prin hot\u0103r\u00e2re, mandatarea Ministerului Finan\u021belor s\u0103 cumpere un num\u0103r de 1.280.000 ac\u021biuni de\u021binute de Funda\u021bia Post-Privatizare la Fondul Rom\u00e2n de Contragarantare S.A. &#8216;Ministerul Finan\u021belor este mandatat s\u0103 cumpere un num\u0103r de 1.280.000 ac\u021biuni de\u021binute de Funda\u021bia Post-Privatizare la Fondul Rom\u00e2n de Contragarantare S.A., achizi\u021bie menit\u0103 s\u0103 valorifice o oportunitate ce poate...","og_url":"https:\/\/carpathiacenter.ro\/en\/guvern-ministerul-finantelor-mandatat-sa-cumpere-actiuni-detinute-de-fundatia-post-privatizare-la-fondul-roman-de-contragarantare\/","og_site_name":"Carpathia Center Romania","article_publisher":"https:\/\/www.facebook.com\/fdpscarpathia\/","article_published_time":"2025-10-28T08:24:48+00:00","article_modified_time":"2025-10-28T08:25:55+00:00","og_image":[{"width":1200,"height":675,"url":"https:\/\/carpathiacenter.ro\/wp-content\/uploads\/2024\/10\/ministerul-finantelor.jpg","type":"image\/jpeg"}],"author":"creativebitsolutions","twitter_card":"summary_large_image","twitter_misc":{"Written by":"creativebitsolutions","Estimated reading time":"2 minutes"},"schema":{"@context":"https:\/\/schema.org","@graph":[{"@type":"Article","@id":"https:\/\/carpathiacenter.ro\/guvern-ministerul-finantelor-mandatat-sa-cumpere-actiuni-detinute-de-fundatia-post-privatizare-la-fondul-roman-de-contragarantare\/#article","isPartOf":{"@id":"https:\/\/carpathiacenter.ro\/guvern-ministerul-finantelor-mandatat-sa-cumpere-actiuni-detinute-de-fundatia-post-privatizare-la-fondul-roman-de-contragarantare\/"},"author":{"name":"creativebitsolutions","@id":"https:\/\/carpathiacenter.ro\/#\/schema\/person\/03d9f58202fee8379268f34afa195006"},"headline":"Guvern: Ministerul Finan\u021belor &#8211; mandatat s\u0103 cumpere ac\u021biuni de\u021binute de Funda\u021bia Post-Privatizare la Fondul Rom\u00e2n de Contragarantare","datePublished":"2025-10-28T08:24:48+00:00","dateModified":"2025-10-28T08:25:55+00:00","mainEntityOfPage":{"@id":"https:\/\/carpathiacenter.ro\/guvern-ministerul-finantelor-mandatat-sa-cumpere-actiuni-detinute-de-fundatia-post-privatizare-la-fondul-roman-de-contragarantare\/"},"wordCount":392,"commentCount":0,"publisher":{"@id":"https:\/\/carpathiacenter.ro\/#organization"},"image":{"@id":"https:\/\/carpathiacenter.ro\/guvern-ministerul-finantelor-mandatat-sa-cumpere-actiuni-detinute-de-fundatia-post-privatizare-la-fondul-roman-de-contragarantare\/#primaryimage"},"thumbnailUrl":"https:\/\/carpathiacenter.ro\/wp-content\/uploads\/2024\/10\/ministerul-finantelor.jpg","articleSection":["Uncategorized"],"inLanguage":"en-GB","potentialAction":[{"@type":"CommentAction","name":"Comment","target":["https:\/\/carpathiacenter.ro\/guvern-ministerul-finantelor-mandatat-sa-cumpere-actiuni-detinute-de-fundatia-post-privatizare-la-fondul-roman-de-contragarantare\/#respond"]}]},{"@type":"WebPage","@id":"https:\/\/carpathiacenter.ro\/guvern-ministerul-finantelor-mandatat-sa-cumpere-actiuni-detinute-de-fundatia-post-privatizare-la-fondul-roman-de-contragarantare\/","url":"https:\/\/carpathiacenter.ro\/guvern-ministerul-finantelor-mandatat-sa-cumpere-actiuni-detinute-de-fundatia-post-privatizare-la-fondul-roman-de-contragarantare\/","name":"Guvern: Ministerul Finan\u021belor - mandatat s\u0103 cumpere ac\u021biuni de\u021binute de Funda\u021bia Post-Privatizare la Fondul Rom\u00e2n de Contragarantare - Carpathia Center Romania","isPartOf":{"@id":"https:\/\/carpathiacenter.ro\/#website"},"primaryImageOfPage":{"@id":"https:\/\/carpathiacenter.ro\/guvern-ministerul-finantelor-mandatat-sa-cumpere-actiuni-detinute-de-fundatia-post-privatizare-la-fondul-roman-de-contragarantare\/#primaryimage"},"image":{"@id":"https:\/\/carpathiacenter.ro\/guvern-ministerul-finantelor-mandatat-sa-cumpere-actiuni-detinute-de-fundatia-post-privatizare-la-fondul-roman-de-contragarantare\/#primaryimage"},"thumbnailUrl":"https:\/\/carpathiacenter.ro\/wp-content\/uploads\/2024\/10\/ministerul-finantelor.jpg","datePublished":"2025-10-28T08:24:48+00:00","dateModified":"2025-10-28T08:25:55+00:00","breadcrumb":{"@id":"https:\/\/carpathiacenter.ro\/guvern-ministerul-finantelor-mandatat-sa-cumpere-actiuni-detinute-de-fundatia-post-privatizare-la-fondul-roman-de-contragarantare\/#breadcrumb"},"inLanguage":"en-GB","potentialAction":[{"@type":"ReadAction","target":["https:\/\/carpathiacenter.ro\/guvern-ministerul-finantelor-mandatat-sa-cumpere-actiuni-detinute-de-fundatia-post-privatizare-la-fondul-roman-de-contragarantare\/"]}]},{"@type":"ImageObject","inLanguage":"en-GB","@id":"https:\/\/carpathiacenter.ro\/guvern-ministerul-finantelor-mandatat-sa-cumpere-actiuni-detinute-de-fundatia-post-privatizare-la-fondul-roman-de-contragarantare\/#primaryimage","url":"https:\/\/carpathiacenter.ro\/wp-content\/uploads\/2024\/10\/ministerul-finantelor.jpg","contentUrl":"https:\/\/carpathiacenter.ro\/wp-content\/uploads\/2024\/10\/ministerul-finantelor.jpg","width":1200,"height":675},{"@type":"BreadcrumbList","@id":"https:\/\/carpathiacenter.ro\/guvern-ministerul-finantelor-mandatat-sa-cumpere-actiuni-detinute-de-fundatia-post-privatizare-la-fondul-roman-de-contragarantare\/#breadcrumb","itemListElement":[{"@type":"ListItem","position":1,"name":"Prima pagin\u0103","item":"https:\/\/carpathiacenter.ro\/"},{"@type":"ListItem","position":2,"name":"Guvern: Ministerul Finan\u021belor &#8211; mandatat s\u0103 cumpere ac\u021biuni de\u021binute de Funda\u021bia Post-Privatizare la Fondul Rom\u00e2n de Contragarantare"}]},{"@type":"WebSite","@id":"https:\/\/carpathiacenter.ro\/#website","url":"https:\/\/carpathiacenter.ro\/","name":"Carpathia Center Romania","description":"Impossible made possible!","publisher":{"@id":"https:\/\/carpathiacenter.ro\/#organization"},"potentialAction":[{"@type":"SearchAction","target":{"@type":"EntryPoint","urlTemplate":"https:\/\/carpathiacenter.ro\/?s={search_term_string}"},"query-input":{"@type":"PropertyValueSpecification","valueRequired":true,"valueName":"search_term_string"}}],"inLanguage":"en-GB"},{"@type":"Organization","@id":"https:\/\/carpathiacenter.ro\/#organization","name":"Carpathia Center Romania","url":"https:\/\/carpathiacenter.ro\/","logo":{"@type":"ImageObject","inLanguage":"en-GB","@id":"https:\/\/carpathiacenter.ro\/#\/schema\/logo\/image\/","url":"https:\/\/carpathiacenter.ro\/wp-content\/uploads\/2024\/07\/logo-carpathia_bg_white-1024x941.png","contentUrl":"https:\/\/carpathiacenter.ro\/wp-content\/uploads\/2024\/07\/logo-carpathia_bg_white-1024x941.png","width":1024,"height":941,"caption":"Carpathia Center Romania"},"image":{"@id":"https:\/\/carpathiacenter.ro\/#\/schema\/logo\/image\/"},"sameAs":["https:\/\/www.facebook.com\/fdpscarpathia\/"]},{"@type":"Person","@id":"https:\/\/carpathiacenter.ro\/#\/schema\/person\/03d9f58202fee8379268f34afa195006","name":"creativebitsolutions","image":{"@type":"ImageObject","inLanguage":"en-GB","@id":"https:\/\/carpathiacenter.ro\/#\/schema\/person\/image\/","url":"https:\/\/secure.gravatar.com\/avatar\/1b1a13e37f847c635dab78348f1dff2f07651ee2a3d77a5c355a4b8c75f9165a?s=96&d=mm&r=g","contentUrl":"https:\/\/secure.gravatar.com\/avatar\/1b1a13e37f847c635dab78348f1dff2f07651ee2a3d77a5c355a4b8c75f9165a?s=96&d=mm&r=g","caption":"creativebitsolutions"},"url":"https:\/\/carpathiacenter.ro\/en\/author\/creativebitsolutions\/"}]}},"_links":{"self":[{"href":"https:\/\/carpathiacenter.ro\/en\/wp-json\/wp\/v2\/posts\/3232","targetHints":{"allow":["GET"]}}],"collection":[{"href":"https:\/\/carpathiacenter.ro\/en\/wp-json\/wp\/v2\/posts"}],"about":[{"href":"https:\/\/carpathiacenter.ro\/en\/wp-json\/wp\/v2\/types\/post"}],"author":[{"embeddable":true,"href":"https:\/\/carpathiacenter.ro\/en\/wp-json\/wp\/v2\/users\/4"}],"replies":[{"embeddable":true,"href":"https:\/\/carpathiacenter.ro\/en\/wp-json\/wp\/v2\/comments?post=3232"}],"version-history":[{"count":1,"href":"https:\/\/carpathiacenter.ro\/en\/wp-json\/wp\/v2\/posts\/3232\/revisions"}],"predecessor-version":[{"id":3233,"href":"https:\/\/carpathiacenter.ro\/en\/wp-json\/wp\/v2\/posts\/3232\/revisions\/3233"}],"wp:featuredmedia":[{"embeddable":true,"href":"https:\/\/carpathiacenter.ro\/en\/wp-json\/wp\/v2\/media\/1356"}],"wp:attachment":[{"href":"https:\/\/carpathiacenter.ro\/en\/wp-json\/wp\/v2\/media?parent=3232"}],"wp:term":[{"taxonomy":"category","embeddable":true,"href":"https:\/\/carpathiacenter.ro\/en\/wp-json\/wp\/v2\/categories?post=3232"},{"taxonomy":"post_tag","embeddable":true,"href":"https:\/\/carpathiacenter.ro\/en\/wp-json\/wp\/v2\/tags?post=3232"}],"curies":[{"name":"wp","href":"https:\/\/api.w.org\/{rel}","templated":true}]}}