{"id":3225,"date":"2025-10-27T08:52:08","date_gmt":"2025-10-27T08:52:08","guid":{"rendered":"https:\/\/carpathiacenter.ro\/?p=3225"},"modified":"2025-10-27T08:52:08","modified_gmt":"2025-10-27T08:52:08","slug":"premierul-ilie-bolojan-antreprenorii-sunt-coloana-vertebrala-a-economiei-romanesti","status":"publish","type":"post","link":"https:\/\/carpathiacenter.ro\/en\/premierul-ilie-bolojan-antreprenorii-sunt-coloana-vertebrala-a-economiei-romanesti\/","title":{"rendered":"Premierul Ilie Bolojan: Antreprenorii sunt coloana vertebral\u0103 a economiei rom\u00e2ne\u0219ti"},"content":{"rendered":"<p><strong>Premierul Ilie Bolojan consider\u0103 c\u0103 antreprenorii sunt coloana vertebral\u0103 a economiei rom\u00e2ne\u0219ti, un exemplu \u00een acest sens fiind compania Unicarm din Satu Mare, pe care a vizitat-o recent.<\/strong><\/p>\n<p>&#8216;Am un mare respect pentru antreprenorii care, prin munca \u0219i priceperea lor, reu\u0219esc s\u0103 dezvolte afaceri, s\u0103 ofere locuri de munc\u0103 \u0219i s\u0103 pl\u0103teasc\u0103 corect taxele \u0219i impozitele. Ei sunt coloana vertebral\u0103 a economiei rom\u00e2ne\u0219ti. O astfel de companie este Unicarm, din Satu Mare, produc\u0103tor rom\u00e2n din industria alimentar\u0103, pe care am vizitat-o recent&#8217;, declar\u0103 prim-ministrul, <a href=\"https:\/\/www.facebook.com\/guv.ro\/posts\/pfbid02zBbnCi2jj6TXTurbFKGa4cumN9NSRjTg9MUvUwzL5xdoJWrnLayVoAGxtuiqKWJcl?locale=ro_RO\" target=\"_blank\">\u00eentr-o postare pe pagina de Facebook a Guvernului<\/a>.<\/p>\n<p><img fetchpriority=\"high\" decoding=\"async\" alt=\"\" height=\"1197\" src=\"https:\/\/agerpres.ro\/data\/202510\/20251026185359_942150.jpg\" width=\"1600\"><\/p>\n<p>Premierul Bolojan a precizat c\u0103 a discutat cu familia care a \u00eenfiin\u021bat aceast\u0103 companie despre cum poate fi sus\u021binut sectorul agroalimentar \u0219i \u00eentreaga industrie de procesare.<\/p>\n<p><img decoding=\"async\" alt=\"\" height=\"1197\" src=\"https:\/\/agerpres.ro\/data\/202510\/20251026185411_837082.jpg\" width=\"1600\"><\/p>\n<p>&#8216;Am discutat cu familia Lucu\u021b, cea care a pus pe picioare aceast\u0103 afacere, despre cum poate fi sus\u021binut sectorul agroalimentar \u0219i \u00eentreaga industrie de procesare, pentru a oferi cet\u0103\u021benilor rom\u00e2ni hran\u0103 de calitate, iar firmele na\u021bionale s\u0103 fie competitive pe pie\u021bele externe. Mul\u021bumesc familiei Lucu\u021b \u0219i tuturor angaja\u021bilor pentru modul \u00een care au dezvoltat acest proiect de afaceri reprezentativ pentru regiune \u0219i pentru \u00eentreaga industrie na\u021bional\u0103 agroalimentar\u0103&#8217;, afirm\u0103 premierul Ilie Bolojan, potrivit sursei men\u021bionate. AGERPRES\/(AS, editor: Karina Olteanu, editor online: Andreea Preda)<\/p>\n<p><\/p>\n<p>Sursa fotografiilor:&nbsp;<a href=\"https:\/\/www.facebook.com\/guv.ro\/posts\/pfbid02zBbnCi2jj6TXTurbFKGa4cumN9NSRjTg9MUvUwzL5xdoJWrnLayVoAGxtuiqKWJcl?locale=ro_RO\" target=\"_blank\">Guvernul Rom\u00e2niei<\/a> \/Facebook<br \/>\n<br \/>\nSursa articolului:  <a href=\"https:\/\/agerpres.ro\/politic\/2025\/10\/26\/premierul-ilie-bolojan-antreprenorii-sunt-coloana-vertebrala-a-economiei-romanesti--1497211\" target=\"_blank\" rel=\"noopener\" title=\"\">https:\/\/agerpres.ro\/politic\/2025\/10\/26\/premierul-ilie-bolojan-antreprenorii-sunt-coloana-vertebrala-a-economiei-romanesti&#8211;1497211<\/a><\/p>","protected":false},"excerpt":{"rendered":"<p>Premierul Ilie Bolojan consider\u0103 c\u0103 antreprenorii sunt coloana vertebral\u0103 a economiei rom\u00e2ne\u0219ti, un exemplu \u00een acest sens fiind compania Unicarm din Satu Mare, pe care a vizitat-o recent. &#8216;Am un mare respect pentru antreprenorii care, prin munca \u0219i priceperea lor, reu\u0219esc s\u0103 dezvolte afaceri, s\u0103 ofere locuri de munc\u0103 \u0219i s\u0103 pl\u0103teasc\u0103 corect taxele \u0219i&#8230;<\/p>","protected":false},"author":4,"featured_media":3226,"comment_status":"open","ping_status":"open","sticky":false,"template":"","format":"standard","meta":{"footnotes":""},"categories":[1],"tags":[],"class_list":["post-3225","post","type-post","status-publish","format-standard","has-post-thumbnail","hentry","category-uncategorized"],"yoast_head":"<!-- This site is optimized with the Yoast SEO plugin v26.1.1 - https:\/\/yoast.com\/wordpress\/plugins\/seo\/ -->\n<title>Premierul Ilie Bolojan: Antreprenorii sunt coloana vertebral\u0103 a economiei rom\u00e2ne\u0219ti - Carpathia Center Romania<\/title>\n<meta name=\"robots\" content=\"index, follow, max-snippet:-1, max-image-preview:large, max-video-preview:-1\" \/>\n<link rel=\"canonical\" href=\"https:\/\/carpathiacenter.ro\/en\/premierul-ilie-bolojan-antreprenorii-sunt-coloana-vertebrala-a-economiei-romanesti\/\" \/>\n<meta property=\"og:locale\" content=\"en_GB\" \/>\n<meta property=\"og:type\" content=\"article\" \/>\n<meta property=\"og:title\" content=\"Premierul Ilie Bolojan: Antreprenorii sunt coloana vertebral\u0103 a economiei rom\u00e2ne\u0219ti - Carpathia Center Romania\" \/>\n<meta property=\"og:description\" content=\"Premierul Ilie Bolojan consider\u0103 c\u0103 antreprenorii sunt coloana vertebral\u0103 a economiei rom\u00e2ne\u0219ti, un exemplu \u00een acest sens fiind compania Unicarm din Satu Mare, pe care a vizitat-o recent. &#8216;Am un mare respect pentru antreprenorii care, prin munca \u0219i priceperea lor, reu\u0219esc s\u0103 dezvolte afaceri, s\u0103 ofere locuri de munc\u0103 \u0219i s\u0103 pl\u0103teasc\u0103 corect taxele \u0219i...\" \/>\n<meta property=\"og:url\" content=\"https:\/\/carpathiacenter.ro\/en\/premierul-ilie-bolojan-antreprenorii-sunt-coloana-vertebrala-a-economiei-romanesti\/\" \/>\n<meta property=\"og:site_name\" content=\"Carpathia Center Romania\" \/>\n<meta property=\"article:publisher\" content=\"https:\/\/www.facebook.com\/fdpscarpathia\/\" \/>\n<meta property=\"article:published_time\" content=\"2025-10-27T08:52:08+00:00\" \/>\n<meta property=\"og:image\" content=\"https:\/\/carpathiacenter.ro\/wp-content\/uploads\/2025\/10\/Ilie_Bolojan.jpg\" \/>\n\t<meta property=\"og:image:width\" content=\"1600\" \/>\n\t<meta property=\"og:image:height\" content=\"1197\" \/>\n\t<meta property=\"og:image:type\" content=\"image\/jpeg\" \/>\n<meta name=\"author\" content=\"creativebitsolutions\" \/>\n<meta name=\"twitter:card\" content=\"summary_large_image\" \/>\n<meta name=\"twitter:label1\" content=\"Written by\" \/>\n\t<meta name=\"twitter:data1\" content=\"creativebitsolutions\" \/>\n\t<meta name=\"twitter:label2\" content=\"Estimated reading time\" \/>\n\t<meta name=\"twitter:data2\" content=\"2 minutes\" \/>\n<script type=\"application\/ld+json\" class=\"yoast-schema-graph\">{\"@context\":\"https:\/\/schema.org\",\"@graph\":[{\"@type\":\"Article\",\"@id\":\"https:\/\/carpathiacenter.ro\/premierul-ilie-bolojan-antreprenorii-sunt-coloana-vertebrala-a-economiei-romanesti\/#article\",\"isPartOf\":{\"@id\":\"https:\/\/carpathiacenter.ro\/premierul-ilie-bolojan-antreprenorii-sunt-coloana-vertebrala-a-economiei-romanesti\/\"},\"author\":{\"name\":\"creativebitsolutions\",\"@id\":\"https:\/\/carpathiacenter.ro\/#\/schema\/person\/03d9f58202fee8379268f34afa195006\"},\"headline\":\"Premierul Ilie Bolojan: Antreprenorii sunt coloana vertebral\u0103 a economiei rom\u00e2ne\u0219ti\",\"datePublished\":\"2025-10-27T08:52:08+00:00\",\"mainEntityOfPage\":{\"@id\":\"https:\/\/carpathiacenter.ro\/premierul-ilie-bolojan-antreprenorii-sunt-coloana-vertebrala-a-economiei-romanesti\/\"},\"wordCount\":246,\"commentCount\":0,\"publisher\":{\"@id\":\"https:\/\/carpathiacenter.ro\/#organization\"},\"image\":{\"@id\":\"https:\/\/carpathiacenter.ro\/premierul-ilie-bolojan-antreprenorii-sunt-coloana-vertebrala-a-economiei-romanesti\/#primaryimage\"},\"thumbnailUrl\":\"https:\/\/carpathiacenter.ro\/wp-content\/uploads\/2025\/10\/Ilie_Bolojan.jpg\",\"articleSection\":[\"Uncategorized\"],\"inLanguage\":\"en-GB\",\"potentialAction\":[{\"@type\":\"CommentAction\",\"name\":\"Comment\",\"target\":[\"https:\/\/carpathiacenter.ro\/premierul-ilie-bolojan-antreprenorii-sunt-coloana-vertebrala-a-economiei-romanesti\/#respond\"]}]},{\"@type\":\"WebPage\",\"@id\":\"https:\/\/carpathiacenter.ro\/premierul-ilie-bolojan-antreprenorii-sunt-coloana-vertebrala-a-economiei-romanesti\/\",\"url\":\"https:\/\/carpathiacenter.ro\/premierul-ilie-bolojan-antreprenorii-sunt-coloana-vertebrala-a-economiei-romanesti\/\",\"name\":\"Premierul Ilie Bolojan: Antreprenorii sunt coloana vertebral\u0103 a economiei rom\u00e2ne\u0219ti - Carpathia Center Romania\",\"isPartOf\":{\"@id\":\"https:\/\/carpathiacenter.ro\/#website\"},\"primaryImageOfPage\":{\"@id\":\"https:\/\/carpathiacenter.ro\/premierul-ilie-bolojan-antreprenorii-sunt-coloana-vertebrala-a-economiei-romanesti\/#primaryimage\"},\"image\":{\"@id\":\"https:\/\/carpathiacenter.ro\/premierul-ilie-bolojan-antreprenorii-sunt-coloana-vertebrala-a-economiei-romanesti\/#primaryimage\"},\"thumbnailUrl\":\"https:\/\/carpathiacenter.ro\/wp-content\/uploads\/2025\/10\/Ilie_Bolojan.jpg\",\"datePublished\":\"2025-10-27T08:52:08+00:00\",\"breadcrumb\":{\"@id\":\"https:\/\/carpathiacenter.ro\/premierul-ilie-bolojan-antreprenorii-sunt-coloana-vertebrala-a-economiei-romanesti\/#breadcrumb\"},\"inLanguage\":\"en-GB\",\"potentialAction\":[{\"@type\":\"ReadAction\",\"target\":[\"https:\/\/carpathiacenter.ro\/premierul-ilie-bolojan-antreprenorii-sunt-coloana-vertebrala-a-economiei-romanesti\/\"]}]},{\"@type\":\"ImageObject\",\"inLanguage\":\"en-GB\",\"@id\":\"https:\/\/carpathiacenter.ro\/premierul-ilie-bolojan-antreprenorii-sunt-coloana-vertebrala-a-economiei-romanesti\/#primaryimage\",\"url\":\"https:\/\/carpathiacenter.ro\/wp-content\/uploads\/2025\/10\/Ilie_Bolojan.jpg\",\"contentUrl\":\"https:\/\/carpathiacenter.ro\/wp-content\/uploads\/2025\/10\/Ilie_Bolojan.jpg\",\"width\":1600,\"height\":1197},{\"@type\":\"BreadcrumbList\",\"@id\":\"https:\/\/carpathiacenter.ro\/premierul-ilie-bolojan-antreprenorii-sunt-coloana-vertebrala-a-economiei-romanesti\/#breadcrumb\",\"itemListElement\":[{\"@type\":\"ListItem\",\"position\":1,\"name\":\"Prima pagin\u0103\",\"item\":\"https:\/\/carpathiacenter.ro\/\"},{\"@type\":\"ListItem\",\"position\":2,\"name\":\"Premierul Ilie Bolojan: Antreprenorii sunt coloana vertebral\u0103 a economiei rom\u00e2ne\u0219ti\"}]},{\"@type\":\"WebSite\",\"@id\":\"https:\/\/carpathiacenter.ro\/#website\",\"url\":\"https:\/\/carpathiacenter.ro\/\",\"name\":\"Carpathia Center Romania\",\"description\":\"Impossible made possible!\",\"publisher\":{\"@id\":\"https:\/\/carpathiacenter.ro\/#organization\"},\"potentialAction\":[{\"@type\":\"SearchAction\",\"target\":{\"@type\":\"EntryPoint\",\"urlTemplate\":\"https:\/\/carpathiacenter.ro\/?s={search_term_string}\"},\"query-input\":{\"@type\":\"PropertyValueSpecification\",\"valueRequired\":true,\"valueName\":\"search_term_string\"}}],\"inLanguage\":\"en-GB\"},{\"@type\":\"Organization\",\"@id\":\"https:\/\/carpathiacenter.ro\/#organization\",\"name\":\"Carpathia Center Romania\",\"url\":\"https:\/\/carpathiacenter.ro\/\",\"logo\":{\"@type\":\"ImageObject\",\"inLanguage\":\"en-GB\",\"@id\":\"https:\/\/carpathiacenter.ro\/#\/schema\/logo\/image\/\",\"url\":\"https:\/\/carpathiacenter.ro\/wp-content\/uploads\/2024\/07\/logo-carpathia_bg_white-1024x941.png\",\"contentUrl\":\"https:\/\/carpathiacenter.ro\/wp-content\/uploads\/2024\/07\/logo-carpathia_bg_white-1024x941.png\",\"width\":1024,\"height\":941,\"caption\":\"Carpathia Center Romania\"},\"image\":{\"@id\":\"https:\/\/carpathiacenter.ro\/#\/schema\/logo\/image\/\"},\"sameAs\":[\"https:\/\/www.facebook.com\/fdpscarpathia\/\"]},{\"@type\":\"Person\",\"@id\":\"https:\/\/carpathiacenter.ro\/#\/schema\/person\/03d9f58202fee8379268f34afa195006\",\"name\":\"creativebitsolutions\",\"image\":{\"@type\":\"ImageObject\",\"inLanguage\":\"en-GB\",\"@id\":\"https:\/\/carpathiacenter.ro\/#\/schema\/person\/image\/\",\"url\":\"https:\/\/secure.gravatar.com\/avatar\/1b1a13e37f847c635dab78348f1dff2f07651ee2a3d77a5c355a4b8c75f9165a?s=96&d=mm&r=g\",\"contentUrl\":\"https:\/\/secure.gravatar.com\/avatar\/1b1a13e37f847c635dab78348f1dff2f07651ee2a3d77a5c355a4b8c75f9165a?s=96&d=mm&r=g\",\"caption\":\"creativebitsolutions\"},\"url\":\"https:\/\/carpathiacenter.ro\/en\/author\/creativebitsolutions\/\"}]}<\/script>\n<!-- \/ Yoast SEO plugin. -->","yoast_head_json":{"title":"Premierul Ilie Bolojan: Antreprenorii sunt coloana vertebral\u0103 a economiei rom\u00e2ne\u0219ti - Carpathia Center Romania","robots":{"index":"index","follow":"follow","max-snippet":"max-snippet:-1","max-image-preview":"max-image-preview:large","max-video-preview":"max-video-preview:-1"},"canonical":"https:\/\/carpathiacenter.ro\/en\/premierul-ilie-bolojan-antreprenorii-sunt-coloana-vertebrala-a-economiei-romanesti\/","og_locale":"en_GB","og_type":"article","og_title":"Premierul Ilie Bolojan: Antreprenorii sunt coloana vertebral\u0103 a economiei rom\u00e2ne\u0219ti - Carpathia Center Romania","og_description":"Premierul Ilie Bolojan consider\u0103 c\u0103 antreprenorii sunt coloana vertebral\u0103 a economiei rom\u00e2ne\u0219ti, un exemplu \u00een acest sens fiind compania Unicarm din Satu Mare, pe care a vizitat-o recent. &#8216;Am un mare respect pentru antreprenorii care, prin munca \u0219i priceperea lor, reu\u0219esc s\u0103 dezvolte afaceri, s\u0103 ofere locuri de munc\u0103 \u0219i s\u0103 pl\u0103teasc\u0103 corect taxele \u0219i...","og_url":"https:\/\/carpathiacenter.ro\/en\/premierul-ilie-bolojan-antreprenorii-sunt-coloana-vertebrala-a-economiei-romanesti\/","og_site_name":"Carpathia Center Romania","article_publisher":"https:\/\/www.facebook.com\/fdpscarpathia\/","article_published_time":"2025-10-27T08:52:08+00:00","og_image":[{"width":1600,"height":1197,"url":"https:\/\/carpathiacenter.ro\/wp-content\/uploads\/2025\/10\/Ilie_Bolojan.jpg","type":"image\/jpeg"}],"author":"creativebitsolutions","twitter_card":"summary_large_image","twitter_misc":{"Written by":"creativebitsolutions","Estimated reading time":"2 minutes"},"schema":{"@context":"https:\/\/schema.org","@graph":[{"@type":"Article","@id":"https:\/\/carpathiacenter.ro\/premierul-ilie-bolojan-antreprenorii-sunt-coloana-vertebrala-a-economiei-romanesti\/#article","isPartOf":{"@id":"https:\/\/carpathiacenter.ro\/premierul-ilie-bolojan-antreprenorii-sunt-coloana-vertebrala-a-economiei-romanesti\/"},"author":{"name":"creativebitsolutions","@id":"https:\/\/carpathiacenter.ro\/#\/schema\/person\/03d9f58202fee8379268f34afa195006"},"headline":"Premierul Ilie Bolojan: Antreprenorii sunt coloana vertebral\u0103 a economiei rom\u00e2ne\u0219ti","datePublished":"2025-10-27T08:52:08+00:00","mainEntityOfPage":{"@id":"https:\/\/carpathiacenter.ro\/premierul-ilie-bolojan-antreprenorii-sunt-coloana-vertebrala-a-economiei-romanesti\/"},"wordCount":246,"commentCount":0,"publisher":{"@id":"https:\/\/carpathiacenter.ro\/#organization"},"image":{"@id":"https:\/\/carpathiacenter.ro\/premierul-ilie-bolojan-antreprenorii-sunt-coloana-vertebrala-a-economiei-romanesti\/#primaryimage"},"thumbnailUrl":"https:\/\/carpathiacenter.ro\/wp-content\/uploads\/2025\/10\/Ilie_Bolojan.jpg","articleSection":["Uncategorized"],"inLanguage":"en-GB","potentialAction":[{"@type":"CommentAction","name":"Comment","target":["https:\/\/carpathiacenter.ro\/premierul-ilie-bolojan-antreprenorii-sunt-coloana-vertebrala-a-economiei-romanesti\/#respond"]}]},{"@type":"WebPage","@id":"https:\/\/carpathiacenter.ro\/premierul-ilie-bolojan-antreprenorii-sunt-coloana-vertebrala-a-economiei-romanesti\/","url":"https:\/\/carpathiacenter.ro\/premierul-ilie-bolojan-antreprenorii-sunt-coloana-vertebrala-a-economiei-romanesti\/","name":"Premierul Ilie Bolojan: Antreprenorii sunt coloana vertebral\u0103 a economiei rom\u00e2ne\u0219ti - Carpathia Center Romania","isPartOf":{"@id":"https:\/\/carpathiacenter.ro\/#website"},"primaryImageOfPage":{"@id":"https:\/\/carpathiacenter.ro\/premierul-ilie-bolojan-antreprenorii-sunt-coloana-vertebrala-a-economiei-romanesti\/#primaryimage"},"image":{"@id":"https:\/\/carpathiacenter.ro\/premierul-ilie-bolojan-antreprenorii-sunt-coloana-vertebrala-a-economiei-romanesti\/#primaryimage"},"thumbnailUrl":"https:\/\/carpathiacenter.ro\/wp-content\/uploads\/2025\/10\/Ilie_Bolojan.jpg","datePublished":"2025-10-27T08:52:08+00:00","breadcrumb":{"@id":"https:\/\/carpathiacenter.ro\/premierul-ilie-bolojan-antreprenorii-sunt-coloana-vertebrala-a-economiei-romanesti\/#breadcrumb"},"inLanguage":"en-GB","potentialAction":[{"@type":"ReadAction","target":["https:\/\/carpathiacenter.ro\/premierul-ilie-bolojan-antreprenorii-sunt-coloana-vertebrala-a-economiei-romanesti\/"]}]},{"@type":"ImageObject","inLanguage":"en-GB","@id":"https:\/\/carpathiacenter.ro\/premierul-ilie-bolojan-antreprenorii-sunt-coloana-vertebrala-a-economiei-romanesti\/#primaryimage","url":"https:\/\/carpathiacenter.ro\/wp-content\/uploads\/2025\/10\/Ilie_Bolojan.jpg","contentUrl":"https:\/\/carpathiacenter.ro\/wp-content\/uploads\/2025\/10\/Ilie_Bolojan.jpg","width":1600,"height":1197},{"@type":"BreadcrumbList","@id":"https:\/\/carpathiacenter.ro\/premierul-ilie-bolojan-antreprenorii-sunt-coloana-vertebrala-a-economiei-romanesti\/#breadcrumb","itemListElement":[{"@type":"ListItem","position":1,"name":"Prima pagin\u0103","item":"https:\/\/carpathiacenter.ro\/"},{"@type":"ListItem","position":2,"name":"Premierul Ilie Bolojan: Antreprenorii sunt coloana vertebral\u0103 a economiei rom\u00e2ne\u0219ti"}]},{"@type":"WebSite","@id":"https:\/\/carpathiacenter.ro\/#website","url":"https:\/\/carpathiacenter.ro\/","name":"Carpathia Center Romania","description":"Impossible made possible!","publisher":{"@id":"https:\/\/carpathiacenter.ro\/#organization"},"potentialAction":[{"@type":"SearchAction","target":{"@type":"EntryPoint","urlTemplate":"https:\/\/carpathiacenter.ro\/?s={search_term_string}"},"query-input":{"@type":"PropertyValueSpecification","valueRequired":true,"valueName":"search_term_string"}}],"inLanguage":"en-GB"},{"@type":"Organization","@id":"https:\/\/carpathiacenter.ro\/#organization","name":"Carpathia Center Romania","url":"https:\/\/carpathiacenter.ro\/","logo":{"@type":"ImageObject","inLanguage":"en-GB","@id":"https:\/\/carpathiacenter.ro\/#\/schema\/logo\/image\/","url":"https:\/\/carpathiacenter.ro\/wp-content\/uploads\/2024\/07\/logo-carpathia_bg_white-1024x941.png","contentUrl":"https:\/\/carpathiacenter.ro\/wp-content\/uploads\/2024\/07\/logo-carpathia_bg_white-1024x941.png","width":1024,"height":941,"caption":"Carpathia Center Romania"},"image":{"@id":"https:\/\/carpathiacenter.ro\/#\/schema\/logo\/image\/"},"sameAs":["https:\/\/www.facebook.com\/fdpscarpathia\/"]},{"@type":"Person","@id":"https:\/\/carpathiacenter.ro\/#\/schema\/person\/03d9f58202fee8379268f34afa195006","name":"creativebitsolutions","image":{"@type":"ImageObject","inLanguage":"en-GB","@id":"https:\/\/carpathiacenter.ro\/#\/schema\/person\/image\/","url":"https:\/\/secure.gravatar.com\/avatar\/1b1a13e37f847c635dab78348f1dff2f07651ee2a3d77a5c355a4b8c75f9165a?s=96&d=mm&r=g","contentUrl":"https:\/\/secure.gravatar.com\/avatar\/1b1a13e37f847c635dab78348f1dff2f07651ee2a3d77a5c355a4b8c75f9165a?s=96&d=mm&r=g","caption":"creativebitsolutions"},"url":"https:\/\/carpathiacenter.ro\/en\/author\/creativebitsolutions\/"}]}},"_links":{"self":[{"href":"https:\/\/carpathiacenter.ro\/en\/wp-json\/wp\/v2\/posts\/3225","targetHints":{"allow":["GET"]}}],"collection":[{"href":"https:\/\/carpathiacenter.ro\/en\/wp-json\/wp\/v2\/posts"}],"about":[{"href":"https:\/\/carpathiacenter.ro\/en\/wp-json\/wp\/v2\/types\/post"}],"author":[{"embeddable":true,"href":"https:\/\/carpathiacenter.ro\/en\/wp-json\/wp\/v2\/users\/4"}],"replies":[{"embeddable":true,"href":"https:\/\/carpathiacenter.ro\/en\/wp-json\/wp\/v2\/comments?post=3225"}],"version-history":[{"count":2,"href":"https:\/\/carpathiacenter.ro\/en\/wp-json\/wp\/v2\/posts\/3225\/revisions"}],"predecessor-version":[{"id":3228,"href":"https:\/\/carpathiacenter.ro\/en\/wp-json\/wp\/v2\/posts\/3225\/revisions\/3228"}],"wp:featuredmedia":[{"embeddable":true,"href":"https:\/\/carpathiacenter.ro\/en\/wp-json\/wp\/v2\/media\/3226"}],"wp:attachment":[{"href":"https:\/\/carpathiacenter.ro\/en\/wp-json\/wp\/v2\/media?parent=3225"}],"wp:term":[{"taxonomy":"category","embeddable":true,"href":"https:\/\/carpathiacenter.ro\/en\/wp-json\/wp\/v2\/categories?post=3225"},{"taxonomy":"post_tag","embeddable":true,"href":"https:\/\/carpathiacenter.ro\/en\/wp-json\/wp\/v2\/tags?post=3225"}],"curies":[{"name":"wp","href":"https:\/\/api.w.org\/{rel}","templated":true}]}}