{"id":3220,"date":"2025-10-24T09:13:30","date_gmt":"2025-10-24T09:13:30","guid":{"rendered":"https:\/\/carpathiacenter.ro\/?p=3220"},"modified":"2025-10-24T09:13:30","modified_gmt":"2025-10-24T09:13:30","slug":"cifra-de-afaceri-din-comertul-cu-ridicata-in-crestere-cu-11-in-primele-opt-luni","status":"publish","type":"post","link":"https:\/\/carpathiacenter.ro\/en\/cifra-de-afaceri-din-comertul-cu-ridicata-in-crestere-cu-11-in-primele-opt-luni\/","title":{"rendered":"Cifra de afaceri din comer\u021bul cu ridicata, \u00een cre\u0219tere cu 1,1% \u00een primele opt luni"},"content":{"rendered":"<p><strong>Cifra de afaceri din comer\u021bul cu ridicata (cu excep\u021bia comer\u021bului cu autovehicule \u0219i motociclete) a crescut cu 1,1%, pe serie brut\u0103, \u00een primele opt luni ale acestui an, fa\u021b\u0103 de perioada similar\u0103 din 2024, potrivit <a href=\"https:\/\/insse.ro\/cms\/sites\/default\/files\/com_presa\/com_pdf\/comert_ridicata08r25.pdf\" target=\"_blank\">datelor<\/a> Institutului Na\u021bional de Statistic\u0103 (INS), publicate vineri.<\/strong><\/p>\n<p>Evolu\u021bia afacerilor \u00een perioada 1 ianuarie &#8211; 31 august 2025, pe serie brut\u0103, a fost generat\u0103 de cre\u0219terea activit\u0103\u021bilor de intermediere \u00een comer\u021bul cu ridicata (+10,3%), comer\u021bului cu ridicata nespecializat (+10,1%), comer\u021bului cu ridicata al altor ma\u0219ini, echipamente \u0219i furnituri (+8,5%), comer\u021bului cu ridicata al bunurilor de consum, altele dec\u00e2t cele alimentare (+5,7%) \u0219i comer\u021bului cu ridicata al echipamentului informatic \u0219i de telecomunica\u021bii (+0,7%).<\/p>\n<p>Pe de alt\u0103 parte, au fost consemnate sc\u0103deri \u00een comer\u021bul cu ridicata al produselor agricole brute \u0219i al animalelor vii (-10,7%), comer\u021bul cu ridicata specializat al altor produse (-3,5%) \u0219i comer\u021bul cu ridicata al produselor alimentare, al b\u0103uturilor \u0219i al tutunului (-1,5%).<\/p>\n<p>Cifra de afaceri din comer\u021bul cu ridicata, serie ajustat\u0103 \u00een func\u021bie de num\u0103rul de zile lucr\u0103toare \u0219i de sezonalitate, \u00een perioada men\u021bionat\u0103, a crescut pe ansamblu, cu 0,3%.<\/p>\n<p>\u00cen august 2025, comparativ cu luna anterioar\u0103, cifra de afaceri din comer\u021bul cu ridicata, serie brut\u0103, a sc\u0103zut pe ansamblu, cu 14,3%, ca urmare a sc\u0103derilor cifrei de afaceri din comer\u021bul cu ridicata nespecializat (-23,3%), comer\u021bul cu ridicata al altor ma\u0219ini, echipamente \u0219i furnituri (-21,6%), comer\u021bul cu ridicata al echipamentului informatic \u0219i de telecomunica\u021bii (-17,1%), comer\u021bul cu ridicata specializat al altor produse (-16,6%), activit\u0103\u021bile de intermediere \u00een comer\u021bul cu ridicata (-15,4%), comer\u021bul cu ridicata al produselor agricole brute \u0219i al animalelor vii (-13,9%), comer\u021bul cu ridicata al bunurilor de consum, altele dec\u00e2t cele alimentare (-10,6%) \u0219i din comer\u021bul cu ridicata al produselor alimentare, al b\u0103uturilor \u0219i al tutunului (-6,9%).<\/p>\n<p>Pe serie ajustat\u0103, cifra de afaceri din comer\u021bul cu ridicata a sc\u0103zut, pe ansamblu, cu cu 3,3%, \u00een luna august comparativ cu luna precedent\u0103.<\/p>\n<p>\u00cen ritm anual, \u00een luna august a acestui an, cifra de afaceri din comer\u021bul cu ridicata a crescut, pe ansamblu, cu 1%, datorit\u0103 cre\u0219terilor comer\u021bului cu ridicata al produselor agricole brute \u0219i al animalelor vii (+38,5%), comer\u021bului cu ridicata al altor ma\u0219ini, echipamente \u0219i furnituri (+8,8%), activit\u0103\u021bilor de intermediere \u00een comer\u021bul cu ridicata (+2,2%) \u0219i comer\u021bului cu ridicata nespecializat (+1,4%).<\/p>\n<p>Potrivit INS, sc\u0103deri au \u00eenregistrat: comer\u021bul cu ridicata al echipamentului informatic \u0219i de telecomunica\u021bii (-11,3%), comer\u021bul cu ridicata specializat al altor produse (-8,6%), comer\u021bul cu ridicata al produselor alimentare, al b\u0103uturilor \u0219i al tutunului (-8,0%) \u0219i comer\u021bul cu ridicata al bunurilor de consum, altele dec\u00e2t cele alimentare (-0,9%).<\/p>\n<p>Pe serie ajustat\u0103, \u00een luna august 2025, comparativ cu august 2024, cifra de afaceri din comer\u021bul cu ridicata a crescut pe ansamblu, cu 3,8%. AGERPRES\/(AS &#8211; redactor: Nicoleta B\u0103nciulea, editor: Mariana Nica, editor online: Gabriela Badea)&nbsp;<br \/>\n<br \/>\nSursa articolului:  <a href=\"https:\/\/agerpres.ro\/economic\/2025\/10\/24\/cifra-de-afaceri-din-comertul-cu-ridicata-in-crestere-cu-1-1-in-primele-opt-luni--1496658\" target=\"_blank\" rel=\"noopener\" title=\"\">https:\/\/agerpres.ro\/economic\/2025\/10\/24\/cifra-de-afaceri-din-comertul-cu-ridicata-in-crestere-cu-1-1-in-primele-opt-luni&#8211;1496658<\/a><\/p>","protected":false},"excerpt":{"rendered":"<p>Cifra de afaceri din comer\u021bul cu ridicata (cu excep\u021bia comer\u021bului cu autovehicule \u0219i motociclete) a crescut cu 1,1%, pe serie brut\u0103, \u00een primele opt luni ale acestui an, fa\u021b\u0103 de perioada similar\u0103 din 2024, potrivit datelor Institutului Na\u021bional de Statistic\u0103 (INS), publicate vineri. Evolu\u021bia afacerilor \u00een perioada 1 ianuarie &#8211; 31 august 2025, pe serie&#8230;<\/p>","protected":false},"author":4,"featured_media":1736,"comment_status":"open","ping_status":"open","sticky":false,"template":"","format":"standard","meta":{"footnotes":""},"categories":[1],"tags":[],"class_list":["post-3220","post","type-post","status-publish","format-standard","has-post-thumbnail","hentry","category-uncategorized"],"yoast_head":"<!-- This site is optimized with the Yoast SEO plugin v26.1.1 - https:\/\/yoast.com\/wordpress\/plugins\/seo\/ -->\n<title>Cifra de afaceri din comer\u021bul cu ridicata, \u00een cre\u0219tere cu 1,1% \u00een primele opt luni - Carpathia Center Romania<\/title>\n<meta name=\"robots\" content=\"index, follow, max-snippet:-1, max-image-preview:large, max-video-preview:-1\" \/>\n<link rel=\"canonical\" href=\"https:\/\/carpathiacenter.ro\/en\/cifra-de-afaceri-din-comertul-cu-ridicata-in-crestere-cu-11-in-primele-opt-luni\/\" \/>\n<meta property=\"og:locale\" content=\"en_GB\" \/>\n<meta property=\"og:type\" content=\"article\" \/>\n<meta property=\"og:title\" content=\"Cifra de afaceri din comer\u021bul cu ridicata, \u00een cre\u0219tere cu 1,1% \u00een primele opt luni - Carpathia Center Romania\" \/>\n<meta property=\"og:description\" content=\"Cifra de afaceri din comer\u021bul cu ridicata (cu excep\u021bia comer\u021bului cu autovehicule \u0219i motociclete) a crescut cu 1,1%, pe serie brut\u0103, \u00een primele opt luni ale acestui an, fa\u021b\u0103 de perioada similar\u0103 din 2024, potrivit datelor Institutului Na\u021bional de Statistic\u0103 (INS), publicate vineri. Evolu\u021bia afacerilor \u00een perioada 1 ianuarie &#8211; 31 august 2025, pe serie...\" \/>\n<meta property=\"og:url\" content=\"https:\/\/carpathiacenter.ro\/en\/cifra-de-afaceri-din-comertul-cu-ridicata-in-crestere-cu-11-in-primele-opt-luni\/\" \/>\n<meta property=\"og:site_name\" content=\"Carpathia Center Romania\" \/>\n<meta property=\"article:publisher\" content=\"https:\/\/www.facebook.com\/fdpscarpathia\/\" \/>\n<meta property=\"article:published_time\" content=\"2025-10-24T09:13:30+00:00\" \/>\n<meta property=\"og:image\" content=\"https:\/\/carpathiacenter.ro\/wp-content\/uploads\/2025\/01\/institutul-national-de-statistica.jpg\" \/>\n\t<meta property=\"og:image:width\" content=\"600\" \/>\n\t<meta property=\"og:image:height\" content=\"400\" \/>\n\t<meta property=\"og:image:type\" content=\"image\/jpeg\" \/>\n<meta name=\"author\" content=\"creativebitsolutions\" \/>\n<meta name=\"twitter:card\" content=\"summary_large_image\" \/>\n<meta name=\"twitter:label1\" content=\"Written by\" \/>\n\t<meta name=\"twitter:data1\" content=\"creativebitsolutions\" \/>\n\t<meta name=\"twitter:label2\" content=\"Estimated reading time\" \/>\n\t<meta name=\"twitter:data2\" content=\"1 minute\" \/>\n<script type=\"application\/ld+json\" class=\"yoast-schema-graph\">{\"@context\":\"https:\/\/schema.org\",\"@graph\":[{\"@type\":\"Article\",\"@id\":\"https:\/\/carpathiacenter.ro\/cifra-de-afaceri-din-comertul-cu-ridicata-in-crestere-cu-11-in-primele-opt-luni\/#article\",\"isPartOf\":{\"@id\":\"https:\/\/carpathiacenter.ro\/cifra-de-afaceri-din-comertul-cu-ridicata-in-crestere-cu-11-in-primele-opt-luni\/\"},\"author\":{\"name\":\"creativebitsolutions\",\"@id\":\"https:\/\/carpathiacenter.ro\/#\/schema\/person\/03d9f58202fee8379268f34afa195006\"},\"headline\":\"Cifra de afaceri din comer\u021bul cu ridicata, \u00een cre\u0219tere cu 1,1% \u00een primele opt luni\",\"datePublished\":\"2025-10-24T09:13:30+00:00\",\"mainEntityOfPage\":{\"@id\":\"https:\/\/carpathiacenter.ro\/cifra-de-afaceri-din-comertul-cu-ridicata-in-crestere-cu-11-in-primele-opt-luni\/\"},\"wordCount\":520,\"commentCount\":0,\"publisher\":{\"@id\":\"https:\/\/carpathiacenter.ro\/#organization\"},\"image\":{\"@id\":\"https:\/\/carpathiacenter.ro\/cifra-de-afaceri-din-comertul-cu-ridicata-in-crestere-cu-11-in-primele-opt-luni\/#primaryimage\"},\"thumbnailUrl\":\"https:\/\/carpathiacenter.ro\/wp-content\/uploads\/2025\/01\/institutul-national-de-statistica.jpg\",\"articleSection\":[\"Uncategorized\"],\"inLanguage\":\"en-GB\",\"potentialAction\":[{\"@type\":\"CommentAction\",\"name\":\"Comment\",\"target\":[\"https:\/\/carpathiacenter.ro\/cifra-de-afaceri-din-comertul-cu-ridicata-in-crestere-cu-11-in-primele-opt-luni\/#respond\"]}]},{\"@type\":\"WebPage\",\"@id\":\"https:\/\/carpathiacenter.ro\/cifra-de-afaceri-din-comertul-cu-ridicata-in-crestere-cu-11-in-primele-opt-luni\/\",\"url\":\"https:\/\/carpathiacenter.ro\/cifra-de-afaceri-din-comertul-cu-ridicata-in-crestere-cu-11-in-primele-opt-luni\/\",\"name\":\"Cifra de afaceri din comer\u021bul cu ridicata, \u00een cre\u0219tere cu 1,1% \u00een primele opt luni - Carpathia Center Romania\",\"isPartOf\":{\"@id\":\"https:\/\/carpathiacenter.ro\/#website\"},\"primaryImageOfPage\":{\"@id\":\"https:\/\/carpathiacenter.ro\/cifra-de-afaceri-din-comertul-cu-ridicata-in-crestere-cu-11-in-primele-opt-luni\/#primaryimage\"},\"image\":{\"@id\":\"https:\/\/carpathiacenter.ro\/cifra-de-afaceri-din-comertul-cu-ridicata-in-crestere-cu-11-in-primele-opt-luni\/#primaryimage\"},\"thumbnailUrl\":\"https:\/\/carpathiacenter.ro\/wp-content\/uploads\/2025\/01\/institutul-national-de-statistica.jpg\",\"datePublished\":\"2025-10-24T09:13:30+00:00\",\"breadcrumb\":{\"@id\":\"https:\/\/carpathiacenter.ro\/cifra-de-afaceri-din-comertul-cu-ridicata-in-crestere-cu-11-in-primele-opt-luni\/#breadcrumb\"},\"inLanguage\":\"en-GB\",\"potentialAction\":[{\"@type\":\"ReadAction\",\"target\":[\"https:\/\/carpathiacenter.ro\/cifra-de-afaceri-din-comertul-cu-ridicata-in-crestere-cu-11-in-primele-opt-luni\/\"]}]},{\"@type\":\"ImageObject\",\"inLanguage\":\"en-GB\",\"@id\":\"https:\/\/carpathiacenter.ro\/cifra-de-afaceri-din-comertul-cu-ridicata-in-crestere-cu-11-in-primele-opt-luni\/#primaryimage\",\"url\":\"https:\/\/carpathiacenter.ro\/wp-content\/uploads\/2025\/01\/institutul-national-de-statistica.jpg\",\"contentUrl\":\"https:\/\/carpathiacenter.ro\/wp-content\/uploads\/2025\/01\/institutul-national-de-statistica.jpg\",\"width\":600,\"height\":400},{\"@type\":\"BreadcrumbList\",\"@id\":\"https:\/\/carpathiacenter.ro\/cifra-de-afaceri-din-comertul-cu-ridicata-in-crestere-cu-11-in-primele-opt-luni\/#breadcrumb\",\"itemListElement\":[{\"@type\":\"ListItem\",\"position\":1,\"name\":\"Prima pagin\u0103\",\"item\":\"https:\/\/carpathiacenter.ro\/\"},{\"@type\":\"ListItem\",\"position\":2,\"name\":\"Cifra de afaceri din comer\u021bul cu ridicata, \u00een cre\u0219tere cu 1,1% \u00een primele opt luni\"}]},{\"@type\":\"WebSite\",\"@id\":\"https:\/\/carpathiacenter.ro\/#website\",\"url\":\"https:\/\/carpathiacenter.ro\/\",\"name\":\"Carpathia Center Romania\",\"description\":\"Impossible made possible!\",\"publisher\":{\"@id\":\"https:\/\/carpathiacenter.ro\/#organization\"},\"potentialAction\":[{\"@type\":\"SearchAction\",\"target\":{\"@type\":\"EntryPoint\",\"urlTemplate\":\"https:\/\/carpathiacenter.ro\/?s={search_term_string}\"},\"query-input\":{\"@type\":\"PropertyValueSpecification\",\"valueRequired\":true,\"valueName\":\"search_term_string\"}}],\"inLanguage\":\"en-GB\"},{\"@type\":\"Organization\",\"@id\":\"https:\/\/carpathiacenter.ro\/#organization\",\"name\":\"Carpathia Center Romania\",\"url\":\"https:\/\/carpathiacenter.ro\/\",\"logo\":{\"@type\":\"ImageObject\",\"inLanguage\":\"en-GB\",\"@id\":\"https:\/\/carpathiacenter.ro\/#\/schema\/logo\/image\/\",\"url\":\"https:\/\/carpathiacenter.ro\/wp-content\/uploads\/2024\/07\/logo-carpathia_bg_white-1024x941.png\",\"contentUrl\":\"https:\/\/carpathiacenter.ro\/wp-content\/uploads\/2024\/07\/logo-carpathia_bg_white-1024x941.png\",\"width\":1024,\"height\":941,\"caption\":\"Carpathia Center Romania\"},\"image\":{\"@id\":\"https:\/\/carpathiacenter.ro\/#\/schema\/logo\/image\/\"},\"sameAs\":[\"https:\/\/www.facebook.com\/fdpscarpathia\/\"]},{\"@type\":\"Person\",\"@id\":\"https:\/\/carpathiacenter.ro\/#\/schema\/person\/03d9f58202fee8379268f34afa195006\",\"name\":\"creativebitsolutions\",\"image\":{\"@type\":\"ImageObject\",\"inLanguage\":\"en-GB\",\"@id\":\"https:\/\/carpathiacenter.ro\/#\/schema\/person\/image\/\",\"url\":\"https:\/\/secure.gravatar.com\/avatar\/1b1a13e37f847c635dab78348f1dff2f07651ee2a3d77a5c355a4b8c75f9165a?s=96&d=mm&r=g\",\"contentUrl\":\"https:\/\/secure.gravatar.com\/avatar\/1b1a13e37f847c635dab78348f1dff2f07651ee2a3d77a5c355a4b8c75f9165a?s=96&d=mm&r=g\",\"caption\":\"creativebitsolutions\"},\"url\":\"https:\/\/carpathiacenter.ro\/en\/author\/creativebitsolutions\/\"}]}<\/script>\n<!-- \/ Yoast SEO plugin. -->","yoast_head_json":{"title":"Cifra de afaceri din comer\u021bul cu ridicata, \u00een cre\u0219tere cu 1,1% \u00een primele opt luni - Carpathia Center Romania","robots":{"index":"index","follow":"follow","max-snippet":"max-snippet:-1","max-image-preview":"max-image-preview:large","max-video-preview":"max-video-preview:-1"},"canonical":"https:\/\/carpathiacenter.ro\/en\/cifra-de-afaceri-din-comertul-cu-ridicata-in-crestere-cu-11-in-primele-opt-luni\/","og_locale":"en_GB","og_type":"article","og_title":"Cifra de afaceri din comer\u021bul cu ridicata, \u00een cre\u0219tere cu 1,1% \u00een primele opt luni - Carpathia Center Romania","og_description":"Cifra de afaceri din comer\u021bul cu ridicata (cu excep\u021bia comer\u021bului cu autovehicule \u0219i motociclete) a crescut cu 1,1%, pe serie brut\u0103, \u00een primele opt luni ale acestui an, fa\u021b\u0103 de perioada similar\u0103 din 2024, potrivit datelor Institutului Na\u021bional de Statistic\u0103 (INS), publicate vineri. Evolu\u021bia afacerilor \u00een perioada 1 ianuarie &#8211; 31 august 2025, pe serie...","og_url":"https:\/\/carpathiacenter.ro\/en\/cifra-de-afaceri-din-comertul-cu-ridicata-in-crestere-cu-11-in-primele-opt-luni\/","og_site_name":"Carpathia Center Romania","article_publisher":"https:\/\/www.facebook.com\/fdpscarpathia\/","article_published_time":"2025-10-24T09:13:30+00:00","og_image":[{"width":600,"height":400,"url":"https:\/\/carpathiacenter.ro\/wp-content\/uploads\/2025\/01\/institutul-national-de-statistica.jpg","type":"image\/jpeg"}],"author":"creativebitsolutions","twitter_card":"summary_large_image","twitter_misc":{"Written by":"creativebitsolutions","Estimated reading time":"1 minute"},"schema":{"@context":"https:\/\/schema.org","@graph":[{"@type":"Article","@id":"https:\/\/carpathiacenter.ro\/cifra-de-afaceri-din-comertul-cu-ridicata-in-crestere-cu-11-in-primele-opt-luni\/#article","isPartOf":{"@id":"https:\/\/carpathiacenter.ro\/cifra-de-afaceri-din-comertul-cu-ridicata-in-crestere-cu-11-in-primele-opt-luni\/"},"author":{"name":"creativebitsolutions","@id":"https:\/\/carpathiacenter.ro\/#\/schema\/person\/03d9f58202fee8379268f34afa195006"},"headline":"Cifra de afaceri din comer\u021bul cu ridicata, \u00een cre\u0219tere cu 1,1% \u00een primele opt luni","datePublished":"2025-10-24T09:13:30+00:00","mainEntityOfPage":{"@id":"https:\/\/carpathiacenter.ro\/cifra-de-afaceri-din-comertul-cu-ridicata-in-crestere-cu-11-in-primele-opt-luni\/"},"wordCount":520,"commentCount":0,"publisher":{"@id":"https:\/\/carpathiacenter.ro\/#organization"},"image":{"@id":"https:\/\/carpathiacenter.ro\/cifra-de-afaceri-din-comertul-cu-ridicata-in-crestere-cu-11-in-primele-opt-luni\/#primaryimage"},"thumbnailUrl":"https:\/\/carpathiacenter.ro\/wp-content\/uploads\/2025\/01\/institutul-national-de-statistica.jpg","articleSection":["Uncategorized"],"inLanguage":"en-GB","potentialAction":[{"@type":"CommentAction","name":"Comment","target":["https:\/\/carpathiacenter.ro\/cifra-de-afaceri-din-comertul-cu-ridicata-in-crestere-cu-11-in-primele-opt-luni\/#respond"]}]},{"@type":"WebPage","@id":"https:\/\/carpathiacenter.ro\/cifra-de-afaceri-din-comertul-cu-ridicata-in-crestere-cu-11-in-primele-opt-luni\/","url":"https:\/\/carpathiacenter.ro\/cifra-de-afaceri-din-comertul-cu-ridicata-in-crestere-cu-11-in-primele-opt-luni\/","name":"Cifra de afaceri din comer\u021bul cu ridicata, \u00een cre\u0219tere cu 1,1% \u00een primele opt luni - Carpathia Center Romania","isPartOf":{"@id":"https:\/\/carpathiacenter.ro\/#website"},"primaryImageOfPage":{"@id":"https:\/\/carpathiacenter.ro\/cifra-de-afaceri-din-comertul-cu-ridicata-in-crestere-cu-11-in-primele-opt-luni\/#primaryimage"},"image":{"@id":"https:\/\/carpathiacenter.ro\/cifra-de-afaceri-din-comertul-cu-ridicata-in-crestere-cu-11-in-primele-opt-luni\/#primaryimage"},"thumbnailUrl":"https:\/\/carpathiacenter.ro\/wp-content\/uploads\/2025\/01\/institutul-national-de-statistica.jpg","datePublished":"2025-10-24T09:13:30+00:00","breadcrumb":{"@id":"https:\/\/carpathiacenter.ro\/cifra-de-afaceri-din-comertul-cu-ridicata-in-crestere-cu-11-in-primele-opt-luni\/#breadcrumb"},"inLanguage":"en-GB","potentialAction":[{"@type":"ReadAction","target":["https:\/\/carpathiacenter.ro\/cifra-de-afaceri-din-comertul-cu-ridicata-in-crestere-cu-11-in-primele-opt-luni\/"]}]},{"@type":"ImageObject","inLanguage":"en-GB","@id":"https:\/\/carpathiacenter.ro\/cifra-de-afaceri-din-comertul-cu-ridicata-in-crestere-cu-11-in-primele-opt-luni\/#primaryimage","url":"https:\/\/carpathiacenter.ro\/wp-content\/uploads\/2025\/01\/institutul-national-de-statistica.jpg","contentUrl":"https:\/\/carpathiacenter.ro\/wp-content\/uploads\/2025\/01\/institutul-national-de-statistica.jpg","width":600,"height":400},{"@type":"BreadcrumbList","@id":"https:\/\/carpathiacenter.ro\/cifra-de-afaceri-din-comertul-cu-ridicata-in-crestere-cu-11-in-primele-opt-luni\/#breadcrumb","itemListElement":[{"@type":"ListItem","position":1,"name":"Prima pagin\u0103","item":"https:\/\/carpathiacenter.ro\/"},{"@type":"ListItem","position":2,"name":"Cifra de afaceri din comer\u021bul cu ridicata, \u00een cre\u0219tere cu 1,1% \u00een primele opt luni"}]},{"@type":"WebSite","@id":"https:\/\/carpathiacenter.ro\/#website","url":"https:\/\/carpathiacenter.ro\/","name":"Carpathia Center Romania","description":"Impossible made possible!","publisher":{"@id":"https:\/\/carpathiacenter.ro\/#organization"},"potentialAction":[{"@type":"SearchAction","target":{"@type":"EntryPoint","urlTemplate":"https:\/\/carpathiacenter.ro\/?s={search_term_string}"},"query-input":{"@type":"PropertyValueSpecification","valueRequired":true,"valueName":"search_term_string"}}],"inLanguage":"en-GB"},{"@type":"Organization","@id":"https:\/\/carpathiacenter.ro\/#organization","name":"Carpathia Center Romania","url":"https:\/\/carpathiacenter.ro\/","logo":{"@type":"ImageObject","inLanguage":"en-GB","@id":"https:\/\/carpathiacenter.ro\/#\/schema\/logo\/image\/","url":"https:\/\/carpathiacenter.ro\/wp-content\/uploads\/2024\/07\/logo-carpathia_bg_white-1024x941.png","contentUrl":"https:\/\/carpathiacenter.ro\/wp-content\/uploads\/2024\/07\/logo-carpathia_bg_white-1024x941.png","width":1024,"height":941,"caption":"Carpathia Center Romania"},"image":{"@id":"https:\/\/carpathiacenter.ro\/#\/schema\/logo\/image\/"},"sameAs":["https:\/\/www.facebook.com\/fdpscarpathia\/"]},{"@type":"Person","@id":"https:\/\/carpathiacenter.ro\/#\/schema\/person\/03d9f58202fee8379268f34afa195006","name":"creativebitsolutions","image":{"@type":"ImageObject","inLanguage":"en-GB","@id":"https:\/\/carpathiacenter.ro\/#\/schema\/person\/image\/","url":"https:\/\/secure.gravatar.com\/avatar\/1b1a13e37f847c635dab78348f1dff2f07651ee2a3d77a5c355a4b8c75f9165a?s=96&d=mm&r=g","contentUrl":"https:\/\/secure.gravatar.com\/avatar\/1b1a13e37f847c635dab78348f1dff2f07651ee2a3d77a5c355a4b8c75f9165a?s=96&d=mm&r=g","caption":"creativebitsolutions"},"url":"https:\/\/carpathiacenter.ro\/en\/author\/creativebitsolutions\/"}]}},"_links":{"self":[{"href":"https:\/\/carpathiacenter.ro\/en\/wp-json\/wp\/v2\/posts\/3220","targetHints":{"allow":["GET"]}}],"collection":[{"href":"https:\/\/carpathiacenter.ro\/en\/wp-json\/wp\/v2\/posts"}],"about":[{"href":"https:\/\/carpathiacenter.ro\/en\/wp-json\/wp\/v2\/types\/post"}],"author":[{"embeddable":true,"href":"https:\/\/carpathiacenter.ro\/en\/wp-json\/wp\/v2\/users\/4"}],"replies":[{"embeddable":true,"href":"https:\/\/carpathiacenter.ro\/en\/wp-json\/wp\/v2\/comments?post=3220"}],"version-history":[{"count":1,"href":"https:\/\/carpathiacenter.ro\/en\/wp-json\/wp\/v2\/posts\/3220\/revisions"}],"predecessor-version":[{"id":3221,"href":"https:\/\/carpathiacenter.ro\/en\/wp-json\/wp\/v2\/posts\/3220\/revisions\/3221"}],"wp:featuredmedia":[{"embeddable":true,"href":"https:\/\/carpathiacenter.ro\/en\/wp-json\/wp\/v2\/media\/1736"}],"wp:attachment":[{"href":"https:\/\/carpathiacenter.ro\/en\/wp-json\/wp\/v2\/media?parent=3220"}],"wp:term":[{"taxonomy":"category","embeddable":true,"href":"https:\/\/carpathiacenter.ro\/en\/wp-json\/wp\/v2\/categories?post=3220"},{"taxonomy":"post_tag","embeddable":true,"href":"https:\/\/carpathiacenter.ro\/en\/wp-json\/wp\/v2\/tags?post=3220"}],"curies":[{"name":"wp","href":"https:\/\/api.w.org\/{rel}","templated":true}]}}