{"id":3211,"date":"2025-10-23T07:18:03","date_gmt":"2025-10-23T07:18:03","guid":{"rendered":"https:\/\/carpathiacenter.ro\/?p=3211"},"modified":"2025-10-23T07:18:03","modified_gmt":"2025-10-23T07:18:03","slug":"planul-national-de-actiune-a-tinerilor-privind-schimbarile-climatice-se-lanseaza-joi","status":"publish","type":"post","link":"https:\/\/carpathiacenter.ro\/en\/planul-national-de-actiune-a-tinerilor-privind-schimbarile-climatice-se-lanseaza-joi\/","title":{"rendered":"Planul Na\u021bional de Ac\u021biune a Tinerilor privind Schimb\u0103rile Climatice se lanseaz\u0103 joi"},"content":{"rendered":"<p>Ministra Mediului, Apelor \u0219i P\u0103durilor, Diana Buzoianu, particip\u0103 joi la evenimentul de lansare a Planului Na\u021bional de Ac\u021biune a Tinerilor privind Schimb\u0103rile Climatice, organizat la sediul Administra\u021biei Na\u021bionale de Meteorologie (ANM), de Platforma Tinerilor pentru Sustenabilitate (PTS), cu sprijinul Ambasadei Fran\u021bei \u00een Rom\u00e2nia \u0219i al Institutului Francez din Rom\u00e2nia.<\/p>\n<p>Potrivit unui comunicat de pres\u0103 al ministerului de resort, transmis AGERPRES, ini\u021biativa este sus\u021binut\u0103 de Ministerul Mediului, Apelor \u0219i P\u0103durilor \u0219i UNICEF Rom\u00e2nia, sub egida LCOY Rom\u00e2nia 2025.<\/p>\n<p>Lansarea Planului Na\u021bional de Ac\u021biune al Tinerilor privind Schimb\u0103rile Climatice marcheaz\u0103 un moment important ce reflect\u0103 contribu\u021bia a peste 1000 de tineri consulta\u021bi la nivel na\u021bional, care propun solu\u021bii concrete pentru un viitor sustenabil.<\/p>\n<p>\u00cen cadrul conferin\u021bei, UNICEF va prezenta concluziile studiului &#8216;Analiza contextului climatic \u0219i a impactului asupra copiilor&#8217;, oferind date relevante despre leg\u0103tura dintre criza climatic\u0103 \u0219i bun\u0103starea genera\u021biilor tinere. AGERPRES\/(AS &#8211; redactor: Daniel Badea, editor: Andreea Marinescu, editor online: Alexandru Cojocaru)<br \/>\n<br \/>\nSursa articolului:  <a href=\"https:\/\/agerpres.ro\/social\/2025\/10\/23\/planul-national-de-actiune-a-tinerilor-privind-schimbarile-climatice-se-lanseaza-joi--1496171\" target=\"_blank\" rel=\"noopener\" title=\"\">https:\/\/agerpres.ro\/social\/2025\/10\/23\/planul-national-de-actiune-a-tinerilor-privind-schimbarile-climatice-se-lanseaza-joi&#8211;1496171<\/a><\/p>","protected":false},"excerpt":{"rendered":"<p>Ministra Mediului, Apelor \u0219i P\u0103durilor, Diana Buzoianu, particip\u0103 joi la evenimentul de lansare a Planului Na\u021bional de Ac\u021biune a Tinerilor privind Schimb\u0103rile Climatice, organizat la sediul Administra\u021biei Na\u021bionale de Meteorologie (ANM), de Platforma Tinerilor pentru Sustenabilitate (PTS), cu sprijinul Ambasadei Fran\u021bei \u00een Rom\u00e2nia \u0219i al Institutului Francez din Rom\u00e2nia. Potrivit unui comunicat de pres\u0103 al&#8230;<\/p>","protected":false},"author":4,"featured_media":2813,"comment_status":"open","ping_status":"open","sticky":false,"template":"","format":"standard","meta":{"footnotes":""},"categories":[1],"tags":[],"class_list":["post-3211","post","type-post","status-publish","format-standard","has-post-thumbnail","hentry","category-uncategorized"],"yoast_head":"<!-- This site is optimized with the Yoast SEO plugin v26.1.1 - https:\/\/yoast.com\/wordpress\/plugins\/seo\/ -->\n<title>Planul Na\u021bional de Ac\u021biune a Tinerilor privind Schimb\u0103rile Climatice se lanseaz\u0103 joi - Carpathia Center Romania<\/title>\n<meta name=\"robots\" content=\"index, follow, max-snippet:-1, max-image-preview:large, max-video-preview:-1\" \/>\n<link rel=\"canonical\" href=\"https:\/\/carpathiacenter.ro\/en\/planul-national-de-actiune-a-tinerilor-privind-schimbarile-climatice-se-lanseaza-joi\/\" \/>\n<meta property=\"og:locale\" content=\"en_GB\" \/>\n<meta property=\"og:type\" content=\"article\" \/>\n<meta property=\"og:title\" content=\"Planul Na\u021bional de Ac\u021biune a Tinerilor privind Schimb\u0103rile Climatice se lanseaz\u0103 joi - Carpathia Center Romania\" \/>\n<meta property=\"og:description\" content=\"Ministra Mediului, Apelor \u0219i P\u0103durilor, Diana Buzoianu, particip\u0103 joi la evenimentul de lansare a Planului Na\u021bional de Ac\u021biune a Tinerilor privind Schimb\u0103rile Climatice, organizat la sediul Administra\u021biei Na\u021bionale de Meteorologie (ANM), de Platforma Tinerilor pentru Sustenabilitate (PTS), cu sprijinul Ambasadei Fran\u021bei \u00een Rom\u00e2nia \u0219i al Institutului Francez din Rom\u00e2nia. Potrivit unui comunicat de pres\u0103 al...\" \/>\n<meta property=\"og:url\" content=\"https:\/\/carpathiacenter.ro\/en\/planul-national-de-actiune-a-tinerilor-privind-schimbarile-climatice-se-lanseaza-joi\/\" \/>\n<meta property=\"og:site_name\" content=\"Carpathia Center Romania\" \/>\n<meta property=\"article:publisher\" content=\"https:\/\/www.facebook.com\/fdpscarpathia\/\" \/>\n<meta property=\"article:published_time\" content=\"2025-10-23T07:18:03+00:00\" \/>\n<meta property=\"og:image\" content=\"https:\/\/carpathiacenter.ro\/wp-content\/uploads\/2025\/08\/Diana-Buzoianu.jpg\" \/>\n\t<meta property=\"og:image:width\" content=\"800\" \/>\n\t<meta property=\"og:image:height\" content=\"533\" \/>\n\t<meta property=\"og:image:type\" content=\"image\/jpeg\" \/>\n<meta name=\"author\" content=\"creativebitsolutions\" \/>\n<meta name=\"twitter:card\" content=\"summary_large_image\" \/>\n<meta name=\"twitter:label1\" content=\"Written by\" \/>\n\t<meta name=\"twitter:data1\" content=\"creativebitsolutions\" \/>\n<script type=\"application\/ld+json\" class=\"yoast-schema-graph\">{\"@context\":\"https:\/\/schema.org\",\"@graph\":[{\"@type\":\"Article\",\"@id\":\"https:\/\/carpathiacenter.ro\/planul-national-de-actiune-a-tinerilor-privind-schimbarile-climatice-se-lanseaza-joi\/#article\",\"isPartOf\":{\"@id\":\"https:\/\/carpathiacenter.ro\/planul-national-de-actiune-a-tinerilor-privind-schimbarile-climatice-se-lanseaza-joi\/\"},\"author\":{\"name\":\"creativebitsolutions\",\"@id\":\"https:\/\/carpathiacenter.ro\/#\/schema\/person\/03d9f58202fee8379268f34afa195006\"},\"headline\":\"Planul Na\u021bional de Ac\u021biune a Tinerilor privind Schimb\u0103rile Climatice se lanseaz\u0103 joi\",\"datePublished\":\"2025-10-23T07:18:03+00:00\",\"mainEntityOfPage\":{\"@id\":\"https:\/\/carpathiacenter.ro\/planul-national-de-actiune-a-tinerilor-privind-schimbarile-climatice-se-lanseaza-joi\/\"},\"wordCount\":197,\"commentCount\":0,\"publisher\":{\"@id\":\"https:\/\/carpathiacenter.ro\/#organization\"},\"image\":{\"@id\":\"https:\/\/carpathiacenter.ro\/planul-national-de-actiune-a-tinerilor-privind-schimbarile-climatice-se-lanseaza-joi\/#primaryimage\"},\"thumbnailUrl\":\"https:\/\/carpathiacenter.ro\/wp-content\/uploads\/2025\/08\/Diana-Buzoianu.jpg\",\"articleSection\":[\"Uncategorized\"],\"inLanguage\":\"en-GB\",\"potentialAction\":[{\"@type\":\"CommentAction\",\"name\":\"Comment\",\"target\":[\"https:\/\/carpathiacenter.ro\/planul-national-de-actiune-a-tinerilor-privind-schimbarile-climatice-se-lanseaza-joi\/#respond\"]}]},{\"@type\":\"WebPage\",\"@id\":\"https:\/\/carpathiacenter.ro\/planul-national-de-actiune-a-tinerilor-privind-schimbarile-climatice-se-lanseaza-joi\/\",\"url\":\"https:\/\/carpathiacenter.ro\/planul-national-de-actiune-a-tinerilor-privind-schimbarile-climatice-se-lanseaza-joi\/\",\"name\":\"Planul Na\u021bional de Ac\u021biune a Tinerilor privind Schimb\u0103rile Climatice se lanseaz\u0103 joi - Carpathia Center Romania\",\"isPartOf\":{\"@id\":\"https:\/\/carpathiacenter.ro\/#website\"},\"primaryImageOfPage\":{\"@id\":\"https:\/\/carpathiacenter.ro\/planul-national-de-actiune-a-tinerilor-privind-schimbarile-climatice-se-lanseaza-joi\/#primaryimage\"},\"image\":{\"@id\":\"https:\/\/carpathiacenter.ro\/planul-national-de-actiune-a-tinerilor-privind-schimbarile-climatice-se-lanseaza-joi\/#primaryimage\"},\"thumbnailUrl\":\"https:\/\/carpathiacenter.ro\/wp-content\/uploads\/2025\/08\/Diana-Buzoianu.jpg\",\"datePublished\":\"2025-10-23T07:18:03+00:00\",\"breadcrumb\":{\"@id\":\"https:\/\/carpathiacenter.ro\/planul-national-de-actiune-a-tinerilor-privind-schimbarile-climatice-se-lanseaza-joi\/#breadcrumb\"},\"inLanguage\":\"en-GB\",\"potentialAction\":[{\"@type\":\"ReadAction\",\"target\":[\"https:\/\/carpathiacenter.ro\/planul-national-de-actiune-a-tinerilor-privind-schimbarile-climatice-se-lanseaza-joi\/\"]}]},{\"@type\":\"ImageObject\",\"inLanguage\":\"en-GB\",\"@id\":\"https:\/\/carpathiacenter.ro\/planul-national-de-actiune-a-tinerilor-privind-schimbarile-climatice-se-lanseaza-joi\/#primaryimage\",\"url\":\"https:\/\/carpathiacenter.ro\/wp-content\/uploads\/2025\/08\/Diana-Buzoianu.jpg\",\"contentUrl\":\"https:\/\/carpathiacenter.ro\/wp-content\/uploads\/2025\/08\/Diana-Buzoianu.jpg\",\"width\":800,\"height\":533},{\"@type\":\"BreadcrumbList\",\"@id\":\"https:\/\/carpathiacenter.ro\/planul-national-de-actiune-a-tinerilor-privind-schimbarile-climatice-se-lanseaza-joi\/#breadcrumb\",\"itemListElement\":[{\"@type\":\"ListItem\",\"position\":1,\"name\":\"Prima pagin\u0103\",\"item\":\"https:\/\/carpathiacenter.ro\/\"},{\"@type\":\"ListItem\",\"position\":2,\"name\":\"Planul Na\u021bional de Ac\u021biune a Tinerilor privind Schimb\u0103rile Climatice se lanseaz\u0103 joi\"}]},{\"@type\":\"WebSite\",\"@id\":\"https:\/\/carpathiacenter.ro\/#website\",\"url\":\"https:\/\/carpathiacenter.ro\/\",\"name\":\"Carpathia Center Romania\",\"description\":\"Impossible made possible!\",\"publisher\":{\"@id\":\"https:\/\/carpathiacenter.ro\/#organization\"},\"potentialAction\":[{\"@type\":\"SearchAction\",\"target\":{\"@type\":\"EntryPoint\",\"urlTemplate\":\"https:\/\/carpathiacenter.ro\/?s={search_term_string}\"},\"query-input\":{\"@type\":\"PropertyValueSpecification\",\"valueRequired\":true,\"valueName\":\"search_term_string\"}}],\"inLanguage\":\"en-GB\"},{\"@type\":\"Organization\",\"@id\":\"https:\/\/carpathiacenter.ro\/#organization\",\"name\":\"Carpathia Center Romania\",\"url\":\"https:\/\/carpathiacenter.ro\/\",\"logo\":{\"@type\":\"ImageObject\",\"inLanguage\":\"en-GB\",\"@id\":\"https:\/\/carpathiacenter.ro\/#\/schema\/logo\/image\/\",\"url\":\"https:\/\/carpathiacenter.ro\/wp-content\/uploads\/2024\/07\/logo-carpathia_bg_white-1024x941.png\",\"contentUrl\":\"https:\/\/carpathiacenter.ro\/wp-content\/uploads\/2024\/07\/logo-carpathia_bg_white-1024x941.png\",\"width\":1024,\"height\":941,\"caption\":\"Carpathia Center Romania\"},\"image\":{\"@id\":\"https:\/\/carpathiacenter.ro\/#\/schema\/logo\/image\/\"},\"sameAs\":[\"https:\/\/www.facebook.com\/fdpscarpathia\/\"]},{\"@type\":\"Person\",\"@id\":\"https:\/\/carpathiacenter.ro\/#\/schema\/person\/03d9f58202fee8379268f34afa195006\",\"name\":\"creativebitsolutions\",\"image\":{\"@type\":\"ImageObject\",\"inLanguage\":\"en-GB\",\"@id\":\"https:\/\/carpathiacenter.ro\/#\/schema\/person\/image\/\",\"url\":\"https:\/\/secure.gravatar.com\/avatar\/1b1a13e37f847c635dab78348f1dff2f07651ee2a3d77a5c355a4b8c75f9165a?s=96&d=mm&r=g\",\"contentUrl\":\"https:\/\/secure.gravatar.com\/avatar\/1b1a13e37f847c635dab78348f1dff2f07651ee2a3d77a5c355a4b8c75f9165a?s=96&d=mm&r=g\",\"caption\":\"creativebitsolutions\"},\"url\":\"https:\/\/carpathiacenter.ro\/en\/author\/creativebitsolutions\/\"}]}<\/script>\n<!-- \/ Yoast SEO plugin. -->","yoast_head_json":{"title":"Planul Na\u021bional de Ac\u021biune a Tinerilor privind Schimb\u0103rile Climatice se lanseaz\u0103 joi - Carpathia Center Romania","robots":{"index":"index","follow":"follow","max-snippet":"max-snippet:-1","max-image-preview":"max-image-preview:large","max-video-preview":"max-video-preview:-1"},"canonical":"https:\/\/carpathiacenter.ro\/en\/planul-national-de-actiune-a-tinerilor-privind-schimbarile-climatice-se-lanseaza-joi\/","og_locale":"en_GB","og_type":"article","og_title":"Planul Na\u021bional de Ac\u021biune a Tinerilor privind Schimb\u0103rile Climatice se lanseaz\u0103 joi - Carpathia Center Romania","og_description":"Ministra Mediului, Apelor \u0219i P\u0103durilor, Diana Buzoianu, particip\u0103 joi la evenimentul de lansare a Planului Na\u021bional de Ac\u021biune a Tinerilor privind Schimb\u0103rile Climatice, organizat la sediul Administra\u021biei Na\u021bionale de Meteorologie (ANM), de Platforma Tinerilor pentru Sustenabilitate (PTS), cu sprijinul Ambasadei Fran\u021bei \u00een Rom\u00e2nia \u0219i al Institutului Francez din Rom\u00e2nia. Potrivit unui comunicat de pres\u0103 al...","og_url":"https:\/\/carpathiacenter.ro\/en\/planul-national-de-actiune-a-tinerilor-privind-schimbarile-climatice-se-lanseaza-joi\/","og_site_name":"Carpathia Center Romania","article_publisher":"https:\/\/www.facebook.com\/fdpscarpathia\/","article_published_time":"2025-10-23T07:18:03+00:00","og_image":[{"width":800,"height":533,"url":"https:\/\/carpathiacenter.ro\/wp-content\/uploads\/2025\/08\/Diana-Buzoianu.jpg","type":"image\/jpeg"}],"author":"creativebitsolutions","twitter_card":"summary_large_image","twitter_misc":{"Written by":"creativebitsolutions"},"schema":{"@context":"https:\/\/schema.org","@graph":[{"@type":"Article","@id":"https:\/\/carpathiacenter.ro\/planul-national-de-actiune-a-tinerilor-privind-schimbarile-climatice-se-lanseaza-joi\/#article","isPartOf":{"@id":"https:\/\/carpathiacenter.ro\/planul-national-de-actiune-a-tinerilor-privind-schimbarile-climatice-se-lanseaza-joi\/"},"author":{"name":"creativebitsolutions","@id":"https:\/\/carpathiacenter.ro\/#\/schema\/person\/03d9f58202fee8379268f34afa195006"},"headline":"Planul Na\u021bional de Ac\u021biune a Tinerilor privind Schimb\u0103rile Climatice se lanseaz\u0103 joi","datePublished":"2025-10-23T07:18:03+00:00","mainEntityOfPage":{"@id":"https:\/\/carpathiacenter.ro\/planul-national-de-actiune-a-tinerilor-privind-schimbarile-climatice-se-lanseaza-joi\/"},"wordCount":197,"commentCount":0,"publisher":{"@id":"https:\/\/carpathiacenter.ro\/#organization"},"image":{"@id":"https:\/\/carpathiacenter.ro\/planul-national-de-actiune-a-tinerilor-privind-schimbarile-climatice-se-lanseaza-joi\/#primaryimage"},"thumbnailUrl":"https:\/\/carpathiacenter.ro\/wp-content\/uploads\/2025\/08\/Diana-Buzoianu.jpg","articleSection":["Uncategorized"],"inLanguage":"en-GB","potentialAction":[{"@type":"CommentAction","name":"Comment","target":["https:\/\/carpathiacenter.ro\/planul-national-de-actiune-a-tinerilor-privind-schimbarile-climatice-se-lanseaza-joi\/#respond"]}]},{"@type":"WebPage","@id":"https:\/\/carpathiacenter.ro\/planul-national-de-actiune-a-tinerilor-privind-schimbarile-climatice-se-lanseaza-joi\/","url":"https:\/\/carpathiacenter.ro\/planul-national-de-actiune-a-tinerilor-privind-schimbarile-climatice-se-lanseaza-joi\/","name":"Planul Na\u021bional de Ac\u021biune a Tinerilor privind Schimb\u0103rile Climatice se lanseaz\u0103 joi - Carpathia Center Romania","isPartOf":{"@id":"https:\/\/carpathiacenter.ro\/#website"},"primaryImageOfPage":{"@id":"https:\/\/carpathiacenter.ro\/planul-national-de-actiune-a-tinerilor-privind-schimbarile-climatice-se-lanseaza-joi\/#primaryimage"},"image":{"@id":"https:\/\/carpathiacenter.ro\/planul-national-de-actiune-a-tinerilor-privind-schimbarile-climatice-se-lanseaza-joi\/#primaryimage"},"thumbnailUrl":"https:\/\/carpathiacenter.ro\/wp-content\/uploads\/2025\/08\/Diana-Buzoianu.jpg","datePublished":"2025-10-23T07:18:03+00:00","breadcrumb":{"@id":"https:\/\/carpathiacenter.ro\/planul-national-de-actiune-a-tinerilor-privind-schimbarile-climatice-se-lanseaza-joi\/#breadcrumb"},"inLanguage":"en-GB","potentialAction":[{"@type":"ReadAction","target":["https:\/\/carpathiacenter.ro\/planul-national-de-actiune-a-tinerilor-privind-schimbarile-climatice-se-lanseaza-joi\/"]}]},{"@type":"ImageObject","inLanguage":"en-GB","@id":"https:\/\/carpathiacenter.ro\/planul-national-de-actiune-a-tinerilor-privind-schimbarile-climatice-se-lanseaza-joi\/#primaryimage","url":"https:\/\/carpathiacenter.ro\/wp-content\/uploads\/2025\/08\/Diana-Buzoianu.jpg","contentUrl":"https:\/\/carpathiacenter.ro\/wp-content\/uploads\/2025\/08\/Diana-Buzoianu.jpg","width":800,"height":533},{"@type":"BreadcrumbList","@id":"https:\/\/carpathiacenter.ro\/planul-national-de-actiune-a-tinerilor-privind-schimbarile-climatice-se-lanseaza-joi\/#breadcrumb","itemListElement":[{"@type":"ListItem","position":1,"name":"Prima pagin\u0103","item":"https:\/\/carpathiacenter.ro\/"},{"@type":"ListItem","position":2,"name":"Planul Na\u021bional de Ac\u021biune a Tinerilor privind Schimb\u0103rile Climatice se lanseaz\u0103 joi"}]},{"@type":"WebSite","@id":"https:\/\/carpathiacenter.ro\/#website","url":"https:\/\/carpathiacenter.ro\/","name":"Carpathia Center Romania","description":"Impossible made possible!","publisher":{"@id":"https:\/\/carpathiacenter.ro\/#organization"},"potentialAction":[{"@type":"SearchAction","target":{"@type":"EntryPoint","urlTemplate":"https:\/\/carpathiacenter.ro\/?s={search_term_string}"},"query-input":{"@type":"PropertyValueSpecification","valueRequired":true,"valueName":"search_term_string"}}],"inLanguage":"en-GB"},{"@type":"Organization","@id":"https:\/\/carpathiacenter.ro\/#organization","name":"Carpathia Center Romania","url":"https:\/\/carpathiacenter.ro\/","logo":{"@type":"ImageObject","inLanguage":"en-GB","@id":"https:\/\/carpathiacenter.ro\/#\/schema\/logo\/image\/","url":"https:\/\/carpathiacenter.ro\/wp-content\/uploads\/2024\/07\/logo-carpathia_bg_white-1024x941.png","contentUrl":"https:\/\/carpathiacenter.ro\/wp-content\/uploads\/2024\/07\/logo-carpathia_bg_white-1024x941.png","width":1024,"height":941,"caption":"Carpathia Center Romania"},"image":{"@id":"https:\/\/carpathiacenter.ro\/#\/schema\/logo\/image\/"},"sameAs":["https:\/\/www.facebook.com\/fdpscarpathia\/"]},{"@type":"Person","@id":"https:\/\/carpathiacenter.ro\/#\/schema\/person\/03d9f58202fee8379268f34afa195006","name":"creativebitsolutions","image":{"@type":"ImageObject","inLanguage":"en-GB","@id":"https:\/\/carpathiacenter.ro\/#\/schema\/person\/image\/","url":"https:\/\/secure.gravatar.com\/avatar\/1b1a13e37f847c635dab78348f1dff2f07651ee2a3d77a5c355a4b8c75f9165a?s=96&d=mm&r=g","contentUrl":"https:\/\/secure.gravatar.com\/avatar\/1b1a13e37f847c635dab78348f1dff2f07651ee2a3d77a5c355a4b8c75f9165a?s=96&d=mm&r=g","caption":"creativebitsolutions"},"url":"https:\/\/carpathiacenter.ro\/en\/author\/creativebitsolutions\/"}]}},"_links":{"self":[{"href":"https:\/\/carpathiacenter.ro\/en\/wp-json\/wp\/v2\/posts\/3211","targetHints":{"allow":["GET"]}}],"collection":[{"href":"https:\/\/carpathiacenter.ro\/en\/wp-json\/wp\/v2\/posts"}],"about":[{"href":"https:\/\/carpathiacenter.ro\/en\/wp-json\/wp\/v2\/types\/post"}],"author":[{"embeddable":true,"href":"https:\/\/carpathiacenter.ro\/en\/wp-json\/wp\/v2\/users\/4"}],"replies":[{"embeddable":true,"href":"https:\/\/carpathiacenter.ro\/en\/wp-json\/wp\/v2\/comments?post=3211"}],"version-history":[{"count":1,"href":"https:\/\/carpathiacenter.ro\/en\/wp-json\/wp\/v2\/posts\/3211\/revisions"}],"predecessor-version":[{"id":3212,"href":"https:\/\/carpathiacenter.ro\/en\/wp-json\/wp\/v2\/posts\/3211\/revisions\/3212"}],"wp:featuredmedia":[{"embeddable":true,"href":"https:\/\/carpathiacenter.ro\/en\/wp-json\/wp\/v2\/media\/2813"}],"wp:attachment":[{"href":"https:\/\/carpathiacenter.ro\/en\/wp-json\/wp\/v2\/media?parent=3211"}],"wp:term":[{"taxonomy":"category","embeddable":true,"href":"https:\/\/carpathiacenter.ro\/en\/wp-json\/wp\/v2\/categories?post=3211"},{"taxonomy":"post_tag","embeddable":true,"href":"https:\/\/carpathiacenter.ro\/en\/wp-json\/wp\/v2\/tags?post=3211"}],"curies":[{"name":"wp","href":"https:\/\/api.w.org\/{rel}","templated":true}]}}