{"id":3205,"date":"2025-10-22T07:21:25","date_gmt":"2025-10-22T07:21:25","guid":{"rendered":"https:\/\/carpathiacenter.ro\/?p=3205"},"modified":"2025-10-22T07:24:08","modified_gmt":"2025-10-22T07:24:08","slug":"mj-romania-a-semnat-conventia-privind-protectia-profesiei-de-avocat","status":"publish","type":"post","link":"https:\/\/carpathiacenter.ro\/en\/mj-romania-a-semnat-conventia-privind-protectia-profesiei-de-avocat\/","title":{"rendered":"MJ: Rom\u00e2nia a semnat Conven\u021bia privind protec\u021bia profesiei de avocat"},"content":{"rendered":"<p><strong>Ministrul Justi\u021biei, Radu Marinescu, a semnat mar\u021bi, la sediul Consiliului Europei de la Strasbourg, Conven\u021bia privind protec\u021bia profesiei de avocat, cu aceast\u0103 ocazie el subliniind rolul esen\u021bial pe care avoca\u021bii \u0219i asocia\u021biile lor profesionale \u00eel de\u021bin \u00een sus\u021binerea statului de drept.<\/strong><\/p>\n<p>\nPotrivit Ministerului Justi\u021biei, Conven\u021bia Consiliului Europei privind protec\u021bia profesiei de avocat, la care Rom\u00e2nia a devenit parte semnatar\u0103, este prima de acest fel la nivel interna\u021bional \u0219i consacr\u0103, \u00een mod explicit, obliga\u021bia statelor de a garanta: independen\u021ba avoca\u021bilor fa\u021b\u0103 de orice interferen\u021b\u0103 extern\u0103; protec\u021bia efectiv\u0103 a avoca\u021bilor \u00eempotriva amenin\u021b\u0103rilor, intimid\u0103rii, h\u0103r\u021buirii \u0219i represaliilor; accesul liber \u0219i nediscriminatoriu la profesie; confiden\u021bialitatea rela\u021biei avocat-client \u0219i libertatea de exprimare a avoca\u021bilor, \u00een limitele cadrului legal; promovarea unui sistem de justi\u021bie echitabil, \u00een care avocatul are un rol indispensabil \u00een garantarea accesului la ap\u0103rare \u0219i la o judecat\u0103 corect\u0103.<\/p>\n<p>&#8221;Semnarea Conven\u021biei de c\u0103tre Rom\u00e2nia are o dubl\u0103 semnifica\u021bie: reafirm\u0103 angajamentul ferm al statului rom\u00e2n fa\u021b\u0103 de valorile \u0219i standardele Consiliului Europei privind drepturile omului, statul de drept \u0219i democra\u021bia; transmite un semnal puternic de \u00eencredere c\u0103tre profesia de avocat \u0219i c\u0103tre \u00eentreaga societate c\u0103 Rom\u00e2nia sus\u021bine activ protec\u021bia ap\u0103r\u0103torilor justi\u021biei \u0219i independen\u021ba acestora&#8221;, se arat\u0103 \u00eentr-o postare pe pagina de Facebook a MJ.<\/p>\n<p>\nInstrumentul interna\u021bional de referin\u021b\u0103 consolideaz\u0103 protec\u021bia profesiei de avocat \u0219i dreptul de exercitare a acesteia \u00een mod independent \u0219i f\u0103r\u0103 discriminare, obstacole ori ingerin\u021be necorespunz\u0103toare, reglement\u00e2nd totodat\u0103 un cadru legal \u00een care avoca\u021bii \u00ee\u0219i vor putea desf\u0103\u0219ura activitatea f\u0103r\u0103 a fi supu\u0219i atacurilor, amenin\u021b\u0103rilor, h\u0103r\u021buirii sau intimid\u0103rii, precizeaz\u0103 sursa citat\u0103.<\/p>\n<p>Dup\u0103 ratificare, Conven\u021bia va consolida cadrul na\u021bional care vizeaz\u0103 dreptul de practic\u0103, drepturile profesionale, libertatea de exprimare, disciplina profesional\u0103 \u0219i m\u0103surile de protec\u021bie specifice profesiei de avocat.<\/p>\n<p>&#8221;Cu acest prilej, ministrul Justi\u021biei, Radu Marinescu, a subliniat rolul esen\u021bial pe care avoca\u021bii \u0219i asocia\u021biile lor profesionale \u00eel de\u021bin \u00een sus\u021binerea statului de drept, asigurarea accesului la justi\u021bie \u0219i garantarea protec\u021biei drepturilor omului \u0219i a libert\u0103\u021bilor fundamentale, semnarea Conven\u021biei reprezent\u00e2nd o declara\u021bie de principiu \u0219i de angajament&#8221;, men\u021bioneaz\u0103 MJ.<\/p>\n<p>\nLa eveniment a luat parte \u0219i senatorul PNL Cristian-Augustin Niculescu-\u021a\u00e2g\u00e2rla\u0219, membru al Comisiei juridice.<\/p>\n<p>\n&#8216;Prin semnarea acestei Conven\u021bii, Rom\u00e2nia transmite un mesaj puternic: statul de drept nu se ap\u0103r\u0103 singur. Profesia de avocat este un bastion al libert\u0103\u021bii \u0219i al demnit\u0103\u021bii umane, iar acest instrument interna\u021bional \u00eei ofer\u0103 protec\u021bia pe care o merit\u0103. Este datoria noastr\u0103 ca acest angajament s\u0103 fie transpus \u00een realitate, prin legisla\u021bie \u0219i practic\u0103 judiciar\u0103, \u00een spiritul valorilor europene \u0219i al justi\u021biei libere&#8217;, spune senatorul, potrivit unui comunicat. AGERPRES\/(AS &#8211; redactor: Georgiana T\u0103n\u0103sescu, editor: Antonia Ni\u021b\u0103, editor online: Ady Iva\u015fcu)<br \/>\n<br \/>\nSursa articolului:  <a href=\"https:\/\/agerpres.ro\/justitie\/2025\/10\/21\/mj-romania-a-semnat-conventia-privind-protectia-profesiei-de-avocat--1495730\" target=\"_blank\" rel=\"noopener\" title=\"\">https:\/\/agerpres.ro\/justitie\/2025\/10\/21\/mj-romania-a-semnat-conventia-privind-protectia-profesiei-de-avocat&#8211;1495730<\/a><\/p>","protected":false},"excerpt":{"rendered":"<p>Ministrul Justi\u021biei, Radu Marinescu, a semnat mar\u021bi, la sediul Consiliului Europei de la Strasbourg, Conven\u021bia privind protec\u021bia profesiei de avocat, cu aceast\u0103 ocazie el subliniind rolul esen\u021bial pe care avoca\u021bii \u0219i asocia\u021biile lor profesionale \u00eel de\u021bin \u00een sus\u021binerea statului de drept. Potrivit Ministerului Justi\u021biei, Conven\u021bia Consiliului Europei privind protec\u021bia profesiei de avocat, la care Rom\u00e2nia&#8230;<\/p>","protected":false},"author":4,"featured_media":3206,"comment_status":"open","ping_status":"open","sticky":false,"template":"","format":"standard","meta":{"footnotes":""},"categories":[1],"tags":[],"class_list":["post-3205","post","type-post","status-publish","format-standard","has-post-thumbnail","hentry","category-uncategorized"],"yoast_head":"<!-- This site is optimized with the Yoast SEO plugin v26.1.1 - https:\/\/yoast.com\/wordpress\/plugins\/seo\/ -->\n<title>MJ: Rom\u00e2nia a semnat Conven\u021bia privind protec\u021bia profesiei de avocat - Carpathia Center Romania<\/title>\n<meta name=\"robots\" content=\"index, follow, max-snippet:-1, max-image-preview:large, max-video-preview:-1\" \/>\n<link rel=\"canonical\" href=\"https:\/\/carpathiacenter.ro\/en\/mj-romania-a-semnat-conventia-privind-protectia-profesiei-de-avocat\/\" \/>\n<meta property=\"og:locale\" content=\"en_GB\" \/>\n<meta property=\"og:type\" content=\"article\" \/>\n<meta property=\"og:title\" content=\"MJ: Rom\u00e2nia a semnat Conven\u021bia privind protec\u021bia profesiei de avocat - Carpathia Center Romania\" \/>\n<meta property=\"og:description\" content=\"Ministrul Justi\u021biei, Radu Marinescu, a semnat mar\u021bi, la sediul Consiliului Europei de la Strasbourg, Conven\u021bia privind protec\u021bia profesiei de avocat, cu aceast\u0103 ocazie el subliniind rolul esen\u021bial pe care avoca\u021bii \u0219i asocia\u021biile lor profesionale \u00eel de\u021bin \u00een sus\u021binerea statului de drept. Potrivit Ministerului Justi\u021biei, Conven\u021bia Consiliului Europei privind protec\u021bia profesiei de avocat, la care Rom\u00e2nia...\" \/>\n<meta property=\"og:url\" content=\"https:\/\/carpathiacenter.ro\/en\/mj-romania-a-semnat-conventia-privind-protectia-profesiei-de-avocat\/\" \/>\n<meta property=\"og:site_name\" content=\"Carpathia Center Romania\" \/>\n<meta property=\"article:publisher\" content=\"https:\/\/www.facebook.com\/fdpscarpathia\/\" \/>\n<meta property=\"article:published_time\" content=\"2025-10-22T07:21:25+00:00\" \/>\n<meta property=\"article:modified_time\" content=\"2025-10-22T07:24:08+00:00\" \/>\n<meta property=\"og:image\" content=\"https:\/\/carpathiacenter.ro\/wp-content\/uploads\/2025\/10\/Ministrul-Justitiei-Radu-Marinescu.jpg\" \/>\n\t<meta property=\"og:image:width\" content=\"960\" \/>\n\t<meta property=\"og:image:height\" content=\"540\" \/>\n\t<meta property=\"og:image:type\" content=\"image\/jpeg\" \/>\n<meta name=\"author\" content=\"creativebitsolutions\" \/>\n<meta name=\"twitter:card\" content=\"summary_large_image\" \/>\n<meta name=\"twitter:label1\" content=\"Written by\" \/>\n\t<meta name=\"twitter:data1\" content=\"creativebitsolutions\" \/>\n\t<meta name=\"twitter:label2\" content=\"Estimated reading time\" \/>\n\t<meta name=\"twitter:data2\" content=\"3 minutes\" \/>\n<script type=\"application\/ld+json\" class=\"yoast-schema-graph\">{\"@context\":\"https:\/\/schema.org\",\"@graph\":[{\"@type\":\"Article\",\"@id\":\"https:\/\/carpathiacenter.ro\/mj-romania-a-semnat-conventia-privind-protectia-profesiei-de-avocat\/#article\",\"isPartOf\":{\"@id\":\"https:\/\/carpathiacenter.ro\/mj-romania-a-semnat-conventia-privind-protectia-profesiei-de-avocat\/\"},\"author\":{\"name\":\"creativebitsolutions\",\"@id\":\"https:\/\/carpathiacenter.ro\/#\/schema\/person\/03d9f58202fee8379268f34afa195006\"},\"headline\":\"MJ: Rom\u00e2nia a semnat Conven\u021bia privind protec\u021bia profesiei de avocat\",\"datePublished\":\"2025-10-22T07:21:25+00:00\",\"dateModified\":\"2025-10-22T07:24:08+00:00\",\"mainEntityOfPage\":{\"@id\":\"https:\/\/carpathiacenter.ro\/mj-romania-a-semnat-conventia-privind-protectia-profesiei-de-avocat\/\"},\"wordCount\":530,\"commentCount\":0,\"publisher\":{\"@id\":\"https:\/\/carpathiacenter.ro\/#organization\"},\"image\":{\"@id\":\"https:\/\/carpathiacenter.ro\/mj-romania-a-semnat-conventia-privind-protectia-profesiei-de-avocat\/#primaryimage\"},\"thumbnailUrl\":\"https:\/\/carpathiacenter.ro\/wp-content\/uploads\/2025\/10\/Ministrul-Justitiei-Radu-Marinescu.jpg\",\"articleSection\":[\"Uncategorized\"],\"inLanguage\":\"en-GB\",\"potentialAction\":[{\"@type\":\"CommentAction\",\"name\":\"Comment\",\"target\":[\"https:\/\/carpathiacenter.ro\/mj-romania-a-semnat-conventia-privind-protectia-profesiei-de-avocat\/#respond\"]}]},{\"@type\":\"WebPage\",\"@id\":\"https:\/\/carpathiacenter.ro\/mj-romania-a-semnat-conventia-privind-protectia-profesiei-de-avocat\/\",\"url\":\"https:\/\/carpathiacenter.ro\/mj-romania-a-semnat-conventia-privind-protectia-profesiei-de-avocat\/\",\"name\":\"MJ: Rom\u00e2nia a semnat Conven\u021bia privind protec\u021bia profesiei de avocat - Carpathia Center Romania\",\"isPartOf\":{\"@id\":\"https:\/\/carpathiacenter.ro\/#website\"},\"primaryImageOfPage\":{\"@id\":\"https:\/\/carpathiacenter.ro\/mj-romania-a-semnat-conventia-privind-protectia-profesiei-de-avocat\/#primaryimage\"},\"image\":{\"@id\":\"https:\/\/carpathiacenter.ro\/mj-romania-a-semnat-conventia-privind-protectia-profesiei-de-avocat\/#primaryimage\"},\"thumbnailUrl\":\"https:\/\/carpathiacenter.ro\/wp-content\/uploads\/2025\/10\/Ministrul-Justitiei-Radu-Marinescu.jpg\",\"datePublished\":\"2025-10-22T07:21:25+00:00\",\"dateModified\":\"2025-10-22T07:24:08+00:00\",\"breadcrumb\":{\"@id\":\"https:\/\/carpathiacenter.ro\/mj-romania-a-semnat-conventia-privind-protectia-profesiei-de-avocat\/#breadcrumb\"},\"inLanguage\":\"en-GB\",\"potentialAction\":[{\"@type\":\"ReadAction\",\"target\":[\"https:\/\/carpathiacenter.ro\/mj-romania-a-semnat-conventia-privind-protectia-profesiei-de-avocat\/\"]}]},{\"@type\":\"ImageObject\",\"inLanguage\":\"en-GB\",\"@id\":\"https:\/\/carpathiacenter.ro\/mj-romania-a-semnat-conventia-privind-protectia-profesiei-de-avocat\/#primaryimage\",\"url\":\"https:\/\/carpathiacenter.ro\/wp-content\/uploads\/2025\/10\/Ministrul-Justitiei-Radu-Marinescu.jpg\",\"contentUrl\":\"https:\/\/carpathiacenter.ro\/wp-content\/uploads\/2025\/10\/Ministrul-Justitiei-Radu-Marinescu.jpg\",\"width\":960,\"height\":540},{\"@type\":\"BreadcrumbList\",\"@id\":\"https:\/\/carpathiacenter.ro\/mj-romania-a-semnat-conventia-privind-protectia-profesiei-de-avocat\/#breadcrumb\",\"itemListElement\":[{\"@type\":\"ListItem\",\"position\":1,\"name\":\"Prima pagin\u0103\",\"item\":\"https:\/\/carpathiacenter.ro\/\"},{\"@type\":\"ListItem\",\"position\":2,\"name\":\"MJ: Rom\u00e2nia a semnat Conven\u021bia privind protec\u021bia profesiei de avocat\"}]},{\"@type\":\"WebSite\",\"@id\":\"https:\/\/carpathiacenter.ro\/#website\",\"url\":\"https:\/\/carpathiacenter.ro\/\",\"name\":\"Carpathia Center Romania\",\"description\":\"Impossible made possible!\",\"publisher\":{\"@id\":\"https:\/\/carpathiacenter.ro\/#organization\"},\"potentialAction\":[{\"@type\":\"SearchAction\",\"target\":{\"@type\":\"EntryPoint\",\"urlTemplate\":\"https:\/\/carpathiacenter.ro\/?s={search_term_string}\"},\"query-input\":{\"@type\":\"PropertyValueSpecification\",\"valueRequired\":true,\"valueName\":\"search_term_string\"}}],\"inLanguage\":\"en-GB\"},{\"@type\":\"Organization\",\"@id\":\"https:\/\/carpathiacenter.ro\/#organization\",\"name\":\"Carpathia Center Romania\",\"url\":\"https:\/\/carpathiacenter.ro\/\",\"logo\":{\"@type\":\"ImageObject\",\"inLanguage\":\"en-GB\",\"@id\":\"https:\/\/carpathiacenter.ro\/#\/schema\/logo\/image\/\",\"url\":\"https:\/\/carpathiacenter.ro\/wp-content\/uploads\/2024\/07\/logo-carpathia_bg_white-1024x941.png\",\"contentUrl\":\"https:\/\/carpathiacenter.ro\/wp-content\/uploads\/2024\/07\/logo-carpathia_bg_white-1024x941.png\",\"width\":1024,\"height\":941,\"caption\":\"Carpathia Center Romania\"},\"image\":{\"@id\":\"https:\/\/carpathiacenter.ro\/#\/schema\/logo\/image\/\"},\"sameAs\":[\"https:\/\/www.facebook.com\/fdpscarpathia\/\"]},{\"@type\":\"Person\",\"@id\":\"https:\/\/carpathiacenter.ro\/#\/schema\/person\/03d9f58202fee8379268f34afa195006\",\"name\":\"creativebitsolutions\",\"image\":{\"@type\":\"ImageObject\",\"inLanguage\":\"en-GB\",\"@id\":\"https:\/\/carpathiacenter.ro\/#\/schema\/person\/image\/\",\"url\":\"https:\/\/secure.gravatar.com\/avatar\/1b1a13e37f847c635dab78348f1dff2f07651ee2a3d77a5c355a4b8c75f9165a?s=96&d=mm&r=g\",\"contentUrl\":\"https:\/\/secure.gravatar.com\/avatar\/1b1a13e37f847c635dab78348f1dff2f07651ee2a3d77a5c355a4b8c75f9165a?s=96&d=mm&r=g\",\"caption\":\"creativebitsolutions\"},\"url\":\"https:\/\/carpathiacenter.ro\/en\/author\/creativebitsolutions\/\"}]}<\/script>\n<!-- \/ Yoast SEO plugin. -->","yoast_head_json":{"title":"MJ: Rom\u00e2nia a semnat Conven\u021bia privind protec\u021bia profesiei de avocat - Carpathia Center Romania","robots":{"index":"index","follow":"follow","max-snippet":"max-snippet:-1","max-image-preview":"max-image-preview:large","max-video-preview":"max-video-preview:-1"},"canonical":"https:\/\/carpathiacenter.ro\/en\/mj-romania-a-semnat-conventia-privind-protectia-profesiei-de-avocat\/","og_locale":"en_GB","og_type":"article","og_title":"MJ: Rom\u00e2nia a semnat Conven\u021bia privind protec\u021bia profesiei de avocat - Carpathia Center Romania","og_description":"Ministrul Justi\u021biei, Radu Marinescu, a semnat mar\u021bi, la sediul Consiliului Europei de la Strasbourg, Conven\u021bia privind protec\u021bia profesiei de avocat, cu aceast\u0103 ocazie el subliniind rolul esen\u021bial pe care avoca\u021bii \u0219i asocia\u021biile lor profesionale \u00eel de\u021bin \u00een sus\u021binerea statului de drept. Potrivit Ministerului Justi\u021biei, Conven\u021bia Consiliului Europei privind protec\u021bia profesiei de avocat, la care Rom\u00e2nia...","og_url":"https:\/\/carpathiacenter.ro\/en\/mj-romania-a-semnat-conventia-privind-protectia-profesiei-de-avocat\/","og_site_name":"Carpathia Center Romania","article_publisher":"https:\/\/www.facebook.com\/fdpscarpathia\/","article_published_time":"2025-10-22T07:21:25+00:00","article_modified_time":"2025-10-22T07:24:08+00:00","og_image":[{"width":960,"height":540,"url":"https:\/\/carpathiacenter.ro\/wp-content\/uploads\/2025\/10\/Ministrul-Justitiei-Radu-Marinescu.jpg","type":"image\/jpeg"}],"author":"creativebitsolutions","twitter_card":"summary_large_image","twitter_misc":{"Written by":"creativebitsolutions","Estimated reading time":"3 minutes"},"schema":{"@context":"https:\/\/schema.org","@graph":[{"@type":"Article","@id":"https:\/\/carpathiacenter.ro\/mj-romania-a-semnat-conventia-privind-protectia-profesiei-de-avocat\/#article","isPartOf":{"@id":"https:\/\/carpathiacenter.ro\/mj-romania-a-semnat-conventia-privind-protectia-profesiei-de-avocat\/"},"author":{"name":"creativebitsolutions","@id":"https:\/\/carpathiacenter.ro\/#\/schema\/person\/03d9f58202fee8379268f34afa195006"},"headline":"MJ: Rom\u00e2nia a semnat Conven\u021bia privind protec\u021bia profesiei de avocat","datePublished":"2025-10-22T07:21:25+00:00","dateModified":"2025-10-22T07:24:08+00:00","mainEntityOfPage":{"@id":"https:\/\/carpathiacenter.ro\/mj-romania-a-semnat-conventia-privind-protectia-profesiei-de-avocat\/"},"wordCount":530,"commentCount":0,"publisher":{"@id":"https:\/\/carpathiacenter.ro\/#organization"},"image":{"@id":"https:\/\/carpathiacenter.ro\/mj-romania-a-semnat-conventia-privind-protectia-profesiei-de-avocat\/#primaryimage"},"thumbnailUrl":"https:\/\/carpathiacenter.ro\/wp-content\/uploads\/2025\/10\/Ministrul-Justitiei-Radu-Marinescu.jpg","articleSection":["Uncategorized"],"inLanguage":"en-GB","potentialAction":[{"@type":"CommentAction","name":"Comment","target":["https:\/\/carpathiacenter.ro\/mj-romania-a-semnat-conventia-privind-protectia-profesiei-de-avocat\/#respond"]}]},{"@type":"WebPage","@id":"https:\/\/carpathiacenter.ro\/mj-romania-a-semnat-conventia-privind-protectia-profesiei-de-avocat\/","url":"https:\/\/carpathiacenter.ro\/mj-romania-a-semnat-conventia-privind-protectia-profesiei-de-avocat\/","name":"MJ: Rom\u00e2nia a semnat Conven\u021bia privind protec\u021bia profesiei de avocat - Carpathia Center Romania","isPartOf":{"@id":"https:\/\/carpathiacenter.ro\/#website"},"primaryImageOfPage":{"@id":"https:\/\/carpathiacenter.ro\/mj-romania-a-semnat-conventia-privind-protectia-profesiei-de-avocat\/#primaryimage"},"image":{"@id":"https:\/\/carpathiacenter.ro\/mj-romania-a-semnat-conventia-privind-protectia-profesiei-de-avocat\/#primaryimage"},"thumbnailUrl":"https:\/\/carpathiacenter.ro\/wp-content\/uploads\/2025\/10\/Ministrul-Justitiei-Radu-Marinescu.jpg","datePublished":"2025-10-22T07:21:25+00:00","dateModified":"2025-10-22T07:24:08+00:00","breadcrumb":{"@id":"https:\/\/carpathiacenter.ro\/mj-romania-a-semnat-conventia-privind-protectia-profesiei-de-avocat\/#breadcrumb"},"inLanguage":"en-GB","potentialAction":[{"@type":"ReadAction","target":["https:\/\/carpathiacenter.ro\/mj-romania-a-semnat-conventia-privind-protectia-profesiei-de-avocat\/"]}]},{"@type":"ImageObject","inLanguage":"en-GB","@id":"https:\/\/carpathiacenter.ro\/mj-romania-a-semnat-conventia-privind-protectia-profesiei-de-avocat\/#primaryimage","url":"https:\/\/carpathiacenter.ro\/wp-content\/uploads\/2025\/10\/Ministrul-Justitiei-Radu-Marinescu.jpg","contentUrl":"https:\/\/carpathiacenter.ro\/wp-content\/uploads\/2025\/10\/Ministrul-Justitiei-Radu-Marinescu.jpg","width":960,"height":540},{"@type":"BreadcrumbList","@id":"https:\/\/carpathiacenter.ro\/mj-romania-a-semnat-conventia-privind-protectia-profesiei-de-avocat\/#breadcrumb","itemListElement":[{"@type":"ListItem","position":1,"name":"Prima pagin\u0103","item":"https:\/\/carpathiacenter.ro\/"},{"@type":"ListItem","position":2,"name":"MJ: Rom\u00e2nia a semnat Conven\u021bia privind protec\u021bia profesiei de avocat"}]},{"@type":"WebSite","@id":"https:\/\/carpathiacenter.ro\/#website","url":"https:\/\/carpathiacenter.ro\/","name":"Carpathia Center Romania","description":"Impossible made possible!","publisher":{"@id":"https:\/\/carpathiacenter.ro\/#organization"},"potentialAction":[{"@type":"SearchAction","target":{"@type":"EntryPoint","urlTemplate":"https:\/\/carpathiacenter.ro\/?s={search_term_string}"},"query-input":{"@type":"PropertyValueSpecification","valueRequired":true,"valueName":"search_term_string"}}],"inLanguage":"en-GB"},{"@type":"Organization","@id":"https:\/\/carpathiacenter.ro\/#organization","name":"Carpathia Center Romania","url":"https:\/\/carpathiacenter.ro\/","logo":{"@type":"ImageObject","inLanguage":"en-GB","@id":"https:\/\/carpathiacenter.ro\/#\/schema\/logo\/image\/","url":"https:\/\/carpathiacenter.ro\/wp-content\/uploads\/2024\/07\/logo-carpathia_bg_white-1024x941.png","contentUrl":"https:\/\/carpathiacenter.ro\/wp-content\/uploads\/2024\/07\/logo-carpathia_bg_white-1024x941.png","width":1024,"height":941,"caption":"Carpathia Center Romania"},"image":{"@id":"https:\/\/carpathiacenter.ro\/#\/schema\/logo\/image\/"},"sameAs":["https:\/\/www.facebook.com\/fdpscarpathia\/"]},{"@type":"Person","@id":"https:\/\/carpathiacenter.ro\/#\/schema\/person\/03d9f58202fee8379268f34afa195006","name":"creativebitsolutions","image":{"@type":"ImageObject","inLanguage":"en-GB","@id":"https:\/\/carpathiacenter.ro\/#\/schema\/person\/image\/","url":"https:\/\/secure.gravatar.com\/avatar\/1b1a13e37f847c635dab78348f1dff2f07651ee2a3d77a5c355a4b8c75f9165a?s=96&d=mm&r=g","contentUrl":"https:\/\/secure.gravatar.com\/avatar\/1b1a13e37f847c635dab78348f1dff2f07651ee2a3d77a5c355a4b8c75f9165a?s=96&d=mm&r=g","caption":"creativebitsolutions"},"url":"https:\/\/carpathiacenter.ro\/en\/author\/creativebitsolutions\/"}]}},"_links":{"self":[{"href":"https:\/\/carpathiacenter.ro\/en\/wp-json\/wp\/v2\/posts\/3205","targetHints":{"allow":["GET"]}}],"collection":[{"href":"https:\/\/carpathiacenter.ro\/en\/wp-json\/wp\/v2\/posts"}],"about":[{"href":"https:\/\/carpathiacenter.ro\/en\/wp-json\/wp\/v2\/types\/post"}],"author":[{"embeddable":true,"href":"https:\/\/carpathiacenter.ro\/en\/wp-json\/wp\/v2\/users\/4"}],"replies":[{"embeddable":true,"href":"https:\/\/carpathiacenter.ro\/en\/wp-json\/wp\/v2\/comments?post=3205"}],"version-history":[{"count":2,"href":"https:\/\/carpathiacenter.ro\/en\/wp-json\/wp\/v2\/posts\/3205\/revisions"}],"predecessor-version":[{"id":3210,"href":"https:\/\/carpathiacenter.ro\/en\/wp-json\/wp\/v2\/posts\/3205\/revisions\/3210"}],"wp:featuredmedia":[{"embeddable":true,"href":"https:\/\/carpathiacenter.ro\/en\/wp-json\/wp\/v2\/media\/3206"}],"wp:attachment":[{"href":"https:\/\/carpathiacenter.ro\/en\/wp-json\/wp\/v2\/media?parent=3205"}],"wp:term":[{"taxonomy":"category","embeddable":true,"href":"https:\/\/carpathiacenter.ro\/en\/wp-json\/wp\/v2\/categories?post=3205"},{"taxonomy":"post_tag","embeddable":true,"href":"https:\/\/carpathiacenter.ro\/en\/wp-json\/wp\/v2\/tags?post=3205"}],"curies":[{"name":"wp","href":"https:\/\/api.w.org\/{rel}","templated":true}]}}