{"id":3192,"date":"2025-10-20T07:00:30","date_gmt":"2025-10-20T07:00:30","guid":{"rendered":"https:\/\/carpathiacenter.ro\/?p=3192"},"modified":"2025-10-21T07:04:14","modified_gmt":"2025-10-21T07:04:14","slug":"camera-deputatilor-motiunea-simpla-pe-agricultura-dezbatuta-in-plen","status":"publish","type":"post","link":"https:\/\/carpathiacenter.ro\/en\/camera-deputatilor-motiunea-simpla-pe-agricultura-dezbatuta-in-plen\/","title":{"rendered":"Camera Deputa\u021bilor\/ Mo\u021biunea simpl\u0103 pe agricultur\u0103 &#8211; dezb\u0103tut\u0103 \u00een plen"},"content":{"rendered":"<p><strong>Mo\u021biunea simpl\u0103 pe agricultur\u0103, intitulat\u0103 &#8221;C\u00e2nd cultivi minciuni, culegi ru\u0219ine. Un strig\u0103t pentru salvarea agriculturii rom\u00e2ne\u0219ti din m\u00e2inile incompeten\u021bei&#8221;, depus\u0103 de parlamentarii AUR, va fi citit\u0103 \u0219i dezb\u0103tut\u0103 luni \u00een plen.<\/strong><\/p>\n<p>Ini\u021biatorii demersului arat\u0103 c\u0103 aceast\u0103 mo\u021biune este un semnal de alarm\u0103 pentru \u00eentreaga coali\u021bie de guvernare, &#8221;un apel la responsabilitate \u0219i la redarea respectului datorat celor care, prin truda lor, \u021bin Rom\u00e2nia vie \u0219i hr\u0103nit\u0103&#8221;.<\/p>\n<p>&#8221;Agricultura este coloana vertebral\u0103 a oric\u0103rei na\u021biuni, sursa hranei, a stabilit\u0103\u021bii economice \u0219i a identit\u0103\u021bii noastre rurale. F\u0103r\u0103 agricultori, f\u0103r\u0103 cei care trudesc zi de zi pe c\u00e2mp, Rom\u00e2nia nu poate exista. \u00cen loc s\u0103 fie sprijini\u021bi, respecta\u021bi \u0219i proteja\u021bi, fermierii rom\u00e2ni au fost min\u021bi\u021bi, am\u0103gi\u021bi \u0219i abandona\u021bi. Lipsa de viziune, promisiunile \u00eenc\u0103lcate \u0219i m\u0103surile haotice ale ministrului Florin Barbu nu doar c\u0103 au pus agricultura rom\u00e2neasc\u0103 \u00een genunchi, ci au devenit o batjocur\u0103 la adresa celor care cultiv\u0103 p\u0103m\u00e2ntul \u0219i asigur\u0103 hrana poporului rom\u00e2n. Aceast\u0103 mo\u021biune nu este doar un act politic, ci este un strig\u0103t de revolt\u0103 din partea celor care activeaz\u0103 \u00een domeniul agricol \u0219i care nu mai vor ca munca lor s\u0103 fie tratat\u0103 cu dispre\u021b \u0219i indiferen\u021b\u0103. Am fi putut avea aceast\u0103 discu\u021bie \u00een cadrul &#8216;Orei Guvernului&#8217;, \u00eens\u0103 domnul ministru a ales s\u0103 ignore Parlamentul, s\u0103 \u00eei sfideze pe rom\u00e2nii care a\u0219teptau s\u0103 aud\u0103 explica\u021biile sale cu privire la dezastrul c\u0103tre care se \u00eendreapt\u0103 agricultura rom\u00e2neasc\u0103&#8221;, se arat\u0103 \u00een textul mo\u021biunii.<\/p>\n<p>Potrivit ini\u021biatorilor, &#8221;ministrul Agriculturii a manifestat public \u0219i \u00eentr-o manier\u0103 repetitiv\u0103 un dispre\u021b flagrant fa\u021b\u0103 de fermierii care au ales s\u0103 protesteze, refuz\u00e2nd s\u0103 adopte un ton respectuos sau m\u0103car s\u0103 asculte revendic\u0103rile lor legitime&#8221;.<\/p>\n<p>&#8221;Din cele 14 cereri formulate de fermierii rom\u00e2ni la protestul din 2024, opt au fost c\u0103lcate \u00een picioare, nerealizate complet. Zero rezultate, zero voin\u021b\u0103, zero respect. Doar vorbe \u0219i am\u00e2n\u0103ri. Trei dintre ele au fost atinse superficial, bifate \u00een grab\u0103, pentru a se mima interesul. Aceasta nu mai este neglijen\u021b\u0103, ci incompeten\u021b\u0103 asumat\u0103. Compensarea minim\u0103 de 60 de euro pe ton\u0103 pentru pierderile provocate de importurile ieftine din Ucraina? Nici urm\u0103, zero. Sprijinul de 3 euro pe ton\u0103 pe lun\u0103 pentru cerealele depozitate \u00eentre septembrie 2023 \u0219i februarie 2024? Fals, nu s-a f\u0103cut nimic \u00een timp util, zero. (&#8230;) Competi\u021bia corect\u0103 pe pia\u021ba european\u0103, invocat\u0103 de dumneavoastr\u0103 \u00een toate ie\u0219irile publice? O minciun\u0103 sfruntat\u0103, zero. Produsele neconforme continu\u0103 s\u0103 intre \u00een \u021bar\u0103, \u00een timp ce fermierii rom\u00e2ni sunt sufoca\u021bi. (&#8230;) Controalele vamale pentru oprirea falsific\u0103rii originii produselor din Ucraina? Inexistente. (&#8230;) Cum pute\u021bi dormi lini\u0219tit \u0219tiind c\u0103 fermierii \u0219i-au pierdut totul, \u00een timp ce Ministerul Agriculturii se scald\u0103 \u00een justifc\u0103ri?&#8221;, sus\u021bin ini\u021biatorii.<\/p>\n<p>Parlamentarii AUR mai spun c\u0103 programul &#8221;Tomata&#8221; a devenit un simbol al e\u0219ecului, un program &#8221;distrus de birocra\u021bie \u0219i lips\u0103 de interes&#8221;.<\/p>\n<p>&#8221;A\u021bi dezarmat agricultura exact \u00een momentul \u00een care avea cea mai mare nevoie de ap\u0103rare, pentru c\u0103 vine iarna imediat. (&#8230;) Aceast\u0103 mo\u021biune este un semnal de alarm\u0103 pentru \u00eentreaga coali\u021bie de guvernare, un apel la responsabilitate \u0219i la redarea respectului datorat celor care, prin truda lor, \u021bin Rom\u00e2nia vie \u0219i hr\u0103nit\u0103&#8221;, se mai precizeaz\u0103 \u00een textul mo\u021biunii simple.<\/p>\n<p>Mo\u021biunea urmeaz\u0103 s\u0103 fie supus\u0103 miercuri votului plenului. AGERPRES\/(AS &#8211; editor: Georgiana T\u0103n\u0103sescu, editor online: Gabriela Badea)&nbsp;<br \/>\n<br \/>\nSursa articolului:  <a href=\"https:\/\/agerpres.ro\/viata-parlamentara\/2025\/10\/20\/camera-deputatilor-motiunea-simpla-pe-agricultura---dezbatuta-in-plen--1494947\" target=\"_blank\" rel=\"noopener\" title=\"\">https:\/\/agerpres.ro\/viata-parlamentara\/2025\/10\/20\/camera-deputatilor-motiunea-simpla-pe-agricultura&#8212;dezbatuta-in-plen&#8211;1494947<\/a><\/p>","protected":false},"excerpt":{"rendered":"<p>Mo\u021biunea simpl\u0103 pe agricultur\u0103, intitulat\u0103 &#8221;C\u00e2nd cultivi minciuni, culegi ru\u0219ine. Un strig\u0103t pentru salvarea agriculturii rom\u00e2ne\u0219ti din m\u00e2inile incompeten\u021bei&#8221;, depus\u0103 de parlamentarii AUR, va fi citit\u0103 \u0219i dezb\u0103tut\u0103 luni \u00een plen. Ini\u021biatorii demersului arat\u0103 c\u0103 aceast\u0103 mo\u021biune este un semnal de alarm\u0103 pentru \u00eentreaga coali\u021bie de guvernare, &#8221;un apel la responsabilitate \u0219i la redarea respectului&#8230;<\/p>","protected":false},"author":4,"featured_media":3195,"comment_status":"open","ping_status":"open","sticky":false,"template":"","format":"standard","meta":{"footnotes":""},"categories":[1],"tags":[],"class_list":["post-3192","post","type-post","status-publish","format-standard","has-post-thumbnail","hentry","category-uncategorized"],"yoast_head":"<!-- This site is optimized with the Yoast SEO plugin v26.1.1 - https:\/\/yoast.com\/wordpress\/plugins\/seo\/ -->\n<title>Camera Deputa\u021bilor\/ Mo\u021biunea simpl\u0103 pe agricultur\u0103 - dezb\u0103tut\u0103 \u00een plen - Carpathia Center Romania<\/title>\n<meta name=\"robots\" content=\"index, follow, max-snippet:-1, max-image-preview:large, max-video-preview:-1\" \/>\n<link rel=\"canonical\" href=\"https:\/\/carpathiacenter.ro\/en\/camera-deputatilor-motiunea-simpla-pe-agricultura-dezbatuta-in-plen\/\" \/>\n<meta property=\"og:locale\" content=\"en_GB\" \/>\n<meta property=\"og:type\" content=\"article\" \/>\n<meta property=\"og:title\" content=\"Camera Deputa\u021bilor\/ Mo\u021biunea simpl\u0103 pe agricultur\u0103 - dezb\u0103tut\u0103 \u00een plen - Carpathia Center Romania\" \/>\n<meta property=\"og:description\" content=\"Mo\u021biunea simpl\u0103 pe agricultur\u0103, intitulat\u0103 &#8221;C\u00e2nd cultivi minciuni, culegi ru\u0219ine. Un strig\u0103t pentru salvarea agriculturii rom\u00e2ne\u0219ti din m\u00e2inile incompeten\u021bei&#8221;, depus\u0103 de parlamentarii AUR, va fi citit\u0103 \u0219i dezb\u0103tut\u0103 luni \u00een plen. Ini\u021biatorii demersului arat\u0103 c\u0103 aceast\u0103 mo\u021biune este un semnal de alarm\u0103 pentru \u00eentreaga coali\u021bie de guvernare, &#8221;un apel la responsabilitate \u0219i la redarea respectului...\" \/>\n<meta property=\"og:url\" content=\"https:\/\/carpathiacenter.ro\/en\/camera-deputatilor-motiunea-simpla-pe-agricultura-dezbatuta-in-plen\/\" \/>\n<meta property=\"og:site_name\" content=\"Carpathia Center Romania\" \/>\n<meta property=\"article:publisher\" content=\"https:\/\/www.facebook.com\/fdpscarpathia\/\" \/>\n<meta property=\"article:published_time\" content=\"2025-10-20T07:00:30+00:00\" \/>\n<meta property=\"article:modified_time\" content=\"2025-10-21T07:04:14+00:00\" \/>\n<meta property=\"og:image\" content=\"https:\/\/carpathiacenter.ro\/wp-content\/uploads\/2025\/10\/camera-deputatilor.jpg\" \/>\n\t<meta property=\"og:image:width\" content=\"1600\" \/>\n\t<meta property=\"og:image:height\" content=\"480\" \/>\n\t<meta property=\"og:image:type\" content=\"image\/jpeg\" \/>\n<meta name=\"author\" content=\"creativebitsolutions\" \/>\n<meta name=\"twitter:card\" content=\"summary_large_image\" \/>\n<meta name=\"twitter:label1\" content=\"Written by\" \/>\n\t<meta name=\"twitter:data1\" content=\"creativebitsolutions\" \/>\n\t<meta name=\"twitter:label2\" content=\"Estimated reading time\" \/>\n\t<meta name=\"twitter:data2\" content=\"3 minutes\" \/>\n<script type=\"application\/ld+json\" class=\"yoast-schema-graph\">{\"@context\":\"https:\/\/schema.org\",\"@graph\":[{\"@type\":\"Article\",\"@id\":\"https:\/\/carpathiacenter.ro\/camera-deputatilor-motiunea-simpla-pe-agricultura-dezbatuta-in-plen\/#article\",\"isPartOf\":{\"@id\":\"https:\/\/carpathiacenter.ro\/camera-deputatilor-motiunea-simpla-pe-agricultura-dezbatuta-in-plen\/\"},\"author\":{\"name\":\"creativebitsolutions\",\"@id\":\"https:\/\/carpathiacenter.ro\/#\/schema\/person\/03d9f58202fee8379268f34afa195006\"},\"headline\":\"Camera Deputa\u021bilor\/ Mo\u021biunea simpl\u0103 pe agricultur\u0103 &#8211; dezb\u0103tut\u0103 \u00een plen\",\"datePublished\":\"2025-10-20T07:00:30+00:00\",\"dateModified\":\"2025-10-21T07:04:14+00:00\",\"mainEntityOfPage\":{\"@id\":\"https:\/\/carpathiacenter.ro\/camera-deputatilor-motiunea-simpla-pe-agricultura-dezbatuta-in-plen\/\"},\"wordCount\":617,\"commentCount\":0,\"publisher\":{\"@id\":\"https:\/\/carpathiacenter.ro\/#organization\"},\"image\":{\"@id\":\"https:\/\/carpathiacenter.ro\/camera-deputatilor-motiunea-simpla-pe-agricultura-dezbatuta-in-plen\/#primaryimage\"},\"thumbnailUrl\":\"https:\/\/carpathiacenter.ro\/wp-content\/uploads\/2025\/10\/camera-deputatilor.jpg\",\"articleSection\":[\"Uncategorized\"],\"inLanguage\":\"en-GB\",\"potentialAction\":[{\"@type\":\"CommentAction\",\"name\":\"Comment\",\"target\":[\"https:\/\/carpathiacenter.ro\/camera-deputatilor-motiunea-simpla-pe-agricultura-dezbatuta-in-plen\/#respond\"]}]},{\"@type\":\"WebPage\",\"@id\":\"https:\/\/carpathiacenter.ro\/camera-deputatilor-motiunea-simpla-pe-agricultura-dezbatuta-in-plen\/\",\"url\":\"https:\/\/carpathiacenter.ro\/camera-deputatilor-motiunea-simpla-pe-agricultura-dezbatuta-in-plen\/\",\"name\":\"Camera Deputa\u021bilor\/ Mo\u021biunea simpl\u0103 pe agricultur\u0103 - dezb\u0103tut\u0103 \u00een plen - Carpathia Center Romania\",\"isPartOf\":{\"@id\":\"https:\/\/carpathiacenter.ro\/#website\"},\"primaryImageOfPage\":{\"@id\":\"https:\/\/carpathiacenter.ro\/camera-deputatilor-motiunea-simpla-pe-agricultura-dezbatuta-in-plen\/#primaryimage\"},\"image\":{\"@id\":\"https:\/\/carpathiacenter.ro\/camera-deputatilor-motiunea-simpla-pe-agricultura-dezbatuta-in-plen\/#primaryimage\"},\"thumbnailUrl\":\"https:\/\/carpathiacenter.ro\/wp-content\/uploads\/2025\/10\/camera-deputatilor.jpg\",\"datePublished\":\"2025-10-20T07:00:30+00:00\",\"dateModified\":\"2025-10-21T07:04:14+00:00\",\"breadcrumb\":{\"@id\":\"https:\/\/carpathiacenter.ro\/camera-deputatilor-motiunea-simpla-pe-agricultura-dezbatuta-in-plen\/#breadcrumb\"},\"inLanguage\":\"en-GB\",\"potentialAction\":[{\"@type\":\"ReadAction\",\"target\":[\"https:\/\/carpathiacenter.ro\/camera-deputatilor-motiunea-simpla-pe-agricultura-dezbatuta-in-plen\/\"]}]},{\"@type\":\"ImageObject\",\"inLanguage\":\"en-GB\",\"@id\":\"https:\/\/carpathiacenter.ro\/camera-deputatilor-motiunea-simpla-pe-agricultura-dezbatuta-in-plen\/#primaryimage\",\"url\":\"https:\/\/carpathiacenter.ro\/wp-content\/uploads\/2025\/10\/camera-deputatilor.jpg\",\"contentUrl\":\"https:\/\/carpathiacenter.ro\/wp-content\/uploads\/2025\/10\/camera-deputatilor.jpg\",\"width\":1600,\"height\":480},{\"@type\":\"BreadcrumbList\",\"@id\":\"https:\/\/carpathiacenter.ro\/camera-deputatilor-motiunea-simpla-pe-agricultura-dezbatuta-in-plen\/#breadcrumb\",\"itemListElement\":[{\"@type\":\"ListItem\",\"position\":1,\"name\":\"Prima pagin\u0103\",\"item\":\"https:\/\/carpathiacenter.ro\/\"},{\"@type\":\"ListItem\",\"position\":2,\"name\":\"Camera Deputa\u021bilor\/ Mo\u021biunea simpl\u0103 pe agricultur\u0103 &#8211; dezb\u0103tut\u0103 \u00een plen\"}]},{\"@type\":\"WebSite\",\"@id\":\"https:\/\/carpathiacenter.ro\/#website\",\"url\":\"https:\/\/carpathiacenter.ro\/\",\"name\":\"Carpathia Center Romania\",\"description\":\"Impossible made possible!\",\"publisher\":{\"@id\":\"https:\/\/carpathiacenter.ro\/#organization\"},\"potentialAction\":[{\"@type\":\"SearchAction\",\"target\":{\"@type\":\"EntryPoint\",\"urlTemplate\":\"https:\/\/carpathiacenter.ro\/?s={search_term_string}\"},\"query-input\":{\"@type\":\"PropertyValueSpecification\",\"valueRequired\":true,\"valueName\":\"search_term_string\"}}],\"inLanguage\":\"en-GB\"},{\"@type\":\"Organization\",\"@id\":\"https:\/\/carpathiacenter.ro\/#organization\",\"name\":\"Carpathia Center Romania\",\"url\":\"https:\/\/carpathiacenter.ro\/\",\"logo\":{\"@type\":\"ImageObject\",\"inLanguage\":\"en-GB\",\"@id\":\"https:\/\/carpathiacenter.ro\/#\/schema\/logo\/image\/\",\"url\":\"https:\/\/carpathiacenter.ro\/wp-content\/uploads\/2024\/07\/logo-carpathia_bg_white-1024x941.png\",\"contentUrl\":\"https:\/\/carpathiacenter.ro\/wp-content\/uploads\/2024\/07\/logo-carpathia_bg_white-1024x941.png\",\"width\":1024,\"height\":941,\"caption\":\"Carpathia Center Romania\"},\"image\":{\"@id\":\"https:\/\/carpathiacenter.ro\/#\/schema\/logo\/image\/\"},\"sameAs\":[\"https:\/\/www.facebook.com\/fdpscarpathia\/\"]},{\"@type\":\"Person\",\"@id\":\"https:\/\/carpathiacenter.ro\/#\/schema\/person\/03d9f58202fee8379268f34afa195006\",\"name\":\"creativebitsolutions\",\"image\":{\"@type\":\"ImageObject\",\"inLanguage\":\"en-GB\",\"@id\":\"https:\/\/carpathiacenter.ro\/#\/schema\/person\/image\/\",\"url\":\"https:\/\/secure.gravatar.com\/avatar\/1b1a13e37f847c635dab78348f1dff2f07651ee2a3d77a5c355a4b8c75f9165a?s=96&d=mm&r=g\",\"contentUrl\":\"https:\/\/secure.gravatar.com\/avatar\/1b1a13e37f847c635dab78348f1dff2f07651ee2a3d77a5c355a4b8c75f9165a?s=96&d=mm&r=g\",\"caption\":\"creativebitsolutions\"},\"url\":\"https:\/\/carpathiacenter.ro\/en\/author\/creativebitsolutions\/\"}]}<\/script>\n<!-- \/ Yoast SEO plugin. -->","yoast_head_json":{"title":"Camera Deputa\u021bilor\/ Mo\u021biunea simpl\u0103 pe agricultur\u0103 - dezb\u0103tut\u0103 \u00een plen - Carpathia Center Romania","robots":{"index":"index","follow":"follow","max-snippet":"max-snippet:-1","max-image-preview":"max-image-preview:large","max-video-preview":"max-video-preview:-1"},"canonical":"https:\/\/carpathiacenter.ro\/en\/camera-deputatilor-motiunea-simpla-pe-agricultura-dezbatuta-in-plen\/","og_locale":"en_GB","og_type":"article","og_title":"Camera Deputa\u021bilor\/ Mo\u021biunea simpl\u0103 pe agricultur\u0103 - dezb\u0103tut\u0103 \u00een plen - Carpathia Center Romania","og_description":"Mo\u021biunea simpl\u0103 pe agricultur\u0103, intitulat\u0103 &#8221;C\u00e2nd cultivi minciuni, culegi ru\u0219ine. Un strig\u0103t pentru salvarea agriculturii rom\u00e2ne\u0219ti din m\u00e2inile incompeten\u021bei&#8221;, depus\u0103 de parlamentarii AUR, va fi citit\u0103 \u0219i dezb\u0103tut\u0103 luni \u00een plen. Ini\u021biatorii demersului arat\u0103 c\u0103 aceast\u0103 mo\u021biune este un semnal de alarm\u0103 pentru \u00eentreaga coali\u021bie de guvernare, &#8221;un apel la responsabilitate \u0219i la redarea respectului...","og_url":"https:\/\/carpathiacenter.ro\/en\/camera-deputatilor-motiunea-simpla-pe-agricultura-dezbatuta-in-plen\/","og_site_name":"Carpathia Center Romania","article_publisher":"https:\/\/www.facebook.com\/fdpscarpathia\/","article_published_time":"2025-10-20T07:00:30+00:00","article_modified_time":"2025-10-21T07:04:14+00:00","og_image":[{"width":1600,"height":480,"url":"https:\/\/carpathiacenter.ro\/wp-content\/uploads\/2025\/10\/camera-deputatilor.jpg","type":"image\/jpeg"}],"author":"creativebitsolutions","twitter_card":"summary_large_image","twitter_misc":{"Written by":"creativebitsolutions","Estimated reading time":"3 minutes"},"schema":{"@context":"https:\/\/schema.org","@graph":[{"@type":"Article","@id":"https:\/\/carpathiacenter.ro\/camera-deputatilor-motiunea-simpla-pe-agricultura-dezbatuta-in-plen\/#article","isPartOf":{"@id":"https:\/\/carpathiacenter.ro\/camera-deputatilor-motiunea-simpla-pe-agricultura-dezbatuta-in-plen\/"},"author":{"name":"creativebitsolutions","@id":"https:\/\/carpathiacenter.ro\/#\/schema\/person\/03d9f58202fee8379268f34afa195006"},"headline":"Camera Deputa\u021bilor\/ Mo\u021biunea simpl\u0103 pe agricultur\u0103 &#8211; dezb\u0103tut\u0103 \u00een plen","datePublished":"2025-10-20T07:00:30+00:00","dateModified":"2025-10-21T07:04:14+00:00","mainEntityOfPage":{"@id":"https:\/\/carpathiacenter.ro\/camera-deputatilor-motiunea-simpla-pe-agricultura-dezbatuta-in-plen\/"},"wordCount":617,"commentCount":0,"publisher":{"@id":"https:\/\/carpathiacenter.ro\/#organization"},"image":{"@id":"https:\/\/carpathiacenter.ro\/camera-deputatilor-motiunea-simpla-pe-agricultura-dezbatuta-in-plen\/#primaryimage"},"thumbnailUrl":"https:\/\/carpathiacenter.ro\/wp-content\/uploads\/2025\/10\/camera-deputatilor.jpg","articleSection":["Uncategorized"],"inLanguage":"en-GB","potentialAction":[{"@type":"CommentAction","name":"Comment","target":["https:\/\/carpathiacenter.ro\/camera-deputatilor-motiunea-simpla-pe-agricultura-dezbatuta-in-plen\/#respond"]}]},{"@type":"WebPage","@id":"https:\/\/carpathiacenter.ro\/camera-deputatilor-motiunea-simpla-pe-agricultura-dezbatuta-in-plen\/","url":"https:\/\/carpathiacenter.ro\/camera-deputatilor-motiunea-simpla-pe-agricultura-dezbatuta-in-plen\/","name":"Camera Deputa\u021bilor\/ Mo\u021biunea simpl\u0103 pe agricultur\u0103 - dezb\u0103tut\u0103 \u00een plen - Carpathia Center Romania","isPartOf":{"@id":"https:\/\/carpathiacenter.ro\/#website"},"primaryImageOfPage":{"@id":"https:\/\/carpathiacenter.ro\/camera-deputatilor-motiunea-simpla-pe-agricultura-dezbatuta-in-plen\/#primaryimage"},"image":{"@id":"https:\/\/carpathiacenter.ro\/camera-deputatilor-motiunea-simpla-pe-agricultura-dezbatuta-in-plen\/#primaryimage"},"thumbnailUrl":"https:\/\/carpathiacenter.ro\/wp-content\/uploads\/2025\/10\/camera-deputatilor.jpg","datePublished":"2025-10-20T07:00:30+00:00","dateModified":"2025-10-21T07:04:14+00:00","breadcrumb":{"@id":"https:\/\/carpathiacenter.ro\/camera-deputatilor-motiunea-simpla-pe-agricultura-dezbatuta-in-plen\/#breadcrumb"},"inLanguage":"en-GB","potentialAction":[{"@type":"ReadAction","target":["https:\/\/carpathiacenter.ro\/camera-deputatilor-motiunea-simpla-pe-agricultura-dezbatuta-in-plen\/"]}]},{"@type":"ImageObject","inLanguage":"en-GB","@id":"https:\/\/carpathiacenter.ro\/camera-deputatilor-motiunea-simpla-pe-agricultura-dezbatuta-in-plen\/#primaryimage","url":"https:\/\/carpathiacenter.ro\/wp-content\/uploads\/2025\/10\/camera-deputatilor.jpg","contentUrl":"https:\/\/carpathiacenter.ro\/wp-content\/uploads\/2025\/10\/camera-deputatilor.jpg","width":1600,"height":480},{"@type":"BreadcrumbList","@id":"https:\/\/carpathiacenter.ro\/camera-deputatilor-motiunea-simpla-pe-agricultura-dezbatuta-in-plen\/#breadcrumb","itemListElement":[{"@type":"ListItem","position":1,"name":"Prima pagin\u0103","item":"https:\/\/carpathiacenter.ro\/"},{"@type":"ListItem","position":2,"name":"Camera Deputa\u021bilor\/ Mo\u021biunea simpl\u0103 pe agricultur\u0103 &#8211; dezb\u0103tut\u0103 \u00een plen"}]},{"@type":"WebSite","@id":"https:\/\/carpathiacenter.ro\/#website","url":"https:\/\/carpathiacenter.ro\/","name":"Carpathia Center Romania","description":"Impossible made possible!","publisher":{"@id":"https:\/\/carpathiacenter.ro\/#organization"},"potentialAction":[{"@type":"SearchAction","target":{"@type":"EntryPoint","urlTemplate":"https:\/\/carpathiacenter.ro\/?s={search_term_string}"},"query-input":{"@type":"PropertyValueSpecification","valueRequired":true,"valueName":"search_term_string"}}],"inLanguage":"en-GB"},{"@type":"Organization","@id":"https:\/\/carpathiacenter.ro\/#organization","name":"Carpathia Center Romania","url":"https:\/\/carpathiacenter.ro\/","logo":{"@type":"ImageObject","inLanguage":"en-GB","@id":"https:\/\/carpathiacenter.ro\/#\/schema\/logo\/image\/","url":"https:\/\/carpathiacenter.ro\/wp-content\/uploads\/2024\/07\/logo-carpathia_bg_white-1024x941.png","contentUrl":"https:\/\/carpathiacenter.ro\/wp-content\/uploads\/2024\/07\/logo-carpathia_bg_white-1024x941.png","width":1024,"height":941,"caption":"Carpathia Center Romania"},"image":{"@id":"https:\/\/carpathiacenter.ro\/#\/schema\/logo\/image\/"},"sameAs":["https:\/\/www.facebook.com\/fdpscarpathia\/"]},{"@type":"Person","@id":"https:\/\/carpathiacenter.ro\/#\/schema\/person\/03d9f58202fee8379268f34afa195006","name":"creativebitsolutions","image":{"@type":"ImageObject","inLanguage":"en-GB","@id":"https:\/\/carpathiacenter.ro\/#\/schema\/person\/image\/","url":"https:\/\/secure.gravatar.com\/avatar\/1b1a13e37f847c635dab78348f1dff2f07651ee2a3d77a5c355a4b8c75f9165a?s=96&d=mm&r=g","contentUrl":"https:\/\/secure.gravatar.com\/avatar\/1b1a13e37f847c635dab78348f1dff2f07651ee2a3d77a5c355a4b8c75f9165a?s=96&d=mm&r=g","caption":"creativebitsolutions"},"url":"https:\/\/carpathiacenter.ro\/en\/author\/creativebitsolutions\/"}]}},"_links":{"self":[{"href":"https:\/\/carpathiacenter.ro\/en\/wp-json\/wp\/v2\/posts\/3192","targetHints":{"allow":["GET"]}}],"collection":[{"href":"https:\/\/carpathiacenter.ro\/en\/wp-json\/wp\/v2\/posts"}],"about":[{"href":"https:\/\/carpathiacenter.ro\/en\/wp-json\/wp\/v2\/types\/post"}],"author":[{"embeddable":true,"href":"https:\/\/carpathiacenter.ro\/en\/wp-json\/wp\/v2\/users\/4"}],"replies":[{"embeddable":true,"href":"https:\/\/carpathiacenter.ro\/en\/wp-json\/wp\/v2\/comments?post=3192"}],"version-history":[{"count":1,"href":"https:\/\/carpathiacenter.ro\/en\/wp-json\/wp\/v2\/posts\/3192\/revisions"}],"predecessor-version":[{"id":3193,"href":"https:\/\/carpathiacenter.ro\/en\/wp-json\/wp\/v2\/posts\/3192\/revisions\/3193"}],"wp:featuredmedia":[{"embeddable":true,"href":"https:\/\/carpathiacenter.ro\/en\/wp-json\/wp\/v2\/media\/3195"}],"wp:attachment":[{"href":"https:\/\/carpathiacenter.ro\/en\/wp-json\/wp\/v2\/media?parent=3192"}],"wp:term":[{"taxonomy":"category","embeddable":true,"href":"https:\/\/carpathiacenter.ro\/en\/wp-json\/wp\/v2\/categories?post=3192"},{"taxonomy":"post_tag","embeddable":true,"href":"https:\/\/carpathiacenter.ro\/en\/wp-json\/wp\/v2\/tags?post=3192"}],"curies":[{"name":"wp","href":"https:\/\/api.w.org\/{rel}","templated":true}]}}