{"id":3189,"date":"2025-10-20T06:57:02","date_gmt":"2025-10-20T06:57:02","guid":{"rendered":"https:\/\/carpathiacenter.ro\/?p=3189"},"modified":"2025-10-21T07:00:26","modified_gmt":"2025-10-21T07:00:26","slug":"oana-toiu-la-luxemburg-participa-la-reuniunea-ministrilor-de-externe-din-ue","status":"publish","type":"post","link":"https:\/\/carpathiacenter.ro\/en\/oana-toiu-la-luxemburg-participa-la-reuniunea-ministrilor-de-externe-din-ue\/","title":{"rendered":"Oana \u021aoiu &#8211; la Luxemburg; particip\u0103 la reuniunea mini\u0219trilor de Externe din UE"},"content":{"rendered":"<p><strong>Ministrul Afacerilor Externe, Oana \u021aoiu, va participa luni la reuniunea \u0219efilor diploma\u021biilor din statele membre ale Uniunii Europene, care se va desf\u0103\u0219ura la Luxemburg.<\/strong><\/p>\n<p>Agenda Consiliului Afaceri Externe (CAE) va include: agresiunea Rusiei \u00eempotriva Ucrainei, situa\u021bia din Orientul Mijlociu \u0219i rela\u021biile UE &#8211; Indo &#8211; Pacific, a informat MAE.<\/p>\n<p>&#8221;La sec\u021biunea Afaceri curente, vor fi abordate evolu\u021biile recente din Republica Moldova, situa\u021bia din Georgia \u0219i evolu\u021biile din Sudan. \u00cen marja reuniunii CAE, va avea loc \u0219i o \u00eent\u00e2lnire informal\u0103 pe tema metodelor de lucru, cu scopul de a \u00eent\u0103ri prezen\u021ba UE \u00een plan global, printr-un proces decizional mai eficient&#8221;, a precizat un comunicat al Ministerului de Externe.<\/p>\n<p>Oana \u021aoiu va participa \u0219i la Reuniunea ministerial\u0103 privind securitatea \u0219i conectivitatea interregional\u0103, cu o agend\u0103 axat\u0103 pe cooperarea \u00een regiunea M\u0103rii Negre. AGERPRES\/(AS &#8211; redactor: Irinela Vi\u0219an, editor: Claudia St\u0103nescu, editor online: Gabriela Badea)&nbsp;<br \/>\n<br \/>\nSursa articolului:  <a href=\"https:\/\/agerpres.ro\/politic\/2025\/10\/20\/oana-toiu---la-luxemburg-participa-la-reuniunea-ministrilor-de-externe-din-ue--1494949\" target=\"_blank\" rel=\"noopener\" title=\"\">https:\/\/agerpres.ro\/politic\/2025\/10\/20\/oana-toiu&#8212;la-luxemburg-participa-la-reuniunea-ministrilor-de-externe-din-ue&#8211;1494949<\/a><\/p>","protected":false},"excerpt":{"rendered":"<p>Ministrul Afacerilor Externe, Oana \u021aoiu, va participa luni la reuniunea \u0219efilor diploma\u021biilor din statele membre ale Uniunii Europene, care se va desf\u0103\u0219ura la Luxemburg. Agenda Consiliului Afaceri Externe (CAE) va include: agresiunea Rusiei \u00eempotriva Ucrainei, situa\u021bia din Orientul Mijlociu \u0219i rela\u021biile UE &#8211; Indo &#8211; Pacific, a informat MAE. &#8221;La sec\u021biunea Afaceri curente, vor fi&#8230;<\/p>","protected":false},"author":4,"featured_media":3190,"comment_status":"open","ping_status":"open","sticky":false,"template":"","format":"standard","meta":{"footnotes":""},"categories":[1],"tags":[],"class_list":["post-3189","post","type-post","status-publish","format-standard","has-post-thumbnail","hentry","category-uncategorized"],"yoast_head":"<!-- This site is optimized with the Yoast SEO plugin v26.1.1 - https:\/\/yoast.com\/wordpress\/plugins\/seo\/ -->\n<title>Oana \u021aoiu - la Luxemburg; particip\u0103 la reuniunea mini\u0219trilor de Externe din UE - Carpathia Center Romania<\/title>\n<meta name=\"robots\" content=\"index, follow, max-snippet:-1, max-image-preview:large, max-video-preview:-1\" \/>\n<link rel=\"canonical\" href=\"https:\/\/carpathiacenter.ro\/en\/oana-toiu-la-luxemburg-participa-la-reuniunea-ministrilor-de-externe-din-ue\/\" \/>\n<meta property=\"og:locale\" content=\"en_GB\" \/>\n<meta property=\"og:type\" content=\"article\" \/>\n<meta property=\"og:title\" content=\"Oana \u021aoiu - la Luxemburg; particip\u0103 la reuniunea mini\u0219trilor de Externe din UE - Carpathia Center Romania\" \/>\n<meta property=\"og:description\" content=\"Ministrul Afacerilor Externe, Oana \u021aoiu, va participa luni la reuniunea \u0219efilor diploma\u021biilor din statele membre ale Uniunii Europene, care se va desf\u0103\u0219ura la Luxemburg. Agenda Consiliului Afaceri Externe (CAE) va include: agresiunea Rusiei \u00eempotriva Ucrainei, situa\u021bia din Orientul Mijlociu \u0219i rela\u021biile UE &#8211; Indo &#8211; Pacific, a informat MAE. &#8221;La sec\u021biunea Afaceri curente, vor fi...\" \/>\n<meta property=\"og:url\" content=\"https:\/\/carpathiacenter.ro\/en\/oana-toiu-la-luxemburg-participa-la-reuniunea-ministrilor-de-externe-din-ue\/\" \/>\n<meta property=\"og:site_name\" content=\"Carpathia Center Romania\" \/>\n<meta property=\"article:publisher\" content=\"https:\/\/www.facebook.com\/fdpscarpathia\/\" \/>\n<meta property=\"article:published_time\" content=\"2025-10-20T06:57:02+00:00\" \/>\n<meta property=\"article:modified_time\" content=\"2025-10-21T07:00:26+00:00\" \/>\n<meta property=\"og:image\" content=\"https:\/\/carpathiacenter.ro\/wp-content\/uploads\/2025\/10\/oana-toiu.jpg\" \/>\n\t<meta property=\"og:image:width\" content=\"824\" \/>\n\t<meta property=\"og:image:height\" content=\"469\" \/>\n\t<meta property=\"og:image:type\" content=\"image\/jpeg\" \/>\n<meta name=\"author\" content=\"creativebitsolutions\" \/>\n<meta name=\"twitter:card\" content=\"summary_large_image\" \/>\n<meta name=\"twitter:label1\" content=\"Written by\" \/>\n\t<meta name=\"twitter:data1\" content=\"creativebitsolutions\" \/>\n\t<meta name=\"twitter:label2\" content=\"Estimated reading time\" \/>\n\t<meta name=\"twitter:data2\" content=\"1 minute\" \/>\n<script type=\"application\/ld+json\" class=\"yoast-schema-graph\">{\"@context\":\"https:\/\/schema.org\",\"@graph\":[{\"@type\":\"Article\",\"@id\":\"https:\/\/carpathiacenter.ro\/oana-toiu-la-luxemburg-participa-la-reuniunea-ministrilor-de-externe-din-ue\/#article\",\"isPartOf\":{\"@id\":\"https:\/\/carpathiacenter.ro\/oana-toiu-la-luxemburg-participa-la-reuniunea-ministrilor-de-externe-din-ue\/\"},\"author\":{\"name\":\"creativebitsolutions\",\"@id\":\"https:\/\/carpathiacenter.ro\/#\/schema\/person\/03d9f58202fee8379268f34afa195006\"},\"headline\":\"Oana \u021aoiu &#8211; la Luxemburg; particip\u0103 la reuniunea mini\u0219trilor de Externe din UE\",\"datePublished\":\"2025-10-20T06:57:02+00:00\",\"dateModified\":\"2025-10-21T07:00:26+00:00\",\"mainEntityOfPage\":{\"@id\":\"https:\/\/carpathiacenter.ro\/oana-toiu-la-luxemburg-participa-la-reuniunea-ministrilor-de-externe-din-ue\/\"},\"wordCount\":179,\"commentCount\":0,\"publisher\":{\"@id\":\"https:\/\/carpathiacenter.ro\/#organization\"},\"image\":{\"@id\":\"https:\/\/carpathiacenter.ro\/oana-toiu-la-luxemburg-participa-la-reuniunea-ministrilor-de-externe-din-ue\/#primaryimage\"},\"thumbnailUrl\":\"https:\/\/carpathiacenter.ro\/wp-content\/uploads\/2025\/10\/oana-toiu.jpg\",\"articleSection\":[\"Uncategorized\"],\"inLanguage\":\"en-GB\",\"potentialAction\":[{\"@type\":\"CommentAction\",\"name\":\"Comment\",\"target\":[\"https:\/\/carpathiacenter.ro\/oana-toiu-la-luxemburg-participa-la-reuniunea-ministrilor-de-externe-din-ue\/#respond\"]}]},{\"@type\":\"WebPage\",\"@id\":\"https:\/\/carpathiacenter.ro\/oana-toiu-la-luxemburg-participa-la-reuniunea-ministrilor-de-externe-din-ue\/\",\"url\":\"https:\/\/carpathiacenter.ro\/oana-toiu-la-luxemburg-participa-la-reuniunea-ministrilor-de-externe-din-ue\/\",\"name\":\"Oana \u021aoiu - la Luxemburg; particip\u0103 la reuniunea mini\u0219trilor de Externe din UE - Carpathia Center Romania\",\"isPartOf\":{\"@id\":\"https:\/\/carpathiacenter.ro\/#website\"},\"primaryImageOfPage\":{\"@id\":\"https:\/\/carpathiacenter.ro\/oana-toiu-la-luxemburg-participa-la-reuniunea-ministrilor-de-externe-din-ue\/#primaryimage\"},\"image\":{\"@id\":\"https:\/\/carpathiacenter.ro\/oana-toiu-la-luxemburg-participa-la-reuniunea-ministrilor-de-externe-din-ue\/#primaryimage\"},\"thumbnailUrl\":\"https:\/\/carpathiacenter.ro\/wp-content\/uploads\/2025\/10\/oana-toiu.jpg\",\"datePublished\":\"2025-10-20T06:57:02+00:00\",\"dateModified\":\"2025-10-21T07:00:26+00:00\",\"breadcrumb\":{\"@id\":\"https:\/\/carpathiacenter.ro\/oana-toiu-la-luxemburg-participa-la-reuniunea-ministrilor-de-externe-din-ue\/#breadcrumb\"},\"inLanguage\":\"en-GB\",\"potentialAction\":[{\"@type\":\"ReadAction\",\"target\":[\"https:\/\/carpathiacenter.ro\/oana-toiu-la-luxemburg-participa-la-reuniunea-ministrilor-de-externe-din-ue\/\"]}]},{\"@type\":\"ImageObject\",\"inLanguage\":\"en-GB\",\"@id\":\"https:\/\/carpathiacenter.ro\/oana-toiu-la-luxemburg-participa-la-reuniunea-ministrilor-de-externe-din-ue\/#primaryimage\",\"url\":\"https:\/\/carpathiacenter.ro\/wp-content\/uploads\/2025\/10\/oana-toiu.jpg\",\"contentUrl\":\"https:\/\/carpathiacenter.ro\/wp-content\/uploads\/2025\/10\/oana-toiu.jpg\",\"width\":824,\"height\":469,\"caption\":\"Oana Toiu, proposed Minister of Foreign Affairs, is heard by the specialized committees of the Romanian Parliament. Oana Toiu, Proposed Minister of Foreign Affairs, Heard in Parliament, Bucharest, Romania - 23 Jun 2025,Image: 1014116926, License: Rights-managed, Restrictions: , Model Release: no\"},{\"@type\":\"BreadcrumbList\",\"@id\":\"https:\/\/carpathiacenter.ro\/oana-toiu-la-luxemburg-participa-la-reuniunea-ministrilor-de-externe-din-ue\/#breadcrumb\",\"itemListElement\":[{\"@type\":\"ListItem\",\"position\":1,\"name\":\"Prima pagin\u0103\",\"item\":\"https:\/\/carpathiacenter.ro\/\"},{\"@type\":\"ListItem\",\"position\":2,\"name\":\"Oana \u021aoiu &#8211; la Luxemburg; particip\u0103 la reuniunea mini\u0219trilor de Externe din UE\"}]},{\"@type\":\"WebSite\",\"@id\":\"https:\/\/carpathiacenter.ro\/#website\",\"url\":\"https:\/\/carpathiacenter.ro\/\",\"name\":\"Carpathia Center Romania\",\"description\":\"Impossible made possible!\",\"publisher\":{\"@id\":\"https:\/\/carpathiacenter.ro\/#organization\"},\"potentialAction\":[{\"@type\":\"SearchAction\",\"target\":{\"@type\":\"EntryPoint\",\"urlTemplate\":\"https:\/\/carpathiacenter.ro\/?s={search_term_string}\"},\"query-input\":{\"@type\":\"PropertyValueSpecification\",\"valueRequired\":true,\"valueName\":\"search_term_string\"}}],\"inLanguage\":\"en-GB\"},{\"@type\":\"Organization\",\"@id\":\"https:\/\/carpathiacenter.ro\/#organization\",\"name\":\"Carpathia Center Romania\",\"url\":\"https:\/\/carpathiacenter.ro\/\",\"logo\":{\"@type\":\"ImageObject\",\"inLanguage\":\"en-GB\",\"@id\":\"https:\/\/carpathiacenter.ro\/#\/schema\/logo\/image\/\",\"url\":\"https:\/\/carpathiacenter.ro\/wp-content\/uploads\/2024\/07\/logo-carpathia_bg_white-1024x941.png\",\"contentUrl\":\"https:\/\/carpathiacenter.ro\/wp-content\/uploads\/2024\/07\/logo-carpathia_bg_white-1024x941.png\",\"width\":1024,\"height\":941,\"caption\":\"Carpathia Center Romania\"},\"image\":{\"@id\":\"https:\/\/carpathiacenter.ro\/#\/schema\/logo\/image\/\"},\"sameAs\":[\"https:\/\/www.facebook.com\/fdpscarpathia\/\"]},{\"@type\":\"Person\",\"@id\":\"https:\/\/carpathiacenter.ro\/#\/schema\/person\/03d9f58202fee8379268f34afa195006\",\"name\":\"creativebitsolutions\",\"image\":{\"@type\":\"ImageObject\",\"inLanguage\":\"en-GB\",\"@id\":\"https:\/\/carpathiacenter.ro\/#\/schema\/person\/image\/\",\"url\":\"https:\/\/secure.gravatar.com\/avatar\/1b1a13e37f847c635dab78348f1dff2f07651ee2a3d77a5c355a4b8c75f9165a?s=96&d=mm&r=g\",\"contentUrl\":\"https:\/\/secure.gravatar.com\/avatar\/1b1a13e37f847c635dab78348f1dff2f07651ee2a3d77a5c355a4b8c75f9165a?s=96&d=mm&r=g\",\"caption\":\"creativebitsolutions\"},\"url\":\"https:\/\/carpathiacenter.ro\/en\/author\/creativebitsolutions\/\"}]}<\/script>\n<!-- \/ Yoast SEO plugin. -->","yoast_head_json":{"title":"Oana \u021aoiu - la Luxemburg; particip\u0103 la reuniunea mini\u0219trilor de Externe din UE - Carpathia Center Romania","robots":{"index":"index","follow":"follow","max-snippet":"max-snippet:-1","max-image-preview":"max-image-preview:large","max-video-preview":"max-video-preview:-1"},"canonical":"https:\/\/carpathiacenter.ro\/en\/oana-toiu-la-luxemburg-participa-la-reuniunea-ministrilor-de-externe-din-ue\/","og_locale":"en_GB","og_type":"article","og_title":"Oana \u021aoiu - la Luxemburg; particip\u0103 la reuniunea mini\u0219trilor de Externe din UE - Carpathia Center Romania","og_description":"Ministrul Afacerilor Externe, Oana \u021aoiu, va participa luni la reuniunea \u0219efilor diploma\u021biilor din statele membre ale Uniunii Europene, care se va desf\u0103\u0219ura la Luxemburg. Agenda Consiliului Afaceri Externe (CAE) va include: agresiunea Rusiei \u00eempotriva Ucrainei, situa\u021bia din Orientul Mijlociu \u0219i rela\u021biile UE &#8211; Indo &#8211; Pacific, a informat MAE. &#8221;La sec\u021biunea Afaceri curente, vor fi...","og_url":"https:\/\/carpathiacenter.ro\/en\/oana-toiu-la-luxemburg-participa-la-reuniunea-ministrilor-de-externe-din-ue\/","og_site_name":"Carpathia Center Romania","article_publisher":"https:\/\/www.facebook.com\/fdpscarpathia\/","article_published_time":"2025-10-20T06:57:02+00:00","article_modified_time":"2025-10-21T07:00:26+00:00","og_image":[{"width":824,"height":469,"url":"https:\/\/carpathiacenter.ro\/wp-content\/uploads\/2025\/10\/oana-toiu.jpg","type":"image\/jpeg"}],"author":"creativebitsolutions","twitter_card":"summary_large_image","twitter_misc":{"Written by":"creativebitsolutions","Estimated reading time":"1 minute"},"schema":{"@context":"https:\/\/schema.org","@graph":[{"@type":"Article","@id":"https:\/\/carpathiacenter.ro\/oana-toiu-la-luxemburg-participa-la-reuniunea-ministrilor-de-externe-din-ue\/#article","isPartOf":{"@id":"https:\/\/carpathiacenter.ro\/oana-toiu-la-luxemburg-participa-la-reuniunea-ministrilor-de-externe-din-ue\/"},"author":{"name":"creativebitsolutions","@id":"https:\/\/carpathiacenter.ro\/#\/schema\/person\/03d9f58202fee8379268f34afa195006"},"headline":"Oana \u021aoiu &#8211; la Luxemburg; particip\u0103 la reuniunea mini\u0219trilor de Externe din UE","datePublished":"2025-10-20T06:57:02+00:00","dateModified":"2025-10-21T07:00:26+00:00","mainEntityOfPage":{"@id":"https:\/\/carpathiacenter.ro\/oana-toiu-la-luxemburg-participa-la-reuniunea-ministrilor-de-externe-din-ue\/"},"wordCount":179,"commentCount":0,"publisher":{"@id":"https:\/\/carpathiacenter.ro\/#organization"},"image":{"@id":"https:\/\/carpathiacenter.ro\/oana-toiu-la-luxemburg-participa-la-reuniunea-ministrilor-de-externe-din-ue\/#primaryimage"},"thumbnailUrl":"https:\/\/carpathiacenter.ro\/wp-content\/uploads\/2025\/10\/oana-toiu.jpg","articleSection":["Uncategorized"],"inLanguage":"en-GB","potentialAction":[{"@type":"CommentAction","name":"Comment","target":["https:\/\/carpathiacenter.ro\/oana-toiu-la-luxemburg-participa-la-reuniunea-ministrilor-de-externe-din-ue\/#respond"]}]},{"@type":"WebPage","@id":"https:\/\/carpathiacenter.ro\/oana-toiu-la-luxemburg-participa-la-reuniunea-ministrilor-de-externe-din-ue\/","url":"https:\/\/carpathiacenter.ro\/oana-toiu-la-luxemburg-participa-la-reuniunea-ministrilor-de-externe-din-ue\/","name":"Oana \u021aoiu - la Luxemburg; particip\u0103 la reuniunea mini\u0219trilor de Externe din UE - Carpathia Center Romania","isPartOf":{"@id":"https:\/\/carpathiacenter.ro\/#website"},"primaryImageOfPage":{"@id":"https:\/\/carpathiacenter.ro\/oana-toiu-la-luxemburg-participa-la-reuniunea-ministrilor-de-externe-din-ue\/#primaryimage"},"image":{"@id":"https:\/\/carpathiacenter.ro\/oana-toiu-la-luxemburg-participa-la-reuniunea-ministrilor-de-externe-din-ue\/#primaryimage"},"thumbnailUrl":"https:\/\/carpathiacenter.ro\/wp-content\/uploads\/2025\/10\/oana-toiu.jpg","datePublished":"2025-10-20T06:57:02+00:00","dateModified":"2025-10-21T07:00:26+00:00","breadcrumb":{"@id":"https:\/\/carpathiacenter.ro\/oana-toiu-la-luxemburg-participa-la-reuniunea-ministrilor-de-externe-din-ue\/#breadcrumb"},"inLanguage":"en-GB","potentialAction":[{"@type":"ReadAction","target":["https:\/\/carpathiacenter.ro\/oana-toiu-la-luxemburg-participa-la-reuniunea-ministrilor-de-externe-din-ue\/"]}]},{"@type":"ImageObject","inLanguage":"en-GB","@id":"https:\/\/carpathiacenter.ro\/oana-toiu-la-luxemburg-participa-la-reuniunea-ministrilor-de-externe-din-ue\/#primaryimage","url":"https:\/\/carpathiacenter.ro\/wp-content\/uploads\/2025\/10\/oana-toiu.jpg","contentUrl":"https:\/\/carpathiacenter.ro\/wp-content\/uploads\/2025\/10\/oana-toiu.jpg","width":824,"height":469,"caption":"Oana Toiu, proposed Minister of Foreign Affairs, is heard by the specialized committees of the Romanian Parliament. Oana Toiu, Proposed Minister of Foreign Affairs, Heard in Parliament, Bucharest, Romania - 23 Jun 2025,Image: 1014116926, License: Rights-managed, Restrictions: , Model Release: no"},{"@type":"BreadcrumbList","@id":"https:\/\/carpathiacenter.ro\/oana-toiu-la-luxemburg-participa-la-reuniunea-ministrilor-de-externe-din-ue\/#breadcrumb","itemListElement":[{"@type":"ListItem","position":1,"name":"Prima pagin\u0103","item":"https:\/\/carpathiacenter.ro\/"},{"@type":"ListItem","position":2,"name":"Oana \u021aoiu &#8211; la Luxemburg; particip\u0103 la reuniunea mini\u0219trilor de Externe din UE"}]},{"@type":"WebSite","@id":"https:\/\/carpathiacenter.ro\/#website","url":"https:\/\/carpathiacenter.ro\/","name":"Carpathia Center Romania","description":"Impossible made possible!","publisher":{"@id":"https:\/\/carpathiacenter.ro\/#organization"},"potentialAction":[{"@type":"SearchAction","target":{"@type":"EntryPoint","urlTemplate":"https:\/\/carpathiacenter.ro\/?s={search_term_string}"},"query-input":{"@type":"PropertyValueSpecification","valueRequired":true,"valueName":"search_term_string"}}],"inLanguage":"en-GB"},{"@type":"Organization","@id":"https:\/\/carpathiacenter.ro\/#organization","name":"Carpathia Center Romania","url":"https:\/\/carpathiacenter.ro\/","logo":{"@type":"ImageObject","inLanguage":"en-GB","@id":"https:\/\/carpathiacenter.ro\/#\/schema\/logo\/image\/","url":"https:\/\/carpathiacenter.ro\/wp-content\/uploads\/2024\/07\/logo-carpathia_bg_white-1024x941.png","contentUrl":"https:\/\/carpathiacenter.ro\/wp-content\/uploads\/2024\/07\/logo-carpathia_bg_white-1024x941.png","width":1024,"height":941,"caption":"Carpathia Center Romania"},"image":{"@id":"https:\/\/carpathiacenter.ro\/#\/schema\/logo\/image\/"},"sameAs":["https:\/\/www.facebook.com\/fdpscarpathia\/"]},{"@type":"Person","@id":"https:\/\/carpathiacenter.ro\/#\/schema\/person\/03d9f58202fee8379268f34afa195006","name":"creativebitsolutions","image":{"@type":"ImageObject","inLanguage":"en-GB","@id":"https:\/\/carpathiacenter.ro\/#\/schema\/person\/image\/","url":"https:\/\/secure.gravatar.com\/avatar\/1b1a13e37f847c635dab78348f1dff2f07651ee2a3d77a5c355a4b8c75f9165a?s=96&d=mm&r=g","contentUrl":"https:\/\/secure.gravatar.com\/avatar\/1b1a13e37f847c635dab78348f1dff2f07651ee2a3d77a5c355a4b8c75f9165a?s=96&d=mm&r=g","caption":"creativebitsolutions"},"url":"https:\/\/carpathiacenter.ro\/en\/author\/creativebitsolutions\/"}]}},"_links":{"self":[{"href":"https:\/\/carpathiacenter.ro\/en\/wp-json\/wp\/v2\/posts\/3189","targetHints":{"allow":["GET"]}}],"collection":[{"href":"https:\/\/carpathiacenter.ro\/en\/wp-json\/wp\/v2\/posts"}],"about":[{"href":"https:\/\/carpathiacenter.ro\/en\/wp-json\/wp\/v2\/types\/post"}],"author":[{"embeddable":true,"href":"https:\/\/carpathiacenter.ro\/en\/wp-json\/wp\/v2\/users\/4"}],"replies":[{"embeddable":true,"href":"https:\/\/carpathiacenter.ro\/en\/wp-json\/wp\/v2\/comments?post=3189"}],"version-history":[{"count":1,"href":"https:\/\/carpathiacenter.ro\/en\/wp-json\/wp\/v2\/posts\/3189\/revisions"}],"predecessor-version":[{"id":3191,"href":"https:\/\/carpathiacenter.ro\/en\/wp-json\/wp\/v2\/posts\/3189\/revisions\/3191"}],"wp:featuredmedia":[{"embeddable":true,"href":"https:\/\/carpathiacenter.ro\/en\/wp-json\/wp\/v2\/media\/3190"}],"wp:attachment":[{"href":"https:\/\/carpathiacenter.ro\/en\/wp-json\/wp\/v2\/media?parent=3189"}],"wp:term":[{"taxonomy":"category","embeddable":true,"href":"https:\/\/carpathiacenter.ro\/en\/wp-json\/wp\/v2\/categories?post=3189"},{"taxonomy":"post_tag","embeddable":true,"href":"https:\/\/carpathiacenter.ro\/en\/wp-json\/wp\/v2\/tags?post=3189"}],"curies":[{"name":"wp","href":"https:\/\/api.w.org\/{rel}","templated":true}]}}