{"id":3187,"date":"2025-10-17T09:44:08","date_gmt":"2025-10-17T09:44:08","guid":{"rendered":"https:\/\/carpathiacenter.ro\/?p=3187"},"modified":"2025-10-17T09:44:08","modified_gmt":"2025-10-17T09:44:08","slug":"ministrul-dezvoltarii-despre-clasificarea-localitatilor-va-trebui-sa-reconsideram-criteriile-analiza-va-continua","status":"publish","type":"post","link":"https:\/\/carpathiacenter.ro\/en\/ministrul-dezvoltarii-despre-clasificarea-localitatilor-va-trebui-sa-reconsideram-criteriile-analiza-va-continua\/","title":{"rendered":"Ministrul Dezvolt\u0103rii despre clasificarea localit\u0103\u021bilor: Va trebui s\u0103 reconsider\u0103m criteriile; analiza va continua"},"content":{"rendered":"<p><strong>Ministrul Dezvolt\u0103rii, Lucr\u0103rilor Publice \u0219i Administra\u021biei, Cseke Attila, a declarat, joi, la Sebe\u0219, c\u0103, din punctul s\u0103u de vedere, este necesar\u0103 o sc\u0103dere a pragului \u00een cazul criteriului demografic privind rangul ora\u0219elor \u0219i municipiilor, o analiz\u0103 ar\u0103t\u00e2nd faptul c\u0103 \u00een prezent sunt 205 astfel de unit\u0103\u021bi administrativ-teritoriale care nu respect\u0103 acest criteriu.<\/strong><\/p>\n<p>\u00centrebat, joi, \u00eentr-o conferin\u021b\u0103 de pres\u0103, dac\u0103 urmeaz\u0103 o reclasificare a localit\u0103\u021bilor care nu mai corespund unui anumit standard ca num\u0103r de locuitori pentru a fi ora\u0219 sau municipiu, Cseke Attila a spus c\u0103 a fost f\u0103cut\u0103 o analiz\u0103 &#8216;strict profesional\u0103&#8217; la nivelul ministerului privind rangul localit\u0103\u021bilor \u00een Rom\u00e2nia, sus\u021bin\u00e2nd c\u0103 &#8216;niciun alt criteriu nu a fost luat \u00een considerare&#8217;.<\/p>\n<p>El a men\u021bionat c\u0103, \u00een Legea 351 &#8211; Planul de amenajare a teritoriului na\u021bional, sunt ni\u0219te criterii pe care trebuie s\u0103 le \u00eentruneasc\u0103 un ora\u0219, o comun\u0103, un municipiu.<\/p>\n<p>&#8216;Uit\u00e2ndu-ne pe aceste criterii \u0219i pe datele din Recens\u0103m\u00e2ntul popula\u021biei, pentru c\u0103 principalul criteriu se refer\u0103 la popula\u021bie, putem s\u0103 vedem urm\u0103torul lucru: din 103 municipii, 57 nu respect\u0103 acest criteriu, care ast\u0103zi este de 40.000 de locuitori pentru un municipiu. La ora\u0219e, din 216, 146 de ora\u0219e nu respect\u0103 acest criteriu demografic care este de 10.000 de locuitori. De asemenea, avem 45 de comune ast\u0103zi care au un num\u0103r de locuitori mai mare de 10.000, deci ar trebui s\u0103 ajung\u0103 la rangul de ora\u0219. Din cele 45, avem dou\u0103 comune care chiar dep\u0103\u0219esc 40.000 de locuitori, Flore\u0219ti \u0219i Chiajna, \u0219i ar trebui s\u0103 ajung\u0103 la rangul de municipiu, \u0219i avem \u0219i trei ora\u0219e &#8211; Bragadiru, Voluntari \u0219i Pope\u0219ti Leordeni, \u00een zona metropolitan\u0103 a Bucure\u0219tiului, care ast\u0103zi sunt ora\u0219e, dar au peste 40.000 de locuitori, deci ar trebui s\u0103 fie municipiu v\u0103z\u00e2nd numai strict acest criteriu demografic&#8217;, a explicat ministrul.<\/p>\n<p>Cseke Attila a ad\u0103ugat c\u0103 aceast\u0103 analiz\u0103 va continua.<\/p>\n<p>&#8216;Dac\u0103 ne uit\u0103m \u00een cei 25 de ani sau 24 de ani de c\u00e2nd avem \u00een vigoare aceste criterii, abordarea din punct de vedere al amenaj\u0103rii teritoriului na\u021bional nu a fost o abordare consecvent\u0103. Pe partea legislativ\u0103, da, dar pot s\u0103 v\u0103 spun ce s-a \u00eent\u00e2mplat \u00een 2001, c\u00e2nd s-au aprobat aceste criterii pentru prima dat\u0103. P\u00e2n\u0103 atunci nu am avut asemenea criterii. Dar din momentul aprob\u0103rii criteriului, am f\u0103cut o radiografie la acel moment \u0219i la acel moment aveam 13 ora\u0219e \u0219i 13 municipii care nu respectau criteriile de atunci. Care criterii de atunci nu erau criteriile de ast\u0103zi. Criteriile de atunci erau de 5.000 de locuitori la ora\u0219e \u0219i de 25.000 de locuitori la municipii&#8217;, a spus acesta.<\/p>\n<p>\u00cen 2007, criteriile s-au modificat, iar pragurile au fost urcate la 10.000 \u0219i la 40.000, ele fiind \u00een vigoare \u0219i ast\u0103zi.<\/p>\n<p>&#8216;Dac\u0103 ne uit\u0103m din 2001 cum am evoluat pe aceast\u0103 chestiune, atunci putem s\u0103 spunem c\u0103 \u00een 2001 am avut 26 de UAT-uri care nu \u00eendeplineau acest criteriu demografic, ast\u0103zi avem 205 ora\u0219e \u0219i municipii care nu respect\u0103 acest criteriu, \u00een condi\u021biile \u00een care, \u00een acela\u0219i timp, avem 48 de comune care ar trebui s\u0103 urce mai sus, ca ora\u0219e \u0219i municipii. Aceast\u0103 analiz\u0103 a fost f\u0103cut\u0103, analiza va continua, pentru c\u0103 nu este singurul criteriu pentru determinarea rangului unei localit\u0103\u021bi, \u0219i c\u00e2nd o s\u0103 finaliz\u0103m analiza \u0219i pe celelalte criterii vom veni \u00een coali\u021bie s\u0103 vedem \u00een urma acestei analize care este decizia \u0219i care este modalitatea de abordare a acestei problematici&#8217;, a ar\u0103tat ministrul.<\/p>\n<p>Acesta a afirmat c\u0103, din punctul s\u0103u de vedere, cel pu\u021bin la stadiul actual al analizei, este necesar\u0103 o sc\u0103dere a pragului, a criteriului demografic.<\/p>\n<p>&#8216;Este evident c\u0103 ceea ce era o perspectiv\u0103 la \u00eenceputul anilor 2000, \u00een 2025 e o alt\u0103 perspectiv\u0103, chiar dac\u0103 avem \u0219i exemple \u00een care ora\u0219e au crescut ca num\u0103r de popula\u021bie, dar nu este o tendin\u021b\u0103 majoritar\u0103 \u0219i atunci dac\u0103 ne uit\u0103m la criteriul din 2001, unde am avut 25.000 la municipii \u0219i 5.000 la ora\u0219e, chiar dac\u0103 poate nu at\u00e2t de mult, va trebui, dup\u0103 p\u0103rerea noastr\u0103, s\u0103 mai reconsider\u0103m criteriile care sunt destul de \u00eenalte ast\u0103zi cu 40.000 \u0219i cu 10.000&#8217;, a conchis Cseke Attila. AGERPRES\/(A &#8211; redactor: Marinela Brumar, editor: Georgiana T\u0103n\u0103sescu, editor online: Andreea Preda)<br \/>\n<br \/>\nSursa articolului:  <a href=\"https:\/\/agerpres.ro\/politic\/2025\/10\/17\/ministrul-dezvoltarii-despre-clasificarea-localitatilor-va-trebui-sa-reconsideram-criteriile-analiza--1494285\" target=\"_blank\" rel=\"noopener\" title=\"\">https:\/\/agerpres.ro\/politic\/2025\/10\/17\/ministrul-dezvoltarii-despre-clasificarea-localitatilor-va-trebui-sa-reconsideram-criteriile-analiza&#8211;1494285<\/a><\/p>","protected":false},"excerpt":{"rendered":"<p>Ministrul Dezvolt\u0103rii, Lucr\u0103rilor Publice \u0219i Administra\u021biei, Cseke Attila, a declarat, joi, la Sebe\u0219, c\u0103, din punctul s\u0103u de vedere, este necesar\u0103 o sc\u0103dere a pragului \u00een cazul criteriului demografic privind rangul ora\u0219elor \u0219i municipiilor, o analiz\u0103 ar\u0103t\u00e2nd faptul c\u0103 \u00een prezent sunt 205 astfel de unit\u0103\u021bi administrativ-teritoriale care nu respect\u0103 acest criteriu. \u00centrebat, joi, \u00eentr-o&#8230;<\/p>","protected":false},"author":4,"featured_media":3134,"comment_status":"open","ping_status":"open","sticky":false,"template":"","format":"standard","meta":{"footnotes":""},"categories":[1],"tags":[],"class_list":["post-3187","post","type-post","status-publish","format-standard","has-post-thumbnail","hentry","category-uncategorized"],"yoast_head":"<!-- This site is optimized with the Yoast SEO plugin v26.1.1 - https:\/\/yoast.com\/wordpress\/plugins\/seo\/ -->\n<title>Ministrul Dezvolt\u0103rii despre clasificarea localit\u0103\u021bilor: Va trebui s\u0103 reconsider\u0103m criteriile; analiza va continua - Carpathia Center Romania<\/title>\n<meta name=\"robots\" content=\"index, follow, max-snippet:-1, max-image-preview:large, max-video-preview:-1\" \/>\n<link rel=\"canonical\" href=\"https:\/\/carpathiacenter.ro\/en\/ministrul-dezvoltarii-despre-clasificarea-localitatilor-va-trebui-sa-reconsideram-criteriile-analiza-va-continua\/\" \/>\n<meta property=\"og:locale\" content=\"en_GB\" \/>\n<meta property=\"og:type\" content=\"article\" \/>\n<meta property=\"og:title\" content=\"Ministrul Dezvolt\u0103rii despre clasificarea localit\u0103\u021bilor: Va trebui s\u0103 reconsider\u0103m criteriile; analiza va continua - Carpathia Center Romania\" \/>\n<meta property=\"og:description\" content=\"Ministrul Dezvolt\u0103rii, Lucr\u0103rilor Publice \u0219i Administra\u021biei, Cseke Attila, a declarat, joi, la Sebe\u0219, c\u0103, din punctul s\u0103u de vedere, este necesar\u0103 o sc\u0103dere a pragului \u00een cazul criteriului demografic privind rangul ora\u0219elor \u0219i municipiilor, o analiz\u0103 ar\u0103t\u00e2nd faptul c\u0103 \u00een prezent sunt 205 astfel de unit\u0103\u021bi administrativ-teritoriale care nu respect\u0103 acest criteriu. \u00centrebat, joi, \u00eentr-o...\" \/>\n<meta property=\"og:url\" content=\"https:\/\/carpathiacenter.ro\/en\/ministrul-dezvoltarii-despre-clasificarea-localitatilor-va-trebui-sa-reconsideram-criteriile-analiza-va-continua\/\" \/>\n<meta property=\"og:site_name\" content=\"Carpathia Center Romania\" \/>\n<meta property=\"article:publisher\" content=\"https:\/\/www.facebook.com\/fdpscarpathia\/\" \/>\n<meta property=\"article:published_time\" content=\"2025-10-17T09:44:08+00:00\" \/>\n<meta property=\"og:image\" content=\"https:\/\/carpathiacenter.ro\/wp-content\/uploads\/2025\/10\/cseke-Attila.jpg\" \/>\n\t<meta property=\"og:image:width\" content=\"1160\" \/>\n\t<meta property=\"og:image:height\" content=\"773\" \/>\n\t<meta property=\"og:image:type\" content=\"image\/jpeg\" \/>\n<meta name=\"author\" content=\"creativebitsolutions\" \/>\n<meta name=\"twitter:card\" content=\"summary_large_image\" \/>\n<meta name=\"twitter:label1\" content=\"Written by\" \/>\n\t<meta name=\"twitter:data1\" content=\"creativebitsolutions\" \/>\n<script type=\"application\/ld+json\" class=\"yoast-schema-graph\">{\"@context\":\"https:\/\/schema.org\",\"@graph\":[{\"@type\":\"Article\",\"@id\":\"https:\/\/carpathiacenter.ro\/ministrul-dezvoltarii-despre-clasificarea-localitatilor-va-trebui-sa-reconsideram-criteriile-analiza-va-continua\/#article\",\"isPartOf\":{\"@id\":\"https:\/\/carpathiacenter.ro\/ministrul-dezvoltarii-despre-clasificarea-localitatilor-va-trebui-sa-reconsideram-criteriile-analiza-va-continua\/\"},\"author\":{\"name\":\"creativebitsolutions\",\"@id\":\"https:\/\/carpathiacenter.ro\/#\/schema\/person\/03d9f58202fee8379268f34afa195006\"},\"headline\":\"Ministrul Dezvolt\u0103rii despre clasificarea localit\u0103\u021bilor: Va trebui s\u0103 reconsider\u0103m criteriile; analiza va continua\",\"datePublished\":\"2025-10-17T09:44:08+00:00\",\"mainEntityOfPage\":{\"@id\":\"https:\/\/carpathiacenter.ro\/ministrul-dezvoltarii-despre-clasificarea-localitatilor-va-trebui-sa-reconsideram-criteriile-analiza-va-continua\/\"},\"wordCount\":750,\"commentCount\":0,\"publisher\":{\"@id\":\"https:\/\/carpathiacenter.ro\/#organization\"},\"image\":{\"@id\":\"https:\/\/carpathiacenter.ro\/ministrul-dezvoltarii-despre-clasificarea-localitatilor-va-trebui-sa-reconsideram-criteriile-analiza-va-continua\/#primaryimage\"},\"thumbnailUrl\":\"https:\/\/carpathiacenter.ro\/wp-content\/uploads\/2025\/10\/cseke-Attila.jpg\",\"articleSection\":[\"Uncategorized\"],\"inLanguage\":\"en-GB\",\"potentialAction\":[{\"@type\":\"CommentAction\",\"name\":\"Comment\",\"target\":[\"https:\/\/carpathiacenter.ro\/ministrul-dezvoltarii-despre-clasificarea-localitatilor-va-trebui-sa-reconsideram-criteriile-analiza-va-continua\/#respond\"]}]},{\"@type\":\"WebPage\",\"@id\":\"https:\/\/carpathiacenter.ro\/ministrul-dezvoltarii-despre-clasificarea-localitatilor-va-trebui-sa-reconsideram-criteriile-analiza-va-continua\/\",\"url\":\"https:\/\/carpathiacenter.ro\/ministrul-dezvoltarii-despre-clasificarea-localitatilor-va-trebui-sa-reconsideram-criteriile-analiza-va-continua\/\",\"name\":\"Ministrul Dezvolt\u0103rii despre clasificarea localit\u0103\u021bilor: Va trebui s\u0103 reconsider\u0103m criteriile; analiza va continua - Carpathia Center Romania\",\"isPartOf\":{\"@id\":\"https:\/\/carpathiacenter.ro\/#website\"},\"primaryImageOfPage\":{\"@id\":\"https:\/\/carpathiacenter.ro\/ministrul-dezvoltarii-despre-clasificarea-localitatilor-va-trebui-sa-reconsideram-criteriile-analiza-va-continua\/#primaryimage\"},\"image\":{\"@id\":\"https:\/\/carpathiacenter.ro\/ministrul-dezvoltarii-despre-clasificarea-localitatilor-va-trebui-sa-reconsideram-criteriile-analiza-va-continua\/#primaryimage\"},\"thumbnailUrl\":\"https:\/\/carpathiacenter.ro\/wp-content\/uploads\/2025\/10\/cseke-Attila.jpg\",\"datePublished\":\"2025-10-17T09:44:08+00:00\",\"breadcrumb\":{\"@id\":\"https:\/\/carpathiacenter.ro\/ministrul-dezvoltarii-despre-clasificarea-localitatilor-va-trebui-sa-reconsideram-criteriile-analiza-va-continua\/#breadcrumb\"},\"inLanguage\":\"en-GB\",\"potentialAction\":[{\"@type\":\"ReadAction\",\"target\":[\"https:\/\/carpathiacenter.ro\/ministrul-dezvoltarii-despre-clasificarea-localitatilor-va-trebui-sa-reconsideram-criteriile-analiza-va-continua\/\"]}]},{\"@type\":\"ImageObject\",\"inLanguage\":\"en-GB\",\"@id\":\"https:\/\/carpathiacenter.ro\/ministrul-dezvoltarii-despre-clasificarea-localitatilor-va-trebui-sa-reconsideram-criteriile-analiza-va-continua\/#primaryimage\",\"url\":\"https:\/\/carpathiacenter.ro\/wp-content\/uploads\/2025\/10\/cseke-Attila.jpg\",\"contentUrl\":\"https:\/\/carpathiacenter.ro\/wp-content\/uploads\/2025\/10\/cseke-Attila.jpg\",\"width\":1160,\"height\":773},{\"@type\":\"BreadcrumbList\",\"@id\":\"https:\/\/carpathiacenter.ro\/ministrul-dezvoltarii-despre-clasificarea-localitatilor-va-trebui-sa-reconsideram-criteriile-analiza-va-continua\/#breadcrumb\",\"itemListElement\":[{\"@type\":\"ListItem\",\"position\":1,\"name\":\"Prima pagin\u0103\",\"item\":\"https:\/\/carpathiacenter.ro\/\"},{\"@type\":\"ListItem\",\"position\":2,\"name\":\"Ministrul Dezvolt\u0103rii despre clasificarea localit\u0103\u021bilor: Va trebui s\u0103 reconsider\u0103m criteriile; analiza va continua\"}]},{\"@type\":\"WebSite\",\"@id\":\"https:\/\/carpathiacenter.ro\/#website\",\"url\":\"https:\/\/carpathiacenter.ro\/\",\"name\":\"Carpathia Center Romania\",\"description\":\"Impossible made possible!\",\"publisher\":{\"@id\":\"https:\/\/carpathiacenter.ro\/#organization\"},\"potentialAction\":[{\"@type\":\"SearchAction\",\"target\":{\"@type\":\"EntryPoint\",\"urlTemplate\":\"https:\/\/carpathiacenter.ro\/?s={search_term_string}\"},\"query-input\":{\"@type\":\"PropertyValueSpecification\",\"valueRequired\":true,\"valueName\":\"search_term_string\"}}],\"inLanguage\":\"en-GB\"},{\"@type\":\"Organization\",\"@id\":\"https:\/\/carpathiacenter.ro\/#organization\",\"name\":\"Carpathia Center Romania\",\"url\":\"https:\/\/carpathiacenter.ro\/\",\"logo\":{\"@type\":\"ImageObject\",\"inLanguage\":\"en-GB\",\"@id\":\"https:\/\/carpathiacenter.ro\/#\/schema\/logo\/image\/\",\"url\":\"https:\/\/carpathiacenter.ro\/wp-content\/uploads\/2024\/07\/logo-carpathia_bg_white-1024x941.png\",\"contentUrl\":\"https:\/\/carpathiacenter.ro\/wp-content\/uploads\/2024\/07\/logo-carpathia_bg_white-1024x941.png\",\"width\":1024,\"height\":941,\"caption\":\"Carpathia Center Romania\"},\"image\":{\"@id\":\"https:\/\/carpathiacenter.ro\/#\/schema\/logo\/image\/\"},\"sameAs\":[\"https:\/\/www.facebook.com\/fdpscarpathia\/\"]},{\"@type\":\"Person\",\"@id\":\"https:\/\/carpathiacenter.ro\/#\/schema\/person\/03d9f58202fee8379268f34afa195006\",\"name\":\"creativebitsolutions\",\"image\":{\"@type\":\"ImageObject\",\"inLanguage\":\"en-GB\",\"@id\":\"https:\/\/carpathiacenter.ro\/#\/schema\/person\/image\/\",\"url\":\"https:\/\/secure.gravatar.com\/avatar\/1b1a13e37f847c635dab78348f1dff2f07651ee2a3d77a5c355a4b8c75f9165a?s=96&d=mm&r=g\",\"contentUrl\":\"https:\/\/secure.gravatar.com\/avatar\/1b1a13e37f847c635dab78348f1dff2f07651ee2a3d77a5c355a4b8c75f9165a?s=96&d=mm&r=g\",\"caption\":\"creativebitsolutions\"},\"url\":\"https:\/\/carpathiacenter.ro\/en\/author\/creativebitsolutions\/\"}]}<\/script>\n<!-- \/ Yoast SEO plugin. -->","yoast_head_json":{"title":"Ministrul Dezvolt\u0103rii despre clasificarea localit\u0103\u021bilor: Va trebui s\u0103 reconsider\u0103m criteriile; analiza va continua - Carpathia Center Romania","robots":{"index":"index","follow":"follow","max-snippet":"max-snippet:-1","max-image-preview":"max-image-preview:large","max-video-preview":"max-video-preview:-1"},"canonical":"https:\/\/carpathiacenter.ro\/en\/ministrul-dezvoltarii-despre-clasificarea-localitatilor-va-trebui-sa-reconsideram-criteriile-analiza-va-continua\/","og_locale":"en_GB","og_type":"article","og_title":"Ministrul Dezvolt\u0103rii despre clasificarea localit\u0103\u021bilor: Va trebui s\u0103 reconsider\u0103m criteriile; analiza va continua - Carpathia Center Romania","og_description":"Ministrul Dezvolt\u0103rii, Lucr\u0103rilor Publice \u0219i Administra\u021biei, Cseke Attila, a declarat, joi, la Sebe\u0219, c\u0103, din punctul s\u0103u de vedere, este necesar\u0103 o sc\u0103dere a pragului \u00een cazul criteriului demografic privind rangul ora\u0219elor \u0219i municipiilor, o analiz\u0103 ar\u0103t\u00e2nd faptul c\u0103 \u00een prezent sunt 205 astfel de unit\u0103\u021bi administrativ-teritoriale care nu respect\u0103 acest criteriu. \u00centrebat, joi, \u00eentr-o...","og_url":"https:\/\/carpathiacenter.ro\/en\/ministrul-dezvoltarii-despre-clasificarea-localitatilor-va-trebui-sa-reconsideram-criteriile-analiza-va-continua\/","og_site_name":"Carpathia Center Romania","article_publisher":"https:\/\/www.facebook.com\/fdpscarpathia\/","article_published_time":"2025-10-17T09:44:08+00:00","og_image":[{"width":1160,"height":773,"url":"https:\/\/carpathiacenter.ro\/wp-content\/uploads\/2025\/10\/cseke-Attila.jpg","type":"image\/jpeg"}],"author":"creativebitsolutions","twitter_card":"summary_large_image","twitter_misc":{"Written by":"creativebitsolutions"},"schema":{"@context":"https:\/\/schema.org","@graph":[{"@type":"Article","@id":"https:\/\/carpathiacenter.ro\/ministrul-dezvoltarii-despre-clasificarea-localitatilor-va-trebui-sa-reconsideram-criteriile-analiza-va-continua\/#article","isPartOf":{"@id":"https:\/\/carpathiacenter.ro\/ministrul-dezvoltarii-despre-clasificarea-localitatilor-va-trebui-sa-reconsideram-criteriile-analiza-va-continua\/"},"author":{"name":"creativebitsolutions","@id":"https:\/\/carpathiacenter.ro\/#\/schema\/person\/03d9f58202fee8379268f34afa195006"},"headline":"Ministrul Dezvolt\u0103rii despre clasificarea localit\u0103\u021bilor: Va trebui s\u0103 reconsider\u0103m criteriile; analiza va continua","datePublished":"2025-10-17T09:44:08+00:00","mainEntityOfPage":{"@id":"https:\/\/carpathiacenter.ro\/ministrul-dezvoltarii-despre-clasificarea-localitatilor-va-trebui-sa-reconsideram-criteriile-analiza-va-continua\/"},"wordCount":750,"commentCount":0,"publisher":{"@id":"https:\/\/carpathiacenter.ro\/#organization"},"image":{"@id":"https:\/\/carpathiacenter.ro\/ministrul-dezvoltarii-despre-clasificarea-localitatilor-va-trebui-sa-reconsideram-criteriile-analiza-va-continua\/#primaryimage"},"thumbnailUrl":"https:\/\/carpathiacenter.ro\/wp-content\/uploads\/2025\/10\/cseke-Attila.jpg","articleSection":["Uncategorized"],"inLanguage":"en-GB","potentialAction":[{"@type":"CommentAction","name":"Comment","target":["https:\/\/carpathiacenter.ro\/ministrul-dezvoltarii-despre-clasificarea-localitatilor-va-trebui-sa-reconsideram-criteriile-analiza-va-continua\/#respond"]}]},{"@type":"WebPage","@id":"https:\/\/carpathiacenter.ro\/ministrul-dezvoltarii-despre-clasificarea-localitatilor-va-trebui-sa-reconsideram-criteriile-analiza-va-continua\/","url":"https:\/\/carpathiacenter.ro\/ministrul-dezvoltarii-despre-clasificarea-localitatilor-va-trebui-sa-reconsideram-criteriile-analiza-va-continua\/","name":"Ministrul Dezvolt\u0103rii despre clasificarea localit\u0103\u021bilor: Va trebui s\u0103 reconsider\u0103m criteriile; analiza va continua - Carpathia Center Romania","isPartOf":{"@id":"https:\/\/carpathiacenter.ro\/#website"},"primaryImageOfPage":{"@id":"https:\/\/carpathiacenter.ro\/ministrul-dezvoltarii-despre-clasificarea-localitatilor-va-trebui-sa-reconsideram-criteriile-analiza-va-continua\/#primaryimage"},"image":{"@id":"https:\/\/carpathiacenter.ro\/ministrul-dezvoltarii-despre-clasificarea-localitatilor-va-trebui-sa-reconsideram-criteriile-analiza-va-continua\/#primaryimage"},"thumbnailUrl":"https:\/\/carpathiacenter.ro\/wp-content\/uploads\/2025\/10\/cseke-Attila.jpg","datePublished":"2025-10-17T09:44:08+00:00","breadcrumb":{"@id":"https:\/\/carpathiacenter.ro\/ministrul-dezvoltarii-despre-clasificarea-localitatilor-va-trebui-sa-reconsideram-criteriile-analiza-va-continua\/#breadcrumb"},"inLanguage":"en-GB","potentialAction":[{"@type":"ReadAction","target":["https:\/\/carpathiacenter.ro\/ministrul-dezvoltarii-despre-clasificarea-localitatilor-va-trebui-sa-reconsideram-criteriile-analiza-va-continua\/"]}]},{"@type":"ImageObject","inLanguage":"en-GB","@id":"https:\/\/carpathiacenter.ro\/ministrul-dezvoltarii-despre-clasificarea-localitatilor-va-trebui-sa-reconsideram-criteriile-analiza-va-continua\/#primaryimage","url":"https:\/\/carpathiacenter.ro\/wp-content\/uploads\/2025\/10\/cseke-Attila.jpg","contentUrl":"https:\/\/carpathiacenter.ro\/wp-content\/uploads\/2025\/10\/cseke-Attila.jpg","width":1160,"height":773},{"@type":"BreadcrumbList","@id":"https:\/\/carpathiacenter.ro\/ministrul-dezvoltarii-despre-clasificarea-localitatilor-va-trebui-sa-reconsideram-criteriile-analiza-va-continua\/#breadcrumb","itemListElement":[{"@type":"ListItem","position":1,"name":"Prima pagin\u0103","item":"https:\/\/carpathiacenter.ro\/"},{"@type":"ListItem","position":2,"name":"Ministrul Dezvolt\u0103rii despre clasificarea localit\u0103\u021bilor: Va trebui s\u0103 reconsider\u0103m criteriile; analiza va continua"}]},{"@type":"WebSite","@id":"https:\/\/carpathiacenter.ro\/#website","url":"https:\/\/carpathiacenter.ro\/","name":"Carpathia Center Romania","description":"Impossible made possible!","publisher":{"@id":"https:\/\/carpathiacenter.ro\/#organization"},"potentialAction":[{"@type":"SearchAction","target":{"@type":"EntryPoint","urlTemplate":"https:\/\/carpathiacenter.ro\/?s={search_term_string}"},"query-input":{"@type":"PropertyValueSpecification","valueRequired":true,"valueName":"search_term_string"}}],"inLanguage":"en-GB"},{"@type":"Organization","@id":"https:\/\/carpathiacenter.ro\/#organization","name":"Carpathia Center Romania","url":"https:\/\/carpathiacenter.ro\/","logo":{"@type":"ImageObject","inLanguage":"en-GB","@id":"https:\/\/carpathiacenter.ro\/#\/schema\/logo\/image\/","url":"https:\/\/carpathiacenter.ro\/wp-content\/uploads\/2024\/07\/logo-carpathia_bg_white-1024x941.png","contentUrl":"https:\/\/carpathiacenter.ro\/wp-content\/uploads\/2024\/07\/logo-carpathia_bg_white-1024x941.png","width":1024,"height":941,"caption":"Carpathia Center Romania"},"image":{"@id":"https:\/\/carpathiacenter.ro\/#\/schema\/logo\/image\/"},"sameAs":["https:\/\/www.facebook.com\/fdpscarpathia\/"]},{"@type":"Person","@id":"https:\/\/carpathiacenter.ro\/#\/schema\/person\/03d9f58202fee8379268f34afa195006","name":"creativebitsolutions","image":{"@type":"ImageObject","inLanguage":"en-GB","@id":"https:\/\/carpathiacenter.ro\/#\/schema\/person\/image\/","url":"https:\/\/secure.gravatar.com\/avatar\/1b1a13e37f847c635dab78348f1dff2f07651ee2a3d77a5c355a4b8c75f9165a?s=96&d=mm&r=g","contentUrl":"https:\/\/secure.gravatar.com\/avatar\/1b1a13e37f847c635dab78348f1dff2f07651ee2a3d77a5c355a4b8c75f9165a?s=96&d=mm&r=g","caption":"creativebitsolutions"},"url":"https:\/\/carpathiacenter.ro\/en\/author\/creativebitsolutions\/"}]}},"_links":{"self":[{"href":"https:\/\/carpathiacenter.ro\/en\/wp-json\/wp\/v2\/posts\/3187","targetHints":{"allow":["GET"]}}],"collection":[{"href":"https:\/\/carpathiacenter.ro\/en\/wp-json\/wp\/v2\/posts"}],"about":[{"href":"https:\/\/carpathiacenter.ro\/en\/wp-json\/wp\/v2\/types\/post"}],"author":[{"embeddable":true,"href":"https:\/\/carpathiacenter.ro\/en\/wp-json\/wp\/v2\/users\/4"}],"replies":[{"embeddable":true,"href":"https:\/\/carpathiacenter.ro\/en\/wp-json\/wp\/v2\/comments?post=3187"}],"version-history":[{"count":1,"href":"https:\/\/carpathiacenter.ro\/en\/wp-json\/wp\/v2\/posts\/3187\/revisions"}],"predecessor-version":[{"id":3188,"href":"https:\/\/carpathiacenter.ro\/en\/wp-json\/wp\/v2\/posts\/3187\/revisions\/3188"}],"wp:featuredmedia":[{"embeddable":true,"href":"https:\/\/carpathiacenter.ro\/en\/wp-json\/wp\/v2\/media\/3134"}],"wp:attachment":[{"href":"https:\/\/carpathiacenter.ro\/en\/wp-json\/wp\/v2\/media?parent=3187"}],"wp:term":[{"taxonomy":"category","embeddable":true,"href":"https:\/\/carpathiacenter.ro\/en\/wp-json\/wp\/v2\/categories?post=3187"},{"taxonomy":"post_tag","embeddable":true,"href":"https:\/\/carpathiacenter.ro\/en\/wp-json\/wp\/v2\/tags?post=3187"}],"curies":[{"name":"wp","href":"https:\/\/api.w.org\/{rel}","templated":true}]}}