{"id":3183,"date":"2025-10-17T09:40:05","date_gmt":"2025-10-17T09:40:05","guid":{"rendered":"https:\/\/carpathiacenter.ro\/?p=3183"},"modified":"2025-10-17T09:43:02","modified_gmt":"2025-10-17T09:43:02","slug":"ministrul-dezvoltarii-60-de-crese-finalizate-pana-la-sfarsitul-anului-prin-programul-sfanta-ana-cu-fonduri-europene","status":"publish","type":"post","link":"https:\/\/carpathiacenter.ro\/en\/ministrul-dezvoltarii-60-de-crese-finalizate-pana-la-sfarsitul-anului-prin-programul-sfanta-ana-cu-fonduri-europene\/","title":{"rendered":"Ministrul Dezvolt\u0103rii: 60 de cre\u0219e finalizate p\u00e2n\u0103 la sf\u00e2r\u0219itul anului prin programul &#8216;Sf\u00e2nta Ana&#8217;, cu fonduri europene"},"content":{"rendered":"<p><strong>Ministrul Dezvolt\u0103rii, Lucr\u0103rilor Publice \u0219i Administra\u021biei, Cseke Attila, a declarat, joi, la Sebe\u0219, c\u0103 p\u00e2n\u0103 la sf\u00e2r\u0219itul anului num\u0103rul cre\u0219elor finalizate prin programul guvernamental &#8216;Sf\u00e2nta Ana&#8217; va ajunge la aproximativ 60.<\/strong><\/p>\n<p>&#8216;\u00cen total, \u00een acest program guvernamental sunt 241 de cre\u0219e, din care 35 sunt finalizate, iar p\u00e2n\u0103 la sf\u00e2r\u0219itul anului se vor mai finaliza c\u00e2teva zeci de cre\u0219e. Un num\u0103r de 137 sunt \u00eenc\u0103 \u00een execu\u021bie, iar celelalte au executant, dar sunt \u00een faza de proiectare&#8217;, a spus Cseke Attila.<\/p>\n<p>Ministrul a ad\u0103ugat c\u0103, \u00een mod cert, \u00een acest an se va ajunge &#8216;undeva la vreo 60 de cre\u0219e finalizate&#8217; pe programul guvernamental &#8216;Sf\u00e2nta Ana&#8217;.<\/p>\n<p>&#8216;Noi avem o \u021bint\u0103 \u00een PNRR de 110, care trebuie finalizate, predate p\u00e2n\u0103 la sf\u00e2r\u0219itul lunii august (n.r. &#8211; 2026) \u0219i exist\u0103 aceast\u0103 perspectiv\u0103, dar programul va continua \u0219i pe finan\u021bare na\u021bional\u0103&#8217;, a precizat Cseke Attila.<\/p>\n<p>Acesta a men\u021bionat c\u0103 \u00een jude\u021bul Alba sunt \u0219ase cre\u0219e construite prin acest program guvernamental cu fonduri europene, dintre care prima inaugurat\u0103 joi \u00een municipiul Sebe\u0219, \u0219i una se afl\u0103 \u00een execu\u021bie pe finan\u021bare na\u021bional\u0103.<\/p>\n<p>Cele mai avansate sunt cele din Aiud \u0219i Abrud \u0219i mai sunt \u00een execu\u021bie la Alba Iulia, Blaj \u0219i Zlatna.<\/p>\n<p>Capacitatea noii cre\u0219e din Sebe\u0219, a patra dat\u0103 \u00een folosin\u021b\u0103 \u00een ultimii trei ani \u00een municipiu, este de minimum 40 de locuri, iar valoarea finan\u021b\u0103rii pe care prim\u0103ria a ob\u021binut-o de la Ministerul Dezvolt\u0103rii, Lucr\u0103rilor Publice \u0219i Administra\u021biei este de 11,8 milioane de lei. Cl\u0103direa va fi eficient\u0103 energetic \u0219i beneficiaz\u0103 de toate facilit\u0103\u021bile prev\u0103zute de reglement\u0103rile legale: camere de joac\u0103, dormitoare, sp\u0103l\u0103torie proprie, buc\u0103t\u0103rie, sal\u0103 mare func\u021bional\u0103, cabinet medical, spa\u021bii administrative. AGERPRES\/(A, AS &#8211; redactor: Marinela Brumar, editor: Georgiana T\u0103n\u0103sescu, editor online: Andreea Preda)<br \/>\n<br \/>\nSursa articolului:  <a href=\"https:\/\/agerpres.ro\/social\/2025\/10\/16\/ministrul-dezvoltarii-60-de-crese-finalizate-pana-la-sfarsitul-anului-prin-programul-sfanta-ana-cu-f--1494280\" target=\"_blank\" rel=\"noopener\" title=\"\">https:\/\/agerpres.ro\/social\/2025\/10\/16\/ministrul-dezvoltarii-60-de-crese-finalizate-pana-la-sfarsitul-anului-prin-programul-sfanta-ana-cu-f&#8211;1494280<\/a><\/p>","protected":false},"excerpt":{"rendered":"<p>Ministrul Dezvolt\u0103rii, Lucr\u0103rilor Publice \u0219i Administra\u021biei, Cseke Attila, a declarat, joi, la Sebe\u0219, c\u0103 p\u00e2n\u0103 la sf\u00e2r\u0219itul anului num\u0103rul cre\u0219elor finalizate prin programul guvernamental &#8216;Sf\u00e2nta Ana&#8217; va ajunge la aproximativ 60. &#8216;\u00cen total, \u00een acest program guvernamental sunt 241 de cre\u0219e, din care 35 sunt finalizate, iar p\u00e2n\u0103 la sf\u00e2r\u0219itul anului se vor mai finaliza&#8230;<\/p>","protected":false},"author":4,"featured_media":3186,"comment_status":"open","ping_status":"open","sticky":false,"template":"","format":"standard","meta":{"footnotes":""},"categories":[1],"tags":[],"class_list":["post-3183","post","type-post","status-publish","format-standard","has-post-thumbnail","hentry","category-uncategorized"],"yoast_head":"<!-- This site is optimized with the Yoast SEO plugin v26.1.1 - https:\/\/yoast.com\/wordpress\/plugins\/seo\/ -->\n<title>Ministrul Dezvolt\u0103rii: 60 de cre\u0219e finalizate p\u00e2n\u0103 la sf\u00e2r\u0219itul anului prin programul &#039;Sf\u00e2nta Ana&#039;, cu fonduri europene - Carpathia Center Romania<\/title>\n<meta name=\"robots\" content=\"index, follow, max-snippet:-1, max-image-preview:large, max-video-preview:-1\" \/>\n<link rel=\"canonical\" href=\"https:\/\/carpathiacenter.ro\/en\/ministrul-dezvoltarii-60-de-crese-finalizate-pana-la-sfarsitul-anului-prin-programul-sfanta-ana-cu-fonduri-europene\/\" \/>\n<meta property=\"og:locale\" content=\"en_GB\" \/>\n<meta property=\"og:type\" content=\"article\" \/>\n<meta property=\"og:title\" content=\"Ministrul Dezvolt\u0103rii: 60 de cre\u0219e finalizate p\u00e2n\u0103 la sf\u00e2r\u0219itul anului prin programul &#039;Sf\u00e2nta Ana&#039;, cu fonduri europene - Carpathia Center Romania\" \/>\n<meta property=\"og:description\" content=\"Ministrul Dezvolt\u0103rii, Lucr\u0103rilor Publice \u0219i Administra\u021biei, Cseke Attila, a declarat, joi, la Sebe\u0219, c\u0103 p\u00e2n\u0103 la sf\u00e2r\u0219itul anului num\u0103rul cre\u0219elor finalizate prin programul guvernamental &#8216;Sf\u00e2nta Ana&#8217; va ajunge la aproximativ 60. &#8216;\u00cen total, \u00een acest program guvernamental sunt 241 de cre\u0219e, din care 35 sunt finalizate, iar p\u00e2n\u0103 la sf\u00e2r\u0219itul anului se vor mai finaliza...\" \/>\n<meta property=\"og:url\" content=\"https:\/\/carpathiacenter.ro\/en\/ministrul-dezvoltarii-60-de-crese-finalizate-pana-la-sfarsitul-anului-prin-programul-sfanta-ana-cu-fonduri-europene\/\" \/>\n<meta property=\"og:site_name\" content=\"Carpathia Center Romania\" \/>\n<meta property=\"article:publisher\" content=\"https:\/\/www.facebook.com\/fdpscarpathia\/\" \/>\n<meta property=\"article:published_time\" content=\"2025-10-17T09:40:05+00:00\" \/>\n<meta property=\"article:modified_time\" content=\"2025-10-17T09:43:02+00:00\" \/>\n<meta property=\"og:image\" content=\"https:\/\/carpathiacenter.ro\/wp-content\/uploads\/2025\/10\/Cresa.webp\" \/>\n\t<meta property=\"og:image:width\" content=\"800\" \/>\n\t<meta property=\"og:image:height\" content=\"600\" \/>\n\t<meta property=\"og:image:type\" content=\"image\/webp\" \/>\n<meta name=\"author\" content=\"creativebitsolutions\" \/>\n<meta name=\"twitter:card\" content=\"summary_large_image\" \/>\n<meta name=\"twitter:label1\" content=\"Written by\" \/>\n\t<meta name=\"twitter:data1\" content=\"creativebitsolutions\" \/>\n\t<meta name=\"twitter:label2\" content=\"Estimated reading time\" \/>\n\t<meta name=\"twitter:data2\" content=\"2 minutes\" \/>\n<script type=\"application\/ld+json\" class=\"yoast-schema-graph\">{\"@context\":\"https:\/\/schema.org\",\"@graph\":[{\"@type\":\"Article\",\"@id\":\"https:\/\/carpathiacenter.ro\/ministrul-dezvoltarii-60-de-crese-finalizate-pana-la-sfarsitul-anului-prin-programul-sfanta-ana-cu-fonduri-europene\/#article\",\"isPartOf\":{\"@id\":\"https:\/\/carpathiacenter.ro\/ministrul-dezvoltarii-60-de-crese-finalizate-pana-la-sfarsitul-anului-prin-programul-sfanta-ana-cu-fonduri-europene\/\"},\"author\":{\"name\":\"creativebitsolutions\",\"@id\":\"https:\/\/carpathiacenter.ro\/#\/schema\/person\/03d9f58202fee8379268f34afa195006\"},\"headline\":\"Ministrul Dezvolt\u0103rii: 60 de cre\u0219e finalizate p\u00e2n\u0103 la sf\u00e2r\u0219itul anului prin programul &#8216;Sf\u00e2nta Ana&#8217;, cu fonduri europene\",\"datePublished\":\"2025-10-17T09:40:05+00:00\",\"dateModified\":\"2025-10-17T09:43:02+00:00\",\"mainEntityOfPage\":{\"@id\":\"https:\/\/carpathiacenter.ro\/ministrul-dezvoltarii-60-de-crese-finalizate-pana-la-sfarsitul-anului-prin-programul-sfanta-ana-cu-fonduri-europene\/\"},\"wordCount\":356,\"commentCount\":0,\"publisher\":{\"@id\":\"https:\/\/carpathiacenter.ro\/#organization\"},\"image\":{\"@id\":\"https:\/\/carpathiacenter.ro\/ministrul-dezvoltarii-60-de-crese-finalizate-pana-la-sfarsitul-anului-prin-programul-sfanta-ana-cu-fonduri-europene\/#primaryimage\"},\"thumbnailUrl\":\"https:\/\/carpathiacenter.ro\/wp-content\/uploads\/2025\/10\/Cresa.webp\",\"articleSection\":[\"Uncategorized\"],\"inLanguage\":\"en-GB\",\"potentialAction\":[{\"@type\":\"CommentAction\",\"name\":\"Comment\",\"target\":[\"https:\/\/carpathiacenter.ro\/ministrul-dezvoltarii-60-de-crese-finalizate-pana-la-sfarsitul-anului-prin-programul-sfanta-ana-cu-fonduri-europene\/#respond\"]}]},{\"@type\":\"WebPage\",\"@id\":\"https:\/\/carpathiacenter.ro\/ministrul-dezvoltarii-60-de-crese-finalizate-pana-la-sfarsitul-anului-prin-programul-sfanta-ana-cu-fonduri-europene\/\",\"url\":\"https:\/\/carpathiacenter.ro\/ministrul-dezvoltarii-60-de-crese-finalizate-pana-la-sfarsitul-anului-prin-programul-sfanta-ana-cu-fonduri-europene\/\",\"name\":\"Ministrul Dezvolt\u0103rii: 60 de cre\u0219e finalizate p\u00e2n\u0103 la sf\u00e2r\u0219itul anului prin programul 'Sf\u00e2nta Ana', cu fonduri europene - Carpathia Center Romania\",\"isPartOf\":{\"@id\":\"https:\/\/carpathiacenter.ro\/#website\"},\"primaryImageOfPage\":{\"@id\":\"https:\/\/carpathiacenter.ro\/ministrul-dezvoltarii-60-de-crese-finalizate-pana-la-sfarsitul-anului-prin-programul-sfanta-ana-cu-fonduri-europene\/#primaryimage\"},\"image\":{\"@id\":\"https:\/\/carpathiacenter.ro\/ministrul-dezvoltarii-60-de-crese-finalizate-pana-la-sfarsitul-anului-prin-programul-sfanta-ana-cu-fonduri-europene\/#primaryimage\"},\"thumbnailUrl\":\"https:\/\/carpathiacenter.ro\/wp-content\/uploads\/2025\/10\/Cresa.webp\",\"datePublished\":\"2025-10-17T09:40:05+00:00\",\"dateModified\":\"2025-10-17T09:43:02+00:00\",\"breadcrumb\":{\"@id\":\"https:\/\/carpathiacenter.ro\/ministrul-dezvoltarii-60-de-crese-finalizate-pana-la-sfarsitul-anului-prin-programul-sfanta-ana-cu-fonduri-europene\/#breadcrumb\"},\"inLanguage\":\"en-GB\",\"potentialAction\":[{\"@type\":\"ReadAction\",\"target\":[\"https:\/\/carpathiacenter.ro\/ministrul-dezvoltarii-60-de-crese-finalizate-pana-la-sfarsitul-anului-prin-programul-sfanta-ana-cu-fonduri-europene\/\"]}]},{\"@type\":\"ImageObject\",\"inLanguage\":\"en-GB\",\"@id\":\"https:\/\/carpathiacenter.ro\/ministrul-dezvoltarii-60-de-crese-finalizate-pana-la-sfarsitul-anului-prin-programul-sfanta-ana-cu-fonduri-europene\/#primaryimage\",\"url\":\"https:\/\/carpathiacenter.ro\/wp-content\/uploads\/2025\/10\/Cresa.webp\",\"contentUrl\":\"https:\/\/carpathiacenter.ro\/wp-content\/uploads\/2025\/10\/Cresa.webp\",\"width\":800,\"height\":600},{\"@type\":\"BreadcrumbList\",\"@id\":\"https:\/\/carpathiacenter.ro\/ministrul-dezvoltarii-60-de-crese-finalizate-pana-la-sfarsitul-anului-prin-programul-sfanta-ana-cu-fonduri-europene\/#breadcrumb\",\"itemListElement\":[{\"@type\":\"ListItem\",\"position\":1,\"name\":\"Prima pagin\u0103\",\"item\":\"https:\/\/carpathiacenter.ro\/\"},{\"@type\":\"ListItem\",\"position\":2,\"name\":\"Ministrul Dezvolt\u0103rii: 60 de cre\u0219e finalizate p\u00e2n\u0103 la sf\u00e2r\u0219itul anului prin programul &#8216;Sf\u00e2nta Ana&#8217;, cu fonduri europene\"}]},{\"@type\":\"WebSite\",\"@id\":\"https:\/\/carpathiacenter.ro\/#website\",\"url\":\"https:\/\/carpathiacenter.ro\/\",\"name\":\"Carpathia Center Romania\",\"description\":\"Impossible made possible!\",\"publisher\":{\"@id\":\"https:\/\/carpathiacenter.ro\/#organization\"},\"potentialAction\":[{\"@type\":\"SearchAction\",\"target\":{\"@type\":\"EntryPoint\",\"urlTemplate\":\"https:\/\/carpathiacenter.ro\/?s={search_term_string}\"},\"query-input\":{\"@type\":\"PropertyValueSpecification\",\"valueRequired\":true,\"valueName\":\"search_term_string\"}}],\"inLanguage\":\"en-GB\"},{\"@type\":\"Organization\",\"@id\":\"https:\/\/carpathiacenter.ro\/#organization\",\"name\":\"Carpathia Center Romania\",\"url\":\"https:\/\/carpathiacenter.ro\/\",\"logo\":{\"@type\":\"ImageObject\",\"inLanguage\":\"en-GB\",\"@id\":\"https:\/\/carpathiacenter.ro\/#\/schema\/logo\/image\/\",\"url\":\"https:\/\/carpathiacenter.ro\/wp-content\/uploads\/2024\/07\/logo-carpathia_bg_white-1024x941.png\",\"contentUrl\":\"https:\/\/carpathiacenter.ro\/wp-content\/uploads\/2024\/07\/logo-carpathia_bg_white-1024x941.png\",\"width\":1024,\"height\":941,\"caption\":\"Carpathia Center Romania\"},\"image\":{\"@id\":\"https:\/\/carpathiacenter.ro\/#\/schema\/logo\/image\/\"},\"sameAs\":[\"https:\/\/www.facebook.com\/fdpscarpathia\/\"]},{\"@type\":\"Person\",\"@id\":\"https:\/\/carpathiacenter.ro\/#\/schema\/person\/03d9f58202fee8379268f34afa195006\",\"name\":\"creativebitsolutions\",\"image\":{\"@type\":\"ImageObject\",\"inLanguage\":\"en-GB\",\"@id\":\"https:\/\/carpathiacenter.ro\/#\/schema\/person\/image\/\",\"url\":\"https:\/\/secure.gravatar.com\/avatar\/1b1a13e37f847c635dab78348f1dff2f07651ee2a3d77a5c355a4b8c75f9165a?s=96&d=mm&r=g\",\"contentUrl\":\"https:\/\/secure.gravatar.com\/avatar\/1b1a13e37f847c635dab78348f1dff2f07651ee2a3d77a5c355a4b8c75f9165a?s=96&d=mm&r=g\",\"caption\":\"creativebitsolutions\"},\"url\":\"https:\/\/carpathiacenter.ro\/en\/author\/creativebitsolutions\/\"}]}<\/script>\n<!-- \/ Yoast SEO plugin. -->","yoast_head_json":{"title":"Ministrul Dezvolt\u0103rii: 60 de cre\u0219e finalizate p\u00e2n\u0103 la sf\u00e2r\u0219itul anului prin programul 'Sf\u00e2nta Ana', cu fonduri europene - Carpathia Center Romania","robots":{"index":"index","follow":"follow","max-snippet":"max-snippet:-1","max-image-preview":"max-image-preview:large","max-video-preview":"max-video-preview:-1"},"canonical":"https:\/\/carpathiacenter.ro\/en\/ministrul-dezvoltarii-60-de-crese-finalizate-pana-la-sfarsitul-anului-prin-programul-sfanta-ana-cu-fonduri-europene\/","og_locale":"en_GB","og_type":"article","og_title":"Ministrul Dezvolt\u0103rii: 60 de cre\u0219e finalizate p\u00e2n\u0103 la sf\u00e2r\u0219itul anului prin programul 'Sf\u00e2nta Ana', cu fonduri europene - Carpathia Center Romania","og_description":"Ministrul Dezvolt\u0103rii, Lucr\u0103rilor Publice \u0219i Administra\u021biei, Cseke Attila, a declarat, joi, la Sebe\u0219, c\u0103 p\u00e2n\u0103 la sf\u00e2r\u0219itul anului num\u0103rul cre\u0219elor finalizate prin programul guvernamental &#8216;Sf\u00e2nta Ana&#8217; va ajunge la aproximativ 60. &#8216;\u00cen total, \u00een acest program guvernamental sunt 241 de cre\u0219e, din care 35 sunt finalizate, iar p\u00e2n\u0103 la sf\u00e2r\u0219itul anului se vor mai finaliza...","og_url":"https:\/\/carpathiacenter.ro\/en\/ministrul-dezvoltarii-60-de-crese-finalizate-pana-la-sfarsitul-anului-prin-programul-sfanta-ana-cu-fonduri-europene\/","og_site_name":"Carpathia Center Romania","article_publisher":"https:\/\/www.facebook.com\/fdpscarpathia\/","article_published_time":"2025-10-17T09:40:05+00:00","article_modified_time":"2025-10-17T09:43:02+00:00","og_image":[{"width":800,"height":600,"url":"https:\/\/carpathiacenter.ro\/wp-content\/uploads\/2025\/10\/Cresa.webp","type":"image\/webp"}],"author":"creativebitsolutions","twitter_card":"summary_large_image","twitter_misc":{"Written by":"creativebitsolutions","Estimated reading time":"2 minutes"},"schema":{"@context":"https:\/\/schema.org","@graph":[{"@type":"Article","@id":"https:\/\/carpathiacenter.ro\/ministrul-dezvoltarii-60-de-crese-finalizate-pana-la-sfarsitul-anului-prin-programul-sfanta-ana-cu-fonduri-europene\/#article","isPartOf":{"@id":"https:\/\/carpathiacenter.ro\/ministrul-dezvoltarii-60-de-crese-finalizate-pana-la-sfarsitul-anului-prin-programul-sfanta-ana-cu-fonduri-europene\/"},"author":{"name":"creativebitsolutions","@id":"https:\/\/carpathiacenter.ro\/#\/schema\/person\/03d9f58202fee8379268f34afa195006"},"headline":"Ministrul Dezvolt\u0103rii: 60 de cre\u0219e finalizate p\u00e2n\u0103 la sf\u00e2r\u0219itul anului prin programul &#8216;Sf\u00e2nta Ana&#8217;, cu fonduri europene","datePublished":"2025-10-17T09:40:05+00:00","dateModified":"2025-10-17T09:43:02+00:00","mainEntityOfPage":{"@id":"https:\/\/carpathiacenter.ro\/ministrul-dezvoltarii-60-de-crese-finalizate-pana-la-sfarsitul-anului-prin-programul-sfanta-ana-cu-fonduri-europene\/"},"wordCount":356,"commentCount":0,"publisher":{"@id":"https:\/\/carpathiacenter.ro\/#organization"},"image":{"@id":"https:\/\/carpathiacenter.ro\/ministrul-dezvoltarii-60-de-crese-finalizate-pana-la-sfarsitul-anului-prin-programul-sfanta-ana-cu-fonduri-europene\/#primaryimage"},"thumbnailUrl":"https:\/\/carpathiacenter.ro\/wp-content\/uploads\/2025\/10\/Cresa.webp","articleSection":["Uncategorized"],"inLanguage":"en-GB","potentialAction":[{"@type":"CommentAction","name":"Comment","target":["https:\/\/carpathiacenter.ro\/ministrul-dezvoltarii-60-de-crese-finalizate-pana-la-sfarsitul-anului-prin-programul-sfanta-ana-cu-fonduri-europene\/#respond"]}]},{"@type":"WebPage","@id":"https:\/\/carpathiacenter.ro\/ministrul-dezvoltarii-60-de-crese-finalizate-pana-la-sfarsitul-anului-prin-programul-sfanta-ana-cu-fonduri-europene\/","url":"https:\/\/carpathiacenter.ro\/ministrul-dezvoltarii-60-de-crese-finalizate-pana-la-sfarsitul-anului-prin-programul-sfanta-ana-cu-fonduri-europene\/","name":"Ministrul Dezvolt\u0103rii: 60 de cre\u0219e finalizate p\u00e2n\u0103 la sf\u00e2r\u0219itul anului prin programul 'Sf\u00e2nta Ana', cu fonduri europene - Carpathia Center Romania","isPartOf":{"@id":"https:\/\/carpathiacenter.ro\/#website"},"primaryImageOfPage":{"@id":"https:\/\/carpathiacenter.ro\/ministrul-dezvoltarii-60-de-crese-finalizate-pana-la-sfarsitul-anului-prin-programul-sfanta-ana-cu-fonduri-europene\/#primaryimage"},"image":{"@id":"https:\/\/carpathiacenter.ro\/ministrul-dezvoltarii-60-de-crese-finalizate-pana-la-sfarsitul-anului-prin-programul-sfanta-ana-cu-fonduri-europene\/#primaryimage"},"thumbnailUrl":"https:\/\/carpathiacenter.ro\/wp-content\/uploads\/2025\/10\/Cresa.webp","datePublished":"2025-10-17T09:40:05+00:00","dateModified":"2025-10-17T09:43:02+00:00","breadcrumb":{"@id":"https:\/\/carpathiacenter.ro\/ministrul-dezvoltarii-60-de-crese-finalizate-pana-la-sfarsitul-anului-prin-programul-sfanta-ana-cu-fonduri-europene\/#breadcrumb"},"inLanguage":"en-GB","potentialAction":[{"@type":"ReadAction","target":["https:\/\/carpathiacenter.ro\/ministrul-dezvoltarii-60-de-crese-finalizate-pana-la-sfarsitul-anului-prin-programul-sfanta-ana-cu-fonduri-europene\/"]}]},{"@type":"ImageObject","inLanguage":"en-GB","@id":"https:\/\/carpathiacenter.ro\/ministrul-dezvoltarii-60-de-crese-finalizate-pana-la-sfarsitul-anului-prin-programul-sfanta-ana-cu-fonduri-europene\/#primaryimage","url":"https:\/\/carpathiacenter.ro\/wp-content\/uploads\/2025\/10\/Cresa.webp","contentUrl":"https:\/\/carpathiacenter.ro\/wp-content\/uploads\/2025\/10\/Cresa.webp","width":800,"height":600},{"@type":"BreadcrumbList","@id":"https:\/\/carpathiacenter.ro\/ministrul-dezvoltarii-60-de-crese-finalizate-pana-la-sfarsitul-anului-prin-programul-sfanta-ana-cu-fonduri-europene\/#breadcrumb","itemListElement":[{"@type":"ListItem","position":1,"name":"Prima pagin\u0103","item":"https:\/\/carpathiacenter.ro\/"},{"@type":"ListItem","position":2,"name":"Ministrul Dezvolt\u0103rii: 60 de cre\u0219e finalizate p\u00e2n\u0103 la sf\u00e2r\u0219itul anului prin programul &#8216;Sf\u00e2nta Ana&#8217;, cu fonduri europene"}]},{"@type":"WebSite","@id":"https:\/\/carpathiacenter.ro\/#website","url":"https:\/\/carpathiacenter.ro\/","name":"Carpathia Center Romania","description":"Impossible made possible!","publisher":{"@id":"https:\/\/carpathiacenter.ro\/#organization"},"potentialAction":[{"@type":"SearchAction","target":{"@type":"EntryPoint","urlTemplate":"https:\/\/carpathiacenter.ro\/?s={search_term_string}"},"query-input":{"@type":"PropertyValueSpecification","valueRequired":true,"valueName":"search_term_string"}}],"inLanguage":"en-GB"},{"@type":"Organization","@id":"https:\/\/carpathiacenter.ro\/#organization","name":"Carpathia Center Romania","url":"https:\/\/carpathiacenter.ro\/","logo":{"@type":"ImageObject","inLanguage":"en-GB","@id":"https:\/\/carpathiacenter.ro\/#\/schema\/logo\/image\/","url":"https:\/\/carpathiacenter.ro\/wp-content\/uploads\/2024\/07\/logo-carpathia_bg_white-1024x941.png","contentUrl":"https:\/\/carpathiacenter.ro\/wp-content\/uploads\/2024\/07\/logo-carpathia_bg_white-1024x941.png","width":1024,"height":941,"caption":"Carpathia Center Romania"},"image":{"@id":"https:\/\/carpathiacenter.ro\/#\/schema\/logo\/image\/"},"sameAs":["https:\/\/www.facebook.com\/fdpscarpathia\/"]},{"@type":"Person","@id":"https:\/\/carpathiacenter.ro\/#\/schema\/person\/03d9f58202fee8379268f34afa195006","name":"creativebitsolutions","image":{"@type":"ImageObject","inLanguage":"en-GB","@id":"https:\/\/carpathiacenter.ro\/#\/schema\/person\/image\/","url":"https:\/\/secure.gravatar.com\/avatar\/1b1a13e37f847c635dab78348f1dff2f07651ee2a3d77a5c355a4b8c75f9165a?s=96&d=mm&r=g","contentUrl":"https:\/\/secure.gravatar.com\/avatar\/1b1a13e37f847c635dab78348f1dff2f07651ee2a3d77a5c355a4b8c75f9165a?s=96&d=mm&r=g","caption":"creativebitsolutions"},"url":"https:\/\/carpathiacenter.ro\/en\/author\/creativebitsolutions\/"}]}},"_links":{"self":[{"href":"https:\/\/carpathiacenter.ro\/en\/wp-json\/wp\/v2\/posts\/3183","targetHints":{"allow":["GET"]}}],"collection":[{"href":"https:\/\/carpathiacenter.ro\/en\/wp-json\/wp\/v2\/posts"}],"about":[{"href":"https:\/\/carpathiacenter.ro\/en\/wp-json\/wp\/v2\/types\/post"}],"author":[{"embeddable":true,"href":"https:\/\/carpathiacenter.ro\/en\/wp-json\/wp\/v2\/users\/4"}],"replies":[{"embeddable":true,"href":"https:\/\/carpathiacenter.ro\/en\/wp-json\/wp\/v2\/comments?post=3183"}],"version-history":[{"count":1,"href":"https:\/\/carpathiacenter.ro\/en\/wp-json\/wp\/v2\/posts\/3183\/revisions"}],"predecessor-version":[{"id":3184,"href":"https:\/\/carpathiacenter.ro\/en\/wp-json\/wp\/v2\/posts\/3183\/revisions\/3184"}],"wp:featuredmedia":[{"embeddable":true,"href":"https:\/\/carpathiacenter.ro\/en\/wp-json\/wp\/v2\/media\/3186"}],"wp:attachment":[{"href":"https:\/\/carpathiacenter.ro\/en\/wp-json\/wp\/v2\/media?parent=3183"}],"wp:term":[{"taxonomy":"category","embeddable":true,"href":"https:\/\/carpathiacenter.ro\/en\/wp-json\/wp\/v2\/categories?post=3183"},{"taxonomy":"post_tag","embeddable":true,"href":"https:\/\/carpathiacenter.ro\/en\/wp-json\/wp\/v2\/tags?post=3183"}],"curies":[{"name":"wp","href":"https:\/\/api.w.org\/{rel}","templated":true}]}}