{"id":3171,"date":"2025-10-15T07:45:27","date_gmt":"2025-10-15T07:45:27","guid":{"rendered":"https:\/\/carpathiacenter.ro\/?p=3171"},"modified":"2025-10-15T07:45:27","modified_gmt":"2025-10-15T07:45:27","slug":"gorj-proiect-de-380-de-milioane-de-euro-pentru-un-hub-de-energie-regenerabila-la-turceni","status":"publish","type":"post","link":"https:\/\/carpathiacenter.ro\/en\/gorj-proiect-de-380-de-milioane-de-euro-pentru-un-hub-de-energie-regenerabila-la-turceni\/","title":{"rendered":"Gorj: Proiect de 380 de milioane de euro pentru un hub de energie regenerabil\u0103 la Turceni"},"content":{"rendered":"<p><strong>Prim\u0103ria ora\u0219ului Turceni a semnat, mar\u021bi, un contract cu Banca European\u0103 de Investi\u021bii (BEI) pentru un proiect care \u00ee\u0219i propune crearea unui hub de energie regenerabil\u0103.<\/strong><\/p>\n<p>Proiectul, \u00een valoare total\u0103 de 380 de milioane de euro, este prima ini\u021biativ\u0103 de aceast\u0103 anvergur\u0103 din jude\u021bul Gorj, potrivit unui comunicat de pres\u0103 postat pe pagina de Facebook a primarului ora\u0219ului Turceni, Constantin Popescu.<\/p>\n<p>\nImplementarea proiectului va duce la folosirea a peste 123 hectare de teren public (p\u0103\u0219uni) \u0219i peste 200 de hectare de teren privat pentru crearea de parcuri fotovoltaice agrivoltaice, sta\u021bii de stocare a energiei, precum \u0219i produc\u021bie \u0219i stocare de hidrogen verde.<\/p>\n<p>&#8216;\u00cen inima Jude\u021bului Gorj, unde, timp de decenii, s-a produs una dintre cele mai mari cantit\u0103\u021bi de electricitate pe baz\u0103 de c\u0103rbune din Rom\u00e2nia, ora\u0219ul Turceni deschide ast\u0103zi o nou\u0103 etap\u0103 a unei tranzi\u021bii curajoase c\u0103tre energie verde, sustenabilitate \u0219i parteneriate pentru viitor. \u00cen calitate de primar al acestui ora\u0219, \u00eempreun\u0103 cu comunitatea \u0219i echipa mea, am dezvoltat un proiect integrat cu poten\u021bial de implementare accelerat\u0103, bazat pe ini\u021biativ\u0103 local\u0103, voin\u021b\u0103 administrativ\u0103 \u0219i parteneriate deja conturate. \u00centr-un jude\u021b unde lipsesc proiecte mature \u00een domeniul tranzi\u021biei juste, Turceni \u00ee\u0219i asum\u0103 responsabil rolul de lider regional&#8217;, a declarat Constantin Popescu, potrivit post\u0103rii.<\/p>\n<p><iframe allow=\"autoplay; clipboard-write; encrypted-media; picture-in-picture; web-share\" allowfullscreen=\"true\" frameborder=\"0\" height=\"690\" scrolling=\"no\" src=\"https:\/\/www.facebook.com\/plugins\/post.php?href=https%3A%2F%2Fwww.facebook.com%2Fpopescu.constantin.7543%2Fposts%2Fpfbid0nY2C7hYYfvpcoCAUjKMcYK7d7YLuHrUZywQPGbdP5qETiGfgzFMYxUGpGedxxMGMl&amp;show_text=true&amp;width=500\" style=\"border:none;overflow:hidden\" width=\"500\"><\/iframe><\/p>\n<p>Parteneri \u00een dezvoltarea acestui proiect, precum \u0219i \u00een implementarea lui, sunt Asocia\u021bia Bankwatch Romania \u0219i Asocia\u021bia GAL Sudul Gorjului. Aceste parteneriate strategice au avut rolul important \u00een dezvoltarea planului de proiect \u0219i alinierea acestuia cu politicile europene de mediu, precum \u0219i \u00een aplicarea pentru asisten\u021b\u0103 tehnic\u0103.<\/p>\n<p>Debutul implement\u0103rii acestui proiect va fi la \u00eenceputul anului 2026.<\/p>\n<p>Proiectul va contribui la o tranzi\u021bie just\u0103 a regiunii prin cre\u0219terea produc\u021biei de energie electric\u0103 din surse regenerabile de energie \u0219i va fi complementar altor investi\u021bii de decarbonizare \u00een curs de implementare sau care urmeaz\u0103 s\u0103 fie implementate de Prim\u0103ria Turceni.<\/p>\n<p>&#8216;Implementarea cu succes a acestuia va putea reprezenta un reper la nivel na\u021bional de proiecte care contribuie la o tranzi\u021bie energetic\u0103 \u0219i just\u0103 reu\u0219it\u0103. Dezvoltarea de parcuri fotovoltaice agrivoltaice, instalarea de sta\u021bii de stocare \u0219i produc\u021bia \u0219i stocarea de hidrogen verde, precum \u0219i exploatarea resurselor geotermale pentru termoficare \u0219i agricultur\u0103 sunt principalele componente energetice ale acestei abord\u0103ri integrate prin care Turceni \u00ee\u0219i propune s\u0103 devin\u0103 un pol regional al tranzi\u021biei energetice&#8217;, se mai arat\u0103 \u00een postare. AGERPRES \/ (AS &#8211; redactor: Oana Popescu, editor: Marius Fr\u0103\u021bil\u0103, editor online: Andreea Preda)<br \/>\n<br \/>\nSursa articolului:  <a href=\"https:\/\/agerpres.ro\/administratie\/2025\/10\/14\/gorj-proiect-de-380-de-milioane-de-euro-pentru-un-hub-de-energie-regenerabila-la-turceni--1493516\" target=\"_blank\" rel=\"noopener\" title=\"\">https:\/\/agerpres.ro\/administratie\/2025\/10\/14\/gorj-proiect-de-380-de-milioane-de-euro-pentru-un-hub-de-energie-regenerabila-la-turceni&#8211;1493516<\/a><\/p>","protected":false},"excerpt":{"rendered":"<p>Prim\u0103ria ora\u0219ului Turceni a semnat, mar\u021bi, un contract cu Banca European\u0103 de Investi\u021bii (BEI) pentru un proiect care \u00ee\u0219i propune crearea unui hub de energie regenerabil\u0103. Proiectul, \u00een valoare total\u0103 de 380 de milioane de euro, este prima ini\u021biativ\u0103 de aceast\u0103 anvergur\u0103 din jude\u021bul Gorj, potrivit unui comunicat de pres\u0103 postat pe pagina de Facebook&#8230;<\/p>","protected":false},"author":4,"featured_media":2173,"comment_status":"open","ping_status":"open","sticky":false,"template":"","format":"standard","meta":{"footnotes":""},"categories":[1],"tags":[],"class_list":["post-3171","post","type-post","status-publish","format-standard","has-post-thumbnail","hentry","category-uncategorized"],"yoast_head":"<!-- This site is optimized with the Yoast SEO plugin v26.1.1 - https:\/\/yoast.com\/wordpress\/plugins\/seo\/ -->\n<title>Gorj: Proiect de 380 de milioane de euro pentru un hub de energie regenerabil\u0103 la Turceni - Carpathia Center Romania<\/title>\n<meta name=\"robots\" content=\"index, follow, max-snippet:-1, max-image-preview:large, max-video-preview:-1\" \/>\n<link rel=\"canonical\" href=\"https:\/\/carpathiacenter.ro\/en\/gorj-proiect-de-380-de-milioane-de-euro-pentru-un-hub-de-energie-regenerabila-la-turceni\/\" \/>\n<meta property=\"og:locale\" content=\"en_GB\" \/>\n<meta property=\"og:type\" content=\"article\" \/>\n<meta property=\"og:title\" content=\"Gorj: Proiect de 380 de milioane de euro pentru un hub de energie regenerabil\u0103 la Turceni - Carpathia Center Romania\" \/>\n<meta property=\"og:description\" content=\"Prim\u0103ria ora\u0219ului Turceni a semnat, mar\u021bi, un contract cu Banca European\u0103 de Investi\u021bii (BEI) pentru un proiect care \u00ee\u0219i propune crearea unui hub de energie regenerabil\u0103. Proiectul, \u00een valoare total\u0103 de 380 de milioane de euro, este prima ini\u021biativ\u0103 de aceast\u0103 anvergur\u0103 din jude\u021bul Gorj, potrivit unui comunicat de pres\u0103 postat pe pagina de Facebook...\" \/>\n<meta property=\"og:url\" content=\"https:\/\/carpathiacenter.ro\/en\/gorj-proiect-de-380-de-milioane-de-euro-pentru-un-hub-de-energie-regenerabila-la-turceni\/\" \/>\n<meta property=\"og:site_name\" content=\"Carpathia Center Romania\" \/>\n<meta property=\"article:publisher\" content=\"https:\/\/www.facebook.com\/fdpscarpathia\/\" \/>\n<meta property=\"article:published_time\" content=\"2025-10-15T07:45:27+00:00\" \/>\n<meta property=\"og:image\" content=\"https:\/\/carpathiacenter.ro\/wp-content\/uploads\/2025\/04\/parc-fotovoltaic.jpg\" \/>\n\t<meta property=\"og:image:width\" content=\"640\" \/>\n\t<meta property=\"og:image:height\" content=\"360\" \/>\n\t<meta property=\"og:image:type\" content=\"image\/jpeg\" \/>\n<meta name=\"author\" content=\"creativebitsolutions\" \/>\n<meta name=\"twitter:card\" content=\"summary_large_image\" \/>\n<meta name=\"twitter:label1\" content=\"Written by\" \/>\n\t<meta name=\"twitter:data1\" content=\"creativebitsolutions\" \/>\n\t<meta name=\"twitter:label2\" content=\"Estimated reading time\" \/>\n\t<meta name=\"twitter:data2\" content=\"1 minute\" \/>\n<script type=\"application\/ld+json\" class=\"yoast-schema-graph\">{\"@context\":\"https:\/\/schema.org\",\"@graph\":[{\"@type\":\"Article\",\"@id\":\"https:\/\/carpathiacenter.ro\/gorj-proiect-de-380-de-milioane-de-euro-pentru-un-hub-de-energie-regenerabila-la-turceni\/#article\",\"isPartOf\":{\"@id\":\"https:\/\/carpathiacenter.ro\/gorj-proiect-de-380-de-milioane-de-euro-pentru-un-hub-de-energie-regenerabila-la-turceni\/\"},\"author\":{\"name\":\"creativebitsolutions\",\"@id\":\"https:\/\/carpathiacenter.ro\/#\/schema\/person\/03d9f58202fee8379268f34afa195006\"},\"headline\":\"Gorj: Proiect de 380 de milioane de euro pentru un hub de energie regenerabil\u0103 la Turceni\",\"datePublished\":\"2025-10-15T07:45:27+00:00\",\"mainEntityOfPage\":{\"@id\":\"https:\/\/carpathiacenter.ro\/gorj-proiect-de-380-de-milioane-de-euro-pentru-un-hub-de-energie-regenerabila-la-turceni\/\"},\"wordCount\":445,\"commentCount\":0,\"publisher\":{\"@id\":\"https:\/\/carpathiacenter.ro\/#organization\"},\"image\":{\"@id\":\"https:\/\/carpathiacenter.ro\/gorj-proiect-de-380-de-milioane-de-euro-pentru-un-hub-de-energie-regenerabila-la-turceni\/#primaryimage\"},\"thumbnailUrl\":\"https:\/\/carpathiacenter.ro\/wp-content\/uploads\/2025\/04\/parc-fotovoltaic.jpg\",\"articleSection\":[\"Uncategorized\"],\"inLanguage\":\"en-GB\",\"potentialAction\":[{\"@type\":\"CommentAction\",\"name\":\"Comment\",\"target\":[\"https:\/\/carpathiacenter.ro\/gorj-proiect-de-380-de-milioane-de-euro-pentru-un-hub-de-energie-regenerabila-la-turceni\/#respond\"]}]},{\"@type\":\"WebPage\",\"@id\":\"https:\/\/carpathiacenter.ro\/gorj-proiect-de-380-de-milioane-de-euro-pentru-un-hub-de-energie-regenerabila-la-turceni\/\",\"url\":\"https:\/\/carpathiacenter.ro\/gorj-proiect-de-380-de-milioane-de-euro-pentru-un-hub-de-energie-regenerabila-la-turceni\/\",\"name\":\"Gorj: Proiect de 380 de milioane de euro pentru un hub de energie regenerabil\u0103 la Turceni - Carpathia Center Romania\",\"isPartOf\":{\"@id\":\"https:\/\/carpathiacenter.ro\/#website\"},\"primaryImageOfPage\":{\"@id\":\"https:\/\/carpathiacenter.ro\/gorj-proiect-de-380-de-milioane-de-euro-pentru-un-hub-de-energie-regenerabila-la-turceni\/#primaryimage\"},\"image\":{\"@id\":\"https:\/\/carpathiacenter.ro\/gorj-proiect-de-380-de-milioane-de-euro-pentru-un-hub-de-energie-regenerabila-la-turceni\/#primaryimage\"},\"thumbnailUrl\":\"https:\/\/carpathiacenter.ro\/wp-content\/uploads\/2025\/04\/parc-fotovoltaic.jpg\",\"datePublished\":\"2025-10-15T07:45:27+00:00\",\"breadcrumb\":{\"@id\":\"https:\/\/carpathiacenter.ro\/gorj-proiect-de-380-de-milioane-de-euro-pentru-un-hub-de-energie-regenerabila-la-turceni\/#breadcrumb\"},\"inLanguage\":\"en-GB\",\"potentialAction\":[{\"@type\":\"ReadAction\",\"target\":[\"https:\/\/carpathiacenter.ro\/gorj-proiect-de-380-de-milioane-de-euro-pentru-un-hub-de-energie-regenerabila-la-turceni\/\"]}]},{\"@type\":\"ImageObject\",\"inLanguage\":\"en-GB\",\"@id\":\"https:\/\/carpathiacenter.ro\/gorj-proiect-de-380-de-milioane-de-euro-pentru-un-hub-de-energie-regenerabila-la-turceni\/#primaryimage\",\"url\":\"https:\/\/carpathiacenter.ro\/wp-content\/uploads\/2025\/04\/parc-fotovoltaic.jpg\",\"contentUrl\":\"https:\/\/carpathiacenter.ro\/wp-content\/uploads\/2025\/04\/parc-fotovoltaic.jpg\",\"width\":640,\"height\":360},{\"@type\":\"BreadcrumbList\",\"@id\":\"https:\/\/carpathiacenter.ro\/gorj-proiect-de-380-de-milioane-de-euro-pentru-un-hub-de-energie-regenerabila-la-turceni\/#breadcrumb\",\"itemListElement\":[{\"@type\":\"ListItem\",\"position\":1,\"name\":\"Prima pagin\u0103\",\"item\":\"https:\/\/carpathiacenter.ro\/\"},{\"@type\":\"ListItem\",\"position\":2,\"name\":\"Gorj: Proiect de 380 de milioane de euro pentru un hub de energie regenerabil\u0103 la Turceni\"}]},{\"@type\":\"WebSite\",\"@id\":\"https:\/\/carpathiacenter.ro\/#website\",\"url\":\"https:\/\/carpathiacenter.ro\/\",\"name\":\"Carpathia Center Romania\",\"description\":\"Impossible made possible!\",\"publisher\":{\"@id\":\"https:\/\/carpathiacenter.ro\/#organization\"},\"potentialAction\":[{\"@type\":\"SearchAction\",\"target\":{\"@type\":\"EntryPoint\",\"urlTemplate\":\"https:\/\/carpathiacenter.ro\/?s={search_term_string}\"},\"query-input\":{\"@type\":\"PropertyValueSpecification\",\"valueRequired\":true,\"valueName\":\"search_term_string\"}}],\"inLanguage\":\"en-GB\"},{\"@type\":\"Organization\",\"@id\":\"https:\/\/carpathiacenter.ro\/#organization\",\"name\":\"Carpathia Center Romania\",\"url\":\"https:\/\/carpathiacenter.ro\/\",\"logo\":{\"@type\":\"ImageObject\",\"inLanguage\":\"en-GB\",\"@id\":\"https:\/\/carpathiacenter.ro\/#\/schema\/logo\/image\/\",\"url\":\"https:\/\/carpathiacenter.ro\/wp-content\/uploads\/2024\/07\/logo-carpathia_bg_white-1024x941.png\",\"contentUrl\":\"https:\/\/carpathiacenter.ro\/wp-content\/uploads\/2024\/07\/logo-carpathia_bg_white-1024x941.png\",\"width\":1024,\"height\":941,\"caption\":\"Carpathia Center Romania\"},\"image\":{\"@id\":\"https:\/\/carpathiacenter.ro\/#\/schema\/logo\/image\/\"},\"sameAs\":[\"https:\/\/www.facebook.com\/fdpscarpathia\/\"]},{\"@type\":\"Person\",\"@id\":\"https:\/\/carpathiacenter.ro\/#\/schema\/person\/03d9f58202fee8379268f34afa195006\",\"name\":\"creativebitsolutions\",\"image\":{\"@type\":\"ImageObject\",\"inLanguage\":\"en-GB\",\"@id\":\"https:\/\/carpathiacenter.ro\/#\/schema\/person\/image\/\",\"url\":\"https:\/\/secure.gravatar.com\/avatar\/1b1a13e37f847c635dab78348f1dff2f07651ee2a3d77a5c355a4b8c75f9165a?s=96&d=mm&r=g\",\"contentUrl\":\"https:\/\/secure.gravatar.com\/avatar\/1b1a13e37f847c635dab78348f1dff2f07651ee2a3d77a5c355a4b8c75f9165a?s=96&d=mm&r=g\",\"caption\":\"creativebitsolutions\"},\"url\":\"https:\/\/carpathiacenter.ro\/en\/author\/creativebitsolutions\/\"}]}<\/script>\n<!-- \/ Yoast SEO plugin. -->","yoast_head_json":{"title":"Gorj: Proiect de 380 de milioane de euro pentru un hub de energie regenerabil\u0103 la Turceni - Carpathia Center Romania","robots":{"index":"index","follow":"follow","max-snippet":"max-snippet:-1","max-image-preview":"max-image-preview:large","max-video-preview":"max-video-preview:-1"},"canonical":"https:\/\/carpathiacenter.ro\/en\/gorj-proiect-de-380-de-milioane-de-euro-pentru-un-hub-de-energie-regenerabila-la-turceni\/","og_locale":"en_GB","og_type":"article","og_title":"Gorj: Proiect de 380 de milioane de euro pentru un hub de energie regenerabil\u0103 la Turceni - Carpathia Center Romania","og_description":"Prim\u0103ria ora\u0219ului Turceni a semnat, mar\u021bi, un contract cu Banca European\u0103 de Investi\u021bii (BEI) pentru un proiect care \u00ee\u0219i propune crearea unui hub de energie regenerabil\u0103. Proiectul, \u00een valoare total\u0103 de 380 de milioane de euro, este prima ini\u021biativ\u0103 de aceast\u0103 anvergur\u0103 din jude\u021bul Gorj, potrivit unui comunicat de pres\u0103 postat pe pagina de Facebook...","og_url":"https:\/\/carpathiacenter.ro\/en\/gorj-proiect-de-380-de-milioane-de-euro-pentru-un-hub-de-energie-regenerabila-la-turceni\/","og_site_name":"Carpathia Center Romania","article_publisher":"https:\/\/www.facebook.com\/fdpscarpathia\/","article_published_time":"2025-10-15T07:45:27+00:00","og_image":[{"width":640,"height":360,"url":"https:\/\/carpathiacenter.ro\/wp-content\/uploads\/2025\/04\/parc-fotovoltaic.jpg","type":"image\/jpeg"}],"author":"creativebitsolutions","twitter_card":"summary_large_image","twitter_misc":{"Written by":"creativebitsolutions","Estimated reading time":"1 minute"},"schema":{"@context":"https:\/\/schema.org","@graph":[{"@type":"Article","@id":"https:\/\/carpathiacenter.ro\/gorj-proiect-de-380-de-milioane-de-euro-pentru-un-hub-de-energie-regenerabila-la-turceni\/#article","isPartOf":{"@id":"https:\/\/carpathiacenter.ro\/gorj-proiect-de-380-de-milioane-de-euro-pentru-un-hub-de-energie-regenerabila-la-turceni\/"},"author":{"name":"creativebitsolutions","@id":"https:\/\/carpathiacenter.ro\/#\/schema\/person\/03d9f58202fee8379268f34afa195006"},"headline":"Gorj: Proiect de 380 de milioane de euro pentru un hub de energie regenerabil\u0103 la Turceni","datePublished":"2025-10-15T07:45:27+00:00","mainEntityOfPage":{"@id":"https:\/\/carpathiacenter.ro\/gorj-proiect-de-380-de-milioane-de-euro-pentru-un-hub-de-energie-regenerabila-la-turceni\/"},"wordCount":445,"commentCount":0,"publisher":{"@id":"https:\/\/carpathiacenter.ro\/#organization"},"image":{"@id":"https:\/\/carpathiacenter.ro\/gorj-proiect-de-380-de-milioane-de-euro-pentru-un-hub-de-energie-regenerabila-la-turceni\/#primaryimage"},"thumbnailUrl":"https:\/\/carpathiacenter.ro\/wp-content\/uploads\/2025\/04\/parc-fotovoltaic.jpg","articleSection":["Uncategorized"],"inLanguage":"en-GB","potentialAction":[{"@type":"CommentAction","name":"Comment","target":["https:\/\/carpathiacenter.ro\/gorj-proiect-de-380-de-milioane-de-euro-pentru-un-hub-de-energie-regenerabila-la-turceni\/#respond"]}]},{"@type":"WebPage","@id":"https:\/\/carpathiacenter.ro\/gorj-proiect-de-380-de-milioane-de-euro-pentru-un-hub-de-energie-regenerabila-la-turceni\/","url":"https:\/\/carpathiacenter.ro\/gorj-proiect-de-380-de-milioane-de-euro-pentru-un-hub-de-energie-regenerabila-la-turceni\/","name":"Gorj: Proiect de 380 de milioane de euro pentru un hub de energie regenerabil\u0103 la Turceni - Carpathia Center Romania","isPartOf":{"@id":"https:\/\/carpathiacenter.ro\/#website"},"primaryImageOfPage":{"@id":"https:\/\/carpathiacenter.ro\/gorj-proiect-de-380-de-milioane-de-euro-pentru-un-hub-de-energie-regenerabila-la-turceni\/#primaryimage"},"image":{"@id":"https:\/\/carpathiacenter.ro\/gorj-proiect-de-380-de-milioane-de-euro-pentru-un-hub-de-energie-regenerabila-la-turceni\/#primaryimage"},"thumbnailUrl":"https:\/\/carpathiacenter.ro\/wp-content\/uploads\/2025\/04\/parc-fotovoltaic.jpg","datePublished":"2025-10-15T07:45:27+00:00","breadcrumb":{"@id":"https:\/\/carpathiacenter.ro\/gorj-proiect-de-380-de-milioane-de-euro-pentru-un-hub-de-energie-regenerabila-la-turceni\/#breadcrumb"},"inLanguage":"en-GB","potentialAction":[{"@type":"ReadAction","target":["https:\/\/carpathiacenter.ro\/gorj-proiect-de-380-de-milioane-de-euro-pentru-un-hub-de-energie-regenerabila-la-turceni\/"]}]},{"@type":"ImageObject","inLanguage":"en-GB","@id":"https:\/\/carpathiacenter.ro\/gorj-proiect-de-380-de-milioane-de-euro-pentru-un-hub-de-energie-regenerabila-la-turceni\/#primaryimage","url":"https:\/\/carpathiacenter.ro\/wp-content\/uploads\/2025\/04\/parc-fotovoltaic.jpg","contentUrl":"https:\/\/carpathiacenter.ro\/wp-content\/uploads\/2025\/04\/parc-fotovoltaic.jpg","width":640,"height":360},{"@type":"BreadcrumbList","@id":"https:\/\/carpathiacenter.ro\/gorj-proiect-de-380-de-milioane-de-euro-pentru-un-hub-de-energie-regenerabila-la-turceni\/#breadcrumb","itemListElement":[{"@type":"ListItem","position":1,"name":"Prima pagin\u0103","item":"https:\/\/carpathiacenter.ro\/"},{"@type":"ListItem","position":2,"name":"Gorj: Proiect de 380 de milioane de euro pentru un hub de energie regenerabil\u0103 la Turceni"}]},{"@type":"WebSite","@id":"https:\/\/carpathiacenter.ro\/#website","url":"https:\/\/carpathiacenter.ro\/","name":"Carpathia Center Romania","description":"Impossible made possible!","publisher":{"@id":"https:\/\/carpathiacenter.ro\/#organization"},"potentialAction":[{"@type":"SearchAction","target":{"@type":"EntryPoint","urlTemplate":"https:\/\/carpathiacenter.ro\/?s={search_term_string}"},"query-input":{"@type":"PropertyValueSpecification","valueRequired":true,"valueName":"search_term_string"}}],"inLanguage":"en-GB"},{"@type":"Organization","@id":"https:\/\/carpathiacenter.ro\/#organization","name":"Carpathia Center Romania","url":"https:\/\/carpathiacenter.ro\/","logo":{"@type":"ImageObject","inLanguage":"en-GB","@id":"https:\/\/carpathiacenter.ro\/#\/schema\/logo\/image\/","url":"https:\/\/carpathiacenter.ro\/wp-content\/uploads\/2024\/07\/logo-carpathia_bg_white-1024x941.png","contentUrl":"https:\/\/carpathiacenter.ro\/wp-content\/uploads\/2024\/07\/logo-carpathia_bg_white-1024x941.png","width":1024,"height":941,"caption":"Carpathia Center Romania"},"image":{"@id":"https:\/\/carpathiacenter.ro\/#\/schema\/logo\/image\/"},"sameAs":["https:\/\/www.facebook.com\/fdpscarpathia\/"]},{"@type":"Person","@id":"https:\/\/carpathiacenter.ro\/#\/schema\/person\/03d9f58202fee8379268f34afa195006","name":"creativebitsolutions","image":{"@type":"ImageObject","inLanguage":"en-GB","@id":"https:\/\/carpathiacenter.ro\/#\/schema\/person\/image\/","url":"https:\/\/secure.gravatar.com\/avatar\/1b1a13e37f847c635dab78348f1dff2f07651ee2a3d77a5c355a4b8c75f9165a?s=96&d=mm&r=g","contentUrl":"https:\/\/secure.gravatar.com\/avatar\/1b1a13e37f847c635dab78348f1dff2f07651ee2a3d77a5c355a4b8c75f9165a?s=96&d=mm&r=g","caption":"creativebitsolutions"},"url":"https:\/\/carpathiacenter.ro\/en\/author\/creativebitsolutions\/"}]}},"_links":{"self":[{"href":"https:\/\/carpathiacenter.ro\/en\/wp-json\/wp\/v2\/posts\/3171","targetHints":{"allow":["GET"]}}],"collection":[{"href":"https:\/\/carpathiacenter.ro\/en\/wp-json\/wp\/v2\/posts"}],"about":[{"href":"https:\/\/carpathiacenter.ro\/en\/wp-json\/wp\/v2\/types\/post"}],"author":[{"embeddable":true,"href":"https:\/\/carpathiacenter.ro\/en\/wp-json\/wp\/v2\/users\/4"}],"replies":[{"embeddable":true,"href":"https:\/\/carpathiacenter.ro\/en\/wp-json\/wp\/v2\/comments?post=3171"}],"version-history":[{"count":1,"href":"https:\/\/carpathiacenter.ro\/en\/wp-json\/wp\/v2\/posts\/3171\/revisions"}],"predecessor-version":[{"id":3172,"href":"https:\/\/carpathiacenter.ro\/en\/wp-json\/wp\/v2\/posts\/3171\/revisions\/3172"}],"wp:featuredmedia":[{"embeddable":true,"href":"https:\/\/carpathiacenter.ro\/en\/wp-json\/wp\/v2\/media\/2173"}],"wp:attachment":[{"href":"https:\/\/carpathiacenter.ro\/en\/wp-json\/wp\/v2\/media?parent=3171"}],"wp:term":[{"taxonomy":"category","embeddable":true,"href":"https:\/\/carpathiacenter.ro\/en\/wp-json\/wp\/v2\/categories?post=3171"},{"taxonomy":"post_tag","embeddable":true,"href":"https:\/\/carpathiacenter.ro\/en\/wp-json\/wp\/v2\/tags?post=3171"}],"curies":[{"name":"wp","href":"https:\/\/api.w.org\/{rel}","templated":true}]}}