{"id":3166,"date":"2025-10-14T06:58:40","date_gmt":"2025-10-14T06:58:40","guid":{"rendered":"https:\/\/carpathiacenter.ro\/?p=3166"},"modified":"2025-10-14T06:58:40","modified_gmt":"2025-10-14T06:58:40","slug":"premierul-bolojan-intrevedere-cu-nadia-comaneci-pe-agenda-pregatirile-pentru-celebrarea-anului-2026-dedicat-sportivei","status":"publish","type":"post","link":"https:\/\/carpathiacenter.ro\/en\/premierul-bolojan-intrevedere-cu-nadia-comaneci-pe-agenda-pregatirile-pentru-celebrarea-anului-2026-dedicat-sportivei\/","title":{"rendered":"Premierul Bolojan &#8211; \u00eentrevedere cu Nadia Com\u0103neci; pe agend\u0103 &#8211; preg\u0103tirile pentru celebrarea anului 2026 dedicat sportivei"},"content":{"rendered":"<p><strong>Premierul Ilie Bolojan a avut luni, la Palatul Victoria, o \u00eentrevedere cu Nadia Com\u0103neci, legend\u0103 a sportului na\u021bional \u0219i mondial, \u0219i Mihai Covaliu, pre\u0219edintele Comitetului Olimpic \u0219i Sportiv Rom\u00e2n, pentru a discuta preg\u0103tirile pentru celebrarea &#8216;Anului Nadia Com\u0103neci&#8217; \u00een 2026 \u0219i pentru gala dedicat\u0103 inegalabilei gimnaste, care va avea loc \u00een data de 29 mai anul viitor.<\/strong><\/p>\n<p>&#8216;Nadia Com\u0103neci, legend\u0103 a sportului na\u021bional \u0219i mondial, \u0219i Mihai Covaliu, pre\u0219edintele Comitetului Olimpic \u0219i Sportiv Rom\u00e2n, au fost \u00een aceast\u0103 sear\u0103 oaspe\u021bii premierului Ilie Bolojan \u0219i ai vicepremierului Tanczos Barna. \u00cent\u00e2lnirea desf\u0103\u0219urat\u0103 \u00een biroul prim-ministrului de la Palatul Victoria a avut ca teme de discu\u021bie preg\u0103tirile care se fac pentru celebrarea &#8216;Anului Nadia Com\u0103neci&#8217; \u00een 2026 \u0219i pentru Gala dedicat\u0103 inegalabilei gimnaste, care va avea loc \u00een data de 29 mai anul viitor. De asemenea, s-a discutat despre organizarea unor competi\u021bii de gimnastic\u0103, evenimente sportive, educative \u0219i despre lansarea documentarului dedicat Nadiei Com\u0103neci&#8217;, se arat\u0103 \u00eentr-un comunicat de pres\u0103 al Guvernului.<\/p>\n<p><\/p>\n<p>\u00cen contextul \u00eent\u00e2lnirii cu multipla campioan\u0103 olimpic\u0103, \u0219eful Executivului a transmis un mesaj \u00een care subliniaz\u0103 importan\u021ba performan\u021bei gimnastei rom\u00e2ne.<\/p>\n<p>&#8216;\u00cen memoria societ\u0103\u021bii rom\u00e2ne\u0219ti numele Nadia Com\u0103neci a f\u0103cut istorie \u00een ultimii 50 de ani. Rezultatele muncii sale \u0219i performan\u021bele realizate au inspirat \u0219i vor continua s\u0103 inspire&#8217;, a afirmat prim-ministrul Bolojan.<\/p>\n<p>\nEl a ad\u0103ugat c\u0103 Executivul va oferi tot sprijinul necesar pentru organizarea evenimentelor.<\/p>\n<p>&#8216;\u00cencurajarea practic\u0103rii sportului de c\u0103tre copii \u0219i tineri a fost un alt subiect discutat la \u00eent\u00e2lnirea de la Palatul Victoria &#8216;, se men\u021bioneaz\u0103 \u00een comunicat.<\/p>\n<p>\nPotrivit sursei citate, 2026 a fost instituit &#8216;Anul Nadia Com\u0103neci&#8217; prin Legea nr. 130\/2025, la 50 de ani de la momentul istoric de la Montreal, pentru a celebra performan\u021bele extraordinare ale gimnastei din Rom\u00e2nia.<\/p>\n<p>\n&#8216;Comitetul Olimpic \u0219i Sportiv Rom\u00e2n este desemnat\u0103 prin lege institu\u021bia coordonatoare a \u00eentregii activit\u0103\u021bi derulate \u00een anul 2026, urm\u00e2nd s\u0103 elaboreze un calendar cu evenimente sportive \u0219i educative care va fi transmis autorit\u0103\u021bilor na\u021bionale, misiunilor diplomatice \u0219i reprezentan\u021belor Rom\u00e2niei care func\u021bioneaz\u0103 pe teritoriul altor state. Potrivit legii, Parlamentul, Administra\u021bia Preziden\u021bial\u0103, Guvernul, autorit\u0103\u021bile administra\u021biei publice locale, precum \u0219i institu\u021biile publice aflate \u00een subordinea sau \u00een coordonarea acestora pot aloca fonduri din bugetele proprii sau din alte surse atrase potrivit legii, pentru a organiza sau sprijini logistic \u0219i\/sau financiar manifest\u0103rile sportive, culturale, artistice, educa\u021bionale sau programele de promovare&#8217;, se mai arat\u0103 \u00een comunicatul Guvernului. AGERPRES \/ (AS &#8211; redactor: Daniel Florea, editor: Marius Fr\u0103\u021bil\u0103, editor online: Andreea Preda)<br \/>\n<br \/>\nSursa articolului:  <a href=\"https:\/\/agerpres.ro\/politic\/2025\/10\/13\/premierul-bolojan---intrevedere-cu-nadia-comaneci-pe-agenda---pregatirile-pentru-celebrarea-anului-2--1493170\" target=\"_blank\" rel=\"noopener\" title=\"\">https:\/\/agerpres.ro\/politic\/2025\/10\/13\/premierul-bolojan&#8212;intrevedere-cu-nadia-comaneci-pe-agenda&#8212;pregatirile-pentru-celebrarea-anului-2&#8211;1493170<\/a><\/p>","protected":false},"excerpt":{"rendered":"<p>Premierul Ilie Bolojan a avut luni, la Palatul Victoria, o \u00eentrevedere cu Nadia Com\u0103neci, legend\u0103 a sportului na\u021bional \u0219i mondial, \u0219i Mihai Covaliu, pre\u0219edintele Comitetului Olimpic \u0219i Sportiv Rom\u00e2n, pentru a discuta preg\u0103tirile pentru celebrarea &#8216;Anului Nadia Com\u0103neci&#8217; \u00een 2026 \u0219i pentru gala dedicat\u0103 inegalabilei gimnaste, care va avea loc \u00een data de 29 mai&#8230;<\/p>","protected":false},"author":4,"featured_media":3167,"comment_status":"open","ping_status":"open","sticky":false,"template":"","format":"standard","meta":{"footnotes":""},"categories":[1],"tags":[],"class_list":["post-3166","post","type-post","status-publish","format-standard","has-post-thumbnail","hentry","category-uncategorized"],"yoast_head":"<!-- This site is optimized with the Yoast SEO plugin v26.1.1 - https:\/\/yoast.com\/wordpress\/plugins\/seo\/ -->\n<title>Premierul Bolojan - \u00eentrevedere cu Nadia Com\u0103neci; pe agend\u0103 - preg\u0103tirile pentru celebrarea anului 2026 dedicat sportivei - Carpathia Center Romania<\/title>\n<meta name=\"robots\" content=\"index, follow, max-snippet:-1, max-image-preview:large, max-video-preview:-1\" \/>\n<link rel=\"canonical\" href=\"https:\/\/carpathiacenter.ro\/en\/premierul-bolojan-intrevedere-cu-nadia-comaneci-pe-agenda-pregatirile-pentru-celebrarea-anului-2026-dedicat-sportivei\/\" \/>\n<meta property=\"og:locale\" content=\"en_GB\" \/>\n<meta property=\"og:type\" content=\"article\" \/>\n<meta property=\"og:title\" content=\"Premierul Bolojan - \u00eentrevedere cu Nadia Com\u0103neci; pe agend\u0103 - preg\u0103tirile pentru celebrarea anului 2026 dedicat sportivei - Carpathia Center Romania\" \/>\n<meta property=\"og:description\" content=\"Premierul Ilie Bolojan a avut luni, la Palatul Victoria, o \u00eentrevedere cu Nadia Com\u0103neci, legend\u0103 a sportului na\u021bional \u0219i mondial, \u0219i Mihai Covaliu, pre\u0219edintele Comitetului Olimpic \u0219i Sportiv Rom\u00e2n, pentru a discuta preg\u0103tirile pentru celebrarea &#8216;Anului Nadia Com\u0103neci&#8217; \u00een 2026 \u0219i pentru gala dedicat\u0103 inegalabilei gimnaste, care va avea loc \u00een data de 29 mai...\" \/>\n<meta property=\"og:url\" content=\"https:\/\/carpathiacenter.ro\/en\/premierul-bolojan-intrevedere-cu-nadia-comaneci-pe-agenda-pregatirile-pentru-celebrarea-anului-2026-dedicat-sportivei\/\" \/>\n<meta property=\"og:site_name\" content=\"Carpathia Center Romania\" \/>\n<meta property=\"article:publisher\" content=\"https:\/\/www.facebook.com\/fdpscarpathia\/\" \/>\n<meta property=\"article:published_time\" content=\"2025-10-14T06:58:40+00:00\" \/>\n<meta property=\"og:image\" content=\"https:\/\/carpathiacenter.ro\/wp-content\/uploads\/2025\/10\/Premierul-Bolojan__Nadia-Comaneci.jpg\" \/>\n\t<meta property=\"og:image:width\" content=\"800\" \/>\n\t<meta property=\"og:image:height\" content=\"533\" \/>\n\t<meta property=\"og:image:type\" content=\"image\/jpeg\" \/>\n<meta name=\"author\" content=\"creativebitsolutions\" \/>\n<meta name=\"twitter:card\" content=\"summary_large_image\" \/>\n<meta name=\"twitter:label1\" content=\"Written by\" \/>\n\t<meta name=\"twitter:data1\" content=\"creativebitsolutions\" \/>\n<script type=\"application\/ld+json\" class=\"yoast-schema-graph\">{\"@context\":\"https:\/\/schema.org\",\"@graph\":[{\"@type\":\"Article\",\"@id\":\"https:\/\/carpathiacenter.ro\/premierul-bolojan-intrevedere-cu-nadia-comaneci-pe-agenda-pregatirile-pentru-celebrarea-anului-2026-dedicat-sportivei\/#article\",\"isPartOf\":{\"@id\":\"https:\/\/carpathiacenter.ro\/premierul-bolojan-intrevedere-cu-nadia-comaneci-pe-agenda-pregatirile-pentru-celebrarea-anului-2026-dedicat-sportivei\/\"},\"author\":{\"name\":\"creativebitsolutions\",\"@id\":\"https:\/\/carpathiacenter.ro\/#\/schema\/person\/03d9f58202fee8379268f34afa195006\"},\"headline\":\"Premierul Bolojan &#8211; \u00eentrevedere cu Nadia Com\u0103neci; pe agend\u0103 &#8211; preg\u0103tirile pentru celebrarea anului 2026 dedicat sportivei\",\"datePublished\":\"2025-10-14T06:58:40+00:00\",\"mainEntityOfPage\":{\"@id\":\"https:\/\/carpathiacenter.ro\/premierul-bolojan-intrevedere-cu-nadia-comaneci-pe-agenda-pregatirile-pentru-celebrarea-anului-2026-dedicat-sportivei\/\"},\"wordCount\":468,\"commentCount\":0,\"publisher\":{\"@id\":\"https:\/\/carpathiacenter.ro\/#organization\"},\"image\":{\"@id\":\"https:\/\/carpathiacenter.ro\/premierul-bolojan-intrevedere-cu-nadia-comaneci-pe-agenda-pregatirile-pentru-celebrarea-anului-2026-dedicat-sportivei\/#primaryimage\"},\"thumbnailUrl\":\"https:\/\/carpathiacenter.ro\/wp-content\/uploads\/2025\/10\/Premierul-Bolojan__Nadia-Comaneci.jpg\",\"articleSection\":[\"Uncategorized\"],\"inLanguage\":\"en-GB\",\"potentialAction\":[{\"@type\":\"CommentAction\",\"name\":\"Comment\",\"target\":[\"https:\/\/carpathiacenter.ro\/premierul-bolojan-intrevedere-cu-nadia-comaneci-pe-agenda-pregatirile-pentru-celebrarea-anului-2026-dedicat-sportivei\/#respond\"]}]},{\"@type\":\"WebPage\",\"@id\":\"https:\/\/carpathiacenter.ro\/premierul-bolojan-intrevedere-cu-nadia-comaneci-pe-agenda-pregatirile-pentru-celebrarea-anului-2026-dedicat-sportivei\/\",\"url\":\"https:\/\/carpathiacenter.ro\/premierul-bolojan-intrevedere-cu-nadia-comaneci-pe-agenda-pregatirile-pentru-celebrarea-anului-2026-dedicat-sportivei\/\",\"name\":\"Premierul Bolojan - \u00eentrevedere cu Nadia Com\u0103neci; pe agend\u0103 - preg\u0103tirile pentru celebrarea anului 2026 dedicat sportivei - Carpathia Center Romania\",\"isPartOf\":{\"@id\":\"https:\/\/carpathiacenter.ro\/#website\"},\"primaryImageOfPage\":{\"@id\":\"https:\/\/carpathiacenter.ro\/premierul-bolojan-intrevedere-cu-nadia-comaneci-pe-agenda-pregatirile-pentru-celebrarea-anului-2026-dedicat-sportivei\/#primaryimage\"},\"image\":{\"@id\":\"https:\/\/carpathiacenter.ro\/premierul-bolojan-intrevedere-cu-nadia-comaneci-pe-agenda-pregatirile-pentru-celebrarea-anului-2026-dedicat-sportivei\/#primaryimage\"},\"thumbnailUrl\":\"https:\/\/carpathiacenter.ro\/wp-content\/uploads\/2025\/10\/Premierul-Bolojan__Nadia-Comaneci.jpg\",\"datePublished\":\"2025-10-14T06:58:40+00:00\",\"breadcrumb\":{\"@id\":\"https:\/\/carpathiacenter.ro\/premierul-bolojan-intrevedere-cu-nadia-comaneci-pe-agenda-pregatirile-pentru-celebrarea-anului-2026-dedicat-sportivei\/#breadcrumb\"},\"inLanguage\":\"en-GB\",\"potentialAction\":[{\"@type\":\"ReadAction\",\"target\":[\"https:\/\/carpathiacenter.ro\/premierul-bolojan-intrevedere-cu-nadia-comaneci-pe-agenda-pregatirile-pentru-celebrarea-anului-2026-dedicat-sportivei\/\"]}]},{\"@type\":\"ImageObject\",\"inLanguage\":\"en-GB\",\"@id\":\"https:\/\/carpathiacenter.ro\/premierul-bolojan-intrevedere-cu-nadia-comaneci-pe-agenda-pregatirile-pentru-celebrarea-anului-2026-dedicat-sportivei\/#primaryimage\",\"url\":\"https:\/\/carpathiacenter.ro\/wp-content\/uploads\/2025\/10\/Premierul-Bolojan__Nadia-Comaneci.jpg\",\"contentUrl\":\"https:\/\/carpathiacenter.ro\/wp-content\/uploads\/2025\/10\/Premierul-Bolojan__Nadia-Comaneci.jpg\",\"width\":800,\"height\":533},{\"@type\":\"BreadcrumbList\",\"@id\":\"https:\/\/carpathiacenter.ro\/premierul-bolojan-intrevedere-cu-nadia-comaneci-pe-agenda-pregatirile-pentru-celebrarea-anului-2026-dedicat-sportivei\/#breadcrumb\",\"itemListElement\":[{\"@type\":\"ListItem\",\"position\":1,\"name\":\"Prima pagin\u0103\",\"item\":\"https:\/\/carpathiacenter.ro\/\"},{\"@type\":\"ListItem\",\"position\":2,\"name\":\"Premierul Bolojan &#8211; \u00eentrevedere cu Nadia Com\u0103neci; pe agend\u0103 &#8211; preg\u0103tirile pentru celebrarea anului 2026 dedicat sportivei\"}]},{\"@type\":\"WebSite\",\"@id\":\"https:\/\/carpathiacenter.ro\/#website\",\"url\":\"https:\/\/carpathiacenter.ro\/\",\"name\":\"Carpathia Center Romania\",\"description\":\"Impossible made possible!\",\"publisher\":{\"@id\":\"https:\/\/carpathiacenter.ro\/#organization\"},\"potentialAction\":[{\"@type\":\"SearchAction\",\"target\":{\"@type\":\"EntryPoint\",\"urlTemplate\":\"https:\/\/carpathiacenter.ro\/?s={search_term_string}\"},\"query-input\":{\"@type\":\"PropertyValueSpecification\",\"valueRequired\":true,\"valueName\":\"search_term_string\"}}],\"inLanguage\":\"en-GB\"},{\"@type\":\"Organization\",\"@id\":\"https:\/\/carpathiacenter.ro\/#organization\",\"name\":\"Carpathia Center Romania\",\"url\":\"https:\/\/carpathiacenter.ro\/\",\"logo\":{\"@type\":\"ImageObject\",\"inLanguage\":\"en-GB\",\"@id\":\"https:\/\/carpathiacenter.ro\/#\/schema\/logo\/image\/\",\"url\":\"https:\/\/carpathiacenter.ro\/wp-content\/uploads\/2024\/07\/logo-carpathia_bg_white-1024x941.png\",\"contentUrl\":\"https:\/\/carpathiacenter.ro\/wp-content\/uploads\/2024\/07\/logo-carpathia_bg_white-1024x941.png\",\"width\":1024,\"height\":941,\"caption\":\"Carpathia Center Romania\"},\"image\":{\"@id\":\"https:\/\/carpathiacenter.ro\/#\/schema\/logo\/image\/\"},\"sameAs\":[\"https:\/\/www.facebook.com\/fdpscarpathia\/\"]},{\"@type\":\"Person\",\"@id\":\"https:\/\/carpathiacenter.ro\/#\/schema\/person\/03d9f58202fee8379268f34afa195006\",\"name\":\"creativebitsolutions\",\"image\":{\"@type\":\"ImageObject\",\"inLanguage\":\"en-GB\",\"@id\":\"https:\/\/carpathiacenter.ro\/#\/schema\/person\/image\/\",\"url\":\"https:\/\/secure.gravatar.com\/avatar\/1b1a13e37f847c635dab78348f1dff2f07651ee2a3d77a5c355a4b8c75f9165a?s=96&d=mm&r=g\",\"contentUrl\":\"https:\/\/secure.gravatar.com\/avatar\/1b1a13e37f847c635dab78348f1dff2f07651ee2a3d77a5c355a4b8c75f9165a?s=96&d=mm&r=g\",\"caption\":\"creativebitsolutions\"},\"url\":\"https:\/\/carpathiacenter.ro\/en\/author\/creativebitsolutions\/\"}]}<\/script>\n<!-- \/ Yoast SEO plugin. -->","yoast_head_json":{"title":"Premierul Bolojan - \u00eentrevedere cu Nadia Com\u0103neci; pe agend\u0103 - preg\u0103tirile pentru celebrarea anului 2026 dedicat sportivei - Carpathia Center Romania","robots":{"index":"index","follow":"follow","max-snippet":"max-snippet:-1","max-image-preview":"max-image-preview:large","max-video-preview":"max-video-preview:-1"},"canonical":"https:\/\/carpathiacenter.ro\/en\/premierul-bolojan-intrevedere-cu-nadia-comaneci-pe-agenda-pregatirile-pentru-celebrarea-anului-2026-dedicat-sportivei\/","og_locale":"en_GB","og_type":"article","og_title":"Premierul Bolojan - \u00eentrevedere cu Nadia Com\u0103neci; pe agend\u0103 - preg\u0103tirile pentru celebrarea anului 2026 dedicat sportivei - Carpathia Center Romania","og_description":"Premierul Ilie Bolojan a avut luni, la Palatul Victoria, o \u00eentrevedere cu Nadia Com\u0103neci, legend\u0103 a sportului na\u021bional \u0219i mondial, \u0219i Mihai Covaliu, pre\u0219edintele Comitetului Olimpic \u0219i Sportiv Rom\u00e2n, pentru a discuta preg\u0103tirile pentru celebrarea &#8216;Anului Nadia Com\u0103neci&#8217; \u00een 2026 \u0219i pentru gala dedicat\u0103 inegalabilei gimnaste, care va avea loc \u00een data de 29 mai...","og_url":"https:\/\/carpathiacenter.ro\/en\/premierul-bolojan-intrevedere-cu-nadia-comaneci-pe-agenda-pregatirile-pentru-celebrarea-anului-2026-dedicat-sportivei\/","og_site_name":"Carpathia Center Romania","article_publisher":"https:\/\/www.facebook.com\/fdpscarpathia\/","article_published_time":"2025-10-14T06:58:40+00:00","og_image":[{"width":800,"height":533,"url":"https:\/\/carpathiacenter.ro\/wp-content\/uploads\/2025\/10\/Premierul-Bolojan__Nadia-Comaneci.jpg","type":"image\/jpeg"}],"author":"creativebitsolutions","twitter_card":"summary_large_image","twitter_misc":{"Written by":"creativebitsolutions"},"schema":{"@context":"https:\/\/schema.org","@graph":[{"@type":"Article","@id":"https:\/\/carpathiacenter.ro\/premierul-bolojan-intrevedere-cu-nadia-comaneci-pe-agenda-pregatirile-pentru-celebrarea-anului-2026-dedicat-sportivei\/#article","isPartOf":{"@id":"https:\/\/carpathiacenter.ro\/premierul-bolojan-intrevedere-cu-nadia-comaneci-pe-agenda-pregatirile-pentru-celebrarea-anului-2026-dedicat-sportivei\/"},"author":{"name":"creativebitsolutions","@id":"https:\/\/carpathiacenter.ro\/#\/schema\/person\/03d9f58202fee8379268f34afa195006"},"headline":"Premierul Bolojan &#8211; \u00eentrevedere cu Nadia Com\u0103neci; pe agend\u0103 &#8211; preg\u0103tirile pentru celebrarea anului 2026 dedicat sportivei","datePublished":"2025-10-14T06:58:40+00:00","mainEntityOfPage":{"@id":"https:\/\/carpathiacenter.ro\/premierul-bolojan-intrevedere-cu-nadia-comaneci-pe-agenda-pregatirile-pentru-celebrarea-anului-2026-dedicat-sportivei\/"},"wordCount":468,"commentCount":0,"publisher":{"@id":"https:\/\/carpathiacenter.ro\/#organization"},"image":{"@id":"https:\/\/carpathiacenter.ro\/premierul-bolojan-intrevedere-cu-nadia-comaneci-pe-agenda-pregatirile-pentru-celebrarea-anului-2026-dedicat-sportivei\/#primaryimage"},"thumbnailUrl":"https:\/\/carpathiacenter.ro\/wp-content\/uploads\/2025\/10\/Premierul-Bolojan__Nadia-Comaneci.jpg","articleSection":["Uncategorized"],"inLanguage":"en-GB","potentialAction":[{"@type":"CommentAction","name":"Comment","target":["https:\/\/carpathiacenter.ro\/premierul-bolojan-intrevedere-cu-nadia-comaneci-pe-agenda-pregatirile-pentru-celebrarea-anului-2026-dedicat-sportivei\/#respond"]}]},{"@type":"WebPage","@id":"https:\/\/carpathiacenter.ro\/premierul-bolojan-intrevedere-cu-nadia-comaneci-pe-agenda-pregatirile-pentru-celebrarea-anului-2026-dedicat-sportivei\/","url":"https:\/\/carpathiacenter.ro\/premierul-bolojan-intrevedere-cu-nadia-comaneci-pe-agenda-pregatirile-pentru-celebrarea-anului-2026-dedicat-sportivei\/","name":"Premierul Bolojan - \u00eentrevedere cu Nadia Com\u0103neci; pe agend\u0103 - preg\u0103tirile pentru celebrarea anului 2026 dedicat sportivei - Carpathia Center Romania","isPartOf":{"@id":"https:\/\/carpathiacenter.ro\/#website"},"primaryImageOfPage":{"@id":"https:\/\/carpathiacenter.ro\/premierul-bolojan-intrevedere-cu-nadia-comaneci-pe-agenda-pregatirile-pentru-celebrarea-anului-2026-dedicat-sportivei\/#primaryimage"},"image":{"@id":"https:\/\/carpathiacenter.ro\/premierul-bolojan-intrevedere-cu-nadia-comaneci-pe-agenda-pregatirile-pentru-celebrarea-anului-2026-dedicat-sportivei\/#primaryimage"},"thumbnailUrl":"https:\/\/carpathiacenter.ro\/wp-content\/uploads\/2025\/10\/Premierul-Bolojan__Nadia-Comaneci.jpg","datePublished":"2025-10-14T06:58:40+00:00","breadcrumb":{"@id":"https:\/\/carpathiacenter.ro\/premierul-bolojan-intrevedere-cu-nadia-comaneci-pe-agenda-pregatirile-pentru-celebrarea-anului-2026-dedicat-sportivei\/#breadcrumb"},"inLanguage":"en-GB","potentialAction":[{"@type":"ReadAction","target":["https:\/\/carpathiacenter.ro\/premierul-bolojan-intrevedere-cu-nadia-comaneci-pe-agenda-pregatirile-pentru-celebrarea-anului-2026-dedicat-sportivei\/"]}]},{"@type":"ImageObject","inLanguage":"en-GB","@id":"https:\/\/carpathiacenter.ro\/premierul-bolojan-intrevedere-cu-nadia-comaneci-pe-agenda-pregatirile-pentru-celebrarea-anului-2026-dedicat-sportivei\/#primaryimage","url":"https:\/\/carpathiacenter.ro\/wp-content\/uploads\/2025\/10\/Premierul-Bolojan__Nadia-Comaneci.jpg","contentUrl":"https:\/\/carpathiacenter.ro\/wp-content\/uploads\/2025\/10\/Premierul-Bolojan__Nadia-Comaneci.jpg","width":800,"height":533},{"@type":"BreadcrumbList","@id":"https:\/\/carpathiacenter.ro\/premierul-bolojan-intrevedere-cu-nadia-comaneci-pe-agenda-pregatirile-pentru-celebrarea-anului-2026-dedicat-sportivei\/#breadcrumb","itemListElement":[{"@type":"ListItem","position":1,"name":"Prima pagin\u0103","item":"https:\/\/carpathiacenter.ro\/"},{"@type":"ListItem","position":2,"name":"Premierul Bolojan &#8211; \u00eentrevedere cu Nadia Com\u0103neci; pe agend\u0103 &#8211; preg\u0103tirile pentru celebrarea anului 2026 dedicat sportivei"}]},{"@type":"WebSite","@id":"https:\/\/carpathiacenter.ro\/#website","url":"https:\/\/carpathiacenter.ro\/","name":"Carpathia Center Romania","description":"Impossible made possible!","publisher":{"@id":"https:\/\/carpathiacenter.ro\/#organization"},"potentialAction":[{"@type":"SearchAction","target":{"@type":"EntryPoint","urlTemplate":"https:\/\/carpathiacenter.ro\/?s={search_term_string}"},"query-input":{"@type":"PropertyValueSpecification","valueRequired":true,"valueName":"search_term_string"}}],"inLanguage":"en-GB"},{"@type":"Organization","@id":"https:\/\/carpathiacenter.ro\/#organization","name":"Carpathia Center Romania","url":"https:\/\/carpathiacenter.ro\/","logo":{"@type":"ImageObject","inLanguage":"en-GB","@id":"https:\/\/carpathiacenter.ro\/#\/schema\/logo\/image\/","url":"https:\/\/carpathiacenter.ro\/wp-content\/uploads\/2024\/07\/logo-carpathia_bg_white-1024x941.png","contentUrl":"https:\/\/carpathiacenter.ro\/wp-content\/uploads\/2024\/07\/logo-carpathia_bg_white-1024x941.png","width":1024,"height":941,"caption":"Carpathia Center Romania"},"image":{"@id":"https:\/\/carpathiacenter.ro\/#\/schema\/logo\/image\/"},"sameAs":["https:\/\/www.facebook.com\/fdpscarpathia\/"]},{"@type":"Person","@id":"https:\/\/carpathiacenter.ro\/#\/schema\/person\/03d9f58202fee8379268f34afa195006","name":"creativebitsolutions","image":{"@type":"ImageObject","inLanguage":"en-GB","@id":"https:\/\/carpathiacenter.ro\/#\/schema\/person\/image\/","url":"https:\/\/secure.gravatar.com\/avatar\/1b1a13e37f847c635dab78348f1dff2f07651ee2a3d77a5c355a4b8c75f9165a?s=96&d=mm&r=g","contentUrl":"https:\/\/secure.gravatar.com\/avatar\/1b1a13e37f847c635dab78348f1dff2f07651ee2a3d77a5c355a4b8c75f9165a?s=96&d=mm&r=g","caption":"creativebitsolutions"},"url":"https:\/\/carpathiacenter.ro\/en\/author\/creativebitsolutions\/"}]}},"_links":{"self":[{"href":"https:\/\/carpathiacenter.ro\/en\/wp-json\/wp\/v2\/posts\/3166","targetHints":{"allow":["GET"]}}],"collection":[{"href":"https:\/\/carpathiacenter.ro\/en\/wp-json\/wp\/v2\/posts"}],"about":[{"href":"https:\/\/carpathiacenter.ro\/en\/wp-json\/wp\/v2\/types\/post"}],"author":[{"embeddable":true,"href":"https:\/\/carpathiacenter.ro\/en\/wp-json\/wp\/v2\/users\/4"}],"replies":[{"embeddable":true,"href":"https:\/\/carpathiacenter.ro\/en\/wp-json\/wp\/v2\/comments?post=3166"}],"version-history":[{"count":1,"href":"https:\/\/carpathiacenter.ro\/en\/wp-json\/wp\/v2\/posts\/3166\/revisions"}],"predecessor-version":[{"id":3168,"href":"https:\/\/carpathiacenter.ro\/en\/wp-json\/wp\/v2\/posts\/3166\/revisions\/3168"}],"wp:featuredmedia":[{"embeddable":true,"href":"https:\/\/carpathiacenter.ro\/en\/wp-json\/wp\/v2\/media\/3167"}],"wp:attachment":[{"href":"https:\/\/carpathiacenter.ro\/en\/wp-json\/wp\/v2\/media?parent=3166"}],"wp:term":[{"taxonomy":"category","embeddable":true,"href":"https:\/\/carpathiacenter.ro\/en\/wp-json\/wp\/v2\/categories?post=3166"},{"taxonomy":"post_tag","embeddable":true,"href":"https:\/\/carpathiacenter.ro\/en\/wp-json\/wp\/v2\/tags?post=3166"}],"curies":[{"name":"wp","href":"https:\/\/api.w.org\/{rel}","templated":true}]}}