{"id":3162,"date":"2025-10-13T06:24:47","date_gmt":"2025-10-13T06:24:47","guid":{"rendered":"https:\/\/carpathiacenter.ro\/?p=3162"},"modified":"2025-10-13T06:24:47","modified_gmt":"2025-10-13T06:24:47","slug":"13-octombrie-ziua-internationala-pentru-reducerea-riscului-dezastrelor-onu","status":"publish","type":"post","link":"https:\/\/carpathiacenter.ro\/en\/13-octombrie-ziua-internationala-pentru-reducerea-riscului-dezastrelor-onu\/","title":{"rendered":"13 octombrie &#8211; Ziua interna\u021bional\u0103 pentru reducerea riscului dezastrelor (ONU)"},"content":{"rendered":"<p>Ziua interna\u021bional\u0103 pentru reducerea riscului dezastrelor este marcat\u0103 \u00een fiecare an la 13 octombrie.<\/p>\n<p>\u00cen 2025, Ziua interna\u021bional\u0103 pentru reducerea riscului dezastrelor solicit\u0103 dou\u0103 ac\u021biuni: cre\u0219terea finan\u021b\u0103rii pentru reducerea riscului de dezastre \u00een bugetele publice \u0219i interna\u021bionale este prima dintre acestea \u0219i a doua este asigurarea faptului c\u0103 toate investi\u021biile private \u0219i \u00een dezvoltare sunt bazate pe riscuri \u0219i reziliente. (sursa: <a href=\"http:\/\/www.un.org\" target=\"_blank\">www.un.org<\/a>)<\/p>\n<p>Costul tot mai mare al dezastrelor reflect\u0103 impactul tot mai mare al schimb\u0103rilor climatice \u0219i al alegerilor de dezvoltare deficitare, potrivit <a href=\"http:\/\/www.un.org\" target=\"_blank\">www.un.org<\/a>.<\/p>\n<p>\u00cen timp ce costurile directe ale dezastrelor ajung la aproximativ 202 miliarde de dolari anual, impactul economic mai larg este estimat la 2,3 trilioane de dolari. Na\u021biunile \u00een curs de dezvoltare sufer\u0103 cel mai mult, \u00een timp ce \u021b\u0103rile mai bogate se confrunt\u0103 cu pierderi financiare mari, conform sursei citate.<\/p>\n<p>\u00cen ciuda acestui fapt, investi\u021biile \u00een Reducerea riscului de dezastre (RRD) r\u0103m\u00e2n minime. Mai pu\u021bin de 1% din bugetele publice sunt alocate RRD, iar doar 2% din proiectele de asisten\u021b\u0103 oficial\u0103 pentru dezvoltare au inclus obiective RRD \u00eentre 2019 \u0219i 2023. Finan\u021barea umanitar\u0103 pentru preg\u0103tire este, de asemenea, \u00een sc\u0103dere, potrivit <a href=\"http:\/\/www.un.org\" target=\"_blank\">www.un.org<\/a>.<\/p>\n<p>Ziua interna\u021bional\u0103 pentru reducerea riscului dezastrelor 2024 a avut ca obiectiv rolul educa\u021biei \u00een protejarea \u0219i \u00eemputernicirea copiilor pentru un viitor f\u0103r\u0103 dezastre.<\/p>\n<p>Pentru a proteja copiii de dezastre, \u021b\u0103rile trebuie s\u0103 ia \u00een considerare vulnerabilit\u0103\u021bile \u0219i cerin\u021bele acestora atunci c\u00e2nd elaboreaz\u0103 strategii na\u021bionale \u0219i locale de reducere a riscului de dezastre. Este la fel de important s\u0103 \u00eemputernicim copiii \u0219i tinerii \u0219i s\u0103 le oferim oportunitatea de a contribui la reducerea riscului de dezastre, a\u0219a cum este subliniat \u00een Cadrul Sendai pentru reducerea riscului de dezastre (2015-2030), arat\u0103 <a href=\"http:\/\/www.un.org\" target=\"_blank\">www.un.org<\/a>.<\/p>\n<p>\u00cemputernicirea copiilor, \u00een special prin educa\u021bie, \u00eei poate echipa s\u0103 se protejeze \u0219i s\u0103 devin\u0103 agen\u021bi ai schimb\u0103rii \u00een familiile \u0219i comunit\u0103\u021bile lor, \u00eemp\u0103rt\u0103\u0219ind ceea ce au \u00eenv\u0103\u021bat. Acest lucru este relevant \u00een special \u00een contextul efortului global de extindere a sistemelor de avertizare timpurie \u00een cadrul ini\u021biativei Secretarului General al ONU &#8216;Avertizare timpurie pentru to\u021bi&#8217;, potrivit sursei citate.<\/p>\n<p>\u00cen 2023, Ziua interna\u021bional\u0103 pentru reducerea riscului dezastrelor a abordat leg\u0103tura dintre dezastre \u0219i inegalitate. Dezastrele \u0219i inegalitatea sunt dou\u0103 fe\u021be ale aceleia\u0219i monede. Fiecare adversitate o \u00eent\u0103re\u0219te pe cealalt\u0103: accesul inegal la servicii \u00eei las\u0103 pe cei mai vulnerabili expu\u0219i pericolului dezastrelor, \u00een timp ce efectele dezastrelor exacerbeaz\u0103 inegalit\u0103\u021bile \u0219i \u00eei \u00eemping pe cei mai expu\u0219i riscurilor \u0219i mai mult \u00een s\u0103r\u0103cie, potrivit <a href=\"http:\/\/www.un.org\" target=\"_blank\">www.un.org<\/a>.<\/p>\n<p>\u00cen 2022, Ziua interna\u021bional\u0103 pentru reducerea riscului dezastrelor a avut \u00een vedere punctul G al Cadrului Sendai: &#8216;Cre\u0219te\u021bi \u00een mod substan\u021bial disponibilitatea \u0219i accesul la sistemele de avertizare timpurie pentru mai multe pericole cu informa\u021bii \u0219i evalu\u0103ri privind riscurile de dezastre pentru oameni p\u00e2n\u0103 \u00een 2030&#8217;.<\/p>\n<p>***<br \/>\nZiua interna\u021bional\u0103 pentru reducerea riscului dezastrelor a fost desemnat\u0103 prin rezolu\u021bia 64\/200 a Adun\u0103rii Generale a Organiza\u021biei Na\u021biunilor Unite (ONU), care a decis, \u00een 2009, marcarea acestei zile \u00een fiecare an la 13 octombrie.<\/p>\n<p>\u00cenaintea acestei decizii, o alt\u0103 rezolu\u021bie a Adun\u0103rii Generale a ONU, 44\/236 din 22 decembrie 1989, stabilea ca Ziua interna\u021bional\u0103 pentru reducerea riscului dezastrelor naturale s\u0103 aib\u0103 loc \u00een cea de-a doua zi de miercuri a lunii octombrie. Ziua trebuia s\u0103 fie marcat\u0103 \u00een fiecare an \u00een cadrul Deceniului interna\u021bional pentru reducerea dezastrelor naturale, 1990-1999.<\/p>\n<p>La cea de-a treia Conferin\u021b\u0103 mondial\u0103 a ONU privind reducerea riscului de dezastre, care a avut loc \u00een martie 2015, \u00een Sendai, Japonia, comunitatea interna\u021bional\u0103 a fost avertizat\u0103 asupra faptului c\u0103 dezastrele afecteaz\u0103 cel mai mult la nivel local \u0219i au un mare poten\u021bial \u00een a provoca pierderi de vie\u021bi omene\u0219ti \u0219i serioase probleme sociale \u0219i economice. Dezastrele cu debut brusc genereaz\u0103 deplasarea a milioane de oameni \u00een fiecare an. Este necesar, \u00een aceast\u0103 situa\u021bie, ca la nivel local, capacit\u0103\u021bile s\u0103 fie consolidate de urgen\u021b\u0103.<\/p>\n<p>Cadrul Sendai are \u00een vedere desf\u0103\u0219urarea de ac\u021biuni orientate pentru reducerea riscului dezastrelor, a riscului de dezastre la scar\u0103 mic\u0103 \u0219i la scar\u0103 larg\u0103, cauzate de accidente provocate de om sau din cauze naturale, precum \u0219i a celor legate de mediu, a pericolelor \u0219i riscurilor tehnologice \u0219i biologice. AGERPRES\/(Documentare &#8211; Mariana Zbora-Ciurel, editor: Horia Plugaru, editor online: Andreea Preda)<br \/>\n<br \/>\nSursa articolului:  <a href=\"https:\/\/agerpres.ro\/documentare\/2025\/10\/13\/13-octombrie---ziua-internationala-pentru-reducerea-riscului-dezastrelor-onu--1492545\" target=\"_blank\" rel=\"noopener\" title=\"\">https:\/\/agerpres.ro\/documentare\/2025\/10\/13\/13-octombrie&#8212;ziua-internationala-pentru-reducerea-riscului-dezastrelor-onu&#8211;1492545<\/a><\/p>","protected":false},"excerpt":{"rendered":"<p>Ziua interna\u021bional\u0103 pentru reducerea riscului dezastrelor este marcat\u0103 \u00een fiecare an la 13 octombrie. \u00cen 2025, Ziua interna\u021bional\u0103 pentru reducerea riscului dezastrelor solicit\u0103 dou\u0103 ac\u021biuni: cre\u0219terea finan\u021b\u0103rii pentru reducerea riscului de dezastre \u00een bugetele publice \u0219i interna\u021bionale este prima dintre acestea \u0219i a doua este asigurarea faptului c\u0103 toate investi\u021biile private \u0219i \u00een dezvoltare sunt&#8230;<\/p>","protected":false},"author":4,"featured_media":3163,"comment_status":"open","ping_status":"open","sticky":false,"template":"","format":"standard","meta":{"footnotes":""},"categories":[1],"tags":[],"class_list":["post-3162","post","type-post","status-publish","format-standard","has-post-thumbnail","hentry","category-uncategorized"],"yoast_head":"<!-- This site is optimized with the Yoast SEO plugin v26.1.1 - https:\/\/yoast.com\/wordpress\/plugins\/seo\/ -->\n<title>13 octombrie - Ziua interna\u021bional\u0103 pentru reducerea riscului dezastrelor (ONU) - Carpathia Center Romania<\/title>\n<meta name=\"robots\" content=\"index, follow, max-snippet:-1, max-image-preview:large, max-video-preview:-1\" \/>\n<link rel=\"canonical\" href=\"https:\/\/carpathiacenter.ro\/en\/13-octombrie-ziua-internationala-pentru-reducerea-riscului-dezastrelor-onu\/\" \/>\n<meta property=\"og:locale\" content=\"en_GB\" \/>\n<meta property=\"og:type\" content=\"article\" \/>\n<meta property=\"og:title\" content=\"13 octombrie - Ziua interna\u021bional\u0103 pentru reducerea riscului dezastrelor (ONU) - Carpathia Center Romania\" \/>\n<meta property=\"og:description\" content=\"Ziua interna\u021bional\u0103 pentru reducerea riscului dezastrelor este marcat\u0103 \u00een fiecare an la 13 octombrie. \u00cen 2025, Ziua interna\u021bional\u0103 pentru reducerea riscului dezastrelor solicit\u0103 dou\u0103 ac\u021biuni: cre\u0219terea finan\u021b\u0103rii pentru reducerea riscului de dezastre \u00een bugetele publice \u0219i interna\u021bionale este prima dintre acestea \u0219i a doua este asigurarea faptului c\u0103 toate investi\u021biile private \u0219i \u00een dezvoltare sunt...\" \/>\n<meta property=\"og:url\" content=\"https:\/\/carpathiacenter.ro\/en\/13-octombrie-ziua-internationala-pentru-reducerea-riscului-dezastrelor-onu\/\" \/>\n<meta property=\"og:site_name\" content=\"Carpathia Center Romania\" \/>\n<meta property=\"article:publisher\" content=\"https:\/\/www.facebook.com\/fdpscarpathia\/\" \/>\n<meta property=\"article:published_time\" content=\"2025-10-13T06:24:47+00:00\" \/>\n<meta property=\"og:image\" content=\"https:\/\/carpathiacenter.ro\/wp-content\/uploads\/2025\/10\/Ziua-internationala-pentru-reducerea-riscului-dezastrelor-ONU.jpg\" \/>\n\t<meta property=\"og:image:width\" content=\"1024\" \/>\n\t<meta property=\"og:image:height\" content=\"512\" \/>\n\t<meta property=\"og:image:type\" content=\"image\/jpeg\" \/>\n<meta name=\"author\" content=\"creativebitsolutions\" \/>\n<meta name=\"twitter:card\" content=\"summary_large_image\" \/>\n<meta name=\"twitter:label1\" content=\"Written by\" \/>\n\t<meta name=\"twitter:data1\" content=\"creativebitsolutions\" \/>\n\t<meta name=\"twitter:label2\" content=\"Estimated reading time\" \/>\n\t<meta name=\"twitter:data2\" content=\"1 minute\" \/>\n<script type=\"application\/ld+json\" class=\"yoast-schema-graph\">{\"@context\":\"https:\/\/schema.org\",\"@graph\":[{\"@type\":\"Article\",\"@id\":\"https:\/\/carpathiacenter.ro\/13-octombrie-ziua-internationala-pentru-reducerea-riscului-dezastrelor-onu\/#article\",\"isPartOf\":{\"@id\":\"https:\/\/carpathiacenter.ro\/13-octombrie-ziua-internationala-pentru-reducerea-riscului-dezastrelor-onu\/\"},\"author\":{\"name\":\"creativebitsolutions\",\"@id\":\"https:\/\/carpathiacenter.ro\/#\/schema\/person\/03d9f58202fee8379268f34afa195006\"},\"headline\":\"13 octombrie &#8211; Ziua interna\u021bional\u0103 pentru reducerea riscului dezastrelor (ONU)\",\"datePublished\":\"2025-10-13T06:24:47+00:00\",\"mainEntityOfPage\":{\"@id\":\"https:\/\/carpathiacenter.ro\/13-octombrie-ziua-internationala-pentru-reducerea-riscului-dezastrelor-onu\/\"},\"wordCount\":756,\"commentCount\":0,\"publisher\":{\"@id\":\"https:\/\/carpathiacenter.ro\/#organization\"},\"image\":{\"@id\":\"https:\/\/carpathiacenter.ro\/13-octombrie-ziua-internationala-pentru-reducerea-riscului-dezastrelor-onu\/#primaryimage\"},\"thumbnailUrl\":\"https:\/\/carpathiacenter.ro\/wp-content\/uploads\/2025\/10\/Ziua-internationala-pentru-reducerea-riscului-dezastrelor-ONU.jpg\",\"articleSection\":[\"Uncategorized\"],\"inLanguage\":\"en-GB\",\"potentialAction\":[{\"@type\":\"CommentAction\",\"name\":\"Comment\",\"target\":[\"https:\/\/carpathiacenter.ro\/13-octombrie-ziua-internationala-pentru-reducerea-riscului-dezastrelor-onu\/#respond\"]}]},{\"@type\":\"WebPage\",\"@id\":\"https:\/\/carpathiacenter.ro\/13-octombrie-ziua-internationala-pentru-reducerea-riscului-dezastrelor-onu\/\",\"url\":\"https:\/\/carpathiacenter.ro\/13-octombrie-ziua-internationala-pentru-reducerea-riscului-dezastrelor-onu\/\",\"name\":\"13 octombrie - Ziua interna\u021bional\u0103 pentru reducerea riscului dezastrelor (ONU) - Carpathia Center Romania\",\"isPartOf\":{\"@id\":\"https:\/\/carpathiacenter.ro\/#website\"},\"primaryImageOfPage\":{\"@id\":\"https:\/\/carpathiacenter.ro\/13-octombrie-ziua-internationala-pentru-reducerea-riscului-dezastrelor-onu\/#primaryimage\"},\"image\":{\"@id\":\"https:\/\/carpathiacenter.ro\/13-octombrie-ziua-internationala-pentru-reducerea-riscului-dezastrelor-onu\/#primaryimage\"},\"thumbnailUrl\":\"https:\/\/carpathiacenter.ro\/wp-content\/uploads\/2025\/10\/Ziua-internationala-pentru-reducerea-riscului-dezastrelor-ONU.jpg\",\"datePublished\":\"2025-10-13T06:24:47+00:00\",\"breadcrumb\":{\"@id\":\"https:\/\/carpathiacenter.ro\/13-octombrie-ziua-internationala-pentru-reducerea-riscului-dezastrelor-onu\/#breadcrumb\"},\"inLanguage\":\"en-GB\",\"potentialAction\":[{\"@type\":\"ReadAction\",\"target\":[\"https:\/\/carpathiacenter.ro\/13-octombrie-ziua-internationala-pentru-reducerea-riscului-dezastrelor-onu\/\"]}]},{\"@type\":\"ImageObject\",\"inLanguage\":\"en-GB\",\"@id\":\"https:\/\/carpathiacenter.ro\/13-octombrie-ziua-internationala-pentru-reducerea-riscului-dezastrelor-onu\/#primaryimage\",\"url\":\"https:\/\/carpathiacenter.ro\/wp-content\/uploads\/2025\/10\/Ziua-internationala-pentru-reducerea-riscului-dezastrelor-ONU.jpg\",\"contentUrl\":\"https:\/\/carpathiacenter.ro\/wp-content\/uploads\/2025\/10\/Ziua-internationala-pentru-reducerea-riscului-dezastrelor-ONU.jpg\",\"width\":1024,\"height\":512},{\"@type\":\"BreadcrumbList\",\"@id\":\"https:\/\/carpathiacenter.ro\/13-octombrie-ziua-internationala-pentru-reducerea-riscului-dezastrelor-onu\/#breadcrumb\",\"itemListElement\":[{\"@type\":\"ListItem\",\"position\":1,\"name\":\"Prima pagin\u0103\",\"item\":\"https:\/\/carpathiacenter.ro\/\"},{\"@type\":\"ListItem\",\"position\":2,\"name\":\"13 octombrie &#8211; Ziua interna\u021bional\u0103 pentru reducerea riscului dezastrelor (ONU)\"}]},{\"@type\":\"WebSite\",\"@id\":\"https:\/\/carpathiacenter.ro\/#website\",\"url\":\"https:\/\/carpathiacenter.ro\/\",\"name\":\"Carpathia Center Romania\",\"description\":\"Impossible made possible!\",\"publisher\":{\"@id\":\"https:\/\/carpathiacenter.ro\/#organization\"},\"potentialAction\":[{\"@type\":\"SearchAction\",\"target\":{\"@type\":\"EntryPoint\",\"urlTemplate\":\"https:\/\/carpathiacenter.ro\/?s={search_term_string}\"},\"query-input\":{\"@type\":\"PropertyValueSpecification\",\"valueRequired\":true,\"valueName\":\"search_term_string\"}}],\"inLanguage\":\"en-GB\"},{\"@type\":\"Organization\",\"@id\":\"https:\/\/carpathiacenter.ro\/#organization\",\"name\":\"Carpathia Center Romania\",\"url\":\"https:\/\/carpathiacenter.ro\/\",\"logo\":{\"@type\":\"ImageObject\",\"inLanguage\":\"en-GB\",\"@id\":\"https:\/\/carpathiacenter.ro\/#\/schema\/logo\/image\/\",\"url\":\"https:\/\/carpathiacenter.ro\/wp-content\/uploads\/2024\/07\/logo-carpathia_bg_white-1024x941.png\",\"contentUrl\":\"https:\/\/carpathiacenter.ro\/wp-content\/uploads\/2024\/07\/logo-carpathia_bg_white-1024x941.png\",\"width\":1024,\"height\":941,\"caption\":\"Carpathia Center Romania\"},\"image\":{\"@id\":\"https:\/\/carpathiacenter.ro\/#\/schema\/logo\/image\/\"},\"sameAs\":[\"https:\/\/www.facebook.com\/fdpscarpathia\/\"]},{\"@type\":\"Person\",\"@id\":\"https:\/\/carpathiacenter.ro\/#\/schema\/person\/03d9f58202fee8379268f34afa195006\",\"name\":\"creativebitsolutions\",\"image\":{\"@type\":\"ImageObject\",\"inLanguage\":\"en-GB\",\"@id\":\"https:\/\/carpathiacenter.ro\/#\/schema\/person\/image\/\",\"url\":\"https:\/\/secure.gravatar.com\/avatar\/1b1a13e37f847c635dab78348f1dff2f07651ee2a3d77a5c355a4b8c75f9165a?s=96&d=mm&r=g\",\"contentUrl\":\"https:\/\/secure.gravatar.com\/avatar\/1b1a13e37f847c635dab78348f1dff2f07651ee2a3d77a5c355a4b8c75f9165a?s=96&d=mm&r=g\",\"caption\":\"creativebitsolutions\"},\"url\":\"https:\/\/carpathiacenter.ro\/en\/author\/creativebitsolutions\/\"}]}<\/script>\n<!-- \/ Yoast SEO plugin. -->","yoast_head_json":{"title":"13 octombrie - Ziua interna\u021bional\u0103 pentru reducerea riscului dezastrelor (ONU) - Carpathia Center Romania","robots":{"index":"index","follow":"follow","max-snippet":"max-snippet:-1","max-image-preview":"max-image-preview:large","max-video-preview":"max-video-preview:-1"},"canonical":"https:\/\/carpathiacenter.ro\/en\/13-octombrie-ziua-internationala-pentru-reducerea-riscului-dezastrelor-onu\/","og_locale":"en_GB","og_type":"article","og_title":"13 octombrie - Ziua interna\u021bional\u0103 pentru reducerea riscului dezastrelor (ONU) - Carpathia Center Romania","og_description":"Ziua interna\u021bional\u0103 pentru reducerea riscului dezastrelor este marcat\u0103 \u00een fiecare an la 13 octombrie. \u00cen 2025, Ziua interna\u021bional\u0103 pentru reducerea riscului dezastrelor solicit\u0103 dou\u0103 ac\u021biuni: cre\u0219terea finan\u021b\u0103rii pentru reducerea riscului de dezastre \u00een bugetele publice \u0219i interna\u021bionale este prima dintre acestea \u0219i a doua este asigurarea faptului c\u0103 toate investi\u021biile private \u0219i \u00een dezvoltare sunt...","og_url":"https:\/\/carpathiacenter.ro\/en\/13-octombrie-ziua-internationala-pentru-reducerea-riscului-dezastrelor-onu\/","og_site_name":"Carpathia Center Romania","article_publisher":"https:\/\/www.facebook.com\/fdpscarpathia\/","article_published_time":"2025-10-13T06:24:47+00:00","og_image":[{"width":1024,"height":512,"url":"https:\/\/carpathiacenter.ro\/wp-content\/uploads\/2025\/10\/Ziua-internationala-pentru-reducerea-riscului-dezastrelor-ONU.jpg","type":"image\/jpeg"}],"author":"creativebitsolutions","twitter_card":"summary_large_image","twitter_misc":{"Written by":"creativebitsolutions","Estimated reading time":"1 minute"},"schema":{"@context":"https:\/\/schema.org","@graph":[{"@type":"Article","@id":"https:\/\/carpathiacenter.ro\/13-octombrie-ziua-internationala-pentru-reducerea-riscului-dezastrelor-onu\/#article","isPartOf":{"@id":"https:\/\/carpathiacenter.ro\/13-octombrie-ziua-internationala-pentru-reducerea-riscului-dezastrelor-onu\/"},"author":{"name":"creativebitsolutions","@id":"https:\/\/carpathiacenter.ro\/#\/schema\/person\/03d9f58202fee8379268f34afa195006"},"headline":"13 octombrie &#8211; Ziua interna\u021bional\u0103 pentru reducerea riscului dezastrelor (ONU)","datePublished":"2025-10-13T06:24:47+00:00","mainEntityOfPage":{"@id":"https:\/\/carpathiacenter.ro\/13-octombrie-ziua-internationala-pentru-reducerea-riscului-dezastrelor-onu\/"},"wordCount":756,"commentCount":0,"publisher":{"@id":"https:\/\/carpathiacenter.ro\/#organization"},"image":{"@id":"https:\/\/carpathiacenter.ro\/13-octombrie-ziua-internationala-pentru-reducerea-riscului-dezastrelor-onu\/#primaryimage"},"thumbnailUrl":"https:\/\/carpathiacenter.ro\/wp-content\/uploads\/2025\/10\/Ziua-internationala-pentru-reducerea-riscului-dezastrelor-ONU.jpg","articleSection":["Uncategorized"],"inLanguage":"en-GB","potentialAction":[{"@type":"CommentAction","name":"Comment","target":["https:\/\/carpathiacenter.ro\/13-octombrie-ziua-internationala-pentru-reducerea-riscului-dezastrelor-onu\/#respond"]}]},{"@type":"WebPage","@id":"https:\/\/carpathiacenter.ro\/13-octombrie-ziua-internationala-pentru-reducerea-riscului-dezastrelor-onu\/","url":"https:\/\/carpathiacenter.ro\/13-octombrie-ziua-internationala-pentru-reducerea-riscului-dezastrelor-onu\/","name":"13 octombrie - Ziua interna\u021bional\u0103 pentru reducerea riscului dezastrelor (ONU) - Carpathia Center Romania","isPartOf":{"@id":"https:\/\/carpathiacenter.ro\/#website"},"primaryImageOfPage":{"@id":"https:\/\/carpathiacenter.ro\/13-octombrie-ziua-internationala-pentru-reducerea-riscului-dezastrelor-onu\/#primaryimage"},"image":{"@id":"https:\/\/carpathiacenter.ro\/13-octombrie-ziua-internationala-pentru-reducerea-riscului-dezastrelor-onu\/#primaryimage"},"thumbnailUrl":"https:\/\/carpathiacenter.ro\/wp-content\/uploads\/2025\/10\/Ziua-internationala-pentru-reducerea-riscului-dezastrelor-ONU.jpg","datePublished":"2025-10-13T06:24:47+00:00","breadcrumb":{"@id":"https:\/\/carpathiacenter.ro\/13-octombrie-ziua-internationala-pentru-reducerea-riscului-dezastrelor-onu\/#breadcrumb"},"inLanguage":"en-GB","potentialAction":[{"@type":"ReadAction","target":["https:\/\/carpathiacenter.ro\/13-octombrie-ziua-internationala-pentru-reducerea-riscului-dezastrelor-onu\/"]}]},{"@type":"ImageObject","inLanguage":"en-GB","@id":"https:\/\/carpathiacenter.ro\/13-octombrie-ziua-internationala-pentru-reducerea-riscului-dezastrelor-onu\/#primaryimage","url":"https:\/\/carpathiacenter.ro\/wp-content\/uploads\/2025\/10\/Ziua-internationala-pentru-reducerea-riscului-dezastrelor-ONU.jpg","contentUrl":"https:\/\/carpathiacenter.ro\/wp-content\/uploads\/2025\/10\/Ziua-internationala-pentru-reducerea-riscului-dezastrelor-ONU.jpg","width":1024,"height":512},{"@type":"BreadcrumbList","@id":"https:\/\/carpathiacenter.ro\/13-octombrie-ziua-internationala-pentru-reducerea-riscului-dezastrelor-onu\/#breadcrumb","itemListElement":[{"@type":"ListItem","position":1,"name":"Prima pagin\u0103","item":"https:\/\/carpathiacenter.ro\/"},{"@type":"ListItem","position":2,"name":"13 octombrie &#8211; Ziua interna\u021bional\u0103 pentru reducerea riscului dezastrelor (ONU)"}]},{"@type":"WebSite","@id":"https:\/\/carpathiacenter.ro\/#website","url":"https:\/\/carpathiacenter.ro\/","name":"Carpathia Center Romania","description":"Impossible made possible!","publisher":{"@id":"https:\/\/carpathiacenter.ro\/#organization"},"potentialAction":[{"@type":"SearchAction","target":{"@type":"EntryPoint","urlTemplate":"https:\/\/carpathiacenter.ro\/?s={search_term_string}"},"query-input":{"@type":"PropertyValueSpecification","valueRequired":true,"valueName":"search_term_string"}}],"inLanguage":"en-GB"},{"@type":"Organization","@id":"https:\/\/carpathiacenter.ro\/#organization","name":"Carpathia Center Romania","url":"https:\/\/carpathiacenter.ro\/","logo":{"@type":"ImageObject","inLanguage":"en-GB","@id":"https:\/\/carpathiacenter.ro\/#\/schema\/logo\/image\/","url":"https:\/\/carpathiacenter.ro\/wp-content\/uploads\/2024\/07\/logo-carpathia_bg_white-1024x941.png","contentUrl":"https:\/\/carpathiacenter.ro\/wp-content\/uploads\/2024\/07\/logo-carpathia_bg_white-1024x941.png","width":1024,"height":941,"caption":"Carpathia Center Romania"},"image":{"@id":"https:\/\/carpathiacenter.ro\/#\/schema\/logo\/image\/"},"sameAs":["https:\/\/www.facebook.com\/fdpscarpathia\/"]},{"@type":"Person","@id":"https:\/\/carpathiacenter.ro\/#\/schema\/person\/03d9f58202fee8379268f34afa195006","name":"creativebitsolutions","image":{"@type":"ImageObject","inLanguage":"en-GB","@id":"https:\/\/carpathiacenter.ro\/#\/schema\/person\/image\/","url":"https:\/\/secure.gravatar.com\/avatar\/1b1a13e37f847c635dab78348f1dff2f07651ee2a3d77a5c355a4b8c75f9165a?s=96&d=mm&r=g","contentUrl":"https:\/\/secure.gravatar.com\/avatar\/1b1a13e37f847c635dab78348f1dff2f07651ee2a3d77a5c355a4b8c75f9165a?s=96&d=mm&r=g","caption":"creativebitsolutions"},"url":"https:\/\/carpathiacenter.ro\/en\/author\/creativebitsolutions\/"}]}},"_links":{"self":[{"href":"https:\/\/carpathiacenter.ro\/en\/wp-json\/wp\/v2\/posts\/3162","targetHints":{"allow":["GET"]}}],"collection":[{"href":"https:\/\/carpathiacenter.ro\/en\/wp-json\/wp\/v2\/posts"}],"about":[{"href":"https:\/\/carpathiacenter.ro\/en\/wp-json\/wp\/v2\/types\/post"}],"author":[{"embeddable":true,"href":"https:\/\/carpathiacenter.ro\/en\/wp-json\/wp\/v2\/users\/4"}],"replies":[{"embeddable":true,"href":"https:\/\/carpathiacenter.ro\/en\/wp-json\/wp\/v2\/comments?post=3162"}],"version-history":[{"count":1,"href":"https:\/\/carpathiacenter.ro\/en\/wp-json\/wp\/v2\/posts\/3162\/revisions"}],"predecessor-version":[{"id":3164,"href":"https:\/\/carpathiacenter.ro\/en\/wp-json\/wp\/v2\/posts\/3162\/revisions\/3164"}],"wp:featuredmedia":[{"embeddable":true,"href":"https:\/\/carpathiacenter.ro\/en\/wp-json\/wp\/v2\/media\/3163"}],"wp:attachment":[{"href":"https:\/\/carpathiacenter.ro\/en\/wp-json\/wp\/v2\/media?parent=3162"}],"wp:term":[{"taxonomy":"category","embeddable":true,"href":"https:\/\/carpathiacenter.ro\/en\/wp-json\/wp\/v2\/categories?post=3162"},{"taxonomy":"post_tag","embeddable":true,"href":"https:\/\/carpathiacenter.ro\/en\/wp-json\/wp\/v2\/tags?post=3162"}],"curies":[{"name":"wp","href":"https:\/\/api.w.org\/{rel}","templated":true}]}}