{"id":3158,"date":"2025-10-13T06:22:30","date_gmt":"2025-10-13T06:22:30","guid":{"rendered":"https:\/\/carpathiacenter.ro\/?p=3158"},"modified":"2025-10-13T06:22:30","modified_gmt":"2025-10-13T06:22:30","slug":"ministrul-de-externe-german-in-vizita-in-romania-si-bulgaria-pentru-discutii-pe-teme-de-securitate","status":"publish","type":"post","link":"https:\/\/carpathiacenter.ro\/en\/ministrul-de-externe-german-in-vizita-in-romania-si-bulgaria-pentru-discutii-pe-teme-de-securitate\/","title":{"rendered":"Ministrul de externe german, \u00een vizit\u0103 \u00een Rom\u00e2nia \u0219i Bulgaria pentru discu\u021bii pe teme de securitate"},"content":{"rendered":"<p>Ministrul de externe german, Johann Wadephul, urmeaz\u0103 s\u0103 viziteze Bulgaria \u0219i Rom\u00e2nia pentru discu\u021bii axate pe sprijinul acordat Ucrainei \u0219i pe consolidarea capacit\u0103\u021bilor de securitate \u0219i ap\u0103rare ale Europei, informeaz\u0103 luni dpa.<\/p>\n<p>Ministerul de Externe de la Berlin a anun\u021bat c\u0103 temele discu\u021biilor vor include totodat\u0103 cooperarea economic\u0103, eforturile de stimulare a competitivit\u0103\u021bii europene \u0219i agenda de extindere a UE.<\/p>\n<p>Wadephul urmeaz\u0103 s\u0103 se \u00eent\u00e2lneasc\u0103 mar\u021bi, la Bucure\u0219ti, cu ministrul de externe al Rom\u00e2niei, Oana \u021aoiu.<\/p>\n<p>Wadephul pl\u0103nuise ini\u021bial s\u0103-\u0219i \u00eenceap\u0103 c\u0103l\u0103toria la Atena pentru convorbiri cu omologul s\u0103u elen, Giorgos Gerapetritis, urm\u00e2nd s\u0103 ajung\u0103 apoi la Sofia pentru o \u00eent\u00e2lnire cu ministrul de externe bulgar, Georg Georgiev. Cu toate acestea, etapa de la Atena a fost anulat\u0103 dat fiind c\u0103 Gerapetritis a c\u0103l\u0103torit \u00een Egipt pentru ceremonia de semnare a planului de pace pentru Gaza.<\/p>\n<p>\u0218eful diploma\u021biei germane va c\u0103l\u0103tori acum direct \u00een Bulgaria. AGERPRES\/(AS &#8211; redactor: Gabriela Ionescu, editor online: Andreea L\u00e3z\u00e3roiu)<br \/>\n<br \/>\nSursa articolului:  <a href=\"https:\/\/agerpres.ro\/romania-in-lume\/2025\/10\/13\/ministrul-de-externe-german-in-vizita-in-romania-si-bulgaria-pentru-discutii-pe-teme-de-securitate--1492809\" target=\"_blank\" rel=\"noopener\" title=\"\">https:\/\/agerpres.ro\/romania-in-lume\/2025\/10\/13\/ministrul-de-externe-german-in-vizita-in-romania-si-bulgaria-pentru-discutii-pe-teme-de-securitate&#8211;1492809<\/a><\/p>","protected":false},"excerpt":{"rendered":"<p>Ministrul de externe german, Johann Wadephul, urmeaz\u0103 s\u0103 viziteze Bulgaria \u0219i Rom\u00e2nia pentru discu\u021bii axate pe sprijinul acordat Ucrainei \u0219i pe consolidarea capacit\u0103\u021bilor de securitate \u0219i ap\u0103rare ale Europei, informeaz\u0103 luni dpa. Ministerul de Externe de la Berlin a anun\u021bat c\u0103 temele discu\u021biilor vor include totodat\u0103 cooperarea economic\u0103, eforturile de stimulare a competitivit\u0103\u021bii europene \u0219i&#8230;<\/p>","protected":false},"author":4,"featured_media":3159,"comment_status":"open","ping_status":"open","sticky":false,"template":"","format":"standard","meta":{"footnotes":""},"categories":[1],"tags":[],"class_list":["post-3158","post","type-post","status-publish","format-standard","has-post-thumbnail","hentry","category-uncategorized"],"yoast_head":"<!-- This site is optimized with the Yoast SEO plugin v26.1.1 - https:\/\/yoast.com\/wordpress\/plugins\/seo\/ -->\n<title>Ministrul de externe german, \u00een vizit\u0103 \u00een Rom\u00e2nia \u0219i Bulgaria pentru discu\u021bii pe teme de securitate - Carpathia Center Romania<\/title>\n<meta name=\"robots\" content=\"index, follow, max-snippet:-1, max-image-preview:large, max-video-preview:-1\" \/>\n<link rel=\"canonical\" href=\"https:\/\/carpathiacenter.ro\/en\/ministrul-de-externe-german-in-vizita-in-romania-si-bulgaria-pentru-discutii-pe-teme-de-securitate\/\" \/>\n<meta property=\"og:locale\" content=\"en_GB\" \/>\n<meta property=\"og:type\" content=\"article\" \/>\n<meta property=\"og:title\" content=\"Ministrul de externe german, \u00een vizit\u0103 \u00een Rom\u00e2nia \u0219i Bulgaria pentru discu\u021bii pe teme de securitate - Carpathia Center Romania\" \/>\n<meta property=\"og:description\" content=\"Ministrul de externe german, Johann Wadephul, urmeaz\u0103 s\u0103 viziteze Bulgaria \u0219i Rom\u00e2nia pentru discu\u021bii axate pe sprijinul acordat Ucrainei \u0219i pe consolidarea capacit\u0103\u021bilor de securitate \u0219i ap\u0103rare ale Europei, informeaz\u0103 luni dpa. Ministerul de Externe de la Berlin a anun\u021bat c\u0103 temele discu\u021biilor vor include totodat\u0103 cooperarea economic\u0103, eforturile de stimulare a competitivit\u0103\u021bii europene \u0219i...\" \/>\n<meta property=\"og:url\" content=\"https:\/\/carpathiacenter.ro\/en\/ministrul-de-externe-german-in-vizita-in-romania-si-bulgaria-pentru-discutii-pe-teme-de-securitate\/\" \/>\n<meta property=\"og:site_name\" content=\"Carpathia Center Romania\" \/>\n<meta property=\"article:publisher\" content=\"https:\/\/www.facebook.com\/fdpscarpathia\/\" \/>\n<meta property=\"article:published_time\" content=\"2025-10-13T06:22:30+00:00\" \/>\n<meta property=\"og:image\" content=\"https:\/\/carpathiacenter.ro\/wp-content\/uploads\/2025\/10\/Johann_Wadephul.jpg\" \/>\n\t<meta property=\"og:image:width\" content=\"2560\" \/>\n\t<meta property=\"og:image:height\" content=\"1707\" \/>\n\t<meta property=\"og:image:type\" content=\"image\/jpeg\" \/>\n<meta name=\"author\" content=\"creativebitsolutions\" \/>\n<meta name=\"twitter:card\" content=\"summary_large_image\" \/>\n<meta name=\"twitter:label1\" content=\"Written by\" \/>\n\t<meta name=\"twitter:data1\" content=\"creativebitsolutions\" \/>\n\t<meta name=\"twitter:label2\" content=\"Estimated reading time\" \/>\n\t<meta name=\"twitter:data2\" content=\"1 minute\" \/>\n<script type=\"application\/ld+json\" class=\"yoast-schema-graph\">{\"@context\":\"https:\/\/schema.org\",\"@graph\":[{\"@type\":\"Article\",\"@id\":\"https:\/\/carpathiacenter.ro\/ministrul-de-externe-german-in-vizita-in-romania-si-bulgaria-pentru-discutii-pe-teme-de-securitate\/#article\",\"isPartOf\":{\"@id\":\"https:\/\/carpathiacenter.ro\/ministrul-de-externe-german-in-vizita-in-romania-si-bulgaria-pentru-discutii-pe-teme-de-securitate\/\"},\"author\":{\"name\":\"creativebitsolutions\",\"@id\":\"https:\/\/carpathiacenter.ro\/#\/schema\/person\/03d9f58202fee8379268f34afa195006\"},\"headline\":\"Ministrul de externe german, \u00een vizit\u0103 \u00een Rom\u00e2nia \u0219i Bulgaria pentru discu\u021bii pe teme de securitate\",\"datePublished\":\"2025-10-13T06:22:30+00:00\",\"mainEntityOfPage\":{\"@id\":\"https:\/\/carpathiacenter.ro\/ministrul-de-externe-german-in-vizita-in-romania-si-bulgaria-pentru-discutii-pe-teme-de-securitate\/\"},\"wordCount\":207,\"commentCount\":0,\"publisher\":{\"@id\":\"https:\/\/carpathiacenter.ro\/#organization\"},\"image\":{\"@id\":\"https:\/\/carpathiacenter.ro\/ministrul-de-externe-german-in-vizita-in-romania-si-bulgaria-pentru-discutii-pe-teme-de-securitate\/#primaryimage\"},\"thumbnailUrl\":\"https:\/\/carpathiacenter.ro\/wp-content\/uploads\/2025\/10\/Johann_Wadephul.jpg\",\"articleSection\":[\"Uncategorized\"],\"inLanguage\":\"en-GB\",\"potentialAction\":[{\"@type\":\"CommentAction\",\"name\":\"Comment\",\"target\":[\"https:\/\/carpathiacenter.ro\/ministrul-de-externe-german-in-vizita-in-romania-si-bulgaria-pentru-discutii-pe-teme-de-securitate\/#respond\"]}]},{\"@type\":\"WebPage\",\"@id\":\"https:\/\/carpathiacenter.ro\/ministrul-de-externe-german-in-vizita-in-romania-si-bulgaria-pentru-discutii-pe-teme-de-securitate\/\",\"url\":\"https:\/\/carpathiacenter.ro\/ministrul-de-externe-german-in-vizita-in-romania-si-bulgaria-pentru-discutii-pe-teme-de-securitate\/\",\"name\":\"Ministrul de externe german, \u00een vizit\u0103 \u00een Rom\u00e2nia \u0219i Bulgaria pentru discu\u021bii pe teme de securitate - Carpathia Center Romania\",\"isPartOf\":{\"@id\":\"https:\/\/carpathiacenter.ro\/#website\"},\"primaryImageOfPage\":{\"@id\":\"https:\/\/carpathiacenter.ro\/ministrul-de-externe-german-in-vizita-in-romania-si-bulgaria-pentru-discutii-pe-teme-de-securitate\/#primaryimage\"},\"image\":{\"@id\":\"https:\/\/carpathiacenter.ro\/ministrul-de-externe-german-in-vizita-in-romania-si-bulgaria-pentru-discutii-pe-teme-de-securitate\/#primaryimage\"},\"thumbnailUrl\":\"https:\/\/carpathiacenter.ro\/wp-content\/uploads\/2025\/10\/Johann_Wadephul.jpg\",\"datePublished\":\"2025-10-13T06:22:30+00:00\",\"breadcrumb\":{\"@id\":\"https:\/\/carpathiacenter.ro\/ministrul-de-externe-german-in-vizita-in-romania-si-bulgaria-pentru-discutii-pe-teme-de-securitate\/#breadcrumb\"},\"inLanguage\":\"en-GB\",\"potentialAction\":[{\"@type\":\"ReadAction\",\"target\":[\"https:\/\/carpathiacenter.ro\/ministrul-de-externe-german-in-vizita-in-romania-si-bulgaria-pentru-discutii-pe-teme-de-securitate\/\"]}]},{\"@type\":\"ImageObject\",\"inLanguage\":\"en-GB\",\"@id\":\"https:\/\/carpathiacenter.ro\/ministrul-de-externe-german-in-vizita-in-romania-si-bulgaria-pentru-discutii-pe-teme-de-securitate\/#primaryimage\",\"url\":\"https:\/\/carpathiacenter.ro\/wp-content\/uploads\/2025\/10\/Johann_Wadephul.jpg\",\"contentUrl\":\"https:\/\/carpathiacenter.ro\/wp-content\/uploads\/2025\/10\/Johann_Wadephul.jpg\",\"width\":2560,\"height\":1707},{\"@type\":\"BreadcrumbList\",\"@id\":\"https:\/\/carpathiacenter.ro\/ministrul-de-externe-german-in-vizita-in-romania-si-bulgaria-pentru-discutii-pe-teme-de-securitate\/#breadcrumb\",\"itemListElement\":[{\"@type\":\"ListItem\",\"position\":1,\"name\":\"Prima pagin\u0103\",\"item\":\"https:\/\/carpathiacenter.ro\/\"},{\"@type\":\"ListItem\",\"position\":2,\"name\":\"Ministrul de externe german, \u00een vizit\u0103 \u00een Rom\u00e2nia \u0219i Bulgaria pentru discu\u021bii pe teme de securitate\"}]},{\"@type\":\"WebSite\",\"@id\":\"https:\/\/carpathiacenter.ro\/#website\",\"url\":\"https:\/\/carpathiacenter.ro\/\",\"name\":\"Carpathia Center Romania\",\"description\":\"Impossible made possible!\",\"publisher\":{\"@id\":\"https:\/\/carpathiacenter.ro\/#organization\"},\"potentialAction\":[{\"@type\":\"SearchAction\",\"target\":{\"@type\":\"EntryPoint\",\"urlTemplate\":\"https:\/\/carpathiacenter.ro\/?s={search_term_string}\"},\"query-input\":{\"@type\":\"PropertyValueSpecification\",\"valueRequired\":true,\"valueName\":\"search_term_string\"}}],\"inLanguage\":\"en-GB\"},{\"@type\":\"Organization\",\"@id\":\"https:\/\/carpathiacenter.ro\/#organization\",\"name\":\"Carpathia Center Romania\",\"url\":\"https:\/\/carpathiacenter.ro\/\",\"logo\":{\"@type\":\"ImageObject\",\"inLanguage\":\"en-GB\",\"@id\":\"https:\/\/carpathiacenter.ro\/#\/schema\/logo\/image\/\",\"url\":\"https:\/\/carpathiacenter.ro\/wp-content\/uploads\/2024\/07\/logo-carpathia_bg_white-1024x941.png\",\"contentUrl\":\"https:\/\/carpathiacenter.ro\/wp-content\/uploads\/2024\/07\/logo-carpathia_bg_white-1024x941.png\",\"width\":1024,\"height\":941,\"caption\":\"Carpathia Center Romania\"},\"image\":{\"@id\":\"https:\/\/carpathiacenter.ro\/#\/schema\/logo\/image\/\"},\"sameAs\":[\"https:\/\/www.facebook.com\/fdpscarpathia\/\"]},{\"@type\":\"Person\",\"@id\":\"https:\/\/carpathiacenter.ro\/#\/schema\/person\/03d9f58202fee8379268f34afa195006\",\"name\":\"creativebitsolutions\",\"image\":{\"@type\":\"ImageObject\",\"inLanguage\":\"en-GB\",\"@id\":\"https:\/\/carpathiacenter.ro\/#\/schema\/person\/image\/\",\"url\":\"https:\/\/secure.gravatar.com\/avatar\/1b1a13e37f847c635dab78348f1dff2f07651ee2a3d77a5c355a4b8c75f9165a?s=96&d=mm&r=g\",\"contentUrl\":\"https:\/\/secure.gravatar.com\/avatar\/1b1a13e37f847c635dab78348f1dff2f07651ee2a3d77a5c355a4b8c75f9165a?s=96&d=mm&r=g\",\"caption\":\"creativebitsolutions\"},\"url\":\"https:\/\/carpathiacenter.ro\/en\/author\/creativebitsolutions\/\"}]}<\/script>\n<!-- \/ Yoast SEO plugin. -->","yoast_head_json":{"title":"Ministrul de externe german, \u00een vizit\u0103 \u00een Rom\u00e2nia \u0219i Bulgaria pentru discu\u021bii pe teme de securitate - Carpathia Center Romania","robots":{"index":"index","follow":"follow","max-snippet":"max-snippet:-1","max-image-preview":"max-image-preview:large","max-video-preview":"max-video-preview:-1"},"canonical":"https:\/\/carpathiacenter.ro\/en\/ministrul-de-externe-german-in-vizita-in-romania-si-bulgaria-pentru-discutii-pe-teme-de-securitate\/","og_locale":"en_GB","og_type":"article","og_title":"Ministrul de externe german, \u00een vizit\u0103 \u00een Rom\u00e2nia \u0219i Bulgaria pentru discu\u021bii pe teme de securitate - Carpathia Center Romania","og_description":"Ministrul de externe german, Johann Wadephul, urmeaz\u0103 s\u0103 viziteze Bulgaria \u0219i Rom\u00e2nia pentru discu\u021bii axate pe sprijinul acordat Ucrainei \u0219i pe consolidarea capacit\u0103\u021bilor de securitate \u0219i ap\u0103rare ale Europei, informeaz\u0103 luni dpa. Ministerul de Externe de la Berlin a anun\u021bat c\u0103 temele discu\u021biilor vor include totodat\u0103 cooperarea economic\u0103, eforturile de stimulare a competitivit\u0103\u021bii europene \u0219i...","og_url":"https:\/\/carpathiacenter.ro\/en\/ministrul-de-externe-german-in-vizita-in-romania-si-bulgaria-pentru-discutii-pe-teme-de-securitate\/","og_site_name":"Carpathia Center Romania","article_publisher":"https:\/\/www.facebook.com\/fdpscarpathia\/","article_published_time":"2025-10-13T06:22:30+00:00","og_image":[{"width":2560,"height":1707,"url":"https:\/\/carpathiacenter.ro\/wp-content\/uploads\/2025\/10\/Johann_Wadephul.jpg","type":"image\/jpeg"}],"author":"creativebitsolutions","twitter_card":"summary_large_image","twitter_misc":{"Written by":"creativebitsolutions","Estimated reading time":"1 minute"},"schema":{"@context":"https:\/\/schema.org","@graph":[{"@type":"Article","@id":"https:\/\/carpathiacenter.ro\/ministrul-de-externe-german-in-vizita-in-romania-si-bulgaria-pentru-discutii-pe-teme-de-securitate\/#article","isPartOf":{"@id":"https:\/\/carpathiacenter.ro\/ministrul-de-externe-german-in-vizita-in-romania-si-bulgaria-pentru-discutii-pe-teme-de-securitate\/"},"author":{"name":"creativebitsolutions","@id":"https:\/\/carpathiacenter.ro\/#\/schema\/person\/03d9f58202fee8379268f34afa195006"},"headline":"Ministrul de externe german, \u00een vizit\u0103 \u00een Rom\u00e2nia \u0219i Bulgaria pentru discu\u021bii pe teme de securitate","datePublished":"2025-10-13T06:22:30+00:00","mainEntityOfPage":{"@id":"https:\/\/carpathiacenter.ro\/ministrul-de-externe-german-in-vizita-in-romania-si-bulgaria-pentru-discutii-pe-teme-de-securitate\/"},"wordCount":207,"commentCount":0,"publisher":{"@id":"https:\/\/carpathiacenter.ro\/#organization"},"image":{"@id":"https:\/\/carpathiacenter.ro\/ministrul-de-externe-german-in-vizita-in-romania-si-bulgaria-pentru-discutii-pe-teme-de-securitate\/#primaryimage"},"thumbnailUrl":"https:\/\/carpathiacenter.ro\/wp-content\/uploads\/2025\/10\/Johann_Wadephul.jpg","articleSection":["Uncategorized"],"inLanguage":"en-GB","potentialAction":[{"@type":"CommentAction","name":"Comment","target":["https:\/\/carpathiacenter.ro\/ministrul-de-externe-german-in-vizita-in-romania-si-bulgaria-pentru-discutii-pe-teme-de-securitate\/#respond"]}]},{"@type":"WebPage","@id":"https:\/\/carpathiacenter.ro\/ministrul-de-externe-german-in-vizita-in-romania-si-bulgaria-pentru-discutii-pe-teme-de-securitate\/","url":"https:\/\/carpathiacenter.ro\/ministrul-de-externe-german-in-vizita-in-romania-si-bulgaria-pentru-discutii-pe-teme-de-securitate\/","name":"Ministrul de externe german, \u00een vizit\u0103 \u00een Rom\u00e2nia \u0219i Bulgaria pentru discu\u021bii pe teme de securitate - Carpathia Center Romania","isPartOf":{"@id":"https:\/\/carpathiacenter.ro\/#website"},"primaryImageOfPage":{"@id":"https:\/\/carpathiacenter.ro\/ministrul-de-externe-german-in-vizita-in-romania-si-bulgaria-pentru-discutii-pe-teme-de-securitate\/#primaryimage"},"image":{"@id":"https:\/\/carpathiacenter.ro\/ministrul-de-externe-german-in-vizita-in-romania-si-bulgaria-pentru-discutii-pe-teme-de-securitate\/#primaryimage"},"thumbnailUrl":"https:\/\/carpathiacenter.ro\/wp-content\/uploads\/2025\/10\/Johann_Wadephul.jpg","datePublished":"2025-10-13T06:22:30+00:00","breadcrumb":{"@id":"https:\/\/carpathiacenter.ro\/ministrul-de-externe-german-in-vizita-in-romania-si-bulgaria-pentru-discutii-pe-teme-de-securitate\/#breadcrumb"},"inLanguage":"en-GB","potentialAction":[{"@type":"ReadAction","target":["https:\/\/carpathiacenter.ro\/ministrul-de-externe-german-in-vizita-in-romania-si-bulgaria-pentru-discutii-pe-teme-de-securitate\/"]}]},{"@type":"ImageObject","inLanguage":"en-GB","@id":"https:\/\/carpathiacenter.ro\/ministrul-de-externe-german-in-vizita-in-romania-si-bulgaria-pentru-discutii-pe-teme-de-securitate\/#primaryimage","url":"https:\/\/carpathiacenter.ro\/wp-content\/uploads\/2025\/10\/Johann_Wadephul.jpg","contentUrl":"https:\/\/carpathiacenter.ro\/wp-content\/uploads\/2025\/10\/Johann_Wadephul.jpg","width":2560,"height":1707},{"@type":"BreadcrumbList","@id":"https:\/\/carpathiacenter.ro\/ministrul-de-externe-german-in-vizita-in-romania-si-bulgaria-pentru-discutii-pe-teme-de-securitate\/#breadcrumb","itemListElement":[{"@type":"ListItem","position":1,"name":"Prima pagin\u0103","item":"https:\/\/carpathiacenter.ro\/"},{"@type":"ListItem","position":2,"name":"Ministrul de externe german, \u00een vizit\u0103 \u00een Rom\u00e2nia \u0219i Bulgaria pentru discu\u021bii pe teme de securitate"}]},{"@type":"WebSite","@id":"https:\/\/carpathiacenter.ro\/#website","url":"https:\/\/carpathiacenter.ro\/","name":"Carpathia Center Romania","description":"Impossible made possible!","publisher":{"@id":"https:\/\/carpathiacenter.ro\/#organization"},"potentialAction":[{"@type":"SearchAction","target":{"@type":"EntryPoint","urlTemplate":"https:\/\/carpathiacenter.ro\/?s={search_term_string}"},"query-input":{"@type":"PropertyValueSpecification","valueRequired":true,"valueName":"search_term_string"}}],"inLanguage":"en-GB"},{"@type":"Organization","@id":"https:\/\/carpathiacenter.ro\/#organization","name":"Carpathia Center Romania","url":"https:\/\/carpathiacenter.ro\/","logo":{"@type":"ImageObject","inLanguage":"en-GB","@id":"https:\/\/carpathiacenter.ro\/#\/schema\/logo\/image\/","url":"https:\/\/carpathiacenter.ro\/wp-content\/uploads\/2024\/07\/logo-carpathia_bg_white-1024x941.png","contentUrl":"https:\/\/carpathiacenter.ro\/wp-content\/uploads\/2024\/07\/logo-carpathia_bg_white-1024x941.png","width":1024,"height":941,"caption":"Carpathia Center Romania"},"image":{"@id":"https:\/\/carpathiacenter.ro\/#\/schema\/logo\/image\/"},"sameAs":["https:\/\/www.facebook.com\/fdpscarpathia\/"]},{"@type":"Person","@id":"https:\/\/carpathiacenter.ro\/#\/schema\/person\/03d9f58202fee8379268f34afa195006","name":"creativebitsolutions","image":{"@type":"ImageObject","inLanguage":"en-GB","@id":"https:\/\/carpathiacenter.ro\/#\/schema\/person\/image\/","url":"https:\/\/secure.gravatar.com\/avatar\/1b1a13e37f847c635dab78348f1dff2f07651ee2a3d77a5c355a4b8c75f9165a?s=96&d=mm&r=g","contentUrl":"https:\/\/secure.gravatar.com\/avatar\/1b1a13e37f847c635dab78348f1dff2f07651ee2a3d77a5c355a4b8c75f9165a?s=96&d=mm&r=g","caption":"creativebitsolutions"},"url":"https:\/\/carpathiacenter.ro\/en\/author\/creativebitsolutions\/"}]}},"_links":{"self":[{"href":"https:\/\/carpathiacenter.ro\/en\/wp-json\/wp\/v2\/posts\/3158","targetHints":{"allow":["GET"]}}],"collection":[{"href":"https:\/\/carpathiacenter.ro\/en\/wp-json\/wp\/v2\/posts"}],"about":[{"href":"https:\/\/carpathiacenter.ro\/en\/wp-json\/wp\/v2\/types\/post"}],"author":[{"embeddable":true,"href":"https:\/\/carpathiacenter.ro\/en\/wp-json\/wp\/v2\/users\/4"}],"replies":[{"embeddable":true,"href":"https:\/\/carpathiacenter.ro\/en\/wp-json\/wp\/v2\/comments?post=3158"}],"version-history":[{"count":1,"href":"https:\/\/carpathiacenter.ro\/en\/wp-json\/wp\/v2\/posts\/3158\/revisions"}],"predecessor-version":[{"id":3160,"href":"https:\/\/carpathiacenter.ro\/en\/wp-json\/wp\/v2\/posts\/3158\/revisions\/3160"}],"wp:featuredmedia":[{"embeddable":true,"href":"https:\/\/carpathiacenter.ro\/en\/wp-json\/wp\/v2\/media\/3159"}],"wp:attachment":[{"href":"https:\/\/carpathiacenter.ro\/en\/wp-json\/wp\/v2\/media?parent=3158"}],"wp:term":[{"taxonomy":"category","embeddable":true,"href":"https:\/\/carpathiacenter.ro\/en\/wp-json\/wp\/v2\/categories?post=3158"},{"taxonomy":"post_tag","embeddable":true,"href":"https:\/\/carpathiacenter.ro\/en\/wp-json\/wp\/v2\/tags?post=3158"}],"curies":[{"name":"wp","href":"https:\/\/api.w.org\/{rel}","templated":true}]}}