{"id":3156,"date":"2025-10-10T08:29:03","date_gmt":"2025-10-10T08:29:03","guid":{"rendered":"https:\/\/carpathiacenter.ro\/?p=3156"},"modified":"2025-10-10T08:29:03","modified_gmt":"2025-10-10T08:29:03","slug":"bolojan-romania-are-programate-si-in-anii-urmatori-bugete-de-aparare-cu-o-componenta-de-achizitie-de-tehnica-militara","status":"publish","type":"post","link":"https:\/\/carpathiacenter.ro\/en\/bolojan-romania-are-programate-si-in-anii-urmatori-bugete-de-aparare-cu-o-componenta-de-achizitie-de-tehnica-militara\/","title":{"rendered":"Bolojan: Rom\u00e2nia are programate \u0219i \u00een anii urm\u0103tori bugete de ap\u0103rare cu o component\u0103 de achizi\u021bie de tehnic\u0103 militar\u0103"},"content":{"rendered":"<p><strong>Rom\u00e2nia are programate \u0219i \u00een anii urm\u0103tori bugete de ap\u0103rare care prev\u0103d o component\u0103 de achizi\u021bii de tehnic\u0103 militar\u0103, cum ar fi tancuri, drone \u0219i sisteme de ap\u0103rare antiaerian\u0103, dar \u0219i alte categorii de armament necesare Armatei, a declarat, joi seara, premierul Ilie Bolojan.<\/strong><\/p>\n<p>&#8216;F\u0103r\u0103 s\u0103 intru \u00een elemente tehnice, ce tip de armament s-ar achizi\u021biona sau nu, pot s\u0103 v\u0103 spun urm\u0103toarele: Rom\u00e2nia \u0219i \u00een anii urm\u0103tori are programate bugete de ap\u0103rare care prev\u0103d o component\u0103 de achizi\u021bie de tehnic\u0103 militar\u0103. \u00cen baza acestor estim\u0103ri, Ministerul Ap\u0103r\u0103rii a propus un pachet de achizi\u021bii pentru a ne asigura ap\u0103rarea absolut necesar\u0103, mai ales pe flancul de Est &#8211; este obliga\u021bia \u021b\u0103rii noastre, care \u021bine at\u00e2t de cet\u0103\u021beni, dar \u0219i de apartenen\u021ba noastr\u0103 la NATO. \u0218i \u00een acest pachet, cred c\u0103 sunt propuse \u0219i aceast\u0103 component\u0103 de tancuri, dar avem \u0219i componentele de drone, de ap\u0103rare antiaerian\u0103, \u0219i tot ce \u021bine de necesit\u0103\u021bile pe care Armata Rom\u00e2n\u0103 le-a considerat c\u0103 trebuie asigurate \u00een a\u0219a fel \u00eenc\u00e2t s\u0103 poat\u0103 ap\u0103ra teritoriul na\u021bional&#8217;, <a href=\"https:\/\/www.facebook.com\/ilie.bolojan\/videos\/1770724043576375\/?locale=ro_RO\" target=\"_blank\">a declarat premierul la B1 TV<\/a>.<\/p>\n<p>Potrivit acestuia, creditul pus la dispozi\u021bie de Comisia European\u0103 u\u0219ureaz\u0103 obliga\u021bia \u021b\u0103rii noastre \u00een privin\u021ba dot\u0103rilor necesare ap\u0103r\u0103rii.<\/p>\n<p>&#8216;Din punctul meu de vedere, ceea ce am f\u0103cut \u00een aceast\u0103 perioad\u0103, prin contractarea acestui credit pe care ni-l pune la dispozi\u021bie Comisia European\u0103, un credit cu dob\u00e2nzi de cinci ori mai mici dec\u00e2t cele de pia\u021b\u0103, cu perioad\u0103 de gra\u021bie de 10 ani, cu rambursare \u00een 40 de ani, ne permite s\u0103 ne u\u0219ur\u0103m, practic, deficitul comercial, pentru c\u0103 altfel ar trebui s\u0103 pl\u0103tim dob\u00e2nzi la pre\u021buri de pia\u021b\u0103 pentru a ne acoperi aceast\u0103 obliga\u021bie de ap\u0103rare, care \u00eenseamn\u0103 siguran\u021ba \u021b\u0103rii noastre&#8217;, a men\u021bionat premierul Bolojan.<\/p>\n<p>R\u0103spunz\u00e2nd unei alte \u00eentreb\u0103ri, el a subliniat c\u0103 n-a f\u0103cut niciodat\u0103 afirma\u021bia c\u0103 va demisiona, ci c\u0103 a spus &#8216;lucruri de bun sim\u021b&#8217;.<\/p>\n<p>&#8216;\u00cencerc s\u0103 tratez c\u00e2t se poate de serios aceast\u0103 responsabilitate pe care o am. Nu am f\u0103cut niciodat\u0103 afirma\u021bii c\u0103 voi demisiona. Am spus lucruri care mi se par de bun sim\u021b. C\u00e2nd sunt proiecte importante, c\u00e2nd sunt lucruri pe care \u0219i le asum\u0103 Guvernul, pe de-o parte ai nevoie de sus\u021binere, pentru c\u0103 altfel nu po\u021bi duce lucruri \u00eenainte, ai nevoie de sprijin institu\u021bional pentru asta, pentru c\u0103, dac\u0103 ocupi un post \u0219i nu faci ceea ce \u0219tii c\u0103 trebuie f\u0103cut, dec\u00e2t s\u0103 stai pe acel post, dac\u0103 nu ai acele condi\u021bii, mai bine pleci. Dar asta nu \u00eenseamn\u0103 c\u0103 m\u00e2ine demisionezi, ci pur \u0219i simplu c\u0103 \u00eei respec\u021bi pe cei \u00een serviciul c\u0103rora e\u0219ti&#8217;, a mai afirmat \u0219eful Guvernului. AGERPRES \/ (A &#8211; redactor: C\u0103t\u0103lina Matei, editor: Marius Fr\u0103\u021bil\u0103, editor online: Andreea Preda)<br \/>\n<br \/>\nSursa articolului:  <a href=\"https:\/\/agerpres.ro\/politic\/2025\/10\/09\/bolojan-romania-are-programate-si-in-anii-urmatori-bugete-de-aparare-cu-o-componenta-de-achizitie-de--1492179\" target=\"_blank\" rel=\"noopener\" title=\"\">https:\/\/agerpres.ro\/politic\/2025\/10\/09\/bolojan-romania-are-programate-si-in-anii-urmatori-bugete-de-aparare-cu-o-componenta-de-achizitie-de&#8211;1492179<\/a><\/p>","protected":false},"excerpt":{"rendered":"<p>Rom\u00e2nia are programate \u0219i \u00een anii urm\u0103tori bugete de ap\u0103rare care prev\u0103d o component\u0103 de achizi\u021bii de tehnic\u0103 militar\u0103, cum ar fi tancuri, drone \u0219i sisteme de ap\u0103rare antiaerian\u0103, dar \u0219i alte categorii de armament necesare Armatei, a declarat, joi seara, premierul Ilie Bolojan. &#8216;F\u0103r\u0103 s\u0103 intru \u00een elemente tehnice, ce tip de armament s-ar&#8230;<\/p>","protected":false},"author":4,"featured_media":3045,"comment_status":"open","ping_status":"open","sticky":false,"template":"","format":"standard","meta":{"footnotes":""},"categories":[1],"tags":[],"class_list":["post-3156","post","type-post","status-publish","format-standard","has-post-thumbnail","hentry","category-uncategorized"],"yoast_head":"<!-- This site is optimized with the Yoast SEO plugin v26.1.1 - https:\/\/yoast.com\/wordpress\/plugins\/seo\/ -->\n<title>Bolojan: Rom\u00e2nia are programate \u0219i \u00een anii urm\u0103tori bugete de ap\u0103rare cu o component\u0103 de achizi\u021bie de tehnic\u0103 militar\u0103 - Carpathia Center Romania<\/title>\n<meta name=\"robots\" content=\"index, follow, max-snippet:-1, max-image-preview:large, max-video-preview:-1\" \/>\n<link rel=\"canonical\" href=\"https:\/\/carpathiacenter.ro\/en\/bolojan-romania-are-programate-si-in-anii-urmatori-bugete-de-aparare-cu-o-componenta-de-achizitie-de-tehnica-militara\/\" \/>\n<meta property=\"og:locale\" content=\"en_GB\" \/>\n<meta property=\"og:type\" content=\"article\" \/>\n<meta property=\"og:title\" content=\"Bolojan: Rom\u00e2nia are programate \u0219i \u00een anii urm\u0103tori bugete de ap\u0103rare cu o component\u0103 de achizi\u021bie de tehnic\u0103 militar\u0103 - Carpathia Center Romania\" \/>\n<meta property=\"og:description\" content=\"Rom\u00e2nia are programate \u0219i \u00een anii urm\u0103tori bugete de ap\u0103rare care prev\u0103d o component\u0103 de achizi\u021bii de tehnic\u0103 militar\u0103, cum ar fi tancuri, drone \u0219i sisteme de ap\u0103rare antiaerian\u0103, dar \u0219i alte categorii de armament necesare Armatei, a declarat, joi seara, premierul Ilie Bolojan. &#8216;F\u0103r\u0103 s\u0103 intru \u00een elemente tehnice, ce tip de armament s-ar...\" \/>\n<meta property=\"og:url\" content=\"https:\/\/carpathiacenter.ro\/en\/bolojan-romania-are-programate-si-in-anii-urmatori-bugete-de-aparare-cu-o-componenta-de-achizitie-de-tehnica-militara\/\" \/>\n<meta property=\"og:site_name\" content=\"Carpathia Center Romania\" \/>\n<meta property=\"article:publisher\" content=\"https:\/\/www.facebook.com\/fdpscarpathia\/\" \/>\n<meta property=\"article:published_time\" content=\"2025-10-10T08:29:03+00:00\" \/>\n<meta property=\"og:image\" content=\"https:\/\/carpathiacenter.ro\/wp-content\/uploads\/2025\/09\/ilie-bolojan-premierul-romaniei.jpg\" \/>\n\t<meta property=\"og:image:width\" content=\"1200\" \/>\n\t<meta property=\"og:image:height\" content=\"664\" \/>\n\t<meta property=\"og:image:type\" content=\"image\/jpeg\" \/>\n<meta name=\"author\" content=\"creativebitsolutions\" \/>\n<meta name=\"twitter:card\" content=\"summary_large_image\" \/>\n<meta name=\"twitter:label1\" content=\"Written by\" \/>\n\t<meta name=\"twitter:data1\" content=\"creativebitsolutions\" \/>\n\t<meta name=\"twitter:label2\" content=\"Estimated reading time\" \/>\n\t<meta name=\"twitter:data2\" content=\"1 minute\" \/>\n<script type=\"application\/ld+json\" class=\"yoast-schema-graph\">{\"@context\":\"https:\/\/schema.org\",\"@graph\":[{\"@type\":\"Article\",\"@id\":\"https:\/\/carpathiacenter.ro\/bolojan-romania-are-programate-si-in-anii-urmatori-bugete-de-aparare-cu-o-componenta-de-achizitie-de-tehnica-militara\/#article\",\"isPartOf\":{\"@id\":\"https:\/\/carpathiacenter.ro\/bolojan-romania-are-programate-si-in-anii-urmatori-bugete-de-aparare-cu-o-componenta-de-achizitie-de-tehnica-militara\/\"},\"author\":{\"name\":\"creativebitsolutions\",\"@id\":\"https:\/\/carpathiacenter.ro\/#\/schema\/person\/03d9f58202fee8379268f34afa195006\"},\"headline\":\"Bolojan: Rom\u00e2nia are programate \u0219i \u00een anii urm\u0103tori bugete de ap\u0103rare cu o component\u0103 de achizi\u021bie de tehnic\u0103 militar\u0103\",\"datePublished\":\"2025-10-10T08:29:03+00:00\",\"mainEntityOfPage\":{\"@id\":\"https:\/\/carpathiacenter.ro\/bolojan-romania-are-programate-si-in-anii-urmatori-bugete-de-aparare-cu-o-componenta-de-achizitie-de-tehnica-militara\/\"},\"wordCount\":540,\"commentCount\":0,\"publisher\":{\"@id\":\"https:\/\/carpathiacenter.ro\/#organization\"},\"image\":{\"@id\":\"https:\/\/carpathiacenter.ro\/bolojan-romania-are-programate-si-in-anii-urmatori-bugete-de-aparare-cu-o-componenta-de-achizitie-de-tehnica-militara\/#primaryimage\"},\"thumbnailUrl\":\"https:\/\/carpathiacenter.ro\/wp-content\/uploads\/2025\/09\/ilie-bolojan-premierul-romaniei.jpg\",\"articleSection\":[\"Uncategorized\"],\"inLanguage\":\"en-GB\",\"potentialAction\":[{\"@type\":\"CommentAction\",\"name\":\"Comment\",\"target\":[\"https:\/\/carpathiacenter.ro\/bolojan-romania-are-programate-si-in-anii-urmatori-bugete-de-aparare-cu-o-componenta-de-achizitie-de-tehnica-militara\/#respond\"]}]},{\"@type\":\"WebPage\",\"@id\":\"https:\/\/carpathiacenter.ro\/bolojan-romania-are-programate-si-in-anii-urmatori-bugete-de-aparare-cu-o-componenta-de-achizitie-de-tehnica-militara\/\",\"url\":\"https:\/\/carpathiacenter.ro\/bolojan-romania-are-programate-si-in-anii-urmatori-bugete-de-aparare-cu-o-componenta-de-achizitie-de-tehnica-militara\/\",\"name\":\"Bolojan: Rom\u00e2nia are programate \u0219i \u00een anii urm\u0103tori bugete de ap\u0103rare cu o component\u0103 de achizi\u021bie de tehnic\u0103 militar\u0103 - Carpathia Center Romania\",\"isPartOf\":{\"@id\":\"https:\/\/carpathiacenter.ro\/#website\"},\"primaryImageOfPage\":{\"@id\":\"https:\/\/carpathiacenter.ro\/bolojan-romania-are-programate-si-in-anii-urmatori-bugete-de-aparare-cu-o-componenta-de-achizitie-de-tehnica-militara\/#primaryimage\"},\"image\":{\"@id\":\"https:\/\/carpathiacenter.ro\/bolojan-romania-are-programate-si-in-anii-urmatori-bugete-de-aparare-cu-o-componenta-de-achizitie-de-tehnica-militara\/#primaryimage\"},\"thumbnailUrl\":\"https:\/\/carpathiacenter.ro\/wp-content\/uploads\/2025\/09\/ilie-bolojan-premierul-romaniei.jpg\",\"datePublished\":\"2025-10-10T08:29:03+00:00\",\"breadcrumb\":{\"@id\":\"https:\/\/carpathiacenter.ro\/bolojan-romania-are-programate-si-in-anii-urmatori-bugete-de-aparare-cu-o-componenta-de-achizitie-de-tehnica-militara\/#breadcrumb\"},\"inLanguage\":\"en-GB\",\"potentialAction\":[{\"@type\":\"ReadAction\",\"target\":[\"https:\/\/carpathiacenter.ro\/bolojan-romania-are-programate-si-in-anii-urmatori-bugete-de-aparare-cu-o-componenta-de-achizitie-de-tehnica-militara\/\"]}]},{\"@type\":\"ImageObject\",\"inLanguage\":\"en-GB\",\"@id\":\"https:\/\/carpathiacenter.ro\/bolojan-romania-are-programate-si-in-anii-urmatori-bugete-de-aparare-cu-o-componenta-de-achizitie-de-tehnica-militara\/#primaryimage\",\"url\":\"https:\/\/carpathiacenter.ro\/wp-content\/uploads\/2025\/09\/ilie-bolojan-premierul-romaniei.jpg\",\"contentUrl\":\"https:\/\/carpathiacenter.ro\/wp-content\/uploads\/2025\/09\/ilie-bolojan-premierul-romaniei.jpg\",\"width\":1200,\"height\":664},{\"@type\":\"BreadcrumbList\",\"@id\":\"https:\/\/carpathiacenter.ro\/bolojan-romania-are-programate-si-in-anii-urmatori-bugete-de-aparare-cu-o-componenta-de-achizitie-de-tehnica-militara\/#breadcrumb\",\"itemListElement\":[{\"@type\":\"ListItem\",\"position\":1,\"name\":\"Prima pagin\u0103\",\"item\":\"https:\/\/carpathiacenter.ro\/\"},{\"@type\":\"ListItem\",\"position\":2,\"name\":\"Bolojan: Rom\u00e2nia are programate \u0219i \u00een anii urm\u0103tori bugete de ap\u0103rare cu o component\u0103 de achizi\u021bie de tehnic\u0103 militar\u0103\"}]},{\"@type\":\"WebSite\",\"@id\":\"https:\/\/carpathiacenter.ro\/#website\",\"url\":\"https:\/\/carpathiacenter.ro\/\",\"name\":\"Carpathia Center Romania\",\"description\":\"Impossible made possible!\",\"publisher\":{\"@id\":\"https:\/\/carpathiacenter.ro\/#organization\"},\"potentialAction\":[{\"@type\":\"SearchAction\",\"target\":{\"@type\":\"EntryPoint\",\"urlTemplate\":\"https:\/\/carpathiacenter.ro\/?s={search_term_string}\"},\"query-input\":{\"@type\":\"PropertyValueSpecification\",\"valueRequired\":true,\"valueName\":\"search_term_string\"}}],\"inLanguage\":\"en-GB\"},{\"@type\":\"Organization\",\"@id\":\"https:\/\/carpathiacenter.ro\/#organization\",\"name\":\"Carpathia Center Romania\",\"url\":\"https:\/\/carpathiacenter.ro\/\",\"logo\":{\"@type\":\"ImageObject\",\"inLanguage\":\"en-GB\",\"@id\":\"https:\/\/carpathiacenter.ro\/#\/schema\/logo\/image\/\",\"url\":\"https:\/\/carpathiacenter.ro\/wp-content\/uploads\/2024\/07\/logo-carpathia_bg_white-1024x941.png\",\"contentUrl\":\"https:\/\/carpathiacenter.ro\/wp-content\/uploads\/2024\/07\/logo-carpathia_bg_white-1024x941.png\",\"width\":1024,\"height\":941,\"caption\":\"Carpathia Center Romania\"},\"image\":{\"@id\":\"https:\/\/carpathiacenter.ro\/#\/schema\/logo\/image\/\"},\"sameAs\":[\"https:\/\/www.facebook.com\/fdpscarpathia\/\"]},{\"@type\":\"Person\",\"@id\":\"https:\/\/carpathiacenter.ro\/#\/schema\/person\/03d9f58202fee8379268f34afa195006\",\"name\":\"creativebitsolutions\",\"image\":{\"@type\":\"ImageObject\",\"inLanguage\":\"en-GB\",\"@id\":\"https:\/\/carpathiacenter.ro\/#\/schema\/person\/image\/\",\"url\":\"https:\/\/secure.gravatar.com\/avatar\/1b1a13e37f847c635dab78348f1dff2f07651ee2a3d77a5c355a4b8c75f9165a?s=96&d=mm&r=g\",\"contentUrl\":\"https:\/\/secure.gravatar.com\/avatar\/1b1a13e37f847c635dab78348f1dff2f07651ee2a3d77a5c355a4b8c75f9165a?s=96&d=mm&r=g\",\"caption\":\"creativebitsolutions\"},\"url\":\"https:\/\/carpathiacenter.ro\/en\/author\/creativebitsolutions\/\"}]}<\/script>\n<!-- \/ Yoast SEO plugin. -->","yoast_head_json":{"title":"Bolojan: Rom\u00e2nia are programate \u0219i \u00een anii urm\u0103tori bugete de ap\u0103rare cu o component\u0103 de achizi\u021bie de tehnic\u0103 militar\u0103 - Carpathia Center Romania","robots":{"index":"index","follow":"follow","max-snippet":"max-snippet:-1","max-image-preview":"max-image-preview:large","max-video-preview":"max-video-preview:-1"},"canonical":"https:\/\/carpathiacenter.ro\/en\/bolojan-romania-are-programate-si-in-anii-urmatori-bugete-de-aparare-cu-o-componenta-de-achizitie-de-tehnica-militara\/","og_locale":"en_GB","og_type":"article","og_title":"Bolojan: Rom\u00e2nia are programate \u0219i \u00een anii urm\u0103tori bugete de ap\u0103rare cu o component\u0103 de achizi\u021bie de tehnic\u0103 militar\u0103 - Carpathia Center Romania","og_description":"Rom\u00e2nia are programate \u0219i \u00een anii urm\u0103tori bugete de ap\u0103rare care prev\u0103d o component\u0103 de achizi\u021bii de tehnic\u0103 militar\u0103, cum ar fi tancuri, drone \u0219i sisteme de ap\u0103rare antiaerian\u0103, dar \u0219i alte categorii de armament necesare Armatei, a declarat, joi seara, premierul Ilie Bolojan. &#8216;F\u0103r\u0103 s\u0103 intru \u00een elemente tehnice, ce tip de armament s-ar...","og_url":"https:\/\/carpathiacenter.ro\/en\/bolojan-romania-are-programate-si-in-anii-urmatori-bugete-de-aparare-cu-o-componenta-de-achizitie-de-tehnica-militara\/","og_site_name":"Carpathia Center Romania","article_publisher":"https:\/\/www.facebook.com\/fdpscarpathia\/","article_published_time":"2025-10-10T08:29:03+00:00","og_image":[{"width":1200,"height":664,"url":"https:\/\/carpathiacenter.ro\/wp-content\/uploads\/2025\/09\/ilie-bolojan-premierul-romaniei.jpg","type":"image\/jpeg"}],"author":"creativebitsolutions","twitter_card":"summary_large_image","twitter_misc":{"Written by":"creativebitsolutions","Estimated reading time":"1 minute"},"schema":{"@context":"https:\/\/schema.org","@graph":[{"@type":"Article","@id":"https:\/\/carpathiacenter.ro\/bolojan-romania-are-programate-si-in-anii-urmatori-bugete-de-aparare-cu-o-componenta-de-achizitie-de-tehnica-militara\/#article","isPartOf":{"@id":"https:\/\/carpathiacenter.ro\/bolojan-romania-are-programate-si-in-anii-urmatori-bugete-de-aparare-cu-o-componenta-de-achizitie-de-tehnica-militara\/"},"author":{"name":"creativebitsolutions","@id":"https:\/\/carpathiacenter.ro\/#\/schema\/person\/03d9f58202fee8379268f34afa195006"},"headline":"Bolojan: Rom\u00e2nia are programate \u0219i \u00een anii urm\u0103tori bugete de ap\u0103rare cu o component\u0103 de achizi\u021bie de tehnic\u0103 militar\u0103","datePublished":"2025-10-10T08:29:03+00:00","mainEntityOfPage":{"@id":"https:\/\/carpathiacenter.ro\/bolojan-romania-are-programate-si-in-anii-urmatori-bugete-de-aparare-cu-o-componenta-de-achizitie-de-tehnica-militara\/"},"wordCount":540,"commentCount":0,"publisher":{"@id":"https:\/\/carpathiacenter.ro\/#organization"},"image":{"@id":"https:\/\/carpathiacenter.ro\/bolojan-romania-are-programate-si-in-anii-urmatori-bugete-de-aparare-cu-o-componenta-de-achizitie-de-tehnica-militara\/#primaryimage"},"thumbnailUrl":"https:\/\/carpathiacenter.ro\/wp-content\/uploads\/2025\/09\/ilie-bolojan-premierul-romaniei.jpg","articleSection":["Uncategorized"],"inLanguage":"en-GB","potentialAction":[{"@type":"CommentAction","name":"Comment","target":["https:\/\/carpathiacenter.ro\/bolojan-romania-are-programate-si-in-anii-urmatori-bugete-de-aparare-cu-o-componenta-de-achizitie-de-tehnica-militara\/#respond"]}]},{"@type":"WebPage","@id":"https:\/\/carpathiacenter.ro\/bolojan-romania-are-programate-si-in-anii-urmatori-bugete-de-aparare-cu-o-componenta-de-achizitie-de-tehnica-militara\/","url":"https:\/\/carpathiacenter.ro\/bolojan-romania-are-programate-si-in-anii-urmatori-bugete-de-aparare-cu-o-componenta-de-achizitie-de-tehnica-militara\/","name":"Bolojan: Rom\u00e2nia are programate \u0219i \u00een anii urm\u0103tori bugete de ap\u0103rare cu o component\u0103 de achizi\u021bie de tehnic\u0103 militar\u0103 - Carpathia Center Romania","isPartOf":{"@id":"https:\/\/carpathiacenter.ro\/#website"},"primaryImageOfPage":{"@id":"https:\/\/carpathiacenter.ro\/bolojan-romania-are-programate-si-in-anii-urmatori-bugete-de-aparare-cu-o-componenta-de-achizitie-de-tehnica-militara\/#primaryimage"},"image":{"@id":"https:\/\/carpathiacenter.ro\/bolojan-romania-are-programate-si-in-anii-urmatori-bugete-de-aparare-cu-o-componenta-de-achizitie-de-tehnica-militara\/#primaryimage"},"thumbnailUrl":"https:\/\/carpathiacenter.ro\/wp-content\/uploads\/2025\/09\/ilie-bolojan-premierul-romaniei.jpg","datePublished":"2025-10-10T08:29:03+00:00","breadcrumb":{"@id":"https:\/\/carpathiacenter.ro\/bolojan-romania-are-programate-si-in-anii-urmatori-bugete-de-aparare-cu-o-componenta-de-achizitie-de-tehnica-militara\/#breadcrumb"},"inLanguage":"en-GB","potentialAction":[{"@type":"ReadAction","target":["https:\/\/carpathiacenter.ro\/bolojan-romania-are-programate-si-in-anii-urmatori-bugete-de-aparare-cu-o-componenta-de-achizitie-de-tehnica-militara\/"]}]},{"@type":"ImageObject","inLanguage":"en-GB","@id":"https:\/\/carpathiacenter.ro\/bolojan-romania-are-programate-si-in-anii-urmatori-bugete-de-aparare-cu-o-componenta-de-achizitie-de-tehnica-militara\/#primaryimage","url":"https:\/\/carpathiacenter.ro\/wp-content\/uploads\/2025\/09\/ilie-bolojan-premierul-romaniei.jpg","contentUrl":"https:\/\/carpathiacenter.ro\/wp-content\/uploads\/2025\/09\/ilie-bolojan-premierul-romaniei.jpg","width":1200,"height":664},{"@type":"BreadcrumbList","@id":"https:\/\/carpathiacenter.ro\/bolojan-romania-are-programate-si-in-anii-urmatori-bugete-de-aparare-cu-o-componenta-de-achizitie-de-tehnica-militara\/#breadcrumb","itemListElement":[{"@type":"ListItem","position":1,"name":"Prima pagin\u0103","item":"https:\/\/carpathiacenter.ro\/"},{"@type":"ListItem","position":2,"name":"Bolojan: Rom\u00e2nia are programate \u0219i \u00een anii urm\u0103tori bugete de ap\u0103rare cu o component\u0103 de achizi\u021bie de tehnic\u0103 militar\u0103"}]},{"@type":"WebSite","@id":"https:\/\/carpathiacenter.ro\/#website","url":"https:\/\/carpathiacenter.ro\/","name":"Carpathia Center Romania","description":"Impossible made possible!","publisher":{"@id":"https:\/\/carpathiacenter.ro\/#organization"},"potentialAction":[{"@type":"SearchAction","target":{"@type":"EntryPoint","urlTemplate":"https:\/\/carpathiacenter.ro\/?s={search_term_string}"},"query-input":{"@type":"PropertyValueSpecification","valueRequired":true,"valueName":"search_term_string"}}],"inLanguage":"en-GB"},{"@type":"Organization","@id":"https:\/\/carpathiacenter.ro\/#organization","name":"Carpathia Center Romania","url":"https:\/\/carpathiacenter.ro\/","logo":{"@type":"ImageObject","inLanguage":"en-GB","@id":"https:\/\/carpathiacenter.ro\/#\/schema\/logo\/image\/","url":"https:\/\/carpathiacenter.ro\/wp-content\/uploads\/2024\/07\/logo-carpathia_bg_white-1024x941.png","contentUrl":"https:\/\/carpathiacenter.ro\/wp-content\/uploads\/2024\/07\/logo-carpathia_bg_white-1024x941.png","width":1024,"height":941,"caption":"Carpathia Center Romania"},"image":{"@id":"https:\/\/carpathiacenter.ro\/#\/schema\/logo\/image\/"},"sameAs":["https:\/\/www.facebook.com\/fdpscarpathia\/"]},{"@type":"Person","@id":"https:\/\/carpathiacenter.ro\/#\/schema\/person\/03d9f58202fee8379268f34afa195006","name":"creativebitsolutions","image":{"@type":"ImageObject","inLanguage":"en-GB","@id":"https:\/\/carpathiacenter.ro\/#\/schema\/person\/image\/","url":"https:\/\/secure.gravatar.com\/avatar\/1b1a13e37f847c635dab78348f1dff2f07651ee2a3d77a5c355a4b8c75f9165a?s=96&d=mm&r=g","contentUrl":"https:\/\/secure.gravatar.com\/avatar\/1b1a13e37f847c635dab78348f1dff2f07651ee2a3d77a5c355a4b8c75f9165a?s=96&d=mm&r=g","caption":"creativebitsolutions"},"url":"https:\/\/carpathiacenter.ro\/en\/author\/creativebitsolutions\/"}]}},"_links":{"self":[{"href":"https:\/\/carpathiacenter.ro\/en\/wp-json\/wp\/v2\/posts\/3156","targetHints":{"allow":["GET"]}}],"collection":[{"href":"https:\/\/carpathiacenter.ro\/en\/wp-json\/wp\/v2\/posts"}],"about":[{"href":"https:\/\/carpathiacenter.ro\/en\/wp-json\/wp\/v2\/types\/post"}],"author":[{"embeddable":true,"href":"https:\/\/carpathiacenter.ro\/en\/wp-json\/wp\/v2\/users\/4"}],"replies":[{"embeddable":true,"href":"https:\/\/carpathiacenter.ro\/en\/wp-json\/wp\/v2\/comments?post=3156"}],"version-history":[{"count":1,"href":"https:\/\/carpathiacenter.ro\/en\/wp-json\/wp\/v2\/posts\/3156\/revisions"}],"predecessor-version":[{"id":3157,"href":"https:\/\/carpathiacenter.ro\/en\/wp-json\/wp\/v2\/posts\/3156\/revisions\/3157"}],"wp:featuredmedia":[{"embeddable":true,"href":"https:\/\/carpathiacenter.ro\/en\/wp-json\/wp\/v2\/media\/3045"}],"wp:attachment":[{"href":"https:\/\/carpathiacenter.ro\/en\/wp-json\/wp\/v2\/media?parent=3156"}],"wp:term":[{"taxonomy":"category","embeddable":true,"href":"https:\/\/carpathiacenter.ro\/en\/wp-json\/wp\/v2\/categories?post=3156"},{"taxonomy":"post_tag","embeddable":true,"href":"https:\/\/carpathiacenter.ro\/en\/wp-json\/wp\/v2\/tags?post=3156"}],"curies":[{"name":"wp","href":"https:\/\/api.w.org\/{rel}","templated":true}]}}