{"id":3153,"date":"2025-10-10T08:26:17","date_gmt":"2025-10-10T08:26:17","guid":{"rendered":"https:\/\/carpathiacenter.ro\/?p=3153"},"modified":"2025-10-10T08:26:17","modified_gmt":"2025-10-10T08:26:17","slug":"10-octombrie-ziua-nationala-a-produselor-agroalimentare-romanesti","status":"publish","type":"post","link":"https:\/\/carpathiacenter.ro\/en\/10-octombrie-ziua-nationala-a-produselor-agroalimentare-romanesti\/","title":{"rendered":"10 octombrie &#8211; Ziua na\u021bional\u0103 a produselor agroalimentare rom\u00e2ne\u0219ti"},"content":{"rendered":"<p>La 10 octombrie, \u00een fiecare an, este marcat\u0103 Ziua na\u021bional\u0103 a produselor agroalimentare rom\u00e2ne\u0219ti, instituit\u0103 prin Legea nr. 168\/12 iulie 2017.<\/p>\n<p>\u0218i \u00een acest an, \u00een perioada 10-12 octombrie, \u00een curtea Ministerului Agriculturii \u0219i Dezvolt\u0103rii Rurale, va avea loc o expozi\u021bie cu v\u00e2nzare de produse agroalimentare rom\u00e2ne\u0219ti, organizat\u0103 cu sprijinul Cooperativei Caprirom Sud Muntenia. Prin organizarea acestui eveniment, MADR continu\u0103 s\u0103 promoveze produsele agroalimentare autohtone, s\u0103 sprijine fermierii rom\u00e2ni \u0219i s\u0103 \u00eencurajeze consumul de produse locale, s\u0103n\u0103toase, de calitate, ob\u021binute din materii prime rom\u00e2ne\u0219ti, indic\u0103 site-ul Ministerului Agriculturii \u0219i Dezvolt\u0103rii Rurale <a href=\"https:\/\/www.madr.ro\/\" target=\"_blank\">https:\/\/www.madr.ro\/<\/a>.<\/p>\n<p>T\u00e2rgul reune\u0219te produc\u0103tori din toate zonele \u021b\u0103rii, care vor oferi vizitatorilor o gam\u0103 variat\u0103 de produse \u00eenregistrate pe scheme de calitate na\u021bionale \u0219i europene, precum: produse atestate tradi\u021bional din jude\u021bele Boto\u0219ani, Bra\u0219ov, Ilfov, Prahova, V\u00e2lcea, Vrancea, Sibiu, Municipiul Bucure\u0219ti; produse care beneficiaz\u0103 de men\u021biunea de calitate facultativ\u0103 &#8216;produs montan&#8217;; produse cu denumiri protejate &#8211; Indica\u021bie Geografic\u0103 Protejat\u0103 (IGP), Indica\u021bie Geografic\u0103 pentru b\u0103uturi spirtoase (IG), precum \u0219i produse \u00een curs de dob\u00e2ndire a protec\u021biei europene; produse certificate ecologic provenite din jude\u021bele Arge\u0219, Vrancea \u0219i Sibiu.<\/p>\n<p>Ziua na\u021bional\u0103 a produselor agroalimentare rom\u00e2ne\u0219ti este s\u0103rb\u0103torit\u0103 \u0219i \u00een Pia\u021ba Central\u0103 a Craiovei, unde vor fi expuse, de produc\u0103tori \u0219i firme specializate, o varietate de produse \u0219i preparate tradi\u021bionale, adev\u0103rate bun\u0103t\u0103\u021bi locale, expresie a poten\u021bialului agriculturii \u0219i industriei alimentare doljene. Evenimentul este organizat de Prim\u0103ria Municipiului Craiova, cu sprijinul Serviciului Pie\u021be \u0219i T\u00e2rguri, \u00een parteneriat cu Direc\u021bia pentru Agricultur\u0103 a jude\u021bului Dolj, potrivit <a href=\"https:\/\/www.facebook.com\/PMCraiova\" target=\"_blank\">https:\/\/www.facebook.com\/PMCraiova<\/a>.<\/p>\n<p>***<\/p>\n<p>\u00cen aprilie 2017, mai mul\u021bi deputa\u021bi \u0219i un senator au depus la Senat, un proiect legislativ privind instituirea zilei de 10 octombrie &#8211; Ziua na\u021bional\u0103 a produselor agroalimentare rom\u00e2ne\u0219ti. \u00cen expunerea de motive, ini\u021biatorii au ar\u0103tat c\u0103 prin instituirea acestei zile se dore\u0219te \u00eencurajarea produc\u021biei agricole na\u021bionale pentru consumatorii rom\u00e2ni, precum \u0219i pentru cei ce de\u021bin spa\u021bii de v\u00e2nzare (comercian\u021bi), produc\u0103torul urm\u00e2nd s\u0103 prezinte, cu prilejul acestei zile, produse autohtone de calitate. Se are \u00een vedere, totodat\u0103, \u0219i \u00eembun\u0103t\u0103\u021birea statutului produc\u0103torului rom\u00e2n \u00een lan\u021bul alimentar scurt \u0219i \u00eencurajarea consumului de produse agroalimentare autohtone \u0219i de produse tradi\u021bionale, conform <a href=\"https:\/\/www.cdep.ro\/\" target=\"_blank\">https:\/\/www.cdep.ro\/<\/a>.<\/p>\n<p>Propunerea legislativ\u0103 a fost adoptat\u0103 de Senat, \u00een calitate de prim\u0103 camer\u0103 sesizat\u0103, la 2 mai 2017. Camera Deputa\u021bilor a adoptat proiectul de lege, la 13 iunie 2017. Pre\u0219edintele Klaus Iohannis a semnat, la 11 iulie 2017, decretul pentru promulgarea Legii 168\/2017 privind instituirea datei de 10 octombrie ca Zi na\u021bional\u0103 a produselor agroalimentare rom\u00e2ne\u0219ti. Legea a fost publicat\u0103 \u00een Monitorul Oficial la 13 iulie 2017, potrivit <a href=\"https:\/\/www.cdep.ro\/\" target=\"_blank\">https:\/\/www.cdep.ro\/<\/a>.<\/p>\n<p>Potrivit acestei legi, Ziua na\u021bional\u0103 a produselor agroalimentare rom\u00e2ne\u0219ti poate fi organizat\u0103 de autorit\u0103\u021bile publice centrale \u0219i locale \u0219i de celelalte institu\u021bii ale statului, de organiza\u021bii sau reprezentan\u021bi ai societ\u0103\u021bii civile \u0219i de persoane fizice \u0219i juridice. Se pot organiza programe \u0219i manifest\u0103ri educative, de voluntariat, cu caracter social sau \u0219tiin\u021bific, consacrate promov\u0103rii produselor agroalimentare rom\u00e2ne\u0219ti \u0219i c\u00e2\u0219tig\u0103rii \u00eencrederii consumatorului. Totodat\u0103, \u00een vederea organiz\u0103rii \u0219i derul\u0103rii \u00een bune condi\u021bii a manifest\u0103rilor mai sus men\u021bionate, autorit\u0103\u021bile administra\u021biei centrale \u0219i locale pot acorda sprijin logistic \u0219i pot aloca fonduri prin bugetele proprii, \u00een limita aloca\u021biilor bugetare aprobate. Articolul 2 al legii stipuleaz\u0103 faptul c\u0103 &#8216;prin produs agroalimentar rom\u00e2nesc se \u00een\u021belege produsul ob\u021binut pe teritoriul na\u021bional din materii prime de baz\u0103 provenite \u00een propor\u021bie de 100% din fermele din Rom\u00e2nia \u0219i are inscrip\u021bionat pe etichet\u0103 drapelul Rom\u00e2niei&#8217;. AGERPRES\/(Documentare &#8211; Irina Andreea Cristea, editor: Liviu Tatu, editor online: Andreea Preda)<br \/>\n<br \/>\nSursa articolului:  <a href=\"https:\/\/agerpres.ro\/documentare\/2025\/10\/10\/10-octombrie---ziua-nationala-a-produselor-agroalimentare-romanesti--1492200\" target=\"_blank\" rel=\"noopener\" title=\"\">https:\/\/agerpres.ro\/documentare\/2025\/10\/10\/10-octombrie&#8212;ziua-nationala-a-produselor-agroalimentare-romanesti&#8211;1492200<\/a><\/p>","protected":false},"excerpt":{"rendered":"<p>La 10 octombrie, \u00een fiecare an, este marcat\u0103 Ziua na\u021bional\u0103 a produselor agroalimentare rom\u00e2ne\u0219ti, instituit\u0103 prin Legea nr. 168\/12 iulie 2017. \u0218i \u00een acest an, \u00een perioada 10-12 octombrie, \u00een curtea Ministerului Agriculturii \u0219i Dezvolt\u0103rii Rurale, va avea loc o expozi\u021bie cu v\u00e2nzare de produse agroalimentare rom\u00e2ne\u0219ti, organizat\u0103 cu sprijinul Cooperativei Caprirom Sud Muntenia. Prin&#8230;<\/p>","protected":false},"author":4,"featured_media":3154,"comment_status":"open","ping_status":"open","sticky":false,"template":"","format":"standard","meta":{"footnotes":""},"categories":[1],"tags":[],"class_list":["post-3153","post","type-post","status-publish","format-standard","has-post-thumbnail","hentry","category-uncategorized"],"yoast_head":"<!-- This site is optimized with the Yoast SEO plugin v26.1.1 - https:\/\/yoast.com\/wordpress\/plugins\/seo\/ -->\n<title>10 octombrie - Ziua na\u021bional\u0103 a produselor agroalimentare rom\u00e2ne\u0219ti - Carpathia Center Romania<\/title>\n<meta name=\"robots\" content=\"index, follow, max-snippet:-1, max-image-preview:large, max-video-preview:-1\" \/>\n<link rel=\"canonical\" href=\"https:\/\/carpathiacenter.ro\/en\/10-octombrie-ziua-nationala-a-produselor-agroalimentare-romanesti\/\" \/>\n<meta property=\"og:locale\" content=\"en_GB\" \/>\n<meta property=\"og:type\" content=\"article\" \/>\n<meta property=\"og:title\" content=\"10 octombrie - Ziua na\u021bional\u0103 a produselor agroalimentare rom\u00e2ne\u0219ti - Carpathia Center Romania\" \/>\n<meta property=\"og:description\" content=\"La 10 octombrie, \u00een fiecare an, este marcat\u0103 Ziua na\u021bional\u0103 a produselor agroalimentare rom\u00e2ne\u0219ti, instituit\u0103 prin Legea nr. 168\/12 iulie 2017. \u0218i \u00een acest an, \u00een perioada 10-12 octombrie, \u00een curtea Ministerului Agriculturii \u0219i Dezvolt\u0103rii Rurale, va avea loc o expozi\u021bie cu v\u00e2nzare de produse agroalimentare rom\u00e2ne\u0219ti, organizat\u0103 cu sprijinul Cooperativei Caprirom Sud Muntenia. Prin...\" \/>\n<meta property=\"og:url\" content=\"https:\/\/carpathiacenter.ro\/en\/10-octombrie-ziua-nationala-a-produselor-agroalimentare-romanesti\/\" \/>\n<meta property=\"og:site_name\" content=\"Carpathia Center Romania\" \/>\n<meta property=\"article:publisher\" content=\"https:\/\/www.facebook.com\/fdpscarpathia\/\" \/>\n<meta property=\"article:published_time\" content=\"2025-10-10T08:26:17+00:00\" \/>\n<meta property=\"og:image\" content=\"https:\/\/carpathiacenter.ro\/wp-content\/uploads\/2025\/10\/Ziua-produselor-agroalimentare-romanesti.jpg\" \/>\n\t<meta property=\"og:image:width\" content=\"1200\" \/>\n\t<meta property=\"og:image:height\" content=\"803\" \/>\n\t<meta property=\"og:image:type\" content=\"image\/jpeg\" \/>\n<meta name=\"author\" content=\"creativebitsolutions\" \/>\n<meta name=\"twitter:card\" content=\"summary_large_image\" \/>\n<meta name=\"twitter:label1\" content=\"Written by\" \/>\n\t<meta name=\"twitter:data1\" content=\"creativebitsolutions\" \/>\n\t<meta name=\"twitter:label2\" content=\"Estimated reading time\" \/>\n\t<meta name=\"twitter:data2\" content=\"1 minute\" \/>\n<script type=\"application\/ld+json\" class=\"yoast-schema-graph\">{\"@context\":\"https:\/\/schema.org\",\"@graph\":[{\"@type\":\"Article\",\"@id\":\"https:\/\/carpathiacenter.ro\/10-octombrie-ziua-nationala-a-produselor-agroalimentare-romanesti\/#article\",\"isPartOf\":{\"@id\":\"https:\/\/carpathiacenter.ro\/10-octombrie-ziua-nationala-a-produselor-agroalimentare-romanesti\/\"},\"author\":{\"name\":\"creativebitsolutions\",\"@id\":\"https:\/\/carpathiacenter.ro\/#\/schema\/person\/03d9f58202fee8379268f34afa195006\"},\"headline\":\"10 octombrie &#8211; Ziua na\u021bional\u0103 a produselor agroalimentare rom\u00e2ne\u0219ti\",\"datePublished\":\"2025-10-10T08:26:17+00:00\",\"mainEntityOfPage\":{\"@id\":\"https:\/\/carpathiacenter.ro\/10-octombrie-ziua-nationala-a-produselor-agroalimentare-romanesti\/\"},\"wordCount\":677,\"commentCount\":0,\"publisher\":{\"@id\":\"https:\/\/carpathiacenter.ro\/#organization\"},\"image\":{\"@id\":\"https:\/\/carpathiacenter.ro\/10-octombrie-ziua-nationala-a-produselor-agroalimentare-romanesti\/#primaryimage\"},\"thumbnailUrl\":\"https:\/\/carpathiacenter.ro\/wp-content\/uploads\/2025\/10\/Ziua-produselor-agroalimentare-romanesti.jpg\",\"articleSection\":[\"Uncategorized\"],\"inLanguage\":\"en-GB\",\"potentialAction\":[{\"@type\":\"CommentAction\",\"name\":\"Comment\",\"target\":[\"https:\/\/carpathiacenter.ro\/10-octombrie-ziua-nationala-a-produselor-agroalimentare-romanesti\/#respond\"]}]},{\"@type\":\"WebPage\",\"@id\":\"https:\/\/carpathiacenter.ro\/10-octombrie-ziua-nationala-a-produselor-agroalimentare-romanesti\/\",\"url\":\"https:\/\/carpathiacenter.ro\/10-octombrie-ziua-nationala-a-produselor-agroalimentare-romanesti\/\",\"name\":\"10 octombrie - Ziua na\u021bional\u0103 a produselor agroalimentare rom\u00e2ne\u0219ti - Carpathia Center Romania\",\"isPartOf\":{\"@id\":\"https:\/\/carpathiacenter.ro\/#website\"},\"primaryImageOfPage\":{\"@id\":\"https:\/\/carpathiacenter.ro\/10-octombrie-ziua-nationala-a-produselor-agroalimentare-romanesti\/#primaryimage\"},\"image\":{\"@id\":\"https:\/\/carpathiacenter.ro\/10-octombrie-ziua-nationala-a-produselor-agroalimentare-romanesti\/#primaryimage\"},\"thumbnailUrl\":\"https:\/\/carpathiacenter.ro\/wp-content\/uploads\/2025\/10\/Ziua-produselor-agroalimentare-romanesti.jpg\",\"datePublished\":\"2025-10-10T08:26:17+00:00\",\"breadcrumb\":{\"@id\":\"https:\/\/carpathiacenter.ro\/10-octombrie-ziua-nationala-a-produselor-agroalimentare-romanesti\/#breadcrumb\"},\"inLanguage\":\"en-GB\",\"potentialAction\":[{\"@type\":\"ReadAction\",\"target\":[\"https:\/\/carpathiacenter.ro\/10-octombrie-ziua-nationala-a-produselor-agroalimentare-romanesti\/\"]}]},{\"@type\":\"ImageObject\",\"inLanguage\":\"en-GB\",\"@id\":\"https:\/\/carpathiacenter.ro\/10-octombrie-ziua-nationala-a-produselor-agroalimentare-romanesti\/#primaryimage\",\"url\":\"https:\/\/carpathiacenter.ro\/wp-content\/uploads\/2025\/10\/Ziua-produselor-agroalimentare-romanesti.jpg\",\"contentUrl\":\"https:\/\/carpathiacenter.ro\/wp-content\/uploads\/2025\/10\/Ziua-produselor-agroalimentare-romanesti.jpg\",\"width\":1200,\"height\":803},{\"@type\":\"BreadcrumbList\",\"@id\":\"https:\/\/carpathiacenter.ro\/10-octombrie-ziua-nationala-a-produselor-agroalimentare-romanesti\/#breadcrumb\",\"itemListElement\":[{\"@type\":\"ListItem\",\"position\":1,\"name\":\"Prima pagin\u0103\",\"item\":\"https:\/\/carpathiacenter.ro\/\"},{\"@type\":\"ListItem\",\"position\":2,\"name\":\"10 octombrie &#8211; Ziua na\u021bional\u0103 a produselor agroalimentare rom\u00e2ne\u0219ti\"}]},{\"@type\":\"WebSite\",\"@id\":\"https:\/\/carpathiacenter.ro\/#website\",\"url\":\"https:\/\/carpathiacenter.ro\/\",\"name\":\"Carpathia Center Romania\",\"description\":\"Impossible made possible!\",\"publisher\":{\"@id\":\"https:\/\/carpathiacenter.ro\/#organization\"},\"potentialAction\":[{\"@type\":\"SearchAction\",\"target\":{\"@type\":\"EntryPoint\",\"urlTemplate\":\"https:\/\/carpathiacenter.ro\/?s={search_term_string}\"},\"query-input\":{\"@type\":\"PropertyValueSpecification\",\"valueRequired\":true,\"valueName\":\"search_term_string\"}}],\"inLanguage\":\"en-GB\"},{\"@type\":\"Organization\",\"@id\":\"https:\/\/carpathiacenter.ro\/#organization\",\"name\":\"Carpathia Center Romania\",\"url\":\"https:\/\/carpathiacenter.ro\/\",\"logo\":{\"@type\":\"ImageObject\",\"inLanguage\":\"en-GB\",\"@id\":\"https:\/\/carpathiacenter.ro\/#\/schema\/logo\/image\/\",\"url\":\"https:\/\/carpathiacenter.ro\/wp-content\/uploads\/2024\/07\/logo-carpathia_bg_white-1024x941.png\",\"contentUrl\":\"https:\/\/carpathiacenter.ro\/wp-content\/uploads\/2024\/07\/logo-carpathia_bg_white-1024x941.png\",\"width\":1024,\"height\":941,\"caption\":\"Carpathia Center Romania\"},\"image\":{\"@id\":\"https:\/\/carpathiacenter.ro\/#\/schema\/logo\/image\/\"},\"sameAs\":[\"https:\/\/www.facebook.com\/fdpscarpathia\/\"]},{\"@type\":\"Person\",\"@id\":\"https:\/\/carpathiacenter.ro\/#\/schema\/person\/03d9f58202fee8379268f34afa195006\",\"name\":\"creativebitsolutions\",\"image\":{\"@type\":\"ImageObject\",\"inLanguage\":\"en-GB\",\"@id\":\"https:\/\/carpathiacenter.ro\/#\/schema\/person\/image\/\",\"url\":\"https:\/\/secure.gravatar.com\/avatar\/1b1a13e37f847c635dab78348f1dff2f07651ee2a3d77a5c355a4b8c75f9165a?s=96&d=mm&r=g\",\"contentUrl\":\"https:\/\/secure.gravatar.com\/avatar\/1b1a13e37f847c635dab78348f1dff2f07651ee2a3d77a5c355a4b8c75f9165a?s=96&d=mm&r=g\",\"caption\":\"creativebitsolutions\"},\"url\":\"https:\/\/carpathiacenter.ro\/en\/author\/creativebitsolutions\/\"}]}<\/script>\n<!-- \/ Yoast SEO plugin. -->","yoast_head_json":{"title":"10 octombrie - Ziua na\u021bional\u0103 a produselor agroalimentare rom\u00e2ne\u0219ti - Carpathia Center Romania","robots":{"index":"index","follow":"follow","max-snippet":"max-snippet:-1","max-image-preview":"max-image-preview:large","max-video-preview":"max-video-preview:-1"},"canonical":"https:\/\/carpathiacenter.ro\/en\/10-octombrie-ziua-nationala-a-produselor-agroalimentare-romanesti\/","og_locale":"en_GB","og_type":"article","og_title":"10 octombrie - Ziua na\u021bional\u0103 a produselor agroalimentare rom\u00e2ne\u0219ti - Carpathia Center Romania","og_description":"La 10 octombrie, \u00een fiecare an, este marcat\u0103 Ziua na\u021bional\u0103 a produselor agroalimentare rom\u00e2ne\u0219ti, instituit\u0103 prin Legea nr. 168\/12 iulie 2017. \u0218i \u00een acest an, \u00een perioada 10-12 octombrie, \u00een curtea Ministerului Agriculturii \u0219i Dezvolt\u0103rii Rurale, va avea loc o expozi\u021bie cu v\u00e2nzare de produse agroalimentare rom\u00e2ne\u0219ti, organizat\u0103 cu sprijinul Cooperativei Caprirom Sud Muntenia. Prin...","og_url":"https:\/\/carpathiacenter.ro\/en\/10-octombrie-ziua-nationala-a-produselor-agroalimentare-romanesti\/","og_site_name":"Carpathia Center Romania","article_publisher":"https:\/\/www.facebook.com\/fdpscarpathia\/","article_published_time":"2025-10-10T08:26:17+00:00","og_image":[{"width":1200,"height":803,"url":"https:\/\/carpathiacenter.ro\/wp-content\/uploads\/2025\/10\/Ziua-produselor-agroalimentare-romanesti.jpg","type":"image\/jpeg"}],"author":"creativebitsolutions","twitter_card":"summary_large_image","twitter_misc":{"Written by":"creativebitsolutions","Estimated reading time":"1 minute"},"schema":{"@context":"https:\/\/schema.org","@graph":[{"@type":"Article","@id":"https:\/\/carpathiacenter.ro\/10-octombrie-ziua-nationala-a-produselor-agroalimentare-romanesti\/#article","isPartOf":{"@id":"https:\/\/carpathiacenter.ro\/10-octombrie-ziua-nationala-a-produselor-agroalimentare-romanesti\/"},"author":{"name":"creativebitsolutions","@id":"https:\/\/carpathiacenter.ro\/#\/schema\/person\/03d9f58202fee8379268f34afa195006"},"headline":"10 octombrie &#8211; Ziua na\u021bional\u0103 a produselor agroalimentare rom\u00e2ne\u0219ti","datePublished":"2025-10-10T08:26:17+00:00","mainEntityOfPage":{"@id":"https:\/\/carpathiacenter.ro\/10-octombrie-ziua-nationala-a-produselor-agroalimentare-romanesti\/"},"wordCount":677,"commentCount":0,"publisher":{"@id":"https:\/\/carpathiacenter.ro\/#organization"},"image":{"@id":"https:\/\/carpathiacenter.ro\/10-octombrie-ziua-nationala-a-produselor-agroalimentare-romanesti\/#primaryimage"},"thumbnailUrl":"https:\/\/carpathiacenter.ro\/wp-content\/uploads\/2025\/10\/Ziua-produselor-agroalimentare-romanesti.jpg","articleSection":["Uncategorized"],"inLanguage":"en-GB","potentialAction":[{"@type":"CommentAction","name":"Comment","target":["https:\/\/carpathiacenter.ro\/10-octombrie-ziua-nationala-a-produselor-agroalimentare-romanesti\/#respond"]}]},{"@type":"WebPage","@id":"https:\/\/carpathiacenter.ro\/10-octombrie-ziua-nationala-a-produselor-agroalimentare-romanesti\/","url":"https:\/\/carpathiacenter.ro\/10-octombrie-ziua-nationala-a-produselor-agroalimentare-romanesti\/","name":"10 octombrie - Ziua na\u021bional\u0103 a produselor agroalimentare rom\u00e2ne\u0219ti - Carpathia Center Romania","isPartOf":{"@id":"https:\/\/carpathiacenter.ro\/#website"},"primaryImageOfPage":{"@id":"https:\/\/carpathiacenter.ro\/10-octombrie-ziua-nationala-a-produselor-agroalimentare-romanesti\/#primaryimage"},"image":{"@id":"https:\/\/carpathiacenter.ro\/10-octombrie-ziua-nationala-a-produselor-agroalimentare-romanesti\/#primaryimage"},"thumbnailUrl":"https:\/\/carpathiacenter.ro\/wp-content\/uploads\/2025\/10\/Ziua-produselor-agroalimentare-romanesti.jpg","datePublished":"2025-10-10T08:26:17+00:00","breadcrumb":{"@id":"https:\/\/carpathiacenter.ro\/10-octombrie-ziua-nationala-a-produselor-agroalimentare-romanesti\/#breadcrumb"},"inLanguage":"en-GB","potentialAction":[{"@type":"ReadAction","target":["https:\/\/carpathiacenter.ro\/10-octombrie-ziua-nationala-a-produselor-agroalimentare-romanesti\/"]}]},{"@type":"ImageObject","inLanguage":"en-GB","@id":"https:\/\/carpathiacenter.ro\/10-octombrie-ziua-nationala-a-produselor-agroalimentare-romanesti\/#primaryimage","url":"https:\/\/carpathiacenter.ro\/wp-content\/uploads\/2025\/10\/Ziua-produselor-agroalimentare-romanesti.jpg","contentUrl":"https:\/\/carpathiacenter.ro\/wp-content\/uploads\/2025\/10\/Ziua-produselor-agroalimentare-romanesti.jpg","width":1200,"height":803},{"@type":"BreadcrumbList","@id":"https:\/\/carpathiacenter.ro\/10-octombrie-ziua-nationala-a-produselor-agroalimentare-romanesti\/#breadcrumb","itemListElement":[{"@type":"ListItem","position":1,"name":"Prima pagin\u0103","item":"https:\/\/carpathiacenter.ro\/"},{"@type":"ListItem","position":2,"name":"10 octombrie &#8211; Ziua na\u021bional\u0103 a produselor agroalimentare rom\u00e2ne\u0219ti"}]},{"@type":"WebSite","@id":"https:\/\/carpathiacenter.ro\/#website","url":"https:\/\/carpathiacenter.ro\/","name":"Carpathia Center Romania","description":"Impossible made possible!","publisher":{"@id":"https:\/\/carpathiacenter.ro\/#organization"},"potentialAction":[{"@type":"SearchAction","target":{"@type":"EntryPoint","urlTemplate":"https:\/\/carpathiacenter.ro\/?s={search_term_string}"},"query-input":{"@type":"PropertyValueSpecification","valueRequired":true,"valueName":"search_term_string"}}],"inLanguage":"en-GB"},{"@type":"Organization","@id":"https:\/\/carpathiacenter.ro\/#organization","name":"Carpathia Center Romania","url":"https:\/\/carpathiacenter.ro\/","logo":{"@type":"ImageObject","inLanguage":"en-GB","@id":"https:\/\/carpathiacenter.ro\/#\/schema\/logo\/image\/","url":"https:\/\/carpathiacenter.ro\/wp-content\/uploads\/2024\/07\/logo-carpathia_bg_white-1024x941.png","contentUrl":"https:\/\/carpathiacenter.ro\/wp-content\/uploads\/2024\/07\/logo-carpathia_bg_white-1024x941.png","width":1024,"height":941,"caption":"Carpathia Center Romania"},"image":{"@id":"https:\/\/carpathiacenter.ro\/#\/schema\/logo\/image\/"},"sameAs":["https:\/\/www.facebook.com\/fdpscarpathia\/"]},{"@type":"Person","@id":"https:\/\/carpathiacenter.ro\/#\/schema\/person\/03d9f58202fee8379268f34afa195006","name":"creativebitsolutions","image":{"@type":"ImageObject","inLanguage":"en-GB","@id":"https:\/\/carpathiacenter.ro\/#\/schema\/person\/image\/","url":"https:\/\/secure.gravatar.com\/avatar\/1b1a13e37f847c635dab78348f1dff2f07651ee2a3d77a5c355a4b8c75f9165a?s=96&d=mm&r=g","contentUrl":"https:\/\/secure.gravatar.com\/avatar\/1b1a13e37f847c635dab78348f1dff2f07651ee2a3d77a5c355a4b8c75f9165a?s=96&d=mm&r=g","caption":"creativebitsolutions"},"url":"https:\/\/carpathiacenter.ro\/en\/author\/creativebitsolutions\/"}]}},"_links":{"self":[{"href":"https:\/\/carpathiacenter.ro\/en\/wp-json\/wp\/v2\/posts\/3153","targetHints":{"allow":["GET"]}}],"collection":[{"href":"https:\/\/carpathiacenter.ro\/en\/wp-json\/wp\/v2\/posts"}],"about":[{"href":"https:\/\/carpathiacenter.ro\/en\/wp-json\/wp\/v2\/types\/post"}],"author":[{"embeddable":true,"href":"https:\/\/carpathiacenter.ro\/en\/wp-json\/wp\/v2\/users\/4"}],"replies":[{"embeddable":true,"href":"https:\/\/carpathiacenter.ro\/en\/wp-json\/wp\/v2\/comments?post=3153"}],"version-history":[{"count":1,"href":"https:\/\/carpathiacenter.ro\/en\/wp-json\/wp\/v2\/posts\/3153\/revisions"}],"predecessor-version":[{"id":3155,"href":"https:\/\/carpathiacenter.ro\/en\/wp-json\/wp\/v2\/posts\/3153\/revisions\/3155"}],"wp:featuredmedia":[{"embeddable":true,"href":"https:\/\/carpathiacenter.ro\/en\/wp-json\/wp\/v2\/media\/3154"}],"wp:attachment":[{"href":"https:\/\/carpathiacenter.ro\/en\/wp-json\/wp\/v2\/media?parent=3153"}],"wp:term":[{"taxonomy":"category","embeddable":true,"href":"https:\/\/carpathiacenter.ro\/en\/wp-json\/wp\/v2\/categories?post=3153"},{"taxonomy":"post_tag","embeddable":true,"href":"https:\/\/carpathiacenter.ro\/en\/wp-json\/wp\/v2\/tags?post=3153"}],"curies":[{"name":"wp","href":"https:\/\/api.w.org\/{rel}","templated":true}]}}