{"id":3143,"date":"2025-10-09T13:30:11","date_gmt":"2025-10-09T13:30:11","guid":{"rendered":"https:\/\/carpathiacenter.ro\/?p=3143"},"modified":"2025-10-09T13:30:11","modified_gmt":"2025-10-09T13:30:11","slug":"mae-intrevedere-oana-toiu-marco-rubio-la-washington-parteneriatul-strategic-principala-tema-a-discutiilor","status":"publish","type":"post","link":"https:\/\/carpathiacenter.ro\/en\/mae-intrevedere-oana-toiu-marco-rubio-la-washington-parteneriatul-strategic-principala-tema-a-discutiilor\/","title":{"rendered":"MAE: \u00centrevedere Oana \u021aoiu &#8211; Marco Rubio, la Washington; Parteneriatul strategic &#8211; principala tem\u0103 a discu\u021biilor"},"content":{"rendered":"<div class=\"mx-auto pt-3\">\n<p><strong>Consolidarea Parteneriatului strategic dintre Rom\u00e2nia \u0219i Statele Unite ale Americii, precum \u0219i identificarea oportunit\u0103\u021bilor de extindere a acestui parteneriat au fost principalele teme ale convorbirilor politico &#8211; diplomatice avute la Washington de ministrul rom\u00e2n al Afacerilor Externe, Oana \u021aoiu, cu secretarul de stat american, Marco Rubio.<\/strong><\/p>\n<p>&#8216;Acesta este prima \u00eent\u00e2lnire bilateral\u0103 a celor doi oficiali \u0219i a avut loc la invita\u021bia secretarului de stat Marco Rubio, ulterior formatelor de discu\u021bii comune din cadrul s\u0103pt\u0103m\u00e2nii la nivel \u00eenalt ONU, precum \u00eent\u00e2lnirea de lucru a mini\u0219trilor de externe \u00een format transatlantic&#8217;, a precizat Ministerul Afacetrilor Externe, \u00eentr-un comunicat transmis joi AGERPRES.<\/p>\n<p>Conform sursei citate, \u0219efa diploma\u021biei rom\u00e2ne a subliniat importan\u021ba strategic\u0103 a regiunii M\u0103rii Negre pentru securitatea euroatlantic\u0103 \u0219i aportul bunei colabor\u0103ri Rom\u00e2nia &#8211; SUA la securitatea Flancului Estic.<\/p>\n<p>\u00cen context, ea a eviden\u021biat rolul crucial al prezen\u021bei militare americane pe teritoriul Rom\u00e2niei, exemplificat\u0103 prin importan\u021ba strategic\u0103 a Bazei de la Mihail Kog\u0103lniceanu, un pilon esen\u021bial pentru postura de descurajare \u0219i ap\u0103rare a Flancului Estic.<\/p>\n<p>Dialogul a vizat, de asemenea, consolidarea cooper\u0103rii economice \u0219i a investi\u021biilor comune \u00een sectoare cheie, precum \u0219i rolul consolidat al companiilor rom\u00e2ne\u0219ti prezente \u0219i \u00een SUA, arat\u0103 sursa citat\u0103.<\/p>\n<p>O aten\u021bie deosebit\u0103 a fost acordat\u0103 proiectelor din domeniul energiei, ini\u021biative fundamentale pentru securitatea energetic\u0103 a Rom\u00e2niei \u0219i a regiunii. Totodat\u0103, a fost subliniat\u0103 importan\u021ba dezvolt\u0103rii parteneriatelor private \u00een sectoarele de \u00eenalt\u0103 tehnologie. Cei doi oficiali au discutat despre oportunit\u0103\u021bile de colaborare \u00een domenii precum IT, securitate cibernetic\u0103, inova\u021bie \u0219i Inteligen\u021ba Artificial\u0103, unde SUA \u0219i Rom\u00e2nia pot dezvolta proiecte de succes.<\/p>\n<p>Conform MAE, discu\u021biile au abordat \u0219i dosarul Visa Waiver, oficialul rom\u00e2n preciz\u00e2nd avantajele pe care le-ar aduce \u00een cooperarea bilateral\u0103 \u00een domeniul securit\u0103\u021bii frontierelor, precum \u0219i \u00een materie de turism.<\/p>\n<p>&#8216;Secretarul de stat al SUA a mul\u021bumit Rom\u00e2niei pentru calitatea rela\u021biilor bilaterale \u0219i ambii oficiali au apreciat rolul parteneriatului \u00een asigurarea securit\u0103\u021bii Flancului Estic \u0219i la consolidarea posturii de ap\u0103rare \u0219i descurajare aliate \u00een regiunea M\u0103rii Negre. El a exprimat interesul SUA pentru dezvoltarea cooper\u0103rii cu Rom\u00e2nia \u00een plan economic \u0219i energetic. Un punct distinct al discu\u021biei l-a reprezentat rolul comunit\u0103\u021bii de rom\u00e2ni din Statele Unite, o punte de leg\u0103tur\u0103 esen\u021bial\u0103 \u00eentre cele dou\u0103 societ\u0103\u021bi \u0219i un factor activ \u00een consolidarea rela\u021biilor bilaterale. Ambii oficiali au subliniat importan\u021ba demersurilor de dinamizare a contactelor bilaterale \u00een perioada urm\u0103toare, inclusiv la nivel \u00eenalt&#8217;, a precizat MAE. AGERPRES\/(AS &#8211; editor: Andreea Rotaru, editor online: Irina Giurgiu)<\/p>\n<p>https:\/\/agerpres.ro\/politic\/2025\/10\/09\/mae-intrevedere-oana-toiu&#8212;marco-rubio-la-washington-parteneriatul-strategic&#8212;principala-tema-a-di&#8211;1491795<\/p>\n<\/div>","protected":false},"excerpt":{"rendered":"<p>Consolidarea Parteneriatului strategic dintre Rom\u00e2nia \u0219i Statele Unite ale Americii, precum \u0219i identificarea oportunit\u0103\u021bilor de extindere a acestui parteneriat au fost principalele teme ale convorbirilor politico &#8211; diplomatice avute la Washington de ministrul rom\u00e2n al Afacerilor Externe, Oana \u021aoiu, cu secretarul de stat american, Marco Rubio. &#8216;Acesta este prima \u00eent\u00e2lnire bilateral\u0103 a celor doi oficiali&#8230;<\/p>","protected":false},"author":4,"featured_media":3146,"comment_status":"open","ping_status":"open","sticky":false,"template":"","format":"standard","meta":{"footnotes":""},"categories":[1],"tags":[],"class_list":["post-3143","post","type-post","status-publish","format-standard","has-post-thumbnail","hentry","category-uncategorized"],"yoast_head":"<!-- This site is optimized with the Yoast SEO plugin v26.1.1 - https:\/\/yoast.com\/wordpress\/plugins\/seo\/ -->\n<title>MAE: \u00centrevedere Oana \u021aoiu - Marco Rubio, la Washington; Parteneriatul strategic - principala tem\u0103 a discu\u021biilor - Carpathia Center Romania<\/title>\n<meta name=\"robots\" content=\"index, follow, max-snippet:-1, max-image-preview:large, max-video-preview:-1\" \/>\n<link rel=\"canonical\" href=\"https:\/\/carpathiacenter.ro\/en\/mae-intrevedere-oana-toiu-marco-rubio-la-washington-parteneriatul-strategic-principala-tema-a-discutiilor\/\" \/>\n<meta property=\"og:locale\" content=\"en_GB\" \/>\n<meta property=\"og:type\" content=\"article\" \/>\n<meta property=\"og:title\" content=\"MAE: \u00centrevedere Oana \u021aoiu - Marco Rubio, la Washington; Parteneriatul strategic - principala tem\u0103 a discu\u021biilor - Carpathia Center Romania\" \/>\n<meta property=\"og:description\" content=\"Consolidarea Parteneriatului strategic dintre Rom\u00e2nia \u0219i Statele Unite ale Americii, precum \u0219i identificarea oportunit\u0103\u021bilor de extindere a acestui parteneriat au fost principalele teme ale convorbirilor politico &#8211; diplomatice avute la Washington de ministrul rom\u00e2n al Afacerilor Externe, Oana \u021aoiu, cu secretarul de stat american, Marco Rubio. &#8216;Acesta este prima \u00eent\u00e2lnire bilateral\u0103 a celor doi oficiali...\" \/>\n<meta property=\"og:url\" content=\"https:\/\/carpathiacenter.ro\/en\/mae-intrevedere-oana-toiu-marco-rubio-la-washington-parteneriatul-strategic-principala-tema-a-discutiilor\/\" \/>\n<meta property=\"og:site_name\" content=\"Carpathia Center Romania\" \/>\n<meta property=\"article:publisher\" content=\"https:\/\/www.facebook.com\/fdpscarpathia\/\" \/>\n<meta property=\"article:published_time\" content=\"2025-10-09T13:30:11+00:00\" \/>\n<meta property=\"og:image\" content=\"https:\/\/carpathiacenter.ro\/wp-content\/uploads\/2025\/10\/Jmhhc2g9ZDcyZmIxZTk1Y2FiZDEyY2Y1ZGY4MGRmOGViYWViMjY.thumb_.jpg\" \/>\n\t<meta property=\"og:image:width\" content=\"780\" \/>\n\t<meta property=\"og:image:height\" content=\"440\" \/>\n\t<meta property=\"og:image:type\" content=\"image\/jpeg\" \/>\n<meta name=\"author\" content=\"creativebitsolutions\" \/>\n<meta name=\"twitter:card\" content=\"summary_large_image\" \/>\n<meta name=\"twitter:label1\" content=\"Written by\" \/>\n\t<meta name=\"twitter:data1\" content=\"creativebitsolutions\" \/>\n\t<meta name=\"twitter:label2\" content=\"Estimated reading time\" \/>\n\t<meta name=\"twitter:data2\" content=\"3 minutes\" \/>\n<script type=\"application\/ld+json\" class=\"yoast-schema-graph\">{\"@context\":\"https:\/\/schema.org\",\"@graph\":[{\"@type\":\"Article\",\"@id\":\"https:\/\/carpathiacenter.ro\/mae-intrevedere-oana-toiu-marco-rubio-la-washington-parteneriatul-strategic-principala-tema-a-discutiilor\/#article\",\"isPartOf\":{\"@id\":\"https:\/\/carpathiacenter.ro\/mae-intrevedere-oana-toiu-marco-rubio-la-washington-parteneriatul-strategic-principala-tema-a-discutiilor\/\"},\"author\":{\"name\":\"creativebitsolutions\",\"@id\":\"https:\/\/carpathiacenter.ro\/#\/schema\/person\/03d9f58202fee8379268f34afa195006\"},\"headline\":\"MAE: \u00centrevedere Oana \u021aoiu &#8211; Marco Rubio, la Washington; Parteneriatul strategic &#8211; principala tem\u0103 a discu\u021biilor\",\"datePublished\":\"2025-10-09T13:30:11+00:00\",\"mainEntityOfPage\":{\"@id\":\"https:\/\/carpathiacenter.ro\/mae-intrevedere-oana-toiu-marco-rubio-la-washington-parteneriatul-strategic-principala-tema-a-discutiilor\/\"},\"wordCount\":477,\"commentCount\":0,\"publisher\":{\"@id\":\"https:\/\/carpathiacenter.ro\/#organization\"},\"image\":{\"@id\":\"https:\/\/carpathiacenter.ro\/mae-intrevedere-oana-toiu-marco-rubio-la-washington-parteneriatul-strategic-principala-tema-a-discutiilor\/#primaryimage\"},\"thumbnailUrl\":\"https:\/\/carpathiacenter.ro\/wp-content\/uploads\/2025\/10\/Jmhhc2g9ZDcyZmIxZTk1Y2FiZDEyY2Y1ZGY4MGRmOGViYWViMjY.thumb_.jpg\",\"articleSection\":[\"Uncategorized\"],\"inLanguage\":\"en-GB\",\"potentialAction\":[{\"@type\":\"CommentAction\",\"name\":\"Comment\",\"target\":[\"https:\/\/carpathiacenter.ro\/mae-intrevedere-oana-toiu-marco-rubio-la-washington-parteneriatul-strategic-principala-tema-a-discutiilor\/#respond\"]}]},{\"@type\":\"WebPage\",\"@id\":\"https:\/\/carpathiacenter.ro\/mae-intrevedere-oana-toiu-marco-rubio-la-washington-parteneriatul-strategic-principala-tema-a-discutiilor\/\",\"url\":\"https:\/\/carpathiacenter.ro\/mae-intrevedere-oana-toiu-marco-rubio-la-washington-parteneriatul-strategic-principala-tema-a-discutiilor\/\",\"name\":\"MAE: \u00centrevedere Oana \u021aoiu - Marco Rubio, la Washington; Parteneriatul strategic - principala tem\u0103 a discu\u021biilor - Carpathia Center Romania\",\"isPartOf\":{\"@id\":\"https:\/\/carpathiacenter.ro\/#website\"},\"primaryImageOfPage\":{\"@id\":\"https:\/\/carpathiacenter.ro\/mae-intrevedere-oana-toiu-marco-rubio-la-washington-parteneriatul-strategic-principala-tema-a-discutiilor\/#primaryimage\"},\"image\":{\"@id\":\"https:\/\/carpathiacenter.ro\/mae-intrevedere-oana-toiu-marco-rubio-la-washington-parteneriatul-strategic-principala-tema-a-discutiilor\/#primaryimage\"},\"thumbnailUrl\":\"https:\/\/carpathiacenter.ro\/wp-content\/uploads\/2025\/10\/Jmhhc2g9ZDcyZmIxZTk1Y2FiZDEyY2Y1ZGY4MGRmOGViYWViMjY.thumb_.jpg\",\"datePublished\":\"2025-10-09T13:30:11+00:00\",\"breadcrumb\":{\"@id\":\"https:\/\/carpathiacenter.ro\/mae-intrevedere-oana-toiu-marco-rubio-la-washington-parteneriatul-strategic-principala-tema-a-discutiilor\/#breadcrumb\"},\"inLanguage\":\"en-GB\",\"potentialAction\":[{\"@type\":\"ReadAction\",\"target\":[\"https:\/\/carpathiacenter.ro\/mae-intrevedere-oana-toiu-marco-rubio-la-washington-parteneriatul-strategic-principala-tema-a-discutiilor\/\"]}]},{\"@type\":\"ImageObject\",\"inLanguage\":\"en-GB\",\"@id\":\"https:\/\/carpathiacenter.ro\/mae-intrevedere-oana-toiu-marco-rubio-la-washington-parteneriatul-strategic-principala-tema-a-discutiilor\/#primaryimage\",\"url\":\"https:\/\/carpathiacenter.ro\/wp-content\/uploads\/2025\/10\/Jmhhc2g9ZDcyZmIxZTk1Y2FiZDEyY2Y1ZGY4MGRmOGViYWViMjY.thumb_.jpg\",\"contentUrl\":\"https:\/\/carpathiacenter.ro\/wp-content\/uploads\/2025\/10\/Jmhhc2g9ZDcyZmIxZTk1Y2FiZDEyY2Y1ZGY4MGRmOGViYWViMjY.thumb_.jpg\",\"width\":780,\"height\":440},{\"@type\":\"BreadcrumbList\",\"@id\":\"https:\/\/carpathiacenter.ro\/mae-intrevedere-oana-toiu-marco-rubio-la-washington-parteneriatul-strategic-principala-tema-a-discutiilor\/#breadcrumb\",\"itemListElement\":[{\"@type\":\"ListItem\",\"position\":1,\"name\":\"Prima pagin\u0103\",\"item\":\"https:\/\/carpathiacenter.ro\/\"},{\"@type\":\"ListItem\",\"position\":2,\"name\":\"MAE: \u00centrevedere Oana \u021aoiu &#8211; Marco Rubio, la Washington; Parteneriatul strategic &#8211; principala tem\u0103 a discu\u021biilor\"}]},{\"@type\":\"WebSite\",\"@id\":\"https:\/\/carpathiacenter.ro\/#website\",\"url\":\"https:\/\/carpathiacenter.ro\/\",\"name\":\"Carpathia Center Romania\",\"description\":\"Impossible made possible!\",\"publisher\":{\"@id\":\"https:\/\/carpathiacenter.ro\/#organization\"},\"potentialAction\":[{\"@type\":\"SearchAction\",\"target\":{\"@type\":\"EntryPoint\",\"urlTemplate\":\"https:\/\/carpathiacenter.ro\/?s={search_term_string}\"},\"query-input\":{\"@type\":\"PropertyValueSpecification\",\"valueRequired\":true,\"valueName\":\"search_term_string\"}}],\"inLanguage\":\"en-GB\"},{\"@type\":\"Organization\",\"@id\":\"https:\/\/carpathiacenter.ro\/#organization\",\"name\":\"Carpathia Center Romania\",\"url\":\"https:\/\/carpathiacenter.ro\/\",\"logo\":{\"@type\":\"ImageObject\",\"inLanguage\":\"en-GB\",\"@id\":\"https:\/\/carpathiacenter.ro\/#\/schema\/logo\/image\/\",\"url\":\"https:\/\/carpathiacenter.ro\/wp-content\/uploads\/2024\/07\/logo-carpathia_bg_white-1024x941.png\",\"contentUrl\":\"https:\/\/carpathiacenter.ro\/wp-content\/uploads\/2024\/07\/logo-carpathia_bg_white-1024x941.png\",\"width\":1024,\"height\":941,\"caption\":\"Carpathia Center Romania\"},\"image\":{\"@id\":\"https:\/\/carpathiacenter.ro\/#\/schema\/logo\/image\/\"},\"sameAs\":[\"https:\/\/www.facebook.com\/fdpscarpathia\/\"]},{\"@type\":\"Person\",\"@id\":\"https:\/\/carpathiacenter.ro\/#\/schema\/person\/03d9f58202fee8379268f34afa195006\",\"name\":\"creativebitsolutions\",\"image\":{\"@type\":\"ImageObject\",\"inLanguage\":\"en-GB\",\"@id\":\"https:\/\/carpathiacenter.ro\/#\/schema\/person\/image\/\",\"url\":\"https:\/\/secure.gravatar.com\/avatar\/1b1a13e37f847c635dab78348f1dff2f07651ee2a3d77a5c355a4b8c75f9165a?s=96&d=mm&r=g\",\"contentUrl\":\"https:\/\/secure.gravatar.com\/avatar\/1b1a13e37f847c635dab78348f1dff2f07651ee2a3d77a5c355a4b8c75f9165a?s=96&d=mm&r=g\",\"caption\":\"creativebitsolutions\"},\"url\":\"https:\/\/carpathiacenter.ro\/en\/author\/creativebitsolutions\/\"}]}<\/script>\n<!-- \/ Yoast SEO plugin. -->","yoast_head_json":{"title":"MAE: \u00centrevedere Oana \u021aoiu - Marco Rubio, la Washington; Parteneriatul strategic - principala tem\u0103 a discu\u021biilor - Carpathia Center Romania","robots":{"index":"index","follow":"follow","max-snippet":"max-snippet:-1","max-image-preview":"max-image-preview:large","max-video-preview":"max-video-preview:-1"},"canonical":"https:\/\/carpathiacenter.ro\/en\/mae-intrevedere-oana-toiu-marco-rubio-la-washington-parteneriatul-strategic-principala-tema-a-discutiilor\/","og_locale":"en_GB","og_type":"article","og_title":"MAE: \u00centrevedere Oana \u021aoiu - Marco Rubio, la Washington; Parteneriatul strategic - principala tem\u0103 a discu\u021biilor - Carpathia Center Romania","og_description":"Consolidarea Parteneriatului strategic dintre Rom\u00e2nia \u0219i Statele Unite ale Americii, precum \u0219i identificarea oportunit\u0103\u021bilor de extindere a acestui parteneriat au fost principalele teme ale convorbirilor politico &#8211; diplomatice avute la Washington de ministrul rom\u00e2n al Afacerilor Externe, Oana \u021aoiu, cu secretarul de stat american, Marco Rubio. &#8216;Acesta este prima \u00eent\u00e2lnire bilateral\u0103 a celor doi oficiali...","og_url":"https:\/\/carpathiacenter.ro\/en\/mae-intrevedere-oana-toiu-marco-rubio-la-washington-parteneriatul-strategic-principala-tema-a-discutiilor\/","og_site_name":"Carpathia Center Romania","article_publisher":"https:\/\/www.facebook.com\/fdpscarpathia\/","article_published_time":"2025-10-09T13:30:11+00:00","og_image":[{"width":780,"height":440,"url":"https:\/\/carpathiacenter.ro\/wp-content\/uploads\/2025\/10\/Jmhhc2g9ZDcyZmIxZTk1Y2FiZDEyY2Y1ZGY4MGRmOGViYWViMjY.thumb_.jpg","type":"image\/jpeg"}],"author":"creativebitsolutions","twitter_card":"summary_large_image","twitter_misc":{"Written by":"creativebitsolutions","Estimated reading time":"3 minutes"},"schema":{"@context":"https:\/\/schema.org","@graph":[{"@type":"Article","@id":"https:\/\/carpathiacenter.ro\/mae-intrevedere-oana-toiu-marco-rubio-la-washington-parteneriatul-strategic-principala-tema-a-discutiilor\/#article","isPartOf":{"@id":"https:\/\/carpathiacenter.ro\/mae-intrevedere-oana-toiu-marco-rubio-la-washington-parteneriatul-strategic-principala-tema-a-discutiilor\/"},"author":{"name":"creativebitsolutions","@id":"https:\/\/carpathiacenter.ro\/#\/schema\/person\/03d9f58202fee8379268f34afa195006"},"headline":"MAE: \u00centrevedere Oana \u021aoiu &#8211; Marco Rubio, la Washington; Parteneriatul strategic &#8211; principala tem\u0103 a discu\u021biilor","datePublished":"2025-10-09T13:30:11+00:00","mainEntityOfPage":{"@id":"https:\/\/carpathiacenter.ro\/mae-intrevedere-oana-toiu-marco-rubio-la-washington-parteneriatul-strategic-principala-tema-a-discutiilor\/"},"wordCount":477,"commentCount":0,"publisher":{"@id":"https:\/\/carpathiacenter.ro\/#organization"},"image":{"@id":"https:\/\/carpathiacenter.ro\/mae-intrevedere-oana-toiu-marco-rubio-la-washington-parteneriatul-strategic-principala-tema-a-discutiilor\/#primaryimage"},"thumbnailUrl":"https:\/\/carpathiacenter.ro\/wp-content\/uploads\/2025\/10\/Jmhhc2g9ZDcyZmIxZTk1Y2FiZDEyY2Y1ZGY4MGRmOGViYWViMjY.thumb_.jpg","articleSection":["Uncategorized"],"inLanguage":"en-GB","potentialAction":[{"@type":"CommentAction","name":"Comment","target":["https:\/\/carpathiacenter.ro\/mae-intrevedere-oana-toiu-marco-rubio-la-washington-parteneriatul-strategic-principala-tema-a-discutiilor\/#respond"]}]},{"@type":"WebPage","@id":"https:\/\/carpathiacenter.ro\/mae-intrevedere-oana-toiu-marco-rubio-la-washington-parteneriatul-strategic-principala-tema-a-discutiilor\/","url":"https:\/\/carpathiacenter.ro\/mae-intrevedere-oana-toiu-marco-rubio-la-washington-parteneriatul-strategic-principala-tema-a-discutiilor\/","name":"MAE: \u00centrevedere Oana \u021aoiu - Marco Rubio, la Washington; Parteneriatul strategic - principala tem\u0103 a discu\u021biilor - Carpathia Center Romania","isPartOf":{"@id":"https:\/\/carpathiacenter.ro\/#website"},"primaryImageOfPage":{"@id":"https:\/\/carpathiacenter.ro\/mae-intrevedere-oana-toiu-marco-rubio-la-washington-parteneriatul-strategic-principala-tema-a-discutiilor\/#primaryimage"},"image":{"@id":"https:\/\/carpathiacenter.ro\/mae-intrevedere-oana-toiu-marco-rubio-la-washington-parteneriatul-strategic-principala-tema-a-discutiilor\/#primaryimage"},"thumbnailUrl":"https:\/\/carpathiacenter.ro\/wp-content\/uploads\/2025\/10\/Jmhhc2g9ZDcyZmIxZTk1Y2FiZDEyY2Y1ZGY4MGRmOGViYWViMjY.thumb_.jpg","datePublished":"2025-10-09T13:30:11+00:00","breadcrumb":{"@id":"https:\/\/carpathiacenter.ro\/mae-intrevedere-oana-toiu-marco-rubio-la-washington-parteneriatul-strategic-principala-tema-a-discutiilor\/#breadcrumb"},"inLanguage":"en-GB","potentialAction":[{"@type":"ReadAction","target":["https:\/\/carpathiacenter.ro\/mae-intrevedere-oana-toiu-marco-rubio-la-washington-parteneriatul-strategic-principala-tema-a-discutiilor\/"]}]},{"@type":"ImageObject","inLanguage":"en-GB","@id":"https:\/\/carpathiacenter.ro\/mae-intrevedere-oana-toiu-marco-rubio-la-washington-parteneriatul-strategic-principala-tema-a-discutiilor\/#primaryimage","url":"https:\/\/carpathiacenter.ro\/wp-content\/uploads\/2025\/10\/Jmhhc2g9ZDcyZmIxZTk1Y2FiZDEyY2Y1ZGY4MGRmOGViYWViMjY.thumb_.jpg","contentUrl":"https:\/\/carpathiacenter.ro\/wp-content\/uploads\/2025\/10\/Jmhhc2g9ZDcyZmIxZTk1Y2FiZDEyY2Y1ZGY4MGRmOGViYWViMjY.thumb_.jpg","width":780,"height":440},{"@type":"BreadcrumbList","@id":"https:\/\/carpathiacenter.ro\/mae-intrevedere-oana-toiu-marco-rubio-la-washington-parteneriatul-strategic-principala-tema-a-discutiilor\/#breadcrumb","itemListElement":[{"@type":"ListItem","position":1,"name":"Prima pagin\u0103","item":"https:\/\/carpathiacenter.ro\/"},{"@type":"ListItem","position":2,"name":"MAE: \u00centrevedere Oana \u021aoiu &#8211; Marco Rubio, la Washington; Parteneriatul strategic &#8211; principala tem\u0103 a discu\u021biilor"}]},{"@type":"WebSite","@id":"https:\/\/carpathiacenter.ro\/#website","url":"https:\/\/carpathiacenter.ro\/","name":"Carpathia Center Romania","description":"Impossible made possible!","publisher":{"@id":"https:\/\/carpathiacenter.ro\/#organization"},"potentialAction":[{"@type":"SearchAction","target":{"@type":"EntryPoint","urlTemplate":"https:\/\/carpathiacenter.ro\/?s={search_term_string}"},"query-input":{"@type":"PropertyValueSpecification","valueRequired":true,"valueName":"search_term_string"}}],"inLanguage":"en-GB"},{"@type":"Organization","@id":"https:\/\/carpathiacenter.ro\/#organization","name":"Carpathia Center Romania","url":"https:\/\/carpathiacenter.ro\/","logo":{"@type":"ImageObject","inLanguage":"en-GB","@id":"https:\/\/carpathiacenter.ro\/#\/schema\/logo\/image\/","url":"https:\/\/carpathiacenter.ro\/wp-content\/uploads\/2024\/07\/logo-carpathia_bg_white-1024x941.png","contentUrl":"https:\/\/carpathiacenter.ro\/wp-content\/uploads\/2024\/07\/logo-carpathia_bg_white-1024x941.png","width":1024,"height":941,"caption":"Carpathia Center Romania"},"image":{"@id":"https:\/\/carpathiacenter.ro\/#\/schema\/logo\/image\/"},"sameAs":["https:\/\/www.facebook.com\/fdpscarpathia\/"]},{"@type":"Person","@id":"https:\/\/carpathiacenter.ro\/#\/schema\/person\/03d9f58202fee8379268f34afa195006","name":"creativebitsolutions","image":{"@type":"ImageObject","inLanguage":"en-GB","@id":"https:\/\/carpathiacenter.ro\/#\/schema\/person\/image\/","url":"https:\/\/secure.gravatar.com\/avatar\/1b1a13e37f847c635dab78348f1dff2f07651ee2a3d77a5c355a4b8c75f9165a?s=96&d=mm&r=g","contentUrl":"https:\/\/secure.gravatar.com\/avatar\/1b1a13e37f847c635dab78348f1dff2f07651ee2a3d77a5c355a4b8c75f9165a?s=96&d=mm&r=g","caption":"creativebitsolutions"},"url":"https:\/\/carpathiacenter.ro\/en\/author\/creativebitsolutions\/"}]}},"_links":{"self":[{"href":"https:\/\/carpathiacenter.ro\/en\/wp-json\/wp\/v2\/posts\/3143","targetHints":{"allow":["GET"]}}],"collection":[{"href":"https:\/\/carpathiacenter.ro\/en\/wp-json\/wp\/v2\/posts"}],"about":[{"href":"https:\/\/carpathiacenter.ro\/en\/wp-json\/wp\/v2\/types\/post"}],"author":[{"embeddable":true,"href":"https:\/\/carpathiacenter.ro\/en\/wp-json\/wp\/v2\/users\/4"}],"replies":[{"embeddable":true,"href":"https:\/\/carpathiacenter.ro\/en\/wp-json\/wp\/v2\/comments?post=3143"}],"version-history":[{"count":1,"href":"https:\/\/carpathiacenter.ro\/en\/wp-json\/wp\/v2\/posts\/3143\/revisions"}],"predecessor-version":[{"id":3147,"href":"https:\/\/carpathiacenter.ro\/en\/wp-json\/wp\/v2\/posts\/3143\/revisions\/3147"}],"wp:featuredmedia":[{"embeddable":true,"href":"https:\/\/carpathiacenter.ro\/en\/wp-json\/wp\/v2\/media\/3146"}],"wp:attachment":[{"href":"https:\/\/carpathiacenter.ro\/en\/wp-json\/wp\/v2\/media?parent=3143"}],"wp:term":[{"taxonomy":"category","embeddable":true,"href":"https:\/\/carpathiacenter.ro\/en\/wp-json\/wp\/v2\/categories?post=3143"},{"taxonomy":"post_tag","embeddable":true,"href":"https:\/\/carpathiacenter.ro\/en\/wp-json\/wp\/v2\/tags?post=3143"}],"curies":[{"name":"wp","href":"https:\/\/api.w.org\/{rel}","templated":true}]}}