{"id":3132,"date":"2025-10-07T08:26:41","date_gmt":"2025-10-07T08:26:41","guid":{"rendered":"https:\/\/carpathiacenter.ro\/?p=3132"},"modified":"2025-10-07T08:26:41","modified_gmt":"2025-10-07T08:26:41","slug":"cseke-attila-trecerea-prefecturilor-la-ministerul-administratiei-o-vom-discuta-cu-ocazia-eficientizarii-administratiei-centrale","status":"publish","type":"post","link":"https:\/\/carpathiacenter.ro\/en\/cseke-attila-trecerea-prefecturilor-la-ministerul-administratiei-o-vom-discuta-cu-ocazia-eficientizarii-administratiei-centrale\/","title":{"rendered":"Cseke Attila: Trecerea prefecturilor la Ministerul Administra\u021biei o vom discuta cu ocazia eficientiz\u0103rii administra\u021biei centrale"},"content":{"rendered":"<p>Ministrul Dezvolt\u0103rii, Lucr\u0103rilor Publice \u0219i Administra\u021biei, Cseke Attila, a declarat luni, la Cluj, c\u0103 trecerea prefecturilor de la Ministerul Afacerilor Interne la ministerul pe care el \u00eel conduce va fi discutat\u0103 cu ocazia reformelor care vor viza eficientizarea administra\u021biei publice centrale.<\/p>\n<p>&#8216;Vor fi discu\u021bii \u0219i pe aceast\u0103 tem\u0103, \u00een momentul \u00een care discut\u0103m de eficientizare pe administra\u021bia public\u0103 central\u0103. Din discu\u021biile pe care le-am avut legat de acest pachet \u0219i v\u0103z\u00e2nd ceea ce s-a \u00eent\u00e2mplat legat de faptul c\u0103 nu aveam p\u00e2n\u0103 \u00een iulie o situa\u021bie foarte clar\u0103 cu privire la organigramele \u0219i structurile autorit\u0103\u021bilor administra\u021biei publice locale \u0219i noi trebuia s\u0103 lucr\u0103m cu Ministerul de Interne, am avut aceast\u0103 discu\u021bie legat de aceast\u0103 posibilitate. Vom discuta. Cel mai important este ca lucrurile s\u0103 fie eficientizate din punct de vedere al func\u021bionalit\u0103\u021bii. Func\u021bionalitatea este cea mai important\u0103 \u0219i calitatea \u00een func\u021bionarea institu\u021biilor statului. Dac\u0103 \u00een urma acestei analize vom considera c\u0103 este mai bine ca aceste structuri s\u0103 apar\u021bin\u0103 de Ministerul Administra\u021biei, vom veni cu asemenea propunere. Sigur c\u0103 \u0219i colegii de la Ministerul de Interne au un punct de vedere, dar nu s-a discutat \u00een concret, pentru c\u0103 nu am ajuns la reorganiz\u0103rile pe administra\u021bia public\u0103 central\u0103, dar accentuez c\u0103 trebuie s\u0103 ajungem acolo&#8217;, a afirmat ministrul Cseke Attila.<\/p>\n<p>El a semnat, luni, contractul de predare-primire a noului sediu al Academiei de Muzic\u0103 &#8216;Gheorghe Dima&#8217; din Cluj-Napoca, \u00eempreun\u0103 cu rectorul Academiei, prof. dr. Vasile Jucan, \u0219i a<br \/>\na participat apoi la concertul inaugural al s\u0103lii de concerte Heritage din noul campus al Academiei, cea mai mare sal\u0103 de concerte din \u021bar\u0103. AGERPRES \/ (A &#8211; redactor: Marius Septimiu Avram, editor: Marius Fr\u0103\u021bil\u0103, editor online: Anda Badea)<br \/>\n<br \/>\nSursa articolului:  <a href=\"https:\/\/agerpres.ro\/politic\/2025\/10\/06\/cseke-attila-trecerea-prefecturilor-la-ministerul-administratiei-o-vom-discuta-cu-ocazia-eficientiza--1490919\" target=\"_blank\" rel=\"noopener\" title=\"\">https:\/\/agerpres.ro\/politic\/2025\/10\/06\/cseke-attila-trecerea-prefecturilor-la-ministerul-administratiei-o-vom-discuta-cu-ocazia-eficientiza&#8211;1490919<\/a><\/p>","protected":false},"excerpt":{"rendered":"<p>Ministrul Dezvolt\u0103rii, Lucr\u0103rilor Publice \u0219i Administra\u021biei, Cseke Attila, a declarat luni, la Cluj, c\u0103 trecerea prefecturilor de la Ministerul Afacerilor Interne la ministerul pe care el \u00eel conduce va fi discutat\u0103 cu ocazia reformelor care vor viza eficientizarea administra\u021biei publice centrale. &#8216;Vor fi discu\u021bii \u0219i pe aceast\u0103 tem\u0103, \u00een momentul \u00een care discut\u0103m de eficientizare&#8230;<\/p>","protected":false},"author":4,"featured_media":3134,"comment_status":"open","ping_status":"open","sticky":false,"template":"","format":"standard","meta":{"footnotes":""},"categories":[1],"tags":[],"class_list":["post-3132","post","type-post","status-publish","format-standard","has-post-thumbnail","hentry","category-uncategorized"],"yoast_head":"<!-- This site is optimized with the Yoast SEO plugin v26.1.1 - https:\/\/yoast.com\/wordpress\/plugins\/seo\/ -->\n<title>Cseke Attila: Trecerea prefecturilor la Ministerul Administra\u021biei o vom discuta cu ocazia eficientiz\u0103rii administra\u021biei centrale - Carpathia Center Romania<\/title>\n<meta name=\"robots\" content=\"index, follow, max-snippet:-1, max-image-preview:large, max-video-preview:-1\" \/>\n<link rel=\"canonical\" href=\"https:\/\/carpathiacenter.ro\/en\/cseke-attila-trecerea-prefecturilor-la-ministerul-administratiei-o-vom-discuta-cu-ocazia-eficientizarii-administratiei-centrale\/\" \/>\n<meta property=\"og:locale\" content=\"en_GB\" \/>\n<meta property=\"og:type\" content=\"article\" \/>\n<meta property=\"og:title\" content=\"Cseke Attila: Trecerea prefecturilor la Ministerul Administra\u021biei o vom discuta cu ocazia eficientiz\u0103rii administra\u021biei centrale - Carpathia Center Romania\" \/>\n<meta property=\"og:description\" content=\"Ministrul Dezvolt\u0103rii, Lucr\u0103rilor Publice \u0219i Administra\u021biei, Cseke Attila, a declarat luni, la Cluj, c\u0103 trecerea prefecturilor de la Ministerul Afacerilor Interne la ministerul pe care el \u00eel conduce va fi discutat\u0103 cu ocazia reformelor care vor viza eficientizarea administra\u021biei publice centrale. &#8216;Vor fi discu\u021bii \u0219i pe aceast\u0103 tem\u0103, \u00een momentul \u00een care discut\u0103m de eficientizare...\" \/>\n<meta property=\"og:url\" content=\"https:\/\/carpathiacenter.ro\/en\/cseke-attila-trecerea-prefecturilor-la-ministerul-administratiei-o-vom-discuta-cu-ocazia-eficientizarii-administratiei-centrale\/\" \/>\n<meta property=\"og:site_name\" content=\"Carpathia Center Romania\" \/>\n<meta property=\"article:publisher\" content=\"https:\/\/www.facebook.com\/fdpscarpathia\/\" \/>\n<meta property=\"article:published_time\" content=\"2025-10-07T08:26:41+00:00\" \/>\n<meta property=\"og:image\" content=\"https:\/\/carpathiacenter.ro\/wp-content\/uploads\/2025\/10\/cseke-Attila.jpg\" \/>\n\t<meta property=\"og:image:width\" content=\"1160\" \/>\n\t<meta property=\"og:image:height\" content=\"773\" \/>\n\t<meta property=\"og:image:type\" content=\"image\/jpeg\" \/>\n<meta name=\"author\" content=\"creativebitsolutions\" \/>\n<meta name=\"twitter:card\" content=\"summary_large_image\" \/>\n<meta name=\"twitter:label1\" content=\"Written by\" \/>\n\t<meta name=\"twitter:data1\" content=\"creativebitsolutions\" \/>\n\t<meta name=\"twitter:label2\" content=\"Estimated reading time\" \/>\n\t<meta name=\"twitter:data2\" content=\"2 minutes\" \/>\n<script type=\"application\/ld+json\" class=\"yoast-schema-graph\">{\"@context\":\"https:\/\/schema.org\",\"@graph\":[{\"@type\":\"Article\",\"@id\":\"https:\/\/carpathiacenter.ro\/cseke-attila-trecerea-prefecturilor-la-ministerul-administratiei-o-vom-discuta-cu-ocazia-eficientizarii-administratiei-centrale\/#article\",\"isPartOf\":{\"@id\":\"https:\/\/carpathiacenter.ro\/cseke-attila-trecerea-prefecturilor-la-ministerul-administratiei-o-vom-discuta-cu-ocazia-eficientizarii-administratiei-centrale\/\"},\"author\":{\"name\":\"creativebitsolutions\",\"@id\":\"https:\/\/carpathiacenter.ro\/#\/schema\/person\/03d9f58202fee8379268f34afa195006\"},\"headline\":\"Cseke Attila: Trecerea prefecturilor la Ministerul Administra\u021biei o vom discuta cu ocazia eficientiz\u0103rii administra\u021biei centrale\",\"datePublished\":\"2025-10-07T08:26:41+00:00\",\"mainEntityOfPage\":{\"@id\":\"https:\/\/carpathiacenter.ro\/cseke-attila-trecerea-prefecturilor-la-ministerul-administratiei-o-vom-discuta-cu-ocazia-eficientizarii-administratiei-centrale\/\"},\"wordCount\":329,\"commentCount\":0,\"publisher\":{\"@id\":\"https:\/\/carpathiacenter.ro\/#organization\"},\"image\":{\"@id\":\"https:\/\/carpathiacenter.ro\/cseke-attila-trecerea-prefecturilor-la-ministerul-administratiei-o-vom-discuta-cu-ocazia-eficientizarii-administratiei-centrale\/#primaryimage\"},\"thumbnailUrl\":\"https:\/\/carpathiacenter.ro\/wp-content\/uploads\/2025\/10\/cseke-Attila.jpg\",\"articleSection\":[\"Uncategorized\"],\"inLanguage\":\"en-GB\",\"potentialAction\":[{\"@type\":\"CommentAction\",\"name\":\"Comment\",\"target\":[\"https:\/\/carpathiacenter.ro\/cseke-attila-trecerea-prefecturilor-la-ministerul-administratiei-o-vom-discuta-cu-ocazia-eficientizarii-administratiei-centrale\/#respond\"]}]},{\"@type\":\"WebPage\",\"@id\":\"https:\/\/carpathiacenter.ro\/cseke-attila-trecerea-prefecturilor-la-ministerul-administratiei-o-vom-discuta-cu-ocazia-eficientizarii-administratiei-centrale\/\",\"url\":\"https:\/\/carpathiacenter.ro\/cseke-attila-trecerea-prefecturilor-la-ministerul-administratiei-o-vom-discuta-cu-ocazia-eficientizarii-administratiei-centrale\/\",\"name\":\"Cseke Attila: Trecerea prefecturilor la Ministerul Administra\u021biei o vom discuta cu ocazia eficientiz\u0103rii administra\u021biei centrale - Carpathia Center Romania\",\"isPartOf\":{\"@id\":\"https:\/\/carpathiacenter.ro\/#website\"},\"primaryImageOfPage\":{\"@id\":\"https:\/\/carpathiacenter.ro\/cseke-attila-trecerea-prefecturilor-la-ministerul-administratiei-o-vom-discuta-cu-ocazia-eficientizarii-administratiei-centrale\/#primaryimage\"},\"image\":{\"@id\":\"https:\/\/carpathiacenter.ro\/cseke-attila-trecerea-prefecturilor-la-ministerul-administratiei-o-vom-discuta-cu-ocazia-eficientizarii-administratiei-centrale\/#primaryimage\"},\"thumbnailUrl\":\"https:\/\/carpathiacenter.ro\/wp-content\/uploads\/2025\/10\/cseke-Attila.jpg\",\"datePublished\":\"2025-10-07T08:26:41+00:00\",\"breadcrumb\":{\"@id\":\"https:\/\/carpathiacenter.ro\/cseke-attila-trecerea-prefecturilor-la-ministerul-administratiei-o-vom-discuta-cu-ocazia-eficientizarii-administratiei-centrale\/#breadcrumb\"},\"inLanguage\":\"en-GB\",\"potentialAction\":[{\"@type\":\"ReadAction\",\"target\":[\"https:\/\/carpathiacenter.ro\/cseke-attila-trecerea-prefecturilor-la-ministerul-administratiei-o-vom-discuta-cu-ocazia-eficientizarii-administratiei-centrale\/\"]}]},{\"@type\":\"ImageObject\",\"inLanguage\":\"en-GB\",\"@id\":\"https:\/\/carpathiacenter.ro\/cseke-attila-trecerea-prefecturilor-la-ministerul-administratiei-o-vom-discuta-cu-ocazia-eficientizarii-administratiei-centrale\/#primaryimage\",\"url\":\"https:\/\/carpathiacenter.ro\/wp-content\/uploads\/2025\/10\/cseke-Attila.jpg\",\"contentUrl\":\"https:\/\/carpathiacenter.ro\/wp-content\/uploads\/2025\/10\/cseke-Attila.jpg\",\"width\":1160,\"height\":773},{\"@type\":\"BreadcrumbList\",\"@id\":\"https:\/\/carpathiacenter.ro\/cseke-attila-trecerea-prefecturilor-la-ministerul-administratiei-o-vom-discuta-cu-ocazia-eficientizarii-administratiei-centrale\/#breadcrumb\",\"itemListElement\":[{\"@type\":\"ListItem\",\"position\":1,\"name\":\"Prima pagin\u0103\",\"item\":\"https:\/\/carpathiacenter.ro\/\"},{\"@type\":\"ListItem\",\"position\":2,\"name\":\"Cseke Attila: Trecerea prefecturilor la Ministerul Administra\u021biei o vom discuta cu ocazia eficientiz\u0103rii administra\u021biei centrale\"}]},{\"@type\":\"WebSite\",\"@id\":\"https:\/\/carpathiacenter.ro\/#website\",\"url\":\"https:\/\/carpathiacenter.ro\/\",\"name\":\"Carpathia Center Romania\",\"description\":\"Impossible made possible!\",\"publisher\":{\"@id\":\"https:\/\/carpathiacenter.ro\/#organization\"},\"potentialAction\":[{\"@type\":\"SearchAction\",\"target\":{\"@type\":\"EntryPoint\",\"urlTemplate\":\"https:\/\/carpathiacenter.ro\/?s={search_term_string}\"},\"query-input\":{\"@type\":\"PropertyValueSpecification\",\"valueRequired\":true,\"valueName\":\"search_term_string\"}}],\"inLanguage\":\"en-GB\"},{\"@type\":\"Organization\",\"@id\":\"https:\/\/carpathiacenter.ro\/#organization\",\"name\":\"Carpathia Center Romania\",\"url\":\"https:\/\/carpathiacenter.ro\/\",\"logo\":{\"@type\":\"ImageObject\",\"inLanguage\":\"en-GB\",\"@id\":\"https:\/\/carpathiacenter.ro\/#\/schema\/logo\/image\/\",\"url\":\"https:\/\/carpathiacenter.ro\/wp-content\/uploads\/2024\/07\/logo-carpathia_bg_white-1024x941.png\",\"contentUrl\":\"https:\/\/carpathiacenter.ro\/wp-content\/uploads\/2024\/07\/logo-carpathia_bg_white-1024x941.png\",\"width\":1024,\"height\":941,\"caption\":\"Carpathia Center Romania\"},\"image\":{\"@id\":\"https:\/\/carpathiacenter.ro\/#\/schema\/logo\/image\/\"},\"sameAs\":[\"https:\/\/www.facebook.com\/fdpscarpathia\/\"]},{\"@type\":\"Person\",\"@id\":\"https:\/\/carpathiacenter.ro\/#\/schema\/person\/03d9f58202fee8379268f34afa195006\",\"name\":\"creativebitsolutions\",\"image\":{\"@type\":\"ImageObject\",\"inLanguage\":\"en-GB\",\"@id\":\"https:\/\/carpathiacenter.ro\/#\/schema\/person\/image\/\",\"url\":\"https:\/\/secure.gravatar.com\/avatar\/1b1a13e37f847c635dab78348f1dff2f07651ee2a3d77a5c355a4b8c75f9165a?s=96&d=mm&r=g\",\"contentUrl\":\"https:\/\/secure.gravatar.com\/avatar\/1b1a13e37f847c635dab78348f1dff2f07651ee2a3d77a5c355a4b8c75f9165a?s=96&d=mm&r=g\",\"caption\":\"creativebitsolutions\"},\"url\":\"https:\/\/carpathiacenter.ro\/en\/author\/creativebitsolutions\/\"}]}<\/script>\n<!-- \/ Yoast SEO plugin. -->","yoast_head_json":{"title":"Cseke Attila: Trecerea prefecturilor la Ministerul Administra\u021biei o vom discuta cu ocazia eficientiz\u0103rii administra\u021biei centrale - Carpathia Center Romania","robots":{"index":"index","follow":"follow","max-snippet":"max-snippet:-1","max-image-preview":"max-image-preview:large","max-video-preview":"max-video-preview:-1"},"canonical":"https:\/\/carpathiacenter.ro\/en\/cseke-attila-trecerea-prefecturilor-la-ministerul-administratiei-o-vom-discuta-cu-ocazia-eficientizarii-administratiei-centrale\/","og_locale":"en_GB","og_type":"article","og_title":"Cseke Attila: Trecerea prefecturilor la Ministerul Administra\u021biei o vom discuta cu ocazia eficientiz\u0103rii administra\u021biei centrale - Carpathia Center Romania","og_description":"Ministrul Dezvolt\u0103rii, Lucr\u0103rilor Publice \u0219i Administra\u021biei, Cseke Attila, a declarat luni, la Cluj, c\u0103 trecerea prefecturilor de la Ministerul Afacerilor Interne la ministerul pe care el \u00eel conduce va fi discutat\u0103 cu ocazia reformelor care vor viza eficientizarea administra\u021biei publice centrale. &#8216;Vor fi discu\u021bii \u0219i pe aceast\u0103 tem\u0103, \u00een momentul \u00een care discut\u0103m de eficientizare...","og_url":"https:\/\/carpathiacenter.ro\/en\/cseke-attila-trecerea-prefecturilor-la-ministerul-administratiei-o-vom-discuta-cu-ocazia-eficientizarii-administratiei-centrale\/","og_site_name":"Carpathia Center Romania","article_publisher":"https:\/\/www.facebook.com\/fdpscarpathia\/","article_published_time":"2025-10-07T08:26:41+00:00","og_image":[{"width":1160,"height":773,"url":"https:\/\/carpathiacenter.ro\/wp-content\/uploads\/2025\/10\/cseke-Attila.jpg","type":"image\/jpeg"}],"author":"creativebitsolutions","twitter_card":"summary_large_image","twitter_misc":{"Written by":"creativebitsolutions","Estimated reading time":"2 minutes"},"schema":{"@context":"https:\/\/schema.org","@graph":[{"@type":"Article","@id":"https:\/\/carpathiacenter.ro\/cseke-attila-trecerea-prefecturilor-la-ministerul-administratiei-o-vom-discuta-cu-ocazia-eficientizarii-administratiei-centrale\/#article","isPartOf":{"@id":"https:\/\/carpathiacenter.ro\/cseke-attila-trecerea-prefecturilor-la-ministerul-administratiei-o-vom-discuta-cu-ocazia-eficientizarii-administratiei-centrale\/"},"author":{"name":"creativebitsolutions","@id":"https:\/\/carpathiacenter.ro\/#\/schema\/person\/03d9f58202fee8379268f34afa195006"},"headline":"Cseke Attila: Trecerea prefecturilor la Ministerul Administra\u021biei o vom discuta cu ocazia eficientiz\u0103rii administra\u021biei centrale","datePublished":"2025-10-07T08:26:41+00:00","mainEntityOfPage":{"@id":"https:\/\/carpathiacenter.ro\/cseke-attila-trecerea-prefecturilor-la-ministerul-administratiei-o-vom-discuta-cu-ocazia-eficientizarii-administratiei-centrale\/"},"wordCount":329,"commentCount":0,"publisher":{"@id":"https:\/\/carpathiacenter.ro\/#organization"},"image":{"@id":"https:\/\/carpathiacenter.ro\/cseke-attila-trecerea-prefecturilor-la-ministerul-administratiei-o-vom-discuta-cu-ocazia-eficientizarii-administratiei-centrale\/#primaryimage"},"thumbnailUrl":"https:\/\/carpathiacenter.ro\/wp-content\/uploads\/2025\/10\/cseke-Attila.jpg","articleSection":["Uncategorized"],"inLanguage":"en-GB","potentialAction":[{"@type":"CommentAction","name":"Comment","target":["https:\/\/carpathiacenter.ro\/cseke-attila-trecerea-prefecturilor-la-ministerul-administratiei-o-vom-discuta-cu-ocazia-eficientizarii-administratiei-centrale\/#respond"]}]},{"@type":"WebPage","@id":"https:\/\/carpathiacenter.ro\/cseke-attila-trecerea-prefecturilor-la-ministerul-administratiei-o-vom-discuta-cu-ocazia-eficientizarii-administratiei-centrale\/","url":"https:\/\/carpathiacenter.ro\/cseke-attila-trecerea-prefecturilor-la-ministerul-administratiei-o-vom-discuta-cu-ocazia-eficientizarii-administratiei-centrale\/","name":"Cseke Attila: Trecerea prefecturilor la Ministerul Administra\u021biei o vom discuta cu ocazia eficientiz\u0103rii administra\u021biei centrale - Carpathia Center Romania","isPartOf":{"@id":"https:\/\/carpathiacenter.ro\/#website"},"primaryImageOfPage":{"@id":"https:\/\/carpathiacenter.ro\/cseke-attila-trecerea-prefecturilor-la-ministerul-administratiei-o-vom-discuta-cu-ocazia-eficientizarii-administratiei-centrale\/#primaryimage"},"image":{"@id":"https:\/\/carpathiacenter.ro\/cseke-attila-trecerea-prefecturilor-la-ministerul-administratiei-o-vom-discuta-cu-ocazia-eficientizarii-administratiei-centrale\/#primaryimage"},"thumbnailUrl":"https:\/\/carpathiacenter.ro\/wp-content\/uploads\/2025\/10\/cseke-Attila.jpg","datePublished":"2025-10-07T08:26:41+00:00","breadcrumb":{"@id":"https:\/\/carpathiacenter.ro\/cseke-attila-trecerea-prefecturilor-la-ministerul-administratiei-o-vom-discuta-cu-ocazia-eficientizarii-administratiei-centrale\/#breadcrumb"},"inLanguage":"en-GB","potentialAction":[{"@type":"ReadAction","target":["https:\/\/carpathiacenter.ro\/cseke-attila-trecerea-prefecturilor-la-ministerul-administratiei-o-vom-discuta-cu-ocazia-eficientizarii-administratiei-centrale\/"]}]},{"@type":"ImageObject","inLanguage":"en-GB","@id":"https:\/\/carpathiacenter.ro\/cseke-attila-trecerea-prefecturilor-la-ministerul-administratiei-o-vom-discuta-cu-ocazia-eficientizarii-administratiei-centrale\/#primaryimage","url":"https:\/\/carpathiacenter.ro\/wp-content\/uploads\/2025\/10\/cseke-Attila.jpg","contentUrl":"https:\/\/carpathiacenter.ro\/wp-content\/uploads\/2025\/10\/cseke-Attila.jpg","width":1160,"height":773},{"@type":"BreadcrumbList","@id":"https:\/\/carpathiacenter.ro\/cseke-attila-trecerea-prefecturilor-la-ministerul-administratiei-o-vom-discuta-cu-ocazia-eficientizarii-administratiei-centrale\/#breadcrumb","itemListElement":[{"@type":"ListItem","position":1,"name":"Prima pagin\u0103","item":"https:\/\/carpathiacenter.ro\/"},{"@type":"ListItem","position":2,"name":"Cseke Attila: Trecerea prefecturilor la Ministerul Administra\u021biei o vom discuta cu ocazia eficientiz\u0103rii administra\u021biei centrale"}]},{"@type":"WebSite","@id":"https:\/\/carpathiacenter.ro\/#website","url":"https:\/\/carpathiacenter.ro\/","name":"Carpathia Center Romania","description":"Impossible made possible!","publisher":{"@id":"https:\/\/carpathiacenter.ro\/#organization"},"potentialAction":[{"@type":"SearchAction","target":{"@type":"EntryPoint","urlTemplate":"https:\/\/carpathiacenter.ro\/?s={search_term_string}"},"query-input":{"@type":"PropertyValueSpecification","valueRequired":true,"valueName":"search_term_string"}}],"inLanguage":"en-GB"},{"@type":"Organization","@id":"https:\/\/carpathiacenter.ro\/#organization","name":"Carpathia Center Romania","url":"https:\/\/carpathiacenter.ro\/","logo":{"@type":"ImageObject","inLanguage":"en-GB","@id":"https:\/\/carpathiacenter.ro\/#\/schema\/logo\/image\/","url":"https:\/\/carpathiacenter.ro\/wp-content\/uploads\/2024\/07\/logo-carpathia_bg_white-1024x941.png","contentUrl":"https:\/\/carpathiacenter.ro\/wp-content\/uploads\/2024\/07\/logo-carpathia_bg_white-1024x941.png","width":1024,"height":941,"caption":"Carpathia Center Romania"},"image":{"@id":"https:\/\/carpathiacenter.ro\/#\/schema\/logo\/image\/"},"sameAs":["https:\/\/www.facebook.com\/fdpscarpathia\/"]},{"@type":"Person","@id":"https:\/\/carpathiacenter.ro\/#\/schema\/person\/03d9f58202fee8379268f34afa195006","name":"creativebitsolutions","image":{"@type":"ImageObject","inLanguage":"en-GB","@id":"https:\/\/carpathiacenter.ro\/#\/schema\/person\/image\/","url":"https:\/\/secure.gravatar.com\/avatar\/1b1a13e37f847c635dab78348f1dff2f07651ee2a3d77a5c355a4b8c75f9165a?s=96&d=mm&r=g","contentUrl":"https:\/\/secure.gravatar.com\/avatar\/1b1a13e37f847c635dab78348f1dff2f07651ee2a3d77a5c355a4b8c75f9165a?s=96&d=mm&r=g","caption":"creativebitsolutions"},"url":"https:\/\/carpathiacenter.ro\/en\/author\/creativebitsolutions\/"}]}},"_links":{"self":[{"href":"https:\/\/carpathiacenter.ro\/en\/wp-json\/wp\/v2\/posts\/3132","targetHints":{"allow":["GET"]}}],"collection":[{"href":"https:\/\/carpathiacenter.ro\/en\/wp-json\/wp\/v2\/posts"}],"about":[{"href":"https:\/\/carpathiacenter.ro\/en\/wp-json\/wp\/v2\/types\/post"}],"author":[{"embeddable":true,"href":"https:\/\/carpathiacenter.ro\/en\/wp-json\/wp\/v2\/users\/4"}],"replies":[{"embeddable":true,"href":"https:\/\/carpathiacenter.ro\/en\/wp-json\/wp\/v2\/comments?post=3132"}],"version-history":[{"count":1,"href":"https:\/\/carpathiacenter.ro\/en\/wp-json\/wp\/v2\/posts\/3132\/revisions"}],"predecessor-version":[{"id":3135,"href":"https:\/\/carpathiacenter.ro\/en\/wp-json\/wp\/v2\/posts\/3132\/revisions\/3135"}],"wp:featuredmedia":[{"embeddable":true,"href":"https:\/\/carpathiacenter.ro\/en\/wp-json\/wp\/v2\/media\/3134"}],"wp:attachment":[{"href":"https:\/\/carpathiacenter.ro\/en\/wp-json\/wp\/v2\/media?parent=3132"}],"wp:term":[{"taxonomy":"category","embeddable":true,"href":"https:\/\/carpathiacenter.ro\/en\/wp-json\/wp\/v2\/categories?post=3132"},{"taxonomy":"post_tag","embeddable":true,"href":"https:\/\/carpathiacenter.ro\/en\/wp-json\/wp\/v2\/tags?post=3132"}],"curies":[{"name":"wp","href":"https:\/\/api.w.org\/{rel}","templated":true}]}}