{"id":3129,"date":"2025-10-06T08:46:03","date_gmt":"2025-10-06T08:46:03","guid":{"rendered":"https:\/\/carpathiacenter.ro\/?p=3129"},"modified":"2025-10-06T08:46:03","modified_gmt":"2025-10-06T08:46:03","slug":"dnsc-organizeaza-o-noua-editie-a-conferintei-de-securitate-cibernetica-in-perioada-6-9-octombrie","status":"publish","type":"post","link":"https:\/\/carpathiacenter.ro\/en\/dnsc-organizeaza-o-noua-editie-a-conferintei-de-securitate-cibernetica-in-perioada-6-9-octombrie\/","title":{"rendered":"DNSC organizeaz\u0103 o nou\u0103 edi\u021bie a Conferin\u021bei de Securitate Cibernetic\u0103, \u00een perioada 6-9 octombrie"},"content":{"rendered":"<p><strong>Directoratul Na\u021bional de Securitate Cibernetic\u0103 (DNSC), cu sprijinul Centrului Na\u021bional de Coordonare al Rom\u00e2niei (NCC-RO) \u0219i al Asocia\u021biei Na\u021bionale pentru Securitatea Sistemelor Informatice (ANSSI), organizeaz\u0103, \u00een perioada 6 &#8211; 9 octombrie, edi\u021bia 2025 a Conferin\u021bei de Securitate Cibernetic\u0103 de la Bucure\u0219ti (BCC2025).<\/strong><\/p>\n<p>Evenimentul beneficiaz\u0103 \u0219i de colaborarea cu Agen\u021bia Uniunii Europene pentru Securitate Cibernetic\u0103 (ENISA) \u0219i cu Centrul European de Competen\u021b\u0103 \u00een Securitate Cibernetic\u0103 (ECCC).<\/p>\n<p>Potrivit organizatorilor, tema BCC2025 este &#8216;Colaborarea \u00een domeniul securit\u0103\u021bii cibernetice \u00eentr-o perioad\u0103 de incertitudine global\u0103&#8217;, iar conferin\u021ba va reuni factori de decizie de top la nivel interna\u021bional, reglementatori, directori din industrie, oficiali guvernamentali, exper\u021bi academici \u0219i p\u0103r\u021bi interesate din domeniul ap\u0103r\u0103rii cibernetice globale.<\/p>\n<p>Sesiunile panel vor pune accent pe implementarea practic\u0103 a celor mai recente politici \u0219i legisla\u021bii ale UE \u00een domeniul securit\u0103\u021bii cibernetice, inclusiv Directiva NIS2, Legea privind Rezilien\u021ba Cibernetic\u0103, Legea Securit\u0103\u021bii Cibernetice a UE \u0219i Legea Solidarit\u0103\u021bii Cibernetice. De asemenea, discu\u021biile vor aborda r\u0103zboiul \u00een curs din Ucraina, provoc\u0103rile legate de rezilien\u021ba democratic\u0103 \u00een Moldova \u0219i recentele alegeri na\u021bionale din Rom\u00e2nia, toate subliniind necesitatea urgent\u0103 de a consolida ap\u0103rarea cibernetic\u0103 \u00een diverse sectoare \u0219i peste grani\u021be. AGERPRES\/(AS &#8211; redactor: Daniel Badea, editor: Nicoleta Gherasi, editor online: Simona Aru\u015ftei)<br \/>\n<br \/>\nSursa articolului:  <a href=\"https:\/\/agerpres.ro\/economic\/2025\/10\/06\/dnsc-organizeaza-o-noua-editie-a-conferintei-de-securitate-cibernetica-in-perioada-6-9-octombrie--1490534\" target=\"_blank\" rel=\"noopener\" title=\"\">https:\/\/agerpres.ro\/economic\/2025\/10\/06\/dnsc-organizeaza-o-noua-editie-a-conferintei-de-securitate-cibernetica-in-perioada-6-9-octombrie&#8211;1490534<\/a><\/p>","protected":false},"excerpt":{"rendered":"<p>Directoratul Na\u021bional de Securitate Cibernetic\u0103 (DNSC), cu sprijinul Centrului Na\u021bional de Coordonare al Rom\u00e2niei (NCC-RO) \u0219i al Asocia\u021biei Na\u021bionale pentru Securitatea Sistemelor Informatice (ANSSI), organizeaz\u0103, \u00een perioada 6 &#8211; 9 octombrie, edi\u021bia 2025 a Conferin\u021bei de Securitate Cibernetic\u0103 de la Bucure\u0219ti (BCC2025). Evenimentul beneficiaz\u0103 \u0219i de colaborarea cu Agen\u021bia Uniunii Europene pentru Securitate Cibernetic\u0103 (ENISA)&#8230;<\/p>","protected":false},"author":4,"featured_media":3130,"comment_status":"open","ping_status":"open","sticky":false,"template":"","format":"standard","meta":{"footnotes":""},"categories":[1],"tags":[],"class_list":["post-3129","post","type-post","status-publish","format-standard","has-post-thumbnail","hentry","category-uncategorized"],"yoast_head":"<!-- This site is optimized with the Yoast SEO plugin v26.1.1 - https:\/\/yoast.com\/wordpress\/plugins\/seo\/ -->\n<title>DNSC organizeaz\u0103 o nou\u0103 edi\u021bie a Conferin\u021bei de Securitate Cibernetic\u0103, \u00een perioada 6-9 octombrie - Carpathia Center Romania<\/title>\n<meta name=\"robots\" content=\"index, follow, max-snippet:-1, max-image-preview:large, max-video-preview:-1\" \/>\n<link rel=\"canonical\" href=\"https:\/\/carpathiacenter.ro\/en\/dnsc-organizeaza-o-noua-editie-a-conferintei-de-securitate-cibernetica-in-perioada-6-9-octombrie\/\" \/>\n<meta property=\"og:locale\" content=\"en_GB\" \/>\n<meta property=\"og:type\" content=\"article\" \/>\n<meta property=\"og:title\" content=\"DNSC organizeaz\u0103 o nou\u0103 edi\u021bie a Conferin\u021bei de Securitate Cibernetic\u0103, \u00een perioada 6-9 octombrie - Carpathia Center Romania\" \/>\n<meta property=\"og:description\" content=\"Directoratul Na\u021bional de Securitate Cibernetic\u0103 (DNSC), cu sprijinul Centrului Na\u021bional de Coordonare al Rom\u00e2niei (NCC-RO) \u0219i al Asocia\u021biei Na\u021bionale pentru Securitatea Sistemelor Informatice (ANSSI), organizeaz\u0103, \u00een perioada 6 &#8211; 9 octombrie, edi\u021bia 2025 a Conferin\u021bei de Securitate Cibernetic\u0103 de la Bucure\u0219ti (BCC2025). Evenimentul beneficiaz\u0103 \u0219i de colaborarea cu Agen\u021bia Uniunii Europene pentru Securitate Cibernetic\u0103 (ENISA)...\" \/>\n<meta property=\"og:url\" content=\"https:\/\/carpathiacenter.ro\/en\/dnsc-organizeaza-o-noua-editie-a-conferintei-de-securitate-cibernetica-in-perioada-6-9-octombrie\/\" \/>\n<meta property=\"og:site_name\" content=\"Carpathia Center Romania\" \/>\n<meta property=\"article:publisher\" content=\"https:\/\/www.facebook.com\/fdpscarpathia\/\" \/>\n<meta property=\"article:published_time\" content=\"2025-10-06T08:46:03+00:00\" \/>\n<meta property=\"og:image\" content=\"https:\/\/carpathiacenter.ro\/wp-content\/uploads\/2025\/10\/Conferintei-de-Securitate-Cibernetica.jpg\" \/>\n\t<meta property=\"og:image:width\" content=\"593\" \/>\n\t<meta property=\"og:image:height\" content=\"395\" \/>\n\t<meta property=\"og:image:type\" content=\"image\/jpeg\" \/>\n<meta name=\"author\" content=\"creativebitsolutions\" \/>\n<meta name=\"twitter:card\" content=\"summary_large_image\" \/>\n<meta name=\"twitter:label1\" content=\"Written by\" \/>\n\t<meta name=\"twitter:data1\" content=\"creativebitsolutions\" \/>\n\t<meta name=\"twitter:label2\" content=\"Estimated reading time\" \/>\n\t<meta name=\"twitter:data2\" content=\"1 minute\" \/>\n<script type=\"application\/ld+json\" class=\"yoast-schema-graph\">{\"@context\":\"https:\/\/schema.org\",\"@graph\":[{\"@type\":\"Article\",\"@id\":\"https:\/\/carpathiacenter.ro\/dnsc-organizeaza-o-noua-editie-a-conferintei-de-securitate-cibernetica-in-perioada-6-9-octombrie\/#article\",\"isPartOf\":{\"@id\":\"https:\/\/carpathiacenter.ro\/dnsc-organizeaza-o-noua-editie-a-conferintei-de-securitate-cibernetica-in-perioada-6-9-octombrie\/\"},\"author\":{\"name\":\"creativebitsolutions\",\"@id\":\"https:\/\/carpathiacenter.ro\/#\/schema\/person\/03d9f58202fee8379268f34afa195006\"},\"headline\":\"DNSC organizeaz\u0103 o nou\u0103 edi\u021bie a Conferin\u021bei de Securitate Cibernetic\u0103, \u00een perioada 6-9 octombrie\",\"datePublished\":\"2025-10-06T08:46:03+00:00\",\"mainEntityOfPage\":{\"@id\":\"https:\/\/carpathiacenter.ro\/dnsc-organizeaza-o-noua-editie-a-conferintei-de-securitate-cibernetica-in-perioada-6-9-octombrie\/\"},\"wordCount\":249,\"commentCount\":0,\"publisher\":{\"@id\":\"https:\/\/carpathiacenter.ro\/#organization\"},\"image\":{\"@id\":\"https:\/\/carpathiacenter.ro\/dnsc-organizeaza-o-noua-editie-a-conferintei-de-securitate-cibernetica-in-perioada-6-9-octombrie\/#primaryimage\"},\"thumbnailUrl\":\"https:\/\/carpathiacenter.ro\/wp-content\/uploads\/2025\/10\/Conferintei-de-Securitate-Cibernetica.jpg\",\"articleSection\":[\"Uncategorized\"],\"inLanguage\":\"en-GB\",\"potentialAction\":[{\"@type\":\"CommentAction\",\"name\":\"Comment\",\"target\":[\"https:\/\/carpathiacenter.ro\/dnsc-organizeaza-o-noua-editie-a-conferintei-de-securitate-cibernetica-in-perioada-6-9-octombrie\/#respond\"]}]},{\"@type\":\"WebPage\",\"@id\":\"https:\/\/carpathiacenter.ro\/dnsc-organizeaza-o-noua-editie-a-conferintei-de-securitate-cibernetica-in-perioada-6-9-octombrie\/\",\"url\":\"https:\/\/carpathiacenter.ro\/dnsc-organizeaza-o-noua-editie-a-conferintei-de-securitate-cibernetica-in-perioada-6-9-octombrie\/\",\"name\":\"DNSC organizeaz\u0103 o nou\u0103 edi\u021bie a Conferin\u021bei de Securitate Cibernetic\u0103, \u00een perioada 6-9 octombrie - Carpathia Center Romania\",\"isPartOf\":{\"@id\":\"https:\/\/carpathiacenter.ro\/#website\"},\"primaryImageOfPage\":{\"@id\":\"https:\/\/carpathiacenter.ro\/dnsc-organizeaza-o-noua-editie-a-conferintei-de-securitate-cibernetica-in-perioada-6-9-octombrie\/#primaryimage\"},\"image\":{\"@id\":\"https:\/\/carpathiacenter.ro\/dnsc-organizeaza-o-noua-editie-a-conferintei-de-securitate-cibernetica-in-perioada-6-9-octombrie\/#primaryimage\"},\"thumbnailUrl\":\"https:\/\/carpathiacenter.ro\/wp-content\/uploads\/2025\/10\/Conferintei-de-Securitate-Cibernetica.jpg\",\"datePublished\":\"2025-10-06T08:46:03+00:00\",\"breadcrumb\":{\"@id\":\"https:\/\/carpathiacenter.ro\/dnsc-organizeaza-o-noua-editie-a-conferintei-de-securitate-cibernetica-in-perioada-6-9-octombrie\/#breadcrumb\"},\"inLanguage\":\"en-GB\",\"potentialAction\":[{\"@type\":\"ReadAction\",\"target\":[\"https:\/\/carpathiacenter.ro\/dnsc-organizeaza-o-noua-editie-a-conferintei-de-securitate-cibernetica-in-perioada-6-9-octombrie\/\"]}]},{\"@type\":\"ImageObject\",\"inLanguage\":\"en-GB\",\"@id\":\"https:\/\/carpathiacenter.ro\/dnsc-organizeaza-o-noua-editie-a-conferintei-de-securitate-cibernetica-in-perioada-6-9-octombrie\/#primaryimage\",\"url\":\"https:\/\/carpathiacenter.ro\/wp-content\/uploads\/2025\/10\/Conferintei-de-Securitate-Cibernetica.jpg\",\"contentUrl\":\"https:\/\/carpathiacenter.ro\/wp-content\/uploads\/2025\/10\/Conferintei-de-Securitate-Cibernetica.jpg\",\"width\":593,\"height\":395},{\"@type\":\"BreadcrumbList\",\"@id\":\"https:\/\/carpathiacenter.ro\/dnsc-organizeaza-o-noua-editie-a-conferintei-de-securitate-cibernetica-in-perioada-6-9-octombrie\/#breadcrumb\",\"itemListElement\":[{\"@type\":\"ListItem\",\"position\":1,\"name\":\"Prima pagin\u0103\",\"item\":\"https:\/\/carpathiacenter.ro\/\"},{\"@type\":\"ListItem\",\"position\":2,\"name\":\"DNSC organizeaz\u0103 o nou\u0103 edi\u021bie a Conferin\u021bei de Securitate Cibernetic\u0103, \u00een perioada 6-9 octombrie\"}]},{\"@type\":\"WebSite\",\"@id\":\"https:\/\/carpathiacenter.ro\/#website\",\"url\":\"https:\/\/carpathiacenter.ro\/\",\"name\":\"Carpathia Center Romania\",\"description\":\"Impossible made possible!\",\"publisher\":{\"@id\":\"https:\/\/carpathiacenter.ro\/#organization\"},\"potentialAction\":[{\"@type\":\"SearchAction\",\"target\":{\"@type\":\"EntryPoint\",\"urlTemplate\":\"https:\/\/carpathiacenter.ro\/?s={search_term_string}\"},\"query-input\":{\"@type\":\"PropertyValueSpecification\",\"valueRequired\":true,\"valueName\":\"search_term_string\"}}],\"inLanguage\":\"en-GB\"},{\"@type\":\"Organization\",\"@id\":\"https:\/\/carpathiacenter.ro\/#organization\",\"name\":\"Carpathia Center Romania\",\"url\":\"https:\/\/carpathiacenter.ro\/\",\"logo\":{\"@type\":\"ImageObject\",\"inLanguage\":\"en-GB\",\"@id\":\"https:\/\/carpathiacenter.ro\/#\/schema\/logo\/image\/\",\"url\":\"https:\/\/carpathiacenter.ro\/wp-content\/uploads\/2024\/07\/logo-carpathia_bg_white-1024x941.png\",\"contentUrl\":\"https:\/\/carpathiacenter.ro\/wp-content\/uploads\/2024\/07\/logo-carpathia_bg_white-1024x941.png\",\"width\":1024,\"height\":941,\"caption\":\"Carpathia Center Romania\"},\"image\":{\"@id\":\"https:\/\/carpathiacenter.ro\/#\/schema\/logo\/image\/\"},\"sameAs\":[\"https:\/\/www.facebook.com\/fdpscarpathia\/\"]},{\"@type\":\"Person\",\"@id\":\"https:\/\/carpathiacenter.ro\/#\/schema\/person\/03d9f58202fee8379268f34afa195006\",\"name\":\"creativebitsolutions\",\"image\":{\"@type\":\"ImageObject\",\"inLanguage\":\"en-GB\",\"@id\":\"https:\/\/carpathiacenter.ro\/#\/schema\/person\/image\/\",\"url\":\"https:\/\/secure.gravatar.com\/avatar\/1b1a13e37f847c635dab78348f1dff2f07651ee2a3d77a5c355a4b8c75f9165a?s=96&d=mm&r=g\",\"contentUrl\":\"https:\/\/secure.gravatar.com\/avatar\/1b1a13e37f847c635dab78348f1dff2f07651ee2a3d77a5c355a4b8c75f9165a?s=96&d=mm&r=g\",\"caption\":\"creativebitsolutions\"},\"url\":\"https:\/\/carpathiacenter.ro\/en\/author\/creativebitsolutions\/\"}]}<\/script>\n<!-- \/ Yoast SEO plugin. -->","yoast_head_json":{"title":"DNSC organizeaz\u0103 o nou\u0103 edi\u021bie a Conferin\u021bei de Securitate Cibernetic\u0103, \u00een perioada 6-9 octombrie - Carpathia Center Romania","robots":{"index":"index","follow":"follow","max-snippet":"max-snippet:-1","max-image-preview":"max-image-preview:large","max-video-preview":"max-video-preview:-1"},"canonical":"https:\/\/carpathiacenter.ro\/en\/dnsc-organizeaza-o-noua-editie-a-conferintei-de-securitate-cibernetica-in-perioada-6-9-octombrie\/","og_locale":"en_GB","og_type":"article","og_title":"DNSC organizeaz\u0103 o nou\u0103 edi\u021bie a Conferin\u021bei de Securitate Cibernetic\u0103, \u00een perioada 6-9 octombrie - Carpathia Center Romania","og_description":"Directoratul Na\u021bional de Securitate Cibernetic\u0103 (DNSC), cu sprijinul Centrului Na\u021bional de Coordonare al Rom\u00e2niei (NCC-RO) \u0219i al Asocia\u021biei Na\u021bionale pentru Securitatea Sistemelor Informatice (ANSSI), organizeaz\u0103, \u00een perioada 6 &#8211; 9 octombrie, edi\u021bia 2025 a Conferin\u021bei de Securitate Cibernetic\u0103 de la Bucure\u0219ti (BCC2025). Evenimentul beneficiaz\u0103 \u0219i de colaborarea cu Agen\u021bia Uniunii Europene pentru Securitate Cibernetic\u0103 (ENISA)...","og_url":"https:\/\/carpathiacenter.ro\/en\/dnsc-organizeaza-o-noua-editie-a-conferintei-de-securitate-cibernetica-in-perioada-6-9-octombrie\/","og_site_name":"Carpathia Center Romania","article_publisher":"https:\/\/www.facebook.com\/fdpscarpathia\/","article_published_time":"2025-10-06T08:46:03+00:00","og_image":[{"width":593,"height":395,"url":"https:\/\/carpathiacenter.ro\/wp-content\/uploads\/2025\/10\/Conferintei-de-Securitate-Cibernetica.jpg","type":"image\/jpeg"}],"author":"creativebitsolutions","twitter_card":"summary_large_image","twitter_misc":{"Written by":"creativebitsolutions","Estimated reading time":"1 minute"},"schema":{"@context":"https:\/\/schema.org","@graph":[{"@type":"Article","@id":"https:\/\/carpathiacenter.ro\/dnsc-organizeaza-o-noua-editie-a-conferintei-de-securitate-cibernetica-in-perioada-6-9-octombrie\/#article","isPartOf":{"@id":"https:\/\/carpathiacenter.ro\/dnsc-organizeaza-o-noua-editie-a-conferintei-de-securitate-cibernetica-in-perioada-6-9-octombrie\/"},"author":{"name":"creativebitsolutions","@id":"https:\/\/carpathiacenter.ro\/#\/schema\/person\/03d9f58202fee8379268f34afa195006"},"headline":"DNSC organizeaz\u0103 o nou\u0103 edi\u021bie a Conferin\u021bei de Securitate Cibernetic\u0103, \u00een perioada 6-9 octombrie","datePublished":"2025-10-06T08:46:03+00:00","mainEntityOfPage":{"@id":"https:\/\/carpathiacenter.ro\/dnsc-organizeaza-o-noua-editie-a-conferintei-de-securitate-cibernetica-in-perioada-6-9-octombrie\/"},"wordCount":249,"commentCount":0,"publisher":{"@id":"https:\/\/carpathiacenter.ro\/#organization"},"image":{"@id":"https:\/\/carpathiacenter.ro\/dnsc-organizeaza-o-noua-editie-a-conferintei-de-securitate-cibernetica-in-perioada-6-9-octombrie\/#primaryimage"},"thumbnailUrl":"https:\/\/carpathiacenter.ro\/wp-content\/uploads\/2025\/10\/Conferintei-de-Securitate-Cibernetica.jpg","articleSection":["Uncategorized"],"inLanguage":"en-GB","potentialAction":[{"@type":"CommentAction","name":"Comment","target":["https:\/\/carpathiacenter.ro\/dnsc-organizeaza-o-noua-editie-a-conferintei-de-securitate-cibernetica-in-perioada-6-9-octombrie\/#respond"]}]},{"@type":"WebPage","@id":"https:\/\/carpathiacenter.ro\/dnsc-organizeaza-o-noua-editie-a-conferintei-de-securitate-cibernetica-in-perioada-6-9-octombrie\/","url":"https:\/\/carpathiacenter.ro\/dnsc-organizeaza-o-noua-editie-a-conferintei-de-securitate-cibernetica-in-perioada-6-9-octombrie\/","name":"DNSC organizeaz\u0103 o nou\u0103 edi\u021bie a Conferin\u021bei de Securitate Cibernetic\u0103, \u00een perioada 6-9 octombrie - Carpathia Center Romania","isPartOf":{"@id":"https:\/\/carpathiacenter.ro\/#website"},"primaryImageOfPage":{"@id":"https:\/\/carpathiacenter.ro\/dnsc-organizeaza-o-noua-editie-a-conferintei-de-securitate-cibernetica-in-perioada-6-9-octombrie\/#primaryimage"},"image":{"@id":"https:\/\/carpathiacenter.ro\/dnsc-organizeaza-o-noua-editie-a-conferintei-de-securitate-cibernetica-in-perioada-6-9-octombrie\/#primaryimage"},"thumbnailUrl":"https:\/\/carpathiacenter.ro\/wp-content\/uploads\/2025\/10\/Conferintei-de-Securitate-Cibernetica.jpg","datePublished":"2025-10-06T08:46:03+00:00","breadcrumb":{"@id":"https:\/\/carpathiacenter.ro\/dnsc-organizeaza-o-noua-editie-a-conferintei-de-securitate-cibernetica-in-perioada-6-9-octombrie\/#breadcrumb"},"inLanguage":"en-GB","potentialAction":[{"@type":"ReadAction","target":["https:\/\/carpathiacenter.ro\/dnsc-organizeaza-o-noua-editie-a-conferintei-de-securitate-cibernetica-in-perioada-6-9-octombrie\/"]}]},{"@type":"ImageObject","inLanguage":"en-GB","@id":"https:\/\/carpathiacenter.ro\/dnsc-organizeaza-o-noua-editie-a-conferintei-de-securitate-cibernetica-in-perioada-6-9-octombrie\/#primaryimage","url":"https:\/\/carpathiacenter.ro\/wp-content\/uploads\/2025\/10\/Conferintei-de-Securitate-Cibernetica.jpg","contentUrl":"https:\/\/carpathiacenter.ro\/wp-content\/uploads\/2025\/10\/Conferintei-de-Securitate-Cibernetica.jpg","width":593,"height":395},{"@type":"BreadcrumbList","@id":"https:\/\/carpathiacenter.ro\/dnsc-organizeaza-o-noua-editie-a-conferintei-de-securitate-cibernetica-in-perioada-6-9-octombrie\/#breadcrumb","itemListElement":[{"@type":"ListItem","position":1,"name":"Prima pagin\u0103","item":"https:\/\/carpathiacenter.ro\/"},{"@type":"ListItem","position":2,"name":"DNSC organizeaz\u0103 o nou\u0103 edi\u021bie a Conferin\u021bei de Securitate Cibernetic\u0103, \u00een perioada 6-9 octombrie"}]},{"@type":"WebSite","@id":"https:\/\/carpathiacenter.ro\/#website","url":"https:\/\/carpathiacenter.ro\/","name":"Carpathia Center Romania","description":"Impossible made possible!","publisher":{"@id":"https:\/\/carpathiacenter.ro\/#organization"},"potentialAction":[{"@type":"SearchAction","target":{"@type":"EntryPoint","urlTemplate":"https:\/\/carpathiacenter.ro\/?s={search_term_string}"},"query-input":{"@type":"PropertyValueSpecification","valueRequired":true,"valueName":"search_term_string"}}],"inLanguage":"en-GB"},{"@type":"Organization","@id":"https:\/\/carpathiacenter.ro\/#organization","name":"Carpathia Center Romania","url":"https:\/\/carpathiacenter.ro\/","logo":{"@type":"ImageObject","inLanguage":"en-GB","@id":"https:\/\/carpathiacenter.ro\/#\/schema\/logo\/image\/","url":"https:\/\/carpathiacenter.ro\/wp-content\/uploads\/2024\/07\/logo-carpathia_bg_white-1024x941.png","contentUrl":"https:\/\/carpathiacenter.ro\/wp-content\/uploads\/2024\/07\/logo-carpathia_bg_white-1024x941.png","width":1024,"height":941,"caption":"Carpathia Center Romania"},"image":{"@id":"https:\/\/carpathiacenter.ro\/#\/schema\/logo\/image\/"},"sameAs":["https:\/\/www.facebook.com\/fdpscarpathia\/"]},{"@type":"Person","@id":"https:\/\/carpathiacenter.ro\/#\/schema\/person\/03d9f58202fee8379268f34afa195006","name":"creativebitsolutions","image":{"@type":"ImageObject","inLanguage":"en-GB","@id":"https:\/\/carpathiacenter.ro\/#\/schema\/person\/image\/","url":"https:\/\/secure.gravatar.com\/avatar\/1b1a13e37f847c635dab78348f1dff2f07651ee2a3d77a5c355a4b8c75f9165a?s=96&d=mm&r=g","contentUrl":"https:\/\/secure.gravatar.com\/avatar\/1b1a13e37f847c635dab78348f1dff2f07651ee2a3d77a5c355a4b8c75f9165a?s=96&d=mm&r=g","caption":"creativebitsolutions"},"url":"https:\/\/carpathiacenter.ro\/en\/author\/creativebitsolutions\/"}]}},"_links":{"self":[{"href":"https:\/\/carpathiacenter.ro\/en\/wp-json\/wp\/v2\/posts\/3129","targetHints":{"allow":["GET"]}}],"collection":[{"href":"https:\/\/carpathiacenter.ro\/en\/wp-json\/wp\/v2\/posts"}],"about":[{"href":"https:\/\/carpathiacenter.ro\/en\/wp-json\/wp\/v2\/types\/post"}],"author":[{"embeddable":true,"href":"https:\/\/carpathiacenter.ro\/en\/wp-json\/wp\/v2\/users\/4"}],"replies":[{"embeddable":true,"href":"https:\/\/carpathiacenter.ro\/en\/wp-json\/wp\/v2\/comments?post=3129"}],"version-history":[{"count":1,"href":"https:\/\/carpathiacenter.ro\/en\/wp-json\/wp\/v2\/posts\/3129\/revisions"}],"predecessor-version":[{"id":3131,"href":"https:\/\/carpathiacenter.ro\/en\/wp-json\/wp\/v2\/posts\/3129\/revisions\/3131"}],"wp:featuredmedia":[{"embeddable":true,"href":"https:\/\/carpathiacenter.ro\/en\/wp-json\/wp\/v2\/media\/3130"}],"wp:attachment":[{"href":"https:\/\/carpathiacenter.ro\/en\/wp-json\/wp\/v2\/media?parent=3129"}],"wp:term":[{"taxonomy":"category","embeddable":true,"href":"https:\/\/carpathiacenter.ro\/en\/wp-json\/wp\/v2\/categories?post=3129"},{"taxonomy":"post_tag","embeddable":true,"href":"https:\/\/carpathiacenter.ro\/en\/wp-json\/wp\/v2\/tags?post=3129"}],"curies":[{"name":"wp","href":"https:\/\/api.w.org\/{rel}","templated":true}]}}