{"id":3126,"date":"2025-10-06T08:44:58","date_gmt":"2025-10-06T08:44:58","guid":{"rendered":"https:\/\/carpathiacenter.ro\/?p=3126"},"modified":"2025-10-06T08:44:58","modified_gmt":"2025-10-06T08:44:58","slug":"mecanismul-de-control-parlamentar-ora-guvernului-procedura","status":"publish","type":"post","link":"https:\/\/carpathiacenter.ro\/en\/mecanismul-de-control-parlamentar-ora-guvernului-procedura\/","title":{"rendered":"Mecanismul de control parlamentar &#8216;Ora Guvernului&#8217; (procedur\u0103)"},"content":{"rendered":"<p><strong>Biroul permanent al Camerei Deputa\u021bilor a aprobat, la 1 octombrie, o solicitare a Grupului parlamentar AUR prin care ministrul Agriculturii, Florin Barbu, este chemat la &#8216;Ora Guvernului&#8217; la \u0219edin\u021ba din data de 6 octombrie. Tema dezbaterii va fi &#8216;Micii produc\u0103tori agricoli, \u00een pragul falimentului &#8211; risc al securit\u0103\u021bii alimentare&#8217;.<\/strong><\/p>\n<p>\u00cen actuala legislatur\u0103, 2024-2028, au mai fost invita\u021bi la &#8216;Ora Guvernului&#8217; ministrul Economiei, Digitaliz\u0103rii, Antreprenoriatului \u0219i Turismului, Bogdan Ivan (Senat, 26 martie 2025) \u0219i ministrul Educa\u021biei \u0219i Cercet\u0103rii, Daniel David (Senat, 26 februarie 2025).<\/p>\n<p>\u00cen legislatura anterioar\u0103, 2020-2024, mini\u0219trii cel mai des chema\u021bi \u00een parlament la &#8216;Ora Guvernului&#8217; au fost cei de Finan\u021be, cei ai Energiei \u0219i cei ai S\u0103n\u0103t\u0103\u021bii, conform www.cdep.ro \u0219i senat.ro.<\/p>\n<p>***<\/p>\n<p>Dezbaterea &#8216;Ora Guvernului&#8217; este o procedur\u0103 care face parte din mecanismul de control parlamentar exercitat de legislativ la adresa guvernului \u0219i se desf\u0103\u0219oar\u0103 at\u00e2t la Senat, c\u00e2t \u0219i la Camera Deputa\u021bilor, \u00een baza Regulamentelor separate ale celor dou\u0103 Camere.<\/p>\n<p>\u00cen timpul sesiunilor ordinare, \u00een fiecare zi de luni, cu excep\u021bia zilei destinate orei prim-ministrului, \u00eentre orele 16.00-17.00, se desf\u0103\u0219oar\u0103 de regul\u0103 dezbateri politice, cu participarea unui ministru, pe teme politice de interes major bine definite. Dezbaterile politice se organizeaz\u0103 at\u00e2t la ini\u021biativa opozi\u021biei, c\u00e2t \u0219i a puterii, alternativ, se arat\u0103 \u00een Regulamentul Camerei Deputa\u021bilor.<\/p>\n<p>Reprezentantul grupului parlamentar care a solicitat dezbaterea are la dispozi\u021bie 5 minute pentru a prezenta tema dezbaterii. Ministrul invitat are la dispozi\u021bie 5 minute pentru a r\u0103spunde. Reprezentantul grupului are 3 minute pentru l\u0103muriri suplimentare. Celelalte grupuri au la dispozi\u021bie c\u00e2te 3 minute pentru a-\u0219i prezenta punctul de vedere, cu excep\u021bia celui mai mare grup parlamentar din opozi\u021bie, care are la dispozi\u021bie 5 minute. Reprezentantul deputa\u021bilor neafilia\u021bi are la dispozi\u021bie un minut. La finalul dezbaterii, ministrul trebuie s\u0103 r\u0103spund\u0103 \u00een cel mult 5 minute.<\/p>\n<p>La Senat, &#8216;Ora Guvernului&#8217; se desf\u0103\u0219oar\u0103 dup\u0103 o procedur\u0103 asem\u0103n\u0103toare cu cea prev\u0103zut\u0103 la Camera Deputa\u021bilor.<\/p>\n<p>Al\u0103turi de mecanismul &#8216;Ora Guvernului&#8217;, exist\u0103 \u0219i procedura &#8216;Ora prim-ministrului&#8217;, la care este invitat prim-ministrul, o dat\u0103 pe lun\u0103. Dac\u0103 \u00een privin\u021ba &#8216;Orei Guvernului&#8217; nu se prevede obligativitatea mini\u0219trilor de a fi prezen\u021bi, prim-ministrul are obliga\u021bia de a participa la sesiunea &#8216;Ora prim-ministrului&#8217; (art. 184, Regulamentul Senatului \u0219i art. 210 din Regulamentul Camerei Deputa\u021bilor; surse: www.cdep.ro \u0219i www.senat.ro).<\/p>\n<p>Al\u0103turi de \u00eentreb\u0103rile parlamentare \u0219i interpel\u0103ri, mecanismele &#8216;Ora Guvernului&#8217; \u0219i &#8216;Ora prim-ministrului&#8217; sunt instrumente prin care Parlamentul \u00ee\u0219i exercit\u0103 func\u021bia sa de control la adresa guvernului. AGERPRES\/(Documentare &#8211; Ionela Gavril, editor: Doina Lecea, editor online: Irina Giurgiu)<br \/>\n<br \/>\nSursa articolului:  <a href=\"https:\/\/agerpres.ro\/documentare\/2025\/10\/06\/mecanismul-de-control-parlamentar-ora-guvernului-procedura--1490537\" target=\"_blank\" rel=\"noopener\" title=\"\">https:\/\/agerpres.ro\/documentare\/2025\/10\/06\/mecanismul-de-control-parlamentar-ora-guvernului-procedura&#8211;1490537<\/a><\/p>","protected":false},"excerpt":{"rendered":"<p>Biroul permanent al Camerei Deputa\u021bilor a aprobat, la 1 octombrie, o solicitare a Grupului parlamentar AUR prin care ministrul Agriculturii, Florin Barbu, este chemat la &#8216;Ora Guvernului&#8217; la \u0219edin\u021ba din data de 6 octombrie. Tema dezbaterii va fi &#8216;Micii produc\u0103tori agricoli, \u00een pragul falimentului &#8211; risc al securit\u0103\u021bii alimentare&#8217;. \u00cen actuala legislatur\u0103, 2024-2028, au mai&#8230;<\/p>","protected":false},"author":4,"featured_media":2117,"comment_status":"open","ping_status":"open","sticky":false,"template":"","format":"standard","meta":{"footnotes":""},"categories":[1],"tags":[],"class_list":["post-3126","post","type-post","status-publish","format-standard","has-post-thumbnail","hentry","category-uncategorized"],"yoast_head":"<!-- This site is optimized with the Yoast SEO plugin v26.1.1 - https:\/\/yoast.com\/wordpress\/plugins\/seo\/ -->\n<title>Mecanismul de control parlamentar &#039;Ora Guvernului&#039; (procedur\u0103) - Carpathia Center Romania<\/title>\n<meta name=\"robots\" content=\"index, follow, max-snippet:-1, max-image-preview:large, max-video-preview:-1\" \/>\n<link rel=\"canonical\" href=\"https:\/\/carpathiacenter.ro\/en\/mecanismul-de-control-parlamentar-ora-guvernului-procedura\/\" \/>\n<meta property=\"og:locale\" content=\"en_GB\" \/>\n<meta property=\"og:type\" content=\"article\" \/>\n<meta property=\"og:title\" content=\"Mecanismul de control parlamentar &#039;Ora Guvernului&#039; (procedur\u0103) - Carpathia Center Romania\" \/>\n<meta property=\"og:description\" content=\"Biroul permanent al Camerei Deputa\u021bilor a aprobat, la 1 octombrie, o solicitare a Grupului parlamentar AUR prin care ministrul Agriculturii, Florin Barbu, este chemat la &#8216;Ora Guvernului&#8217; la \u0219edin\u021ba din data de 6 octombrie. Tema dezbaterii va fi &#8216;Micii produc\u0103tori agricoli, \u00een pragul falimentului &#8211; risc al securit\u0103\u021bii alimentare&#8217;. \u00cen actuala legislatur\u0103, 2024-2028, au mai...\" \/>\n<meta property=\"og:url\" content=\"https:\/\/carpathiacenter.ro\/en\/mecanismul-de-control-parlamentar-ora-guvernului-procedura\/\" \/>\n<meta property=\"og:site_name\" content=\"Carpathia Center Romania\" \/>\n<meta property=\"article:publisher\" content=\"https:\/\/www.facebook.com\/fdpscarpathia\/\" \/>\n<meta property=\"article:published_time\" content=\"2025-10-06T08:44:58+00:00\" \/>\n<meta property=\"og:image\" content=\"https:\/\/carpathiacenter.ro\/wp-content\/uploads\/2025\/04\/Florin-Barbu.jpg\" \/>\n\t<meta property=\"og:image:width\" content=\"600\" \/>\n\t<meta property=\"og:image:height\" content=\"400\" \/>\n\t<meta property=\"og:image:type\" content=\"image\/jpeg\" \/>\n<meta name=\"author\" content=\"creativebitsolutions\" \/>\n<meta name=\"twitter:card\" content=\"summary_large_image\" \/>\n<meta name=\"twitter:label1\" content=\"Written by\" \/>\n\t<meta name=\"twitter:data1\" content=\"creativebitsolutions\" \/>\n\t<meta name=\"twitter:label2\" content=\"Estimated reading time\" \/>\n\t<meta name=\"twitter:data2\" content=\"2 minutes\" \/>\n<script type=\"application\/ld+json\" class=\"yoast-schema-graph\">{\"@context\":\"https:\/\/schema.org\",\"@graph\":[{\"@type\":\"Article\",\"@id\":\"https:\/\/carpathiacenter.ro\/mecanismul-de-control-parlamentar-ora-guvernului-procedura\/#article\",\"isPartOf\":{\"@id\":\"https:\/\/carpathiacenter.ro\/mecanismul-de-control-parlamentar-ora-guvernului-procedura\/\"},\"author\":{\"name\":\"creativebitsolutions\",\"@id\":\"https:\/\/carpathiacenter.ro\/#\/schema\/person\/03d9f58202fee8379268f34afa195006\"},\"headline\":\"Mecanismul de control parlamentar &#8216;Ora Guvernului&#8217; (procedur\u0103)\",\"datePublished\":\"2025-10-06T08:44:58+00:00\",\"mainEntityOfPage\":{\"@id\":\"https:\/\/carpathiacenter.ro\/mecanismul-de-control-parlamentar-ora-guvernului-procedura\/\"},\"wordCount\":464,\"commentCount\":0,\"publisher\":{\"@id\":\"https:\/\/carpathiacenter.ro\/#organization\"},\"image\":{\"@id\":\"https:\/\/carpathiacenter.ro\/mecanismul-de-control-parlamentar-ora-guvernului-procedura\/#primaryimage\"},\"thumbnailUrl\":\"https:\/\/carpathiacenter.ro\/wp-content\/uploads\/2025\/04\/Florin-Barbu.jpg\",\"articleSection\":[\"Uncategorized\"],\"inLanguage\":\"en-GB\",\"potentialAction\":[{\"@type\":\"CommentAction\",\"name\":\"Comment\",\"target\":[\"https:\/\/carpathiacenter.ro\/mecanismul-de-control-parlamentar-ora-guvernului-procedura\/#respond\"]}]},{\"@type\":\"WebPage\",\"@id\":\"https:\/\/carpathiacenter.ro\/mecanismul-de-control-parlamentar-ora-guvernului-procedura\/\",\"url\":\"https:\/\/carpathiacenter.ro\/mecanismul-de-control-parlamentar-ora-guvernului-procedura\/\",\"name\":\"Mecanismul de control parlamentar 'Ora Guvernului' (procedur\u0103) - Carpathia Center Romania\",\"isPartOf\":{\"@id\":\"https:\/\/carpathiacenter.ro\/#website\"},\"primaryImageOfPage\":{\"@id\":\"https:\/\/carpathiacenter.ro\/mecanismul-de-control-parlamentar-ora-guvernului-procedura\/#primaryimage\"},\"image\":{\"@id\":\"https:\/\/carpathiacenter.ro\/mecanismul-de-control-parlamentar-ora-guvernului-procedura\/#primaryimage\"},\"thumbnailUrl\":\"https:\/\/carpathiacenter.ro\/wp-content\/uploads\/2025\/04\/Florin-Barbu.jpg\",\"datePublished\":\"2025-10-06T08:44:58+00:00\",\"breadcrumb\":{\"@id\":\"https:\/\/carpathiacenter.ro\/mecanismul-de-control-parlamentar-ora-guvernului-procedura\/#breadcrumb\"},\"inLanguage\":\"en-GB\",\"potentialAction\":[{\"@type\":\"ReadAction\",\"target\":[\"https:\/\/carpathiacenter.ro\/mecanismul-de-control-parlamentar-ora-guvernului-procedura\/\"]}]},{\"@type\":\"ImageObject\",\"inLanguage\":\"en-GB\",\"@id\":\"https:\/\/carpathiacenter.ro\/mecanismul-de-control-parlamentar-ora-guvernului-procedura\/#primaryimage\",\"url\":\"https:\/\/carpathiacenter.ro\/wp-content\/uploads\/2025\/04\/Florin-Barbu.jpg\",\"contentUrl\":\"https:\/\/carpathiacenter.ro\/wp-content\/uploads\/2025\/04\/Florin-Barbu.jpg\",\"width\":600,\"height\":400},{\"@type\":\"BreadcrumbList\",\"@id\":\"https:\/\/carpathiacenter.ro\/mecanismul-de-control-parlamentar-ora-guvernului-procedura\/#breadcrumb\",\"itemListElement\":[{\"@type\":\"ListItem\",\"position\":1,\"name\":\"Prima pagin\u0103\",\"item\":\"https:\/\/carpathiacenter.ro\/\"},{\"@type\":\"ListItem\",\"position\":2,\"name\":\"Mecanismul de control parlamentar &#8216;Ora Guvernului&#8217; (procedur\u0103)\"}]},{\"@type\":\"WebSite\",\"@id\":\"https:\/\/carpathiacenter.ro\/#website\",\"url\":\"https:\/\/carpathiacenter.ro\/\",\"name\":\"Carpathia Center Romania\",\"description\":\"Impossible made possible!\",\"publisher\":{\"@id\":\"https:\/\/carpathiacenter.ro\/#organization\"},\"potentialAction\":[{\"@type\":\"SearchAction\",\"target\":{\"@type\":\"EntryPoint\",\"urlTemplate\":\"https:\/\/carpathiacenter.ro\/?s={search_term_string}\"},\"query-input\":{\"@type\":\"PropertyValueSpecification\",\"valueRequired\":true,\"valueName\":\"search_term_string\"}}],\"inLanguage\":\"en-GB\"},{\"@type\":\"Organization\",\"@id\":\"https:\/\/carpathiacenter.ro\/#organization\",\"name\":\"Carpathia Center Romania\",\"url\":\"https:\/\/carpathiacenter.ro\/\",\"logo\":{\"@type\":\"ImageObject\",\"inLanguage\":\"en-GB\",\"@id\":\"https:\/\/carpathiacenter.ro\/#\/schema\/logo\/image\/\",\"url\":\"https:\/\/carpathiacenter.ro\/wp-content\/uploads\/2024\/07\/logo-carpathia_bg_white-1024x941.png\",\"contentUrl\":\"https:\/\/carpathiacenter.ro\/wp-content\/uploads\/2024\/07\/logo-carpathia_bg_white-1024x941.png\",\"width\":1024,\"height\":941,\"caption\":\"Carpathia Center Romania\"},\"image\":{\"@id\":\"https:\/\/carpathiacenter.ro\/#\/schema\/logo\/image\/\"},\"sameAs\":[\"https:\/\/www.facebook.com\/fdpscarpathia\/\"]},{\"@type\":\"Person\",\"@id\":\"https:\/\/carpathiacenter.ro\/#\/schema\/person\/03d9f58202fee8379268f34afa195006\",\"name\":\"creativebitsolutions\",\"image\":{\"@type\":\"ImageObject\",\"inLanguage\":\"en-GB\",\"@id\":\"https:\/\/carpathiacenter.ro\/#\/schema\/person\/image\/\",\"url\":\"https:\/\/secure.gravatar.com\/avatar\/1b1a13e37f847c635dab78348f1dff2f07651ee2a3d77a5c355a4b8c75f9165a?s=96&d=mm&r=g\",\"contentUrl\":\"https:\/\/secure.gravatar.com\/avatar\/1b1a13e37f847c635dab78348f1dff2f07651ee2a3d77a5c355a4b8c75f9165a?s=96&d=mm&r=g\",\"caption\":\"creativebitsolutions\"},\"url\":\"https:\/\/carpathiacenter.ro\/en\/author\/creativebitsolutions\/\"}]}<\/script>\n<!-- \/ Yoast SEO plugin. -->","yoast_head_json":{"title":"Mecanismul de control parlamentar 'Ora Guvernului' (procedur\u0103) - Carpathia Center Romania","robots":{"index":"index","follow":"follow","max-snippet":"max-snippet:-1","max-image-preview":"max-image-preview:large","max-video-preview":"max-video-preview:-1"},"canonical":"https:\/\/carpathiacenter.ro\/en\/mecanismul-de-control-parlamentar-ora-guvernului-procedura\/","og_locale":"en_GB","og_type":"article","og_title":"Mecanismul de control parlamentar 'Ora Guvernului' (procedur\u0103) - Carpathia Center Romania","og_description":"Biroul permanent al Camerei Deputa\u021bilor a aprobat, la 1 octombrie, o solicitare a Grupului parlamentar AUR prin care ministrul Agriculturii, Florin Barbu, este chemat la &#8216;Ora Guvernului&#8217; la \u0219edin\u021ba din data de 6 octombrie. Tema dezbaterii va fi &#8216;Micii produc\u0103tori agricoli, \u00een pragul falimentului &#8211; risc al securit\u0103\u021bii alimentare&#8217;. \u00cen actuala legislatur\u0103, 2024-2028, au mai...","og_url":"https:\/\/carpathiacenter.ro\/en\/mecanismul-de-control-parlamentar-ora-guvernului-procedura\/","og_site_name":"Carpathia Center Romania","article_publisher":"https:\/\/www.facebook.com\/fdpscarpathia\/","article_published_time":"2025-10-06T08:44:58+00:00","og_image":[{"width":600,"height":400,"url":"https:\/\/carpathiacenter.ro\/wp-content\/uploads\/2025\/04\/Florin-Barbu.jpg","type":"image\/jpeg"}],"author":"creativebitsolutions","twitter_card":"summary_large_image","twitter_misc":{"Written by":"creativebitsolutions","Estimated reading time":"2 minutes"},"schema":{"@context":"https:\/\/schema.org","@graph":[{"@type":"Article","@id":"https:\/\/carpathiacenter.ro\/mecanismul-de-control-parlamentar-ora-guvernului-procedura\/#article","isPartOf":{"@id":"https:\/\/carpathiacenter.ro\/mecanismul-de-control-parlamentar-ora-guvernului-procedura\/"},"author":{"name":"creativebitsolutions","@id":"https:\/\/carpathiacenter.ro\/#\/schema\/person\/03d9f58202fee8379268f34afa195006"},"headline":"Mecanismul de control parlamentar &#8216;Ora Guvernului&#8217; (procedur\u0103)","datePublished":"2025-10-06T08:44:58+00:00","mainEntityOfPage":{"@id":"https:\/\/carpathiacenter.ro\/mecanismul-de-control-parlamentar-ora-guvernului-procedura\/"},"wordCount":464,"commentCount":0,"publisher":{"@id":"https:\/\/carpathiacenter.ro\/#organization"},"image":{"@id":"https:\/\/carpathiacenter.ro\/mecanismul-de-control-parlamentar-ora-guvernului-procedura\/#primaryimage"},"thumbnailUrl":"https:\/\/carpathiacenter.ro\/wp-content\/uploads\/2025\/04\/Florin-Barbu.jpg","articleSection":["Uncategorized"],"inLanguage":"en-GB","potentialAction":[{"@type":"CommentAction","name":"Comment","target":["https:\/\/carpathiacenter.ro\/mecanismul-de-control-parlamentar-ora-guvernului-procedura\/#respond"]}]},{"@type":"WebPage","@id":"https:\/\/carpathiacenter.ro\/mecanismul-de-control-parlamentar-ora-guvernului-procedura\/","url":"https:\/\/carpathiacenter.ro\/mecanismul-de-control-parlamentar-ora-guvernului-procedura\/","name":"Mecanismul de control parlamentar 'Ora Guvernului' (procedur\u0103) - Carpathia Center Romania","isPartOf":{"@id":"https:\/\/carpathiacenter.ro\/#website"},"primaryImageOfPage":{"@id":"https:\/\/carpathiacenter.ro\/mecanismul-de-control-parlamentar-ora-guvernului-procedura\/#primaryimage"},"image":{"@id":"https:\/\/carpathiacenter.ro\/mecanismul-de-control-parlamentar-ora-guvernului-procedura\/#primaryimage"},"thumbnailUrl":"https:\/\/carpathiacenter.ro\/wp-content\/uploads\/2025\/04\/Florin-Barbu.jpg","datePublished":"2025-10-06T08:44:58+00:00","breadcrumb":{"@id":"https:\/\/carpathiacenter.ro\/mecanismul-de-control-parlamentar-ora-guvernului-procedura\/#breadcrumb"},"inLanguage":"en-GB","potentialAction":[{"@type":"ReadAction","target":["https:\/\/carpathiacenter.ro\/mecanismul-de-control-parlamentar-ora-guvernului-procedura\/"]}]},{"@type":"ImageObject","inLanguage":"en-GB","@id":"https:\/\/carpathiacenter.ro\/mecanismul-de-control-parlamentar-ora-guvernului-procedura\/#primaryimage","url":"https:\/\/carpathiacenter.ro\/wp-content\/uploads\/2025\/04\/Florin-Barbu.jpg","contentUrl":"https:\/\/carpathiacenter.ro\/wp-content\/uploads\/2025\/04\/Florin-Barbu.jpg","width":600,"height":400},{"@type":"BreadcrumbList","@id":"https:\/\/carpathiacenter.ro\/mecanismul-de-control-parlamentar-ora-guvernului-procedura\/#breadcrumb","itemListElement":[{"@type":"ListItem","position":1,"name":"Prima pagin\u0103","item":"https:\/\/carpathiacenter.ro\/"},{"@type":"ListItem","position":2,"name":"Mecanismul de control parlamentar &#8216;Ora Guvernului&#8217; (procedur\u0103)"}]},{"@type":"WebSite","@id":"https:\/\/carpathiacenter.ro\/#website","url":"https:\/\/carpathiacenter.ro\/","name":"Carpathia Center Romania","description":"Impossible made possible!","publisher":{"@id":"https:\/\/carpathiacenter.ro\/#organization"},"potentialAction":[{"@type":"SearchAction","target":{"@type":"EntryPoint","urlTemplate":"https:\/\/carpathiacenter.ro\/?s={search_term_string}"},"query-input":{"@type":"PropertyValueSpecification","valueRequired":true,"valueName":"search_term_string"}}],"inLanguage":"en-GB"},{"@type":"Organization","@id":"https:\/\/carpathiacenter.ro\/#organization","name":"Carpathia Center Romania","url":"https:\/\/carpathiacenter.ro\/","logo":{"@type":"ImageObject","inLanguage":"en-GB","@id":"https:\/\/carpathiacenter.ro\/#\/schema\/logo\/image\/","url":"https:\/\/carpathiacenter.ro\/wp-content\/uploads\/2024\/07\/logo-carpathia_bg_white-1024x941.png","contentUrl":"https:\/\/carpathiacenter.ro\/wp-content\/uploads\/2024\/07\/logo-carpathia_bg_white-1024x941.png","width":1024,"height":941,"caption":"Carpathia Center Romania"},"image":{"@id":"https:\/\/carpathiacenter.ro\/#\/schema\/logo\/image\/"},"sameAs":["https:\/\/www.facebook.com\/fdpscarpathia\/"]},{"@type":"Person","@id":"https:\/\/carpathiacenter.ro\/#\/schema\/person\/03d9f58202fee8379268f34afa195006","name":"creativebitsolutions","image":{"@type":"ImageObject","inLanguage":"en-GB","@id":"https:\/\/carpathiacenter.ro\/#\/schema\/person\/image\/","url":"https:\/\/secure.gravatar.com\/avatar\/1b1a13e37f847c635dab78348f1dff2f07651ee2a3d77a5c355a4b8c75f9165a?s=96&d=mm&r=g","contentUrl":"https:\/\/secure.gravatar.com\/avatar\/1b1a13e37f847c635dab78348f1dff2f07651ee2a3d77a5c355a4b8c75f9165a?s=96&d=mm&r=g","caption":"creativebitsolutions"},"url":"https:\/\/carpathiacenter.ro\/en\/author\/creativebitsolutions\/"}]}},"_links":{"self":[{"href":"https:\/\/carpathiacenter.ro\/en\/wp-json\/wp\/v2\/posts\/3126","targetHints":{"allow":["GET"]}}],"collection":[{"href":"https:\/\/carpathiacenter.ro\/en\/wp-json\/wp\/v2\/posts"}],"about":[{"href":"https:\/\/carpathiacenter.ro\/en\/wp-json\/wp\/v2\/types\/post"}],"author":[{"embeddable":true,"href":"https:\/\/carpathiacenter.ro\/en\/wp-json\/wp\/v2\/users\/4"}],"replies":[{"embeddable":true,"href":"https:\/\/carpathiacenter.ro\/en\/wp-json\/wp\/v2\/comments?post=3126"}],"version-history":[{"count":1,"href":"https:\/\/carpathiacenter.ro\/en\/wp-json\/wp\/v2\/posts\/3126\/revisions"}],"predecessor-version":[{"id":3128,"href":"https:\/\/carpathiacenter.ro\/en\/wp-json\/wp\/v2\/posts\/3126\/revisions\/3128"}],"wp:featuredmedia":[{"embeddable":true,"href":"https:\/\/carpathiacenter.ro\/en\/wp-json\/wp\/v2\/media\/2117"}],"wp:attachment":[{"href":"https:\/\/carpathiacenter.ro\/en\/wp-json\/wp\/v2\/media?parent=3126"}],"wp:term":[{"taxonomy":"category","embeddable":true,"href":"https:\/\/carpathiacenter.ro\/en\/wp-json\/wp\/v2\/categories?post=3126"},{"taxonomy":"post_tag","embeddable":true,"href":"https:\/\/carpathiacenter.ro\/en\/wp-json\/wp\/v2\/tags?post=3126"}],"curies":[{"name":"wp","href":"https:\/\/api.w.org\/{rel}","templated":true}]}}