{"id":3120,"date":"2025-10-03T11:25:43","date_gmt":"2025-10-03T11:25:43","guid":{"rendered":"https:\/\/carpathiacenter.ro\/?p=3120"},"modified":"2025-10-03T11:25:43","modified_gmt":"2025-10-03T11:25:43","slug":"ivan-transelectrica-daca-am-opri-toate-grupurile-clasice-si-am-pune-doar-regenerabile-sistemul-nu-ar-putea-sa-functioneze-tehnic","status":"publish","type":"post","link":"https:\/\/carpathiacenter.ro\/en\/ivan-transelectrica-daca-am-opri-toate-grupurile-clasice-si-am-pune-doar-regenerabile-sistemul-nu-ar-putea-sa-functioneze-tehnic\/","title":{"rendered":"Ivan (Transelectrica): Dac\u0103 am opri toate grupurile clasice \u0219i am pune doar regenerabile, sistemul nu ar putea s\u0103 func\u021bioneze tehnic"},"content":{"rendered":"<p>Gazul joac\u0103 \u0219i trebuie s\u0103 joace \u00een urm\u0103torii 10-15 ani un rol foarte important \u00een tranzi\u021bia energetic\u0103, pentru a avea siguran\u021b\u0103 \u0219i stabilitate \u00een cadrul sistemului energetic na\u021bional, \u00een condi\u021biile \u00een care acesta nu ar putea s\u0103 func\u021bioneze din punct de vedere tehnic dac\u0103 ast\u0103zi am opri toate grupurile clasice \u0219i am pune doar regenerabile, a transmis, vineri, directorul Dispecerului Energetic Na\u021bional, Transelectrica, Virgiliu Ivan.<br \/>\n<br \/>\nSursa articolului:  <a href=\"https:\/\/agerpres.ro\/economic\/2025\/10\/03\/ivan-transelectrica-daca-am-opri-toate-grupurile-clasice-si-am-pune-doar-regenerabile-sistemul-nu-ar--1490026\" target=\"_blank\" rel=\"noopener\" title=\"\">https:\/\/agerpres.ro\/economic\/2025\/10\/03\/ivan-transelectrica-daca-am-opri-toate-grupurile-clasice-si-am-pune-doar-regenerabile-sistemul-nu-ar&#8211;1490026<\/a><\/p>","protected":false},"excerpt":{"rendered":"<p>Gazul joac\u0103 \u0219i trebuie s\u0103 joace \u00een urm\u0103torii 10-15 ani un rol foarte important \u00een tranzi\u021bia energetic\u0103, pentru a avea siguran\u021b\u0103 \u0219i stabilitate \u00een cadrul sistemului energetic na\u021bional, \u00een condi\u021biile \u00een care acesta nu ar putea s\u0103 func\u021bioneze din punct de vedere tehnic dac\u0103 ast\u0103zi am opri toate grupurile clasice \u0219i am pune doar regenerabile,&#8230;<\/p>","protected":false},"author":4,"featured_media":3121,"comment_status":"open","ping_status":"open","sticky":false,"template":"","format":"standard","meta":{"footnotes":""},"categories":[1],"tags":[],"class_list":["post-3120","post","type-post","status-publish","format-standard","has-post-thumbnail","hentry","category-uncategorized"],"yoast_head":"<!-- This site is optimized with the Yoast SEO plugin v26.1.1 - https:\/\/yoast.com\/wordpress\/plugins\/seo\/ -->\n<title>Ivan (Transelectrica): Dac\u0103 am opri toate grupurile clasice \u0219i am pune doar regenerabile, sistemul nu ar putea s\u0103 func\u021bioneze tehnic - Carpathia Center Romania<\/title>\n<meta name=\"robots\" content=\"index, follow, max-snippet:-1, max-image-preview:large, max-video-preview:-1\" \/>\n<link rel=\"canonical\" href=\"https:\/\/carpathiacenter.ro\/en\/ivan-transelectrica-daca-am-opri-toate-grupurile-clasice-si-am-pune-doar-regenerabile-sistemul-nu-ar-putea-sa-functioneze-tehnic\/\" \/>\n<meta property=\"og:locale\" content=\"en_GB\" \/>\n<meta property=\"og:type\" content=\"article\" \/>\n<meta property=\"og:title\" content=\"Ivan (Transelectrica): Dac\u0103 am opri toate grupurile clasice \u0219i am pune doar regenerabile, sistemul nu ar putea s\u0103 func\u021bioneze tehnic - Carpathia Center Romania\" \/>\n<meta property=\"og:description\" content=\"Gazul joac\u0103 \u0219i trebuie s\u0103 joace \u00een urm\u0103torii 10-15 ani un rol foarte important \u00een tranzi\u021bia energetic\u0103, pentru a avea siguran\u021b\u0103 \u0219i stabilitate \u00een cadrul sistemului energetic na\u021bional, \u00een condi\u021biile \u00een care acesta nu ar putea s\u0103 func\u021bioneze din punct de vedere tehnic dac\u0103 ast\u0103zi am opri toate grupurile clasice \u0219i am pune doar regenerabile,...\" \/>\n<meta property=\"og:url\" content=\"https:\/\/carpathiacenter.ro\/en\/ivan-transelectrica-daca-am-opri-toate-grupurile-clasice-si-am-pune-doar-regenerabile-sistemul-nu-ar-putea-sa-functioneze-tehnic\/\" \/>\n<meta property=\"og:site_name\" content=\"Carpathia Center Romania\" \/>\n<meta property=\"article:publisher\" content=\"https:\/\/www.facebook.com\/fdpscarpathia\/\" \/>\n<meta property=\"article:published_time\" content=\"2025-10-03T11:25:43+00:00\" \/>\n<meta property=\"og:image\" content=\"https:\/\/carpathiacenter.ro\/wp-content\/uploads\/2025\/10\/Transelectrica-Virgiliu-Ivan.jpg\" \/>\n\t<meta property=\"og:image:width\" content=\"1024\" \/>\n\t<meta property=\"og:image:height\" content=\"710\" \/>\n\t<meta property=\"og:image:type\" content=\"image\/jpeg\" \/>\n<meta name=\"author\" content=\"creativebitsolutions\" \/>\n<meta name=\"twitter:card\" content=\"summary_large_image\" \/>\n<meta name=\"twitter:label1\" content=\"Written by\" \/>\n\t<meta name=\"twitter:data1\" content=\"creativebitsolutions\" \/>\n<script type=\"application\/ld+json\" class=\"yoast-schema-graph\">{\"@context\":\"https:\/\/schema.org\",\"@graph\":[{\"@type\":\"Article\",\"@id\":\"https:\/\/carpathiacenter.ro\/ivan-transelectrica-daca-am-opri-toate-grupurile-clasice-si-am-pune-doar-regenerabile-sistemul-nu-ar-putea-sa-functioneze-tehnic\/#article\",\"isPartOf\":{\"@id\":\"https:\/\/carpathiacenter.ro\/ivan-transelectrica-daca-am-opri-toate-grupurile-clasice-si-am-pune-doar-regenerabile-sistemul-nu-ar-putea-sa-functioneze-tehnic\/\"},\"author\":{\"name\":\"creativebitsolutions\",\"@id\":\"https:\/\/carpathiacenter.ro\/#\/schema\/person\/03d9f58202fee8379268f34afa195006\"},\"headline\":\"Ivan (Transelectrica): Dac\u0103 am opri toate grupurile clasice \u0219i am pune doar regenerabile, sistemul nu ar putea s\u0103 func\u021bioneze tehnic\",\"datePublished\":\"2025-10-03T11:25:43+00:00\",\"mainEntityOfPage\":{\"@id\":\"https:\/\/carpathiacenter.ro\/ivan-transelectrica-daca-am-opri-toate-grupurile-clasice-si-am-pune-doar-regenerabile-sistemul-nu-ar-putea-sa-functioneze-tehnic\/\"},\"wordCount\":100,\"commentCount\":0,\"publisher\":{\"@id\":\"https:\/\/carpathiacenter.ro\/#organization\"},\"image\":{\"@id\":\"https:\/\/carpathiacenter.ro\/ivan-transelectrica-daca-am-opri-toate-grupurile-clasice-si-am-pune-doar-regenerabile-sistemul-nu-ar-putea-sa-functioneze-tehnic\/#primaryimage\"},\"thumbnailUrl\":\"https:\/\/carpathiacenter.ro\/wp-content\/uploads\/2025\/10\/Transelectrica-Virgiliu-Ivan.jpg\",\"articleSection\":[\"Uncategorized\"],\"inLanguage\":\"en-GB\",\"potentialAction\":[{\"@type\":\"CommentAction\",\"name\":\"Comment\",\"target\":[\"https:\/\/carpathiacenter.ro\/ivan-transelectrica-daca-am-opri-toate-grupurile-clasice-si-am-pune-doar-regenerabile-sistemul-nu-ar-putea-sa-functioneze-tehnic\/#respond\"]}]},{\"@type\":\"WebPage\",\"@id\":\"https:\/\/carpathiacenter.ro\/ivan-transelectrica-daca-am-opri-toate-grupurile-clasice-si-am-pune-doar-regenerabile-sistemul-nu-ar-putea-sa-functioneze-tehnic\/\",\"url\":\"https:\/\/carpathiacenter.ro\/ivan-transelectrica-daca-am-opri-toate-grupurile-clasice-si-am-pune-doar-regenerabile-sistemul-nu-ar-putea-sa-functioneze-tehnic\/\",\"name\":\"Ivan (Transelectrica): Dac\u0103 am opri toate grupurile clasice \u0219i am pune doar regenerabile, sistemul nu ar putea s\u0103 func\u021bioneze tehnic - Carpathia Center Romania\",\"isPartOf\":{\"@id\":\"https:\/\/carpathiacenter.ro\/#website\"},\"primaryImageOfPage\":{\"@id\":\"https:\/\/carpathiacenter.ro\/ivan-transelectrica-daca-am-opri-toate-grupurile-clasice-si-am-pune-doar-regenerabile-sistemul-nu-ar-putea-sa-functioneze-tehnic\/#primaryimage\"},\"image\":{\"@id\":\"https:\/\/carpathiacenter.ro\/ivan-transelectrica-daca-am-opri-toate-grupurile-clasice-si-am-pune-doar-regenerabile-sistemul-nu-ar-putea-sa-functioneze-tehnic\/#primaryimage\"},\"thumbnailUrl\":\"https:\/\/carpathiacenter.ro\/wp-content\/uploads\/2025\/10\/Transelectrica-Virgiliu-Ivan.jpg\",\"datePublished\":\"2025-10-03T11:25:43+00:00\",\"breadcrumb\":{\"@id\":\"https:\/\/carpathiacenter.ro\/ivan-transelectrica-daca-am-opri-toate-grupurile-clasice-si-am-pune-doar-regenerabile-sistemul-nu-ar-putea-sa-functioneze-tehnic\/#breadcrumb\"},\"inLanguage\":\"en-GB\",\"potentialAction\":[{\"@type\":\"ReadAction\",\"target\":[\"https:\/\/carpathiacenter.ro\/ivan-transelectrica-daca-am-opri-toate-grupurile-clasice-si-am-pune-doar-regenerabile-sistemul-nu-ar-putea-sa-functioneze-tehnic\/\"]}]},{\"@type\":\"ImageObject\",\"inLanguage\":\"en-GB\",\"@id\":\"https:\/\/carpathiacenter.ro\/ivan-transelectrica-daca-am-opri-toate-grupurile-clasice-si-am-pune-doar-regenerabile-sistemul-nu-ar-putea-sa-functioneze-tehnic\/#primaryimage\",\"url\":\"https:\/\/carpathiacenter.ro\/wp-content\/uploads\/2025\/10\/Transelectrica-Virgiliu-Ivan.jpg\",\"contentUrl\":\"https:\/\/carpathiacenter.ro\/wp-content\/uploads\/2025\/10\/Transelectrica-Virgiliu-Ivan.jpg\",\"width\":1024,\"height\":710},{\"@type\":\"BreadcrumbList\",\"@id\":\"https:\/\/carpathiacenter.ro\/ivan-transelectrica-daca-am-opri-toate-grupurile-clasice-si-am-pune-doar-regenerabile-sistemul-nu-ar-putea-sa-functioneze-tehnic\/#breadcrumb\",\"itemListElement\":[{\"@type\":\"ListItem\",\"position\":1,\"name\":\"Prima pagin\u0103\",\"item\":\"https:\/\/carpathiacenter.ro\/\"},{\"@type\":\"ListItem\",\"position\":2,\"name\":\"Ivan (Transelectrica): Dac\u0103 am opri toate grupurile clasice \u0219i am pune doar regenerabile, sistemul nu ar putea s\u0103 func\u021bioneze tehnic\"}]},{\"@type\":\"WebSite\",\"@id\":\"https:\/\/carpathiacenter.ro\/#website\",\"url\":\"https:\/\/carpathiacenter.ro\/\",\"name\":\"Carpathia Center Romania\",\"description\":\"Impossible made possible!\",\"publisher\":{\"@id\":\"https:\/\/carpathiacenter.ro\/#organization\"},\"potentialAction\":[{\"@type\":\"SearchAction\",\"target\":{\"@type\":\"EntryPoint\",\"urlTemplate\":\"https:\/\/carpathiacenter.ro\/?s={search_term_string}\"},\"query-input\":{\"@type\":\"PropertyValueSpecification\",\"valueRequired\":true,\"valueName\":\"search_term_string\"}}],\"inLanguage\":\"en-GB\"},{\"@type\":\"Organization\",\"@id\":\"https:\/\/carpathiacenter.ro\/#organization\",\"name\":\"Carpathia Center Romania\",\"url\":\"https:\/\/carpathiacenter.ro\/\",\"logo\":{\"@type\":\"ImageObject\",\"inLanguage\":\"en-GB\",\"@id\":\"https:\/\/carpathiacenter.ro\/#\/schema\/logo\/image\/\",\"url\":\"https:\/\/carpathiacenter.ro\/wp-content\/uploads\/2024\/07\/logo-carpathia_bg_white-1024x941.png\",\"contentUrl\":\"https:\/\/carpathiacenter.ro\/wp-content\/uploads\/2024\/07\/logo-carpathia_bg_white-1024x941.png\",\"width\":1024,\"height\":941,\"caption\":\"Carpathia Center Romania\"},\"image\":{\"@id\":\"https:\/\/carpathiacenter.ro\/#\/schema\/logo\/image\/\"},\"sameAs\":[\"https:\/\/www.facebook.com\/fdpscarpathia\/\"]},{\"@type\":\"Person\",\"@id\":\"https:\/\/carpathiacenter.ro\/#\/schema\/person\/03d9f58202fee8379268f34afa195006\",\"name\":\"creativebitsolutions\",\"image\":{\"@type\":\"ImageObject\",\"inLanguage\":\"en-GB\",\"@id\":\"https:\/\/carpathiacenter.ro\/#\/schema\/person\/image\/\",\"url\":\"https:\/\/secure.gravatar.com\/avatar\/1b1a13e37f847c635dab78348f1dff2f07651ee2a3d77a5c355a4b8c75f9165a?s=96&d=mm&r=g\",\"contentUrl\":\"https:\/\/secure.gravatar.com\/avatar\/1b1a13e37f847c635dab78348f1dff2f07651ee2a3d77a5c355a4b8c75f9165a?s=96&d=mm&r=g\",\"caption\":\"creativebitsolutions\"},\"url\":\"https:\/\/carpathiacenter.ro\/en\/author\/creativebitsolutions\/\"}]}<\/script>\n<!-- \/ Yoast SEO plugin. -->","yoast_head_json":{"title":"Ivan (Transelectrica): Dac\u0103 am opri toate grupurile clasice \u0219i am pune doar regenerabile, sistemul nu ar putea s\u0103 func\u021bioneze tehnic - Carpathia Center Romania","robots":{"index":"index","follow":"follow","max-snippet":"max-snippet:-1","max-image-preview":"max-image-preview:large","max-video-preview":"max-video-preview:-1"},"canonical":"https:\/\/carpathiacenter.ro\/en\/ivan-transelectrica-daca-am-opri-toate-grupurile-clasice-si-am-pune-doar-regenerabile-sistemul-nu-ar-putea-sa-functioneze-tehnic\/","og_locale":"en_GB","og_type":"article","og_title":"Ivan (Transelectrica): Dac\u0103 am opri toate grupurile clasice \u0219i am pune doar regenerabile, sistemul nu ar putea s\u0103 func\u021bioneze tehnic - Carpathia Center Romania","og_description":"Gazul joac\u0103 \u0219i trebuie s\u0103 joace \u00een urm\u0103torii 10-15 ani un rol foarte important \u00een tranzi\u021bia energetic\u0103, pentru a avea siguran\u021b\u0103 \u0219i stabilitate \u00een cadrul sistemului energetic na\u021bional, \u00een condi\u021biile \u00een care acesta nu ar putea s\u0103 func\u021bioneze din punct de vedere tehnic dac\u0103 ast\u0103zi am opri toate grupurile clasice \u0219i am pune doar regenerabile,...","og_url":"https:\/\/carpathiacenter.ro\/en\/ivan-transelectrica-daca-am-opri-toate-grupurile-clasice-si-am-pune-doar-regenerabile-sistemul-nu-ar-putea-sa-functioneze-tehnic\/","og_site_name":"Carpathia Center Romania","article_publisher":"https:\/\/www.facebook.com\/fdpscarpathia\/","article_published_time":"2025-10-03T11:25:43+00:00","og_image":[{"width":1024,"height":710,"url":"https:\/\/carpathiacenter.ro\/wp-content\/uploads\/2025\/10\/Transelectrica-Virgiliu-Ivan.jpg","type":"image\/jpeg"}],"author":"creativebitsolutions","twitter_card":"summary_large_image","twitter_misc":{"Written by":"creativebitsolutions"},"schema":{"@context":"https:\/\/schema.org","@graph":[{"@type":"Article","@id":"https:\/\/carpathiacenter.ro\/ivan-transelectrica-daca-am-opri-toate-grupurile-clasice-si-am-pune-doar-regenerabile-sistemul-nu-ar-putea-sa-functioneze-tehnic\/#article","isPartOf":{"@id":"https:\/\/carpathiacenter.ro\/ivan-transelectrica-daca-am-opri-toate-grupurile-clasice-si-am-pune-doar-regenerabile-sistemul-nu-ar-putea-sa-functioneze-tehnic\/"},"author":{"name":"creativebitsolutions","@id":"https:\/\/carpathiacenter.ro\/#\/schema\/person\/03d9f58202fee8379268f34afa195006"},"headline":"Ivan (Transelectrica): Dac\u0103 am opri toate grupurile clasice \u0219i am pune doar regenerabile, sistemul nu ar putea s\u0103 func\u021bioneze tehnic","datePublished":"2025-10-03T11:25:43+00:00","mainEntityOfPage":{"@id":"https:\/\/carpathiacenter.ro\/ivan-transelectrica-daca-am-opri-toate-grupurile-clasice-si-am-pune-doar-regenerabile-sistemul-nu-ar-putea-sa-functioneze-tehnic\/"},"wordCount":100,"commentCount":0,"publisher":{"@id":"https:\/\/carpathiacenter.ro\/#organization"},"image":{"@id":"https:\/\/carpathiacenter.ro\/ivan-transelectrica-daca-am-opri-toate-grupurile-clasice-si-am-pune-doar-regenerabile-sistemul-nu-ar-putea-sa-functioneze-tehnic\/#primaryimage"},"thumbnailUrl":"https:\/\/carpathiacenter.ro\/wp-content\/uploads\/2025\/10\/Transelectrica-Virgiliu-Ivan.jpg","articleSection":["Uncategorized"],"inLanguage":"en-GB","potentialAction":[{"@type":"CommentAction","name":"Comment","target":["https:\/\/carpathiacenter.ro\/ivan-transelectrica-daca-am-opri-toate-grupurile-clasice-si-am-pune-doar-regenerabile-sistemul-nu-ar-putea-sa-functioneze-tehnic\/#respond"]}]},{"@type":"WebPage","@id":"https:\/\/carpathiacenter.ro\/ivan-transelectrica-daca-am-opri-toate-grupurile-clasice-si-am-pune-doar-regenerabile-sistemul-nu-ar-putea-sa-functioneze-tehnic\/","url":"https:\/\/carpathiacenter.ro\/ivan-transelectrica-daca-am-opri-toate-grupurile-clasice-si-am-pune-doar-regenerabile-sistemul-nu-ar-putea-sa-functioneze-tehnic\/","name":"Ivan (Transelectrica): Dac\u0103 am opri toate grupurile clasice \u0219i am pune doar regenerabile, sistemul nu ar putea s\u0103 func\u021bioneze tehnic - Carpathia Center Romania","isPartOf":{"@id":"https:\/\/carpathiacenter.ro\/#website"},"primaryImageOfPage":{"@id":"https:\/\/carpathiacenter.ro\/ivan-transelectrica-daca-am-opri-toate-grupurile-clasice-si-am-pune-doar-regenerabile-sistemul-nu-ar-putea-sa-functioneze-tehnic\/#primaryimage"},"image":{"@id":"https:\/\/carpathiacenter.ro\/ivan-transelectrica-daca-am-opri-toate-grupurile-clasice-si-am-pune-doar-regenerabile-sistemul-nu-ar-putea-sa-functioneze-tehnic\/#primaryimage"},"thumbnailUrl":"https:\/\/carpathiacenter.ro\/wp-content\/uploads\/2025\/10\/Transelectrica-Virgiliu-Ivan.jpg","datePublished":"2025-10-03T11:25:43+00:00","breadcrumb":{"@id":"https:\/\/carpathiacenter.ro\/ivan-transelectrica-daca-am-opri-toate-grupurile-clasice-si-am-pune-doar-regenerabile-sistemul-nu-ar-putea-sa-functioneze-tehnic\/#breadcrumb"},"inLanguage":"en-GB","potentialAction":[{"@type":"ReadAction","target":["https:\/\/carpathiacenter.ro\/ivan-transelectrica-daca-am-opri-toate-grupurile-clasice-si-am-pune-doar-regenerabile-sistemul-nu-ar-putea-sa-functioneze-tehnic\/"]}]},{"@type":"ImageObject","inLanguage":"en-GB","@id":"https:\/\/carpathiacenter.ro\/ivan-transelectrica-daca-am-opri-toate-grupurile-clasice-si-am-pune-doar-regenerabile-sistemul-nu-ar-putea-sa-functioneze-tehnic\/#primaryimage","url":"https:\/\/carpathiacenter.ro\/wp-content\/uploads\/2025\/10\/Transelectrica-Virgiliu-Ivan.jpg","contentUrl":"https:\/\/carpathiacenter.ro\/wp-content\/uploads\/2025\/10\/Transelectrica-Virgiliu-Ivan.jpg","width":1024,"height":710},{"@type":"BreadcrumbList","@id":"https:\/\/carpathiacenter.ro\/ivan-transelectrica-daca-am-opri-toate-grupurile-clasice-si-am-pune-doar-regenerabile-sistemul-nu-ar-putea-sa-functioneze-tehnic\/#breadcrumb","itemListElement":[{"@type":"ListItem","position":1,"name":"Prima pagin\u0103","item":"https:\/\/carpathiacenter.ro\/"},{"@type":"ListItem","position":2,"name":"Ivan (Transelectrica): Dac\u0103 am opri toate grupurile clasice \u0219i am pune doar regenerabile, sistemul nu ar putea s\u0103 func\u021bioneze tehnic"}]},{"@type":"WebSite","@id":"https:\/\/carpathiacenter.ro\/#website","url":"https:\/\/carpathiacenter.ro\/","name":"Carpathia Center Romania","description":"Impossible made possible!","publisher":{"@id":"https:\/\/carpathiacenter.ro\/#organization"},"potentialAction":[{"@type":"SearchAction","target":{"@type":"EntryPoint","urlTemplate":"https:\/\/carpathiacenter.ro\/?s={search_term_string}"},"query-input":{"@type":"PropertyValueSpecification","valueRequired":true,"valueName":"search_term_string"}}],"inLanguage":"en-GB"},{"@type":"Organization","@id":"https:\/\/carpathiacenter.ro\/#organization","name":"Carpathia Center Romania","url":"https:\/\/carpathiacenter.ro\/","logo":{"@type":"ImageObject","inLanguage":"en-GB","@id":"https:\/\/carpathiacenter.ro\/#\/schema\/logo\/image\/","url":"https:\/\/carpathiacenter.ro\/wp-content\/uploads\/2024\/07\/logo-carpathia_bg_white-1024x941.png","contentUrl":"https:\/\/carpathiacenter.ro\/wp-content\/uploads\/2024\/07\/logo-carpathia_bg_white-1024x941.png","width":1024,"height":941,"caption":"Carpathia Center Romania"},"image":{"@id":"https:\/\/carpathiacenter.ro\/#\/schema\/logo\/image\/"},"sameAs":["https:\/\/www.facebook.com\/fdpscarpathia\/"]},{"@type":"Person","@id":"https:\/\/carpathiacenter.ro\/#\/schema\/person\/03d9f58202fee8379268f34afa195006","name":"creativebitsolutions","image":{"@type":"ImageObject","inLanguage":"en-GB","@id":"https:\/\/carpathiacenter.ro\/#\/schema\/person\/image\/","url":"https:\/\/secure.gravatar.com\/avatar\/1b1a13e37f847c635dab78348f1dff2f07651ee2a3d77a5c355a4b8c75f9165a?s=96&d=mm&r=g","contentUrl":"https:\/\/secure.gravatar.com\/avatar\/1b1a13e37f847c635dab78348f1dff2f07651ee2a3d77a5c355a4b8c75f9165a?s=96&d=mm&r=g","caption":"creativebitsolutions"},"url":"https:\/\/carpathiacenter.ro\/en\/author\/creativebitsolutions\/"}]}},"_links":{"self":[{"href":"https:\/\/carpathiacenter.ro\/en\/wp-json\/wp\/v2\/posts\/3120","targetHints":{"allow":["GET"]}}],"collection":[{"href":"https:\/\/carpathiacenter.ro\/en\/wp-json\/wp\/v2\/posts"}],"about":[{"href":"https:\/\/carpathiacenter.ro\/en\/wp-json\/wp\/v2\/types\/post"}],"author":[{"embeddable":true,"href":"https:\/\/carpathiacenter.ro\/en\/wp-json\/wp\/v2\/users\/4"}],"replies":[{"embeddable":true,"href":"https:\/\/carpathiacenter.ro\/en\/wp-json\/wp\/v2\/comments?post=3120"}],"version-history":[{"count":1,"href":"https:\/\/carpathiacenter.ro\/en\/wp-json\/wp\/v2\/posts\/3120\/revisions"}],"predecessor-version":[{"id":3122,"href":"https:\/\/carpathiacenter.ro\/en\/wp-json\/wp\/v2\/posts\/3120\/revisions\/3122"}],"wp:featuredmedia":[{"embeddable":true,"href":"https:\/\/carpathiacenter.ro\/en\/wp-json\/wp\/v2\/media\/3121"}],"wp:attachment":[{"href":"https:\/\/carpathiacenter.ro\/en\/wp-json\/wp\/v2\/media?parent=3120"}],"wp:term":[{"taxonomy":"category","embeddable":true,"href":"https:\/\/carpathiacenter.ro\/en\/wp-json\/wp\/v2\/categories?post=3120"},{"taxonomy":"post_tag","embeddable":true,"href":"https:\/\/carpathiacenter.ro\/en\/wp-json\/wp\/v2\/tags?post=3120"}],"curies":[{"name":"wp","href":"https:\/\/api.w.org\/{rel}","templated":true}]}}