{"id":3104,"date":"2025-10-01T06:39:56","date_gmt":"2025-10-01T06:39:56","guid":{"rendered":"https:\/\/carpathiacenter.ro\/?p=3104"},"modified":"2025-10-01T06:39:56","modified_gmt":"2025-10-01T06:39:56","slug":"nicusor-dan-decizia-sua-pe-visa-waiver-a-avut-de-a-face-mai-putin-cu-situatia-politica-din-romania","status":"publish","type":"post","link":"https:\/\/carpathiacenter.ro\/en\/nicusor-dan-decizia-sua-pe-visa-waiver-a-avut-de-a-face-mai-putin-cu-situatia-politica-din-romania\/","title":{"rendered":"Nicu\u0219or Dan: Decizia SUA pe Visa Waiver a avut de a face mai pu\u021bin cu situa\u021bia politic\u0103 din Rom\u00e2nia"},"content":{"rendered":"<p>Pre\u0219edintele Nicu\u0219or Dan a declarat, mar\u021bi, c\u0103 &#8216;decizia Statelor Unite de a suspenda includerea Rom\u00e2niei \u00een programul Visa Waiver a avut de a face mult mai pu\u021bin cu situa\u021bia politic\u0103 din \u021bara noastr\u0103 dec\u00e2t cu politica intern\u0103 american\u0103 legat\u0103 de migra\u021bie&#8217;.<\/p>\n<p>&#8216;Decizia Statelor Unite de a suspenda includerea Rom\u00e2niei \u00een Visa Waiver a avut de a face mult mai pu\u021bin cu situa\u021bia politic\u0103 din Rom\u00e2nia dec\u00e2t cu politica intern\u0103 american\u0103 legat\u0103 de migra\u021bie. Pentru c\u0103 migra\u021bia este un fenomen care prive\u0219te foarte mult societatea american\u0103 \u0219i a suspenda un program de exceptare de la vize pentru cet\u0103\u021benii unei \u021b\u0103ri a fost un mesaj de politic\u0103 intern\u0103 pe care Statele Unite l-au dat. \u00centre timp, noi am avut discu\u021bii foarte consistente \u0219i ne-am obligat, ceea ce este absolut normal, s\u0103 repatriem rom\u00e2nii care sunt g\u0103si\u021bi f\u0103r\u0103 acte legale pe teritoriul statului american \u0219i este o solicitare de revenire pe care statul rom\u00e2n a f\u0103cut-o, pe care autorit\u0103\u021bile americane o au \u0219i pe care o vor decide la un moment dat&#8217;, a precizat Nicu\u0219or Dan, la Euronews Rom\u00e2nia, \u00eentrebat pe aceast\u0103 tem\u0103.<\/p>\n<p>El a spus c\u0103 a asigurat partea american\u0103 c\u0103 includerea Rom\u00e2niei \u00een Visa Waiver nu va avea un efect migratoriu pentru Statele Unite.<\/p>\n<p>&#8216;Ce putem noi s\u0103 spunem, \u00een momentul acesta, este c\u0103, din punct de vedere tehnic, pe aceast\u0103 \u00eengrijorare a Statelor Unite \u0219i a societ\u0103\u021bii americane, c\u0103 un program Visa Waiver va extinde fenomenul migra\u021biei, am asigurat partea american\u0103 \u0219i am \u0219i ac\u021bionat c\u00e2nd a fost cazul de a repatria, am asigurat c\u0103 nu va avea un efect migratoriu pentru Statele Unite&#8217;, a subliniat Nicu\u0219or Dan.<\/p>\n<p>\u0218eful statului a mai afirmat, legat de demersurile privind o \u00eent\u00e2lnire a sa cu pre\u0219edintele Donald Trump, c\u0103 aceast\u0103 \u00eentrevedere &#8216;cel mai probabil va fi \u00een primul trimestru din 2026&#8217;.<\/p>\n<p>&#8216;Ce \u00eemi doresc eu de la aceast\u0103 vizit\u0103? \u00cemi doresc ca ea s\u0103 fie una consistent\u0103 pe cele dou\u0103 componente cele mai importante din momentul \u0103sta &#8211; securitate \u0219i economie. Pe securitate lucrurile sunt \u00eentr-o continuitate, adic\u0103 exist\u0103 comenzi de echipament militar care sunt \u00een curs, ale Rom\u00e2niei c\u0103tre Statele Unite, exist\u0103 o prezen\u021b\u0103 militar\u0103 american\u0103 \u00een Rom\u00e2nia, c\u00e2teva mii de solda\u021bi, deci aici este o continuitate pe care ne-o dorim s\u0103 \u00ee\u0219i urmeze cursul firesc. Pe partea economic\u0103 ne dorim foarte mult investi\u021bii americane \u00een Rom\u00e2nia, avem poten\u021bialul de care am vorbit, gaz la Marea Neagr\u0103, o competen\u021b\u0103 peste medie \u00een zona de IT &#8211; tehnologie, \u0219i pentru ca aceast\u0103 vizit\u0103 s\u0103 fie fructuoas\u0103 din punct de vedere economic ea trebuie precedat\u0103 de ni\u0219te vizite la nivel tehnic, astfel \u00eenc\u00e2t \u00een momentul \u00een care e o vizit\u0103 la nivel de pre\u0219edinte s\u0103 se \u00eencheie ni\u0219te acorduri economice&#8217;, a explicat pre\u0219edintele.<\/p>\n<p>El a men\u021bionat, referitor la recentul raport al Departamentului de Stat al SUA, c\u0103 exist\u0103 &#8216;o cunoa\u0219tere foarte bun\u0103 pe care statul american o are fa\u021b\u0103 de Rom\u00e2nia \u0219i fa\u021b\u0103 de alte \u021b\u0103ri europene&#8217;.<\/p>\n<p>&#8216;Pe aceste condi\u021bii, pe acest nivel al justi\u021biei, pe acest nivel al dezvolt\u0103rii economice, informa\u021biile lor sunt cele corecte, dar Rom\u00e2nia este un stat care e aproape de a intra \u00een OCDE, are o economie care \u0219i-a dublat PIB-ul, adic\u0103 trebuie s\u0103 ne uit\u0103m nici pesimist, nici optimist, trebuie s\u0103 ne uit\u0103m realist la situa\u021bia noastr\u0103 \u0219i este \u00een avantajul reciproc ca leg\u0103turile economice \u00eentre Statele Unite \u0219i Rom\u00e2nia s\u0103 se dezvolte \u0219i asta vom face&#8217;, a ad\u0103ugat \u0219eful statului.<\/p>\n<p>\u00centrebat care ar fi oportunit\u0103\u021bile de afaceri pe care le-ar propune pre\u0219edintelui Trump, Nicu\u0219or Dan a r\u0103spuns: &#8216;Pe de o parte, la nivelul nostru interior, tocmai pentru c\u0103 nu avem o strategie bine definit\u0103 economic, ele sunt, s\u0103 zicem, suntem la 50% cu ce ne-am duce la o discu\u021bie cu Statele Unite, dar vom fi la 100% la 1 ianuarie&#8217;.<\/p>\n<p>&#8216;\u00cen linii mari, cum am spus, exist\u0103 o oportunitate pe energie, gazul de la Marea Neagr\u0103. Intr\u0103m \u00eentr-o competi\u021bie pe inteligen\u021b\u0103 artificial\u0103 \u0219i pe inteligen\u021b\u0103 artificial\u0103 conteaz\u0103 o energie electric\u0103 care s\u0103 fie accesibil\u0103 \u0219i o competen\u021b\u0103 tehnic\u0103, lucruri pe care Rom\u00e2nia le are. Deci a coopera \u00een zona de inteligen\u021b\u0103 artificial\u0103 este o op\u021biune foarte serioas\u0103. Probabil c\u0103, \u00een c\u00e2\u021biva ani de acum \u00eencolo, o s\u0103 fie o preocupare pe zona de echipamente militare. Cam astea sunt zonele mari \u00een care avem interese comune. Putem s\u0103 ne uit\u0103m \u0219i la resurse minerale \u0219i aici e o discu\u021bie foarte nuan\u021bat\u0103, cam \u00een zonele acestea&#8217;, a mai spus Nicu\u0219or Dan. AGERPRES\/(AS &#8211; redactor: Alina Nov\u0103ceanu, editor: Andreea Rotaru)<br \/>\n<br \/>\nSursa articolului:  <a href=\"https:\/\/agerpres.ro\/politic\/2025\/10\/01\/nicusor-dan-decizia-sua-pe-visa-waiver-a-avut-de-a-face-mai-putin-cu-situatia-politica-din-romania--1489021\" target=\"_blank\" rel=\"noopener\" title=\"\">https:\/\/agerpres.ro\/politic\/2025\/10\/01\/nicusor-dan-decizia-sua-pe-visa-waiver-a-avut-de-a-face-mai-putin-cu-situatia-politica-din-romania&#8211;1489021<\/a><\/p>","protected":false},"excerpt":{"rendered":"<p>Pre\u0219edintele Nicu\u0219or Dan a declarat, mar\u021bi, c\u0103 &#8216;decizia Statelor Unite de a suspenda includerea Rom\u00e2niei \u00een programul Visa Waiver a avut de a face mult mai pu\u021bin cu situa\u021bia politic\u0103 din \u021bara noastr\u0103 dec\u00e2t cu politica intern\u0103 american\u0103 legat\u0103 de migra\u021bie&#8217;. &#8216;Decizia Statelor Unite de a suspenda includerea Rom\u00e2niei \u00een Visa Waiver a avut de&#8230;<\/p>","protected":false},"author":4,"featured_media":3105,"comment_status":"open","ping_status":"open","sticky":false,"template":"","format":"standard","meta":{"footnotes":""},"categories":[1],"tags":[],"class_list":["post-3104","post","type-post","status-publish","format-standard","has-post-thumbnail","hentry","category-uncategorized"],"yoast_head":"<!-- This site is optimized with the Yoast SEO plugin v26.1.1 - https:\/\/yoast.com\/wordpress\/plugins\/seo\/ -->\n<title>Nicu\u0219or Dan: Decizia SUA pe Visa Waiver a avut de a face mai pu\u021bin cu situa\u021bia politic\u0103 din Rom\u00e2nia - Carpathia Center Romania<\/title>\n<meta name=\"robots\" content=\"index, follow, max-snippet:-1, max-image-preview:large, max-video-preview:-1\" \/>\n<link rel=\"canonical\" href=\"https:\/\/carpathiacenter.ro\/en\/nicusor-dan-decizia-sua-pe-visa-waiver-a-avut-de-a-face-mai-putin-cu-situatia-politica-din-romania\/\" \/>\n<meta property=\"og:locale\" content=\"en_GB\" \/>\n<meta property=\"og:type\" content=\"article\" \/>\n<meta property=\"og:title\" content=\"Nicu\u0219or Dan: Decizia SUA pe Visa Waiver a avut de a face mai pu\u021bin cu situa\u021bia politic\u0103 din Rom\u00e2nia - Carpathia Center Romania\" \/>\n<meta property=\"og:description\" content=\"Pre\u0219edintele Nicu\u0219or Dan a declarat, mar\u021bi, c\u0103 &#8216;decizia Statelor Unite de a suspenda includerea Rom\u00e2niei \u00een programul Visa Waiver a avut de a face mult mai pu\u021bin cu situa\u021bia politic\u0103 din \u021bara noastr\u0103 dec\u00e2t cu politica intern\u0103 american\u0103 legat\u0103 de migra\u021bie&#8217;. &#8216;Decizia Statelor Unite de a suspenda includerea Rom\u00e2niei \u00een Visa Waiver a avut de...\" \/>\n<meta property=\"og:url\" content=\"https:\/\/carpathiacenter.ro\/en\/nicusor-dan-decizia-sua-pe-visa-waiver-a-avut-de-a-face-mai-putin-cu-situatia-politica-din-romania\/\" \/>\n<meta property=\"og:site_name\" content=\"Carpathia Center Romania\" \/>\n<meta property=\"article:publisher\" content=\"https:\/\/www.facebook.com\/fdpscarpathia\/\" \/>\n<meta property=\"article:published_time\" content=\"2025-10-01T06:39:56+00:00\" \/>\n<meta property=\"og:image\" content=\"https:\/\/carpathiacenter.ro\/wp-content\/uploads\/2025\/10\/Visa-Waiver.webp\" \/>\n\t<meta property=\"og:image:width\" content=\"800\" \/>\n\t<meta property=\"og:image:height\" content=\"533\" \/>\n\t<meta property=\"og:image:type\" content=\"image\/webp\" \/>\n<meta name=\"author\" content=\"creativebitsolutions\" \/>\n<meta name=\"twitter:card\" content=\"summary_large_image\" \/>\n<meta name=\"twitter:label1\" content=\"Written by\" \/>\n\t<meta name=\"twitter:data1\" content=\"creativebitsolutions\" \/>\n\t<meta name=\"twitter:label2\" content=\"Estimated reading time\" \/>\n\t<meta name=\"twitter:data2\" content=\"4 minutes\" \/>\n<script type=\"application\/ld+json\" class=\"yoast-schema-graph\">{\"@context\":\"https:\/\/schema.org\",\"@graph\":[{\"@type\":\"Article\",\"@id\":\"https:\/\/carpathiacenter.ro\/nicusor-dan-decizia-sua-pe-visa-waiver-a-avut-de-a-face-mai-putin-cu-situatia-politica-din-romania\/#article\",\"isPartOf\":{\"@id\":\"https:\/\/carpathiacenter.ro\/nicusor-dan-decizia-sua-pe-visa-waiver-a-avut-de-a-face-mai-putin-cu-situatia-politica-din-romania\/\"},\"author\":{\"name\":\"creativebitsolutions\",\"@id\":\"https:\/\/carpathiacenter.ro\/#\/schema\/person\/03d9f58202fee8379268f34afa195006\"},\"headline\":\"Nicu\u0219or Dan: Decizia SUA pe Visa Waiver a avut de a face mai pu\u021bin cu situa\u021bia politic\u0103 din Rom\u00e2nia\",\"datePublished\":\"2025-10-01T06:39:56+00:00\",\"mainEntityOfPage\":{\"@id\":\"https:\/\/carpathiacenter.ro\/nicusor-dan-decizia-sua-pe-visa-waiver-a-avut-de-a-face-mai-putin-cu-situatia-politica-din-romania\/\"},\"wordCount\":844,\"commentCount\":0,\"publisher\":{\"@id\":\"https:\/\/carpathiacenter.ro\/#organization\"},\"image\":{\"@id\":\"https:\/\/carpathiacenter.ro\/nicusor-dan-decizia-sua-pe-visa-waiver-a-avut-de-a-face-mai-putin-cu-situatia-politica-din-romania\/#primaryimage\"},\"thumbnailUrl\":\"https:\/\/carpathiacenter.ro\/wp-content\/uploads\/2025\/10\/Visa-Waiver.webp\",\"articleSection\":[\"Uncategorized\"],\"inLanguage\":\"en-GB\",\"potentialAction\":[{\"@type\":\"CommentAction\",\"name\":\"Comment\",\"target\":[\"https:\/\/carpathiacenter.ro\/nicusor-dan-decizia-sua-pe-visa-waiver-a-avut-de-a-face-mai-putin-cu-situatia-politica-din-romania\/#respond\"]}]},{\"@type\":\"WebPage\",\"@id\":\"https:\/\/carpathiacenter.ro\/nicusor-dan-decizia-sua-pe-visa-waiver-a-avut-de-a-face-mai-putin-cu-situatia-politica-din-romania\/\",\"url\":\"https:\/\/carpathiacenter.ro\/nicusor-dan-decizia-sua-pe-visa-waiver-a-avut-de-a-face-mai-putin-cu-situatia-politica-din-romania\/\",\"name\":\"Nicu\u0219or Dan: Decizia SUA pe Visa Waiver a avut de a face mai pu\u021bin cu situa\u021bia politic\u0103 din Rom\u00e2nia - Carpathia Center Romania\",\"isPartOf\":{\"@id\":\"https:\/\/carpathiacenter.ro\/#website\"},\"primaryImageOfPage\":{\"@id\":\"https:\/\/carpathiacenter.ro\/nicusor-dan-decizia-sua-pe-visa-waiver-a-avut-de-a-face-mai-putin-cu-situatia-politica-din-romania\/#primaryimage\"},\"image\":{\"@id\":\"https:\/\/carpathiacenter.ro\/nicusor-dan-decizia-sua-pe-visa-waiver-a-avut-de-a-face-mai-putin-cu-situatia-politica-din-romania\/#primaryimage\"},\"thumbnailUrl\":\"https:\/\/carpathiacenter.ro\/wp-content\/uploads\/2025\/10\/Visa-Waiver.webp\",\"datePublished\":\"2025-10-01T06:39:56+00:00\",\"breadcrumb\":{\"@id\":\"https:\/\/carpathiacenter.ro\/nicusor-dan-decizia-sua-pe-visa-waiver-a-avut-de-a-face-mai-putin-cu-situatia-politica-din-romania\/#breadcrumb\"},\"inLanguage\":\"en-GB\",\"potentialAction\":[{\"@type\":\"ReadAction\",\"target\":[\"https:\/\/carpathiacenter.ro\/nicusor-dan-decizia-sua-pe-visa-waiver-a-avut-de-a-face-mai-putin-cu-situatia-politica-din-romania\/\"]}]},{\"@type\":\"ImageObject\",\"inLanguage\":\"en-GB\",\"@id\":\"https:\/\/carpathiacenter.ro\/nicusor-dan-decizia-sua-pe-visa-waiver-a-avut-de-a-face-mai-putin-cu-situatia-politica-din-romania\/#primaryimage\",\"url\":\"https:\/\/carpathiacenter.ro\/wp-content\/uploads\/2025\/10\/Visa-Waiver.webp\",\"contentUrl\":\"https:\/\/carpathiacenter.ro\/wp-content\/uploads\/2025\/10\/Visa-Waiver.webp\",\"width\":800,\"height\":533},{\"@type\":\"BreadcrumbList\",\"@id\":\"https:\/\/carpathiacenter.ro\/nicusor-dan-decizia-sua-pe-visa-waiver-a-avut-de-a-face-mai-putin-cu-situatia-politica-din-romania\/#breadcrumb\",\"itemListElement\":[{\"@type\":\"ListItem\",\"position\":1,\"name\":\"Prima pagin\u0103\",\"item\":\"https:\/\/carpathiacenter.ro\/\"},{\"@type\":\"ListItem\",\"position\":2,\"name\":\"Nicu\u0219or Dan: Decizia SUA pe Visa Waiver a avut de a face mai pu\u021bin cu situa\u021bia politic\u0103 din Rom\u00e2nia\"}]},{\"@type\":\"WebSite\",\"@id\":\"https:\/\/carpathiacenter.ro\/#website\",\"url\":\"https:\/\/carpathiacenter.ro\/\",\"name\":\"Carpathia Center Romania\",\"description\":\"Impossible made possible!\",\"publisher\":{\"@id\":\"https:\/\/carpathiacenter.ro\/#organization\"},\"potentialAction\":[{\"@type\":\"SearchAction\",\"target\":{\"@type\":\"EntryPoint\",\"urlTemplate\":\"https:\/\/carpathiacenter.ro\/?s={search_term_string}\"},\"query-input\":{\"@type\":\"PropertyValueSpecification\",\"valueRequired\":true,\"valueName\":\"search_term_string\"}}],\"inLanguage\":\"en-GB\"},{\"@type\":\"Organization\",\"@id\":\"https:\/\/carpathiacenter.ro\/#organization\",\"name\":\"Carpathia Center Romania\",\"url\":\"https:\/\/carpathiacenter.ro\/\",\"logo\":{\"@type\":\"ImageObject\",\"inLanguage\":\"en-GB\",\"@id\":\"https:\/\/carpathiacenter.ro\/#\/schema\/logo\/image\/\",\"url\":\"https:\/\/carpathiacenter.ro\/wp-content\/uploads\/2024\/07\/logo-carpathia_bg_white-1024x941.png\",\"contentUrl\":\"https:\/\/carpathiacenter.ro\/wp-content\/uploads\/2024\/07\/logo-carpathia_bg_white-1024x941.png\",\"width\":1024,\"height\":941,\"caption\":\"Carpathia Center Romania\"},\"image\":{\"@id\":\"https:\/\/carpathiacenter.ro\/#\/schema\/logo\/image\/\"},\"sameAs\":[\"https:\/\/www.facebook.com\/fdpscarpathia\/\"]},{\"@type\":\"Person\",\"@id\":\"https:\/\/carpathiacenter.ro\/#\/schema\/person\/03d9f58202fee8379268f34afa195006\",\"name\":\"creativebitsolutions\",\"image\":{\"@type\":\"ImageObject\",\"inLanguage\":\"en-GB\",\"@id\":\"https:\/\/carpathiacenter.ro\/#\/schema\/person\/image\/\",\"url\":\"https:\/\/secure.gravatar.com\/avatar\/1b1a13e37f847c635dab78348f1dff2f07651ee2a3d77a5c355a4b8c75f9165a?s=96&d=mm&r=g\",\"contentUrl\":\"https:\/\/secure.gravatar.com\/avatar\/1b1a13e37f847c635dab78348f1dff2f07651ee2a3d77a5c355a4b8c75f9165a?s=96&d=mm&r=g\",\"caption\":\"creativebitsolutions\"},\"url\":\"https:\/\/carpathiacenter.ro\/en\/author\/creativebitsolutions\/\"}]}<\/script>\n<!-- \/ Yoast SEO plugin. -->","yoast_head_json":{"title":"Nicu\u0219or Dan: Decizia SUA pe Visa Waiver a avut de a face mai pu\u021bin cu situa\u021bia politic\u0103 din Rom\u00e2nia - Carpathia Center Romania","robots":{"index":"index","follow":"follow","max-snippet":"max-snippet:-1","max-image-preview":"max-image-preview:large","max-video-preview":"max-video-preview:-1"},"canonical":"https:\/\/carpathiacenter.ro\/en\/nicusor-dan-decizia-sua-pe-visa-waiver-a-avut-de-a-face-mai-putin-cu-situatia-politica-din-romania\/","og_locale":"en_GB","og_type":"article","og_title":"Nicu\u0219or Dan: Decizia SUA pe Visa Waiver a avut de a face mai pu\u021bin cu situa\u021bia politic\u0103 din Rom\u00e2nia - Carpathia Center Romania","og_description":"Pre\u0219edintele Nicu\u0219or Dan a declarat, mar\u021bi, c\u0103 &#8216;decizia Statelor Unite de a suspenda includerea Rom\u00e2niei \u00een programul Visa Waiver a avut de a face mult mai pu\u021bin cu situa\u021bia politic\u0103 din \u021bara noastr\u0103 dec\u00e2t cu politica intern\u0103 american\u0103 legat\u0103 de migra\u021bie&#8217;. &#8216;Decizia Statelor Unite de a suspenda includerea Rom\u00e2niei \u00een Visa Waiver a avut de...","og_url":"https:\/\/carpathiacenter.ro\/en\/nicusor-dan-decizia-sua-pe-visa-waiver-a-avut-de-a-face-mai-putin-cu-situatia-politica-din-romania\/","og_site_name":"Carpathia Center Romania","article_publisher":"https:\/\/www.facebook.com\/fdpscarpathia\/","article_published_time":"2025-10-01T06:39:56+00:00","og_image":[{"width":800,"height":533,"url":"https:\/\/carpathiacenter.ro\/wp-content\/uploads\/2025\/10\/Visa-Waiver.webp","type":"image\/webp"}],"author":"creativebitsolutions","twitter_card":"summary_large_image","twitter_misc":{"Written by":"creativebitsolutions","Estimated reading time":"4 minutes"},"schema":{"@context":"https:\/\/schema.org","@graph":[{"@type":"Article","@id":"https:\/\/carpathiacenter.ro\/nicusor-dan-decizia-sua-pe-visa-waiver-a-avut-de-a-face-mai-putin-cu-situatia-politica-din-romania\/#article","isPartOf":{"@id":"https:\/\/carpathiacenter.ro\/nicusor-dan-decizia-sua-pe-visa-waiver-a-avut-de-a-face-mai-putin-cu-situatia-politica-din-romania\/"},"author":{"name":"creativebitsolutions","@id":"https:\/\/carpathiacenter.ro\/#\/schema\/person\/03d9f58202fee8379268f34afa195006"},"headline":"Nicu\u0219or Dan: Decizia SUA pe Visa Waiver a avut de a face mai pu\u021bin cu situa\u021bia politic\u0103 din Rom\u00e2nia","datePublished":"2025-10-01T06:39:56+00:00","mainEntityOfPage":{"@id":"https:\/\/carpathiacenter.ro\/nicusor-dan-decizia-sua-pe-visa-waiver-a-avut-de-a-face-mai-putin-cu-situatia-politica-din-romania\/"},"wordCount":844,"commentCount":0,"publisher":{"@id":"https:\/\/carpathiacenter.ro\/#organization"},"image":{"@id":"https:\/\/carpathiacenter.ro\/nicusor-dan-decizia-sua-pe-visa-waiver-a-avut-de-a-face-mai-putin-cu-situatia-politica-din-romania\/#primaryimage"},"thumbnailUrl":"https:\/\/carpathiacenter.ro\/wp-content\/uploads\/2025\/10\/Visa-Waiver.webp","articleSection":["Uncategorized"],"inLanguage":"en-GB","potentialAction":[{"@type":"CommentAction","name":"Comment","target":["https:\/\/carpathiacenter.ro\/nicusor-dan-decizia-sua-pe-visa-waiver-a-avut-de-a-face-mai-putin-cu-situatia-politica-din-romania\/#respond"]}]},{"@type":"WebPage","@id":"https:\/\/carpathiacenter.ro\/nicusor-dan-decizia-sua-pe-visa-waiver-a-avut-de-a-face-mai-putin-cu-situatia-politica-din-romania\/","url":"https:\/\/carpathiacenter.ro\/nicusor-dan-decizia-sua-pe-visa-waiver-a-avut-de-a-face-mai-putin-cu-situatia-politica-din-romania\/","name":"Nicu\u0219or Dan: Decizia SUA pe Visa Waiver a avut de a face mai pu\u021bin cu situa\u021bia politic\u0103 din Rom\u00e2nia - Carpathia Center Romania","isPartOf":{"@id":"https:\/\/carpathiacenter.ro\/#website"},"primaryImageOfPage":{"@id":"https:\/\/carpathiacenter.ro\/nicusor-dan-decizia-sua-pe-visa-waiver-a-avut-de-a-face-mai-putin-cu-situatia-politica-din-romania\/#primaryimage"},"image":{"@id":"https:\/\/carpathiacenter.ro\/nicusor-dan-decizia-sua-pe-visa-waiver-a-avut-de-a-face-mai-putin-cu-situatia-politica-din-romania\/#primaryimage"},"thumbnailUrl":"https:\/\/carpathiacenter.ro\/wp-content\/uploads\/2025\/10\/Visa-Waiver.webp","datePublished":"2025-10-01T06:39:56+00:00","breadcrumb":{"@id":"https:\/\/carpathiacenter.ro\/nicusor-dan-decizia-sua-pe-visa-waiver-a-avut-de-a-face-mai-putin-cu-situatia-politica-din-romania\/#breadcrumb"},"inLanguage":"en-GB","potentialAction":[{"@type":"ReadAction","target":["https:\/\/carpathiacenter.ro\/nicusor-dan-decizia-sua-pe-visa-waiver-a-avut-de-a-face-mai-putin-cu-situatia-politica-din-romania\/"]}]},{"@type":"ImageObject","inLanguage":"en-GB","@id":"https:\/\/carpathiacenter.ro\/nicusor-dan-decizia-sua-pe-visa-waiver-a-avut-de-a-face-mai-putin-cu-situatia-politica-din-romania\/#primaryimage","url":"https:\/\/carpathiacenter.ro\/wp-content\/uploads\/2025\/10\/Visa-Waiver.webp","contentUrl":"https:\/\/carpathiacenter.ro\/wp-content\/uploads\/2025\/10\/Visa-Waiver.webp","width":800,"height":533},{"@type":"BreadcrumbList","@id":"https:\/\/carpathiacenter.ro\/nicusor-dan-decizia-sua-pe-visa-waiver-a-avut-de-a-face-mai-putin-cu-situatia-politica-din-romania\/#breadcrumb","itemListElement":[{"@type":"ListItem","position":1,"name":"Prima pagin\u0103","item":"https:\/\/carpathiacenter.ro\/"},{"@type":"ListItem","position":2,"name":"Nicu\u0219or Dan: Decizia SUA pe Visa Waiver a avut de a face mai pu\u021bin cu situa\u021bia politic\u0103 din Rom\u00e2nia"}]},{"@type":"WebSite","@id":"https:\/\/carpathiacenter.ro\/#website","url":"https:\/\/carpathiacenter.ro\/","name":"Carpathia Center Romania","description":"Impossible made possible!","publisher":{"@id":"https:\/\/carpathiacenter.ro\/#organization"},"potentialAction":[{"@type":"SearchAction","target":{"@type":"EntryPoint","urlTemplate":"https:\/\/carpathiacenter.ro\/?s={search_term_string}"},"query-input":{"@type":"PropertyValueSpecification","valueRequired":true,"valueName":"search_term_string"}}],"inLanguage":"en-GB"},{"@type":"Organization","@id":"https:\/\/carpathiacenter.ro\/#organization","name":"Carpathia Center Romania","url":"https:\/\/carpathiacenter.ro\/","logo":{"@type":"ImageObject","inLanguage":"en-GB","@id":"https:\/\/carpathiacenter.ro\/#\/schema\/logo\/image\/","url":"https:\/\/carpathiacenter.ro\/wp-content\/uploads\/2024\/07\/logo-carpathia_bg_white-1024x941.png","contentUrl":"https:\/\/carpathiacenter.ro\/wp-content\/uploads\/2024\/07\/logo-carpathia_bg_white-1024x941.png","width":1024,"height":941,"caption":"Carpathia Center Romania"},"image":{"@id":"https:\/\/carpathiacenter.ro\/#\/schema\/logo\/image\/"},"sameAs":["https:\/\/www.facebook.com\/fdpscarpathia\/"]},{"@type":"Person","@id":"https:\/\/carpathiacenter.ro\/#\/schema\/person\/03d9f58202fee8379268f34afa195006","name":"creativebitsolutions","image":{"@type":"ImageObject","inLanguage":"en-GB","@id":"https:\/\/carpathiacenter.ro\/#\/schema\/person\/image\/","url":"https:\/\/secure.gravatar.com\/avatar\/1b1a13e37f847c635dab78348f1dff2f07651ee2a3d77a5c355a4b8c75f9165a?s=96&d=mm&r=g","contentUrl":"https:\/\/secure.gravatar.com\/avatar\/1b1a13e37f847c635dab78348f1dff2f07651ee2a3d77a5c355a4b8c75f9165a?s=96&d=mm&r=g","caption":"creativebitsolutions"},"url":"https:\/\/carpathiacenter.ro\/en\/author\/creativebitsolutions\/"}]}},"_links":{"self":[{"href":"https:\/\/carpathiacenter.ro\/en\/wp-json\/wp\/v2\/posts\/3104","targetHints":{"allow":["GET"]}}],"collection":[{"href":"https:\/\/carpathiacenter.ro\/en\/wp-json\/wp\/v2\/posts"}],"about":[{"href":"https:\/\/carpathiacenter.ro\/en\/wp-json\/wp\/v2\/types\/post"}],"author":[{"embeddable":true,"href":"https:\/\/carpathiacenter.ro\/en\/wp-json\/wp\/v2\/users\/4"}],"replies":[{"embeddable":true,"href":"https:\/\/carpathiacenter.ro\/en\/wp-json\/wp\/v2\/comments?post=3104"}],"version-history":[{"count":1,"href":"https:\/\/carpathiacenter.ro\/en\/wp-json\/wp\/v2\/posts\/3104\/revisions"}],"predecessor-version":[{"id":3106,"href":"https:\/\/carpathiacenter.ro\/en\/wp-json\/wp\/v2\/posts\/3104\/revisions\/3106"}],"wp:featuredmedia":[{"embeddable":true,"href":"https:\/\/carpathiacenter.ro\/en\/wp-json\/wp\/v2\/media\/3105"}],"wp:attachment":[{"href":"https:\/\/carpathiacenter.ro\/en\/wp-json\/wp\/v2\/media?parent=3104"}],"wp:term":[{"taxonomy":"category","embeddable":true,"href":"https:\/\/carpathiacenter.ro\/en\/wp-json\/wp\/v2\/categories?post=3104"},{"taxonomy":"post_tag","embeddable":true,"href":"https:\/\/carpathiacenter.ro\/en\/wp-json\/wp\/v2\/tags?post=3104"}],"curies":[{"name":"wp","href":"https:\/\/api.w.org\/{rel}","templated":true}]}}