{"id":3101,"date":"2025-10-01T06:37:54","date_gmt":"2025-10-01T06:37:54","guid":{"rendered":"https:\/\/carpathiacenter.ro\/?p=3101"},"modified":"2025-10-01T06:37:54","modified_gmt":"2025-10-01T06:37:54","slug":"ziua-nationala-a-luptei-impotriva-cancerului-de-san-palatul-cotroceni-iluminat-in-roz","status":"publish","type":"post","link":"https:\/\/carpathiacenter.ro\/en\/ziua-nationala-a-luptei-impotriva-cancerului-de-san-palatul-cotroceni-iluminat-in-roz\/","title":{"rendered":"Ziua Na\u021bional\u0103 a Luptei \u00eempotriva Cancerului de S\u00e2n\/ Palatul Cotroceni &#8211; iluminat \u00een roz"},"content":{"rendered":"<p>Palatul Cotroceni va fi iluminat \u00een roz, miercuri, cu prilejul Zilei Na\u021bionale a Luptei \u00eempotriva Cancerului de S\u00e2n, iar la eveniment va participa partenera de via\u021b\u0103 a pre\u0219edintelui Nicu\u0219or Dan, Mirabela Gr\u0103dinaru, informeaz\u0103 Administra\u021bia Preziden\u021bial\u0103.<\/p>\n<p>Evenimentul este organizat \u00een semn de solidaritate \u0219i sus\u021binere pentru femeile din Rom\u00e2nia care se confrunt\u0103 cu aceast\u0103 boal\u0103.<\/p>\n<p>&#8216;Ca gest de empatie \u0219i sprijin, doamna Mirabela Gr\u0103dinaru va participa la momentul simbolic al aprinderii luminii roz, culoarea care este asociat\u0103 \u00een mod tradi\u021bional la nivel global cu lupta femeilor \u00eempotriva cancerului de s\u00e2n&#8217;, a precizat sursa citat\u0103.<\/p>\n<p>Evenimentul este organizat de Funda\u021bia Rena\u0219terea \u0219i va \u00eencepe la ora 19:00. AGERPRES\/(AS &#8211; editor: Florin Marin, editor online: Alexandru Cojocaru)<br \/>\n<br \/>\nSursa articolului:  <a href=\"https:\/\/agerpres.ro\/social\/2025\/10\/01\/ziua-nationala-a-luptei-impotriva-cancerului-de-san-palatul-cotroceni---iluminat-in-roz--1489046\" target=\"_blank\" rel=\"noopener\" title=\"\">https:\/\/agerpres.ro\/social\/2025\/10\/01\/ziua-nationala-a-luptei-impotriva-cancerului-de-san-palatul-cotroceni&#8212;iluminat-in-roz&#8211;1489046<\/a><\/p>","protected":false},"excerpt":{"rendered":"<p>Palatul Cotroceni va fi iluminat \u00een roz, miercuri, cu prilejul Zilei Na\u021bionale a Luptei \u00eempotriva Cancerului de S\u00e2n, iar la eveniment va participa partenera de via\u021b\u0103 a pre\u0219edintelui Nicu\u0219or Dan, Mirabela Gr\u0103dinaru, informeaz\u0103 Administra\u021bia Preziden\u021bial\u0103. Evenimentul este organizat \u00een semn de solidaritate \u0219i sus\u021binere pentru femeile din Rom\u00e2nia care se confrunt\u0103 cu aceast\u0103 boal\u0103. &#8216;Ca&#8230;<\/p>","protected":false},"author":4,"featured_media":3102,"comment_status":"open","ping_status":"open","sticky":false,"template":"","format":"standard","meta":{"footnotes":""},"categories":[1],"tags":[],"class_list":["post-3101","post","type-post","status-publish","format-standard","has-post-thumbnail","hentry","category-uncategorized"],"yoast_head":"<!-- This site is optimized with the Yoast SEO plugin v26.1.1 - https:\/\/yoast.com\/wordpress\/plugins\/seo\/ -->\n<title>Ziua Na\u021bional\u0103 a Luptei \u00eempotriva Cancerului de S\u00e2n\/ Palatul Cotroceni - iluminat \u00een roz - Carpathia Center Romania<\/title>\n<meta name=\"robots\" content=\"index, follow, max-snippet:-1, max-image-preview:large, max-video-preview:-1\" \/>\n<link rel=\"canonical\" href=\"https:\/\/carpathiacenter.ro\/en\/ziua-nationala-a-luptei-impotriva-cancerului-de-san-palatul-cotroceni-iluminat-in-roz\/\" \/>\n<meta property=\"og:locale\" content=\"en_GB\" \/>\n<meta property=\"og:type\" content=\"article\" \/>\n<meta property=\"og:title\" content=\"Ziua Na\u021bional\u0103 a Luptei \u00eempotriva Cancerului de S\u00e2n\/ Palatul Cotroceni - iluminat \u00een roz - Carpathia Center Romania\" \/>\n<meta property=\"og:description\" content=\"Palatul Cotroceni va fi iluminat \u00een roz, miercuri, cu prilejul Zilei Na\u021bionale a Luptei \u00eempotriva Cancerului de S\u00e2n, iar la eveniment va participa partenera de via\u021b\u0103 a pre\u0219edintelui Nicu\u0219or Dan, Mirabela Gr\u0103dinaru, informeaz\u0103 Administra\u021bia Preziden\u021bial\u0103. Evenimentul este organizat \u00een semn de solidaritate \u0219i sus\u021binere pentru femeile din Rom\u00e2nia care se confrunt\u0103 cu aceast\u0103 boal\u0103. &#8216;Ca...\" \/>\n<meta property=\"og:url\" content=\"https:\/\/carpathiacenter.ro\/en\/ziua-nationala-a-luptei-impotriva-cancerului-de-san-palatul-cotroceni-iluminat-in-roz\/\" \/>\n<meta property=\"og:site_name\" content=\"Carpathia Center Romania\" \/>\n<meta property=\"article:publisher\" content=\"https:\/\/www.facebook.com\/fdpscarpathia\/\" \/>\n<meta property=\"article:published_time\" content=\"2025-10-01T06:37:54+00:00\" \/>\n<meta property=\"og:image\" content=\"https:\/\/carpathiacenter.ro\/wp-content\/uploads\/2025\/10\/Palatul-Cotroceni-iluminat-in-roz.jpg\" \/>\n\t<meta property=\"og:image:width\" content=\"800\" \/>\n\t<meta property=\"og:image:height\" content=\"602\" \/>\n\t<meta property=\"og:image:type\" content=\"image\/jpeg\" \/>\n<meta name=\"author\" content=\"creativebitsolutions\" \/>\n<meta name=\"twitter:card\" content=\"summary_large_image\" \/>\n<meta name=\"twitter:label1\" content=\"Written by\" \/>\n\t<meta name=\"twitter:data1\" content=\"creativebitsolutions\" \/>\n\t<meta name=\"twitter:label2\" content=\"Estimated reading time\" \/>\n\t<meta name=\"twitter:data2\" content=\"1 minute\" \/>\n<script type=\"application\/ld+json\" class=\"yoast-schema-graph\">{\"@context\":\"https:\/\/schema.org\",\"@graph\":[{\"@type\":\"Article\",\"@id\":\"https:\/\/carpathiacenter.ro\/ziua-nationala-a-luptei-impotriva-cancerului-de-san-palatul-cotroceni-iluminat-in-roz\/#article\",\"isPartOf\":{\"@id\":\"https:\/\/carpathiacenter.ro\/ziua-nationala-a-luptei-impotriva-cancerului-de-san-palatul-cotroceni-iluminat-in-roz\/\"},\"author\":{\"name\":\"creativebitsolutions\",\"@id\":\"https:\/\/carpathiacenter.ro\/#\/schema\/person\/03d9f58202fee8379268f34afa195006\"},\"headline\":\"Ziua Na\u021bional\u0103 a Luptei \u00eempotriva Cancerului de S\u00e2n\/ Palatul Cotroceni &#8211; iluminat \u00een roz\",\"datePublished\":\"2025-10-01T06:37:54+00:00\",\"mainEntityOfPage\":{\"@id\":\"https:\/\/carpathiacenter.ro\/ziua-nationala-a-luptei-impotriva-cancerului-de-san-palatul-cotroceni-iluminat-in-roz\/\"},\"wordCount\":151,\"commentCount\":0,\"publisher\":{\"@id\":\"https:\/\/carpathiacenter.ro\/#organization\"},\"image\":{\"@id\":\"https:\/\/carpathiacenter.ro\/ziua-nationala-a-luptei-impotriva-cancerului-de-san-palatul-cotroceni-iluminat-in-roz\/#primaryimage\"},\"thumbnailUrl\":\"https:\/\/carpathiacenter.ro\/wp-content\/uploads\/2025\/10\/Palatul-Cotroceni-iluminat-in-roz.jpg\",\"articleSection\":[\"Uncategorized\"],\"inLanguage\":\"en-GB\",\"potentialAction\":[{\"@type\":\"CommentAction\",\"name\":\"Comment\",\"target\":[\"https:\/\/carpathiacenter.ro\/ziua-nationala-a-luptei-impotriva-cancerului-de-san-palatul-cotroceni-iluminat-in-roz\/#respond\"]}]},{\"@type\":\"WebPage\",\"@id\":\"https:\/\/carpathiacenter.ro\/ziua-nationala-a-luptei-impotriva-cancerului-de-san-palatul-cotroceni-iluminat-in-roz\/\",\"url\":\"https:\/\/carpathiacenter.ro\/ziua-nationala-a-luptei-impotriva-cancerului-de-san-palatul-cotroceni-iluminat-in-roz\/\",\"name\":\"Ziua Na\u021bional\u0103 a Luptei \u00eempotriva Cancerului de S\u00e2n\/ Palatul Cotroceni - iluminat \u00een roz - Carpathia Center Romania\",\"isPartOf\":{\"@id\":\"https:\/\/carpathiacenter.ro\/#website\"},\"primaryImageOfPage\":{\"@id\":\"https:\/\/carpathiacenter.ro\/ziua-nationala-a-luptei-impotriva-cancerului-de-san-palatul-cotroceni-iluminat-in-roz\/#primaryimage\"},\"image\":{\"@id\":\"https:\/\/carpathiacenter.ro\/ziua-nationala-a-luptei-impotriva-cancerului-de-san-palatul-cotroceni-iluminat-in-roz\/#primaryimage\"},\"thumbnailUrl\":\"https:\/\/carpathiacenter.ro\/wp-content\/uploads\/2025\/10\/Palatul-Cotroceni-iluminat-in-roz.jpg\",\"datePublished\":\"2025-10-01T06:37:54+00:00\",\"breadcrumb\":{\"@id\":\"https:\/\/carpathiacenter.ro\/ziua-nationala-a-luptei-impotriva-cancerului-de-san-palatul-cotroceni-iluminat-in-roz\/#breadcrumb\"},\"inLanguage\":\"en-GB\",\"potentialAction\":[{\"@type\":\"ReadAction\",\"target\":[\"https:\/\/carpathiacenter.ro\/ziua-nationala-a-luptei-impotriva-cancerului-de-san-palatul-cotroceni-iluminat-in-roz\/\"]}]},{\"@type\":\"ImageObject\",\"inLanguage\":\"en-GB\",\"@id\":\"https:\/\/carpathiacenter.ro\/ziua-nationala-a-luptei-impotriva-cancerului-de-san-palatul-cotroceni-iluminat-in-roz\/#primaryimage\",\"url\":\"https:\/\/carpathiacenter.ro\/wp-content\/uploads\/2025\/10\/Palatul-Cotroceni-iluminat-in-roz.jpg\",\"contentUrl\":\"https:\/\/carpathiacenter.ro\/wp-content\/uploads\/2025\/10\/Palatul-Cotroceni-iluminat-in-roz.jpg\",\"width\":800,\"height\":602},{\"@type\":\"BreadcrumbList\",\"@id\":\"https:\/\/carpathiacenter.ro\/ziua-nationala-a-luptei-impotriva-cancerului-de-san-palatul-cotroceni-iluminat-in-roz\/#breadcrumb\",\"itemListElement\":[{\"@type\":\"ListItem\",\"position\":1,\"name\":\"Prima pagin\u0103\",\"item\":\"https:\/\/carpathiacenter.ro\/\"},{\"@type\":\"ListItem\",\"position\":2,\"name\":\"Ziua Na\u021bional\u0103 a Luptei \u00eempotriva Cancerului de S\u00e2n\/ Palatul Cotroceni &#8211; iluminat \u00een roz\"}]},{\"@type\":\"WebSite\",\"@id\":\"https:\/\/carpathiacenter.ro\/#website\",\"url\":\"https:\/\/carpathiacenter.ro\/\",\"name\":\"Carpathia Center Romania\",\"description\":\"Impossible made possible!\",\"publisher\":{\"@id\":\"https:\/\/carpathiacenter.ro\/#organization\"},\"potentialAction\":[{\"@type\":\"SearchAction\",\"target\":{\"@type\":\"EntryPoint\",\"urlTemplate\":\"https:\/\/carpathiacenter.ro\/?s={search_term_string}\"},\"query-input\":{\"@type\":\"PropertyValueSpecification\",\"valueRequired\":true,\"valueName\":\"search_term_string\"}}],\"inLanguage\":\"en-GB\"},{\"@type\":\"Organization\",\"@id\":\"https:\/\/carpathiacenter.ro\/#organization\",\"name\":\"Carpathia Center Romania\",\"url\":\"https:\/\/carpathiacenter.ro\/\",\"logo\":{\"@type\":\"ImageObject\",\"inLanguage\":\"en-GB\",\"@id\":\"https:\/\/carpathiacenter.ro\/#\/schema\/logo\/image\/\",\"url\":\"https:\/\/carpathiacenter.ro\/wp-content\/uploads\/2024\/07\/logo-carpathia_bg_white-1024x941.png\",\"contentUrl\":\"https:\/\/carpathiacenter.ro\/wp-content\/uploads\/2024\/07\/logo-carpathia_bg_white-1024x941.png\",\"width\":1024,\"height\":941,\"caption\":\"Carpathia Center Romania\"},\"image\":{\"@id\":\"https:\/\/carpathiacenter.ro\/#\/schema\/logo\/image\/\"},\"sameAs\":[\"https:\/\/www.facebook.com\/fdpscarpathia\/\"]},{\"@type\":\"Person\",\"@id\":\"https:\/\/carpathiacenter.ro\/#\/schema\/person\/03d9f58202fee8379268f34afa195006\",\"name\":\"creativebitsolutions\",\"image\":{\"@type\":\"ImageObject\",\"inLanguage\":\"en-GB\",\"@id\":\"https:\/\/carpathiacenter.ro\/#\/schema\/person\/image\/\",\"url\":\"https:\/\/secure.gravatar.com\/avatar\/1b1a13e37f847c635dab78348f1dff2f07651ee2a3d77a5c355a4b8c75f9165a?s=96&d=mm&r=g\",\"contentUrl\":\"https:\/\/secure.gravatar.com\/avatar\/1b1a13e37f847c635dab78348f1dff2f07651ee2a3d77a5c355a4b8c75f9165a?s=96&d=mm&r=g\",\"caption\":\"creativebitsolutions\"},\"url\":\"https:\/\/carpathiacenter.ro\/en\/author\/creativebitsolutions\/\"}]}<\/script>\n<!-- \/ Yoast SEO plugin. -->","yoast_head_json":{"title":"Ziua Na\u021bional\u0103 a Luptei \u00eempotriva Cancerului de S\u00e2n\/ Palatul Cotroceni - iluminat \u00een roz - Carpathia Center Romania","robots":{"index":"index","follow":"follow","max-snippet":"max-snippet:-1","max-image-preview":"max-image-preview:large","max-video-preview":"max-video-preview:-1"},"canonical":"https:\/\/carpathiacenter.ro\/en\/ziua-nationala-a-luptei-impotriva-cancerului-de-san-palatul-cotroceni-iluminat-in-roz\/","og_locale":"en_GB","og_type":"article","og_title":"Ziua Na\u021bional\u0103 a Luptei \u00eempotriva Cancerului de S\u00e2n\/ Palatul Cotroceni - iluminat \u00een roz - Carpathia Center Romania","og_description":"Palatul Cotroceni va fi iluminat \u00een roz, miercuri, cu prilejul Zilei Na\u021bionale a Luptei \u00eempotriva Cancerului de S\u00e2n, iar la eveniment va participa partenera de via\u021b\u0103 a pre\u0219edintelui Nicu\u0219or Dan, Mirabela Gr\u0103dinaru, informeaz\u0103 Administra\u021bia Preziden\u021bial\u0103. Evenimentul este organizat \u00een semn de solidaritate \u0219i sus\u021binere pentru femeile din Rom\u00e2nia care se confrunt\u0103 cu aceast\u0103 boal\u0103. &#8216;Ca...","og_url":"https:\/\/carpathiacenter.ro\/en\/ziua-nationala-a-luptei-impotriva-cancerului-de-san-palatul-cotroceni-iluminat-in-roz\/","og_site_name":"Carpathia Center Romania","article_publisher":"https:\/\/www.facebook.com\/fdpscarpathia\/","article_published_time":"2025-10-01T06:37:54+00:00","og_image":[{"width":800,"height":602,"url":"https:\/\/carpathiacenter.ro\/wp-content\/uploads\/2025\/10\/Palatul-Cotroceni-iluminat-in-roz.jpg","type":"image\/jpeg"}],"author":"creativebitsolutions","twitter_card":"summary_large_image","twitter_misc":{"Written by":"creativebitsolutions","Estimated reading time":"1 minute"},"schema":{"@context":"https:\/\/schema.org","@graph":[{"@type":"Article","@id":"https:\/\/carpathiacenter.ro\/ziua-nationala-a-luptei-impotriva-cancerului-de-san-palatul-cotroceni-iluminat-in-roz\/#article","isPartOf":{"@id":"https:\/\/carpathiacenter.ro\/ziua-nationala-a-luptei-impotriva-cancerului-de-san-palatul-cotroceni-iluminat-in-roz\/"},"author":{"name":"creativebitsolutions","@id":"https:\/\/carpathiacenter.ro\/#\/schema\/person\/03d9f58202fee8379268f34afa195006"},"headline":"Ziua Na\u021bional\u0103 a Luptei \u00eempotriva Cancerului de S\u00e2n\/ Palatul Cotroceni &#8211; iluminat \u00een roz","datePublished":"2025-10-01T06:37:54+00:00","mainEntityOfPage":{"@id":"https:\/\/carpathiacenter.ro\/ziua-nationala-a-luptei-impotriva-cancerului-de-san-palatul-cotroceni-iluminat-in-roz\/"},"wordCount":151,"commentCount":0,"publisher":{"@id":"https:\/\/carpathiacenter.ro\/#organization"},"image":{"@id":"https:\/\/carpathiacenter.ro\/ziua-nationala-a-luptei-impotriva-cancerului-de-san-palatul-cotroceni-iluminat-in-roz\/#primaryimage"},"thumbnailUrl":"https:\/\/carpathiacenter.ro\/wp-content\/uploads\/2025\/10\/Palatul-Cotroceni-iluminat-in-roz.jpg","articleSection":["Uncategorized"],"inLanguage":"en-GB","potentialAction":[{"@type":"CommentAction","name":"Comment","target":["https:\/\/carpathiacenter.ro\/ziua-nationala-a-luptei-impotriva-cancerului-de-san-palatul-cotroceni-iluminat-in-roz\/#respond"]}]},{"@type":"WebPage","@id":"https:\/\/carpathiacenter.ro\/ziua-nationala-a-luptei-impotriva-cancerului-de-san-palatul-cotroceni-iluminat-in-roz\/","url":"https:\/\/carpathiacenter.ro\/ziua-nationala-a-luptei-impotriva-cancerului-de-san-palatul-cotroceni-iluminat-in-roz\/","name":"Ziua Na\u021bional\u0103 a Luptei \u00eempotriva Cancerului de S\u00e2n\/ Palatul Cotroceni - iluminat \u00een roz - Carpathia Center Romania","isPartOf":{"@id":"https:\/\/carpathiacenter.ro\/#website"},"primaryImageOfPage":{"@id":"https:\/\/carpathiacenter.ro\/ziua-nationala-a-luptei-impotriva-cancerului-de-san-palatul-cotroceni-iluminat-in-roz\/#primaryimage"},"image":{"@id":"https:\/\/carpathiacenter.ro\/ziua-nationala-a-luptei-impotriva-cancerului-de-san-palatul-cotroceni-iluminat-in-roz\/#primaryimage"},"thumbnailUrl":"https:\/\/carpathiacenter.ro\/wp-content\/uploads\/2025\/10\/Palatul-Cotroceni-iluminat-in-roz.jpg","datePublished":"2025-10-01T06:37:54+00:00","breadcrumb":{"@id":"https:\/\/carpathiacenter.ro\/ziua-nationala-a-luptei-impotriva-cancerului-de-san-palatul-cotroceni-iluminat-in-roz\/#breadcrumb"},"inLanguage":"en-GB","potentialAction":[{"@type":"ReadAction","target":["https:\/\/carpathiacenter.ro\/ziua-nationala-a-luptei-impotriva-cancerului-de-san-palatul-cotroceni-iluminat-in-roz\/"]}]},{"@type":"ImageObject","inLanguage":"en-GB","@id":"https:\/\/carpathiacenter.ro\/ziua-nationala-a-luptei-impotriva-cancerului-de-san-palatul-cotroceni-iluminat-in-roz\/#primaryimage","url":"https:\/\/carpathiacenter.ro\/wp-content\/uploads\/2025\/10\/Palatul-Cotroceni-iluminat-in-roz.jpg","contentUrl":"https:\/\/carpathiacenter.ro\/wp-content\/uploads\/2025\/10\/Palatul-Cotroceni-iluminat-in-roz.jpg","width":800,"height":602},{"@type":"BreadcrumbList","@id":"https:\/\/carpathiacenter.ro\/ziua-nationala-a-luptei-impotriva-cancerului-de-san-palatul-cotroceni-iluminat-in-roz\/#breadcrumb","itemListElement":[{"@type":"ListItem","position":1,"name":"Prima pagin\u0103","item":"https:\/\/carpathiacenter.ro\/"},{"@type":"ListItem","position":2,"name":"Ziua Na\u021bional\u0103 a Luptei \u00eempotriva Cancerului de S\u00e2n\/ Palatul Cotroceni &#8211; iluminat \u00een roz"}]},{"@type":"WebSite","@id":"https:\/\/carpathiacenter.ro\/#website","url":"https:\/\/carpathiacenter.ro\/","name":"Carpathia Center Romania","description":"Impossible made possible!","publisher":{"@id":"https:\/\/carpathiacenter.ro\/#organization"},"potentialAction":[{"@type":"SearchAction","target":{"@type":"EntryPoint","urlTemplate":"https:\/\/carpathiacenter.ro\/?s={search_term_string}"},"query-input":{"@type":"PropertyValueSpecification","valueRequired":true,"valueName":"search_term_string"}}],"inLanguage":"en-GB"},{"@type":"Organization","@id":"https:\/\/carpathiacenter.ro\/#organization","name":"Carpathia Center Romania","url":"https:\/\/carpathiacenter.ro\/","logo":{"@type":"ImageObject","inLanguage":"en-GB","@id":"https:\/\/carpathiacenter.ro\/#\/schema\/logo\/image\/","url":"https:\/\/carpathiacenter.ro\/wp-content\/uploads\/2024\/07\/logo-carpathia_bg_white-1024x941.png","contentUrl":"https:\/\/carpathiacenter.ro\/wp-content\/uploads\/2024\/07\/logo-carpathia_bg_white-1024x941.png","width":1024,"height":941,"caption":"Carpathia Center Romania"},"image":{"@id":"https:\/\/carpathiacenter.ro\/#\/schema\/logo\/image\/"},"sameAs":["https:\/\/www.facebook.com\/fdpscarpathia\/"]},{"@type":"Person","@id":"https:\/\/carpathiacenter.ro\/#\/schema\/person\/03d9f58202fee8379268f34afa195006","name":"creativebitsolutions","image":{"@type":"ImageObject","inLanguage":"en-GB","@id":"https:\/\/carpathiacenter.ro\/#\/schema\/person\/image\/","url":"https:\/\/secure.gravatar.com\/avatar\/1b1a13e37f847c635dab78348f1dff2f07651ee2a3d77a5c355a4b8c75f9165a?s=96&d=mm&r=g","contentUrl":"https:\/\/secure.gravatar.com\/avatar\/1b1a13e37f847c635dab78348f1dff2f07651ee2a3d77a5c355a4b8c75f9165a?s=96&d=mm&r=g","caption":"creativebitsolutions"},"url":"https:\/\/carpathiacenter.ro\/en\/author\/creativebitsolutions\/"}]}},"_links":{"self":[{"href":"https:\/\/carpathiacenter.ro\/en\/wp-json\/wp\/v2\/posts\/3101","targetHints":{"allow":["GET"]}}],"collection":[{"href":"https:\/\/carpathiacenter.ro\/en\/wp-json\/wp\/v2\/posts"}],"about":[{"href":"https:\/\/carpathiacenter.ro\/en\/wp-json\/wp\/v2\/types\/post"}],"author":[{"embeddable":true,"href":"https:\/\/carpathiacenter.ro\/en\/wp-json\/wp\/v2\/users\/4"}],"replies":[{"embeddable":true,"href":"https:\/\/carpathiacenter.ro\/en\/wp-json\/wp\/v2\/comments?post=3101"}],"version-history":[{"count":1,"href":"https:\/\/carpathiacenter.ro\/en\/wp-json\/wp\/v2\/posts\/3101\/revisions"}],"predecessor-version":[{"id":3103,"href":"https:\/\/carpathiacenter.ro\/en\/wp-json\/wp\/v2\/posts\/3101\/revisions\/3103"}],"wp:featuredmedia":[{"embeddable":true,"href":"https:\/\/carpathiacenter.ro\/en\/wp-json\/wp\/v2\/media\/3102"}],"wp:attachment":[{"href":"https:\/\/carpathiacenter.ro\/en\/wp-json\/wp\/v2\/media?parent=3101"}],"wp:term":[{"taxonomy":"category","embeddable":true,"href":"https:\/\/carpathiacenter.ro\/en\/wp-json\/wp\/v2\/categories?post=3101"},{"taxonomy":"post_tag","embeddable":true,"href":"https:\/\/carpathiacenter.ro\/en\/wp-json\/wp\/v2\/tags?post=3101"}],"curies":[{"name":"wp","href":"https:\/\/api.w.org\/{rel}","templated":true}]}}