{"id":3094,"date":"2025-09-30T06:38:40","date_gmt":"2025-09-30T06:38:40","guid":{"rendered":"https:\/\/carpathiacenter.ro\/?p=3094"},"modified":"2025-09-30T06:38:40","modified_gmt":"2025-09-30T06:38:40","slug":"presedintele-nicusor-dan-la-timisoara-cities-summit-dezbateri-despre-viitorul-ue-si-al-oraselor","status":"publish","type":"post","link":"https:\/\/carpathiacenter.ro\/en\/presedintele-nicusor-dan-la-timisoara-cities-summit-dezbateri-despre-viitorul-ue-si-al-oraselor\/","title":{"rendered":"Pre\u0219edintele Nicu\u0219or Dan, la Timi\u0219oara Cities Summit; dezbateri despre viitorul UE \u0219i al ora\u0219elor"},"content":{"rendered":"<p>Pre\u0219edintele Nicu\u0219or Dan particip\u0103, mar\u021bi, la Timi\u0219oara Cities Summit, reuniune \u00een cadrul c\u0103reia participan\u021bii &#8211; primari \u0219i oficiali europeni &#8211; vor discuta despre viitorul Uniunii Europene \u0219i rolul ora\u0219elor \u00een extinderea ei.<\/p>\n<p>&#8221;M\u0103 bucur enorm c\u0103 pre\u0219edintele Rom\u00e2niei, Nicu\u0219or Dan, a acceptat invita\u021bia Timi\u0219oarei de a participa la Timi\u0219oara Cities Summit. Vom avea aici primari, ambasadori \u0219i lideri din 15 \u021b\u0103ri europene &#8211; membre ale UE \u0219i \u021b\u0103ri candidate, pentru a discuta despre viitorul Uniunii Europene \u0219i rolul ora\u0219elor \u00een extinderea ei. E o mare m\u00e2ndrie c\u0103 Timi\u0219oara devine locul unde Europa \u00ee\u0219i pune \u00eentreb\u0103rile importante despre prezent \u0219i viitor&#8221;, a anun\u021bat, pe Facebook, primarul Dominic Fritz.<\/p>\n<p>Potrivit organizatorilor, la dezbateri vor veni primari ai unor capitale europene, oficiali ai institu\u021biilor europene, ambasadori, politicieni \u0219i anali\u0219ti.<\/p>\n<p>\u00cen prima parte a summitului, primarii vor participa la sesiuni de dezbateri pe teme precum extinderea Uniunii Europene, securitatea continental\u0103, Green Deal-ul european \u0219i finan\u021barea direct\u0103 a ora\u0219elor. Summitul se va \u00eencheia cu semnarea unei declara\u021bii comune a primarilor din UE \u0219i \u021b\u0103rile candidate prin care urmeaz\u0103 s\u0103 se sublinieze rolul esen\u021bial al ora\u0219elor \u00een procesul de extindere.<\/p>\n<p>Printre primarii care au confirmat prezen\u021ba sunt Vassil Terziev (Sofia, Bulgaria), Gergely Karacsony (Budapesta, Ungaria), Tomislav Tomasevic (Zagreb, Croa\u021bia), Andriy Sadovyi (Lviv, Ucraina), Roman Klichuk (Cern\u0103u\u021bi, Ucraina), Nicolae Dandi\u0219 (Cahul, Moldova), Dusan Raicevic (Bar, Muntenegru), Ivan Gulam (Pirovac, Croa\u021bia).<\/p>\n<p>Ulterior, la Cinema Timi\u0219, va avea loc conferin\u021ba public\u0103 &#8216;Europe at a Crossroads &#8211; Security, Prosperity, and Our Common Future&#8217;. La conferin\u021b\u0103 au confirmat prezen\u021ba Anitta Hipper, purt\u0103torul de cuv\u00e2nt al UE pentru Afaceri Externe \u0219i Securitate, Katalin Cseh, membr\u0103 a Parlamentului Ungariei, Lyudmyla Tautiieva, consultant \u00een politici publice din Ucraina, jurnalistul John Kampfner. AGERPRES\/(AS &#8211; editor: Florin Marin)<br \/>\n<br \/>\nSursa articolului:  <a href=\"https:\/\/agerpres.ro\/politic\/2025\/09\/30\/presedintele-nicusor-dan-la-timisoara-cities-summit-dezbateri-despre-viitorul-ue-si-al-oraselor--1488622\" target=\"_blank\" rel=\"noopener\" title=\"\">https:\/\/agerpres.ro\/politic\/2025\/09\/30\/presedintele-nicusor-dan-la-timisoara-cities-summit-dezbateri-despre-viitorul-ue-si-al-oraselor&#8211;1488622<\/a><\/p>","protected":false},"excerpt":{"rendered":"<p>Pre\u0219edintele Nicu\u0219or Dan particip\u0103, mar\u021bi, la Timi\u0219oara Cities Summit, reuniune \u00een cadrul c\u0103reia participan\u021bii &#8211; primari \u0219i oficiali europeni &#8211; vor discuta despre viitorul Uniunii Europene \u0219i rolul ora\u0219elor \u00een extinderea ei. &#8221;M\u0103 bucur enorm c\u0103 pre\u0219edintele Rom\u00e2niei, Nicu\u0219or Dan, a acceptat invita\u021bia Timi\u0219oarei de a participa la Timi\u0219oara Cities Summit. Vom avea aici primari,&#8230;<\/p>","protected":false},"author":4,"featured_media":3095,"comment_status":"open","ping_status":"open","sticky":false,"template":"","format":"standard","meta":{"footnotes":""},"categories":[1],"tags":[],"class_list":["post-3094","post","type-post","status-publish","format-standard","has-post-thumbnail","hentry","category-uncategorized"],"yoast_head":"<!-- This site is optimized with the Yoast SEO plugin v26.1.1 - https:\/\/yoast.com\/wordpress\/plugins\/seo\/ -->\n<title>Pre\u0219edintele Nicu\u0219or Dan, la Timi\u0219oara Cities Summit; dezbateri despre viitorul UE \u0219i al ora\u0219elor - Carpathia Center Romania<\/title>\n<meta name=\"robots\" content=\"index, follow, max-snippet:-1, max-image-preview:large, max-video-preview:-1\" \/>\n<link rel=\"canonical\" href=\"https:\/\/carpathiacenter.ro\/en\/presedintele-nicusor-dan-la-timisoara-cities-summit-dezbateri-despre-viitorul-ue-si-al-oraselor\/\" \/>\n<meta property=\"og:locale\" content=\"en_GB\" \/>\n<meta property=\"og:type\" content=\"article\" \/>\n<meta property=\"og:title\" content=\"Pre\u0219edintele Nicu\u0219or Dan, la Timi\u0219oara Cities Summit; dezbateri despre viitorul UE \u0219i al ora\u0219elor - Carpathia Center Romania\" \/>\n<meta property=\"og:description\" content=\"Pre\u0219edintele Nicu\u0219or Dan particip\u0103, mar\u021bi, la Timi\u0219oara Cities Summit, reuniune \u00een cadrul c\u0103reia participan\u021bii &#8211; primari \u0219i oficiali europeni &#8211; vor discuta despre viitorul Uniunii Europene \u0219i rolul ora\u0219elor \u00een extinderea ei. &#8221;M\u0103 bucur enorm c\u0103 pre\u0219edintele Rom\u00e2niei, Nicu\u0219or Dan, a acceptat invita\u021bia Timi\u0219oarei de a participa la Timi\u0219oara Cities Summit. Vom avea aici primari,...\" \/>\n<meta property=\"og:url\" content=\"https:\/\/carpathiacenter.ro\/en\/presedintele-nicusor-dan-la-timisoara-cities-summit-dezbateri-despre-viitorul-ue-si-al-oraselor\/\" \/>\n<meta property=\"og:site_name\" content=\"Carpathia Center Romania\" \/>\n<meta property=\"article:publisher\" content=\"https:\/\/www.facebook.com\/fdpscarpathia\/\" \/>\n<meta property=\"article:published_time\" content=\"2025-09-30T06:38:40+00:00\" \/>\n<meta property=\"og:image\" content=\"https:\/\/carpathiacenter.ro\/wp-content\/uploads\/2025\/09\/Timisoara-Cities-Summit-1080x675-1.jpg\" \/>\n\t<meta property=\"og:image:width\" content=\"1080\" \/>\n\t<meta property=\"og:image:height\" content=\"675\" \/>\n\t<meta property=\"og:image:type\" content=\"image\/jpeg\" \/>\n<meta name=\"author\" content=\"creativebitsolutions\" \/>\n<meta name=\"twitter:card\" content=\"summary_large_image\" \/>\n<meta name=\"twitter:label1\" content=\"Written by\" \/>\n\t<meta name=\"twitter:data1\" content=\"creativebitsolutions\" \/>\n\t<meta name=\"twitter:label2\" content=\"Estimated reading time\" \/>\n\t<meta name=\"twitter:data2\" content=\"2 minutes\" \/>\n<script type=\"application\/ld+json\" class=\"yoast-schema-graph\">{\"@context\":\"https:\/\/schema.org\",\"@graph\":[{\"@type\":\"Article\",\"@id\":\"https:\/\/carpathiacenter.ro\/presedintele-nicusor-dan-la-timisoara-cities-summit-dezbateri-despre-viitorul-ue-si-al-oraselor\/#article\",\"isPartOf\":{\"@id\":\"https:\/\/carpathiacenter.ro\/presedintele-nicusor-dan-la-timisoara-cities-summit-dezbateri-despre-viitorul-ue-si-al-oraselor\/\"},\"author\":{\"name\":\"creativebitsolutions\",\"@id\":\"https:\/\/carpathiacenter.ro\/#\/schema\/person\/03d9f58202fee8379268f34afa195006\"},\"headline\":\"Pre\u0219edintele Nicu\u0219or Dan, la Timi\u0219oara Cities Summit; dezbateri despre viitorul UE \u0219i al ora\u0219elor\",\"datePublished\":\"2025-09-30T06:38:40+00:00\",\"mainEntityOfPage\":{\"@id\":\"https:\/\/carpathiacenter.ro\/presedintele-nicusor-dan-la-timisoara-cities-summit-dezbateri-despre-viitorul-ue-si-al-oraselor\/\"},\"wordCount\":341,\"commentCount\":0,\"publisher\":{\"@id\":\"https:\/\/carpathiacenter.ro\/#organization\"},\"image\":{\"@id\":\"https:\/\/carpathiacenter.ro\/presedintele-nicusor-dan-la-timisoara-cities-summit-dezbateri-despre-viitorul-ue-si-al-oraselor\/#primaryimage\"},\"thumbnailUrl\":\"https:\/\/carpathiacenter.ro\/wp-content\/uploads\/2025\/09\/Timisoara-Cities-Summit-1080x675-1.jpg\",\"articleSection\":[\"Uncategorized\"],\"inLanguage\":\"en-GB\",\"potentialAction\":[{\"@type\":\"CommentAction\",\"name\":\"Comment\",\"target\":[\"https:\/\/carpathiacenter.ro\/presedintele-nicusor-dan-la-timisoara-cities-summit-dezbateri-despre-viitorul-ue-si-al-oraselor\/#respond\"]}]},{\"@type\":\"WebPage\",\"@id\":\"https:\/\/carpathiacenter.ro\/presedintele-nicusor-dan-la-timisoara-cities-summit-dezbateri-despre-viitorul-ue-si-al-oraselor\/\",\"url\":\"https:\/\/carpathiacenter.ro\/presedintele-nicusor-dan-la-timisoara-cities-summit-dezbateri-despre-viitorul-ue-si-al-oraselor\/\",\"name\":\"Pre\u0219edintele Nicu\u0219or Dan, la Timi\u0219oara Cities Summit; dezbateri despre viitorul UE \u0219i al ora\u0219elor - Carpathia Center Romania\",\"isPartOf\":{\"@id\":\"https:\/\/carpathiacenter.ro\/#website\"},\"primaryImageOfPage\":{\"@id\":\"https:\/\/carpathiacenter.ro\/presedintele-nicusor-dan-la-timisoara-cities-summit-dezbateri-despre-viitorul-ue-si-al-oraselor\/#primaryimage\"},\"image\":{\"@id\":\"https:\/\/carpathiacenter.ro\/presedintele-nicusor-dan-la-timisoara-cities-summit-dezbateri-despre-viitorul-ue-si-al-oraselor\/#primaryimage\"},\"thumbnailUrl\":\"https:\/\/carpathiacenter.ro\/wp-content\/uploads\/2025\/09\/Timisoara-Cities-Summit-1080x675-1.jpg\",\"datePublished\":\"2025-09-30T06:38:40+00:00\",\"breadcrumb\":{\"@id\":\"https:\/\/carpathiacenter.ro\/presedintele-nicusor-dan-la-timisoara-cities-summit-dezbateri-despre-viitorul-ue-si-al-oraselor\/#breadcrumb\"},\"inLanguage\":\"en-GB\",\"potentialAction\":[{\"@type\":\"ReadAction\",\"target\":[\"https:\/\/carpathiacenter.ro\/presedintele-nicusor-dan-la-timisoara-cities-summit-dezbateri-despre-viitorul-ue-si-al-oraselor\/\"]}]},{\"@type\":\"ImageObject\",\"inLanguage\":\"en-GB\",\"@id\":\"https:\/\/carpathiacenter.ro\/presedintele-nicusor-dan-la-timisoara-cities-summit-dezbateri-despre-viitorul-ue-si-al-oraselor\/#primaryimage\",\"url\":\"https:\/\/carpathiacenter.ro\/wp-content\/uploads\/2025\/09\/Timisoara-Cities-Summit-1080x675-1.jpg\",\"contentUrl\":\"https:\/\/carpathiacenter.ro\/wp-content\/uploads\/2025\/09\/Timisoara-Cities-Summit-1080x675-1.jpg\",\"width\":1080,\"height\":675},{\"@type\":\"BreadcrumbList\",\"@id\":\"https:\/\/carpathiacenter.ro\/presedintele-nicusor-dan-la-timisoara-cities-summit-dezbateri-despre-viitorul-ue-si-al-oraselor\/#breadcrumb\",\"itemListElement\":[{\"@type\":\"ListItem\",\"position\":1,\"name\":\"Prima pagin\u0103\",\"item\":\"https:\/\/carpathiacenter.ro\/\"},{\"@type\":\"ListItem\",\"position\":2,\"name\":\"Pre\u0219edintele Nicu\u0219or Dan, la Timi\u0219oara Cities Summit; dezbateri despre viitorul UE \u0219i al ora\u0219elor\"}]},{\"@type\":\"WebSite\",\"@id\":\"https:\/\/carpathiacenter.ro\/#website\",\"url\":\"https:\/\/carpathiacenter.ro\/\",\"name\":\"Carpathia Center Romania\",\"description\":\"Impossible made possible!\",\"publisher\":{\"@id\":\"https:\/\/carpathiacenter.ro\/#organization\"},\"potentialAction\":[{\"@type\":\"SearchAction\",\"target\":{\"@type\":\"EntryPoint\",\"urlTemplate\":\"https:\/\/carpathiacenter.ro\/?s={search_term_string}\"},\"query-input\":{\"@type\":\"PropertyValueSpecification\",\"valueRequired\":true,\"valueName\":\"search_term_string\"}}],\"inLanguage\":\"en-GB\"},{\"@type\":\"Organization\",\"@id\":\"https:\/\/carpathiacenter.ro\/#organization\",\"name\":\"Carpathia Center Romania\",\"url\":\"https:\/\/carpathiacenter.ro\/\",\"logo\":{\"@type\":\"ImageObject\",\"inLanguage\":\"en-GB\",\"@id\":\"https:\/\/carpathiacenter.ro\/#\/schema\/logo\/image\/\",\"url\":\"https:\/\/carpathiacenter.ro\/wp-content\/uploads\/2024\/07\/logo-carpathia_bg_white-1024x941.png\",\"contentUrl\":\"https:\/\/carpathiacenter.ro\/wp-content\/uploads\/2024\/07\/logo-carpathia_bg_white-1024x941.png\",\"width\":1024,\"height\":941,\"caption\":\"Carpathia Center Romania\"},\"image\":{\"@id\":\"https:\/\/carpathiacenter.ro\/#\/schema\/logo\/image\/\"},\"sameAs\":[\"https:\/\/www.facebook.com\/fdpscarpathia\/\"]},{\"@type\":\"Person\",\"@id\":\"https:\/\/carpathiacenter.ro\/#\/schema\/person\/03d9f58202fee8379268f34afa195006\",\"name\":\"creativebitsolutions\",\"image\":{\"@type\":\"ImageObject\",\"inLanguage\":\"en-GB\",\"@id\":\"https:\/\/carpathiacenter.ro\/#\/schema\/person\/image\/\",\"url\":\"https:\/\/secure.gravatar.com\/avatar\/1b1a13e37f847c635dab78348f1dff2f07651ee2a3d77a5c355a4b8c75f9165a?s=96&d=mm&r=g\",\"contentUrl\":\"https:\/\/secure.gravatar.com\/avatar\/1b1a13e37f847c635dab78348f1dff2f07651ee2a3d77a5c355a4b8c75f9165a?s=96&d=mm&r=g\",\"caption\":\"creativebitsolutions\"},\"url\":\"https:\/\/carpathiacenter.ro\/en\/author\/creativebitsolutions\/\"}]}<\/script>\n<!-- \/ Yoast SEO plugin. -->","yoast_head_json":{"title":"Pre\u0219edintele Nicu\u0219or Dan, la Timi\u0219oara Cities Summit; dezbateri despre viitorul UE \u0219i al ora\u0219elor - Carpathia Center Romania","robots":{"index":"index","follow":"follow","max-snippet":"max-snippet:-1","max-image-preview":"max-image-preview:large","max-video-preview":"max-video-preview:-1"},"canonical":"https:\/\/carpathiacenter.ro\/en\/presedintele-nicusor-dan-la-timisoara-cities-summit-dezbateri-despre-viitorul-ue-si-al-oraselor\/","og_locale":"en_GB","og_type":"article","og_title":"Pre\u0219edintele Nicu\u0219or Dan, la Timi\u0219oara Cities Summit; dezbateri despre viitorul UE \u0219i al ora\u0219elor - Carpathia Center Romania","og_description":"Pre\u0219edintele Nicu\u0219or Dan particip\u0103, mar\u021bi, la Timi\u0219oara Cities Summit, reuniune \u00een cadrul c\u0103reia participan\u021bii &#8211; primari \u0219i oficiali europeni &#8211; vor discuta despre viitorul Uniunii Europene \u0219i rolul ora\u0219elor \u00een extinderea ei. &#8221;M\u0103 bucur enorm c\u0103 pre\u0219edintele Rom\u00e2niei, Nicu\u0219or Dan, a acceptat invita\u021bia Timi\u0219oarei de a participa la Timi\u0219oara Cities Summit. Vom avea aici primari,...","og_url":"https:\/\/carpathiacenter.ro\/en\/presedintele-nicusor-dan-la-timisoara-cities-summit-dezbateri-despre-viitorul-ue-si-al-oraselor\/","og_site_name":"Carpathia Center Romania","article_publisher":"https:\/\/www.facebook.com\/fdpscarpathia\/","article_published_time":"2025-09-30T06:38:40+00:00","og_image":[{"width":1080,"height":675,"url":"https:\/\/carpathiacenter.ro\/wp-content\/uploads\/2025\/09\/Timisoara-Cities-Summit-1080x675-1.jpg","type":"image\/jpeg"}],"author":"creativebitsolutions","twitter_card":"summary_large_image","twitter_misc":{"Written by":"creativebitsolutions","Estimated reading time":"2 minutes"},"schema":{"@context":"https:\/\/schema.org","@graph":[{"@type":"Article","@id":"https:\/\/carpathiacenter.ro\/presedintele-nicusor-dan-la-timisoara-cities-summit-dezbateri-despre-viitorul-ue-si-al-oraselor\/#article","isPartOf":{"@id":"https:\/\/carpathiacenter.ro\/presedintele-nicusor-dan-la-timisoara-cities-summit-dezbateri-despre-viitorul-ue-si-al-oraselor\/"},"author":{"name":"creativebitsolutions","@id":"https:\/\/carpathiacenter.ro\/#\/schema\/person\/03d9f58202fee8379268f34afa195006"},"headline":"Pre\u0219edintele Nicu\u0219or Dan, la Timi\u0219oara Cities Summit; dezbateri despre viitorul UE \u0219i al ora\u0219elor","datePublished":"2025-09-30T06:38:40+00:00","mainEntityOfPage":{"@id":"https:\/\/carpathiacenter.ro\/presedintele-nicusor-dan-la-timisoara-cities-summit-dezbateri-despre-viitorul-ue-si-al-oraselor\/"},"wordCount":341,"commentCount":0,"publisher":{"@id":"https:\/\/carpathiacenter.ro\/#organization"},"image":{"@id":"https:\/\/carpathiacenter.ro\/presedintele-nicusor-dan-la-timisoara-cities-summit-dezbateri-despre-viitorul-ue-si-al-oraselor\/#primaryimage"},"thumbnailUrl":"https:\/\/carpathiacenter.ro\/wp-content\/uploads\/2025\/09\/Timisoara-Cities-Summit-1080x675-1.jpg","articleSection":["Uncategorized"],"inLanguage":"en-GB","potentialAction":[{"@type":"CommentAction","name":"Comment","target":["https:\/\/carpathiacenter.ro\/presedintele-nicusor-dan-la-timisoara-cities-summit-dezbateri-despre-viitorul-ue-si-al-oraselor\/#respond"]}]},{"@type":"WebPage","@id":"https:\/\/carpathiacenter.ro\/presedintele-nicusor-dan-la-timisoara-cities-summit-dezbateri-despre-viitorul-ue-si-al-oraselor\/","url":"https:\/\/carpathiacenter.ro\/presedintele-nicusor-dan-la-timisoara-cities-summit-dezbateri-despre-viitorul-ue-si-al-oraselor\/","name":"Pre\u0219edintele Nicu\u0219or Dan, la Timi\u0219oara Cities Summit; dezbateri despre viitorul UE \u0219i al ora\u0219elor - Carpathia Center Romania","isPartOf":{"@id":"https:\/\/carpathiacenter.ro\/#website"},"primaryImageOfPage":{"@id":"https:\/\/carpathiacenter.ro\/presedintele-nicusor-dan-la-timisoara-cities-summit-dezbateri-despre-viitorul-ue-si-al-oraselor\/#primaryimage"},"image":{"@id":"https:\/\/carpathiacenter.ro\/presedintele-nicusor-dan-la-timisoara-cities-summit-dezbateri-despre-viitorul-ue-si-al-oraselor\/#primaryimage"},"thumbnailUrl":"https:\/\/carpathiacenter.ro\/wp-content\/uploads\/2025\/09\/Timisoara-Cities-Summit-1080x675-1.jpg","datePublished":"2025-09-30T06:38:40+00:00","breadcrumb":{"@id":"https:\/\/carpathiacenter.ro\/presedintele-nicusor-dan-la-timisoara-cities-summit-dezbateri-despre-viitorul-ue-si-al-oraselor\/#breadcrumb"},"inLanguage":"en-GB","potentialAction":[{"@type":"ReadAction","target":["https:\/\/carpathiacenter.ro\/presedintele-nicusor-dan-la-timisoara-cities-summit-dezbateri-despre-viitorul-ue-si-al-oraselor\/"]}]},{"@type":"ImageObject","inLanguage":"en-GB","@id":"https:\/\/carpathiacenter.ro\/presedintele-nicusor-dan-la-timisoara-cities-summit-dezbateri-despre-viitorul-ue-si-al-oraselor\/#primaryimage","url":"https:\/\/carpathiacenter.ro\/wp-content\/uploads\/2025\/09\/Timisoara-Cities-Summit-1080x675-1.jpg","contentUrl":"https:\/\/carpathiacenter.ro\/wp-content\/uploads\/2025\/09\/Timisoara-Cities-Summit-1080x675-1.jpg","width":1080,"height":675},{"@type":"BreadcrumbList","@id":"https:\/\/carpathiacenter.ro\/presedintele-nicusor-dan-la-timisoara-cities-summit-dezbateri-despre-viitorul-ue-si-al-oraselor\/#breadcrumb","itemListElement":[{"@type":"ListItem","position":1,"name":"Prima pagin\u0103","item":"https:\/\/carpathiacenter.ro\/"},{"@type":"ListItem","position":2,"name":"Pre\u0219edintele Nicu\u0219or Dan, la Timi\u0219oara Cities Summit; dezbateri despre viitorul UE \u0219i al ora\u0219elor"}]},{"@type":"WebSite","@id":"https:\/\/carpathiacenter.ro\/#website","url":"https:\/\/carpathiacenter.ro\/","name":"Carpathia Center Romania","description":"Impossible made possible!","publisher":{"@id":"https:\/\/carpathiacenter.ro\/#organization"},"potentialAction":[{"@type":"SearchAction","target":{"@type":"EntryPoint","urlTemplate":"https:\/\/carpathiacenter.ro\/?s={search_term_string}"},"query-input":{"@type":"PropertyValueSpecification","valueRequired":true,"valueName":"search_term_string"}}],"inLanguage":"en-GB"},{"@type":"Organization","@id":"https:\/\/carpathiacenter.ro\/#organization","name":"Carpathia Center Romania","url":"https:\/\/carpathiacenter.ro\/","logo":{"@type":"ImageObject","inLanguage":"en-GB","@id":"https:\/\/carpathiacenter.ro\/#\/schema\/logo\/image\/","url":"https:\/\/carpathiacenter.ro\/wp-content\/uploads\/2024\/07\/logo-carpathia_bg_white-1024x941.png","contentUrl":"https:\/\/carpathiacenter.ro\/wp-content\/uploads\/2024\/07\/logo-carpathia_bg_white-1024x941.png","width":1024,"height":941,"caption":"Carpathia Center Romania"},"image":{"@id":"https:\/\/carpathiacenter.ro\/#\/schema\/logo\/image\/"},"sameAs":["https:\/\/www.facebook.com\/fdpscarpathia\/"]},{"@type":"Person","@id":"https:\/\/carpathiacenter.ro\/#\/schema\/person\/03d9f58202fee8379268f34afa195006","name":"creativebitsolutions","image":{"@type":"ImageObject","inLanguage":"en-GB","@id":"https:\/\/carpathiacenter.ro\/#\/schema\/person\/image\/","url":"https:\/\/secure.gravatar.com\/avatar\/1b1a13e37f847c635dab78348f1dff2f07651ee2a3d77a5c355a4b8c75f9165a?s=96&d=mm&r=g","contentUrl":"https:\/\/secure.gravatar.com\/avatar\/1b1a13e37f847c635dab78348f1dff2f07651ee2a3d77a5c355a4b8c75f9165a?s=96&d=mm&r=g","caption":"creativebitsolutions"},"url":"https:\/\/carpathiacenter.ro\/en\/author\/creativebitsolutions\/"}]}},"_links":{"self":[{"href":"https:\/\/carpathiacenter.ro\/en\/wp-json\/wp\/v2\/posts\/3094","targetHints":{"allow":["GET"]}}],"collection":[{"href":"https:\/\/carpathiacenter.ro\/en\/wp-json\/wp\/v2\/posts"}],"about":[{"href":"https:\/\/carpathiacenter.ro\/en\/wp-json\/wp\/v2\/types\/post"}],"author":[{"embeddable":true,"href":"https:\/\/carpathiacenter.ro\/en\/wp-json\/wp\/v2\/users\/4"}],"replies":[{"embeddable":true,"href":"https:\/\/carpathiacenter.ro\/en\/wp-json\/wp\/v2\/comments?post=3094"}],"version-history":[{"count":1,"href":"https:\/\/carpathiacenter.ro\/en\/wp-json\/wp\/v2\/posts\/3094\/revisions"}],"predecessor-version":[{"id":3096,"href":"https:\/\/carpathiacenter.ro\/en\/wp-json\/wp\/v2\/posts\/3094\/revisions\/3096"}],"wp:featuredmedia":[{"embeddable":true,"href":"https:\/\/carpathiacenter.ro\/en\/wp-json\/wp\/v2\/media\/3095"}],"wp:attachment":[{"href":"https:\/\/carpathiacenter.ro\/en\/wp-json\/wp\/v2\/media?parent=3094"}],"wp:term":[{"taxonomy":"category","embeddable":true,"href":"https:\/\/carpathiacenter.ro\/en\/wp-json\/wp\/v2\/categories?post=3094"},{"taxonomy":"post_tag","embeddable":true,"href":"https:\/\/carpathiacenter.ro\/en\/wp-json\/wp\/v2\/tags?post=3094"}],"curies":[{"name":"wp","href":"https:\/\/api.w.org\/{rel}","templated":true}]}}