{"id":3082,"date":"2025-09-26T07:18:47","date_gmt":"2025-09-26T07:18:47","guid":{"rendered":"https:\/\/carpathiacenter.ro\/?p=3082"},"modified":"2025-09-26T07:18:47","modified_gmt":"2025-09-26T07:18:47","slug":"update-diicot-a-fost-retinut-elevul-de-17-ani-acuzat-ca-a-trimis-mesaje-de-amenintare-catre-scoli-si-spitale","status":"publish","type":"post","link":"https:\/\/carpathiacenter.ro\/en\/update-diicot-a-fost-retinut-elevul-de-17-ani-acuzat-ca-a-trimis-mesaje-de-amenintare-catre-scoli-si-spitale\/","title":{"rendered":"UPDATE DIICOT: A fost re\u021binut elevul de 17 ani, acuzat c\u0103 a trimis mesaje de amenin\u021bare c\u0103tre \u0219coli \u0219i spitale"},"content":{"rendered":"<p>DIICOT a anun\u021bat joi noaptea c\u0103 l-a re\u021binut pentru 24 de ore pe elevul \u00een v\u00e2rst\u0103 de 17 ani, acuzat c\u0103 a trimis \u00een ultimele zile mesaje de amenin\u021bare c\u0103tre \u0219coli, spitale, unit\u0103\u021bi de poli\u021bie, posturi de televiziune \u0219i alte institu\u021bii din Rom\u00e2nia.<\/p>\n<p>Conform DIICOT, elevul a fost ajutat de o fat\u0103 \u00een v\u00e2rst\u0103 de 14 ani.<\/p>\n<p>&#8216;La data de 25 septembrie 2025, procurorii DIICOT &#8211; Structura Central\u0103 au dispus re\u021binerea unui inculpat (minor), \u00een v\u00e2rst\u0103 de 17 de ani, cercetat pentru s\u0103v\u00e2r\u0219irea infrac\u021biunii de amenin\u021bare \u00een scop terorist. Din probele administrate a reie\u0219it c\u0103, la datele de 21 \u0219i 23.09.2025, inculpatul \u00eempreun\u0103 cu o minor\u0103 de 14 ani a transmis mai multe mesaje, c\u0103tre un num\u0103r aproximativ 1.000 de adrese de email apar\u021bin\u00e2nd unor institu\u021bii de \u00eenv\u0103\u021b\u0103m\u00e2nt, unit\u0103\u021bi medicale, unit\u0103\u021bi de poli\u021bie, posturi de televiziune \u0219i alte institu\u021bii de pe \u00eentreg teritoriul Rom\u00e2niei, \u00een care proferau amenin\u021b\u0103ri cu comiterea unor atacuri armate, \u00een scopul cre\u0103rii de panic\u0103 \u0219i intimid\u0103rii popula\u021biei prin producerea unui puternic impact psihologic&#8217;, spune DIICOT \u00eentr-un comunicat de pres\u0103.<\/p>\n<p>Urmeaz\u0103 s\u0103 fie sesizat judec\u0103torul de drepturi \u0219i libert\u0103\u021bi din cadrul Cur\u021bii de Apel Bucure\u0219ti, cu propunerea de arestare preventiv\u0103 a inculpatului, pentru o perioad\u0103 de 30 de zile.<\/p>\n<p>Activit\u0103\u021bile de urm\u0103rire penal\u0103 sunt realizate \u00eempreun\u0103 cu ofi\u021beri de poli\u021bie judiciar\u0103 din cadrul Direc\u021biei de Combatere a Criminalit\u0103\u021bii Organizate &#8211; Serviciul de Investigare a Infrac\u021biunilor de Terorism.&nbsp;<\/p>\n<p>&nbsp;<\/p>\n<p><strong>***24.09.2025&nbsp;DIICOT deschide dosar penal \u00een cazul mesajelor de amenin\u021bare trimise la mai multe \u0219coli \u0219i spitale<\/strong><\/p>\n<p>&nbsp;<\/p>\n<p>DIICOT a anun\u021bat, miercuri, c\u0103 a deschis un dosar penal \u00een care face cercet\u0103ri cu privire la mesajele de amenin\u021bare trimise pe adresele de e-mail ale mai multor \u0219coli \u0219i spitale din \u021bar\u0103.<\/p>\n<p>&#8216;Av\u00e2nd \u00een vedere mesajele cu caracter de amenin\u021bare transmise pe adresele oficiale de coresponden\u021b\u0103 electronic\u0103 ale mai multor unit\u0103\u021bi spitalice\u0219ti \u0219i de \u00eenv\u0103\u021b\u0103m\u00e2nt, la nivelul DIICOT &#8211; Structura Central\u0103 a fost \u00eenregistrat un dosar penal, \u00een care se efectueaz\u0103 cercet\u0103ri in rem, cu privire la comiterea infrac\u021biunii prev\u0103zute de art.32 alin 4, rap. la art.32 alin.1 lit. a din Legea 535\/2004 privind prevenirea \u0219i combaterea terorismului&#8217;, se precizeaz\u0103 \u00eentr-un comunicat al DIICOT transmis AGERPRES.<\/p>\n<p>Potrivit sursei citate, activit\u0103\u021bile de urm\u0103rire penal\u0103 sunt realizate \u00eempreun\u0103 cu poli\u021bi\u0219ti ai Direc\u021biei de Combatere a Criminalit\u0103\u021bii Organizate din cadrul Inspectoratului General al Poli\u021biei Rom\u00e2ne.<\/p>\n<p><strong>Poli\u021bi\u0219tii audiaz\u0103, miercuri, un elev \u00een v\u00e2rst\u0103 de 17 ani b\u0103nuit c\u0103 ar fi autorul mesajelor.<\/strong><\/p>\n<p>Duminic\u0103, Poli\u021bia Rom\u00e2n\u0103 a fost sesizat\u0103 cu privire la faptul c\u0103 mai multe institu\u021bii de \u00eenv\u0103\u021b\u0103m\u00e2nt \u0219i unele unit\u0103\u021bi medicale din \u021bar\u0103 au primit, pe adresele oficiale de e-mail, un mesaj cu caracter de amenin\u021bare. &#8216;Dup\u0103 sesizare, structurile competente au desf\u0103\u0219urat verific\u0103ri specifice, pentru stabilirea exact\u0103 a situa\u021biei. Din primele date rezultate din verific\u0103rile preliminare efectuate de Poli\u021bie, \u00een coordonare cu Serviciul Rom\u00e2n de Informa\u021bii, nu exist\u0103 indicii care s\u0103 confirme c\u0103 amenin\u021barea ar fi una real\u0103&#8217;, informa, luni, IGPR.<\/p>\n<p>Purt\u0103torul de cuv\u00e2nt al Poli\u021biei Rom\u00e2ne, Georgian Dr\u0103gan, a transmis c\u0103 un nou mesaj de amenin\u021bare privind comiterea unui atac a fost trimis miercuri diminea\u021ba, prin mail, c\u0103tre mai multe \u0219coli din Bucure\u0219ti \u0219i din \u021bar\u0103.<\/p>\n<p>&#8216;Mesajul a fost trimis de pe aceea\u0219i adres\u0103 de mail de pe care au fost trimise \u0219i mesajele anterioare. At\u00e2t ieri, c\u00e2t \u0219i ast\u0103zi, Poli\u021bia Rom\u00e2n\u0103 a fost sesizat\u0103 de c\u0103tre mai multe unit\u0103\u021bi \u0219colare, din Capital\u0103 \u0219i mai multe jude\u021be, cu privire la faptul c\u0103 unele institu\u021bii de \u00eenv\u0103\u021b\u0103m\u00e2nt au primit mesaje de amenin\u021bare, mesaje la care, ca element de noutate, au fost ata\u0219ate \u0219i ceva fotografii&#8217;, a declarat Dr\u0103gan, \u00eentr-o interven\u021bie telefonic\u0103 la Digi 24.<\/p>\n<p>El a precizat c\u0103, \u00een urma verific\u0103rilor efectuate \u00eempreun\u0103 cu SRI, au reie\u0219it indicii c\u0103 mesajul este fals, dar autorit\u0103\u021bile continu\u0103 verific\u0103rile \u00een acest caz, iar anchetatorii au deja c\u00e2teva piste \u00een lucru.<\/p>\n<p>&#8216;Mesajul de amenin\u021bare a fost primit de pe aceea\u0219i adres\u0103 de mail. A\u0219adar, persoana care l-a trimis este aceea\u0219i. Avem c\u00e2teva piste \u00een lucru la acest moment&#8217;, a precizat Dr\u0103gan.AGERPRES\/(AS &#8211; redactori: Mihai Stoica, Eusebi Manolache, editori: Claudia St\u0103nescu, C\u0103t\u0103lin Alexandru, editori online: Ady Iva\u015fcu, Alexandru Cojocaru)<br \/>\n<br \/>\nSursa articolului:  <a href=\"https:\/\/agerpres.ro\/justitie\/2025\/09\/25\/update-diicot-a-fost-retinut-elevul-de-17-ani-acuzat-ca-a-trimis-mesaje-de-amenintare-catre-scoli-si--1487136\" target=\"_blank\" rel=\"noopener\" title=\"\">https:\/\/agerpres.ro\/justitie\/2025\/09\/25\/update-diicot-a-fost-retinut-elevul-de-17-ani-acuzat-ca-a-trimis-mesaje-de-amenintare-catre-scoli-si&#8211;1487136<\/a><\/p>","protected":false},"excerpt":{"rendered":"<p>DIICOT a anun\u021bat joi noaptea c\u0103 l-a re\u021binut pentru 24 de ore pe elevul \u00een v\u00e2rst\u0103 de 17 ani, acuzat c\u0103 a trimis \u00een ultimele zile mesaje de amenin\u021bare c\u0103tre \u0219coli, spitale, unit\u0103\u021bi de poli\u021bie, posturi de televiziune \u0219i alte institu\u021bii din Rom\u00e2nia. Conform DIICOT, elevul a fost ajutat de o fat\u0103 \u00een v\u00e2rst\u0103 de&#8230;<\/p>","protected":false},"author":4,"featured_media":3083,"comment_status":"open","ping_status":"open","sticky":false,"template":"","format":"standard","meta":{"footnotes":""},"categories":[1],"tags":[],"class_list":["post-3082","post","type-post","status-publish","format-standard","has-post-thumbnail","hentry","category-uncategorized"],"yoast_head":"<!-- This site is optimized with the Yoast SEO plugin v26.1.1 - https:\/\/yoast.com\/wordpress\/plugins\/seo\/ -->\n<title>UPDATE DIICOT: A fost re\u021binut elevul de 17 ani, acuzat c\u0103 a trimis mesaje de amenin\u021bare c\u0103tre \u0219coli \u0219i spitale - Carpathia Center Romania<\/title>\n<meta name=\"robots\" content=\"index, follow, max-snippet:-1, max-image-preview:large, max-video-preview:-1\" \/>\n<link rel=\"canonical\" href=\"https:\/\/carpathiacenter.ro\/en\/update-diicot-a-fost-retinut-elevul-de-17-ani-acuzat-ca-a-trimis-mesaje-de-amenintare-catre-scoli-si-spitale\/\" \/>\n<meta property=\"og:locale\" content=\"en_GB\" \/>\n<meta property=\"og:type\" content=\"article\" \/>\n<meta property=\"og:title\" content=\"UPDATE DIICOT: A fost re\u021binut elevul de 17 ani, acuzat c\u0103 a trimis mesaje de amenin\u021bare c\u0103tre \u0219coli \u0219i spitale - Carpathia Center Romania\" \/>\n<meta property=\"og:description\" content=\"DIICOT a anun\u021bat joi noaptea c\u0103 l-a re\u021binut pentru 24 de ore pe elevul \u00een v\u00e2rst\u0103 de 17 ani, acuzat c\u0103 a trimis \u00een ultimele zile mesaje de amenin\u021bare c\u0103tre \u0219coli, spitale, unit\u0103\u021bi de poli\u021bie, posturi de televiziune \u0219i alte institu\u021bii din Rom\u00e2nia. Conform DIICOT, elevul a fost ajutat de o fat\u0103 \u00een v\u00e2rst\u0103 de...\" \/>\n<meta property=\"og:url\" content=\"https:\/\/carpathiacenter.ro\/en\/update-diicot-a-fost-retinut-elevul-de-17-ani-acuzat-ca-a-trimis-mesaje-de-amenintare-catre-scoli-si-spitale\/\" \/>\n<meta property=\"og:site_name\" content=\"Carpathia Center Romania\" \/>\n<meta property=\"article:publisher\" content=\"https:\/\/www.facebook.com\/fdpscarpathia\/\" \/>\n<meta property=\"article:published_time\" content=\"2025-09-26T07:18:47+00:00\" \/>\n<meta property=\"og:image\" content=\"https:\/\/carpathiacenter.ro\/wp-content\/uploads\/2025\/09\/guy-siting-at-desk-dark-scaled.jpeg\" \/>\n\t<meta property=\"og:image:width\" content=\"2560\" \/>\n\t<meta property=\"og:image:height\" content=\"1707\" \/>\n\t<meta property=\"og:image:type\" content=\"image\/jpeg\" \/>\n<meta name=\"author\" content=\"creativebitsolutions\" \/>\n<meta name=\"twitter:card\" content=\"summary_large_image\" \/>\n<meta name=\"twitter:label1\" content=\"Written by\" \/>\n\t<meta name=\"twitter:data1\" content=\"creativebitsolutions\" \/>\n\t<meta name=\"twitter:label2\" content=\"Estimated reading time\" \/>\n\t<meta name=\"twitter:data2\" content=\"4 minutes\" \/>\n<script type=\"application\/ld+json\" class=\"yoast-schema-graph\">{\"@context\":\"https:\/\/schema.org\",\"@graph\":[{\"@type\":\"Article\",\"@id\":\"https:\/\/carpathiacenter.ro\/update-diicot-a-fost-retinut-elevul-de-17-ani-acuzat-ca-a-trimis-mesaje-de-amenintare-catre-scoli-si-spitale\/#article\",\"isPartOf\":{\"@id\":\"https:\/\/carpathiacenter.ro\/update-diicot-a-fost-retinut-elevul-de-17-ani-acuzat-ca-a-trimis-mesaje-de-amenintare-catre-scoli-si-spitale\/\"},\"author\":{\"name\":\"creativebitsolutions\",\"@id\":\"https:\/\/carpathiacenter.ro\/#\/schema\/person\/03d9f58202fee8379268f34afa195006\"},\"headline\":\"UPDATE DIICOT: A fost re\u021binut elevul de 17 ani, acuzat c\u0103 a trimis mesaje de amenin\u021bare c\u0103tre \u0219coli \u0219i spitale\",\"datePublished\":\"2025-09-26T07:18:47+00:00\",\"mainEntityOfPage\":{\"@id\":\"https:\/\/carpathiacenter.ro\/update-diicot-a-fost-retinut-elevul-de-17-ani-acuzat-ca-a-trimis-mesaje-de-amenintare-catre-scoli-si-spitale\/\"},\"wordCount\":814,\"commentCount\":0,\"publisher\":{\"@id\":\"https:\/\/carpathiacenter.ro\/#organization\"},\"image\":{\"@id\":\"https:\/\/carpathiacenter.ro\/update-diicot-a-fost-retinut-elevul-de-17-ani-acuzat-ca-a-trimis-mesaje-de-amenintare-catre-scoli-si-spitale\/#primaryimage\"},\"thumbnailUrl\":\"https:\/\/carpathiacenter.ro\/wp-content\/uploads\/2025\/09\/guy-siting-at-desk-dark-scaled.jpeg\",\"articleSection\":[\"Uncategorized\"],\"inLanguage\":\"en-GB\",\"potentialAction\":[{\"@type\":\"CommentAction\",\"name\":\"Comment\",\"target\":[\"https:\/\/carpathiacenter.ro\/update-diicot-a-fost-retinut-elevul-de-17-ani-acuzat-ca-a-trimis-mesaje-de-amenintare-catre-scoli-si-spitale\/#respond\"]}]},{\"@type\":\"WebPage\",\"@id\":\"https:\/\/carpathiacenter.ro\/update-diicot-a-fost-retinut-elevul-de-17-ani-acuzat-ca-a-trimis-mesaje-de-amenintare-catre-scoli-si-spitale\/\",\"url\":\"https:\/\/carpathiacenter.ro\/update-diicot-a-fost-retinut-elevul-de-17-ani-acuzat-ca-a-trimis-mesaje-de-amenintare-catre-scoli-si-spitale\/\",\"name\":\"UPDATE DIICOT: A fost re\u021binut elevul de 17 ani, acuzat c\u0103 a trimis mesaje de amenin\u021bare c\u0103tre \u0219coli \u0219i spitale - Carpathia Center Romania\",\"isPartOf\":{\"@id\":\"https:\/\/carpathiacenter.ro\/#website\"},\"primaryImageOfPage\":{\"@id\":\"https:\/\/carpathiacenter.ro\/update-diicot-a-fost-retinut-elevul-de-17-ani-acuzat-ca-a-trimis-mesaje-de-amenintare-catre-scoli-si-spitale\/#primaryimage\"},\"image\":{\"@id\":\"https:\/\/carpathiacenter.ro\/update-diicot-a-fost-retinut-elevul-de-17-ani-acuzat-ca-a-trimis-mesaje-de-amenintare-catre-scoli-si-spitale\/#primaryimage\"},\"thumbnailUrl\":\"https:\/\/carpathiacenter.ro\/wp-content\/uploads\/2025\/09\/guy-siting-at-desk-dark-scaled.jpeg\",\"datePublished\":\"2025-09-26T07:18:47+00:00\",\"breadcrumb\":{\"@id\":\"https:\/\/carpathiacenter.ro\/update-diicot-a-fost-retinut-elevul-de-17-ani-acuzat-ca-a-trimis-mesaje-de-amenintare-catre-scoli-si-spitale\/#breadcrumb\"},\"inLanguage\":\"en-GB\",\"potentialAction\":[{\"@type\":\"ReadAction\",\"target\":[\"https:\/\/carpathiacenter.ro\/update-diicot-a-fost-retinut-elevul-de-17-ani-acuzat-ca-a-trimis-mesaje-de-amenintare-catre-scoli-si-spitale\/\"]}]},{\"@type\":\"ImageObject\",\"inLanguage\":\"en-GB\",\"@id\":\"https:\/\/carpathiacenter.ro\/update-diicot-a-fost-retinut-elevul-de-17-ani-acuzat-ca-a-trimis-mesaje-de-amenintare-catre-scoli-si-spitale\/#primaryimage\",\"url\":\"https:\/\/carpathiacenter.ro\/wp-content\/uploads\/2025\/09\/guy-siting-at-desk-dark-scaled.jpeg\",\"contentUrl\":\"https:\/\/carpathiacenter.ro\/wp-content\/uploads\/2025\/09\/guy-siting-at-desk-dark-scaled.jpeg\",\"width\":2560,\"height\":1707},{\"@type\":\"BreadcrumbList\",\"@id\":\"https:\/\/carpathiacenter.ro\/update-diicot-a-fost-retinut-elevul-de-17-ani-acuzat-ca-a-trimis-mesaje-de-amenintare-catre-scoli-si-spitale\/#breadcrumb\",\"itemListElement\":[{\"@type\":\"ListItem\",\"position\":1,\"name\":\"Prima pagin\u0103\",\"item\":\"https:\/\/carpathiacenter.ro\/\"},{\"@type\":\"ListItem\",\"position\":2,\"name\":\"UPDATE DIICOT: A fost re\u021binut elevul de 17 ani, acuzat c\u0103 a trimis mesaje de amenin\u021bare c\u0103tre \u0219coli \u0219i spitale\"}]},{\"@type\":\"WebSite\",\"@id\":\"https:\/\/carpathiacenter.ro\/#website\",\"url\":\"https:\/\/carpathiacenter.ro\/\",\"name\":\"Carpathia Center Romania\",\"description\":\"Impossible made possible!\",\"publisher\":{\"@id\":\"https:\/\/carpathiacenter.ro\/#organization\"},\"potentialAction\":[{\"@type\":\"SearchAction\",\"target\":{\"@type\":\"EntryPoint\",\"urlTemplate\":\"https:\/\/carpathiacenter.ro\/?s={search_term_string}\"},\"query-input\":{\"@type\":\"PropertyValueSpecification\",\"valueRequired\":true,\"valueName\":\"search_term_string\"}}],\"inLanguage\":\"en-GB\"},{\"@type\":\"Organization\",\"@id\":\"https:\/\/carpathiacenter.ro\/#organization\",\"name\":\"Carpathia Center Romania\",\"url\":\"https:\/\/carpathiacenter.ro\/\",\"logo\":{\"@type\":\"ImageObject\",\"inLanguage\":\"en-GB\",\"@id\":\"https:\/\/carpathiacenter.ro\/#\/schema\/logo\/image\/\",\"url\":\"https:\/\/carpathiacenter.ro\/wp-content\/uploads\/2024\/07\/logo-carpathia_bg_white-1024x941.png\",\"contentUrl\":\"https:\/\/carpathiacenter.ro\/wp-content\/uploads\/2024\/07\/logo-carpathia_bg_white-1024x941.png\",\"width\":1024,\"height\":941,\"caption\":\"Carpathia Center Romania\"},\"image\":{\"@id\":\"https:\/\/carpathiacenter.ro\/#\/schema\/logo\/image\/\"},\"sameAs\":[\"https:\/\/www.facebook.com\/fdpscarpathia\/\"]},{\"@type\":\"Person\",\"@id\":\"https:\/\/carpathiacenter.ro\/#\/schema\/person\/03d9f58202fee8379268f34afa195006\",\"name\":\"creativebitsolutions\",\"image\":{\"@type\":\"ImageObject\",\"inLanguage\":\"en-GB\",\"@id\":\"https:\/\/carpathiacenter.ro\/#\/schema\/person\/image\/\",\"url\":\"https:\/\/secure.gravatar.com\/avatar\/1b1a13e37f847c635dab78348f1dff2f07651ee2a3d77a5c355a4b8c75f9165a?s=96&d=mm&r=g\",\"contentUrl\":\"https:\/\/secure.gravatar.com\/avatar\/1b1a13e37f847c635dab78348f1dff2f07651ee2a3d77a5c355a4b8c75f9165a?s=96&d=mm&r=g\",\"caption\":\"creativebitsolutions\"},\"url\":\"https:\/\/carpathiacenter.ro\/en\/author\/creativebitsolutions\/\"}]}<\/script>\n<!-- \/ Yoast SEO plugin. -->","yoast_head_json":{"title":"UPDATE DIICOT: A fost re\u021binut elevul de 17 ani, acuzat c\u0103 a trimis mesaje de amenin\u021bare c\u0103tre \u0219coli \u0219i spitale - Carpathia Center Romania","robots":{"index":"index","follow":"follow","max-snippet":"max-snippet:-1","max-image-preview":"max-image-preview:large","max-video-preview":"max-video-preview:-1"},"canonical":"https:\/\/carpathiacenter.ro\/en\/update-diicot-a-fost-retinut-elevul-de-17-ani-acuzat-ca-a-trimis-mesaje-de-amenintare-catre-scoli-si-spitale\/","og_locale":"en_GB","og_type":"article","og_title":"UPDATE DIICOT: A fost re\u021binut elevul de 17 ani, acuzat c\u0103 a trimis mesaje de amenin\u021bare c\u0103tre \u0219coli \u0219i spitale - Carpathia Center Romania","og_description":"DIICOT a anun\u021bat joi noaptea c\u0103 l-a re\u021binut pentru 24 de ore pe elevul \u00een v\u00e2rst\u0103 de 17 ani, acuzat c\u0103 a trimis \u00een ultimele zile mesaje de amenin\u021bare c\u0103tre \u0219coli, spitale, unit\u0103\u021bi de poli\u021bie, posturi de televiziune \u0219i alte institu\u021bii din Rom\u00e2nia. Conform DIICOT, elevul a fost ajutat de o fat\u0103 \u00een v\u00e2rst\u0103 de...","og_url":"https:\/\/carpathiacenter.ro\/en\/update-diicot-a-fost-retinut-elevul-de-17-ani-acuzat-ca-a-trimis-mesaje-de-amenintare-catre-scoli-si-spitale\/","og_site_name":"Carpathia Center Romania","article_publisher":"https:\/\/www.facebook.com\/fdpscarpathia\/","article_published_time":"2025-09-26T07:18:47+00:00","og_image":[{"width":2560,"height":1707,"url":"https:\/\/carpathiacenter.ro\/wp-content\/uploads\/2025\/09\/guy-siting-at-desk-dark-scaled.jpeg","type":"image\/jpeg"}],"author":"creativebitsolutions","twitter_card":"summary_large_image","twitter_misc":{"Written by":"creativebitsolutions","Estimated reading time":"4 minutes"},"schema":{"@context":"https:\/\/schema.org","@graph":[{"@type":"Article","@id":"https:\/\/carpathiacenter.ro\/update-diicot-a-fost-retinut-elevul-de-17-ani-acuzat-ca-a-trimis-mesaje-de-amenintare-catre-scoli-si-spitale\/#article","isPartOf":{"@id":"https:\/\/carpathiacenter.ro\/update-diicot-a-fost-retinut-elevul-de-17-ani-acuzat-ca-a-trimis-mesaje-de-amenintare-catre-scoli-si-spitale\/"},"author":{"name":"creativebitsolutions","@id":"https:\/\/carpathiacenter.ro\/#\/schema\/person\/03d9f58202fee8379268f34afa195006"},"headline":"UPDATE DIICOT: A fost re\u021binut elevul de 17 ani, acuzat c\u0103 a trimis mesaje de amenin\u021bare c\u0103tre \u0219coli \u0219i spitale","datePublished":"2025-09-26T07:18:47+00:00","mainEntityOfPage":{"@id":"https:\/\/carpathiacenter.ro\/update-diicot-a-fost-retinut-elevul-de-17-ani-acuzat-ca-a-trimis-mesaje-de-amenintare-catre-scoli-si-spitale\/"},"wordCount":814,"commentCount":0,"publisher":{"@id":"https:\/\/carpathiacenter.ro\/#organization"},"image":{"@id":"https:\/\/carpathiacenter.ro\/update-diicot-a-fost-retinut-elevul-de-17-ani-acuzat-ca-a-trimis-mesaje-de-amenintare-catre-scoli-si-spitale\/#primaryimage"},"thumbnailUrl":"https:\/\/carpathiacenter.ro\/wp-content\/uploads\/2025\/09\/guy-siting-at-desk-dark-scaled.jpeg","articleSection":["Uncategorized"],"inLanguage":"en-GB","potentialAction":[{"@type":"CommentAction","name":"Comment","target":["https:\/\/carpathiacenter.ro\/update-diicot-a-fost-retinut-elevul-de-17-ani-acuzat-ca-a-trimis-mesaje-de-amenintare-catre-scoli-si-spitale\/#respond"]}]},{"@type":"WebPage","@id":"https:\/\/carpathiacenter.ro\/update-diicot-a-fost-retinut-elevul-de-17-ani-acuzat-ca-a-trimis-mesaje-de-amenintare-catre-scoli-si-spitale\/","url":"https:\/\/carpathiacenter.ro\/update-diicot-a-fost-retinut-elevul-de-17-ani-acuzat-ca-a-trimis-mesaje-de-amenintare-catre-scoli-si-spitale\/","name":"UPDATE DIICOT: A fost re\u021binut elevul de 17 ani, acuzat c\u0103 a trimis mesaje de amenin\u021bare c\u0103tre \u0219coli \u0219i spitale - Carpathia Center Romania","isPartOf":{"@id":"https:\/\/carpathiacenter.ro\/#website"},"primaryImageOfPage":{"@id":"https:\/\/carpathiacenter.ro\/update-diicot-a-fost-retinut-elevul-de-17-ani-acuzat-ca-a-trimis-mesaje-de-amenintare-catre-scoli-si-spitale\/#primaryimage"},"image":{"@id":"https:\/\/carpathiacenter.ro\/update-diicot-a-fost-retinut-elevul-de-17-ani-acuzat-ca-a-trimis-mesaje-de-amenintare-catre-scoli-si-spitale\/#primaryimage"},"thumbnailUrl":"https:\/\/carpathiacenter.ro\/wp-content\/uploads\/2025\/09\/guy-siting-at-desk-dark-scaled.jpeg","datePublished":"2025-09-26T07:18:47+00:00","breadcrumb":{"@id":"https:\/\/carpathiacenter.ro\/update-diicot-a-fost-retinut-elevul-de-17-ani-acuzat-ca-a-trimis-mesaje-de-amenintare-catre-scoli-si-spitale\/#breadcrumb"},"inLanguage":"en-GB","potentialAction":[{"@type":"ReadAction","target":["https:\/\/carpathiacenter.ro\/update-diicot-a-fost-retinut-elevul-de-17-ani-acuzat-ca-a-trimis-mesaje-de-amenintare-catre-scoli-si-spitale\/"]}]},{"@type":"ImageObject","inLanguage":"en-GB","@id":"https:\/\/carpathiacenter.ro\/update-diicot-a-fost-retinut-elevul-de-17-ani-acuzat-ca-a-trimis-mesaje-de-amenintare-catre-scoli-si-spitale\/#primaryimage","url":"https:\/\/carpathiacenter.ro\/wp-content\/uploads\/2025\/09\/guy-siting-at-desk-dark-scaled.jpeg","contentUrl":"https:\/\/carpathiacenter.ro\/wp-content\/uploads\/2025\/09\/guy-siting-at-desk-dark-scaled.jpeg","width":2560,"height":1707},{"@type":"BreadcrumbList","@id":"https:\/\/carpathiacenter.ro\/update-diicot-a-fost-retinut-elevul-de-17-ani-acuzat-ca-a-trimis-mesaje-de-amenintare-catre-scoli-si-spitale\/#breadcrumb","itemListElement":[{"@type":"ListItem","position":1,"name":"Prima pagin\u0103","item":"https:\/\/carpathiacenter.ro\/"},{"@type":"ListItem","position":2,"name":"UPDATE DIICOT: A fost re\u021binut elevul de 17 ani, acuzat c\u0103 a trimis mesaje de amenin\u021bare c\u0103tre \u0219coli \u0219i spitale"}]},{"@type":"WebSite","@id":"https:\/\/carpathiacenter.ro\/#website","url":"https:\/\/carpathiacenter.ro\/","name":"Carpathia Center Romania","description":"Impossible made possible!","publisher":{"@id":"https:\/\/carpathiacenter.ro\/#organization"},"potentialAction":[{"@type":"SearchAction","target":{"@type":"EntryPoint","urlTemplate":"https:\/\/carpathiacenter.ro\/?s={search_term_string}"},"query-input":{"@type":"PropertyValueSpecification","valueRequired":true,"valueName":"search_term_string"}}],"inLanguage":"en-GB"},{"@type":"Organization","@id":"https:\/\/carpathiacenter.ro\/#organization","name":"Carpathia Center Romania","url":"https:\/\/carpathiacenter.ro\/","logo":{"@type":"ImageObject","inLanguage":"en-GB","@id":"https:\/\/carpathiacenter.ro\/#\/schema\/logo\/image\/","url":"https:\/\/carpathiacenter.ro\/wp-content\/uploads\/2024\/07\/logo-carpathia_bg_white-1024x941.png","contentUrl":"https:\/\/carpathiacenter.ro\/wp-content\/uploads\/2024\/07\/logo-carpathia_bg_white-1024x941.png","width":1024,"height":941,"caption":"Carpathia Center Romania"},"image":{"@id":"https:\/\/carpathiacenter.ro\/#\/schema\/logo\/image\/"},"sameAs":["https:\/\/www.facebook.com\/fdpscarpathia\/"]},{"@type":"Person","@id":"https:\/\/carpathiacenter.ro\/#\/schema\/person\/03d9f58202fee8379268f34afa195006","name":"creativebitsolutions","image":{"@type":"ImageObject","inLanguage":"en-GB","@id":"https:\/\/carpathiacenter.ro\/#\/schema\/person\/image\/","url":"https:\/\/secure.gravatar.com\/avatar\/1b1a13e37f847c635dab78348f1dff2f07651ee2a3d77a5c355a4b8c75f9165a?s=96&d=mm&r=g","contentUrl":"https:\/\/secure.gravatar.com\/avatar\/1b1a13e37f847c635dab78348f1dff2f07651ee2a3d77a5c355a4b8c75f9165a?s=96&d=mm&r=g","caption":"creativebitsolutions"},"url":"https:\/\/carpathiacenter.ro\/en\/author\/creativebitsolutions\/"}]}},"_links":{"self":[{"href":"https:\/\/carpathiacenter.ro\/en\/wp-json\/wp\/v2\/posts\/3082","targetHints":{"allow":["GET"]}}],"collection":[{"href":"https:\/\/carpathiacenter.ro\/en\/wp-json\/wp\/v2\/posts"}],"about":[{"href":"https:\/\/carpathiacenter.ro\/en\/wp-json\/wp\/v2\/types\/post"}],"author":[{"embeddable":true,"href":"https:\/\/carpathiacenter.ro\/en\/wp-json\/wp\/v2\/users\/4"}],"replies":[{"embeddable":true,"href":"https:\/\/carpathiacenter.ro\/en\/wp-json\/wp\/v2\/comments?post=3082"}],"version-history":[{"count":1,"href":"https:\/\/carpathiacenter.ro\/en\/wp-json\/wp\/v2\/posts\/3082\/revisions"}],"predecessor-version":[{"id":3084,"href":"https:\/\/carpathiacenter.ro\/en\/wp-json\/wp\/v2\/posts\/3082\/revisions\/3084"}],"wp:featuredmedia":[{"embeddable":true,"href":"https:\/\/carpathiacenter.ro\/en\/wp-json\/wp\/v2\/media\/3083"}],"wp:attachment":[{"href":"https:\/\/carpathiacenter.ro\/en\/wp-json\/wp\/v2\/media?parent=3082"}],"wp:term":[{"taxonomy":"category","embeddable":true,"href":"https:\/\/carpathiacenter.ro\/en\/wp-json\/wp\/v2\/categories?post=3082"},{"taxonomy":"post_tag","embeddable":true,"href":"https:\/\/carpathiacenter.ro\/en\/wp-json\/wp\/v2\/tags?post=3082"}],"curies":[{"name":"wp","href":"https:\/\/api.w.org\/{rel}","templated":true}]}}