{"id":3073,"date":"2025-09-25T05:49:20","date_gmt":"2025-09-25T05:49:20","guid":{"rendered":"https:\/\/carpathiacenter.ro\/?p=3073"},"modified":"2025-09-25T05:49:41","modified_gmt":"2025-09-25T05:49:41","slug":"grindeanu-psd-va-inainta-la-sfarsitul-saptamanii-catre-coalitie-pachetul-pe-relansarea-economica-l-am-informat-si-pe-presedinte","status":"publish","type":"post","link":"https:\/\/carpathiacenter.ro\/en\/grindeanu-psd-va-inainta-la-sfarsitul-saptamanii-catre-coalitie-pachetul-pe-relansarea-economica-l-am-informat-si-pe-presedinte\/","title":{"rendered":"Grindeanu: PSD va \u00eenainta, la sf\u00e2r\u0219itul s\u0103pt\u0103m\u00e2nii, c\u0103tre coali\u021bie pachetul pe relansarea economic\u0103; l-am informat \u0219i pe pre\u0219edinte"},"content":{"rendered":"<p>PSD va \u00eenainta, p\u00e2n\u0103 la sf\u00e2r\u0219itul s\u0103pt\u0103m\u00e2nii, coali\u021biei de guvernare propunerile de relansare economic\u0103, cu condi\u021bia ca acestea s\u0103 fie parte din pachetul trei de reforme pentru care \u00ee\u0219i va asuma r\u0103spunderea Guvernul, a declarat, miercuri, pre\u0219edintele interimar al PSD, Sorin Grindeanu, men\u021bion\u00e2nd c\u0103 l-a informat \u00een acest sens \u0219i pe pre\u0219edintele Nicu\u0219or Dan.<\/p>\n<p>&#8216;Dup\u0103 trei luni \u00een care rom\u00e2nii au auzit doar despre t\u0103ieri, deficit, tr\u0103im mai prost, facturi mai mari, TVA mai mare, cred c\u0103 trebuie s\u0103 venim \u0219i cu lucruri bune \u0219i, \u00een acest context, m\u00e2ine, cel t\u00e2rziu poim\u00e2ine, PSD va \u00eenainta c\u0103tre coali\u021bie pachetul pe relansarea economic\u0103, pe care noi l-am g\u00e2ndit. \u0218ti\u021bi c\u0103 l-am prezentat to\u021bi colegii mei. Eu am \u00eenceput \u0219i, dup\u0103 aceea, pe fiecare domeniu \u00een parte, to\u021bi colegii au prezentat acest pachet. \u0218i asta este iar\u0103\u0219i o condi\u021bie c\u0103 trebuie s\u0103 fie parte din pachetul trei de asumare. Trebuie s\u0103 venim \u0219i cu m\u0103suri de relansare economic\u0103, iar acele m\u0103suri o s\u0103 le vede\u021bi, le-am \u0219i prezentat&#8217;, a afirmat Grindeanu, la Antena 3 CNN.<\/p>\n<p>El a spus c\u0103 este vorba de stimulare de investi\u021bii, credite fiscale, propuneri \u00een agricultur\u0103, facilit\u0103\u021bi \u00een investi\u021bii, men\u021bion\u00e2nd c\u0103 acestea &#8216;nu \u00eenseamn\u0103 efort bugetar&#8217;.<\/p>\n<p>&#8216;Toate aceste lucruri le vom \u00eembr\u0103ca \u00eentr-un pachet, am anun\u021bat coali\u021bia, l-am anun\u021bat chiar \u0219i pe pre\u0219edintele Nicu\u0219or Dan la Cotroceni c\u0103, la sf\u00e2r\u0219itul acestei s\u0103pt\u0103m\u00e2ni, venim cu aceast\u0103 propunere, dorind ca \u0219i celelalte partide s\u0103 vin\u0103 cu \u00eembun\u0103t\u0103\u021biri, evident, \u0219i pe pachetul trei s\u0103 avem \u0219i aceast\u0103 component\u0103 de relansare economic\u0103&#8217;, a mai spus Grindeanu.<\/p>\n<p>El a reiterat c\u0103 &#8216;Rom\u00e2nia are nevoie de a\u0219a ceva&#8217;.<\/p>\n<p>&#8216;Rom\u00e2nia nu mai poate s\u0103 aud\u0103 doar despre lucruri nasoale, doar despre t\u0103ieri, concedieri, cre\u0219teri de TVA, deficit. Trebuie s\u0103 vedem ce facem pentru c\u0103 oamenii ne-au ales s\u0103 venim cu solu\u021bii pentru a le face via\u021ba mai bun\u0103&#8217;, a ad\u0103ugat liderul interimar al PSD.<\/p>\n<p>\u00cen leg\u0103tur\u0103 cu reforma administra\u021biei centrale, Sorin Grindeanu a spus c\u0103 nu se va ajunge la tensiuni \u00een coali\u021bie, ca \u00een cazul reformei administra\u021biei locale, pentru c\u0103 toat\u0103 lumea este de acord cu principiul reducerii cheltuielilor.<\/p>\n<p>\u00centrebat dac\u0103 se ajunge din nou \u00eentr-un punct de tensiune \u00een privin\u021ba reformei administra\u021biei centrale, Grindeanu a spus: &#8216;Eu sper c\u0103 nu, toat\u0103 lumea e de acord c\u0103 aici cu principiul de baz\u0103 c\u0103 trebuie, de asemenea, s\u0103 reducem cheltuielile, toat\u0103 lumea \u00een coali\u021bie \u0219i toat\u0103 lumea trebuie s\u0103 urm\u0103reasc\u0103 acest lucru&#8217;.<\/p>\n<p>&#8216;Sunt direc\u021bii deconcentrate \u00een jude\u021be, de la acela\u0219i minister sunt vreo 10 &#8211; 12. Astea sunt lucruri care trebuie s\u0103 dispar\u0103 \u0219i vor disp\u0103rea. Aici n-avem niciun fel de semne de \u00eentrebare \u0219i nu cred c\u0103 va fi un punct de discutat \u00een coali\u021bie. Se va merge foarte repede, dar s\u0103 se mearg\u0103, fiindc\u0103 poate era mai important s\u0103 se \u00eenceap\u0103 cu administra\u021bia central\u0103 \u00eenaintea administra\u021biei locale&#8217;, a mai ad\u0103ugat liderul interimar al PSD. AGERPRES \/ (AS &#8211; redactor: Alina Nov\u0103ceanu, editor: Marius Fr\u0103\u021bil\u0103, editor online: Alexandru Cojocaru)<\/p>\n<p>sursa https:\/\/agerpres.ro\/politic\/2025\/09\/24\/grindeanu-psd-va-inainta-la-sfarsitul-saptamanii-catre-coalitie-pachetul-pe-relansarea-economica-l-a&#8211;1487203<\/p>","protected":false},"excerpt":{"rendered":"<p>PSD va \u00eenainta, p\u00e2n\u0103 la sf\u00e2r\u0219itul s\u0103pt\u0103m\u00e2nii, coali\u021biei de guvernare propunerile de relansare economic\u0103, cu condi\u021bia ca acestea s\u0103 fie parte din pachetul trei de reforme pentru care \u00ee\u0219i va asuma r\u0103spunderea Guvernul, a declarat, miercuri, pre\u0219edintele interimar al PSD, Sorin Grindeanu, men\u021bion\u00e2nd c\u0103 l-a informat \u00een acest sens \u0219i pe pre\u0219edintele Nicu\u0219or Dan. &#8216;Dup\u0103&#8230;<\/p>","protected":false},"author":4,"featured_media":2935,"comment_status":"open","ping_status":"open","sticky":false,"template":"","format":"standard","meta":{"footnotes":""},"categories":[1],"tags":[],"class_list":["post-3073","post","type-post","status-publish","format-standard","has-post-thumbnail","hentry","category-uncategorized"],"yoast_head":"<!-- This site is optimized with the Yoast SEO plugin v26.1.1 - https:\/\/yoast.com\/wordpress\/plugins\/seo\/ -->\n<title>Grindeanu: PSD va \u00eenainta, la sf\u00e2r\u0219itul s\u0103pt\u0103m\u00e2nii, c\u0103tre coali\u021bie pachetul pe relansarea economic\u0103; l-am informat \u0219i pe pre\u0219edinte - Carpathia Center Romania<\/title>\n<meta name=\"robots\" content=\"index, follow, max-snippet:-1, max-image-preview:large, max-video-preview:-1\" \/>\n<link rel=\"canonical\" href=\"https:\/\/carpathiacenter.ro\/en\/grindeanu-psd-va-inainta-la-sfarsitul-saptamanii-catre-coalitie-pachetul-pe-relansarea-economica-l-am-informat-si-pe-presedinte\/\" \/>\n<meta property=\"og:locale\" content=\"en_GB\" \/>\n<meta property=\"og:type\" content=\"article\" \/>\n<meta property=\"og:title\" content=\"Grindeanu: PSD va \u00eenainta, la sf\u00e2r\u0219itul s\u0103pt\u0103m\u00e2nii, c\u0103tre coali\u021bie pachetul pe relansarea economic\u0103; l-am informat \u0219i pe pre\u0219edinte - Carpathia Center Romania\" \/>\n<meta property=\"og:description\" content=\"PSD va \u00eenainta, p\u00e2n\u0103 la sf\u00e2r\u0219itul s\u0103pt\u0103m\u00e2nii, coali\u021biei de guvernare propunerile de relansare economic\u0103, cu condi\u021bia ca acestea s\u0103 fie parte din pachetul trei de reforme pentru care \u00ee\u0219i va asuma r\u0103spunderea Guvernul, a declarat, miercuri, pre\u0219edintele interimar al PSD, Sorin Grindeanu, men\u021bion\u00e2nd c\u0103 l-a informat \u00een acest sens \u0219i pe pre\u0219edintele Nicu\u0219or Dan. &#8216;Dup\u0103...\" \/>\n<meta property=\"og:url\" content=\"https:\/\/carpathiacenter.ro\/en\/grindeanu-psd-va-inainta-la-sfarsitul-saptamanii-catre-coalitie-pachetul-pe-relansarea-economica-l-am-informat-si-pe-presedinte\/\" \/>\n<meta property=\"og:site_name\" content=\"Carpathia Center Romania\" \/>\n<meta property=\"article:publisher\" content=\"https:\/\/www.facebook.com\/fdpscarpathia\/\" \/>\n<meta property=\"article:published_time\" content=\"2025-09-25T05:49:20+00:00\" \/>\n<meta property=\"article:modified_time\" content=\"2025-09-25T05:49:41+00:00\" \/>\n<meta property=\"og:image\" content=\"https:\/\/carpathiacenter.ro\/wp-content\/uploads\/2025\/08\/sorin-grindeanu.jpg\" \/>\n\t<meta property=\"og:image:width\" content=\"830\" \/>\n\t<meta property=\"og:image:height\" content=\"475\" \/>\n\t<meta property=\"og:image:type\" content=\"image\/jpeg\" \/>\n<meta name=\"author\" content=\"creativebitsolutions\" \/>\n<meta name=\"twitter:card\" content=\"summary_large_image\" \/>\n<meta name=\"twitter:label1\" content=\"Written by\" \/>\n\t<meta name=\"twitter:data1\" content=\"creativebitsolutions\" \/>\n\t<meta name=\"twitter:label2\" content=\"Estimated reading time\" \/>\n\t<meta name=\"twitter:data2\" content=\"3 minutes\" \/>\n<script type=\"application\/ld+json\" class=\"yoast-schema-graph\">{\"@context\":\"https:\/\/schema.org\",\"@graph\":[{\"@type\":\"Article\",\"@id\":\"https:\/\/carpathiacenter.ro\/grindeanu-psd-va-inainta-la-sfarsitul-saptamanii-catre-coalitie-pachetul-pe-relansarea-economica-l-am-informat-si-pe-presedinte\/#article\",\"isPartOf\":{\"@id\":\"https:\/\/carpathiacenter.ro\/grindeanu-psd-va-inainta-la-sfarsitul-saptamanii-catre-coalitie-pachetul-pe-relansarea-economica-l-am-informat-si-pe-presedinte\/\"},\"author\":{\"name\":\"creativebitsolutions\",\"@id\":\"https:\/\/carpathiacenter.ro\/#\/schema\/person\/03d9f58202fee8379268f34afa195006\"},\"headline\":\"Grindeanu: PSD va \u00eenainta, la sf\u00e2r\u0219itul s\u0103pt\u0103m\u00e2nii, c\u0103tre coali\u021bie pachetul pe relansarea economic\u0103; l-am informat \u0219i pe pre\u0219edinte\",\"datePublished\":\"2025-09-25T05:49:20+00:00\",\"dateModified\":\"2025-09-25T05:49:41+00:00\",\"mainEntityOfPage\":{\"@id\":\"https:\/\/carpathiacenter.ro\/grindeanu-psd-va-inainta-la-sfarsitul-saptamanii-catre-coalitie-pachetul-pe-relansarea-economica-l-am-informat-si-pe-presedinte\/\"},\"wordCount\":587,\"commentCount\":0,\"publisher\":{\"@id\":\"https:\/\/carpathiacenter.ro\/#organization\"},\"image\":{\"@id\":\"https:\/\/carpathiacenter.ro\/grindeanu-psd-va-inainta-la-sfarsitul-saptamanii-catre-coalitie-pachetul-pe-relansarea-economica-l-am-informat-si-pe-presedinte\/#primaryimage\"},\"thumbnailUrl\":\"https:\/\/carpathiacenter.ro\/wp-content\/uploads\/2025\/08\/sorin-grindeanu.jpg\",\"articleSection\":[\"Uncategorized\"],\"inLanguage\":\"en-GB\",\"potentialAction\":[{\"@type\":\"CommentAction\",\"name\":\"Comment\",\"target\":[\"https:\/\/carpathiacenter.ro\/grindeanu-psd-va-inainta-la-sfarsitul-saptamanii-catre-coalitie-pachetul-pe-relansarea-economica-l-am-informat-si-pe-presedinte\/#respond\"]}]},{\"@type\":\"WebPage\",\"@id\":\"https:\/\/carpathiacenter.ro\/grindeanu-psd-va-inainta-la-sfarsitul-saptamanii-catre-coalitie-pachetul-pe-relansarea-economica-l-am-informat-si-pe-presedinte\/\",\"url\":\"https:\/\/carpathiacenter.ro\/grindeanu-psd-va-inainta-la-sfarsitul-saptamanii-catre-coalitie-pachetul-pe-relansarea-economica-l-am-informat-si-pe-presedinte\/\",\"name\":\"Grindeanu: PSD va \u00eenainta, la sf\u00e2r\u0219itul s\u0103pt\u0103m\u00e2nii, c\u0103tre coali\u021bie pachetul pe relansarea economic\u0103; l-am informat \u0219i pe pre\u0219edinte - Carpathia Center Romania\",\"isPartOf\":{\"@id\":\"https:\/\/carpathiacenter.ro\/#website\"},\"primaryImageOfPage\":{\"@id\":\"https:\/\/carpathiacenter.ro\/grindeanu-psd-va-inainta-la-sfarsitul-saptamanii-catre-coalitie-pachetul-pe-relansarea-economica-l-am-informat-si-pe-presedinte\/#primaryimage\"},\"image\":{\"@id\":\"https:\/\/carpathiacenter.ro\/grindeanu-psd-va-inainta-la-sfarsitul-saptamanii-catre-coalitie-pachetul-pe-relansarea-economica-l-am-informat-si-pe-presedinte\/#primaryimage\"},\"thumbnailUrl\":\"https:\/\/carpathiacenter.ro\/wp-content\/uploads\/2025\/08\/sorin-grindeanu.jpg\",\"datePublished\":\"2025-09-25T05:49:20+00:00\",\"dateModified\":\"2025-09-25T05:49:41+00:00\",\"breadcrumb\":{\"@id\":\"https:\/\/carpathiacenter.ro\/grindeanu-psd-va-inainta-la-sfarsitul-saptamanii-catre-coalitie-pachetul-pe-relansarea-economica-l-am-informat-si-pe-presedinte\/#breadcrumb\"},\"inLanguage\":\"en-GB\",\"potentialAction\":[{\"@type\":\"ReadAction\",\"target\":[\"https:\/\/carpathiacenter.ro\/grindeanu-psd-va-inainta-la-sfarsitul-saptamanii-catre-coalitie-pachetul-pe-relansarea-economica-l-am-informat-si-pe-presedinte\/\"]}]},{\"@type\":\"ImageObject\",\"inLanguage\":\"en-GB\",\"@id\":\"https:\/\/carpathiacenter.ro\/grindeanu-psd-va-inainta-la-sfarsitul-saptamanii-catre-coalitie-pachetul-pe-relansarea-economica-l-am-informat-si-pe-presedinte\/#primaryimage\",\"url\":\"https:\/\/carpathiacenter.ro\/wp-content\/uploads\/2025\/08\/sorin-grindeanu.jpg\",\"contentUrl\":\"https:\/\/carpathiacenter.ro\/wp-content\/uploads\/2025\/08\/sorin-grindeanu.jpg\",\"width\":830,\"height\":475},{\"@type\":\"BreadcrumbList\",\"@id\":\"https:\/\/carpathiacenter.ro\/grindeanu-psd-va-inainta-la-sfarsitul-saptamanii-catre-coalitie-pachetul-pe-relansarea-economica-l-am-informat-si-pe-presedinte\/#breadcrumb\",\"itemListElement\":[{\"@type\":\"ListItem\",\"position\":1,\"name\":\"Prima pagin\u0103\",\"item\":\"https:\/\/carpathiacenter.ro\/\"},{\"@type\":\"ListItem\",\"position\":2,\"name\":\"Grindeanu: PSD va \u00eenainta, la sf\u00e2r\u0219itul s\u0103pt\u0103m\u00e2nii, c\u0103tre coali\u021bie pachetul pe relansarea economic\u0103; l-am informat \u0219i pe pre\u0219edinte\"}]},{\"@type\":\"WebSite\",\"@id\":\"https:\/\/carpathiacenter.ro\/#website\",\"url\":\"https:\/\/carpathiacenter.ro\/\",\"name\":\"Carpathia Center Romania\",\"description\":\"Impossible made possible!\",\"publisher\":{\"@id\":\"https:\/\/carpathiacenter.ro\/#organization\"},\"potentialAction\":[{\"@type\":\"SearchAction\",\"target\":{\"@type\":\"EntryPoint\",\"urlTemplate\":\"https:\/\/carpathiacenter.ro\/?s={search_term_string}\"},\"query-input\":{\"@type\":\"PropertyValueSpecification\",\"valueRequired\":true,\"valueName\":\"search_term_string\"}}],\"inLanguage\":\"en-GB\"},{\"@type\":\"Organization\",\"@id\":\"https:\/\/carpathiacenter.ro\/#organization\",\"name\":\"Carpathia Center Romania\",\"url\":\"https:\/\/carpathiacenter.ro\/\",\"logo\":{\"@type\":\"ImageObject\",\"inLanguage\":\"en-GB\",\"@id\":\"https:\/\/carpathiacenter.ro\/#\/schema\/logo\/image\/\",\"url\":\"https:\/\/carpathiacenter.ro\/wp-content\/uploads\/2024\/07\/logo-carpathia_bg_white-1024x941.png\",\"contentUrl\":\"https:\/\/carpathiacenter.ro\/wp-content\/uploads\/2024\/07\/logo-carpathia_bg_white-1024x941.png\",\"width\":1024,\"height\":941,\"caption\":\"Carpathia Center Romania\"},\"image\":{\"@id\":\"https:\/\/carpathiacenter.ro\/#\/schema\/logo\/image\/\"},\"sameAs\":[\"https:\/\/www.facebook.com\/fdpscarpathia\/\"]},{\"@type\":\"Person\",\"@id\":\"https:\/\/carpathiacenter.ro\/#\/schema\/person\/03d9f58202fee8379268f34afa195006\",\"name\":\"creativebitsolutions\",\"image\":{\"@type\":\"ImageObject\",\"inLanguage\":\"en-GB\",\"@id\":\"https:\/\/carpathiacenter.ro\/#\/schema\/person\/image\/\",\"url\":\"https:\/\/secure.gravatar.com\/avatar\/1b1a13e37f847c635dab78348f1dff2f07651ee2a3d77a5c355a4b8c75f9165a?s=96&d=mm&r=g\",\"contentUrl\":\"https:\/\/secure.gravatar.com\/avatar\/1b1a13e37f847c635dab78348f1dff2f07651ee2a3d77a5c355a4b8c75f9165a?s=96&d=mm&r=g\",\"caption\":\"creativebitsolutions\"},\"url\":\"https:\/\/carpathiacenter.ro\/en\/author\/creativebitsolutions\/\"}]}<\/script>\n<!-- \/ Yoast SEO plugin. -->","yoast_head_json":{"title":"Grindeanu: PSD va \u00eenainta, la sf\u00e2r\u0219itul s\u0103pt\u0103m\u00e2nii, c\u0103tre coali\u021bie pachetul pe relansarea economic\u0103; l-am informat \u0219i pe pre\u0219edinte - Carpathia Center Romania","robots":{"index":"index","follow":"follow","max-snippet":"max-snippet:-1","max-image-preview":"max-image-preview:large","max-video-preview":"max-video-preview:-1"},"canonical":"https:\/\/carpathiacenter.ro\/en\/grindeanu-psd-va-inainta-la-sfarsitul-saptamanii-catre-coalitie-pachetul-pe-relansarea-economica-l-am-informat-si-pe-presedinte\/","og_locale":"en_GB","og_type":"article","og_title":"Grindeanu: PSD va \u00eenainta, la sf\u00e2r\u0219itul s\u0103pt\u0103m\u00e2nii, c\u0103tre coali\u021bie pachetul pe relansarea economic\u0103; l-am informat \u0219i pe pre\u0219edinte - Carpathia Center Romania","og_description":"PSD va \u00eenainta, p\u00e2n\u0103 la sf\u00e2r\u0219itul s\u0103pt\u0103m\u00e2nii, coali\u021biei de guvernare propunerile de relansare economic\u0103, cu condi\u021bia ca acestea s\u0103 fie parte din pachetul trei de reforme pentru care \u00ee\u0219i va asuma r\u0103spunderea Guvernul, a declarat, miercuri, pre\u0219edintele interimar al PSD, Sorin Grindeanu, men\u021bion\u00e2nd c\u0103 l-a informat \u00een acest sens \u0219i pe pre\u0219edintele Nicu\u0219or Dan. &#8216;Dup\u0103...","og_url":"https:\/\/carpathiacenter.ro\/en\/grindeanu-psd-va-inainta-la-sfarsitul-saptamanii-catre-coalitie-pachetul-pe-relansarea-economica-l-am-informat-si-pe-presedinte\/","og_site_name":"Carpathia Center Romania","article_publisher":"https:\/\/www.facebook.com\/fdpscarpathia\/","article_published_time":"2025-09-25T05:49:20+00:00","article_modified_time":"2025-09-25T05:49:41+00:00","og_image":[{"width":830,"height":475,"url":"https:\/\/carpathiacenter.ro\/wp-content\/uploads\/2025\/08\/sorin-grindeanu.jpg","type":"image\/jpeg"}],"author":"creativebitsolutions","twitter_card":"summary_large_image","twitter_misc":{"Written by":"creativebitsolutions","Estimated reading time":"3 minutes"},"schema":{"@context":"https:\/\/schema.org","@graph":[{"@type":"Article","@id":"https:\/\/carpathiacenter.ro\/grindeanu-psd-va-inainta-la-sfarsitul-saptamanii-catre-coalitie-pachetul-pe-relansarea-economica-l-am-informat-si-pe-presedinte\/#article","isPartOf":{"@id":"https:\/\/carpathiacenter.ro\/grindeanu-psd-va-inainta-la-sfarsitul-saptamanii-catre-coalitie-pachetul-pe-relansarea-economica-l-am-informat-si-pe-presedinte\/"},"author":{"name":"creativebitsolutions","@id":"https:\/\/carpathiacenter.ro\/#\/schema\/person\/03d9f58202fee8379268f34afa195006"},"headline":"Grindeanu: PSD va \u00eenainta, la sf\u00e2r\u0219itul s\u0103pt\u0103m\u00e2nii, c\u0103tre coali\u021bie pachetul pe relansarea economic\u0103; l-am informat \u0219i pe pre\u0219edinte","datePublished":"2025-09-25T05:49:20+00:00","dateModified":"2025-09-25T05:49:41+00:00","mainEntityOfPage":{"@id":"https:\/\/carpathiacenter.ro\/grindeanu-psd-va-inainta-la-sfarsitul-saptamanii-catre-coalitie-pachetul-pe-relansarea-economica-l-am-informat-si-pe-presedinte\/"},"wordCount":587,"commentCount":0,"publisher":{"@id":"https:\/\/carpathiacenter.ro\/#organization"},"image":{"@id":"https:\/\/carpathiacenter.ro\/grindeanu-psd-va-inainta-la-sfarsitul-saptamanii-catre-coalitie-pachetul-pe-relansarea-economica-l-am-informat-si-pe-presedinte\/#primaryimage"},"thumbnailUrl":"https:\/\/carpathiacenter.ro\/wp-content\/uploads\/2025\/08\/sorin-grindeanu.jpg","articleSection":["Uncategorized"],"inLanguage":"en-GB","potentialAction":[{"@type":"CommentAction","name":"Comment","target":["https:\/\/carpathiacenter.ro\/grindeanu-psd-va-inainta-la-sfarsitul-saptamanii-catre-coalitie-pachetul-pe-relansarea-economica-l-am-informat-si-pe-presedinte\/#respond"]}]},{"@type":"WebPage","@id":"https:\/\/carpathiacenter.ro\/grindeanu-psd-va-inainta-la-sfarsitul-saptamanii-catre-coalitie-pachetul-pe-relansarea-economica-l-am-informat-si-pe-presedinte\/","url":"https:\/\/carpathiacenter.ro\/grindeanu-psd-va-inainta-la-sfarsitul-saptamanii-catre-coalitie-pachetul-pe-relansarea-economica-l-am-informat-si-pe-presedinte\/","name":"Grindeanu: PSD va \u00eenainta, la sf\u00e2r\u0219itul s\u0103pt\u0103m\u00e2nii, c\u0103tre coali\u021bie pachetul pe relansarea economic\u0103; l-am informat \u0219i pe pre\u0219edinte - Carpathia Center Romania","isPartOf":{"@id":"https:\/\/carpathiacenter.ro\/#website"},"primaryImageOfPage":{"@id":"https:\/\/carpathiacenter.ro\/grindeanu-psd-va-inainta-la-sfarsitul-saptamanii-catre-coalitie-pachetul-pe-relansarea-economica-l-am-informat-si-pe-presedinte\/#primaryimage"},"image":{"@id":"https:\/\/carpathiacenter.ro\/grindeanu-psd-va-inainta-la-sfarsitul-saptamanii-catre-coalitie-pachetul-pe-relansarea-economica-l-am-informat-si-pe-presedinte\/#primaryimage"},"thumbnailUrl":"https:\/\/carpathiacenter.ro\/wp-content\/uploads\/2025\/08\/sorin-grindeanu.jpg","datePublished":"2025-09-25T05:49:20+00:00","dateModified":"2025-09-25T05:49:41+00:00","breadcrumb":{"@id":"https:\/\/carpathiacenter.ro\/grindeanu-psd-va-inainta-la-sfarsitul-saptamanii-catre-coalitie-pachetul-pe-relansarea-economica-l-am-informat-si-pe-presedinte\/#breadcrumb"},"inLanguage":"en-GB","potentialAction":[{"@type":"ReadAction","target":["https:\/\/carpathiacenter.ro\/grindeanu-psd-va-inainta-la-sfarsitul-saptamanii-catre-coalitie-pachetul-pe-relansarea-economica-l-am-informat-si-pe-presedinte\/"]}]},{"@type":"ImageObject","inLanguage":"en-GB","@id":"https:\/\/carpathiacenter.ro\/grindeanu-psd-va-inainta-la-sfarsitul-saptamanii-catre-coalitie-pachetul-pe-relansarea-economica-l-am-informat-si-pe-presedinte\/#primaryimage","url":"https:\/\/carpathiacenter.ro\/wp-content\/uploads\/2025\/08\/sorin-grindeanu.jpg","contentUrl":"https:\/\/carpathiacenter.ro\/wp-content\/uploads\/2025\/08\/sorin-grindeanu.jpg","width":830,"height":475},{"@type":"BreadcrumbList","@id":"https:\/\/carpathiacenter.ro\/grindeanu-psd-va-inainta-la-sfarsitul-saptamanii-catre-coalitie-pachetul-pe-relansarea-economica-l-am-informat-si-pe-presedinte\/#breadcrumb","itemListElement":[{"@type":"ListItem","position":1,"name":"Prima pagin\u0103","item":"https:\/\/carpathiacenter.ro\/"},{"@type":"ListItem","position":2,"name":"Grindeanu: PSD va \u00eenainta, la sf\u00e2r\u0219itul s\u0103pt\u0103m\u00e2nii, c\u0103tre coali\u021bie pachetul pe relansarea economic\u0103; l-am informat \u0219i pe pre\u0219edinte"}]},{"@type":"WebSite","@id":"https:\/\/carpathiacenter.ro\/#website","url":"https:\/\/carpathiacenter.ro\/","name":"Carpathia Center Romania","description":"Impossible made possible!","publisher":{"@id":"https:\/\/carpathiacenter.ro\/#organization"},"potentialAction":[{"@type":"SearchAction","target":{"@type":"EntryPoint","urlTemplate":"https:\/\/carpathiacenter.ro\/?s={search_term_string}"},"query-input":{"@type":"PropertyValueSpecification","valueRequired":true,"valueName":"search_term_string"}}],"inLanguage":"en-GB"},{"@type":"Organization","@id":"https:\/\/carpathiacenter.ro\/#organization","name":"Carpathia Center Romania","url":"https:\/\/carpathiacenter.ro\/","logo":{"@type":"ImageObject","inLanguage":"en-GB","@id":"https:\/\/carpathiacenter.ro\/#\/schema\/logo\/image\/","url":"https:\/\/carpathiacenter.ro\/wp-content\/uploads\/2024\/07\/logo-carpathia_bg_white-1024x941.png","contentUrl":"https:\/\/carpathiacenter.ro\/wp-content\/uploads\/2024\/07\/logo-carpathia_bg_white-1024x941.png","width":1024,"height":941,"caption":"Carpathia Center Romania"},"image":{"@id":"https:\/\/carpathiacenter.ro\/#\/schema\/logo\/image\/"},"sameAs":["https:\/\/www.facebook.com\/fdpscarpathia\/"]},{"@type":"Person","@id":"https:\/\/carpathiacenter.ro\/#\/schema\/person\/03d9f58202fee8379268f34afa195006","name":"creativebitsolutions","image":{"@type":"ImageObject","inLanguage":"en-GB","@id":"https:\/\/carpathiacenter.ro\/#\/schema\/person\/image\/","url":"https:\/\/secure.gravatar.com\/avatar\/1b1a13e37f847c635dab78348f1dff2f07651ee2a3d77a5c355a4b8c75f9165a?s=96&d=mm&r=g","contentUrl":"https:\/\/secure.gravatar.com\/avatar\/1b1a13e37f847c635dab78348f1dff2f07651ee2a3d77a5c355a4b8c75f9165a?s=96&d=mm&r=g","caption":"creativebitsolutions"},"url":"https:\/\/carpathiacenter.ro\/en\/author\/creativebitsolutions\/"}]}},"_links":{"self":[{"href":"https:\/\/carpathiacenter.ro\/en\/wp-json\/wp\/v2\/posts\/3073","targetHints":{"allow":["GET"]}}],"collection":[{"href":"https:\/\/carpathiacenter.ro\/en\/wp-json\/wp\/v2\/posts"}],"about":[{"href":"https:\/\/carpathiacenter.ro\/en\/wp-json\/wp\/v2\/types\/post"}],"author":[{"embeddable":true,"href":"https:\/\/carpathiacenter.ro\/en\/wp-json\/wp\/v2\/users\/4"}],"replies":[{"embeddable":true,"href":"https:\/\/carpathiacenter.ro\/en\/wp-json\/wp\/v2\/comments?post=3073"}],"version-history":[{"count":3,"href":"https:\/\/carpathiacenter.ro\/en\/wp-json\/wp\/v2\/posts\/3073\/revisions"}],"predecessor-version":[{"id":3078,"href":"https:\/\/carpathiacenter.ro\/en\/wp-json\/wp\/v2\/posts\/3073\/revisions\/3078"}],"wp:featuredmedia":[{"embeddable":true,"href":"https:\/\/carpathiacenter.ro\/en\/wp-json\/wp\/v2\/media\/2935"}],"wp:attachment":[{"href":"https:\/\/carpathiacenter.ro\/en\/wp-json\/wp\/v2\/media?parent=3073"}],"wp:term":[{"taxonomy":"category","embeddable":true,"href":"https:\/\/carpathiacenter.ro\/en\/wp-json\/wp\/v2\/categories?post=3073"},{"taxonomy":"post_tag","embeddable":true,"href":"https:\/\/carpathiacenter.ro\/en\/wp-json\/wp\/v2\/tags?post=3073"}],"curies":[{"name":"wp","href":"https:\/\/api.w.org\/{rel}","templated":true}]}}