{"id":3072,"date":"2025-09-25T05:48:51","date_gmt":"2025-09-25T05:48:51","guid":{"rendered":"https:\/\/carpathiacenter.ro\/?p=3072"},"modified":"2025-09-25T05:48:51","modified_gmt":"2025-09-25T05:48:51","slug":"afir-primeste-cereri-de-finantare-pentru-submasura-17-1-prime-de-asigurare-a-culturilor-a-animalelor-si-a-plantelor-incepand-de-joi","status":"publish","type":"post","link":"https:\/\/carpathiacenter.ro\/en\/afir-primeste-cereri-de-finantare-pentru-submasura-17-1-prime-de-asigurare-a-culturilor-a-animalelor-si-a-plantelor-incepand-de-joi\/","title":{"rendered":"AFIR prime\u0219te cereri de finan\u021bare pentru subm\u0103sura 17.1 &#8216;Prime de asigurare a culturilor, a animalelor \u0219i a plantelor&#8217;, \u00eencep\u00e2nd de joi"},"content":{"rendered":"<p>Agen\u021bia pentru Finan\u021barea Investi\u021biilor Rurale (AFIR) deschide joi sesiunea de primire a cererilor de finan\u021bare pentru subm\u0103sura 17.1 &#8216;Prime de asigurare a culturilor, a animalelor \u0219i a plantelor&#8217;, din cadrul Programului Na\u021bional de Dezvoltare Rural\u0103 2014 &#8211; 2020.<\/p>\n<p>Potrivit unui comunicat al AFIR, transmis AGERPRES, sesiunea va fi deschis\u0103 \u00een perioada 25 septembrie &#8211; 12 octombrie 2025, f\u0103r\u0103 posibilitatea de prelungire.<\/p>\n<p>Sesiunea este deschis\u0103 \u00een perioada 25 septembrie, ora 9:00 &#8211; 12 octombrie 2025, ora 16:00, f\u0103r\u0103 posibilitatea de prelungire. Aceasta va avea o alocare financiar\u0103 care se ridic\u0103 la un total de 8,8 milioane de euro (8.771.987 euro), fonduri nerambursabile disponibile pentru cererile depuse \u00een aceast\u0103 sesiune a subm\u0103surii 17.1, cu posibilitatea supliment\u0103rii acesteia \u00een func\u021bie de interesul manifestat de fermieri, dar \u00een limita sumelor realocate din PNDR.<\/p>\n<p>Potrivit AFIR, fermierii care au fost declara\u021bi eligibili pentru finan\u021bare, conform condi\u021biilor precizate \u00een Ghidul solicitantului, pot beneficia de sprijin nerambursabil reprezent\u00e2nd 70% din valoarea primei de asigurare eligibile \u0219i pl\u0103tite de ace\u0219tia. Sprijinul este aplicabil anului agricol 2024 &#8211; 2025 \u0219i se acord\u0103 at\u00e2t pentru sectorul vegetal, c\u00e2t \u0219i pentru sectorul zootehnic, acoperind poli\u021bele de asigurare care vizeaz\u0103 riscurile men\u021bionate \u00een legisla\u021bia \u00een vigoare.<\/p>\n<p>&#8216;Procedura de implementare aferent\u0103 acestei sesiuni prezint\u0103 o serie de actualiz\u0103ri, menite s\u0103 simplifice accesarea sprijinului \u0219i s\u0103 r\u0103spund\u0103 mai rapid nevoilor fermierilor. Astfel, cererea de finan\u021bare \u00eendepline\u0219te acum \u0219i rolul de cerere de plat\u0103, doar dac\u0103 respectiva cerere de finan\u021bare a fost declarat\u0103 eligibil\u0103. De asemenea, la depunerea cererii de finan\u021bare, fermierul va prezenta \u0219i dovada pl\u0103\u021bii integrale a valorii totale a primei de asigurare&#8217;, precizeaz\u0103 AFIR \u00een comunicat.<\/p>\n<p>Totodat\u0103, \u00eencep\u00e2nd cu aceast\u0103 sesiune, se va utiliza exclusiv semn\u0103tura electronic\u0103 pe toate documentele depuse de fermieri la dosarul cererii de finan\u021bare.<\/p>\n<p>Pentru completarea \u0219i depunerea cererii de finan\u021bare, to\u021bi cei interesa\u021bi au la dispozi\u021bie \u00eentregul pachet procedural ce con\u021bine Ghidul solicitantului \u0219i anexele aferente, publicat pe site-ul AFIR, Ghid \u0219i anexe &#8211; subm\u0103sura 17.1.<\/p>\n<p>Cererile de finan\u021bare se vor depune on-line acces\u00e2nd modulul de depunere disponibil prin intermediul paginii de internet www.afir.ro la adresa\u00a0<a href=\"https:\/\/afirb2cportalprod.b2clogin.com\/afirb2cportalprod.onmicrosoft.com\/b2c_1a_depunereonlinesignuporsignin\/oauth2\/v2.0\/authorize?client_id=40adc162-5526-4d73-b635-686251ef9005&amp;redirect_uri=https%3A%2F%2Fonline.afir.info&amp;response_type=code%20id_token&amp;scope=openid%20profile%20offline_access&amp;state=OpenIdConnect.AuthenticationProperties%3D-7VyoUNvEW6mvOVegiKFLDyXxh_deI-8IMH8ljCg2cISShdJFQOHpgTb3R4L4RwalvL6zpTfk18Lo-kKFLcYw0oNUnIcGWI1ulkmCYnf3wbV57z0tp8at1HGMhSVrk0ULvJKfkeOZ0bFAW3RdTyB8Za4S3TM0LbOJ5Zu5H4aGw0&amp;response_mode=form_post&amp;nonce=638943664078942930.ZTFiNjYxZTMtMzU0OC00YWIyLTkwYmQtOTFmZjgyODAwYjM2NDA2OGE3YTItMGU5ZC00N2U1LTljMTYtMDBjNTFjYTc1NmIz&amp;ui_locales=ro-RO&amp;x-client-SKU=ID_NET461&amp;x-client-ver=5.3.0.0\" target=\"_blank\" rel=\"noopener\">https:\/\/online.afir.info\/account\/login<\/a>.<\/p>\n<p>Finan\u021barea cererilor eligibile prin subm\u0103sura 17.1 &#8216;Prime de asigurare a culturilor, a animalelor \u0219i a plantelor&#8217; este asigurat\u0103 prin Programul Na\u021bional de Dezvoltare Rural\u0103 2014 &#8211; 2020, cu fonduri disponibile prin Fondul European Agricol pentru Dezvoltare Rural\u0103 (FEADR), la care se adaug\u0103 cofinan\u021barea de la Bugetul Na\u021bional al Rom\u00e2niei. AGERPRES\/(AS &#8211; redactor: Mariana Nica, editor: Andreea Marinescu, editor online: Alexandru Cojocaru)<\/p>\n<p>Sursa<\/p>\n<p>https:\/\/agerpres.ro\/economic\/2025\/09\/25\/afir-primeste-cereri-de-finantare-pentru-submasura-17-1-prime-de-asigurare-a-culturilor-a-animalelor&#8211;1487226<\/p>","protected":false},"excerpt":{"rendered":"<p>Agen\u021bia pentru Finan\u021barea Investi\u021biilor Rurale (AFIR) deschide joi sesiunea de primire a cererilor de finan\u021bare pentru subm\u0103sura 17.1 &#8216;Prime de asigurare a culturilor, a animalelor \u0219i a plantelor&#8217;, din cadrul Programului Na\u021bional de Dezvoltare Rural\u0103 2014 &#8211; 2020. Potrivit unui comunicat al AFIR, transmis AGERPRES, sesiunea va fi deschis\u0103 \u00een perioada 25 septembrie &#8211; 12&#8230;<\/p>","protected":false},"author":4,"featured_media":3074,"comment_status":"open","ping_status":"open","sticky":false,"template":"","format":"standard","meta":{"footnotes":""},"categories":[1],"tags":[],"class_list":["post-3072","post","type-post","status-publish","format-standard","has-post-thumbnail","hentry","category-uncategorized"],"yoast_head":"<!-- This site is optimized with the Yoast SEO plugin v26.1.1 - https:\/\/yoast.com\/wordpress\/plugins\/seo\/ -->\n<title>AFIR prime\u0219te cereri de finan\u021bare pentru subm\u0103sura 17.1 &#039;Prime de asigurare a culturilor, a animalelor \u0219i a plantelor&#039;, \u00eencep\u00e2nd de joi - Carpathia Center Romania<\/title>\n<meta name=\"robots\" content=\"index, follow, max-snippet:-1, max-image-preview:large, max-video-preview:-1\" \/>\n<link rel=\"canonical\" href=\"https:\/\/carpathiacenter.ro\/en\/afir-primeste-cereri-de-finantare-pentru-submasura-17-1-prime-de-asigurare-a-culturilor-a-animalelor-si-a-plantelor-incepand-de-joi\/\" \/>\n<meta property=\"og:locale\" content=\"en_GB\" \/>\n<meta property=\"og:type\" content=\"article\" \/>\n<meta property=\"og:title\" content=\"AFIR prime\u0219te cereri de finan\u021bare pentru subm\u0103sura 17.1 &#039;Prime de asigurare a culturilor, a animalelor \u0219i a plantelor&#039;, \u00eencep\u00e2nd de joi - Carpathia Center Romania\" \/>\n<meta property=\"og:description\" content=\"Agen\u021bia pentru Finan\u021barea Investi\u021biilor Rurale (AFIR) deschide joi sesiunea de primire a cererilor de finan\u021bare pentru subm\u0103sura 17.1 &#8216;Prime de asigurare a culturilor, a animalelor \u0219i a plantelor&#8217;, din cadrul Programului Na\u021bional de Dezvoltare Rural\u0103 2014 &#8211; 2020. Potrivit unui comunicat al AFIR, transmis AGERPRES, sesiunea va fi deschis\u0103 \u00een perioada 25 septembrie &#8211; 12...\" \/>\n<meta property=\"og:url\" content=\"https:\/\/carpathiacenter.ro\/en\/afir-primeste-cereri-de-finantare-pentru-submasura-17-1-prime-de-asigurare-a-culturilor-a-animalelor-si-a-plantelor-incepand-de-joi\/\" \/>\n<meta property=\"og:site_name\" content=\"Carpathia Center Romania\" \/>\n<meta property=\"article:publisher\" content=\"https:\/\/www.facebook.com\/fdpscarpathia\/\" \/>\n<meta property=\"article:published_time\" content=\"2025-09-25T05:48:51+00:00\" \/>\n<meta property=\"og:image\" content=\"https:\/\/carpathiacenter.ro\/wp-content\/uploads\/2025\/09\/Untitled.jpg\" \/>\n\t<meta property=\"og:image:width\" content=\"661\" \/>\n\t<meta property=\"og:image:height\" content=\"817\" \/>\n\t<meta property=\"og:image:type\" content=\"image\/jpeg\" \/>\n<meta name=\"author\" content=\"creativebitsolutions\" \/>\n<meta name=\"twitter:card\" content=\"summary_large_image\" \/>\n<meta name=\"twitter:label1\" content=\"Written by\" \/>\n\t<meta name=\"twitter:data1\" content=\"creativebitsolutions\" \/>\n\t<meta name=\"twitter:label2\" content=\"Estimated reading time\" \/>\n\t<meta name=\"twitter:data2\" content=\"2 minutes\" \/>\n<script type=\"application\/ld+json\" class=\"yoast-schema-graph\">{\"@context\":\"https:\/\/schema.org\",\"@graph\":[{\"@type\":\"Article\",\"@id\":\"https:\/\/carpathiacenter.ro\/afir-primeste-cereri-de-finantare-pentru-submasura-17-1-prime-de-asigurare-a-culturilor-a-animalelor-si-a-plantelor-incepand-de-joi\/#article\",\"isPartOf\":{\"@id\":\"https:\/\/carpathiacenter.ro\/afir-primeste-cereri-de-finantare-pentru-submasura-17-1-prime-de-asigurare-a-culturilor-a-animalelor-si-a-plantelor-incepand-de-joi\/\"},\"author\":{\"name\":\"creativebitsolutions\",\"@id\":\"https:\/\/carpathiacenter.ro\/#\/schema\/person\/03d9f58202fee8379268f34afa195006\"},\"headline\":\"AFIR prime\u0219te cereri de finan\u021bare pentru subm\u0103sura 17.1 &#8216;Prime de asigurare a culturilor, a animalelor \u0219i a plantelor&#8217;, \u00eencep\u00e2nd de joi\",\"datePublished\":\"2025-09-25T05:48:51+00:00\",\"mainEntityOfPage\":{\"@id\":\"https:\/\/carpathiacenter.ro\/afir-primeste-cereri-de-finantare-pentru-submasura-17-1-prime-de-asigurare-a-culturilor-a-animalelor-si-a-plantelor-incepand-de-joi\/\"},\"wordCount\":466,\"commentCount\":0,\"publisher\":{\"@id\":\"https:\/\/carpathiacenter.ro\/#organization\"},\"image\":{\"@id\":\"https:\/\/carpathiacenter.ro\/afir-primeste-cereri-de-finantare-pentru-submasura-17-1-prime-de-asigurare-a-culturilor-a-animalelor-si-a-plantelor-incepand-de-joi\/#primaryimage\"},\"thumbnailUrl\":\"https:\/\/carpathiacenter.ro\/wp-content\/uploads\/2025\/09\/Untitled.jpg\",\"articleSection\":[\"Uncategorized\"],\"inLanguage\":\"en-GB\",\"potentialAction\":[{\"@type\":\"CommentAction\",\"name\":\"Comment\",\"target\":[\"https:\/\/carpathiacenter.ro\/afir-primeste-cereri-de-finantare-pentru-submasura-17-1-prime-de-asigurare-a-culturilor-a-animalelor-si-a-plantelor-incepand-de-joi\/#respond\"]}]},{\"@type\":\"WebPage\",\"@id\":\"https:\/\/carpathiacenter.ro\/afir-primeste-cereri-de-finantare-pentru-submasura-17-1-prime-de-asigurare-a-culturilor-a-animalelor-si-a-plantelor-incepand-de-joi\/\",\"url\":\"https:\/\/carpathiacenter.ro\/afir-primeste-cereri-de-finantare-pentru-submasura-17-1-prime-de-asigurare-a-culturilor-a-animalelor-si-a-plantelor-incepand-de-joi\/\",\"name\":\"AFIR prime\u0219te cereri de finan\u021bare pentru subm\u0103sura 17.1 'Prime de asigurare a culturilor, a animalelor \u0219i a plantelor', \u00eencep\u00e2nd de joi - Carpathia Center Romania\",\"isPartOf\":{\"@id\":\"https:\/\/carpathiacenter.ro\/#website\"},\"primaryImageOfPage\":{\"@id\":\"https:\/\/carpathiacenter.ro\/afir-primeste-cereri-de-finantare-pentru-submasura-17-1-prime-de-asigurare-a-culturilor-a-animalelor-si-a-plantelor-incepand-de-joi\/#primaryimage\"},\"image\":{\"@id\":\"https:\/\/carpathiacenter.ro\/afir-primeste-cereri-de-finantare-pentru-submasura-17-1-prime-de-asigurare-a-culturilor-a-animalelor-si-a-plantelor-incepand-de-joi\/#primaryimage\"},\"thumbnailUrl\":\"https:\/\/carpathiacenter.ro\/wp-content\/uploads\/2025\/09\/Untitled.jpg\",\"datePublished\":\"2025-09-25T05:48:51+00:00\",\"breadcrumb\":{\"@id\":\"https:\/\/carpathiacenter.ro\/afir-primeste-cereri-de-finantare-pentru-submasura-17-1-prime-de-asigurare-a-culturilor-a-animalelor-si-a-plantelor-incepand-de-joi\/#breadcrumb\"},\"inLanguage\":\"en-GB\",\"potentialAction\":[{\"@type\":\"ReadAction\",\"target\":[\"https:\/\/carpathiacenter.ro\/afir-primeste-cereri-de-finantare-pentru-submasura-17-1-prime-de-asigurare-a-culturilor-a-animalelor-si-a-plantelor-incepand-de-joi\/\"]}]},{\"@type\":\"ImageObject\",\"inLanguage\":\"en-GB\",\"@id\":\"https:\/\/carpathiacenter.ro\/afir-primeste-cereri-de-finantare-pentru-submasura-17-1-prime-de-asigurare-a-culturilor-a-animalelor-si-a-plantelor-incepand-de-joi\/#primaryimage\",\"url\":\"https:\/\/carpathiacenter.ro\/wp-content\/uploads\/2025\/09\/Untitled.jpg\",\"contentUrl\":\"https:\/\/carpathiacenter.ro\/wp-content\/uploads\/2025\/09\/Untitled.jpg\",\"width\":661,\"height\":817},{\"@type\":\"BreadcrumbList\",\"@id\":\"https:\/\/carpathiacenter.ro\/afir-primeste-cereri-de-finantare-pentru-submasura-17-1-prime-de-asigurare-a-culturilor-a-animalelor-si-a-plantelor-incepand-de-joi\/#breadcrumb\",\"itemListElement\":[{\"@type\":\"ListItem\",\"position\":1,\"name\":\"Prima pagin\u0103\",\"item\":\"https:\/\/carpathiacenter.ro\/\"},{\"@type\":\"ListItem\",\"position\":2,\"name\":\"AFIR prime\u0219te cereri de finan\u021bare pentru subm\u0103sura 17.1 &#8216;Prime de asigurare a culturilor, a animalelor \u0219i a plantelor&#8217;, \u00eencep\u00e2nd de joi\"}]},{\"@type\":\"WebSite\",\"@id\":\"https:\/\/carpathiacenter.ro\/#website\",\"url\":\"https:\/\/carpathiacenter.ro\/\",\"name\":\"Carpathia Center Romania\",\"description\":\"Impossible made possible!\",\"publisher\":{\"@id\":\"https:\/\/carpathiacenter.ro\/#organization\"},\"potentialAction\":[{\"@type\":\"SearchAction\",\"target\":{\"@type\":\"EntryPoint\",\"urlTemplate\":\"https:\/\/carpathiacenter.ro\/?s={search_term_string}\"},\"query-input\":{\"@type\":\"PropertyValueSpecification\",\"valueRequired\":true,\"valueName\":\"search_term_string\"}}],\"inLanguage\":\"en-GB\"},{\"@type\":\"Organization\",\"@id\":\"https:\/\/carpathiacenter.ro\/#organization\",\"name\":\"Carpathia Center Romania\",\"url\":\"https:\/\/carpathiacenter.ro\/\",\"logo\":{\"@type\":\"ImageObject\",\"inLanguage\":\"en-GB\",\"@id\":\"https:\/\/carpathiacenter.ro\/#\/schema\/logo\/image\/\",\"url\":\"https:\/\/carpathiacenter.ro\/wp-content\/uploads\/2024\/07\/logo-carpathia_bg_white-1024x941.png\",\"contentUrl\":\"https:\/\/carpathiacenter.ro\/wp-content\/uploads\/2024\/07\/logo-carpathia_bg_white-1024x941.png\",\"width\":1024,\"height\":941,\"caption\":\"Carpathia Center Romania\"},\"image\":{\"@id\":\"https:\/\/carpathiacenter.ro\/#\/schema\/logo\/image\/\"},\"sameAs\":[\"https:\/\/www.facebook.com\/fdpscarpathia\/\"]},{\"@type\":\"Person\",\"@id\":\"https:\/\/carpathiacenter.ro\/#\/schema\/person\/03d9f58202fee8379268f34afa195006\",\"name\":\"creativebitsolutions\",\"image\":{\"@type\":\"ImageObject\",\"inLanguage\":\"en-GB\",\"@id\":\"https:\/\/carpathiacenter.ro\/#\/schema\/person\/image\/\",\"url\":\"https:\/\/secure.gravatar.com\/avatar\/1b1a13e37f847c635dab78348f1dff2f07651ee2a3d77a5c355a4b8c75f9165a?s=96&d=mm&r=g\",\"contentUrl\":\"https:\/\/secure.gravatar.com\/avatar\/1b1a13e37f847c635dab78348f1dff2f07651ee2a3d77a5c355a4b8c75f9165a?s=96&d=mm&r=g\",\"caption\":\"creativebitsolutions\"},\"url\":\"https:\/\/carpathiacenter.ro\/en\/author\/creativebitsolutions\/\"}]}<\/script>\n<!-- \/ Yoast SEO plugin. -->","yoast_head_json":{"title":"AFIR prime\u0219te cereri de finan\u021bare pentru subm\u0103sura 17.1 'Prime de asigurare a culturilor, a animalelor \u0219i a plantelor', \u00eencep\u00e2nd de joi - Carpathia Center Romania","robots":{"index":"index","follow":"follow","max-snippet":"max-snippet:-1","max-image-preview":"max-image-preview:large","max-video-preview":"max-video-preview:-1"},"canonical":"https:\/\/carpathiacenter.ro\/en\/afir-primeste-cereri-de-finantare-pentru-submasura-17-1-prime-de-asigurare-a-culturilor-a-animalelor-si-a-plantelor-incepand-de-joi\/","og_locale":"en_GB","og_type":"article","og_title":"AFIR prime\u0219te cereri de finan\u021bare pentru subm\u0103sura 17.1 'Prime de asigurare a culturilor, a animalelor \u0219i a plantelor', \u00eencep\u00e2nd de joi - Carpathia Center Romania","og_description":"Agen\u021bia pentru Finan\u021barea Investi\u021biilor Rurale (AFIR) deschide joi sesiunea de primire a cererilor de finan\u021bare pentru subm\u0103sura 17.1 &#8216;Prime de asigurare a culturilor, a animalelor \u0219i a plantelor&#8217;, din cadrul Programului Na\u021bional de Dezvoltare Rural\u0103 2014 &#8211; 2020. Potrivit unui comunicat al AFIR, transmis AGERPRES, sesiunea va fi deschis\u0103 \u00een perioada 25 septembrie &#8211; 12...","og_url":"https:\/\/carpathiacenter.ro\/en\/afir-primeste-cereri-de-finantare-pentru-submasura-17-1-prime-de-asigurare-a-culturilor-a-animalelor-si-a-plantelor-incepand-de-joi\/","og_site_name":"Carpathia Center Romania","article_publisher":"https:\/\/www.facebook.com\/fdpscarpathia\/","article_published_time":"2025-09-25T05:48:51+00:00","og_image":[{"width":661,"height":817,"url":"https:\/\/carpathiacenter.ro\/wp-content\/uploads\/2025\/09\/Untitled.jpg","type":"image\/jpeg"}],"author":"creativebitsolutions","twitter_card":"summary_large_image","twitter_misc":{"Written by":"creativebitsolutions","Estimated reading time":"2 minutes"},"schema":{"@context":"https:\/\/schema.org","@graph":[{"@type":"Article","@id":"https:\/\/carpathiacenter.ro\/afir-primeste-cereri-de-finantare-pentru-submasura-17-1-prime-de-asigurare-a-culturilor-a-animalelor-si-a-plantelor-incepand-de-joi\/#article","isPartOf":{"@id":"https:\/\/carpathiacenter.ro\/afir-primeste-cereri-de-finantare-pentru-submasura-17-1-prime-de-asigurare-a-culturilor-a-animalelor-si-a-plantelor-incepand-de-joi\/"},"author":{"name":"creativebitsolutions","@id":"https:\/\/carpathiacenter.ro\/#\/schema\/person\/03d9f58202fee8379268f34afa195006"},"headline":"AFIR prime\u0219te cereri de finan\u021bare pentru subm\u0103sura 17.1 &#8216;Prime de asigurare a culturilor, a animalelor \u0219i a plantelor&#8217;, \u00eencep\u00e2nd de joi","datePublished":"2025-09-25T05:48:51+00:00","mainEntityOfPage":{"@id":"https:\/\/carpathiacenter.ro\/afir-primeste-cereri-de-finantare-pentru-submasura-17-1-prime-de-asigurare-a-culturilor-a-animalelor-si-a-plantelor-incepand-de-joi\/"},"wordCount":466,"commentCount":0,"publisher":{"@id":"https:\/\/carpathiacenter.ro\/#organization"},"image":{"@id":"https:\/\/carpathiacenter.ro\/afir-primeste-cereri-de-finantare-pentru-submasura-17-1-prime-de-asigurare-a-culturilor-a-animalelor-si-a-plantelor-incepand-de-joi\/#primaryimage"},"thumbnailUrl":"https:\/\/carpathiacenter.ro\/wp-content\/uploads\/2025\/09\/Untitled.jpg","articleSection":["Uncategorized"],"inLanguage":"en-GB","potentialAction":[{"@type":"CommentAction","name":"Comment","target":["https:\/\/carpathiacenter.ro\/afir-primeste-cereri-de-finantare-pentru-submasura-17-1-prime-de-asigurare-a-culturilor-a-animalelor-si-a-plantelor-incepand-de-joi\/#respond"]}]},{"@type":"WebPage","@id":"https:\/\/carpathiacenter.ro\/afir-primeste-cereri-de-finantare-pentru-submasura-17-1-prime-de-asigurare-a-culturilor-a-animalelor-si-a-plantelor-incepand-de-joi\/","url":"https:\/\/carpathiacenter.ro\/afir-primeste-cereri-de-finantare-pentru-submasura-17-1-prime-de-asigurare-a-culturilor-a-animalelor-si-a-plantelor-incepand-de-joi\/","name":"AFIR prime\u0219te cereri de finan\u021bare pentru subm\u0103sura 17.1 'Prime de asigurare a culturilor, a animalelor \u0219i a plantelor', \u00eencep\u00e2nd de joi - Carpathia Center Romania","isPartOf":{"@id":"https:\/\/carpathiacenter.ro\/#website"},"primaryImageOfPage":{"@id":"https:\/\/carpathiacenter.ro\/afir-primeste-cereri-de-finantare-pentru-submasura-17-1-prime-de-asigurare-a-culturilor-a-animalelor-si-a-plantelor-incepand-de-joi\/#primaryimage"},"image":{"@id":"https:\/\/carpathiacenter.ro\/afir-primeste-cereri-de-finantare-pentru-submasura-17-1-prime-de-asigurare-a-culturilor-a-animalelor-si-a-plantelor-incepand-de-joi\/#primaryimage"},"thumbnailUrl":"https:\/\/carpathiacenter.ro\/wp-content\/uploads\/2025\/09\/Untitled.jpg","datePublished":"2025-09-25T05:48:51+00:00","breadcrumb":{"@id":"https:\/\/carpathiacenter.ro\/afir-primeste-cereri-de-finantare-pentru-submasura-17-1-prime-de-asigurare-a-culturilor-a-animalelor-si-a-plantelor-incepand-de-joi\/#breadcrumb"},"inLanguage":"en-GB","potentialAction":[{"@type":"ReadAction","target":["https:\/\/carpathiacenter.ro\/afir-primeste-cereri-de-finantare-pentru-submasura-17-1-prime-de-asigurare-a-culturilor-a-animalelor-si-a-plantelor-incepand-de-joi\/"]}]},{"@type":"ImageObject","inLanguage":"en-GB","@id":"https:\/\/carpathiacenter.ro\/afir-primeste-cereri-de-finantare-pentru-submasura-17-1-prime-de-asigurare-a-culturilor-a-animalelor-si-a-plantelor-incepand-de-joi\/#primaryimage","url":"https:\/\/carpathiacenter.ro\/wp-content\/uploads\/2025\/09\/Untitled.jpg","contentUrl":"https:\/\/carpathiacenter.ro\/wp-content\/uploads\/2025\/09\/Untitled.jpg","width":661,"height":817},{"@type":"BreadcrumbList","@id":"https:\/\/carpathiacenter.ro\/afir-primeste-cereri-de-finantare-pentru-submasura-17-1-prime-de-asigurare-a-culturilor-a-animalelor-si-a-plantelor-incepand-de-joi\/#breadcrumb","itemListElement":[{"@type":"ListItem","position":1,"name":"Prima pagin\u0103","item":"https:\/\/carpathiacenter.ro\/"},{"@type":"ListItem","position":2,"name":"AFIR prime\u0219te cereri de finan\u021bare pentru subm\u0103sura 17.1 &#8216;Prime de asigurare a culturilor, a animalelor \u0219i a plantelor&#8217;, \u00eencep\u00e2nd de joi"}]},{"@type":"WebSite","@id":"https:\/\/carpathiacenter.ro\/#website","url":"https:\/\/carpathiacenter.ro\/","name":"Carpathia Center Romania","description":"Impossible made possible!","publisher":{"@id":"https:\/\/carpathiacenter.ro\/#organization"},"potentialAction":[{"@type":"SearchAction","target":{"@type":"EntryPoint","urlTemplate":"https:\/\/carpathiacenter.ro\/?s={search_term_string}"},"query-input":{"@type":"PropertyValueSpecification","valueRequired":true,"valueName":"search_term_string"}}],"inLanguage":"en-GB"},{"@type":"Organization","@id":"https:\/\/carpathiacenter.ro\/#organization","name":"Carpathia Center Romania","url":"https:\/\/carpathiacenter.ro\/","logo":{"@type":"ImageObject","inLanguage":"en-GB","@id":"https:\/\/carpathiacenter.ro\/#\/schema\/logo\/image\/","url":"https:\/\/carpathiacenter.ro\/wp-content\/uploads\/2024\/07\/logo-carpathia_bg_white-1024x941.png","contentUrl":"https:\/\/carpathiacenter.ro\/wp-content\/uploads\/2024\/07\/logo-carpathia_bg_white-1024x941.png","width":1024,"height":941,"caption":"Carpathia Center Romania"},"image":{"@id":"https:\/\/carpathiacenter.ro\/#\/schema\/logo\/image\/"},"sameAs":["https:\/\/www.facebook.com\/fdpscarpathia\/"]},{"@type":"Person","@id":"https:\/\/carpathiacenter.ro\/#\/schema\/person\/03d9f58202fee8379268f34afa195006","name":"creativebitsolutions","image":{"@type":"ImageObject","inLanguage":"en-GB","@id":"https:\/\/carpathiacenter.ro\/#\/schema\/person\/image\/","url":"https:\/\/secure.gravatar.com\/avatar\/1b1a13e37f847c635dab78348f1dff2f07651ee2a3d77a5c355a4b8c75f9165a?s=96&d=mm&r=g","contentUrl":"https:\/\/secure.gravatar.com\/avatar\/1b1a13e37f847c635dab78348f1dff2f07651ee2a3d77a5c355a4b8c75f9165a?s=96&d=mm&r=g","caption":"creativebitsolutions"},"url":"https:\/\/carpathiacenter.ro\/en\/author\/creativebitsolutions\/"}]}},"_links":{"self":[{"href":"https:\/\/carpathiacenter.ro\/en\/wp-json\/wp\/v2\/posts\/3072","targetHints":{"allow":["GET"]}}],"collection":[{"href":"https:\/\/carpathiacenter.ro\/en\/wp-json\/wp\/v2\/posts"}],"about":[{"href":"https:\/\/carpathiacenter.ro\/en\/wp-json\/wp\/v2\/types\/post"}],"author":[{"embeddable":true,"href":"https:\/\/carpathiacenter.ro\/en\/wp-json\/wp\/v2\/users\/4"}],"replies":[{"embeddable":true,"href":"https:\/\/carpathiacenter.ro\/en\/wp-json\/wp\/v2\/comments?post=3072"}],"version-history":[{"count":1,"href":"https:\/\/carpathiacenter.ro\/en\/wp-json\/wp\/v2\/posts\/3072\/revisions"}],"predecessor-version":[{"id":3075,"href":"https:\/\/carpathiacenter.ro\/en\/wp-json\/wp\/v2\/posts\/3072\/revisions\/3075"}],"wp:featuredmedia":[{"embeddable":true,"href":"https:\/\/carpathiacenter.ro\/en\/wp-json\/wp\/v2\/media\/3074"}],"wp:attachment":[{"href":"https:\/\/carpathiacenter.ro\/en\/wp-json\/wp\/v2\/media?parent=3072"}],"wp:term":[{"taxonomy":"category","embeddable":true,"href":"https:\/\/carpathiacenter.ro\/en\/wp-json\/wp\/v2\/categories?post=3072"},{"taxonomy":"post_tag","embeddable":true,"href":"https:\/\/carpathiacenter.ro\/en\/wp-json\/wp\/v2\/tags?post=3072"}],"curies":[{"name":"wp","href":"https:\/\/api.w.org\/{rel}","templated":true}]}}